{"id":159205,"date":"2021-08-26T18:58:06","date_gmt":"2021-08-26T21:58:06","guid":{"rendered":"https:\/\/diariotextual.com\/inicio\/?p=159205"},"modified":"2021-08-26T20:45:28","modified_gmt":"2021-08-26T23:45:28","slug":"berhongaray-ningun-haber-jubilatorio-puede-ser-inferior-a-la-canasta-basica-de-los-jubilados-y-pensionados","status":"publish","type":"post","link":"https:\/\/diariotextual.com\/inicio\/index.php\/2021\/08\/26\/berhongaray-ningun-haber-jubilatorio-puede-ser-inferior-a-la-canasta-basica-de-los-jubilados-y-pensionados\/","title":{"rendered":"Berhongaray: \u201cNing\u00fan haber jubilatorio puede ser inferior a la canasta b\u00e1sica de los jubilados y pensionados\u201d"},"content":{"rendered":"\n<p>El diputado nacional <strong>Mart\u00edn Berhongaray <\/strong>(Juntos por el Cambio, La Pampa) present\u00f3 un proyecto que<strong> propone fijar, a partir del mensual enero de 2024, un haber m\u00ednimo de las jubilaciones -ordinaria y prestaci\u00f3n por edad avanzada-, de los retiros por invalidez y de las pensiones por fallecimiento equivalente al valor de la Canasta B\u00e1sica de Jubilados y Pensionados<\/strong> a ser calculada trimestralmente por el Instituto Nacional de Estad\u00edstica y Censos (INDEC).\u00a0<\/p>\n\n\n\n<p>Adem\u00e1s, propone que el Poder Ejecutivo nacional articule un mecanismo que conlleve a alcanzar, de manera gradual, la meta establecida. \u201cSe debe comenzar el ejercicio presupuestario 2022 con un haber m\u00ednimo de las jubilaciones y pensiones igual o superior al cincuenta por ciento (50 %) de la Canasta B\u00e1sica de Jubilados y Pensionados, y el ejercicio presupuestario 2023 respetando un piso del setenta y cinco por ciento (75 %) de la misma.\u00a0 Todo ello sin perjuicio del adicional del plus por zona patag\u00f3nica en las provincias en las que se implementa\u201d, dijo.<\/p>\n\n\n\n<p>Hay que tener presente que desde hace por lo menos 10 a\u00f1os que se comenz\u00f3 a elaborar el c\u00e1lculo de la Canasta B\u00e1sica del Jubilado por la Defensor\u00eda de la Tercera Edad, los haberes jubilatorios iniciales no alcanzan a cubrir el 40 % de ella. \u201cEso es inaceptable\u201d, consider\u00f3.<\/p>\n\n\n\n<p>Puesto en n\u00fameros, <strong>mientras en abril de 2021 el valor de la Canasta B\u00e1sica del Jubilado y Pensionado se ubicaba en $ 64.039, los haberes m\u00ednimos previsionales alcanzan montos muy inferiores de $23.064,70 (haber bruto) para el periodo Junio\/21-Agosto\/21, y de $25.922,41 para el per\u00edodo Septiembre\/21-Noviembre\/21.<\/strong> \u00abSi bien en La Pampa se debe adicionar un 40 % por el Plus Patag\u00f3nico, a\u00fan con ese incremento, el haber inicial queda muy por debajo de las necesidades econ\u00f3micas m\u00ednimas y b\u00e1sicas que debe afrontar una jubilada o jubilado para su sustento y recreaci\u00f3n (alimentaci\u00f3n, medicamentos, vivienda, vestimenta, etc.) \u00ab, dijo.<\/p>\n\n\n\n<p>\u201cSi bien en Argentina existe una canasta b\u00e1sica alimentaria que se valoriza mensualmente para medir pobreza por insuficiencia de ingresos, su c\u00e1lculo no contempla ni adecuada ni espec\u00edficamente los requerimientos particulares de las personas mayores\u201d, dijo el legislador. \u201c<strong>La Canasta de los Jubilados confeccionada por la Defensor\u00eda de la Tercera Edad de la Ciudad de Buenos Aires constituye en la actualidad la \u00fanica referencia relativa al costo de vida que afronta esa franja etaria dada la inexistencia de estad\u00edsticas nacionales oficiales que permitan conocer la magnitud de los ingresos m\u00ednimos que deber\u00edan percibir<\/strong>\u201d.<\/p>\n\n\n\n<p>\u201cLa<strong> vulnerabilidad social<\/strong> a la que queda expuesta la poblaci\u00f3n envejecida determina que cobre relevancia el dise\u00f1o de una canasta b\u00e1sica adaptada a sus necesidades, como herramienta esencial para evaluar en qu\u00e9 medida logran satisfacer sus requerimientos en materia de alimentaci\u00f3n, vivienda, servicios de salud, vestimenta, transporte, recreaci\u00f3n, entre otros. Tras estimar el costo de vida de las personas mayores deben evaluarse metodol\u00f3gicamente criterios que permitan actualizar, peri\u00f3dicamente, el nivel de las prestaciones previsionales\u201d, expres\u00f3.<\/p>\n\n\n\n<p>El nuevo esquema de resignificaci\u00f3n de los haberes jubilatorios hasta alcanzar la Canasta B\u00e1sica del Jubilado que propone el proyecto que presentamos, debe ir acompa\u00f1ado de un mecanismo de actualizaci\u00f3n trimestral a cargo del Instituto Nacional de Estad\u00edstica y Censos (Indec), a partir de un Equipo T\u00e9cnico conformado por un conjunto especialistas que ya revisten en el Indec, adem\u00e1s de representantes de asociaciones de trabajadores y representantes de asociaciones de jubilados, manifest\u00f3.<\/p>\n\n\n\n<p>\u201cEsta iniciativa, que apunta a recuperar el poder adquisitivo de las jubilaciones inferiores a la CBJP,&nbsp; no reemplaza de manera alguna la necesidad de continuar trabajando en la hist\u00f3rica b\u00fasqueda tendiente a que todas las jubilaciones recobren su car\u00e1cter de salario diferido, tal como lo ha planteado la justicia desde hace muchos a\u00f1os. Para ello es necesario trabajar en futuras medidas dirigidas a la recomposici\u00f3n de haberes de toda la escala de beneficiarios\u201d, sostuvo.<\/p>\n","protected":false},"excerpt":{"rendered":"<p>El diputado nacional Mart\u00edn Berhongaray (Juntos por el Cambio, La Pampa) present\u00f3 un proyecto que propone fijar, a partir del mensual enero de 2024, un haber m\u00ednimo de las jubilaciones&hellip;<\/p>\n","protected":false},"author":3,"featured_media":139260,"comment_status":"closed","ping_status":"open","sticky":false,"template":"","format":"standard","meta":{"_acf_changed":false,"footnotes":""},"categories":[10,12],"tags":[246,1092],"class_list":["post-159205","post","type-post","status-publish","format-standard","has-post-thumbnail","hentry","category-portada-2","category-sociedad","tag-berhongaray","tag-jubilados"],"acf":[],"yoast_head":"<!-- This site is optimized with the Yoast SEO plugin v27.5 - https:\/\/yoast.com\/product\/yoast-seo-wordpress\/ -->\n<title>Berhongaray: \u201cNing\u00fan haber jubilatorio puede ser inferior a la canasta b\u00e1sica de los jubilados y pensionados\u201d - Diario Textual<\/title>\n<meta name=\"robots\" content=\"index, follow, max-snippet:-1, max-image-preview:large, max-video-preview:-1\" \/>\n<link rel=\"canonical\" href=\"https:\/\/diariotextual.com\/inicio\/index.php\/2021\/08\/26\/berhongaray-ningun-haber-jubilatorio-puede-ser-inferior-a-la-canasta-basica-de-los-jubilados-y-pensionados\/\" \/>\n<meta property=\"og:locale\" content=\"es_ES\" \/>\n<meta property=\"og:type\" content=\"article\" \/>\n<meta property=\"og:title\" content=\"Berhongaray: \u201cNing\u00fan haber jubilatorio puede ser inferior a la canasta b\u00e1sica de los jubilados y pensionados\u201d - Diario Textual\" \/>\n<meta property=\"og:description\" content=\"El diputado nacional Mart\u00edn Berhongaray (Juntos por el Cambio, La Pampa) present\u00f3 un proyecto que propone fijar, a partir del mensual enero de 2024, un haber m\u00ednimo de las jubilaciones&hellip;\" \/>\n<meta property=\"og:url\" content=\"https:\/\/diariotextual.com\/inicio\/index.php\/2021\/08\/26\/berhongaray-ningun-haber-jubilatorio-puede-ser-inferior-a-la-canasta-basica-de-los-jubilados-y-pensionados\/\" \/>\n<meta property=\"og:site_name\" content=\"Diario Textual\" \/>\n<meta property=\"article:publisher\" content=\"https:\/\/www.facebook.com\/eltextual\" \/>\n<meta property=\"article:published_time\" content=\"2021-08-26T21:58:06+00:00\" \/>\n<meta property=\"article:modified_time\" content=\"2021-08-26T23:45:28+00:00\" \/>\n<meta property=\"og:image\" content=\"https:\/\/diariotextual.com\/inicio\/wp-content\/uploads\/2021\/03\/berhongaraymartin2021-01.jpeg\" \/>\n\t<meta property=\"og:image:width\" content=\"680\" \/>\n\t<meta property=\"og:image:height\" content=\"453\" \/>\n\t<meta property=\"og:image:type\" content=\"image\/jpeg\" \/>\n<meta name=\"author\" content=\"Diario1 Diario1\" \/>\n<meta name=\"twitter:card\" content=\"summary_large_image\" \/>\n<meta name=\"twitter:creator\" content=\"@eltextual\" \/>\n<meta name=\"twitter:site\" content=\"@eltextual\" \/>\n<meta name=\"twitter:label1\" content=\"Escrito por\" \/>\n\t<meta name=\"twitter:data1\" content=\"Diario1 Diario1\" \/>\n\t<meta name=\"twitter:label2\" content=\"Tiempo de lectura\" \/>\n\t<meta name=\"twitter:data2\" content=\"3 minutos\" \/>\n<script type=\"application\/ld+json\" class=\"yoast-schema-graph\">{\"@context\":\"https:\\\/\\\/schema.org\",\"@graph\":[{\"@type\":\"Article\",\"@id\":\"https:\\\/\\\/diariotextual.com\\\/inicio\\\/index.php\\\/2021\\\/08\\\/26\\\/berhongaray-ningun-haber-jubilatorio-puede-ser-inferior-a-la-canasta-basica-de-los-jubilados-y-pensionados\\\/#article\",\"isPartOf\":{\"@id\":\"https:\\\/\\\/diariotextual.com\\\/inicio\\\/index.php\\\/2021\\\/08\\\/26\\\/berhongaray-ningun-haber-jubilatorio-puede-ser-inferior-a-la-canasta-basica-de-los-jubilados-y-pensionados\\\/\"},\"author\":{\"name\":\"Diario1 Diario1\",\"@id\":\"https:\\\/\\\/diariotextual.com\\\/inicio\\\/#\\\/schema\\\/person\\\/418fc4093c33e86ed41562db3508f958\"},\"headline\":\"Berhongaray: \u201cNing\u00fan haber jubilatorio puede ser inferior a la canasta b\u00e1sica de los jubilados y pensionados\u201d\",\"datePublished\":\"2021-08-26T21:58:06+00:00\",\"dateModified\":\"2021-08-26T23:45:28+00:00\",\"mainEntityOfPage\":{\"@id\":\"https:\\\/\\\/diariotextual.com\\\/inicio\\\/index.php\\\/2021\\\/08\\\/26\\\/berhongaray-ningun-haber-jubilatorio-puede-ser-inferior-a-la-canasta-basica-de-los-jubilados-y-pensionados\\\/\"},\"wordCount\":677,\"publisher\":{\"@id\":\"https:\\\/\\\/diariotextual.com\\\/inicio\\\/#organization\"},\"image\":{\"@id\":\"https:\\\/\\\/diariotextual.com\\\/inicio\\\/index.php\\\/2021\\\/08\\\/26\\\/berhongaray-ningun-haber-jubilatorio-puede-ser-inferior-a-la-canasta-basica-de-los-jubilados-y-pensionados\\\/#primaryimage\"},\"thumbnailUrl\":\"https:\\\/\\\/diariotextual.com\\\/inicio\\\/wp-content\\\/uploads\\\/2021\\\/03\\\/berhongaraymartin2021-01.jpeg\",\"keywords\":[\"berhongaray\",\"jubilados\"],\"articleSection\":[\"A - PORTADA2\",\"SOCIEDAD\"],\"inLanguage\":\"es\"},{\"@type\":\"WebPage\",\"@id\":\"https:\\\/\\\/diariotextual.com\\\/inicio\\\/index.php\\\/2021\\\/08\\\/26\\\/berhongaray-ningun-haber-jubilatorio-puede-ser-inferior-a-la-canasta-basica-de-los-jubilados-y-pensionados\\\/\",\"url\":\"https:\\\/\\\/diariotextual.com\\\/inicio\\\/index.php\\\/2021\\\/08\\\/26\\\/berhongaray-ningun-haber-jubilatorio-puede-ser-inferior-a-la-canasta-basica-de-los-jubilados-y-pensionados\\\/\",\"name\":\"Berhongaray: \u201cNing\u00fan haber jubilatorio puede ser inferior a la canasta b\u00e1sica de los jubilados y pensionados\u201d - Diario Textual\",\"isPartOf\":{\"@id\":\"https:\\\/\\\/diariotextual.com\\\/inicio\\\/#website\"},\"primaryImageOfPage\":{\"@id\":\"https:\\\/\\\/diariotextual.com\\\/inicio\\\/index.php\\\/2021\\\/08\\\/26\\\/berhongaray-ningun-haber-jubilatorio-puede-ser-inferior-a-la-canasta-basica-de-los-jubilados-y-pensionados\\\/#primaryimage\"},\"image\":{\"@id\":\"https:\\\/\\\/diariotextual.com\\\/inicio\\\/index.php\\\/2021\\\/08\\\/26\\\/berhongaray-ningun-haber-jubilatorio-puede-ser-inferior-a-la-canasta-basica-de-los-jubilados-y-pensionados\\\/#primaryimage\"},\"thumbnailUrl\":\"https:\\\/\\\/diariotextual.com\\\/inicio\\\/wp-content\\\/uploads\\\/2021\\\/03\\\/berhongaraymartin2021-01.jpeg\",\"datePublished\":\"2021-08-26T21:58:06+00:00\",\"dateModified\":\"2021-08-26T23:45:28+00:00\",\"breadcrumb\":{\"@id\":\"https:\\\/\\\/diariotextual.com\\\/inicio\\\/index.php\\\/2021\\\/08\\\/26\\\/berhongaray-ningun-haber-jubilatorio-puede-ser-inferior-a-la-canasta-basica-de-los-jubilados-y-pensionados\\\/#breadcrumb\"},\"inLanguage\":\"es\",\"potentialAction\":[{\"@type\":\"ReadAction\",\"target\":[\"https:\\\/\\\/diariotextual.com\\\/inicio\\\/index.php\\\/2021\\\/08\\\/26\\\/berhongaray-ningun-haber-jubilatorio-puede-ser-inferior-a-la-canasta-basica-de-los-jubilados-y-pensionados\\\/\"]}]},{\"@type\":\"ImageObject\",\"inLanguage\":\"es\",\"@id\":\"https:\\\/\\\/diariotextual.com\\\/inicio\\\/index.php\\\/2021\\\/08\\\/26\\\/berhongaray-ningun-haber-jubilatorio-puede-ser-inferior-a-la-canasta-basica-de-los-jubilados-y-pensionados\\\/#primaryimage\",\"url\":\"https:\\\/\\\/diariotextual.com\\\/inicio\\\/wp-content\\\/uploads\\\/2021\\\/03\\\/berhongaraymartin2021-01.jpeg\",\"contentUrl\":\"https:\\\/\\\/diariotextual.com\\\/inicio\\\/wp-content\\\/uploads\\\/2021\\\/03\\\/berhongaraymartin2021-01.jpeg\",\"width\":680,\"height\":453},{\"@type\":\"BreadcrumbList\",\"@id\":\"https:\\\/\\\/diariotextual.com\\\/inicio\\\/index.php\\\/2021\\\/08\\\/26\\\/berhongaray-ningun-haber-jubilatorio-puede-ser-inferior-a-la-canasta-basica-de-los-jubilados-y-pensionados\\\/#breadcrumb\",\"itemListElement\":[{\"@type\":\"ListItem\",\"position\":1,\"name\":\"Portada\",\"item\":\"https:\\\/\\\/diariotextual.com\\\/inicio\\\/\"},{\"@type\":\"ListItem\",\"position\":2,\"name\":\"Berhongaray: \u201cNing\u00fan haber jubilatorio puede ser inferior a la canasta b\u00e1sica de los jubilados y pensionados\u201d\"}]},{\"@type\":\"WebSite\",\"@id\":\"https:\\\/\\\/diariotextual.com\\\/inicio\\\/#website\",\"url\":\"https:\\\/\\\/diariotextual.com\\\/inicio\\\/\",\"name\":\"Diario Textual\",\"description\":\"\",\"publisher\":{\"@id\":\"https:\\\/\\\/diariotextual.com\\\/inicio\\\/#organization\"},\"potentialAction\":[{\"@type\":\"SearchAction\",\"target\":{\"@type\":\"EntryPoint\",\"urlTemplate\":\"https:\\\/\\\/diariotextual.com\\\/inicio\\\/?s={search_term_string}\"},\"query-input\":{\"@type\":\"PropertyValueSpecification\",\"valueRequired\":true,\"valueName\":\"search_term_string\"}}],\"inLanguage\":\"es\"},{\"@type\":\"Organization\",\"@id\":\"https:\\\/\\\/diariotextual.com\\\/inicio\\\/#organization\",\"name\":\"Diario Textual\",\"url\":\"https:\\\/\\\/diariotextual.com\\\/inicio\\\/\",\"logo\":{\"@type\":\"ImageObject\",\"inLanguage\":\"es\",\"@id\":\"https:\\\/\\\/diariotextual.com\\\/inicio\\\/#\\\/schema\\\/logo\\\/image\\\/\",\"url\":\"https:\\\/\\\/diariotextual.com\\\/inicio\\\/wp-content\\\/uploads\\\/2023\\\/05\\\/logotextual1.jpg\",\"contentUrl\":\"https:\\\/\\\/diariotextual.com\\\/inicio\\\/wp-content\\\/uploads\\\/2023\\\/05\\\/logotextual1.jpg\",\"width\":516,\"height\":76,\"caption\":\"Diario Textual\"},\"image\":{\"@id\":\"https:\\\/\\\/diariotextual.com\\\/inicio\\\/#\\\/schema\\\/logo\\\/image\\\/\"},\"sameAs\":[\"https:\\\/\\\/www.facebook.com\\\/eltextual\",\"https:\\\/\\\/x.com\\\/eltextual\",\"http:\\\/\\\/www.instagram.com\\\/eltextual\"]},{\"@type\":\"Person\",\"@id\":\"https:\\\/\\\/diariotextual.com\\\/inicio\\\/#\\\/schema\\\/person\\\/418fc4093c33e86ed41562db3508f958\",\"name\":\"Diario1 Diario1\",\"image\":{\"@type\":\"ImageObject\",\"inLanguage\":\"es\",\"@id\":\"https:\\\/\\\/secure.gravatar.com\\\/avatar\\\/9167d280179c85bc18be67aa7eda765854300033af4896dd779b608640f2ef7a?s=96&d=mm&r=g\",\"url\":\"https:\\\/\\\/secure.gravatar.com\\\/avatar\\\/9167d280179c85bc18be67aa7eda765854300033af4896dd779b608640f2ef7a?s=96&d=mm&r=g\",\"contentUrl\":\"https:\\\/\\\/secure.gravatar.com\\\/avatar\\\/9167d280179c85bc18be67aa7eda765854300033af4896dd779b608640f2ef7a?s=96&d=mm&r=g\",\"caption\":\"Diario1 Diario1\"},\"url\":\"https:\\\/\\\/diariotextual.com\\\/inicio\\\/index.php\\\/author\\\/diario1\\\/\"}]}<\/script>\n<!-- \/ Yoast SEO plugin. -->","yoast_head_json":{"title":"Berhongaray: \u201cNing\u00fan haber jubilatorio puede ser inferior a la canasta b\u00e1sica de los jubilados y pensionados\u201d - Diario Textual","robots":{"index":"index","follow":"follow","max-snippet":"max-snippet:-1","max-image-preview":"max-image-preview:large","max-video-preview":"max-video-preview:-1"},"canonical":"https:\/\/diariotextual.com\/inicio\/index.php\/2021\/08\/26\/berhongaray-ningun-haber-jubilatorio-puede-ser-inferior-a-la-canasta-basica-de-los-jubilados-y-pensionados\/","og_locale":"es_ES","og_type":"article","og_title":"Berhongaray: \u201cNing\u00fan haber jubilatorio puede ser inferior a la canasta b\u00e1sica de los jubilados y pensionados\u201d - Diario Textual","og_description":"El diputado nacional Mart\u00edn Berhongaray (Juntos por el Cambio, La Pampa) present\u00f3 un proyecto que propone fijar, a partir del mensual enero de 2024, un haber m\u00ednimo de las jubilaciones&hellip;","og_url":"https:\/\/diariotextual.com\/inicio\/index.php\/2021\/08\/26\/berhongaray-ningun-haber-jubilatorio-puede-ser-inferior-a-la-canasta-basica-de-los-jubilados-y-pensionados\/","og_site_name":"Diario Textual","article_publisher":"https:\/\/www.facebook.com\/eltextual","article_published_time":"2021-08-26T21:58:06+00:00","article_modified_time":"2021-08-26T23:45:28+00:00","og_image":[{"width":680,"height":453,"url":"https:\/\/diariotextual.com\/inicio\/wp-content\/uploads\/2021\/03\/berhongaraymartin2021-01.jpeg","type":"image\/jpeg"}],"author":"Diario1 Diario1","twitter_card":"summary_large_image","twitter_creator":"@eltextual","twitter_site":"@eltextual","twitter_misc":{"Escrito por":"Diario1 Diario1","Tiempo de lectura":"3 minutos"},"schema":{"@context":"https:\/\/schema.org","@graph":[{"@type":"Article","@id":"https:\/\/diariotextual.com\/inicio\/index.php\/2021\/08\/26\/berhongaray-ningun-haber-jubilatorio-puede-ser-inferior-a-la-canasta-basica-de-los-jubilados-y-pensionados\/#article","isPartOf":{"@id":"https:\/\/diariotextual.com\/inicio\/index.php\/2021\/08\/26\/berhongaray-ningun-haber-jubilatorio-puede-ser-inferior-a-la-canasta-basica-de-los-jubilados-y-pensionados\/"},"author":{"name":"Diario1 Diario1","@id":"https:\/\/diariotextual.com\/inicio\/#\/schema\/person\/418fc4093c33e86ed41562db3508f958"},"headline":"Berhongaray: \u201cNing\u00fan haber jubilatorio puede ser inferior a la canasta b\u00e1sica de los jubilados y pensionados\u201d","datePublished":"2021-08-26T21:58:06+00:00","dateModified":"2021-08-26T23:45:28+00:00","mainEntityOfPage":{"@id":"https:\/\/diariotextual.com\/inicio\/index.php\/2021\/08\/26\/berhongaray-ningun-haber-jubilatorio-puede-ser-inferior-a-la-canasta-basica-de-los-jubilados-y-pensionados\/"},"wordCount":677,"publisher":{"@id":"https:\/\/diariotextual.com\/inicio\/#organization"},"image":{"@id":"https:\/\/diariotextual.com\/inicio\/index.php\/2021\/08\/26\/berhongaray-ningun-haber-jubilatorio-puede-ser-inferior-a-la-canasta-basica-de-los-jubilados-y-pensionados\/#primaryimage"},"thumbnailUrl":"https:\/\/diariotextual.com\/inicio\/wp-content\/uploads\/2021\/03\/berhongaraymartin2021-01.jpeg","keywords":["berhongaray","jubilados"],"articleSection":["A - PORTADA2","SOCIEDAD"],"inLanguage":"es"},{"@type":"WebPage","@id":"https:\/\/diariotextual.com\/inicio\/index.php\/2021\/08\/26\/berhongaray-ningun-haber-jubilatorio-puede-ser-inferior-a-la-canasta-basica-de-los-jubilados-y-pensionados\/","url":"https:\/\/diariotextual.com\/inicio\/index.php\/2021\/08\/26\/berhongaray-ningun-haber-jubilatorio-puede-ser-inferior-a-la-canasta-basica-de-los-jubilados-y-pensionados\/","name":"Berhongaray: \u201cNing\u00fan haber jubilatorio puede ser inferior a la canasta b\u00e1sica de los jubilados y pensionados\u201d - Diario Textual","isPartOf":{"@id":"https:\/\/diariotextual.com\/inicio\/#website"},"primaryImageOfPage":{"@id":"https:\/\/diariotextual.com\/inicio\/index.php\/2021\/08\/26\/berhongaray-ningun-haber-jubilatorio-puede-ser-inferior-a-la-canasta-basica-de-los-jubilados-y-pensionados\/#primaryimage"},"image":{"@id":"https:\/\/diariotextual.com\/inicio\/index.php\/2021\/08\/26\/berhongaray-ningun-haber-jubilatorio-puede-ser-inferior-a-la-canasta-basica-de-los-jubilados-y-pensionados\/#primaryimage"},"thumbnailUrl":"https:\/\/diariotextual.com\/inicio\/wp-content\/uploads\/2021\/03\/berhongaraymartin2021-01.jpeg","datePublished":"2021-08-26T21:58:06+00:00","dateModified":"2021-08-26T23:45:28+00:00","breadcrumb":{"@id":"https:\/\/diariotextual.com\/inicio\/index.php\/2021\/08\/26\/berhongaray-ningun-haber-jubilatorio-puede-ser-inferior-a-la-canasta-basica-de-los-jubilados-y-pensionados\/#breadcrumb"},"inLanguage":"es","potentialAction":[{"@type":"ReadAction","target":["https:\/\/diariotextual.com\/inicio\/index.php\/2021\/08\/26\/berhongaray-ningun-haber-jubilatorio-puede-ser-inferior-a-la-canasta-basica-de-los-jubilados-y-pensionados\/"]}]},{"@type":"ImageObject","inLanguage":"es","@id":"https:\/\/diariotextual.com\/inicio\/index.php\/2021\/08\/26\/berhongaray-ningun-haber-jubilatorio-puede-ser-inferior-a-la-canasta-basica-de-los-jubilados-y-pensionados\/#primaryimage","url":"https:\/\/diariotextual.com\/inicio\/wp-content\/uploads\/2021\/03\/berhongaraymartin2021-01.jpeg","contentUrl":"https:\/\/diariotextual.com\/inicio\/wp-content\/uploads\/2021\/03\/berhongaraymartin2021-01.jpeg","width":680,"height":453},{"@type":"BreadcrumbList","@id":"https:\/\/diariotextual.com\/inicio\/index.php\/2021\/08\/26\/berhongaray-ningun-haber-jubilatorio-puede-ser-inferior-a-la-canasta-basica-de-los-jubilados-y-pensionados\/#breadcrumb","itemListElement":[{"@type":"ListItem","position":1,"name":"Portada","item":"https:\/\/diariotextual.com\/inicio\/"},{"@type":"ListItem","position":2,"name":"Berhongaray: \u201cNing\u00fan haber jubilatorio puede ser inferior a la canasta b\u00e1sica de los jubilados y pensionados\u201d"}]},{"@type":"WebSite","@id":"https:\/\/diariotextual.com\/inicio\/#website","url":"https:\/\/diariotextual.com\/inicio\/","name":"Diario Textual","description":"","publisher":{"@id":"https:\/\/diariotextual.com\/inicio\/#organization"},"potentialAction":[{"@type":"SearchAction","target":{"@type":"EntryPoint","urlTemplate":"https:\/\/diariotextual.com\/inicio\/?s={search_term_string}"},"query-input":{"@type":"PropertyValueSpecification","valueRequired":true,"valueName":"search_term_string"}}],"inLanguage":"es"},{"@type":"Organization","@id":"https:\/\/diariotextual.com\/inicio\/#organization","name":"Diario Textual","url":"https:\/\/diariotextual.com\/inicio\/","logo":{"@type":"ImageObject","inLanguage":"es","@id":"https:\/\/diariotextual.com\/inicio\/#\/schema\/logo\/image\/","url":"https:\/\/diariotextual.com\/inicio\/wp-content\/uploads\/2023\/05\/logotextual1.jpg","contentUrl":"https:\/\/diariotextual.com\/inicio\/wp-content\/uploads\/2023\/05\/logotextual1.jpg","width":516,"height":76,"caption":"Diario Textual"},"image":{"@id":"https:\/\/diariotextual.com\/inicio\/#\/schema\/logo\/image\/"},"sameAs":["https:\/\/www.facebook.com\/eltextual","https:\/\/x.com\/eltextual","http:\/\/www.instagram.com\/eltextual"]},{"@type":"Person","@id":"https:\/\/diariotextual.com\/inicio\/#\/schema\/person\/418fc4093c33e86ed41562db3508f958","name":"Diario1 Diario1","image":{"@type":"ImageObject","inLanguage":"es","@id":"https:\/\/secure.gravatar.com\/avatar\/9167d280179c85bc18be67aa7eda765854300033af4896dd779b608640f2ef7a?s=96&d=mm&r=g","url":"https:\/\/secure.gravatar.com\/avatar\/9167d280179c85bc18be67aa7eda765854300033af4896dd779b608640f2ef7a?s=96&d=mm&r=g","contentUrl":"https:\/\/secure.gravatar.com\/avatar\/9167d280179c85bc18be67aa7eda765854300033af4896dd779b608640f2ef7a?s=96&d=mm&r=g","caption":"Diario1 Diario1"},"url":"https:\/\/diariotextual.com\/inicio\/index.php\/author\/diario1\/"}]}},"_links":{"self":[{"href":"https:\/\/diariotextual.com\/inicio\/index.php\/wp-json\/wp\/v2\/posts\/159205","targetHints":{"allow":["GET"]}}],"collection":[{"href":"https:\/\/diariotextual.com\/inicio\/index.php\/wp-json\/wp\/v2\/posts"}],"about":[{"href":"https:\/\/diariotextual.com\/inicio\/index.php\/wp-json\/wp\/v2\/types\/post"}],"author":[{"embeddable":true,"href":"https:\/\/diariotextual.com\/inicio\/index.php\/wp-json\/wp\/v2\/users\/3"}],"replies":[{"embeddable":true,"href":"https:\/\/diariotextual.com\/inicio\/index.php\/wp-json\/wp\/v2\/comments?post=159205"}],"version-history":[{"count":1,"href":"https:\/\/diariotextual.com\/inicio\/index.php\/wp-json\/wp\/v2\/posts\/159205\/revisions"}],"predecessor-version":[{"id":159206,"href":"https:\/\/diariotextual.com\/inicio\/index.php\/wp-json\/wp\/v2\/posts\/159205\/revisions\/159206"}],"wp:featuredmedia":[{"embeddable":true,"href":"https:\/\/diariotextual.com\/inicio\/index.php\/wp-json\/wp\/v2\/media\/139260"}],"wp:attachment":[{"href":"https:\/\/diariotextual.com\/inicio\/index.php\/wp-json\/wp\/v2\/media?parent=159205"}],"wp:term":[{"taxonomy":"category","embeddable":true,"href":"https:\/\/diariotextual.com\/inicio\/index.php\/wp-json\/wp\/v2\/categories?post=159205"},{"taxonomy":"post_tag","embeddable":true,"href":"https:\/\/diariotextual.com\/inicio\/index.php\/wp-json\/wp\/v2\/tags?post=159205"}],"curies":[{"name":"wp","href":"https:\/\/api.w.org\/{rel}","templated":true}]}}