{"id":159216,"date":"2021-08-26T20:24:42","date_gmt":"2021-08-26T23:24:42","guid":{"rendered":"https:\/\/diariotextual.com\/inicio\/?p=159216"},"modified":"2021-08-27T08:21:54","modified_gmt":"2021-08-27T11:21:54","slug":"ziliotto-seguramente-habra-mas-casas-para-toay","status":"publish","type":"post","link":"https:\/\/diariotextual.com\/inicio\/index.php\/2021\/08\/26\/ziliotto-seguramente-habra-mas-casas-para-toay\/","title":{"rendered":"Ziliotto: \u201cSeguramente habr\u00e1 m\u00e1s casas para Toay\u201d"},"content":{"rendered":"\n<p>El gobernador Sergio Ziliotto firm\u00f3 el contrato para<strong> iniciar la construcci\u00f3n de 40 viviendas en Toay y un convenio para ampliar la red de agua potable<\/strong>. Ambas obras implican una <strong>inversi\u00f3n por parte del Gobierno provincial de casi 164 millones de pesos.<\/strong><\/p>\n\n\n\n<p>\u201cDetr\u00e1s de <strong>cada acci\u00f3n que llevamos en conjunto con los municipios hay pampeanas y pampeanos esperando que resolvamos sus problemas<\/strong>\u201d, afirm\u00f3 el mandatario pampeano durante el encuentro con el intendente toayense Rodolfo \u00c1lvarez.<\/p>\n\n\n\n<p>El jefe comunal destac\u00f3 que<strong> Ziliotto, es uno de los mandatarios que m\u00e1s veces vino a Toay. \u201cSe lo agradecemos much\u00edsimo,<\/strong> tanto como por haberse hecho eco de las necesidades habitacionales de nuestra comunidad y del mejoramiento del servicio de agua potable. Esto nos permite plantearnos un sistema de soluciones integrales para Toay, y no s\u00f3lo para casos puntuales\u201d, asegur\u00f3.<\/p>\n\n\n\n<p>En tanto, el gobernador dijo: \u201c<strong>Es una obligaci\u00f3n estar aqu\u00ed y lo haremos toda vez que sea necesario<\/strong>\u201d y record\u00f3: \u201cLa Pampa es una Provincia en la que venimos administrando desde hace mucho tiempo las finanzas p\u00fablicas, no s\u00f3lo en nuestra gesti\u00f3n, y ratificamos la forma de trabajo: seguir invirtiendo y seguir apostando a la descentralizaci\u00f3n\u201d.<\/p>\n\n\n\n<p>\u201cEstas no son las \u00faltimas obras -subray\u00f3-, <strong>seguramente en el cupo de 1.100 viviendas que conseguimos del Gobierno nacional habr\u00e1 m\u00e1s casas para Toay<\/strong>. Adem\u00e1s, en poco tiempo volveremos anunciando la licitaci\u00f3n de 8 CDI (Centro de Desarrollo Infantil) de los cuales uno corresponde a Toay. Desarrollamos pol\u00edticas activas para incluir, porque estamos convencidos que la contenci\u00f3n es un derecho\u201d.<\/p>\n\n\n\n<p>La <strong>sistematizaci\u00f3n de terrenos y la construcci\u00f3n de las 40 viviendas estar\u00e1 a cargo de BEPHA Construcciones<\/strong>, tendr\u00e1 un plazo de ejecuci\u00f3n de 390 d\u00edas corridos y ha sido presupuestada, a agosto de 2020, por $ 157.855.354,53.<\/p>\n\n\n\n<p>Por otro lado, <strong>Ziliotto firm\u00f3 un convenio con el municipio para la readecuaci\u00f3n y ampliaci\u00f3n de la red de agua potable en el sector noroeste de Toay<\/strong>. Se trata de mejorar las presiones de la red de distribuci\u00f3n de agua potable, reemplazando los conductos principales, con lo cual se beneficiar\u00e1 a las y los vecinos del sector.<\/p>\n\n\n\n<p>La obra, que se realizar\u00e1 a trav\u00e9s del Programa Provincial de Agua y Saneamiento, PROPAyS, tiene un plazo de realizaci\u00f3n de 180 d\u00edas y un monto de $ 6.067.200; es la continuaci\u00f3n de un plan de mejoramiento en el sistema de provisi\u00f3n y distribuci\u00f3n de agua potable, por el cual la Municipalidad de Toay ha efectuado ampliaciones de la red, readecuaciones de acueductos e instalaci\u00f3n de nuevas cisternas.<\/p>\n\n\n\n<p>Ziliotto estuvo acompa\u00f1ado por el ministro de Obras y Servicios P\u00fablicos, Juan Ram\u00f3n Garay; el titular de la Administraci\u00f3n Provincial del Agua, Fabricio Gonz\u00e1lez Mart\u00edn; el presidente del IPAV, Jorge Lezcano; y el diputado provincial Ariel Rojas. Estuvieron presentes funcionarios provinciales y municipales, y representantes de la empresa constructora.<\/p>\n","protected":false},"excerpt":{"rendered":"<p>El gobernador Sergio Ziliotto firm\u00f3 el contrato para iniciar la construcci\u00f3n de 40 viviendas en Toay y un convenio para ampliar la red de agua potable. Ambas obras implican una&hellip;<\/p>\n","protected":false},"author":5,"featured_media":159217,"comment_status":"closed","ping_status":"open","sticky":false,"template":"","format":"standard","meta":{"_acf_changed":false,"footnotes":""},"categories":[10,8],"tags":[1687,356,424],"class_list":["post-159216","post","type-post","status-publish","format-standard","has-post-thumbnail","hentry","category-portada-2","category-politica","tag-alvarez","tag-toay","tag-ziliotto"],"acf":[],"yoast_head":"<!-- This site is optimized with the Yoast SEO plugin v27.5 - https:\/\/yoast.com\/product\/yoast-seo-wordpress\/ -->\n<title>Ziliotto: \u201cSeguramente habr\u00e1 m\u00e1s casas para Toay\u201d - Diario Textual<\/title>\n<meta name=\"robots\" content=\"index, follow, max-snippet:-1, max-image-preview:large, max-video-preview:-1\" \/>\n<link rel=\"canonical\" href=\"https:\/\/diariotextual.com\/inicio\/index.php\/2021\/08\/26\/ziliotto-seguramente-habra-mas-casas-para-toay\/\" \/>\n<meta property=\"og:locale\" content=\"es_ES\" \/>\n<meta property=\"og:type\" content=\"article\" \/>\n<meta property=\"og:title\" content=\"Ziliotto: \u201cSeguramente habr\u00e1 m\u00e1s casas para Toay\u201d - Diario Textual\" \/>\n<meta property=\"og:description\" content=\"El gobernador Sergio Ziliotto firm\u00f3 el contrato para iniciar la construcci\u00f3n de 40 viviendas en Toay y un convenio para ampliar la red de agua potable. Ambas obras implican una&hellip;\" \/>\n<meta property=\"og:url\" content=\"https:\/\/diariotextual.com\/inicio\/index.php\/2021\/08\/26\/ziliotto-seguramente-habra-mas-casas-para-toay\/\" \/>\n<meta property=\"og:site_name\" content=\"Diario Textual\" \/>\n<meta property=\"article:publisher\" content=\"https:\/\/www.facebook.com\/eltextual\" \/>\n<meta property=\"article:published_time\" content=\"2021-08-26T23:24:42+00:00\" \/>\n<meta property=\"article:modified_time\" content=\"2021-08-27T11:21:54+00:00\" \/>\n<meta property=\"og:image\" content=\"https:\/\/diariotextual.com\/inicio\/wp-content\/uploads\/2021\/08\/ziliottoalvarez.jpg\" \/>\n\t<meta property=\"og:image:width\" content=\"700\" \/>\n\t<meta property=\"og:image:height\" content=\"486\" \/>\n\t<meta property=\"og:image:type\" content=\"image\/jpeg\" \/>\n<meta name=\"author\" content=\"diario3\" \/>\n<meta name=\"twitter:card\" content=\"summary_large_image\" \/>\n<meta name=\"twitter:creator\" content=\"@eltextual\" \/>\n<meta name=\"twitter:site\" content=\"@eltextual\" \/>\n<meta name=\"twitter:label1\" content=\"Escrito por\" \/>\n\t<meta name=\"twitter:data1\" content=\"diario3\" \/>\n\t<meta name=\"twitter:label2\" content=\"Tiempo de lectura\" \/>\n\t<meta name=\"twitter:data2\" content=\"3 minutos\" \/>\n<script type=\"application\/ld+json\" class=\"yoast-schema-graph\">{\"@context\":\"https:\\\/\\\/schema.org\",\"@graph\":[{\"@type\":\"Article\",\"@id\":\"https:\\\/\\\/diariotextual.com\\\/inicio\\\/index.php\\\/2021\\\/08\\\/26\\\/ziliotto-seguramente-habra-mas-casas-para-toay\\\/#article\",\"isPartOf\":{\"@id\":\"https:\\\/\\\/diariotextual.com\\\/inicio\\\/index.php\\\/2021\\\/08\\\/26\\\/ziliotto-seguramente-habra-mas-casas-para-toay\\\/\"},\"author\":{\"name\":\"diario3\",\"@id\":\"https:\\\/\\\/diariotextual.com\\\/inicio\\\/#\\\/schema\\\/person\\\/a1b6f563e0ee944c60f98119389a4d9f\"},\"headline\":\"Ziliotto: \u201cSeguramente habr\u00e1 m\u00e1s casas para Toay\u201d\",\"datePublished\":\"2021-08-26T23:24:42+00:00\",\"dateModified\":\"2021-08-27T11:21:54+00:00\",\"mainEntityOfPage\":{\"@id\":\"https:\\\/\\\/diariotextual.com\\\/inicio\\\/index.php\\\/2021\\\/08\\\/26\\\/ziliotto-seguramente-habra-mas-casas-para-toay\\\/\"},\"wordCount\":496,\"publisher\":{\"@id\":\"https:\\\/\\\/diariotextual.com\\\/inicio\\\/#organization\"},\"image\":{\"@id\":\"https:\\\/\\\/diariotextual.com\\\/inicio\\\/index.php\\\/2021\\\/08\\\/26\\\/ziliotto-seguramente-habra-mas-casas-para-toay\\\/#primaryimage\"},\"thumbnailUrl\":\"https:\\\/\\\/diariotextual.com\\\/inicio\\\/wp-content\\\/uploads\\\/2021\\\/08\\\/ziliottoalvarez.jpg\",\"keywords\":[\"alvarez\",\"toay\",\"ziliotto\"],\"articleSection\":[\"A - PORTADA2\",\"POLITICA\"],\"inLanguage\":\"es\"},{\"@type\":\"WebPage\",\"@id\":\"https:\\\/\\\/diariotextual.com\\\/inicio\\\/index.php\\\/2021\\\/08\\\/26\\\/ziliotto-seguramente-habra-mas-casas-para-toay\\\/\",\"url\":\"https:\\\/\\\/diariotextual.com\\\/inicio\\\/index.php\\\/2021\\\/08\\\/26\\\/ziliotto-seguramente-habra-mas-casas-para-toay\\\/\",\"name\":\"Ziliotto: \u201cSeguramente habr\u00e1 m\u00e1s casas para Toay\u201d - Diario Textual\",\"isPartOf\":{\"@id\":\"https:\\\/\\\/diariotextual.com\\\/inicio\\\/#website\"},\"primaryImageOfPage\":{\"@id\":\"https:\\\/\\\/diariotextual.com\\\/inicio\\\/index.php\\\/2021\\\/08\\\/26\\\/ziliotto-seguramente-habra-mas-casas-para-toay\\\/#primaryimage\"},\"image\":{\"@id\":\"https:\\\/\\\/diariotextual.com\\\/inicio\\\/index.php\\\/2021\\\/08\\\/26\\\/ziliotto-seguramente-habra-mas-casas-para-toay\\\/#primaryimage\"},\"thumbnailUrl\":\"https:\\\/\\\/diariotextual.com\\\/inicio\\\/wp-content\\\/uploads\\\/2021\\\/08\\\/ziliottoalvarez.jpg\",\"datePublished\":\"2021-08-26T23:24:42+00:00\",\"dateModified\":\"2021-08-27T11:21:54+00:00\",\"breadcrumb\":{\"@id\":\"https:\\\/\\\/diariotextual.com\\\/inicio\\\/index.php\\\/2021\\\/08\\\/26\\\/ziliotto-seguramente-habra-mas-casas-para-toay\\\/#breadcrumb\"},\"inLanguage\":\"es\",\"potentialAction\":[{\"@type\":\"ReadAction\",\"target\":[\"https:\\\/\\\/diariotextual.com\\\/inicio\\\/index.php\\\/2021\\\/08\\\/26\\\/ziliotto-seguramente-habra-mas-casas-para-toay\\\/\"]}]},{\"@type\":\"ImageObject\",\"inLanguage\":\"es\",\"@id\":\"https:\\\/\\\/diariotextual.com\\\/inicio\\\/index.php\\\/2021\\\/08\\\/26\\\/ziliotto-seguramente-habra-mas-casas-para-toay\\\/#primaryimage\",\"url\":\"https:\\\/\\\/diariotextual.com\\\/inicio\\\/wp-content\\\/uploads\\\/2021\\\/08\\\/ziliottoalvarez.jpg\",\"contentUrl\":\"https:\\\/\\\/diariotextual.com\\\/inicio\\\/wp-content\\\/uploads\\\/2021\\\/08\\\/ziliottoalvarez.jpg\",\"width\":700,\"height\":486},{\"@type\":\"BreadcrumbList\",\"@id\":\"https:\\\/\\\/diariotextual.com\\\/inicio\\\/index.php\\\/2021\\\/08\\\/26\\\/ziliotto-seguramente-habra-mas-casas-para-toay\\\/#breadcrumb\",\"itemListElement\":[{\"@type\":\"ListItem\",\"position\":1,\"name\":\"Portada\",\"item\":\"https:\\\/\\\/diariotextual.com\\\/inicio\\\/\"},{\"@type\":\"ListItem\",\"position\":2,\"name\":\"Ziliotto: \u201cSeguramente habr\u00e1 m\u00e1s casas para Toay\u201d\"}]},{\"@type\":\"WebSite\",\"@id\":\"https:\\\/\\\/diariotextual.com\\\/inicio\\\/#website\",\"url\":\"https:\\\/\\\/diariotextual.com\\\/inicio\\\/\",\"name\":\"Diario Textual\",\"description\":\"\",\"publisher\":{\"@id\":\"https:\\\/\\\/diariotextual.com\\\/inicio\\\/#organization\"},\"potentialAction\":[{\"@type\":\"SearchAction\",\"target\":{\"@type\":\"EntryPoint\",\"urlTemplate\":\"https:\\\/\\\/diariotextual.com\\\/inicio\\\/?s={search_term_string}\"},\"query-input\":{\"@type\":\"PropertyValueSpecification\",\"valueRequired\":true,\"valueName\":\"search_term_string\"}}],\"inLanguage\":\"es\"},{\"@type\":\"Organization\",\"@id\":\"https:\\\/\\\/diariotextual.com\\\/inicio\\\/#organization\",\"name\":\"Diario Textual\",\"url\":\"https:\\\/\\\/diariotextual.com\\\/inicio\\\/\",\"logo\":{\"@type\":\"ImageObject\",\"inLanguage\":\"es\",\"@id\":\"https:\\\/\\\/diariotextual.com\\\/inicio\\\/#\\\/schema\\\/logo\\\/image\\\/\",\"url\":\"https:\\\/\\\/diariotextual.com\\\/inicio\\\/wp-content\\\/uploads\\\/2023\\\/05\\\/logotextual1.jpg\",\"contentUrl\":\"https:\\\/\\\/diariotextual.com\\\/inicio\\\/wp-content\\\/uploads\\\/2023\\\/05\\\/logotextual1.jpg\",\"width\":516,\"height\":76,\"caption\":\"Diario Textual\"},\"image\":{\"@id\":\"https:\\\/\\\/diariotextual.com\\\/inicio\\\/#\\\/schema\\\/logo\\\/image\\\/\"},\"sameAs\":[\"https:\\\/\\\/www.facebook.com\\\/eltextual\",\"https:\\\/\\\/x.com\\\/eltextual\",\"http:\\\/\\\/www.instagram.com\\\/eltextual\"]},{\"@type\":\"Person\",\"@id\":\"https:\\\/\\\/diariotextual.com\\\/inicio\\\/#\\\/schema\\\/person\\\/a1b6f563e0ee944c60f98119389a4d9f\",\"name\":\"diario3\",\"image\":{\"@type\":\"ImageObject\",\"inLanguage\":\"es\",\"@id\":\"https:\\\/\\\/secure.gravatar.com\\\/avatar\\\/5e7ee62c82fc04d9dd79d746a390d93c69c43223e5faeeb3ea9461ef752bfc5d?s=96&d=mm&r=g\",\"url\":\"https:\\\/\\\/secure.gravatar.com\\\/avatar\\\/5e7ee62c82fc04d9dd79d746a390d93c69c43223e5faeeb3ea9461ef752bfc5d?s=96&d=mm&r=g\",\"contentUrl\":\"https:\\\/\\\/secure.gravatar.com\\\/avatar\\\/5e7ee62c82fc04d9dd79d746a390d93c69c43223e5faeeb3ea9461ef752bfc5d?s=96&d=mm&r=g\",\"caption\":\"diario3\"},\"url\":\"https:\\\/\\\/diariotextual.com\\\/inicio\\\/index.php\\\/author\\\/diario3\\\/\"}]}<\/script>\n<!-- \/ Yoast SEO plugin. -->","yoast_head_json":{"title":"Ziliotto: \u201cSeguramente habr\u00e1 m\u00e1s casas para Toay\u201d - Diario Textual","robots":{"index":"index","follow":"follow","max-snippet":"max-snippet:-1","max-image-preview":"max-image-preview:large","max-video-preview":"max-video-preview:-1"},"canonical":"https:\/\/diariotextual.com\/inicio\/index.php\/2021\/08\/26\/ziliotto-seguramente-habra-mas-casas-para-toay\/","og_locale":"es_ES","og_type":"article","og_title":"Ziliotto: \u201cSeguramente habr\u00e1 m\u00e1s casas para Toay\u201d - Diario Textual","og_description":"El gobernador Sergio Ziliotto firm\u00f3 el contrato para iniciar la construcci\u00f3n de 40 viviendas en Toay y un convenio para ampliar la red de agua potable. Ambas obras implican una&hellip;","og_url":"https:\/\/diariotextual.com\/inicio\/index.php\/2021\/08\/26\/ziliotto-seguramente-habra-mas-casas-para-toay\/","og_site_name":"Diario Textual","article_publisher":"https:\/\/www.facebook.com\/eltextual","article_published_time":"2021-08-26T23:24:42+00:00","article_modified_time":"2021-08-27T11:21:54+00:00","og_image":[{"width":700,"height":486,"url":"https:\/\/diariotextual.com\/inicio\/wp-content\/uploads\/2021\/08\/ziliottoalvarez.jpg","type":"image\/jpeg"}],"author":"diario3","twitter_card":"summary_large_image","twitter_creator":"@eltextual","twitter_site":"@eltextual","twitter_misc":{"Escrito por":"diario3","Tiempo de lectura":"3 minutos"},"schema":{"@context":"https:\/\/schema.org","@graph":[{"@type":"Article","@id":"https:\/\/diariotextual.com\/inicio\/index.php\/2021\/08\/26\/ziliotto-seguramente-habra-mas-casas-para-toay\/#article","isPartOf":{"@id":"https:\/\/diariotextual.com\/inicio\/index.php\/2021\/08\/26\/ziliotto-seguramente-habra-mas-casas-para-toay\/"},"author":{"name":"diario3","@id":"https:\/\/diariotextual.com\/inicio\/#\/schema\/person\/a1b6f563e0ee944c60f98119389a4d9f"},"headline":"Ziliotto: \u201cSeguramente habr\u00e1 m\u00e1s casas para Toay\u201d","datePublished":"2021-08-26T23:24:42+00:00","dateModified":"2021-08-27T11:21:54+00:00","mainEntityOfPage":{"@id":"https:\/\/diariotextual.com\/inicio\/index.php\/2021\/08\/26\/ziliotto-seguramente-habra-mas-casas-para-toay\/"},"wordCount":496,"publisher":{"@id":"https:\/\/diariotextual.com\/inicio\/#organization"},"image":{"@id":"https:\/\/diariotextual.com\/inicio\/index.php\/2021\/08\/26\/ziliotto-seguramente-habra-mas-casas-para-toay\/#primaryimage"},"thumbnailUrl":"https:\/\/diariotextual.com\/inicio\/wp-content\/uploads\/2021\/08\/ziliottoalvarez.jpg","keywords":["alvarez","toay","ziliotto"],"articleSection":["A - PORTADA2","POLITICA"],"inLanguage":"es"},{"@type":"WebPage","@id":"https:\/\/diariotextual.com\/inicio\/index.php\/2021\/08\/26\/ziliotto-seguramente-habra-mas-casas-para-toay\/","url":"https:\/\/diariotextual.com\/inicio\/index.php\/2021\/08\/26\/ziliotto-seguramente-habra-mas-casas-para-toay\/","name":"Ziliotto: \u201cSeguramente habr\u00e1 m\u00e1s casas para Toay\u201d - Diario Textual","isPartOf":{"@id":"https:\/\/diariotextual.com\/inicio\/#website"},"primaryImageOfPage":{"@id":"https:\/\/diariotextual.com\/inicio\/index.php\/2021\/08\/26\/ziliotto-seguramente-habra-mas-casas-para-toay\/#primaryimage"},"image":{"@id":"https:\/\/diariotextual.com\/inicio\/index.php\/2021\/08\/26\/ziliotto-seguramente-habra-mas-casas-para-toay\/#primaryimage"},"thumbnailUrl":"https:\/\/diariotextual.com\/inicio\/wp-content\/uploads\/2021\/08\/ziliottoalvarez.jpg","datePublished":"2021-08-26T23:24:42+00:00","dateModified":"2021-08-27T11:21:54+00:00","breadcrumb":{"@id":"https:\/\/diariotextual.com\/inicio\/index.php\/2021\/08\/26\/ziliotto-seguramente-habra-mas-casas-para-toay\/#breadcrumb"},"inLanguage":"es","potentialAction":[{"@type":"ReadAction","target":["https:\/\/diariotextual.com\/inicio\/index.php\/2021\/08\/26\/ziliotto-seguramente-habra-mas-casas-para-toay\/"]}]},{"@type":"ImageObject","inLanguage":"es","@id":"https:\/\/diariotextual.com\/inicio\/index.php\/2021\/08\/26\/ziliotto-seguramente-habra-mas-casas-para-toay\/#primaryimage","url":"https:\/\/diariotextual.com\/inicio\/wp-content\/uploads\/2021\/08\/ziliottoalvarez.jpg","contentUrl":"https:\/\/diariotextual.com\/inicio\/wp-content\/uploads\/2021\/08\/ziliottoalvarez.jpg","width":700,"height":486},{"@type":"BreadcrumbList","@id":"https:\/\/diariotextual.com\/inicio\/index.php\/2021\/08\/26\/ziliotto-seguramente-habra-mas-casas-para-toay\/#breadcrumb","itemListElement":[{"@type":"ListItem","position":1,"name":"Portada","item":"https:\/\/diariotextual.com\/inicio\/"},{"@type":"ListItem","position":2,"name":"Ziliotto: \u201cSeguramente habr\u00e1 m\u00e1s casas para Toay\u201d"}]},{"@type":"WebSite","@id":"https:\/\/diariotextual.com\/inicio\/#website","url":"https:\/\/diariotextual.com\/inicio\/","name":"Diario Textual","description":"","publisher":{"@id":"https:\/\/diariotextual.com\/inicio\/#organization"},"potentialAction":[{"@type":"SearchAction","target":{"@type":"EntryPoint","urlTemplate":"https:\/\/diariotextual.com\/inicio\/?s={search_term_string}"},"query-input":{"@type":"PropertyValueSpecification","valueRequired":true,"valueName":"search_term_string"}}],"inLanguage":"es"},{"@type":"Organization","@id":"https:\/\/diariotextual.com\/inicio\/#organization","name":"Diario Textual","url":"https:\/\/diariotextual.com\/inicio\/","logo":{"@type":"ImageObject","inLanguage":"es","@id":"https:\/\/diariotextual.com\/inicio\/#\/schema\/logo\/image\/","url":"https:\/\/diariotextual.com\/inicio\/wp-content\/uploads\/2023\/05\/logotextual1.jpg","contentUrl":"https:\/\/diariotextual.com\/inicio\/wp-content\/uploads\/2023\/05\/logotextual1.jpg","width":516,"height":76,"caption":"Diario Textual"},"image":{"@id":"https:\/\/diariotextual.com\/inicio\/#\/schema\/logo\/image\/"},"sameAs":["https:\/\/www.facebook.com\/eltextual","https:\/\/x.com\/eltextual","http:\/\/www.instagram.com\/eltextual"]},{"@type":"Person","@id":"https:\/\/diariotextual.com\/inicio\/#\/schema\/person\/a1b6f563e0ee944c60f98119389a4d9f","name":"diario3","image":{"@type":"ImageObject","inLanguage":"es","@id":"https:\/\/secure.gravatar.com\/avatar\/5e7ee62c82fc04d9dd79d746a390d93c69c43223e5faeeb3ea9461ef752bfc5d?s=96&d=mm&r=g","url":"https:\/\/secure.gravatar.com\/avatar\/5e7ee62c82fc04d9dd79d746a390d93c69c43223e5faeeb3ea9461ef752bfc5d?s=96&d=mm&r=g","contentUrl":"https:\/\/secure.gravatar.com\/avatar\/5e7ee62c82fc04d9dd79d746a390d93c69c43223e5faeeb3ea9461ef752bfc5d?s=96&d=mm&r=g","caption":"diario3"},"url":"https:\/\/diariotextual.com\/inicio\/index.php\/author\/diario3\/"}]}},"_links":{"self":[{"href":"https:\/\/diariotextual.com\/inicio\/index.php\/wp-json\/wp\/v2\/posts\/159216","targetHints":{"allow":["GET"]}}],"collection":[{"href":"https:\/\/diariotextual.com\/inicio\/index.php\/wp-json\/wp\/v2\/posts"}],"about":[{"href":"https:\/\/diariotextual.com\/inicio\/index.php\/wp-json\/wp\/v2\/types\/post"}],"author":[{"embeddable":true,"href":"https:\/\/diariotextual.com\/inicio\/index.php\/wp-json\/wp\/v2\/users\/5"}],"replies":[{"embeddable":true,"href":"https:\/\/diariotextual.com\/inicio\/index.php\/wp-json\/wp\/v2\/comments?post=159216"}],"version-history":[{"count":1,"href":"https:\/\/diariotextual.com\/inicio\/index.php\/wp-json\/wp\/v2\/posts\/159216\/revisions"}],"predecessor-version":[{"id":159218,"href":"https:\/\/diariotextual.com\/inicio\/index.php\/wp-json\/wp\/v2\/posts\/159216\/revisions\/159218"}],"wp:featuredmedia":[{"embeddable":true,"href":"https:\/\/diariotextual.com\/inicio\/index.php\/wp-json\/wp\/v2\/media\/159217"}],"wp:attachment":[{"href":"https:\/\/diariotextual.com\/inicio\/index.php\/wp-json\/wp\/v2\/media?parent=159216"}],"wp:term":[{"taxonomy":"category","embeddable":true,"href":"https:\/\/diariotextual.com\/inicio\/index.php\/wp-json\/wp\/v2\/categories?post=159216"},{"taxonomy":"post_tag","embeddable":true,"href":"https:\/\/diariotextual.com\/inicio\/index.php\/wp-json\/wp\/v2\/tags?post=159216"}],"curies":[{"name":"wp","href":"https:\/\/api.w.org\/{rel}","templated":true}]}}