{"id":159225,"date":"2021-08-26T20:51:56","date_gmt":"2021-08-26T23:51:56","guid":{"rendered":"https:\/\/diariotextual.com\/inicio\/?p=159225"},"modified":"2021-08-27T10:17:38","modified_gmt":"2021-08-27T13:17:38","slug":"paro-de-micros-de-larga-distancia-desde-este-viernes-al-mediodia","status":"publish","type":"post","link":"https:\/\/diariotextual.com\/inicio\/index.php\/2021\/08\/26\/paro-de-micros-de-larga-distancia-desde-este-viernes-al-mediodia\/","title":{"rendered":"Paro de micros de larga distancia desde este viernes al mediod\u00eda"},"content":{"rendered":"\n<p>La Uni\u00f3n Tranviarios Automotor resolvi\u00f3 convocar a un <strong>paro nacional del sector de transporte de larga distancia por 72 horas. La medida regir\u00e1 desde las 12 horas de ma\u00f1ana<\/strong>, hasta las 12 horas del lunes 30 de agosto.<\/p>\n\n\n\n<p>\u201cNuestro pedido ha sido en todo momento claro, pretendiendo \u00fanicamente trabajar, y cobrar los salarios que leg\u00edtimamente nos corresponden. <strong>No vamos a permitir salarios de pobreza<\/strong>\u201d, manifestaron en un comunicado desde el gremio que conduce Roberto Fern\u00e1ndez, en el cual <strong>apuntaron contra los empresarios \u201cpor la total negativa a acordar los sueldos de los trabajadores,<\/strong> y a pretender negociar condiciones de trabajo a cambio de los salarios\u201d.<\/p>\n\n\n\n<p>Y acusaron a los due\u00f1os de las l\u00edneas de larga distancia por actuar \u201csin el menor sentido de sensibilidad hacia los trabajadores, que vienen poni\u00e9ndole el cuerpo al sector de larga distancia para mantener la actividad en el sistema\u201d.<\/p>\n\n\n\n<p>\u201cNo vamos a permitir que nos precaricen las condiciones laborales de los compa\u00f1eros representados, como prenda de cambio ante un justo pedido de aumento salarial\u201d, remarcaron. Es que, seg\u00fan denuncian desde UTA, la gran mayor\u00eda de las empresas del sector mantiene impagos los salarios o viene llevando a cabo un mecanismo de pagos parciales. \u201c<strong>Adeudan salarios, sumas no remuneratorias acordadas, Decreto 14\/2020, vi\u00e1ticos, etc\u00e9tera<\/strong>\u201d, aseguraron desde el gremio.<\/p>\n\n\n\n<p>Actualmente, el <strong>Estado Nacional aporta $600 millones mensuales al sector a trav\u00e9s de la resoluci\u00f3n 283\/2021 del Ministerio de Transporte<\/strong>, que se suman a los $260 millones mensuales que reparte el Ministerio de Trabajo en concepto del programa Repro II. Sin embargo, los trabajadores contin\u00faan cobrando en cuotas. \u201cTodo ello demuestra que estamos ante la desidia de un sector empresario sin escr\u00fapulos, y sin l\u00edmites\u201d, arremetieron desde el gremio.<\/p>\n\n\n\n<p>\u201cParece que <strong>pretenden mantener sus m\u00e1rgenes de utilidad en base a la declaraci\u00f3n de pandemia, o a costa de la precarizaci\u00f3n de las condiciones de trabajo<\/strong>, pretendiendo que manejemos m\u00e1s horas, menos conductores, al margen de la ley y burlando todos los derechos de los trabajadores. Nos pretenden hacer trabajar en exceso de la jornada convencional, violentando las conquistas de d\u00e9cadas por el movimiento obrero organizado\u201d, criticaron desde la UTA.<\/p>\n","protected":false},"excerpt":{"rendered":"<p>La Uni\u00f3n Tranviarios Automotor resolvi\u00f3 convocar a un paro nacional del sector de transporte de larga distancia por 72 horas. La medida regir\u00e1 desde las 12 horas de ma\u00f1ana, hasta&hellip;<\/p>\n","protected":false},"author":5,"featured_media":27066,"comment_status":"closed","ping_status":"open","sticky":false,"template":"","format":"standard","meta":{"_acf_changed":false,"footnotes":""},"categories":[10,12],"tags":[995,1408],"class_list":["post-159225","post","type-post","status-publish","format-standard","has-post-thumbnail","hentry","category-portada-2","category-sociedad","tag-transporte","tag-uta"],"acf":[],"yoast_head":"<!-- This site is optimized with the Yoast SEO plugin v27.5 - https:\/\/yoast.com\/product\/yoast-seo-wordpress\/ -->\n<title>Paro de micros de larga distancia desde este viernes al mediod\u00eda - Diario Textual<\/title>\n<meta name=\"robots\" content=\"index, follow, max-snippet:-1, max-image-preview:large, max-video-preview:-1\" \/>\n<link rel=\"canonical\" href=\"https:\/\/diariotextual.com\/inicio\/index.php\/2021\/08\/26\/paro-de-micros-de-larga-distancia-desde-este-viernes-al-mediodia\/\" \/>\n<meta property=\"og:locale\" content=\"es_ES\" \/>\n<meta property=\"og:type\" content=\"article\" \/>\n<meta property=\"og:title\" content=\"Paro de micros de larga distancia desde este viernes al mediod\u00eda - Diario Textual\" \/>\n<meta property=\"og:description\" content=\"La Uni\u00f3n Tranviarios Automotor resolvi\u00f3 convocar a un paro nacional del sector de transporte de larga distancia por 72 horas. La medida regir\u00e1 desde las 12 horas de ma\u00f1ana, hasta&hellip;\" \/>\n<meta property=\"og:url\" content=\"https:\/\/diariotextual.com\/inicio\/index.php\/2021\/08\/26\/paro-de-micros-de-larga-distancia-desde-este-viernes-al-mediodia\/\" \/>\n<meta property=\"og:site_name\" content=\"Diario Textual\" \/>\n<meta property=\"article:publisher\" content=\"https:\/\/www.facebook.com\/eltextual\" \/>\n<meta property=\"article:published_time\" content=\"2021-08-26T23:51:56+00:00\" \/>\n<meta property=\"article:modified_time\" content=\"2021-08-27T13:17:38+00:00\" \/>\n<meta property=\"og:image\" content=\"https:\/\/diariotextual.com\/inicio\/wp-content\/uploads\/2018\/11\/microslargadistancia.jpg\" \/>\n\t<meta property=\"og:image:width\" content=\"712\" \/>\n\t<meta property=\"og:image:height\" content=\"450\" \/>\n\t<meta property=\"og:image:type\" content=\"image\/jpeg\" \/>\n<meta name=\"author\" content=\"diario3\" \/>\n<meta name=\"twitter:card\" content=\"summary_large_image\" \/>\n<meta name=\"twitter:creator\" content=\"@eltextual\" \/>\n<meta name=\"twitter:site\" content=\"@eltextual\" \/>\n<meta name=\"twitter:label1\" content=\"Escrito por\" \/>\n\t<meta name=\"twitter:data1\" content=\"diario3\" \/>\n\t<meta name=\"twitter:label2\" content=\"Tiempo de lectura\" \/>\n\t<meta name=\"twitter:data2\" content=\"2 minutos\" \/>\n<script type=\"application\/ld+json\" class=\"yoast-schema-graph\">{\"@context\":\"https:\\\/\\\/schema.org\",\"@graph\":[{\"@type\":\"Article\",\"@id\":\"https:\\\/\\\/diariotextual.com\\\/inicio\\\/index.php\\\/2021\\\/08\\\/26\\\/paro-de-micros-de-larga-distancia-desde-este-viernes-al-mediodia\\\/#article\",\"isPartOf\":{\"@id\":\"https:\\\/\\\/diariotextual.com\\\/inicio\\\/index.php\\\/2021\\\/08\\\/26\\\/paro-de-micros-de-larga-distancia-desde-este-viernes-al-mediodia\\\/\"},\"author\":{\"name\":\"diario3\",\"@id\":\"https:\\\/\\\/diariotextual.com\\\/inicio\\\/#\\\/schema\\\/person\\\/a1b6f563e0ee944c60f98119389a4d9f\"},\"headline\":\"Paro de micros de larga distancia desde este viernes al mediod\u00eda\",\"datePublished\":\"2021-08-26T23:51:56+00:00\",\"dateModified\":\"2021-08-27T13:17:38+00:00\",\"mainEntityOfPage\":{\"@id\":\"https:\\\/\\\/diariotextual.com\\\/inicio\\\/index.php\\\/2021\\\/08\\\/26\\\/paro-de-micros-de-larga-distancia-desde-este-viernes-al-mediodia\\\/\"},\"wordCount\":377,\"publisher\":{\"@id\":\"https:\\\/\\\/diariotextual.com\\\/inicio\\\/#organization\"},\"image\":{\"@id\":\"https:\\\/\\\/diariotextual.com\\\/inicio\\\/index.php\\\/2021\\\/08\\\/26\\\/paro-de-micros-de-larga-distancia-desde-este-viernes-al-mediodia\\\/#primaryimage\"},\"thumbnailUrl\":\"https:\\\/\\\/diariotextual.com\\\/inicio\\\/wp-content\\\/uploads\\\/2018\\\/11\\\/microslargadistancia.jpg\",\"keywords\":[\"transporte\",\"UTA\"],\"articleSection\":[\"A - PORTADA2\",\"SOCIEDAD\"],\"inLanguage\":\"es\"},{\"@type\":\"WebPage\",\"@id\":\"https:\\\/\\\/diariotextual.com\\\/inicio\\\/index.php\\\/2021\\\/08\\\/26\\\/paro-de-micros-de-larga-distancia-desde-este-viernes-al-mediodia\\\/\",\"url\":\"https:\\\/\\\/diariotextual.com\\\/inicio\\\/index.php\\\/2021\\\/08\\\/26\\\/paro-de-micros-de-larga-distancia-desde-este-viernes-al-mediodia\\\/\",\"name\":\"Paro de micros de larga distancia desde este viernes al mediod\u00eda - Diario Textual\",\"isPartOf\":{\"@id\":\"https:\\\/\\\/diariotextual.com\\\/inicio\\\/#website\"},\"primaryImageOfPage\":{\"@id\":\"https:\\\/\\\/diariotextual.com\\\/inicio\\\/index.php\\\/2021\\\/08\\\/26\\\/paro-de-micros-de-larga-distancia-desde-este-viernes-al-mediodia\\\/#primaryimage\"},\"image\":{\"@id\":\"https:\\\/\\\/diariotextual.com\\\/inicio\\\/index.php\\\/2021\\\/08\\\/26\\\/paro-de-micros-de-larga-distancia-desde-este-viernes-al-mediodia\\\/#primaryimage\"},\"thumbnailUrl\":\"https:\\\/\\\/diariotextual.com\\\/inicio\\\/wp-content\\\/uploads\\\/2018\\\/11\\\/microslargadistancia.jpg\",\"datePublished\":\"2021-08-26T23:51:56+00:00\",\"dateModified\":\"2021-08-27T13:17:38+00:00\",\"breadcrumb\":{\"@id\":\"https:\\\/\\\/diariotextual.com\\\/inicio\\\/index.php\\\/2021\\\/08\\\/26\\\/paro-de-micros-de-larga-distancia-desde-este-viernes-al-mediodia\\\/#breadcrumb\"},\"inLanguage\":\"es\",\"potentialAction\":[{\"@type\":\"ReadAction\",\"target\":[\"https:\\\/\\\/diariotextual.com\\\/inicio\\\/index.php\\\/2021\\\/08\\\/26\\\/paro-de-micros-de-larga-distancia-desde-este-viernes-al-mediodia\\\/\"]}]},{\"@type\":\"ImageObject\",\"inLanguage\":\"es\",\"@id\":\"https:\\\/\\\/diariotextual.com\\\/inicio\\\/index.php\\\/2021\\\/08\\\/26\\\/paro-de-micros-de-larga-distancia-desde-este-viernes-al-mediodia\\\/#primaryimage\",\"url\":\"https:\\\/\\\/diariotextual.com\\\/inicio\\\/wp-content\\\/uploads\\\/2018\\\/11\\\/microslargadistancia.jpg\",\"contentUrl\":\"https:\\\/\\\/diariotextual.com\\\/inicio\\\/wp-content\\\/uploads\\\/2018\\\/11\\\/microslargadistancia.jpg\",\"width\":712,\"height\":450},{\"@type\":\"BreadcrumbList\",\"@id\":\"https:\\\/\\\/diariotextual.com\\\/inicio\\\/index.php\\\/2021\\\/08\\\/26\\\/paro-de-micros-de-larga-distancia-desde-este-viernes-al-mediodia\\\/#breadcrumb\",\"itemListElement\":[{\"@type\":\"ListItem\",\"position\":1,\"name\":\"Portada\",\"item\":\"https:\\\/\\\/diariotextual.com\\\/inicio\\\/\"},{\"@type\":\"ListItem\",\"position\":2,\"name\":\"Paro de micros de larga distancia desde este viernes al mediod\u00eda\"}]},{\"@type\":\"WebSite\",\"@id\":\"https:\\\/\\\/diariotextual.com\\\/inicio\\\/#website\",\"url\":\"https:\\\/\\\/diariotextual.com\\\/inicio\\\/\",\"name\":\"Diario Textual\",\"description\":\"\",\"publisher\":{\"@id\":\"https:\\\/\\\/diariotextual.com\\\/inicio\\\/#organization\"},\"potentialAction\":[{\"@type\":\"SearchAction\",\"target\":{\"@type\":\"EntryPoint\",\"urlTemplate\":\"https:\\\/\\\/diariotextual.com\\\/inicio\\\/?s={search_term_string}\"},\"query-input\":{\"@type\":\"PropertyValueSpecification\",\"valueRequired\":true,\"valueName\":\"search_term_string\"}}],\"inLanguage\":\"es\"},{\"@type\":\"Organization\",\"@id\":\"https:\\\/\\\/diariotextual.com\\\/inicio\\\/#organization\",\"name\":\"Diario Textual\",\"url\":\"https:\\\/\\\/diariotextual.com\\\/inicio\\\/\",\"logo\":{\"@type\":\"ImageObject\",\"inLanguage\":\"es\",\"@id\":\"https:\\\/\\\/diariotextual.com\\\/inicio\\\/#\\\/schema\\\/logo\\\/image\\\/\",\"url\":\"https:\\\/\\\/diariotextual.com\\\/inicio\\\/wp-content\\\/uploads\\\/2023\\\/05\\\/logotextual1.jpg\",\"contentUrl\":\"https:\\\/\\\/diariotextual.com\\\/inicio\\\/wp-content\\\/uploads\\\/2023\\\/05\\\/logotextual1.jpg\",\"width\":516,\"height\":76,\"caption\":\"Diario Textual\"},\"image\":{\"@id\":\"https:\\\/\\\/diariotextual.com\\\/inicio\\\/#\\\/schema\\\/logo\\\/image\\\/\"},\"sameAs\":[\"https:\\\/\\\/www.facebook.com\\\/eltextual\",\"https:\\\/\\\/x.com\\\/eltextual\",\"http:\\\/\\\/www.instagram.com\\\/eltextual\"]},{\"@type\":\"Person\",\"@id\":\"https:\\\/\\\/diariotextual.com\\\/inicio\\\/#\\\/schema\\\/person\\\/a1b6f563e0ee944c60f98119389a4d9f\",\"name\":\"diario3\",\"image\":{\"@type\":\"ImageObject\",\"inLanguage\":\"es\",\"@id\":\"https:\\\/\\\/secure.gravatar.com\\\/avatar\\\/5e7ee62c82fc04d9dd79d746a390d93c69c43223e5faeeb3ea9461ef752bfc5d?s=96&d=mm&r=g\",\"url\":\"https:\\\/\\\/secure.gravatar.com\\\/avatar\\\/5e7ee62c82fc04d9dd79d746a390d93c69c43223e5faeeb3ea9461ef752bfc5d?s=96&d=mm&r=g\",\"contentUrl\":\"https:\\\/\\\/secure.gravatar.com\\\/avatar\\\/5e7ee62c82fc04d9dd79d746a390d93c69c43223e5faeeb3ea9461ef752bfc5d?s=96&d=mm&r=g\",\"caption\":\"diario3\"},\"url\":\"https:\\\/\\\/diariotextual.com\\\/inicio\\\/index.php\\\/author\\\/diario3\\\/\"}]}<\/script>\n<!-- \/ Yoast SEO plugin. -->","yoast_head_json":{"title":"Paro de micros de larga distancia desde este viernes al mediod\u00eda - Diario Textual","robots":{"index":"index","follow":"follow","max-snippet":"max-snippet:-1","max-image-preview":"max-image-preview:large","max-video-preview":"max-video-preview:-1"},"canonical":"https:\/\/diariotextual.com\/inicio\/index.php\/2021\/08\/26\/paro-de-micros-de-larga-distancia-desde-este-viernes-al-mediodia\/","og_locale":"es_ES","og_type":"article","og_title":"Paro de micros de larga distancia desde este viernes al mediod\u00eda - Diario Textual","og_description":"La Uni\u00f3n Tranviarios Automotor resolvi\u00f3 convocar a un paro nacional del sector de transporte de larga distancia por 72 horas. La medida regir\u00e1 desde las 12 horas de ma\u00f1ana, hasta&hellip;","og_url":"https:\/\/diariotextual.com\/inicio\/index.php\/2021\/08\/26\/paro-de-micros-de-larga-distancia-desde-este-viernes-al-mediodia\/","og_site_name":"Diario Textual","article_publisher":"https:\/\/www.facebook.com\/eltextual","article_published_time":"2021-08-26T23:51:56+00:00","article_modified_time":"2021-08-27T13:17:38+00:00","og_image":[{"width":712,"height":450,"url":"https:\/\/diariotextual.com\/inicio\/wp-content\/uploads\/2018\/11\/microslargadistancia.jpg","type":"image\/jpeg"}],"author":"diario3","twitter_card":"summary_large_image","twitter_creator":"@eltextual","twitter_site":"@eltextual","twitter_misc":{"Escrito por":"diario3","Tiempo de lectura":"2 minutos"},"schema":{"@context":"https:\/\/schema.org","@graph":[{"@type":"Article","@id":"https:\/\/diariotextual.com\/inicio\/index.php\/2021\/08\/26\/paro-de-micros-de-larga-distancia-desde-este-viernes-al-mediodia\/#article","isPartOf":{"@id":"https:\/\/diariotextual.com\/inicio\/index.php\/2021\/08\/26\/paro-de-micros-de-larga-distancia-desde-este-viernes-al-mediodia\/"},"author":{"name":"diario3","@id":"https:\/\/diariotextual.com\/inicio\/#\/schema\/person\/a1b6f563e0ee944c60f98119389a4d9f"},"headline":"Paro de micros de larga distancia desde este viernes al mediod\u00eda","datePublished":"2021-08-26T23:51:56+00:00","dateModified":"2021-08-27T13:17:38+00:00","mainEntityOfPage":{"@id":"https:\/\/diariotextual.com\/inicio\/index.php\/2021\/08\/26\/paro-de-micros-de-larga-distancia-desde-este-viernes-al-mediodia\/"},"wordCount":377,"publisher":{"@id":"https:\/\/diariotextual.com\/inicio\/#organization"},"image":{"@id":"https:\/\/diariotextual.com\/inicio\/index.php\/2021\/08\/26\/paro-de-micros-de-larga-distancia-desde-este-viernes-al-mediodia\/#primaryimage"},"thumbnailUrl":"https:\/\/diariotextual.com\/inicio\/wp-content\/uploads\/2018\/11\/microslargadistancia.jpg","keywords":["transporte","UTA"],"articleSection":["A - PORTADA2","SOCIEDAD"],"inLanguage":"es"},{"@type":"WebPage","@id":"https:\/\/diariotextual.com\/inicio\/index.php\/2021\/08\/26\/paro-de-micros-de-larga-distancia-desde-este-viernes-al-mediodia\/","url":"https:\/\/diariotextual.com\/inicio\/index.php\/2021\/08\/26\/paro-de-micros-de-larga-distancia-desde-este-viernes-al-mediodia\/","name":"Paro de micros de larga distancia desde este viernes al mediod\u00eda - Diario Textual","isPartOf":{"@id":"https:\/\/diariotextual.com\/inicio\/#website"},"primaryImageOfPage":{"@id":"https:\/\/diariotextual.com\/inicio\/index.php\/2021\/08\/26\/paro-de-micros-de-larga-distancia-desde-este-viernes-al-mediodia\/#primaryimage"},"image":{"@id":"https:\/\/diariotextual.com\/inicio\/index.php\/2021\/08\/26\/paro-de-micros-de-larga-distancia-desde-este-viernes-al-mediodia\/#primaryimage"},"thumbnailUrl":"https:\/\/diariotextual.com\/inicio\/wp-content\/uploads\/2018\/11\/microslargadistancia.jpg","datePublished":"2021-08-26T23:51:56+00:00","dateModified":"2021-08-27T13:17:38+00:00","breadcrumb":{"@id":"https:\/\/diariotextual.com\/inicio\/index.php\/2021\/08\/26\/paro-de-micros-de-larga-distancia-desde-este-viernes-al-mediodia\/#breadcrumb"},"inLanguage":"es","potentialAction":[{"@type":"ReadAction","target":["https:\/\/diariotextual.com\/inicio\/index.php\/2021\/08\/26\/paro-de-micros-de-larga-distancia-desde-este-viernes-al-mediodia\/"]}]},{"@type":"ImageObject","inLanguage":"es","@id":"https:\/\/diariotextual.com\/inicio\/index.php\/2021\/08\/26\/paro-de-micros-de-larga-distancia-desde-este-viernes-al-mediodia\/#primaryimage","url":"https:\/\/diariotextual.com\/inicio\/wp-content\/uploads\/2018\/11\/microslargadistancia.jpg","contentUrl":"https:\/\/diariotextual.com\/inicio\/wp-content\/uploads\/2018\/11\/microslargadistancia.jpg","width":712,"height":450},{"@type":"BreadcrumbList","@id":"https:\/\/diariotextual.com\/inicio\/index.php\/2021\/08\/26\/paro-de-micros-de-larga-distancia-desde-este-viernes-al-mediodia\/#breadcrumb","itemListElement":[{"@type":"ListItem","position":1,"name":"Portada","item":"https:\/\/diariotextual.com\/inicio\/"},{"@type":"ListItem","position":2,"name":"Paro de micros de larga distancia desde este viernes al mediod\u00eda"}]},{"@type":"WebSite","@id":"https:\/\/diariotextual.com\/inicio\/#website","url":"https:\/\/diariotextual.com\/inicio\/","name":"Diario Textual","description":"","publisher":{"@id":"https:\/\/diariotextual.com\/inicio\/#organization"},"potentialAction":[{"@type":"SearchAction","target":{"@type":"EntryPoint","urlTemplate":"https:\/\/diariotextual.com\/inicio\/?s={search_term_string}"},"query-input":{"@type":"PropertyValueSpecification","valueRequired":true,"valueName":"search_term_string"}}],"inLanguage":"es"},{"@type":"Organization","@id":"https:\/\/diariotextual.com\/inicio\/#organization","name":"Diario Textual","url":"https:\/\/diariotextual.com\/inicio\/","logo":{"@type":"ImageObject","inLanguage":"es","@id":"https:\/\/diariotextual.com\/inicio\/#\/schema\/logo\/image\/","url":"https:\/\/diariotextual.com\/inicio\/wp-content\/uploads\/2023\/05\/logotextual1.jpg","contentUrl":"https:\/\/diariotextual.com\/inicio\/wp-content\/uploads\/2023\/05\/logotextual1.jpg","width":516,"height":76,"caption":"Diario Textual"},"image":{"@id":"https:\/\/diariotextual.com\/inicio\/#\/schema\/logo\/image\/"},"sameAs":["https:\/\/www.facebook.com\/eltextual","https:\/\/x.com\/eltextual","http:\/\/www.instagram.com\/eltextual"]},{"@type":"Person","@id":"https:\/\/diariotextual.com\/inicio\/#\/schema\/person\/a1b6f563e0ee944c60f98119389a4d9f","name":"diario3","image":{"@type":"ImageObject","inLanguage":"es","@id":"https:\/\/secure.gravatar.com\/avatar\/5e7ee62c82fc04d9dd79d746a390d93c69c43223e5faeeb3ea9461ef752bfc5d?s=96&d=mm&r=g","url":"https:\/\/secure.gravatar.com\/avatar\/5e7ee62c82fc04d9dd79d746a390d93c69c43223e5faeeb3ea9461ef752bfc5d?s=96&d=mm&r=g","contentUrl":"https:\/\/secure.gravatar.com\/avatar\/5e7ee62c82fc04d9dd79d746a390d93c69c43223e5faeeb3ea9461ef752bfc5d?s=96&d=mm&r=g","caption":"diario3"},"url":"https:\/\/diariotextual.com\/inicio\/index.php\/author\/diario3\/"}]}},"_links":{"self":[{"href":"https:\/\/diariotextual.com\/inicio\/index.php\/wp-json\/wp\/v2\/posts\/159225","targetHints":{"allow":["GET"]}}],"collection":[{"href":"https:\/\/diariotextual.com\/inicio\/index.php\/wp-json\/wp\/v2\/posts"}],"about":[{"href":"https:\/\/diariotextual.com\/inicio\/index.php\/wp-json\/wp\/v2\/types\/post"}],"author":[{"embeddable":true,"href":"https:\/\/diariotextual.com\/inicio\/index.php\/wp-json\/wp\/v2\/users\/5"}],"replies":[{"embeddable":true,"href":"https:\/\/diariotextual.com\/inicio\/index.php\/wp-json\/wp\/v2\/comments?post=159225"}],"version-history":[{"count":1,"href":"https:\/\/diariotextual.com\/inicio\/index.php\/wp-json\/wp\/v2\/posts\/159225\/revisions"}],"predecessor-version":[{"id":159226,"href":"https:\/\/diariotextual.com\/inicio\/index.php\/wp-json\/wp\/v2\/posts\/159225\/revisions\/159226"}],"wp:featuredmedia":[{"embeddable":true,"href":"https:\/\/diariotextual.com\/inicio\/index.php\/wp-json\/wp\/v2\/media\/27066"}],"wp:attachment":[{"href":"https:\/\/diariotextual.com\/inicio\/index.php\/wp-json\/wp\/v2\/media?parent=159225"}],"wp:term":[{"taxonomy":"category","embeddable":true,"href":"https:\/\/diariotextual.com\/inicio\/index.php\/wp-json\/wp\/v2\/categories?post=159225"},{"taxonomy":"post_tag","embeddable":true,"href":"https:\/\/diariotextual.com\/inicio\/index.php\/wp-json\/wp\/v2\/tags?post=159225"}],"curies":[{"name":"wp","href":"https:\/\/api.w.org\/{rel}","templated":true}]}}