{"id":159309,"date":"2021-08-27T19:58:00","date_gmt":"2021-08-27T22:58:00","guid":{"rendered":"https:\/\/diariotextual.com\/inicio\/?p=159309"},"modified":"2021-08-28T09:22:44","modified_gmt":"2021-08-28T12:22:44","slug":"alberto-en-santa-rosa-estamos-en-un-proceso-real-de-recuperacion-economica","status":"publish","type":"post","link":"https:\/\/diariotextual.com\/inicio\/index.php\/2021\/08\/27\/alberto-en-santa-rosa-estamos-en-un-proceso-real-de-recuperacion-economica\/","title":{"rendered":"Alberto, en Santa Rosa: \u201cEstamos en un proceso real de recuperaci\u00f3n econ\u00f3mica\u201d"},"content":{"rendered":"\n<p>El presidente<strong> Alberto Fern\u00e1ndez <\/strong>recorri\u00f3 este mediod\u00eda, como parte de su visita a la provincia de La Pampa, las instalaciones de la empresa <strong>Apex Metal\u00fargic<\/strong>a, que produce una serie de herramientas para los sistemas extractivos de pozos petroleros y anunci\u00f3 una inversi\u00f3n de 18 millones de d\u00f3lares en el pa\u00eds para garantizar el abastecimiento del 40 por ciento de la demanda nacional.<\/p>\n\n\n\n<p><strong>\u201cArgentina se encuentra en un proceso real de recuperaci\u00f3n econ\u00f3mica. Y, como siempre digo, hay reactivaci\u00f3n porque hay vacunas\u201d<\/strong>, afirm\u00f3 Fern\u00e1ndez en declaraciones a la prensa al culminar la recorrida por la planta industrial acompa\u00f1ado por el gobernador<strong> Sergio Ziliotto<\/strong>.<\/p>\n\n\n\n<p><strong>\u201cEn muchos sectores los empleos no paran de crecer, cada d\u00eda hay m\u00e1s sustituci\u00f3n de importaciones, m\u00e1s industria nacional y m\u00e1s trabajo para los argentinos. Este es el pa\u00eds que queremos\u201d<\/strong>, destac\u00f3.<\/p>\n\n\n\n<figure class=\"wp-block-image size-large\"><img fetchpriority=\"high\" decoding=\"async\" width=\"1024\" height=\"682\" src=\"https:\/\/diariotextual.com\/inicio\/wp-content\/uploads\/2021\/08\/fernandezalbertosantarosaapex2021-1-1024x682.jpeg\" alt=\"\" class=\"wp-image-159311\" srcset=\"https:\/\/diariotextual.com\/inicio\/wp-content\/uploads\/2021\/08\/fernandezalbertosantarosaapex2021-1-1024x682.jpeg 1024w, https:\/\/diariotextual.com\/inicio\/wp-content\/uploads\/2021\/08\/fernandezalbertosantarosaapex2021-1-300x200.jpeg 300w, https:\/\/diariotextual.com\/inicio\/wp-content\/uploads\/2021\/08\/fernandezalbertosantarosaapex2021-1-768x512.jpeg 768w, https:\/\/diariotextual.com\/inicio\/wp-content\/uploads\/2021\/08\/fernandezalbertosantarosaapex2021-1-1536x1023.jpeg 1536w, https:\/\/diariotextual.com\/inicio\/wp-content\/uploads\/2021\/08\/fernandezalbertosantarosaapex2021-1-1170x780.jpeg 1170w, https:\/\/diariotextual.com\/inicio\/wp-content\/uploads\/2021\/08\/fernandezalbertosantarosaapex2021-1-585x390.jpeg 585w, https:\/\/diariotextual.com\/inicio\/wp-content\/uploads\/2021\/08\/fernandezalbertosantarosaapex2021-1-263x175.jpeg 263w, https:\/\/diariotextual.com\/inicio\/wp-content\/uploads\/2021\/08\/fernandezalbertosantarosaapex2021-1.jpeg 1600w\" sizes=\"(max-width: 1024px) 100vw, 1024px\" \/><\/figure>\n\n\n\n<p>El presidente visit\u00f3 tambi\u00e9n esta semana las provincias de San Juan y Catamarca donde se interioriz\u00f3 acerca de los planes de inversiones de otras industrias textiles.<\/p>\n\n\n\n<p>La firma pampeana Apex prev\u00e9 alcanzar una facturaci\u00f3n de 4 millones de d\u00f3lares y de entre 10 y 12 millones para 2022.<\/p>\n\n\n\n<p>La empresa, cuyo capital es 90 por ciento argentino y 10 por ciento estadounidense, comenz\u00f3 a operar durante la pandemia. Genera 30 puestos de trabajo y proyecta, como parte de su plan de crecimiento, sumar 15 empleados m\u00e1s a la n\u00f3mina. Se encuentra en negociaciones con YPF para el desarrollo futuro de un contrato de provisi\u00f3n y avanza en una propuesta para garantizar la venta de servicios a Ecuador, Per\u00fa y Brasil.<\/p>\n\n\n\n<p>La producci\u00f3n de la compa\u00f1\u00eda es utilizada por empresas que trabajan en Vaca Muerta, principal formaci\u00f3n de hidrocarburos no convencionales de Argentina.<\/p>\n\n\n\n<p>La generaci\u00f3n de gas en la cuenca neuquina ha registrado este 2021 una fuerte expansi\u00f3n y llegar\u00e1 a producir 235.000 barriles de petr\u00f3leo por d\u00eda, un crecimiento del 10,4 por ciento con respecto a junio del a\u00f1o pasado.<\/p>\n\n\n\n<p>Participaron de la actividad la ministra de la Producci\u00f3n de La Pampa, Fernanda Gonz\u00e1lez; el secretario de Energ\u00eda e Hidrocarburos, Mat\u00edas Toso; el gerente general de Apex Metal\u00fargica, Arturo Acevedo; el gerente comercial, Miguel Iglesias; y la presidenta de Pampetrol, Mar\u00eda Roveda.<\/p>\n\n\n\n<figure class=\"wp-block-embed is-type-wp-embed is-provider-diario-textual wp-block-embed-diario-textual\"><div class=\"wp-block-embed__wrapper\">\n<blockquote class=\"wp-embedded-content\" data-secret=\"NVZkDV9gCA\"><a href=\"https:\/\/diariotextual.com\/inicio\/index.php\/2021\/08\/27\/alberto-y-ziliotto-en-vez-de-la-timba-financiera-del-macrismo-hay-que-centrarse-en-la-produccion\/\">Alberto y el macrismo: &#8220;La pandemia fue aprovechada para echar un manto de olvido&#8221;<\/a><\/blockquote><iframe class=\"wp-embedded-content\" sandbox=\"allow-scripts\" security=\"restricted\" style=\"position: absolute; clip: rect(1px, 1px, 1px, 1px);\" title=\"\u00abAlberto y el macrismo: &#8220;La pandemia fue aprovechada para echar un manto de olvido&#8221;\u00bb \u2014 Diario Textual\" src=\"https:\/\/diariotextual.com\/inicio\/index.php\/2021\/08\/27\/alberto-y-ziliotto-en-vez-de-la-timba-financiera-del-macrismo-hay-que-centrarse-en-la-produccion\/embed\/#?secret=NVZkDV9gCA\" data-secret=\"NVZkDV9gCA\" width=\"600\" height=\"338\" frameborder=\"0\" marginwidth=\"0\" marginheight=\"0\" scrolling=\"no\"><\/iframe>\n<\/div><\/figure>\n","protected":false},"excerpt":{"rendered":"<p>El presidente Alberto Fern\u00e1ndez recorri\u00f3 este mediod\u00eda, como parte de su visita a la provincia de La Pampa, las instalaciones de la empresa Apex Metal\u00fargica, que produce una serie de&hellip;<\/p>\n","protected":false},"author":3,"featured_media":159318,"comment_status":"closed","ping_status":"open","sticky":false,"template":"","format":"standard","meta":{"_acf_changed":false,"footnotes":""},"categories":[10,8],"tags":[2505],"class_list":["post-159309","post","type-post","status-publish","format-standard","has-post-thumbnail","hentry","category-portada-2","category-politica","tag-apex"],"acf":[],"yoast_head":"<!-- This site is optimized with the Yoast SEO plugin v27.5 - https:\/\/yoast.com\/product\/yoast-seo-wordpress\/ -->\n<title>Alberto, en Santa Rosa: \u201cEstamos en un proceso real de recuperaci\u00f3n econ\u00f3mica\u201d - Diario Textual<\/title>\n<meta name=\"robots\" content=\"index, follow, max-snippet:-1, max-image-preview:large, max-video-preview:-1\" \/>\n<link rel=\"canonical\" href=\"https:\/\/diariotextual.com\/inicio\/index.php\/2021\/08\/27\/alberto-en-santa-rosa-estamos-en-un-proceso-real-de-recuperacion-economica\/\" \/>\n<meta property=\"og:locale\" content=\"es_ES\" \/>\n<meta property=\"og:type\" content=\"article\" \/>\n<meta property=\"og:title\" content=\"Alberto, en Santa Rosa: \u201cEstamos en un proceso real de recuperaci\u00f3n econ\u00f3mica\u201d - Diario Textual\" \/>\n<meta property=\"og:description\" content=\"El presidente Alberto Fern\u00e1ndez recorri\u00f3 este mediod\u00eda, como parte de su visita a la provincia de La Pampa, las instalaciones de la empresa Apex Metal\u00fargica, que produce una serie de&hellip;\" \/>\n<meta property=\"og:url\" content=\"https:\/\/diariotextual.com\/inicio\/index.php\/2021\/08\/27\/alberto-en-santa-rosa-estamos-en-un-proceso-real-de-recuperacion-economica\/\" \/>\n<meta property=\"og:site_name\" content=\"Diario Textual\" \/>\n<meta property=\"article:publisher\" content=\"https:\/\/www.facebook.com\/eltextual\" \/>\n<meta property=\"article:published_time\" content=\"2021-08-27T22:58:00+00:00\" \/>\n<meta property=\"article:modified_time\" content=\"2021-08-28T12:22:44+00:00\" \/>\n<meta property=\"og:image\" content=\"https:\/\/diariotextual.com\/inicio\/wp-content\/uploads\/2021\/08\/fernandezalbertoziliottosergioapex2021-3.jpeg\" \/>\n\t<meta property=\"og:image:width\" content=\"1600\" \/>\n\t<meta property=\"og:image:height\" content=\"1066\" \/>\n\t<meta property=\"og:image:type\" content=\"image\/jpeg\" \/>\n<meta name=\"author\" content=\"Diario1 Diario1\" \/>\n<meta name=\"twitter:card\" content=\"summary_large_image\" \/>\n<meta name=\"twitter:creator\" content=\"@eltextual\" \/>\n<meta name=\"twitter:site\" content=\"@eltextual\" \/>\n<meta name=\"twitter:label1\" content=\"Escrito por\" \/>\n\t<meta name=\"twitter:data1\" content=\"Diario1 Diario1\" \/>\n\t<meta name=\"twitter:label2\" content=\"Tiempo de lectura\" \/>\n\t<meta name=\"twitter:data2\" content=\"2 minutos\" \/>\n<script type=\"application\/ld+json\" class=\"yoast-schema-graph\">{\"@context\":\"https:\\\/\\\/schema.org\",\"@graph\":[{\"@type\":\"Article\",\"@id\":\"https:\\\/\\\/diariotextual.com\\\/inicio\\\/index.php\\\/2021\\\/08\\\/27\\\/alberto-en-santa-rosa-estamos-en-un-proceso-real-de-recuperacion-economica\\\/#article\",\"isPartOf\":{\"@id\":\"https:\\\/\\\/diariotextual.com\\\/inicio\\\/index.php\\\/2021\\\/08\\\/27\\\/alberto-en-santa-rosa-estamos-en-un-proceso-real-de-recuperacion-economica\\\/\"},\"author\":{\"name\":\"Diario1 Diario1\",\"@id\":\"https:\\\/\\\/diariotextual.com\\\/inicio\\\/#\\\/schema\\\/person\\\/418fc4093c33e86ed41562db3508f958\"},\"headline\":\"Alberto, en Santa Rosa: \u201cEstamos en un proceso real de recuperaci\u00f3n econ\u00f3mica\u201d\",\"datePublished\":\"2021-08-27T22:58:00+00:00\",\"dateModified\":\"2021-08-28T12:22:44+00:00\",\"mainEntityOfPage\":{\"@id\":\"https:\\\/\\\/diariotextual.com\\\/inicio\\\/index.php\\\/2021\\\/08\\\/27\\\/alberto-en-santa-rosa-estamos-en-un-proceso-real-de-recuperacion-economica\\\/\"},\"wordCount\":401,\"publisher\":{\"@id\":\"https:\\\/\\\/diariotextual.com\\\/inicio\\\/#organization\"},\"image\":{\"@id\":\"https:\\\/\\\/diariotextual.com\\\/inicio\\\/index.php\\\/2021\\\/08\\\/27\\\/alberto-en-santa-rosa-estamos-en-un-proceso-real-de-recuperacion-economica\\\/#primaryimage\"},\"thumbnailUrl\":\"https:\\\/\\\/diariotextual.com\\\/inicio\\\/wp-content\\\/uploads\\\/2021\\\/08\\\/fernandezalbertoziliottosergioapex2021-3.jpeg\",\"keywords\":[\"apex\"],\"articleSection\":[\"A - PORTADA2\",\"POLITICA\"],\"inLanguage\":\"es\"},{\"@type\":\"WebPage\",\"@id\":\"https:\\\/\\\/diariotextual.com\\\/inicio\\\/index.php\\\/2021\\\/08\\\/27\\\/alberto-en-santa-rosa-estamos-en-un-proceso-real-de-recuperacion-economica\\\/\",\"url\":\"https:\\\/\\\/diariotextual.com\\\/inicio\\\/index.php\\\/2021\\\/08\\\/27\\\/alberto-en-santa-rosa-estamos-en-un-proceso-real-de-recuperacion-economica\\\/\",\"name\":\"Alberto, en Santa Rosa: \u201cEstamos en un proceso real de recuperaci\u00f3n econ\u00f3mica\u201d - Diario Textual\",\"isPartOf\":{\"@id\":\"https:\\\/\\\/diariotextual.com\\\/inicio\\\/#website\"},\"primaryImageOfPage\":{\"@id\":\"https:\\\/\\\/diariotextual.com\\\/inicio\\\/index.php\\\/2021\\\/08\\\/27\\\/alberto-en-santa-rosa-estamos-en-un-proceso-real-de-recuperacion-economica\\\/#primaryimage\"},\"image\":{\"@id\":\"https:\\\/\\\/diariotextual.com\\\/inicio\\\/index.php\\\/2021\\\/08\\\/27\\\/alberto-en-santa-rosa-estamos-en-un-proceso-real-de-recuperacion-economica\\\/#primaryimage\"},\"thumbnailUrl\":\"https:\\\/\\\/diariotextual.com\\\/inicio\\\/wp-content\\\/uploads\\\/2021\\\/08\\\/fernandezalbertoziliottosergioapex2021-3.jpeg\",\"datePublished\":\"2021-08-27T22:58:00+00:00\",\"dateModified\":\"2021-08-28T12:22:44+00:00\",\"breadcrumb\":{\"@id\":\"https:\\\/\\\/diariotextual.com\\\/inicio\\\/index.php\\\/2021\\\/08\\\/27\\\/alberto-en-santa-rosa-estamos-en-un-proceso-real-de-recuperacion-economica\\\/#breadcrumb\"},\"inLanguage\":\"es\",\"potentialAction\":[{\"@type\":\"ReadAction\",\"target\":[\"https:\\\/\\\/diariotextual.com\\\/inicio\\\/index.php\\\/2021\\\/08\\\/27\\\/alberto-en-santa-rosa-estamos-en-un-proceso-real-de-recuperacion-economica\\\/\"]}]},{\"@type\":\"ImageObject\",\"inLanguage\":\"es\",\"@id\":\"https:\\\/\\\/diariotextual.com\\\/inicio\\\/index.php\\\/2021\\\/08\\\/27\\\/alberto-en-santa-rosa-estamos-en-un-proceso-real-de-recuperacion-economica\\\/#primaryimage\",\"url\":\"https:\\\/\\\/diariotextual.com\\\/inicio\\\/wp-content\\\/uploads\\\/2021\\\/08\\\/fernandezalbertoziliottosergioapex2021-3.jpeg\",\"contentUrl\":\"https:\\\/\\\/diariotextual.com\\\/inicio\\\/wp-content\\\/uploads\\\/2021\\\/08\\\/fernandezalbertoziliottosergioapex2021-3.jpeg\",\"width\":1600,\"height\":1066},{\"@type\":\"BreadcrumbList\",\"@id\":\"https:\\\/\\\/diariotextual.com\\\/inicio\\\/index.php\\\/2021\\\/08\\\/27\\\/alberto-en-santa-rosa-estamos-en-un-proceso-real-de-recuperacion-economica\\\/#breadcrumb\",\"itemListElement\":[{\"@type\":\"ListItem\",\"position\":1,\"name\":\"Portada\",\"item\":\"https:\\\/\\\/diariotextual.com\\\/inicio\\\/\"},{\"@type\":\"ListItem\",\"position\":2,\"name\":\"Alberto, en Santa Rosa: \u201cEstamos en un proceso real de recuperaci\u00f3n econ\u00f3mica\u201d\"}]},{\"@type\":\"WebSite\",\"@id\":\"https:\\\/\\\/diariotextual.com\\\/inicio\\\/#website\",\"url\":\"https:\\\/\\\/diariotextual.com\\\/inicio\\\/\",\"name\":\"Diario Textual\",\"description\":\"\",\"publisher\":{\"@id\":\"https:\\\/\\\/diariotextual.com\\\/inicio\\\/#organization\"},\"potentialAction\":[{\"@type\":\"SearchAction\",\"target\":{\"@type\":\"EntryPoint\",\"urlTemplate\":\"https:\\\/\\\/diariotextual.com\\\/inicio\\\/?s={search_term_string}\"},\"query-input\":{\"@type\":\"PropertyValueSpecification\",\"valueRequired\":true,\"valueName\":\"search_term_string\"}}],\"inLanguage\":\"es\"},{\"@type\":\"Organization\",\"@id\":\"https:\\\/\\\/diariotextual.com\\\/inicio\\\/#organization\",\"name\":\"Diario Textual\",\"url\":\"https:\\\/\\\/diariotextual.com\\\/inicio\\\/\",\"logo\":{\"@type\":\"ImageObject\",\"inLanguage\":\"es\",\"@id\":\"https:\\\/\\\/diariotextual.com\\\/inicio\\\/#\\\/schema\\\/logo\\\/image\\\/\",\"url\":\"https:\\\/\\\/diariotextual.com\\\/inicio\\\/wp-content\\\/uploads\\\/2023\\\/05\\\/logotextual1.jpg\",\"contentUrl\":\"https:\\\/\\\/diariotextual.com\\\/inicio\\\/wp-content\\\/uploads\\\/2023\\\/05\\\/logotextual1.jpg\",\"width\":516,\"height\":76,\"caption\":\"Diario Textual\"},\"image\":{\"@id\":\"https:\\\/\\\/diariotextual.com\\\/inicio\\\/#\\\/schema\\\/logo\\\/image\\\/\"},\"sameAs\":[\"https:\\\/\\\/www.facebook.com\\\/eltextual\",\"https:\\\/\\\/x.com\\\/eltextual\",\"http:\\\/\\\/www.instagram.com\\\/eltextual\"]},{\"@type\":\"Person\",\"@id\":\"https:\\\/\\\/diariotextual.com\\\/inicio\\\/#\\\/schema\\\/person\\\/418fc4093c33e86ed41562db3508f958\",\"name\":\"Diario1 Diario1\",\"image\":{\"@type\":\"ImageObject\",\"inLanguage\":\"es\",\"@id\":\"https:\\\/\\\/secure.gravatar.com\\\/avatar\\\/9167d280179c85bc18be67aa7eda765854300033af4896dd779b608640f2ef7a?s=96&d=mm&r=g\",\"url\":\"https:\\\/\\\/secure.gravatar.com\\\/avatar\\\/9167d280179c85bc18be67aa7eda765854300033af4896dd779b608640f2ef7a?s=96&d=mm&r=g\",\"contentUrl\":\"https:\\\/\\\/secure.gravatar.com\\\/avatar\\\/9167d280179c85bc18be67aa7eda765854300033af4896dd779b608640f2ef7a?s=96&d=mm&r=g\",\"caption\":\"Diario1 Diario1\"},\"url\":\"https:\\\/\\\/diariotextual.com\\\/inicio\\\/index.php\\\/author\\\/diario1\\\/\"}]}<\/script>\n<!-- \/ Yoast SEO plugin. -->","yoast_head_json":{"title":"Alberto, en Santa Rosa: \u201cEstamos en un proceso real de recuperaci\u00f3n econ\u00f3mica\u201d - Diario Textual","robots":{"index":"index","follow":"follow","max-snippet":"max-snippet:-1","max-image-preview":"max-image-preview:large","max-video-preview":"max-video-preview:-1"},"canonical":"https:\/\/diariotextual.com\/inicio\/index.php\/2021\/08\/27\/alberto-en-santa-rosa-estamos-en-un-proceso-real-de-recuperacion-economica\/","og_locale":"es_ES","og_type":"article","og_title":"Alberto, en Santa Rosa: \u201cEstamos en un proceso real de recuperaci\u00f3n econ\u00f3mica\u201d - Diario Textual","og_description":"El presidente Alberto Fern\u00e1ndez recorri\u00f3 este mediod\u00eda, como parte de su visita a la provincia de La Pampa, las instalaciones de la empresa Apex Metal\u00fargica, que produce una serie de&hellip;","og_url":"https:\/\/diariotextual.com\/inicio\/index.php\/2021\/08\/27\/alberto-en-santa-rosa-estamos-en-un-proceso-real-de-recuperacion-economica\/","og_site_name":"Diario Textual","article_publisher":"https:\/\/www.facebook.com\/eltextual","article_published_time":"2021-08-27T22:58:00+00:00","article_modified_time":"2021-08-28T12:22:44+00:00","og_image":[{"width":1600,"height":1066,"url":"https:\/\/diariotextual.com\/inicio\/wp-content\/uploads\/2021\/08\/fernandezalbertoziliottosergioapex2021-3.jpeg","type":"image\/jpeg"}],"author":"Diario1 Diario1","twitter_card":"summary_large_image","twitter_creator":"@eltextual","twitter_site":"@eltextual","twitter_misc":{"Escrito por":"Diario1 Diario1","Tiempo de lectura":"2 minutos"},"schema":{"@context":"https:\/\/schema.org","@graph":[{"@type":"Article","@id":"https:\/\/diariotextual.com\/inicio\/index.php\/2021\/08\/27\/alberto-en-santa-rosa-estamos-en-un-proceso-real-de-recuperacion-economica\/#article","isPartOf":{"@id":"https:\/\/diariotextual.com\/inicio\/index.php\/2021\/08\/27\/alberto-en-santa-rosa-estamos-en-un-proceso-real-de-recuperacion-economica\/"},"author":{"name":"Diario1 Diario1","@id":"https:\/\/diariotextual.com\/inicio\/#\/schema\/person\/418fc4093c33e86ed41562db3508f958"},"headline":"Alberto, en Santa Rosa: \u201cEstamos en un proceso real de recuperaci\u00f3n econ\u00f3mica\u201d","datePublished":"2021-08-27T22:58:00+00:00","dateModified":"2021-08-28T12:22:44+00:00","mainEntityOfPage":{"@id":"https:\/\/diariotextual.com\/inicio\/index.php\/2021\/08\/27\/alberto-en-santa-rosa-estamos-en-un-proceso-real-de-recuperacion-economica\/"},"wordCount":401,"publisher":{"@id":"https:\/\/diariotextual.com\/inicio\/#organization"},"image":{"@id":"https:\/\/diariotextual.com\/inicio\/index.php\/2021\/08\/27\/alberto-en-santa-rosa-estamos-en-un-proceso-real-de-recuperacion-economica\/#primaryimage"},"thumbnailUrl":"https:\/\/diariotextual.com\/inicio\/wp-content\/uploads\/2021\/08\/fernandezalbertoziliottosergioapex2021-3.jpeg","keywords":["apex"],"articleSection":["A - PORTADA2","POLITICA"],"inLanguage":"es"},{"@type":"WebPage","@id":"https:\/\/diariotextual.com\/inicio\/index.php\/2021\/08\/27\/alberto-en-santa-rosa-estamos-en-un-proceso-real-de-recuperacion-economica\/","url":"https:\/\/diariotextual.com\/inicio\/index.php\/2021\/08\/27\/alberto-en-santa-rosa-estamos-en-un-proceso-real-de-recuperacion-economica\/","name":"Alberto, en Santa Rosa: \u201cEstamos en un proceso real de recuperaci\u00f3n econ\u00f3mica\u201d - Diario Textual","isPartOf":{"@id":"https:\/\/diariotextual.com\/inicio\/#website"},"primaryImageOfPage":{"@id":"https:\/\/diariotextual.com\/inicio\/index.php\/2021\/08\/27\/alberto-en-santa-rosa-estamos-en-un-proceso-real-de-recuperacion-economica\/#primaryimage"},"image":{"@id":"https:\/\/diariotextual.com\/inicio\/index.php\/2021\/08\/27\/alberto-en-santa-rosa-estamos-en-un-proceso-real-de-recuperacion-economica\/#primaryimage"},"thumbnailUrl":"https:\/\/diariotextual.com\/inicio\/wp-content\/uploads\/2021\/08\/fernandezalbertoziliottosergioapex2021-3.jpeg","datePublished":"2021-08-27T22:58:00+00:00","dateModified":"2021-08-28T12:22:44+00:00","breadcrumb":{"@id":"https:\/\/diariotextual.com\/inicio\/index.php\/2021\/08\/27\/alberto-en-santa-rosa-estamos-en-un-proceso-real-de-recuperacion-economica\/#breadcrumb"},"inLanguage":"es","potentialAction":[{"@type":"ReadAction","target":["https:\/\/diariotextual.com\/inicio\/index.php\/2021\/08\/27\/alberto-en-santa-rosa-estamos-en-un-proceso-real-de-recuperacion-economica\/"]}]},{"@type":"ImageObject","inLanguage":"es","@id":"https:\/\/diariotextual.com\/inicio\/index.php\/2021\/08\/27\/alberto-en-santa-rosa-estamos-en-un-proceso-real-de-recuperacion-economica\/#primaryimage","url":"https:\/\/diariotextual.com\/inicio\/wp-content\/uploads\/2021\/08\/fernandezalbertoziliottosergioapex2021-3.jpeg","contentUrl":"https:\/\/diariotextual.com\/inicio\/wp-content\/uploads\/2021\/08\/fernandezalbertoziliottosergioapex2021-3.jpeg","width":1600,"height":1066},{"@type":"BreadcrumbList","@id":"https:\/\/diariotextual.com\/inicio\/index.php\/2021\/08\/27\/alberto-en-santa-rosa-estamos-en-un-proceso-real-de-recuperacion-economica\/#breadcrumb","itemListElement":[{"@type":"ListItem","position":1,"name":"Portada","item":"https:\/\/diariotextual.com\/inicio\/"},{"@type":"ListItem","position":2,"name":"Alberto, en Santa Rosa: \u201cEstamos en un proceso real de recuperaci\u00f3n econ\u00f3mica\u201d"}]},{"@type":"WebSite","@id":"https:\/\/diariotextual.com\/inicio\/#website","url":"https:\/\/diariotextual.com\/inicio\/","name":"Diario Textual","description":"","publisher":{"@id":"https:\/\/diariotextual.com\/inicio\/#organization"},"potentialAction":[{"@type":"SearchAction","target":{"@type":"EntryPoint","urlTemplate":"https:\/\/diariotextual.com\/inicio\/?s={search_term_string}"},"query-input":{"@type":"PropertyValueSpecification","valueRequired":true,"valueName":"search_term_string"}}],"inLanguage":"es"},{"@type":"Organization","@id":"https:\/\/diariotextual.com\/inicio\/#organization","name":"Diario Textual","url":"https:\/\/diariotextual.com\/inicio\/","logo":{"@type":"ImageObject","inLanguage":"es","@id":"https:\/\/diariotextual.com\/inicio\/#\/schema\/logo\/image\/","url":"https:\/\/diariotextual.com\/inicio\/wp-content\/uploads\/2023\/05\/logotextual1.jpg","contentUrl":"https:\/\/diariotextual.com\/inicio\/wp-content\/uploads\/2023\/05\/logotextual1.jpg","width":516,"height":76,"caption":"Diario Textual"},"image":{"@id":"https:\/\/diariotextual.com\/inicio\/#\/schema\/logo\/image\/"},"sameAs":["https:\/\/www.facebook.com\/eltextual","https:\/\/x.com\/eltextual","http:\/\/www.instagram.com\/eltextual"]},{"@type":"Person","@id":"https:\/\/diariotextual.com\/inicio\/#\/schema\/person\/418fc4093c33e86ed41562db3508f958","name":"Diario1 Diario1","image":{"@type":"ImageObject","inLanguage":"es","@id":"https:\/\/secure.gravatar.com\/avatar\/9167d280179c85bc18be67aa7eda765854300033af4896dd779b608640f2ef7a?s=96&d=mm&r=g","url":"https:\/\/secure.gravatar.com\/avatar\/9167d280179c85bc18be67aa7eda765854300033af4896dd779b608640f2ef7a?s=96&d=mm&r=g","contentUrl":"https:\/\/secure.gravatar.com\/avatar\/9167d280179c85bc18be67aa7eda765854300033af4896dd779b608640f2ef7a?s=96&d=mm&r=g","caption":"Diario1 Diario1"},"url":"https:\/\/diariotextual.com\/inicio\/index.php\/author\/diario1\/"}]}},"_links":{"self":[{"href":"https:\/\/diariotextual.com\/inicio\/index.php\/wp-json\/wp\/v2\/posts\/159309","targetHints":{"allow":["GET"]}}],"collection":[{"href":"https:\/\/diariotextual.com\/inicio\/index.php\/wp-json\/wp\/v2\/posts"}],"about":[{"href":"https:\/\/diariotextual.com\/inicio\/index.php\/wp-json\/wp\/v2\/types\/post"}],"author":[{"embeddable":true,"href":"https:\/\/diariotextual.com\/inicio\/index.php\/wp-json\/wp\/v2\/users\/3"}],"replies":[{"embeddable":true,"href":"https:\/\/diariotextual.com\/inicio\/index.php\/wp-json\/wp\/v2\/comments?post=159309"}],"version-history":[{"count":9,"href":"https:\/\/diariotextual.com\/inicio\/index.php\/wp-json\/wp\/v2\/posts\/159309\/revisions"}],"predecessor-version":[{"id":159374,"href":"https:\/\/diariotextual.com\/inicio\/index.php\/wp-json\/wp\/v2\/posts\/159309\/revisions\/159374"}],"wp:featuredmedia":[{"embeddable":true,"href":"https:\/\/diariotextual.com\/inicio\/index.php\/wp-json\/wp\/v2\/media\/159318"}],"wp:attachment":[{"href":"https:\/\/diariotextual.com\/inicio\/index.php\/wp-json\/wp\/v2\/media?parent=159309"}],"wp:term":[{"taxonomy":"category","embeddable":true,"href":"https:\/\/diariotextual.com\/inicio\/index.php\/wp-json\/wp\/v2\/categories?post=159309"},{"taxonomy":"post_tag","embeddable":true,"href":"https:\/\/diariotextual.com\/inicio\/index.php\/wp-json\/wp\/v2\/tags?post=159309"}],"curies":[{"name":"wp","href":"https:\/\/api.w.org\/{rel}","templated":true}]}}