{"id":159337,"date":"2021-08-27T14:49:59","date_gmt":"2021-08-27T17:49:59","guid":{"rendered":"https:\/\/diariotextual.com\/inicio\/?p=159337"},"modified":"2021-08-27T19:57:34","modified_gmt":"2021-08-27T22:57:34","slug":"alberto-y-ziliotto-en-vez-de-la-timba-financiera-del-macrismo-hay-que-centrarse-en-la-produccion","status":"publish","type":"post","link":"https:\/\/diariotextual.com\/inicio\/index.php\/2021\/08\/27\/alberto-y-ziliotto-en-vez-de-la-timba-financiera-del-macrismo-hay-que-centrarse-en-la-produccion\/","title":{"rendered":"Alberto y el macrismo: \u00abLa pandemia fue aprovechada para echar un manto de olvido\u00bb"},"content":{"rendered":"\n<p>Con duras cr\u00edticas al macrismo y la defensa en la \u201cproducci\u00f3n y el trabajo\u201d, el presidente Alberto Fern\u00e1ndez y el gobernador Sergio Ziliotto compartieron un acto en el sal\u00f3n Castelvecchio, de Santa Rosa.<\/p>\n\n\n\n<p>En el escenario estuvieron acompa\u00f1ados por el ministro Mat\u00edas Kulfas y los precandidatos a legisladores nacionales Daniel Bensus\u00e1n, Mar\u00eda Luz Alonso, Varinia Mar\u00edn y Ariel Rauschenberger.<\/p>\n\n\n\n<p>El presidente resalt\u00f3, en su discurso, las casi cuatro d\u00e9cadas de gobiernos peronistas en la Pampa. \u201cEs una provincia donde el Estado siempre est\u00e1 presente\u201d, dijo. \u201cDesde el querido Rub\u00e9n Mar\u00edn, en La Pampa siempre han tenido un proyecto. Cada uno de los gobernadores fue aportando lo suyo. Esa continuidad que tuvieron es algo admirable\u201d, dijo.<\/p>\n\n\n\n<p><strong>Fern\u00e1ndez afirm\u00f3 que la pandemia fue \u00abutilizada por algunos para echar un manto de olvido sobre el pasado reciente\u00bb, le pidi\u00f3 a la ciudadan\u00eda que no se deje \u00abconfundir\u00bb por debates \u00abest\u00e9riles e in\u00fatiles\u00bb y ratific\u00f3 que su Gobierno sabe c\u00f3mo construir \u00abotra Argentina\u00bb porque no es \u00abempleado de los bancos ni de las grandes corporaciones\u00bb.<\/strong><\/p>\n\n\n\n<p>\u00abEn los primeros tres meses que pudimos gobernar recuperamos en 6 puntos el salario real, pero al tercer mes, cuando nos est\u00e1bamos recuperando de la pandemia que fue el macrismo, vino la pandemia que azot\u00f3 al mundo\u00bb, expres\u00f3 el presidente en La Pampa, en un discurso en el que hizo una detallada comparaci\u00f3n entre las pol\u00edticas implementadas por su Gobierno, pese al impacto del coronavirus, y las aplicadas durante la gesti\u00f3n de Cambiemos, dos a\u00f1os atr\u00e1s.<\/p>\n\n\n\n<p>Entre los cuestionamientos a la presidencia de Mauricio Macri, Fern\u00e1ndez puso de relieve la \u00abdeuda millonaria en d\u00f3lares\u00bb que los funcionarios de Cambiemos \u00abdejaron impaga\u00bb, que oblig\u00f3 a su Gobierno a tener que \u00abnegociar con uno a uno de los acreedores privados\u00bb, con quienes luego se alcanz\u00f3 una extensi\u00f3n por \u00ab10 a\u00f1os\u00bb del plazo de pagos y el \u00abahorro de m\u00e1s de 37 mil millones de d\u00f3lares\u00bb.<\/p>\n\n\n\n<p>\u00abTomaron la deuda, se escaparon entre las PASO y las generales (del 2019) y<strong>\u00a0dejaron fugar 23 mil y pico de millones de d\u00f3lares y ahora vienen y nos explican lo que tenemos que hacer<\/strong>\u00ab, ironiz\u00f3 el jefe de Estado sobre los funcionarios de Cambiemos.<\/p>\n\n\n\n<p>En varios tramos de su discurso, volvi\u00f3 a castigar al macrismo. <strong>\u201cLa pandemia fue aprovechada por algunos para echar un manto de olvido del pasado reciente, de una Argentina en default hecho y derecho\u201d<\/strong>, dijo. \u201c<strong>Nos dejaron un pa\u00eds con una calidad educativa m\u00e1s baja, plantearon que era una desgracia caer en la educaci\u00f3n p\u00fablica, ten\u00edamos diputados, algunos candidatos en esta provincia, que votaban leyes que perjudicaban a los jubilados<\/strong>\u201d.<\/p>\n\n\n\n<p>Fern\u00e1ndez dijo que<strong> hubo cuatro a\u00f1os consecutivos de ca\u00edda de consumo durante el macrismo.<\/strong> \u201cHubo un 30 por ciento de ca\u00edda en el consumo de leche, nada menos, pero despu\u00e9s llegamos con muchas esperanzas en diciembre, pudimos gobernar tres meses, recuperamos el salario real y nos azot\u00f3 la pandemia\u201d, dijo.<\/p>\n\n\n\n<p>\u201c<strong>Cuando nos escapamos de la pandemia del macrismo lleg\u00f3 la pandemia en el mundo entero. Tuvimos que readecuar nuestras ideas al nuevo escenario, pero no cedimos, los hospitales que no construyeron ellos (por el Gobierno de Macri) los construimos nosotros, fuimos con hospitales modulares, a todo el pa\u00eds<\/strong>\u201d, sostuvo.<\/p>\n\n\n\n<figure class=\"wp-block-embed is-type-video is-provider-youtube wp-block-embed-youtube wp-embed-aspect-16-9 wp-has-aspect-ratio\"><div class=\"wp-block-embed__wrapper\">\n<iframe title=\"EN VIVO - La Pampa | Alberto junto al gobernador Sergio Ziliotto y candidatos\/as de la provincia.\" width=\"1170\" height=\"658\" src=\"https:\/\/www.youtube.com\/embed\/K80DfeMSH7g?feature=oembed\" frameborder=\"0\" allow=\"accelerometer; autoplay; clipboard-write; encrypted-media; gyroscope; picture-in-picture\" allowfullscreen><\/iframe>\n<\/div><\/figure>\n\n\n\n<p><\/p>\n\n\n\n<p>Resalt\u00f3 el programa de vacunaci\u00f3n contra el coronavirus. \u201cAll\u00e1, en diciembre de 2020, cuando el mundo central empez\u00f3 a vacunarse, la Argentina. Fuimos muy maltratados, hasta me trataron de envenenar a la gente\u201d, dijo. \u201cHoy tengo la tranquilidad de que m\u00e1s del 80 por ciento de los que tienen m\u00e1s de 18 a\u00f1os ya tiene al menos una vacuna. Y no voy a parar hasta que cada argentino y cada argentina tenga las dos dosis que le corresponde\u201d, sostuvo.<\/p>\n\n\n\n<figure class=\"wp-block-embed is-type-wp-embed is-provider-diario-textual wp-block-embed-diario-textual\"><div class=\"wp-block-embed__wrapper\">\n<blockquote class=\"wp-embedded-content\" data-secret=\"k031E7j2NF\"><a href=\"https:\/\/diariotextual.com\/inicio\/index.php\/2021\/08\/27\/alberto-en-santa-rosa-estamos-en-un-proceso-real-de-recuperacion-economica\/\">Alberto, en Santa Rosa: \u201cEstamos en un proceso real de recuperaci\u00f3n econ\u00f3mica\u201d<\/a><\/blockquote><iframe class=\"wp-embedded-content\" sandbox=\"allow-scripts\" security=\"restricted\" style=\"position: absolute; clip: rect(1px, 1px, 1px, 1px);\" title=\"\u00abAlberto, en Santa Rosa: \u201cEstamos en un proceso real de recuperaci\u00f3n econ\u00f3mica\u201d\u00bb \u2014 Diario Textual\" src=\"https:\/\/diariotextual.com\/inicio\/index.php\/2021\/08\/27\/alberto-en-santa-rosa-estamos-en-un-proceso-real-de-recuperacion-economica\/embed\/#?secret=k031E7j2NF\" data-secret=\"k031E7j2NF\" width=\"600\" height=\"338\" frameborder=\"0\" marginwidth=\"0\" marginheight=\"0\" scrolling=\"no\"><\/iframe>\n<\/div><\/figure>\n\n\n\n<p>\u201cNi uno de ellos (por la oposici\u00f3n) me vino a ayudar a buscar vacuna, ni uno de ellos me vino a ayudar a traer un respirador, ni uno de ellos\u2026 Nosotros trabajamos, otros usan el twitter y se rascan\u201d, dijo.<\/p>\n\n\n\n<p>En tanto, Ziliotto destac\u00f3 la \u201cpalabra empe\u00f1ada\u201d del presidente. \u201cNuevamente la Casa Rosada se haya abierto a la provincia, con viviendas y con pavimento\u201d, dijo. \u201cEn cada localidad de La Pampa hay una obra nacional a las que se suman obras provinciales y de los intendentes, desde la eficiencia y la valorizaci\u00f3n de la cosa p\u00fablica. Gobernar es generar trabajo\u201d.<\/p>\n\n\n\n<p>\u201cA la Argentina la ponemos de pie trabajando, debe ser mejor negocio la inversi\u00f3n productiva y no la timba financiera como nos pas\u00f3 hace a\u00f1os\u201d, expres\u00f3.<\/p>\n\n\n\n<p>Ziliotto compar\u00f3 al Gobierno de Alberto Fern\u00e1ndez con el de Mauricio Macri y su relaci\u00f3n con nuestra provincia. \u201cEl dato termina con el relato, el pa\u00eds real es una cosa y est\u00e1 el que nos quieren inventar. Est\u00e1 internalizado en todos los pampeanos: el gobierno anterior nos dio 63 viviendas, 10 kil\u00f3metros de pavimento y 4 jardines que no se terminaron, que estamos terminando ahora su gobierno y mi gobierno\u201d, expres\u00f3. \u201cNo tengo dudas de que a partir de un balance favorable la sociedad nos va a seguir acompa\u00f1ando para ratificar un modelo de provincia, un rumbo de pa\u00eds y consolidar una Argentina desarrollada, inclusiva, con igualdad de oportunidades\u201d, agreg\u00f3.<\/p>\n\n\n\n<p><\/p>\n\n\n\n<p><\/p>\n\n\n\n<p><\/p>\n\n\n\n<p><\/p>\n","protected":false},"excerpt":{"rendered":"<p>Con duras cr\u00edticas al macrismo y la defensa en la \u201cproducci\u00f3n y el trabajo\u201d, el presidente Alberto Fern\u00e1ndez y el gobernador Sergio Ziliotto compartieron un acto en el sal\u00f3n Castelvecchio,&hellip;<\/p>\n","protected":false},"author":3,"featured_media":159347,"comment_status":"closed","ping_status":"open","sticky":false,"template":"","format":"standard","meta":{"_acf_changed":false,"footnotes":""},"categories":[10,8],"tags":[],"class_list":["post-159337","post","type-post","status-publish","format-standard","has-post-thumbnail","hentry","category-portada-2","category-politica"],"acf":[],"yoast_head":"<!-- This site is optimized with the Yoast SEO plugin v27.5 - https:\/\/yoast.com\/product\/yoast-seo-wordpress\/ -->\n<title>Alberto y el macrismo: &quot;La pandemia fue aprovechada para echar un manto de olvido&quot; - Diario Textual<\/title>\n<meta name=\"robots\" content=\"index, follow, max-snippet:-1, max-image-preview:large, max-video-preview:-1\" \/>\n<link rel=\"canonical\" href=\"https:\/\/diariotextual.com\/inicio\/index.php\/2021\/08\/27\/alberto-y-ziliotto-en-vez-de-la-timba-financiera-del-macrismo-hay-que-centrarse-en-la-produccion\/\" \/>\n<meta property=\"og:locale\" content=\"es_ES\" \/>\n<meta property=\"og:type\" content=\"article\" \/>\n<meta property=\"og:title\" content=\"Alberto y el macrismo: &quot;La pandemia fue aprovechada para echar un manto de olvido&quot; - Diario Textual\" \/>\n<meta property=\"og:description\" content=\"Con duras cr\u00edticas al macrismo y la defensa en la \u201cproducci\u00f3n y el trabajo\u201d, el presidente Alberto Fern\u00e1ndez y el gobernador Sergio Ziliotto compartieron un acto en el sal\u00f3n Castelvecchio,&hellip;\" \/>\n<meta property=\"og:url\" content=\"https:\/\/diariotextual.com\/inicio\/index.php\/2021\/08\/27\/alberto-y-ziliotto-en-vez-de-la-timba-financiera-del-macrismo-hay-que-centrarse-en-la-produccion\/\" \/>\n<meta property=\"og:site_name\" content=\"Diario Textual\" \/>\n<meta property=\"article:publisher\" content=\"https:\/\/www.facebook.com\/eltextual\" \/>\n<meta property=\"article:published_time\" content=\"2021-08-27T17:49:59+00:00\" \/>\n<meta property=\"article:modified_time\" content=\"2021-08-27T22:57:34+00:00\" \/>\n<meta property=\"og:image\" content=\"https:\/\/diariotextual.com\/inicio\/wp-content\/uploads\/2021\/08\/fernandezalbertoziliottosergiocastelvecchio2021-3.jpg\" \/>\n\t<meta property=\"og:image:width\" content=\"680\" \/>\n\t<meta property=\"og:image:height\" content=\"398\" \/>\n\t<meta property=\"og:image:type\" content=\"image\/jpeg\" \/>\n<meta name=\"author\" content=\"Diario1 Diario1\" \/>\n<meta name=\"twitter:card\" content=\"summary_large_image\" \/>\n<meta name=\"twitter:creator\" content=\"@eltextual\" \/>\n<meta name=\"twitter:site\" content=\"@eltextual\" \/>\n<meta name=\"twitter:label1\" content=\"Escrito por\" \/>\n\t<meta name=\"twitter:data1\" content=\"Diario1 Diario1\" \/>\n\t<meta name=\"twitter:label2\" content=\"Tiempo de lectura\" \/>\n\t<meta name=\"twitter:data2\" content=\"4 minutos\" \/>\n<script type=\"application\/ld+json\" class=\"yoast-schema-graph\">{\"@context\":\"https:\\\/\\\/schema.org\",\"@graph\":[{\"@type\":\"Article\",\"@id\":\"https:\\\/\\\/diariotextual.com\\\/inicio\\\/index.php\\\/2021\\\/08\\\/27\\\/alberto-y-ziliotto-en-vez-de-la-timba-financiera-del-macrismo-hay-que-centrarse-en-la-produccion\\\/#article\",\"isPartOf\":{\"@id\":\"https:\\\/\\\/diariotextual.com\\\/inicio\\\/index.php\\\/2021\\\/08\\\/27\\\/alberto-y-ziliotto-en-vez-de-la-timba-financiera-del-macrismo-hay-que-centrarse-en-la-produccion\\\/\"},\"author\":{\"name\":\"Diario1 Diario1\",\"@id\":\"https:\\\/\\\/diariotextual.com\\\/inicio\\\/#\\\/schema\\\/person\\\/418fc4093c33e86ed41562db3508f958\"},\"headline\":\"Alberto y el macrismo: \u00abLa pandemia fue aprovechada para echar un manto de olvido\u00bb\",\"datePublished\":\"2021-08-27T17:49:59+00:00\",\"dateModified\":\"2021-08-27T22:57:34+00:00\",\"mainEntityOfPage\":{\"@id\":\"https:\\\/\\\/diariotextual.com\\\/inicio\\\/index.php\\\/2021\\\/08\\\/27\\\/alberto-y-ziliotto-en-vez-de-la-timba-financiera-del-macrismo-hay-que-centrarse-en-la-produccion\\\/\"},\"wordCount\":922,\"publisher\":{\"@id\":\"https:\\\/\\\/diariotextual.com\\\/inicio\\\/#organization\"},\"image\":{\"@id\":\"https:\\\/\\\/diariotextual.com\\\/inicio\\\/index.php\\\/2021\\\/08\\\/27\\\/alberto-y-ziliotto-en-vez-de-la-timba-financiera-del-macrismo-hay-que-centrarse-en-la-produccion\\\/#primaryimage\"},\"thumbnailUrl\":\"https:\\\/\\\/diariotextual.com\\\/inicio\\\/wp-content\\\/uploads\\\/2021\\\/08\\\/fernandezalbertoziliottosergiocastelvecchio2021-3.jpg\",\"articleSection\":[\"A - PORTADA2\",\"POLITICA\"],\"inLanguage\":\"es\"},{\"@type\":\"WebPage\",\"@id\":\"https:\\\/\\\/diariotextual.com\\\/inicio\\\/index.php\\\/2021\\\/08\\\/27\\\/alberto-y-ziliotto-en-vez-de-la-timba-financiera-del-macrismo-hay-que-centrarse-en-la-produccion\\\/\",\"url\":\"https:\\\/\\\/diariotextual.com\\\/inicio\\\/index.php\\\/2021\\\/08\\\/27\\\/alberto-y-ziliotto-en-vez-de-la-timba-financiera-del-macrismo-hay-que-centrarse-en-la-produccion\\\/\",\"name\":\"Alberto y el macrismo: \\\"La pandemia fue aprovechada para echar un manto de olvido\\\" - Diario Textual\",\"isPartOf\":{\"@id\":\"https:\\\/\\\/diariotextual.com\\\/inicio\\\/#website\"},\"primaryImageOfPage\":{\"@id\":\"https:\\\/\\\/diariotextual.com\\\/inicio\\\/index.php\\\/2021\\\/08\\\/27\\\/alberto-y-ziliotto-en-vez-de-la-timba-financiera-del-macrismo-hay-que-centrarse-en-la-produccion\\\/#primaryimage\"},\"image\":{\"@id\":\"https:\\\/\\\/diariotextual.com\\\/inicio\\\/index.php\\\/2021\\\/08\\\/27\\\/alberto-y-ziliotto-en-vez-de-la-timba-financiera-del-macrismo-hay-que-centrarse-en-la-produccion\\\/#primaryimage\"},\"thumbnailUrl\":\"https:\\\/\\\/diariotextual.com\\\/inicio\\\/wp-content\\\/uploads\\\/2021\\\/08\\\/fernandezalbertoziliottosergiocastelvecchio2021-3.jpg\",\"datePublished\":\"2021-08-27T17:49:59+00:00\",\"dateModified\":\"2021-08-27T22:57:34+00:00\",\"breadcrumb\":{\"@id\":\"https:\\\/\\\/diariotextual.com\\\/inicio\\\/index.php\\\/2021\\\/08\\\/27\\\/alberto-y-ziliotto-en-vez-de-la-timba-financiera-del-macrismo-hay-que-centrarse-en-la-produccion\\\/#breadcrumb\"},\"inLanguage\":\"es\",\"potentialAction\":[{\"@type\":\"ReadAction\",\"target\":[\"https:\\\/\\\/diariotextual.com\\\/inicio\\\/index.php\\\/2021\\\/08\\\/27\\\/alberto-y-ziliotto-en-vez-de-la-timba-financiera-del-macrismo-hay-que-centrarse-en-la-produccion\\\/\"]}]},{\"@type\":\"ImageObject\",\"inLanguage\":\"es\",\"@id\":\"https:\\\/\\\/diariotextual.com\\\/inicio\\\/index.php\\\/2021\\\/08\\\/27\\\/alberto-y-ziliotto-en-vez-de-la-timba-financiera-del-macrismo-hay-que-centrarse-en-la-produccion\\\/#primaryimage\",\"url\":\"https:\\\/\\\/diariotextual.com\\\/inicio\\\/wp-content\\\/uploads\\\/2021\\\/08\\\/fernandezalbertoziliottosergiocastelvecchio2021-3.jpg\",\"contentUrl\":\"https:\\\/\\\/diariotextual.com\\\/inicio\\\/wp-content\\\/uploads\\\/2021\\\/08\\\/fernandezalbertoziliottosergiocastelvecchio2021-3.jpg\",\"width\":680,\"height\":398},{\"@type\":\"BreadcrumbList\",\"@id\":\"https:\\\/\\\/diariotextual.com\\\/inicio\\\/index.php\\\/2021\\\/08\\\/27\\\/alberto-y-ziliotto-en-vez-de-la-timba-financiera-del-macrismo-hay-que-centrarse-en-la-produccion\\\/#breadcrumb\",\"itemListElement\":[{\"@type\":\"ListItem\",\"position\":1,\"name\":\"Portada\",\"item\":\"https:\\\/\\\/diariotextual.com\\\/inicio\\\/\"},{\"@type\":\"ListItem\",\"position\":2,\"name\":\"Alberto y el macrismo: \u00abLa pandemia fue aprovechada para echar un manto de olvido\u00bb\"}]},{\"@type\":\"WebSite\",\"@id\":\"https:\\\/\\\/diariotextual.com\\\/inicio\\\/#website\",\"url\":\"https:\\\/\\\/diariotextual.com\\\/inicio\\\/\",\"name\":\"Diario Textual\",\"description\":\"\",\"publisher\":{\"@id\":\"https:\\\/\\\/diariotextual.com\\\/inicio\\\/#organization\"},\"potentialAction\":[{\"@type\":\"SearchAction\",\"target\":{\"@type\":\"EntryPoint\",\"urlTemplate\":\"https:\\\/\\\/diariotextual.com\\\/inicio\\\/?s={search_term_string}\"},\"query-input\":{\"@type\":\"PropertyValueSpecification\",\"valueRequired\":true,\"valueName\":\"search_term_string\"}}],\"inLanguage\":\"es\"},{\"@type\":\"Organization\",\"@id\":\"https:\\\/\\\/diariotextual.com\\\/inicio\\\/#organization\",\"name\":\"Diario Textual\",\"url\":\"https:\\\/\\\/diariotextual.com\\\/inicio\\\/\",\"logo\":{\"@type\":\"ImageObject\",\"inLanguage\":\"es\",\"@id\":\"https:\\\/\\\/diariotextual.com\\\/inicio\\\/#\\\/schema\\\/logo\\\/image\\\/\",\"url\":\"https:\\\/\\\/diariotextual.com\\\/inicio\\\/wp-content\\\/uploads\\\/2023\\\/05\\\/logotextual1.jpg\",\"contentUrl\":\"https:\\\/\\\/diariotextual.com\\\/inicio\\\/wp-content\\\/uploads\\\/2023\\\/05\\\/logotextual1.jpg\",\"width\":516,\"height\":76,\"caption\":\"Diario Textual\"},\"image\":{\"@id\":\"https:\\\/\\\/diariotextual.com\\\/inicio\\\/#\\\/schema\\\/logo\\\/image\\\/\"},\"sameAs\":[\"https:\\\/\\\/www.facebook.com\\\/eltextual\",\"https:\\\/\\\/x.com\\\/eltextual\",\"http:\\\/\\\/www.instagram.com\\\/eltextual\"]},{\"@type\":\"Person\",\"@id\":\"https:\\\/\\\/diariotextual.com\\\/inicio\\\/#\\\/schema\\\/person\\\/418fc4093c33e86ed41562db3508f958\",\"name\":\"Diario1 Diario1\",\"image\":{\"@type\":\"ImageObject\",\"inLanguage\":\"es\",\"@id\":\"https:\\\/\\\/secure.gravatar.com\\\/avatar\\\/9167d280179c85bc18be67aa7eda765854300033af4896dd779b608640f2ef7a?s=96&d=mm&r=g\",\"url\":\"https:\\\/\\\/secure.gravatar.com\\\/avatar\\\/9167d280179c85bc18be67aa7eda765854300033af4896dd779b608640f2ef7a?s=96&d=mm&r=g\",\"contentUrl\":\"https:\\\/\\\/secure.gravatar.com\\\/avatar\\\/9167d280179c85bc18be67aa7eda765854300033af4896dd779b608640f2ef7a?s=96&d=mm&r=g\",\"caption\":\"Diario1 Diario1\"},\"url\":\"https:\\\/\\\/diariotextual.com\\\/inicio\\\/index.php\\\/author\\\/diario1\\\/\"}]}<\/script>\n<!-- \/ Yoast SEO plugin. -->","yoast_head_json":{"title":"Alberto y el macrismo: \"La pandemia fue aprovechada para echar un manto de olvido\" - Diario Textual","robots":{"index":"index","follow":"follow","max-snippet":"max-snippet:-1","max-image-preview":"max-image-preview:large","max-video-preview":"max-video-preview:-1"},"canonical":"https:\/\/diariotextual.com\/inicio\/index.php\/2021\/08\/27\/alberto-y-ziliotto-en-vez-de-la-timba-financiera-del-macrismo-hay-que-centrarse-en-la-produccion\/","og_locale":"es_ES","og_type":"article","og_title":"Alberto y el macrismo: \"La pandemia fue aprovechada para echar un manto de olvido\" - Diario Textual","og_description":"Con duras cr\u00edticas al macrismo y la defensa en la \u201cproducci\u00f3n y el trabajo\u201d, el presidente Alberto Fern\u00e1ndez y el gobernador Sergio Ziliotto compartieron un acto en el sal\u00f3n Castelvecchio,&hellip;","og_url":"https:\/\/diariotextual.com\/inicio\/index.php\/2021\/08\/27\/alberto-y-ziliotto-en-vez-de-la-timba-financiera-del-macrismo-hay-que-centrarse-en-la-produccion\/","og_site_name":"Diario Textual","article_publisher":"https:\/\/www.facebook.com\/eltextual","article_published_time":"2021-08-27T17:49:59+00:00","article_modified_time":"2021-08-27T22:57:34+00:00","og_image":[{"width":680,"height":398,"url":"https:\/\/diariotextual.com\/inicio\/wp-content\/uploads\/2021\/08\/fernandezalbertoziliottosergiocastelvecchio2021-3.jpg","type":"image\/jpeg"}],"author":"Diario1 Diario1","twitter_card":"summary_large_image","twitter_creator":"@eltextual","twitter_site":"@eltextual","twitter_misc":{"Escrito por":"Diario1 Diario1","Tiempo de lectura":"4 minutos"},"schema":{"@context":"https:\/\/schema.org","@graph":[{"@type":"Article","@id":"https:\/\/diariotextual.com\/inicio\/index.php\/2021\/08\/27\/alberto-y-ziliotto-en-vez-de-la-timba-financiera-del-macrismo-hay-que-centrarse-en-la-produccion\/#article","isPartOf":{"@id":"https:\/\/diariotextual.com\/inicio\/index.php\/2021\/08\/27\/alberto-y-ziliotto-en-vez-de-la-timba-financiera-del-macrismo-hay-que-centrarse-en-la-produccion\/"},"author":{"name":"Diario1 Diario1","@id":"https:\/\/diariotextual.com\/inicio\/#\/schema\/person\/418fc4093c33e86ed41562db3508f958"},"headline":"Alberto y el macrismo: \u00abLa pandemia fue aprovechada para echar un manto de olvido\u00bb","datePublished":"2021-08-27T17:49:59+00:00","dateModified":"2021-08-27T22:57:34+00:00","mainEntityOfPage":{"@id":"https:\/\/diariotextual.com\/inicio\/index.php\/2021\/08\/27\/alberto-y-ziliotto-en-vez-de-la-timba-financiera-del-macrismo-hay-que-centrarse-en-la-produccion\/"},"wordCount":922,"publisher":{"@id":"https:\/\/diariotextual.com\/inicio\/#organization"},"image":{"@id":"https:\/\/diariotextual.com\/inicio\/index.php\/2021\/08\/27\/alberto-y-ziliotto-en-vez-de-la-timba-financiera-del-macrismo-hay-que-centrarse-en-la-produccion\/#primaryimage"},"thumbnailUrl":"https:\/\/diariotextual.com\/inicio\/wp-content\/uploads\/2021\/08\/fernandezalbertoziliottosergiocastelvecchio2021-3.jpg","articleSection":["A - PORTADA2","POLITICA"],"inLanguage":"es"},{"@type":"WebPage","@id":"https:\/\/diariotextual.com\/inicio\/index.php\/2021\/08\/27\/alberto-y-ziliotto-en-vez-de-la-timba-financiera-del-macrismo-hay-que-centrarse-en-la-produccion\/","url":"https:\/\/diariotextual.com\/inicio\/index.php\/2021\/08\/27\/alberto-y-ziliotto-en-vez-de-la-timba-financiera-del-macrismo-hay-que-centrarse-en-la-produccion\/","name":"Alberto y el macrismo: \"La pandemia fue aprovechada para echar un manto de olvido\" - Diario Textual","isPartOf":{"@id":"https:\/\/diariotextual.com\/inicio\/#website"},"primaryImageOfPage":{"@id":"https:\/\/diariotextual.com\/inicio\/index.php\/2021\/08\/27\/alberto-y-ziliotto-en-vez-de-la-timba-financiera-del-macrismo-hay-que-centrarse-en-la-produccion\/#primaryimage"},"image":{"@id":"https:\/\/diariotextual.com\/inicio\/index.php\/2021\/08\/27\/alberto-y-ziliotto-en-vez-de-la-timba-financiera-del-macrismo-hay-que-centrarse-en-la-produccion\/#primaryimage"},"thumbnailUrl":"https:\/\/diariotextual.com\/inicio\/wp-content\/uploads\/2021\/08\/fernandezalbertoziliottosergiocastelvecchio2021-3.jpg","datePublished":"2021-08-27T17:49:59+00:00","dateModified":"2021-08-27T22:57:34+00:00","breadcrumb":{"@id":"https:\/\/diariotextual.com\/inicio\/index.php\/2021\/08\/27\/alberto-y-ziliotto-en-vez-de-la-timba-financiera-del-macrismo-hay-que-centrarse-en-la-produccion\/#breadcrumb"},"inLanguage":"es","potentialAction":[{"@type":"ReadAction","target":["https:\/\/diariotextual.com\/inicio\/index.php\/2021\/08\/27\/alberto-y-ziliotto-en-vez-de-la-timba-financiera-del-macrismo-hay-que-centrarse-en-la-produccion\/"]}]},{"@type":"ImageObject","inLanguage":"es","@id":"https:\/\/diariotextual.com\/inicio\/index.php\/2021\/08\/27\/alberto-y-ziliotto-en-vez-de-la-timba-financiera-del-macrismo-hay-que-centrarse-en-la-produccion\/#primaryimage","url":"https:\/\/diariotextual.com\/inicio\/wp-content\/uploads\/2021\/08\/fernandezalbertoziliottosergiocastelvecchio2021-3.jpg","contentUrl":"https:\/\/diariotextual.com\/inicio\/wp-content\/uploads\/2021\/08\/fernandezalbertoziliottosergiocastelvecchio2021-3.jpg","width":680,"height":398},{"@type":"BreadcrumbList","@id":"https:\/\/diariotextual.com\/inicio\/index.php\/2021\/08\/27\/alberto-y-ziliotto-en-vez-de-la-timba-financiera-del-macrismo-hay-que-centrarse-en-la-produccion\/#breadcrumb","itemListElement":[{"@type":"ListItem","position":1,"name":"Portada","item":"https:\/\/diariotextual.com\/inicio\/"},{"@type":"ListItem","position":2,"name":"Alberto y el macrismo: \u00abLa pandemia fue aprovechada para echar un manto de olvido\u00bb"}]},{"@type":"WebSite","@id":"https:\/\/diariotextual.com\/inicio\/#website","url":"https:\/\/diariotextual.com\/inicio\/","name":"Diario Textual","description":"","publisher":{"@id":"https:\/\/diariotextual.com\/inicio\/#organization"},"potentialAction":[{"@type":"SearchAction","target":{"@type":"EntryPoint","urlTemplate":"https:\/\/diariotextual.com\/inicio\/?s={search_term_string}"},"query-input":{"@type":"PropertyValueSpecification","valueRequired":true,"valueName":"search_term_string"}}],"inLanguage":"es"},{"@type":"Organization","@id":"https:\/\/diariotextual.com\/inicio\/#organization","name":"Diario Textual","url":"https:\/\/diariotextual.com\/inicio\/","logo":{"@type":"ImageObject","inLanguage":"es","@id":"https:\/\/diariotextual.com\/inicio\/#\/schema\/logo\/image\/","url":"https:\/\/diariotextual.com\/inicio\/wp-content\/uploads\/2023\/05\/logotextual1.jpg","contentUrl":"https:\/\/diariotextual.com\/inicio\/wp-content\/uploads\/2023\/05\/logotextual1.jpg","width":516,"height":76,"caption":"Diario Textual"},"image":{"@id":"https:\/\/diariotextual.com\/inicio\/#\/schema\/logo\/image\/"},"sameAs":["https:\/\/www.facebook.com\/eltextual","https:\/\/x.com\/eltextual","http:\/\/www.instagram.com\/eltextual"]},{"@type":"Person","@id":"https:\/\/diariotextual.com\/inicio\/#\/schema\/person\/418fc4093c33e86ed41562db3508f958","name":"Diario1 Diario1","image":{"@type":"ImageObject","inLanguage":"es","@id":"https:\/\/secure.gravatar.com\/avatar\/9167d280179c85bc18be67aa7eda765854300033af4896dd779b608640f2ef7a?s=96&d=mm&r=g","url":"https:\/\/secure.gravatar.com\/avatar\/9167d280179c85bc18be67aa7eda765854300033af4896dd779b608640f2ef7a?s=96&d=mm&r=g","contentUrl":"https:\/\/secure.gravatar.com\/avatar\/9167d280179c85bc18be67aa7eda765854300033af4896dd779b608640f2ef7a?s=96&d=mm&r=g","caption":"Diario1 Diario1"},"url":"https:\/\/diariotextual.com\/inicio\/index.php\/author\/diario1\/"}]}},"_links":{"self":[{"href":"https:\/\/diariotextual.com\/inicio\/index.php\/wp-json\/wp\/v2\/posts\/159337","targetHints":{"allow":["GET"]}}],"collection":[{"href":"https:\/\/diariotextual.com\/inicio\/index.php\/wp-json\/wp\/v2\/posts"}],"about":[{"href":"https:\/\/diariotextual.com\/inicio\/index.php\/wp-json\/wp\/v2\/types\/post"}],"author":[{"embeddable":true,"href":"https:\/\/diariotextual.com\/inicio\/index.php\/wp-json\/wp\/v2\/users\/3"}],"replies":[{"embeddable":true,"href":"https:\/\/diariotextual.com\/inicio\/index.php\/wp-json\/wp\/v2\/comments?post=159337"}],"version-history":[{"count":13,"href":"https:\/\/diariotextual.com\/inicio\/index.php\/wp-json\/wp\/v2\/posts\/159337\/revisions"}],"predecessor-version":[{"id":159373,"href":"https:\/\/diariotextual.com\/inicio\/index.php\/wp-json\/wp\/v2\/posts\/159337\/revisions\/159373"}],"wp:featuredmedia":[{"embeddable":true,"href":"https:\/\/diariotextual.com\/inicio\/index.php\/wp-json\/wp\/v2\/media\/159347"}],"wp:attachment":[{"href":"https:\/\/diariotextual.com\/inicio\/index.php\/wp-json\/wp\/v2\/media?parent=159337"}],"wp:term":[{"taxonomy":"category","embeddable":true,"href":"https:\/\/diariotextual.com\/inicio\/index.php\/wp-json\/wp\/v2\/categories?post=159337"},{"taxonomy":"post_tag","embeddable":true,"href":"https:\/\/diariotextual.com\/inicio\/index.php\/wp-json\/wp\/v2\/tags?post=159337"}],"curies":[{"name":"wp","href":"https:\/\/api.w.org\/{rel}","templated":true}]}}