{"id":15939,"date":"2018-08-05T10:54:56","date_gmt":"2018-08-05T13:54:56","guid":{"rendered":"http:\/\/diariotextual.com\/inicio\/?p=15939"},"modified":"2018-08-05T10:54:56","modified_gmt":"2018-08-05T13:54:56","slug":"rebossio-la-recesion-recien-empieza-lo-peor-esta-venir","status":"publish","type":"post","link":"https:\/\/diariotextual.com\/inicio\/index.php\/2018\/08\/05\/rebossio-la-recesion-recien-empieza-lo-peor-esta-venir\/","title":{"rendered":"Rebossio: \u00abLa recesi\u00f3n reci\u00e9n empieza, lo peor est\u00e1 por venir\u00bb"},"content":{"rendered":"<p>El economista <strong>Alejandro Rebossio<\/strong> traz\u00f3 un panorama sombr\u00edo respecto a la econom\u00eda del pa\u00eds: dijo que <strong>\u00abla recesi\u00f3n reci\u00e9n empieza y lo peor est\u00e1 por venir\u00bb.<\/strong><\/p>\n<p>Rebossio es editor de econom\u00eda de la revista Noticias, corresponsal de DW en Espa\u00f1ol\u00a0en Argentina, columnista en radio Con Vos y coautor de \u00abEstoy verde\u00bb y \u00abVaca Muerta\u00bb.<\/p>\n<p>Fue entrevistado por<strong> Radio Textual (FM Sonar)<\/strong> y habl\u00f3 de la realidad econ\u00f3mica nacional. Sostuvo que\u00a0<strong>\u00ablo que viene va a ser peor de lo que estamos\u00bb<\/strong> y asever\u00f3 que <strong>\u00abla recuperaci\u00f3n (de la econom\u00eda) va a ser lenta\u00bb.<\/strong><\/p>\n<p>\u00abLa inflaci\u00f3n est\u00e1 prevista en el 32% para este a\u00f1o. Y la econom\u00eda va a caer 0,3% promedio. Esto es estancamiento econ\u00f3mico y alta inflaci\u00f3n\u00bb, afirm\u00f3.<\/p>\n<p>Cuestion\u00f3 al equipo econ\u00f3mico del gobierno de Mauricio Macri. <strong>\u00abHay mucha ceguera ideol\u00f3gica de los economistas de este gobierno.<\/strong> Muchas veces lo que dicen los libros no se cumple\u00bb, dijo.<\/p>\n<p>&nbsp;<\/p>\n","protected":false},"excerpt":{"rendered":"<p>El economista Alejandro Rebossio traz\u00f3 un panorama sombr\u00edo respecto a la econom\u00eda del pa\u00eds: dijo que \u00abla recesi\u00f3n reci\u00e9n empieza y lo peor est\u00e1 por venir\u00bb. Rebossio es editor de&hellip;<\/p>\n","protected":false},"author":7,"featured_media":15940,"comment_status":"closed","ping_status":"open","sticky":false,"template":"","format":"standard","meta":{"_acf_changed":false,"footnotes":""},"categories":[4,5],"tags":[],"class_list":["post-15939","post","type-post","status-publish","format-standard","has-post-thumbnail","hentry","category-destacadas","category-economia"],"acf":[],"yoast_head":"<!-- This site is optimized with the Yoast SEO plugin v27.5 - https:\/\/yoast.com\/product\/yoast-seo-wordpress\/ -->\n<title>Rebossio: &quot;La recesi\u00f3n reci\u00e9n empieza, lo peor est\u00e1 por venir&quot; - Diario Textual<\/title>\n<meta name=\"robots\" content=\"index, follow, max-snippet:-1, max-image-preview:large, max-video-preview:-1\" \/>\n<link rel=\"canonical\" href=\"https:\/\/diariotextual.com\/inicio\/index.php\/2018\/08\/05\/rebossio-la-recesion-recien-empieza-lo-peor-esta-venir\/\" \/>\n<meta property=\"og:locale\" content=\"es_ES\" \/>\n<meta property=\"og:type\" content=\"article\" \/>\n<meta property=\"og:title\" content=\"Rebossio: &quot;La recesi\u00f3n reci\u00e9n empieza, lo peor est\u00e1 por venir&quot; - Diario Textual\" \/>\n<meta property=\"og:description\" content=\"El economista Alejandro Rebossio traz\u00f3 un panorama sombr\u00edo respecto a la econom\u00eda del pa\u00eds: dijo que \u00abla recesi\u00f3n reci\u00e9n empieza y lo peor est\u00e1 por venir\u00bb. Rebossio es editor de&hellip;\" \/>\n<meta property=\"og:url\" content=\"https:\/\/diariotextual.com\/inicio\/index.php\/2018\/08\/05\/rebossio-la-recesion-recien-empieza-lo-peor-esta-venir\/\" \/>\n<meta property=\"og:site_name\" content=\"Diario Textual\" \/>\n<meta property=\"article:publisher\" content=\"https:\/\/www.facebook.com\/eltextual\" \/>\n<meta property=\"article:published_time\" content=\"2018-08-05T13:54:56+00:00\" \/>\n<meta property=\"og:image\" content=\"https:\/\/diariotextual.com\/inicio\/wp-content\/uploads\/2018\/08\/rebossioalejandro.jpg\" \/>\n\t<meta property=\"og:image:width\" content=\"1028\" \/>\n\t<meta property=\"og:image:height\" content=\"685\" \/>\n\t<meta property=\"og:image:type\" content=\"image\/jpeg\" \/>\n<meta name=\"author\" content=\"diario5\" \/>\n<meta name=\"twitter:card\" content=\"summary_large_image\" \/>\n<meta name=\"twitter:creator\" content=\"@eltextual\" \/>\n<meta name=\"twitter:site\" content=\"@eltextual\" \/>\n<meta name=\"twitter:label1\" content=\"Escrito por\" \/>\n\t<meta name=\"twitter:data1\" content=\"diario5\" \/>\n\t<meta name=\"twitter:label2\" content=\"Tiempo de lectura\" \/>\n\t<meta name=\"twitter:data2\" content=\"1 minuto\" \/>\n<script type=\"application\/ld+json\" class=\"yoast-schema-graph\">{\"@context\":\"https:\\\/\\\/schema.org\",\"@graph\":[{\"@type\":\"Article\",\"@id\":\"https:\\\/\\\/diariotextual.com\\\/inicio\\\/index.php\\\/2018\\\/08\\\/05\\\/rebossio-la-recesion-recien-empieza-lo-peor-esta-venir\\\/#article\",\"isPartOf\":{\"@id\":\"https:\\\/\\\/diariotextual.com\\\/inicio\\\/index.php\\\/2018\\\/08\\\/05\\\/rebossio-la-recesion-recien-empieza-lo-peor-esta-venir\\\/\"},\"author\":{\"name\":\"diario5\",\"@id\":\"https:\\\/\\\/diariotextual.com\\\/inicio\\\/#\\\/schema\\\/person\\\/c7834961ad8b29b1d9cdbf4571299067\"},\"headline\":\"Rebossio: \u00abLa recesi\u00f3n reci\u00e9n empieza, lo peor est\u00e1 por venir\u00bb\",\"datePublished\":\"2018-08-05T13:54:56+00:00\",\"mainEntityOfPage\":{\"@id\":\"https:\\\/\\\/diariotextual.com\\\/inicio\\\/index.php\\\/2018\\\/08\\\/05\\\/rebossio-la-recesion-recien-empieza-lo-peor-esta-venir\\\/\"},\"wordCount\":178,\"publisher\":{\"@id\":\"https:\\\/\\\/diariotextual.com\\\/inicio\\\/#organization\"},\"image\":{\"@id\":\"https:\\\/\\\/diariotextual.com\\\/inicio\\\/index.php\\\/2018\\\/08\\\/05\\\/rebossio-la-recesion-recien-empieza-lo-peor-esta-venir\\\/#primaryimage\"},\"thumbnailUrl\":\"https:\\\/\\\/diariotextual.com\\\/inicio\\\/wp-content\\\/uploads\\\/2018\\\/08\\\/rebossioalejandro.jpg\",\"articleSection\":[\"A - DESTACADAS (mod 16)\",\"ECONOMIA\"],\"inLanguage\":\"es\"},{\"@type\":\"WebPage\",\"@id\":\"https:\\\/\\\/diariotextual.com\\\/inicio\\\/index.php\\\/2018\\\/08\\\/05\\\/rebossio-la-recesion-recien-empieza-lo-peor-esta-venir\\\/\",\"url\":\"https:\\\/\\\/diariotextual.com\\\/inicio\\\/index.php\\\/2018\\\/08\\\/05\\\/rebossio-la-recesion-recien-empieza-lo-peor-esta-venir\\\/\",\"name\":\"Rebossio: \\\"La recesi\u00f3n reci\u00e9n empieza, lo peor est\u00e1 por venir\\\" - Diario Textual\",\"isPartOf\":{\"@id\":\"https:\\\/\\\/diariotextual.com\\\/inicio\\\/#website\"},\"primaryImageOfPage\":{\"@id\":\"https:\\\/\\\/diariotextual.com\\\/inicio\\\/index.php\\\/2018\\\/08\\\/05\\\/rebossio-la-recesion-recien-empieza-lo-peor-esta-venir\\\/#primaryimage\"},\"image\":{\"@id\":\"https:\\\/\\\/diariotextual.com\\\/inicio\\\/index.php\\\/2018\\\/08\\\/05\\\/rebossio-la-recesion-recien-empieza-lo-peor-esta-venir\\\/#primaryimage\"},\"thumbnailUrl\":\"https:\\\/\\\/diariotextual.com\\\/inicio\\\/wp-content\\\/uploads\\\/2018\\\/08\\\/rebossioalejandro.jpg\",\"datePublished\":\"2018-08-05T13:54:56+00:00\",\"breadcrumb\":{\"@id\":\"https:\\\/\\\/diariotextual.com\\\/inicio\\\/index.php\\\/2018\\\/08\\\/05\\\/rebossio-la-recesion-recien-empieza-lo-peor-esta-venir\\\/#breadcrumb\"},\"inLanguage\":\"es\",\"potentialAction\":[{\"@type\":\"ReadAction\",\"target\":[\"https:\\\/\\\/diariotextual.com\\\/inicio\\\/index.php\\\/2018\\\/08\\\/05\\\/rebossio-la-recesion-recien-empieza-lo-peor-esta-venir\\\/\"]}]},{\"@type\":\"ImageObject\",\"inLanguage\":\"es\",\"@id\":\"https:\\\/\\\/diariotextual.com\\\/inicio\\\/index.php\\\/2018\\\/08\\\/05\\\/rebossio-la-recesion-recien-empieza-lo-peor-esta-venir\\\/#primaryimage\",\"url\":\"https:\\\/\\\/diariotextual.com\\\/inicio\\\/wp-content\\\/uploads\\\/2018\\\/08\\\/rebossioalejandro.jpg\",\"contentUrl\":\"https:\\\/\\\/diariotextual.com\\\/inicio\\\/wp-content\\\/uploads\\\/2018\\\/08\\\/rebossioalejandro.jpg\",\"width\":1028,\"height\":685},{\"@type\":\"BreadcrumbList\",\"@id\":\"https:\\\/\\\/diariotextual.com\\\/inicio\\\/index.php\\\/2018\\\/08\\\/05\\\/rebossio-la-recesion-recien-empieza-lo-peor-esta-venir\\\/#breadcrumb\",\"itemListElement\":[{\"@type\":\"ListItem\",\"position\":1,\"name\":\"Portada\",\"item\":\"https:\\\/\\\/diariotextual.com\\\/inicio\\\/\"},{\"@type\":\"ListItem\",\"position\":2,\"name\":\"Rebossio: \u00abLa recesi\u00f3n reci\u00e9n empieza, lo peor est\u00e1 por venir\u00bb\"}]},{\"@type\":\"WebSite\",\"@id\":\"https:\\\/\\\/diariotextual.com\\\/inicio\\\/#website\",\"url\":\"https:\\\/\\\/diariotextual.com\\\/inicio\\\/\",\"name\":\"Diario Textual\",\"description\":\"\",\"publisher\":{\"@id\":\"https:\\\/\\\/diariotextual.com\\\/inicio\\\/#organization\"},\"potentialAction\":[{\"@type\":\"SearchAction\",\"target\":{\"@type\":\"EntryPoint\",\"urlTemplate\":\"https:\\\/\\\/diariotextual.com\\\/inicio\\\/?s={search_term_string}\"},\"query-input\":{\"@type\":\"PropertyValueSpecification\",\"valueRequired\":true,\"valueName\":\"search_term_string\"}}],\"inLanguage\":\"es\"},{\"@type\":\"Organization\",\"@id\":\"https:\\\/\\\/diariotextual.com\\\/inicio\\\/#organization\",\"name\":\"Diario Textual\",\"url\":\"https:\\\/\\\/diariotextual.com\\\/inicio\\\/\",\"logo\":{\"@type\":\"ImageObject\",\"inLanguage\":\"es\",\"@id\":\"https:\\\/\\\/diariotextual.com\\\/inicio\\\/#\\\/schema\\\/logo\\\/image\\\/\",\"url\":\"https:\\\/\\\/diariotextual.com\\\/inicio\\\/wp-content\\\/uploads\\\/2023\\\/05\\\/logotextual1.jpg\",\"contentUrl\":\"https:\\\/\\\/diariotextual.com\\\/inicio\\\/wp-content\\\/uploads\\\/2023\\\/05\\\/logotextual1.jpg\",\"width\":516,\"height\":76,\"caption\":\"Diario Textual\"},\"image\":{\"@id\":\"https:\\\/\\\/diariotextual.com\\\/inicio\\\/#\\\/schema\\\/logo\\\/image\\\/\"},\"sameAs\":[\"https:\\\/\\\/www.facebook.com\\\/eltextual\",\"https:\\\/\\\/x.com\\\/eltextual\",\"http:\\\/\\\/www.instagram.com\\\/eltextual\"]},{\"@type\":\"Person\",\"@id\":\"https:\\\/\\\/diariotextual.com\\\/inicio\\\/#\\\/schema\\\/person\\\/c7834961ad8b29b1d9cdbf4571299067\",\"name\":\"diario5\",\"image\":{\"@type\":\"ImageObject\",\"inLanguage\":\"es\",\"@id\":\"https:\\\/\\\/secure.gravatar.com\\\/avatar\\\/948c893b847ca6df68216ead81b63f363408ec9b0f600fefc0641ce78613b111?s=96&d=mm&r=g\",\"url\":\"https:\\\/\\\/secure.gravatar.com\\\/avatar\\\/948c893b847ca6df68216ead81b63f363408ec9b0f600fefc0641ce78613b111?s=96&d=mm&r=g\",\"contentUrl\":\"https:\\\/\\\/secure.gravatar.com\\\/avatar\\\/948c893b847ca6df68216ead81b63f363408ec9b0f600fefc0641ce78613b111?s=96&d=mm&r=g\",\"caption\":\"diario5\"},\"url\":\"https:\\\/\\\/diariotextual.com\\\/inicio\\\/index.php\\\/author\\\/diario5\\\/\"}]}<\/script>\n<!-- \/ Yoast SEO plugin. -->","yoast_head_json":{"title":"Rebossio: \"La recesi\u00f3n reci\u00e9n empieza, lo peor est\u00e1 por venir\" - Diario Textual","robots":{"index":"index","follow":"follow","max-snippet":"max-snippet:-1","max-image-preview":"max-image-preview:large","max-video-preview":"max-video-preview:-1"},"canonical":"https:\/\/diariotextual.com\/inicio\/index.php\/2018\/08\/05\/rebossio-la-recesion-recien-empieza-lo-peor-esta-venir\/","og_locale":"es_ES","og_type":"article","og_title":"Rebossio: \"La recesi\u00f3n reci\u00e9n empieza, lo peor est\u00e1 por venir\" - Diario Textual","og_description":"El economista Alejandro Rebossio traz\u00f3 un panorama sombr\u00edo respecto a la econom\u00eda del pa\u00eds: dijo que \u00abla recesi\u00f3n reci\u00e9n empieza y lo peor est\u00e1 por venir\u00bb. Rebossio es editor de&hellip;","og_url":"https:\/\/diariotextual.com\/inicio\/index.php\/2018\/08\/05\/rebossio-la-recesion-recien-empieza-lo-peor-esta-venir\/","og_site_name":"Diario Textual","article_publisher":"https:\/\/www.facebook.com\/eltextual","article_published_time":"2018-08-05T13:54:56+00:00","og_image":[{"width":1028,"height":685,"url":"https:\/\/diariotextual.com\/inicio\/wp-content\/uploads\/2018\/08\/rebossioalejandro.jpg","type":"image\/jpeg"}],"author":"diario5","twitter_card":"summary_large_image","twitter_creator":"@eltextual","twitter_site":"@eltextual","twitter_misc":{"Escrito por":"diario5","Tiempo de lectura":"1 minuto"},"schema":{"@context":"https:\/\/schema.org","@graph":[{"@type":"Article","@id":"https:\/\/diariotextual.com\/inicio\/index.php\/2018\/08\/05\/rebossio-la-recesion-recien-empieza-lo-peor-esta-venir\/#article","isPartOf":{"@id":"https:\/\/diariotextual.com\/inicio\/index.php\/2018\/08\/05\/rebossio-la-recesion-recien-empieza-lo-peor-esta-venir\/"},"author":{"name":"diario5","@id":"https:\/\/diariotextual.com\/inicio\/#\/schema\/person\/c7834961ad8b29b1d9cdbf4571299067"},"headline":"Rebossio: \u00abLa recesi\u00f3n reci\u00e9n empieza, lo peor est\u00e1 por venir\u00bb","datePublished":"2018-08-05T13:54:56+00:00","mainEntityOfPage":{"@id":"https:\/\/diariotextual.com\/inicio\/index.php\/2018\/08\/05\/rebossio-la-recesion-recien-empieza-lo-peor-esta-venir\/"},"wordCount":178,"publisher":{"@id":"https:\/\/diariotextual.com\/inicio\/#organization"},"image":{"@id":"https:\/\/diariotextual.com\/inicio\/index.php\/2018\/08\/05\/rebossio-la-recesion-recien-empieza-lo-peor-esta-venir\/#primaryimage"},"thumbnailUrl":"https:\/\/diariotextual.com\/inicio\/wp-content\/uploads\/2018\/08\/rebossioalejandro.jpg","articleSection":["A - DESTACADAS (mod 16)","ECONOMIA"],"inLanguage":"es"},{"@type":"WebPage","@id":"https:\/\/diariotextual.com\/inicio\/index.php\/2018\/08\/05\/rebossio-la-recesion-recien-empieza-lo-peor-esta-venir\/","url":"https:\/\/diariotextual.com\/inicio\/index.php\/2018\/08\/05\/rebossio-la-recesion-recien-empieza-lo-peor-esta-venir\/","name":"Rebossio: \"La recesi\u00f3n reci\u00e9n empieza, lo peor est\u00e1 por venir\" - Diario Textual","isPartOf":{"@id":"https:\/\/diariotextual.com\/inicio\/#website"},"primaryImageOfPage":{"@id":"https:\/\/diariotextual.com\/inicio\/index.php\/2018\/08\/05\/rebossio-la-recesion-recien-empieza-lo-peor-esta-venir\/#primaryimage"},"image":{"@id":"https:\/\/diariotextual.com\/inicio\/index.php\/2018\/08\/05\/rebossio-la-recesion-recien-empieza-lo-peor-esta-venir\/#primaryimage"},"thumbnailUrl":"https:\/\/diariotextual.com\/inicio\/wp-content\/uploads\/2018\/08\/rebossioalejandro.jpg","datePublished":"2018-08-05T13:54:56+00:00","breadcrumb":{"@id":"https:\/\/diariotextual.com\/inicio\/index.php\/2018\/08\/05\/rebossio-la-recesion-recien-empieza-lo-peor-esta-venir\/#breadcrumb"},"inLanguage":"es","potentialAction":[{"@type":"ReadAction","target":["https:\/\/diariotextual.com\/inicio\/index.php\/2018\/08\/05\/rebossio-la-recesion-recien-empieza-lo-peor-esta-venir\/"]}]},{"@type":"ImageObject","inLanguage":"es","@id":"https:\/\/diariotextual.com\/inicio\/index.php\/2018\/08\/05\/rebossio-la-recesion-recien-empieza-lo-peor-esta-venir\/#primaryimage","url":"https:\/\/diariotextual.com\/inicio\/wp-content\/uploads\/2018\/08\/rebossioalejandro.jpg","contentUrl":"https:\/\/diariotextual.com\/inicio\/wp-content\/uploads\/2018\/08\/rebossioalejandro.jpg","width":1028,"height":685},{"@type":"BreadcrumbList","@id":"https:\/\/diariotextual.com\/inicio\/index.php\/2018\/08\/05\/rebossio-la-recesion-recien-empieza-lo-peor-esta-venir\/#breadcrumb","itemListElement":[{"@type":"ListItem","position":1,"name":"Portada","item":"https:\/\/diariotextual.com\/inicio\/"},{"@type":"ListItem","position":2,"name":"Rebossio: \u00abLa recesi\u00f3n reci\u00e9n empieza, lo peor est\u00e1 por venir\u00bb"}]},{"@type":"WebSite","@id":"https:\/\/diariotextual.com\/inicio\/#website","url":"https:\/\/diariotextual.com\/inicio\/","name":"Diario Textual","description":"","publisher":{"@id":"https:\/\/diariotextual.com\/inicio\/#organization"},"potentialAction":[{"@type":"SearchAction","target":{"@type":"EntryPoint","urlTemplate":"https:\/\/diariotextual.com\/inicio\/?s={search_term_string}"},"query-input":{"@type":"PropertyValueSpecification","valueRequired":true,"valueName":"search_term_string"}}],"inLanguage":"es"},{"@type":"Organization","@id":"https:\/\/diariotextual.com\/inicio\/#organization","name":"Diario Textual","url":"https:\/\/diariotextual.com\/inicio\/","logo":{"@type":"ImageObject","inLanguage":"es","@id":"https:\/\/diariotextual.com\/inicio\/#\/schema\/logo\/image\/","url":"https:\/\/diariotextual.com\/inicio\/wp-content\/uploads\/2023\/05\/logotextual1.jpg","contentUrl":"https:\/\/diariotextual.com\/inicio\/wp-content\/uploads\/2023\/05\/logotextual1.jpg","width":516,"height":76,"caption":"Diario Textual"},"image":{"@id":"https:\/\/diariotextual.com\/inicio\/#\/schema\/logo\/image\/"},"sameAs":["https:\/\/www.facebook.com\/eltextual","https:\/\/x.com\/eltextual","http:\/\/www.instagram.com\/eltextual"]},{"@type":"Person","@id":"https:\/\/diariotextual.com\/inicio\/#\/schema\/person\/c7834961ad8b29b1d9cdbf4571299067","name":"diario5","image":{"@type":"ImageObject","inLanguage":"es","@id":"https:\/\/secure.gravatar.com\/avatar\/948c893b847ca6df68216ead81b63f363408ec9b0f600fefc0641ce78613b111?s=96&d=mm&r=g","url":"https:\/\/secure.gravatar.com\/avatar\/948c893b847ca6df68216ead81b63f363408ec9b0f600fefc0641ce78613b111?s=96&d=mm&r=g","contentUrl":"https:\/\/secure.gravatar.com\/avatar\/948c893b847ca6df68216ead81b63f363408ec9b0f600fefc0641ce78613b111?s=96&d=mm&r=g","caption":"diario5"},"url":"https:\/\/diariotextual.com\/inicio\/index.php\/author\/diario5\/"}]}},"_links":{"self":[{"href":"https:\/\/diariotextual.com\/inicio\/index.php\/wp-json\/wp\/v2\/posts\/15939","targetHints":{"allow":["GET"]}}],"collection":[{"href":"https:\/\/diariotextual.com\/inicio\/index.php\/wp-json\/wp\/v2\/posts"}],"about":[{"href":"https:\/\/diariotextual.com\/inicio\/index.php\/wp-json\/wp\/v2\/types\/post"}],"author":[{"embeddable":true,"href":"https:\/\/diariotextual.com\/inicio\/index.php\/wp-json\/wp\/v2\/users\/7"}],"replies":[{"embeddable":true,"href":"https:\/\/diariotextual.com\/inicio\/index.php\/wp-json\/wp\/v2\/comments?post=15939"}],"version-history":[{"count":1,"href":"https:\/\/diariotextual.com\/inicio\/index.php\/wp-json\/wp\/v2\/posts\/15939\/revisions"}],"predecessor-version":[{"id":15941,"href":"https:\/\/diariotextual.com\/inicio\/index.php\/wp-json\/wp\/v2\/posts\/15939\/revisions\/15941"}],"wp:featuredmedia":[{"embeddable":true,"href":"https:\/\/diariotextual.com\/inicio\/index.php\/wp-json\/wp\/v2\/media\/15940"}],"wp:attachment":[{"href":"https:\/\/diariotextual.com\/inicio\/index.php\/wp-json\/wp\/v2\/media?parent=15939"}],"wp:term":[{"taxonomy":"category","embeddable":true,"href":"https:\/\/diariotextual.com\/inicio\/index.php\/wp-json\/wp\/v2\/categories?post=15939"},{"taxonomy":"post_tag","embeddable":true,"href":"https:\/\/diariotextual.com\/inicio\/index.php\/wp-json\/wp\/v2\/tags?post=15939"}],"curies":[{"name":"wp","href":"https:\/\/api.w.org\/{rel}","templated":true}]}}