{"id":159509,"date":"2021-08-30T08:46:59","date_gmt":"2021-08-30T11:46:59","guid":{"rendered":"https:\/\/diariotextual.com\/inicio\/?p=159509"},"modified":"2021-08-30T13:28:42","modified_gmt":"2021-08-30T16:28:42","slug":"diputados-de-la-ucr-piden-audiencia-publica-para-debatir-sobre-la-gestion-de-los-residuos","status":"publish","type":"post","link":"https:\/\/diariotextual.com\/inicio\/index.php\/2021\/08\/30\/diputados-de-la-ucr-piden-audiencia-publica-para-debatir-sobre-la-gestion-de-los-residuos\/","title":{"rendered":"Diputados de la UCR piden audiencia p\u00fablica para debatir sobre la gesti\u00f3n de los residuos"},"content":{"rendered":"\n<p>El bloque de <strong>diputados provinciales de la UCR<\/strong> solicit\u00f3 al Poder Ejecutivo Provincial a trav\u00e9s de un proyecto presentado en la Legislatura de La Pampa que se realice una&nbsp;<strong>audiencia p\u00fablica<\/strong>, para <strong>\u201cdebatir y analizar\u201d<\/strong> junto a la ciudadan\u00eda, las instituciones intermedias que aborden tem\u00e1ticas ambientales, las instituciones acad\u00e9micas y los estados municipales, la propuesta&nbsp;de <strong>Gesti\u00f3n Integral de Residuos S\u00f3lidos Urbanos (GIRSU)<\/strong> que se pretende desarrollar en la provincia.&nbsp;<\/p>\n\n\n\n<p>\u201cA partir de un proyecto elevado por el propio Ejecutivo Provincial, y que est\u00e1 \u00edntimamente vinculado con la GIRSU, por el cual pretende expropiar un inmueble ubicado en el ejido de Santa Rosa, para construir un Centro de Tratamiento de Residuos Solidos Urbanos, a los efectos de construir una celda para alojar residuos de rechazo provenientes de otras localidades, es que el bloque considera necesario ventilar p\u00fablicamente todo el proyecto de cara a la ciudadan\u00eda, para que la multiplicidad de miradas formule un abordaje integral de la propuesta a implementar\u201d, dijeron los legisladores de la UCR.&nbsp;<\/p>\n\n\n\n<p>Seg\u00fan los estudios presentados por una empresa for\u00e1nea (EUSKAL S.A.) contratada por el gobierno de la provincia, la propuesta est\u00e1 orientada inicialmente al tratamiento de los residuos s\u00f3lidos urbanos de las microrregiones 1, 2, 6 y 7 seg\u00fan la Ley de Descentralizaci\u00f3n.&nbsp;<\/p>\n\n\n\n<p>\u201cDe esta forma, se proyectan localidades que recibir\u00edan el 100% de los residuos s\u00f3lidos urbanos de otras localidades, y \u00e9stas tendr\u00edan que pagar una tasa por el servicio, lo que indicar\u00eda, que ser\u00eda trasladado a los costos de los servicios de las y los frentistas a trav\u00e9s de las tasas municipales. En este caso ser\u00eda m\u00e1s que oportuno escuchar m\u00ednimamente las opiniones de ambos departamentos (ejecutivo y legislativos) de las municipalidades involucradas, sea como receptora, sea como emisora de RSU\u201d, reclam\u00f3 el bloque radical.&nbsp;<\/p>\n\n\n\n<p>\u201cTambi\u00e9n se observa que existir\u00edan localidades que tendr\u00eda que realizar m\u00e1s de cien kil\u00f3metros para transportar residuos de rechazo, y algunas m\u00e1s de 50 para trasladar residuos s\u00f3lidos urbanos, lo que involucrar\u00eda no solo analizar en profundidad los pasivos ambientales que se podr\u00edan generar por la combusti\u00f3n de combustibles f\u00f3siles que involucra transportar ambos tipos de residuos. En este caso es importante los aportes que podr\u00edan formular las y los investigadores y profesionales de unidades acad\u00e9micas con injerencia en la materia principalmente de nuestra Universidad Nacional\u201d, recomendaron los diputados opositores.&nbsp;<\/p>\n\n\n\n<p>\u201cClaramente -remarcaron- es necesario, en aras de la transparencia, generar las condiciones para que p\u00fablicamente sea debatido un tema sensible, y donde existe vasta experiencia de organizaciones no gubernamentales especializadas en temas ambientales, de la provincia y fuera de ella, que podr\u00edan aportar distintas perspectivas para el abordaje, as\u00ed como las debilidades que pude presentar el esquema planteado por las autoridades provinciales\u201d.&nbsp;<\/p>\n\n\n\n<p>\u201cEl bloque de la UCR est\u00e1 convencido que estas decisiones no se pueden tomar en soledad y de espaldas a la ciudadan\u00eda, se deben generar y propiciar los espacios para una activa participaci\u00f3n antes de avanzar con la decisi\u00f3n ejecutiva. No solo porque significan importantes inversiones, sino porque se necesitan profundos consensos que garanticen la concreci\u00f3n de los objetivos ambientales que se pretenden alcanzar\u201d, agreg\u00f3 el proyecto.&nbsp;&nbsp;<\/p>\n\n\n\n<p><\/p>\n","protected":false},"excerpt":{"rendered":"<p>El bloque de diputados provinciales de la UCR solicit\u00f3 al Poder Ejecutivo Provincial a trav\u00e9s de un proyecto presentado en la Legislatura de La Pampa que se realice una&nbsp;audiencia p\u00fablica,&hellip;<\/p>\n","protected":false},"author":7,"featured_media":24640,"comment_status":"closed","ping_status":"open","sticky":false,"template":"","format":"standard","meta":{"_acf_changed":false,"footnotes":""},"categories":[10,8],"tags":[6000,5425],"class_list":["post-159509","post","type-post","status-publish","format-standard","has-post-thumbnail","hentry","category-portada-2","category-politica","tag-girsu","tag-residuos-solidos-urbanos"],"acf":[],"yoast_head":"<!-- This site is optimized with the Yoast SEO plugin v27.5 - https:\/\/yoast.com\/product\/yoast-seo-wordpress\/ -->\n<title>Diputados de la UCR piden audiencia p\u00fablica para debatir sobre la gesti\u00f3n de los residuos - Diario Textual<\/title>\n<meta name=\"robots\" content=\"index, follow, max-snippet:-1, max-image-preview:large, max-video-preview:-1\" \/>\n<link rel=\"canonical\" href=\"https:\/\/diariotextual.com\/inicio\/index.php\/2021\/08\/30\/diputados-de-la-ucr-piden-audiencia-publica-para-debatir-sobre-la-gestion-de-los-residuos\/\" \/>\n<meta property=\"og:locale\" content=\"es_ES\" \/>\n<meta property=\"og:type\" content=\"article\" \/>\n<meta property=\"og:title\" content=\"Diputados de la UCR piden audiencia p\u00fablica para debatir sobre la gesti\u00f3n de los residuos - Diario Textual\" \/>\n<meta property=\"og:description\" content=\"El bloque de diputados provinciales de la UCR solicit\u00f3 al Poder Ejecutivo Provincial a trav\u00e9s de un proyecto presentado en la Legislatura de La Pampa que se realice una&nbsp;audiencia p\u00fablica,&hellip;\" \/>\n<meta property=\"og:url\" content=\"https:\/\/diariotextual.com\/inicio\/index.php\/2021\/08\/30\/diputados-de-la-ucr-piden-audiencia-publica-para-debatir-sobre-la-gestion-de-los-residuos\/\" \/>\n<meta property=\"og:site_name\" content=\"Diario Textual\" \/>\n<meta property=\"article:publisher\" content=\"https:\/\/www.facebook.com\/eltextual\" \/>\n<meta property=\"article:published_time\" content=\"2021-08-30T11:46:59+00:00\" \/>\n<meta property=\"article:modified_time\" content=\"2021-08-30T16:28:42+00:00\" \/>\n<meta property=\"og:image\" content=\"https:\/\/diariotextual.com\/inicio\/wp-content\/uploads\/2018\/10\/relleno-sanitario.jpg\" \/>\n\t<meta property=\"og:image:width\" content=\"800\" \/>\n\t<meta property=\"og:image:height\" content=\"497\" \/>\n\t<meta property=\"og:image:type\" content=\"image\/jpeg\" \/>\n<meta name=\"author\" content=\"diario5\" \/>\n<meta name=\"twitter:card\" content=\"summary_large_image\" \/>\n<meta name=\"twitter:creator\" content=\"@eltextual\" \/>\n<meta name=\"twitter:site\" content=\"@eltextual\" \/>\n<meta name=\"twitter:label1\" content=\"Escrito por\" \/>\n\t<meta name=\"twitter:data1\" content=\"diario5\" \/>\n\t<meta name=\"twitter:label2\" content=\"Tiempo de lectura\" \/>\n\t<meta name=\"twitter:data2\" content=\"3 minutos\" \/>\n<script type=\"application\/ld+json\" class=\"yoast-schema-graph\">{\"@context\":\"https:\\\/\\\/schema.org\",\"@graph\":[{\"@type\":\"Article\",\"@id\":\"https:\\\/\\\/diariotextual.com\\\/inicio\\\/index.php\\\/2021\\\/08\\\/30\\\/diputados-de-la-ucr-piden-audiencia-publica-para-debatir-sobre-la-gestion-de-los-residuos\\\/#article\",\"isPartOf\":{\"@id\":\"https:\\\/\\\/diariotextual.com\\\/inicio\\\/index.php\\\/2021\\\/08\\\/30\\\/diputados-de-la-ucr-piden-audiencia-publica-para-debatir-sobre-la-gestion-de-los-residuos\\\/\"},\"author\":{\"name\":\"diario5\",\"@id\":\"https:\\\/\\\/diariotextual.com\\\/inicio\\\/#\\\/schema\\\/person\\\/c7834961ad8b29b1d9cdbf4571299067\"},\"headline\":\"Diputados de la UCR piden audiencia p\u00fablica para debatir sobre la gesti\u00f3n de los residuos\",\"datePublished\":\"2021-08-30T11:46:59+00:00\",\"dateModified\":\"2021-08-30T16:28:42+00:00\",\"mainEntityOfPage\":{\"@id\":\"https:\\\/\\\/diariotextual.com\\\/inicio\\\/index.php\\\/2021\\\/08\\\/30\\\/diputados-de-la-ucr-piden-audiencia-publica-para-debatir-sobre-la-gestion-de-los-residuos\\\/\"},\"wordCount\":575,\"publisher\":{\"@id\":\"https:\\\/\\\/diariotextual.com\\\/inicio\\\/#organization\"},\"image\":{\"@id\":\"https:\\\/\\\/diariotextual.com\\\/inicio\\\/index.php\\\/2021\\\/08\\\/30\\\/diputados-de-la-ucr-piden-audiencia-publica-para-debatir-sobre-la-gestion-de-los-residuos\\\/#primaryimage\"},\"thumbnailUrl\":\"https:\\\/\\\/diariotextual.com\\\/inicio\\\/wp-content\\\/uploads\\\/2018\\\/10\\\/relleno-sanitario.jpg\",\"keywords\":[\"Girsu\",\"residuos solidos urbanos\"],\"articleSection\":[\"A - PORTADA2\",\"POLITICA\"],\"inLanguage\":\"es\"},{\"@type\":\"WebPage\",\"@id\":\"https:\\\/\\\/diariotextual.com\\\/inicio\\\/index.php\\\/2021\\\/08\\\/30\\\/diputados-de-la-ucr-piden-audiencia-publica-para-debatir-sobre-la-gestion-de-los-residuos\\\/\",\"url\":\"https:\\\/\\\/diariotextual.com\\\/inicio\\\/index.php\\\/2021\\\/08\\\/30\\\/diputados-de-la-ucr-piden-audiencia-publica-para-debatir-sobre-la-gestion-de-los-residuos\\\/\",\"name\":\"Diputados de la UCR piden audiencia p\u00fablica para debatir sobre la gesti\u00f3n de los residuos - Diario Textual\",\"isPartOf\":{\"@id\":\"https:\\\/\\\/diariotextual.com\\\/inicio\\\/#website\"},\"primaryImageOfPage\":{\"@id\":\"https:\\\/\\\/diariotextual.com\\\/inicio\\\/index.php\\\/2021\\\/08\\\/30\\\/diputados-de-la-ucr-piden-audiencia-publica-para-debatir-sobre-la-gestion-de-los-residuos\\\/#primaryimage\"},\"image\":{\"@id\":\"https:\\\/\\\/diariotextual.com\\\/inicio\\\/index.php\\\/2021\\\/08\\\/30\\\/diputados-de-la-ucr-piden-audiencia-publica-para-debatir-sobre-la-gestion-de-los-residuos\\\/#primaryimage\"},\"thumbnailUrl\":\"https:\\\/\\\/diariotextual.com\\\/inicio\\\/wp-content\\\/uploads\\\/2018\\\/10\\\/relleno-sanitario.jpg\",\"datePublished\":\"2021-08-30T11:46:59+00:00\",\"dateModified\":\"2021-08-30T16:28:42+00:00\",\"breadcrumb\":{\"@id\":\"https:\\\/\\\/diariotextual.com\\\/inicio\\\/index.php\\\/2021\\\/08\\\/30\\\/diputados-de-la-ucr-piden-audiencia-publica-para-debatir-sobre-la-gestion-de-los-residuos\\\/#breadcrumb\"},\"inLanguage\":\"es\",\"potentialAction\":[{\"@type\":\"ReadAction\",\"target\":[\"https:\\\/\\\/diariotextual.com\\\/inicio\\\/index.php\\\/2021\\\/08\\\/30\\\/diputados-de-la-ucr-piden-audiencia-publica-para-debatir-sobre-la-gestion-de-los-residuos\\\/\"]}]},{\"@type\":\"ImageObject\",\"inLanguage\":\"es\",\"@id\":\"https:\\\/\\\/diariotextual.com\\\/inicio\\\/index.php\\\/2021\\\/08\\\/30\\\/diputados-de-la-ucr-piden-audiencia-publica-para-debatir-sobre-la-gestion-de-los-residuos\\\/#primaryimage\",\"url\":\"https:\\\/\\\/diariotextual.com\\\/inicio\\\/wp-content\\\/uploads\\\/2018\\\/10\\\/relleno-sanitario.jpg\",\"contentUrl\":\"https:\\\/\\\/diariotextual.com\\\/inicio\\\/wp-content\\\/uploads\\\/2018\\\/10\\\/relleno-sanitario.jpg\",\"width\":800,\"height\":497},{\"@type\":\"BreadcrumbList\",\"@id\":\"https:\\\/\\\/diariotextual.com\\\/inicio\\\/index.php\\\/2021\\\/08\\\/30\\\/diputados-de-la-ucr-piden-audiencia-publica-para-debatir-sobre-la-gestion-de-los-residuos\\\/#breadcrumb\",\"itemListElement\":[{\"@type\":\"ListItem\",\"position\":1,\"name\":\"Portada\",\"item\":\"https:\\\/\\\/diariotextual.com\\\/inicio\\\/\"},{\"@type\":\"ListItem\",\"position\":2,\"name\":\"Diputados de la UCR piden audiencia p\u00fablica para debatir sobre la gesti\u00f3n de los residuos\"}]},{\"@type\":\"WebSite\",\"@id\":\"https:\\\/\\\/diariotextual.com\\\/inicio\\\/#website\",\"url\":\"https:\\\/\\\/diariotextual.com\\\/inicio\\\/\",\"name\":\"Diario Textual\",\"description\":\"\",\"publisher\":{\"@id\":\"https:\\\/\\\/diariotextual.com\\\/inicio\\\/#organization\"},\"potentialAction\":[{\"@type\":\"SearchAction\",\"target\":{\"@type\":\"EntryPoint\",\"urlTemplate\":\"https:\\\/\\\/diariotextual.com\\\/inicio\\\/?s={search_term_string}\"},\"query-input\":{\"@type\":\"PropertyValueSpecification\",\"valueRequired\":true,\"valueName\":\"search_term_string\"}}],\"inLanguage\":\"es\"},{\"@type\":\"Organization\",\"@id\":\"https:\\\/\\\/diariotextual.com\\\/inicio\\\/#organization\",\"name\":\"Diario Textual\",\"url\":\"https:\\\/\\\/diariotextual.com\\\/inicio\\\/\",\"logo\":{\"@type\":\"ImageObject\",\"inLanguage\":\"es\",\"@id\":\"https:\\\/\\\/diariotextual.com\\\/inicio\\\/#\\\/schema\\\/logo\\\/image\\\/\",\"url\":\"https:\\\/\\\/diariotextual.com\\\/inicio\\\/wp-content\\\/uploads\\\/2023\\\/05\\\/logotextual1.jpg\",\"contentUrl\":\"https:\\\/\\\/diariotextual.com\\\/inicio\\\/wp-content\\\/uploads\\\/2023\\\/05\\\/logotextual1.jpg\",\"width\":516,\"height\":76,\"caption\":\"Diario Textual\"},\"image\":{\"@id\":\"https:\\\/\\\/diariotextual.com\\\/inicio\\\/#\\\/schema\\\/logo\\\/image\\\/\"},\"sameAs\":[\"https:\\\/\\\/www.facebook.com\\\/eltextual\",\"https:\\\/\\\/x.com\\\/eltextual\",\"http:\\\/\\\/www.instagram.com\\\/eltextual\"]},{\"@type\":\"Person\",\"@id\":\"https:\\\/\\\/diariotextual.com\\\/inicio\\\/#\\\/schema\\\/person\\\/c7834961ad8b29b1d9cdbf4571299067\",\"name\":\"diario5\",\"image\":{\"@type\":\"ImageObject\",\"inLanguage\":\"es\",\"@id\":\"https:\\\/\\\/secure.gravatar.com\\\/avatar\\\/948c893b847ca6df68216ead81b63f363408ec9b0f600fefc0641ce78613b111?s=96&d=mm&r=g\",\"url\":\"https:\\\/\\\/secure.gravatar.com\\\/avatar\\\/948c893b847ca6df68216ead81b63f363408ec9b0f600fefc0641ce78613b111?s=96&d=mm&r=g\",\"contentUrl\":\"https:\\\/\\\/secure.gravatar.com\\\/avatar\\\/948c893b847ca6df68216ead81b63f363408ec9b0f600fefc0641ce78613b111?s=96&d=mm&r=g\",\"caption\":\"diario5\"},\"url\":\"https:\\\/\\\/diariotextual.com\\\/inicio\\\/index.php\\\/author\\\/diario5\\\/\"}]}<\/script>\n<!-- \/ Yoast SEO plugin. -->","yoast_head_json":{"title":"Diputados de la UCR piden audiencia p\u00fablica para debatir sobre la gesti\u00f3n de los residuos - Diario Textual","robots":{"index":"index","follow":"follow","max-snippet":"max-snippet:-1","max-image-preview":"max-image-preview:large","max-video-preview":"max-video-preview:-1"},"canonical":"https:\/\/diariotextual.com\/inicio\/index.php\/2021\/08\/30\/diputados-de-la-ucr-piden-audiencia-publica-para-debatir-sobre-la-gestion-de-los-residuos\/","og_locale":"es_ES","og_type":"article","og_title":"Diputados de la UCR piden audiencia p\u00fablica para debatir sobre la gesti\u00f3n de los residuos - Diario Textual","og_description":"El bloque de diputados provinciales de la UCR solicit\u00f3 al Poder Ejecutivo Provincial a trav\u00e9s de un proyecto presentado en la Legislatura de La Pampa que se realice una&nbsp;audiencia p\u00fablica,&hellip;","og_url":"https:\/\/diariotextual.com\/inicio\/index.php\/2021\/08\/30\/diputados-de-la-ucr-piden-audiencia-publica-para-debatir-sobre-la-gestion-de-los-residuos\/","og_site_name":"Diario Textual","article_publisher":"https:\/\/www.facebook.com\/eltextual","article_published_time":"2021-08-30T11:46:59+00:00","article_modified_time":"2021-08-30T16:28:42+00:00","og_image":[{"width":800,"height":497,"url":"https:\/\/diariotextual.com\/inicio\/wp-content\/uploads\/2018\/10\/relleno-sanitario.jpg","type":"image\/jpeg"}],"author":"diario5","twitter_card":"summary_large_image","twitter_creator":"@eltextual","twitter_site":"@eltextual","twitter_misc":{"Escrito por":"diario5","Tiempo de lectura":"3 minutos"},"schema":{"@context":"https:\/\/schema.org","@graph":[{"@type":"Article","@id":"https:\/\/diariotextual.com\/inicio\/index.php\/2021\/08\/30\/diputados-de-la-ucr-piden-audiencia-publica-para-debatir-sobre-la-gestion-de-los-residuos\/#article","isPartOf":{"@id":"https:\/\/diariotextual.com\/inicio\/index.php\/2021\/08\/30\/diputados-de-la-ucr-piden-audiencia-publica-para-debatir-sobre-la-gestion-de-los-residuos\/"},"author":{"name":"diario5","@id":"https:\/\/diariotextual.com\/inicio\/#\/schema\/person\/c7834961ad8b29b1d9cdbf4571299067"},"headline":"Diputados de la UCR piden audiencia p\u00fablica para debatir sobre la gesti\u00f3n de los residuos","datePublished":"2021-08-30T11:46:59+00:00","dateModified":"2021-08-30T16:28:42+00:00","mainEntityOfPage":{"@id":"https:\/\/diariotextual.com\/inicio\/index.php\/2021\/08\/30\/diputados-de-la-ucr-piden-audiencia-publica-para-debatir-sobre-la-gestion-de-los-residuos\/"},"wordCount":575,"publisher":{"@id":"https:\/\/diariotextual.com\/inicio\/#organization"},"image":{"@id":"https:\/\/diariotextual.com\/inicio\/index.php\/2021\/08\/30\/diputados-de-la-ucr-piden-audiencia-publica-para-debatir-sobre-la-gestion-de-los-residuos\/#primaryimage"},"thumbnailUrl":"https:\/\/diariotextual.com\/inicio\/wp-content\/uploads\/2018\/10\/relleno-sanitario.jpg","keywords":["Girsu","residuos solidos urbanos"],"articleSection":["A - PORTADA2","POLITICA"],"inLanguage":"es"},{"@type":"WebPage","@id":"https:\/\/diariotextual.com\/inicio\/index.php\/2021\/08\/30\/diputados-de-la-ucr-piden-audiencia-publica-para-debatir-sobre-la-gestion-de-los-residuos\/","url":"https:\/\/diariotextual.com\/inicio\/index.php\/2021\/08\/30\/diputados-de-la-ucr-piden-audiencia-publica-para-debatir-sobre-la-gestion-de-los-residuos\/","name":"Diputados de la UCR piden audiencia p\u00fablica para debatir sobre la gesti\u00f3n de los residuos - Diario Textual","isPartOf":{"@id":"https:\/\/diariotextual.com\/inicio\/#website"},"primaryImageOfPage":{"@id":"https:\/\/diariotextual.com\/inicio\/index.php\/2021\/08\/30\/diputados-de-la-ucr-piden-audiencia-publica-para-debatir-sobre-la-gestion-de-los-residuos\/#primaryimage"},"image":{"@id":"https:\/\/diariotextual.com\/inicio\/index.php\/2021\/08\/30\/diputados-de-la-ucr-piden-audiencia-publica-para-debatir-sobre-la-gestion-de-los-residuos\/#primaryimage"},"thumbnailUrl":"https:\/\/diariotextual.com\/inicio\/wp-content\/uploads\/2018\/10\/relleno-sanitario.jpg","datePublished":"2021-08-30T11:46:59+00:00","dateModified":"2021-08-30T16:28:42+00:00","breadcrumb":{"@id":"https:\/\/diariotextual.com\/inicio\/index.php\/2021\/08\/30\/diputados-de-la-ucr-piden-audiencia-publica-para-debatir-sobre-la-gestion-de-los-residuos\/#breadcrumb"},"inLanguage":"es","potentialAction":[{"@type":"ReadAction","target":["https:\/\/diariotextual.com\/inicio\/index.php\/2021\/08\/30\/diputados-de-la-ucr-piden-audiencia-publica-para-debatir-sobre-la-gestion-de-los-residuos\/"]}]},{"@type":"ImageObject","inLanguage":"es","@id":"https:\/\/diariotextual.com\/inicio\/index.php\/2021\/08\/30\/diputados-de-la-ucr-piden-audiencia-publica-para-debatir-sobre-la-gestion-de-los-residuos\/#primaryimage","url":"https:\/\/diariotextual.com\/inicio\/wp-content\/uploads\/2018\/10\/relleno-sanitario.jpg","contentUrl":"https:\/\/diariotextual.com\/inicio\/wp-content\/uploads\/2018\/10\/relleno-sanitario.jpg","width":800,"height":497},{"@type":"BreadcrumbList","@id":"https:\/\/diariotextual.com\/inicio\/index.php\/2021\/08\/30\/diputados-de-la-ucr-piden-audiencia-publica-para-debatir-sobre-la-gestion-de-los-residuos\/#breadcrumb","itemListElement":[{"@type":"ListItem","position":1,"name":"Portada","item":"https:\/\/diariotextual.com\/inicio\/"},{"@type":"ListItem","position":2,"name":"Diputados de la UCR piden audiencia p\u00fablica para debatir sobre la gesti\u00f3n de los residuos"}]},{"@type":"WebSite","@id":"https:\/\/diariotextual.com\/inicio\/#website","url":"https:\/\/diariotextual.com\/inicio\/","name":"Diario Textual","description":"","publisher":{"@id":"https:\/\/diariotextual.com\/inicio\/#organization"},"potentialAction":[{"@type":"SearchAction","target":{"@type":"EntryPoint","urlTemplate":"https:\/\/diariotextual.com\/inicio\/?s={search_term_string}"},"query-input":{"@type":"PropertyValueSpecification","valueRequired":true,"valueName":"search_term_string"}}],"inLanguage":"es"},{"@type":"Organization","@id":"https:\/\/diariotextual.com\/inicio\/#organization","name":"Diario Textual","url":"https:\/\/diariotextual.com\/inicio\/","logo":{"@type":"ImageObject","inLanguage":"es","@id":"https:\/\/diariotextual.com\/inicio\/#\/schema\/logo\/image\/","url":"https:\/\/diariotextual.com\/inicio\/wp-content\/uploads\/2023\/05\/logotextual1.jpg","contentUrl":"https:\/\/diariotextual.com\/inicio\/wp-content\/uploads\/2023\/05\/logotextual1.jpg","width":516,"height":76,"caption":"Diario Textual"},"image":{"@id":"https:\/\/diariotextual.com\/inicio\/#\/schema\/logo\/image\/"},"sameAs":["https:\/\/www.facebook.com\/eltextual","https:\/\/x.com\/eltextual","http:\/\/www.instagram.com\/eltextual"]},{"@type":"Person","@id":"https:\/\/diariotextual.com\/inicio\/#\/schema\/person\/c7834961ad8b29b1d9cdbf4571299067","name":"diario5","image":{"@type":"ImageObject","inLanguage":"es","@id":"https:\/\/secure.gravatar.com\/avatar\/948c893b847ca6df68216ead81b63f363408ec9b0f600fefc0641ce78613b111?s=96&d=mm&r=g","url":"https:\/\/secure.gravatar.com\/avatar\/948c893b847ca6df68216ead81b63f363408ec9b0f600fefc0641ce78613b111?s=96&d=mm&r=g","contentUrl":"https:\/\/secure.gravatar.com\/avatar\/948c893b847ca6df68216ead81b63f363408ec9b0f600fefc0641ce78613b111?s=96&d=mm&r=g","caption":"diario5"},"url":"https:\/\/diariotextual.com\/inicio\/index.php\/author\/diario5\/"}]}},"_links":{"self":[{"href":"https:\/\/diariotextual.com\/inicio\/index.php\/wp-json\/wp\/v2\/posts\/159509","targetHints":{"allow":["GET"]}}],"collection":[{"href":"https:\/\/diariotextual.com\/inicio\/index.php\/wp-json\/wp\/v2\/posts"}],"about":[{"href":"https:\/\/diariotextual.com\/inicio\/index.php\/wp-json\/wp\/v2\/types\/post"}],"author":[{"embeddable":true,"href":"https:\/\/diariotextual.com\/inicio\/index.php\/wp-json\/wp\/v2\/users\/7"}],"replies":[{"embeddable":true,"href":"https:\/\/diariotextual.com\/inicio\/index.php\/wp-json\/wp\/v2\/comments?post=159509"}],"version-history":[{"count":2,"href":"https:\/\/diariotextual.com\/inicio\/index.php\/wp-json\/wp\/v2\/posts\/159509\/revisions"}],"predecessor-version":[{"id":159513,"href":"https:\/\/diariotextual.com\/inicio\/index.php\/wp-json\/wp\/v2\/posts\/159509\/revisions\/159513"}],"wp:featuredmedia":[{"embeddable":true,"href":"https:\/\/diariotextual.com\/inicio\/index.php\/wp-json\/wp\/v2\/media\/24640"}],"wp:attachment":[{"href":"https:\/\/diariotextual.com\/inicio\/index.php\/wp-json\/wp\/v2\/media?parent=159509"}],"wp:term":[{"taxonomy":"category","embeddable":true,"href":"https:\/\/diariotextual.com\/inicio\/index.php\/wp-json\/wp\/v2\/categories?post=159509"},{"taxonomy":"post_tag","embeddable":true,"href":"https:\/\/diariotextual.com\/inicio\/index.php\/wp-json\/wp\/v2\/tags?post=159509"}],"curies":[{"name":"wp","href":"https:\/\/api.w.org\/{rel}","templated":true}]}}