{"id":159646,"date":"2021-08-31T12:39:34","date_gmt":"2021-08-31T15:39:34","guid":{"rendered":"https:\/\/diariotextual.com\/inicio\/?p=159646"},"modified":"2021-09-01T07:48:15","modified_gmt":"2021-09-01T10:48:15","slug":"la-pampa-amplio-el-horario-de-circulacion-hasta-las-3-de-la-madrugada-y-nuevas-actividades","status":"publish","type":"post","link":"https:\/\/diariotextual.com\/inicio\/index.php\/2021\/08\/31\/la-pampa-amplio-el-horario-de-circulacion-hasta-las-3-de-la-madrugada-y-nuevas-actividades\/","title":{"rendered":"La Pampa ampli\u00f3 el horario de circulaci\u00f3n hasta las 3 de la madrugada y nuevas actividades"},"content":{"rendered":"\n<p><strong>El Gobierno provincial est\u00e1 avanzando en la ampliaci\u00f3n de horarios y habilitaci\u00f3n de actividades que se vieron reducidas por la pandemia de Covid-19. <\/strong>Ahora <strong>decidi\u00f3 ampliar de las 2 a las 3 de la madrugada el horario de circulaci\u00f3n.<\/strong><\/p>\n\n\n\n<p>Las nuevas disposiciones <strong>entrar\u00e1n en vigencia el 1\u00b0 de septiembre y se extender\u00e1n hasta el 22 de septiembre inclusive<\/strong>.<\/p>\n\n\n\n<p>\u00abLas medidas se adoptan en funci\u00f3n de la baja continua de contagios diarios, el decreciente nivel de ocupaci\u00f3n de camas de terapia intensiva y la evoluci\u00f3n de la campa\u00f1a de vacunaci\u00f3n en la provincia, a trav\u00e9s de la cual se han aplicado, al 27 de agosto, 387.724 dosis\u00bb, comunic\u00f3.<\/p>\n\n\n\n<div style=\"height:100px\" aria-hidden=\"true\" class=\"wp-block-spacer\"><\/div>\n\n\n\n<p><strong>Eventos al aire libre<\/strong><br>El Gobierno tambi\u00e9n habilit\u00f3 eventos al aire libre con un m\u00e1ximo de 100 personas. Podr\u00e1n desarrollarse de lunes a domingos en la franja horaria m\u00e1xima de 7 horas a 2 horas del d\u00eda siguiente, con tolerancia de 45 minutos para el retiro de personas del lugar. Se permite el servicio de gastronom\u00eda y espect\u00e1culos musicales en vivo.<\/p>\n\n\n\n<div style=\"height:100px\" aria-hidden=\"true\" class=\"wp-block-spacer\"><\/div>\n\n\n\n<p><strong>Gastronom\u00eda y salones de fiesta<\/strong><br>Los locales de gastronom\u00eda y los salones de fiestas que temporalmente funcionen como locales gastron\u00f3micos, los casinos y bingos, los cines, teatros y centros culturales, y el sector gastron\u00f3mico de estaciones de servicio, podr\u00e1n desarrollar su actividad de lunes a domingos en la franja horaria m\u00e1xima de 7 a 2 horas del d\u00eda siguiente, con tolerancia de 45 minutos para atenci\u00f3n de clientes y retiro de personas del lugar.<\/p>\n\n\n\n<div style=\"height:100px\" aria-hidden=\"true\" class=\"wp-block-spacer\"><\/div>\n\n\n\n<p><strong>Circulaci\u00f3n de las personas<\/strong><br>Se estableci\u00f3 la restricci\u00f3n de circulaci\u00f3n de las personas por fuera del l\u00edmite de la localidad en que residan, y dentro de la misma localidad, en el horario comprendido entre las 3 horas y las 6 horas, con excepci\u00f3n de aquellas personas afectadas a actividades definidas como esenciales.<\/p>\n\n\n\n<div style=\"height:100px\" aria-hidden=\"true\" class=\"wp-block-spacer\"><\/div>\n\n\n\n<p><strong>Asambleas presenciales<\/strong><br>El Gobierno habilit\u00f3 a todas las entidades con sede o filial en la provincia de La Pampa, con o sin personer\u00eda jur\u00eddica, sujetas al control y fiscalizaci\u00f3n de la Direcci\u00f3n General de Superintendencia de Personas Jur\u00eddicas y Registro P\u00fablico de Comercio o de la Subsecretar\u00eda de Cooperativas y Mutuales, u organismo competente; a convocar y realizar Asambleas presenciales que tengan como fin cumplir con mandatos legales, debiendo sus participantes actuar con responsabilidad social, dando cumplimiento a los protocolos y reglas de conducta generales y obligatorias dispuestas para disminuir el riesgo de contagio de Covid-19.<\/p>\n\n\n\n<p>Las asambleas podr\u00e1n realizarse de lunes a domingo, en el horario de 7 a 22 horas, al aire libre con hasta un m\u00e1ximo de 100 personas, o en espacios cerrados con un aforo m\u00e1ximo del 70% de la capacidad total habilitada y hasta un m\u00e1ximo de 100 personas. Los dem\u00e1s interesados en participar del acto asambleario podr\u00e1n hacerlo de manera online.<\/p>\n\n\n\n<p><\/p>\n","protected":false},"excerpt":{"rendered":"<p>El Gobierno provincial est\u00e1 avanzando en la ampliaci\u00f3n de horarios y habilitaci\u00f3n de actividades que se vieron reducidas por la pandemia de Covid-19. Ahora decidi\u00f3 ampliar de las 2 a&hellip;<\/p>\n","protected":false},"author":3,"featured_media":117003,"comment_status":"closed","ping_status":"open","sticky":false,"template":"","format":"standard","meta":{"_acf_changed":false,"footnotes":""},"categories":[10,12],"tags":[3127],"class_list":["post-159646","post","type-post","status-publish","format-standard","has-post-thumbnail","hentry","category-portada-2","category-sociedad","tag-circulacion"],"acf":[],"yoast_head":"<!-- This site is optimized with the Yoast SEO plugin v27.5 - https:\/\/yoast.com\/product\/yoast-seo-wordpress\/ -->\n<title>La Pampa ampli\u00f3 el horario de circulaci\u00f3n hasta las 3 de la madrugada y nuevas actividades - Diario Textual<\/title>\n<meta name=\"robots\" content=\"index, follow, max-snippet:-1, max-image-preview:large, max-video-preview:-1\" \/>\n<link rel=\"canonical\" href=\"https:\/\/diariotextual.com\/inicio\/index.php\/2021\/08\/31\/la-pampa-amplio-el-horario-de-circulacion-hasta-las-3-de-la-madrugada-y-nuevas-actividades\/\" \/>\n<meta property=\"og:locale\" content=\"es_ES\" \/>\n<meta property=\"og:type\" content=\"article\" \/>\n<meta property=\"og:title\" content=\"La Pampa ampli\u00f3 el horario de circulaci\u00f3n hasta las 3 de la madrugada y nuevas actividades - Diario Textual\" \/>\n<meta property=\"og:description\" content=\"El Gobierno provincial est\u00e1 avanzando en la ampliaci\u00f3n de horarios y habilitaci\u00f3n de actividades que se vieron reducidas por la pandemia de Covid-19. Ahora decidi\u00f3 ampliar de las 2 a&hellip;\" \/>\n<meta property=\"og:url\" content=\"https:\/\/diariotextual.com\/inicio\/index.php\/2021\/08\/31\/la-pampa-amplio-el-horario-de-circulacion-hasta-las-3-de-la-madrugada-y-nuevas-actividades\/\" \/>\n<meta property=\"og:site_name\" content=\"Diario Textual\" \/>\n<meta property=\"article:publisher\" content=\"https:\/\/www.facebook.com\/eltextual\" \/>\n<meta property=\"article:published_time\" content=\"2021-08-31T15:39:34+00:00\" \/>\n<meta property=\"article:modified_time\" content=\"2021-09-01T10:48:15+00:00\" \/>\n<meta property=\"og:image\" content=\"https:\/\/diariotextual.com\/inicio\/wp-content\/uploads\/2020\/10\/corredoresgastronomicos2020-1.jpg\" \/>\n\t<meta property=\"og:image:width\" content=\"1284\" \/>\n\t<meta property=\"og:image:height\" content=\"768\" \/>\n\t<meta property=\"og:image:type\" content=\"image\/jpeg\" \/>\n<meta name=\"author\" content=\"Diario1 Diario1\" \/>\n<meta name=\"twitter:card\" content=\"summary_large_image\" \/>\n<meta name=\"twitter:creator\" content=\"@eltextual\" \/>\n<meta name=\"twitter:site\" content=\"@eltextual\" \/>\n<meta name=\"twitter:label1\" content=\"Escrito por\" \/>\n\t<meta name=\"twitter:data1\" content=\"Diario1 Diario1\" \/>\n\t<meta name=\"twitter:label2\" content=\"Tiempo de lectura\" \/>\n\t<meta name=\"twitter:data2\" content=\"2 minutos\" \/>\n<script type=\"application\/ld+json\" class=\"yoast-schema-graph\">{\"@context\":\"https:\\\/\\\/schema.org\",\"@graph\":[{\"@type\":\"Article\",\"@id\":\"https:\\\/\\\/diariotextual.com\\\/inicio\\\/index.php\\\/2021\\\/08\\\/31\\\/la-pampa-amplio-el-horario-de-circulacion-hasta-las-3-de-la-madrugada-y-nuevas-actividades\\\/#article\",\"isPartOf\":{\"@id\":\"https:\\\/\\\/diariotextual.com\\\/inicio\\\/index.php\\\/2021\\\/08\\\/31\\\/la-pampa-amplio-el-horario-de-circulacion-hasta-las-3-de-la-madrugada-y-nuevas-actividades\\\/\"},\"author\":{\"name\":\"Diario1 Diario1\",\"@id\":\"https:\\\/\\\/diariotextual.com\\\/inicio\\\/#\\\/schema\\\/person\\\/418fc4093c33e86ed41562db3508f958\"},\"headline\":\"La Pampa ampli\u00f3 el horario de circulaci\u00f3n hasta las 3 de la madrugada y nuevas actividades\",\"datePublished\":\"2021-08-31T15:39:34+00:00\",\"dateModified\":\"2021-09-01T10:48:15+00:00\",\"mainEntityOfPage\":{\"@id\":\"https:\\\/\\\/diariotextual.com\\\/inicio\\\/index.php\\\/2021\\\/08\\\/31\\\/la-pampa-amplio-el-horario-de-circulacion-hasta-las-3-de-la-madrugada-y-nuevas-actividades\\\/\"},\"wordCount\":491,\"publisher\":{\"@id\":\"https:\\\/\\\/diariotextual.com\\\/inicio\\\/#organization\"},\"image\":{\"@id\":\"https:\\\/\\\/diariotextual.com\\\/inicio\\\/index.php\\\/2021\\\/08\\\/31\\\/la-pampa-amplio-el-horario-de-circulacion-hasta-las-3-de-la-madrugada-y-nuevas-actividades\\\/#primaryimage\"},\"thumbnailUrl\":\"https:\\\/\\\/diariotextual.com\\\/inicio\\\/wp-content\\\/uploads\\\/2020\\\/10\\\/corredoresgastronomicos2020-1.jpg\",\"keywords\":[\"circulaci\u00f3n\"],\"articleSection\":[\"A - PORTADA2\",\"SOCIEDAD\"],\"inLanguage\":\"es\"},{\"@type\":\"WebPage\",\"@id\":\"https:\\\/\\\/diariotextual.com\\\/inicio\\\/index.php\\\/2021\\\/08\\\/31\\\/la-pampa-amplio-el-horario-de-circulacion-hasta-las-3-de-la-madrugada-y-nuevas-actividades\\\/\",\"url\":\"https:\\\/\\\/diariotextual.com\\\/inicio\\\/index.php\\\/2021\\\/08\\\/31\\\/la-pampa-amplio-el-horario-de-circulacion-hasta-las-3-de-la-madrugada-y-nuevas-actividades\\\/\",\"name\":\"La Pampa ampli\u00f3 el horario de circulaci\u00f3n hasta las 3 de la madrugada y nuevas actividades - Diario Textual\",\"isPartOf\":{\"@id\":\"https:\\\/\\\/diariotextual.com\\\/inicio\\\/#website\"},\"primaryImageOfPage\":{\"@id\":\"https:\\\/\\\/diariotextual.com\\\/inicio\\\/index.php\\\/2021\\\/08\\\/31\\\/la-pampa-amplio-el-horario-de-circulacion-hasta-las-3-de-la-madrugada-y-nuevas-actividades\\\/#primaryimage\"},\"image\":{\"@id\":\"https:\\\/\\\/diariotextual.com\\\/inicio\\\/index.php\\\/2021\\\/08\\\/31\\\/la-pampa-amplio-el-horario-de-circulacion-hasta-las-3-de-la-madrugada-y-nuevas-actividades\\\/#primaryimage\"},\"thumbnailUrl\":\"https:\\\/\\\/diariotextual.com\\\/inicio\\\/wp-content\\\/uploads\\\/2020\\\/10\\\/corredoresgastronomicos2020-1.jpg\",\"datePublished\":\"2021-08-31T15:39:34+00:00\",\"dateModified\":\"2021-09-01T10:48:15+00:00\",\"breadcrumb\":{\"@id\":\"https:\\\/\\\/diariotextual.com\\\/inicio\\\/index.php\\\/2021\\\/08\\\/31\\\/la-pampa-amplio-el-horario-de-circulacion-hasta-las-3-de-la-madrugada-y-nuevas-actividades\\\/#breadcrumb\"},\"inLanguage\":\"es\",\"potentialAction\":[{\"@type\":\"ReadAction\",\"target\":[\"https:\\\/\\\/diariotextual.com\\\/inicio\\\/index.php\\\/2021\\\/08\\\/31\\\/la-pampa-amplio-el-horario-de-circulacion-hasta-las-3-de-la-madrugada-y-nuevas-actividades\\\/\"]}]},{\"@type\":\"ImageObject\",\"inLanguage\":\"es\",\"@id\":\"https:\\\/\\\/diariotextual.com\\\/inicio\\\/index.php\\\/2021\\\/08\\\/31\\\/la-pampa-amplio-el-horario-de-circulacion-hasta-las-3-de-la-madrugada-y-nuevas-actividades\\\/#primaryimage\",\"url\":\"https:\\\/\\\/diariotextual.com\\\/inicio\\\/wp-content\\\/uploads\\\/2020\\\/10\\\/corredoresgastronomicos2020-1.jpg\",\"contentUrl\":\"https:\\\/\\\/diariotextual.com\\\/inicio\\\/wp-content\\\/uploads\\\/2020\\\/10\\\/corredoresgastronomicos2020-1.jpg\",\"width\":1284,\"height\":768},{\"@type\":\"BreadcrumbList\",\"@id\":\"https:\\\/\\\/diariotextual.com\\\/inicio\\\/index.php\\\/2021\\\/08\\\/31\\\/la-pampa-amplio-el-horario-de-circulacion-hasta-las-3-de-la-madrugada-y-nuevas-actividades\\\/#breadcrumb\",\"itemListElement\":[{\"@type\":\"ListItem\",\"position\":1,\"name\":\"Portada\",\"item\":\"https:\\\/\\\/diariotextual.com\\\/inicio\\\/\"},{\"@type\":\"ListItem\",\"position\":2,\"name\":\"La Pampa ampli\u00f3 el horario de circulaci\u00f3n hasta las 3 de la madrugada y nuevas actividades\"}]},{\"@type\":\"WebSite\",\"@id\":\"https:\\\/\\\/diariotextual.com\\\/inicio\\\/#website\",\"url\":\"https:\\\/\\\/diariotextual.com\\\/inicio\\\/\",\"name\":\"Diario Textual\",\"description\":\"\",\"publisher\":{\"@id\":\"https:\\\/\\\/diariotextual.com\\\/inicio\\\/#organization\"},\"potentialAction\":[{\"@type\":\"SearchAction\",\"target\":{\"@type\":\"EntryPoint\",\"urlTemplate\":\"https:\\\/\\\/diariotextual.com\\\/inicio\\\/?s={search_term_string}\"},\"query-input\":{\"@type\":\"PropertyValueSpecification\",\"valueRequired\":true,\"valueName\":\"search_term_string\"}}],\"inLanguage\":\"es\"},{\"@type\":\"Organization\",\"@id\":\"https:\\\/\\\/diariotextual.com\\\/inicio\\\/#organization\",\"name\":\"Diario Textual\",\"url\":\"https:\\\/\\\/diariotextual.com\\\/inicio\\\/\",\"logo\":{\"@type\":\"ImageObject\",\"inLanguage\":\"es\",\"@id\":\"https:\\\/\\\/diariotextual.com\\\/inicio\\\/#\\\/schema\\\/logo\\\/image\\\/\",\"url\":\"https:\\\/\\\/diariotextual.com\\\/inicio\\\/wp-content\\\/uploads\\\/2023\\\/05\\\/logotextual1.jpg\",\"contentUrl\":\"https:\\\/\\\/diariotextual.com\\\/inicio\\\/wp-content\\\/uploads\\\/2023\\\/05\\\/logotextual1.jpg\",\"width\":516,\"height\":76,\"caption\":\"Diario Textual\"},\"image\":{\"@id\":\"https:\\\/\\\/diariotextual.com\\\/inicio\\\/#\\\/schema\\\/logo\\\/image\\\/\"},\"sameAs\":[\"https:\\\/\\\/www.facebook.com\\\/eltextual\",\"https:\\\/\\\/x.com\\\/eltextual\",\"http:\\\/\\\/www.instagram.com\\\/eltextual\"]},{\"@type\":\"Person\",\"@id\":\"https:\\\/\\\/diariotextual.com\\\/inicio\\\/#\\\/schema\\\/person\\\/418fc4093c33e86ed41562db3508f958\",\"name\":\"Diario1 Diario1\",\"image\":{\"@type\":\"ImageObject\",\"inLanguage\":\"es\",\"@id\":\"https:\\\/\\\/secure.gravatar.com\\\/avatar\\\/9167d280179c85bc18be67aa7eda765854300033af4896dd779b608640f2ef7a?s=96&d=mm&r=g\",\"url\":\"https:\\\/\\\/secure.gravatar.com\\\/avatar\\\/9167d280179c85bc18be67aa7eda765854300033af4896dd779b608640f2ef7a?s=96&d=mm&r=g\",\"contentUrl\":\"https:\\\/\\\/secure.gravatar.com\\\/avatar\\\/9167d280179c85bc18be67aa7eda765854300033af4896dd779b608640f2ef7a?s=96&d=mm&r=g\",\"caption\":\"Diario1 Diario1\"},\"url\":\"https:\\\/\\\/diariotextual.com\\\/inicio\\\/index.php\\\/author\\\/diario1\\\/\"}]}<\/script>\n<!-- \/ Yoast SEO plugin. -->","yoast_head_json":{"title":"La Pampa ampli\u00f3 el horario de circulaci\u00f3n hasta las 3 de la madrugada y nuevas actividades - Diario Textual","robots":{"index":"index","follow":"follow","max-snippet":"max-snippet:-1","max-image-preview":"max-image-preview:large","max-video-preview":"max-video-preview:-1"},"canonical":"https:\/\/diariotextual.com\/inicio\/index.php\/2021\/08\/31\/la-pampa-amplio-el-horario-de-circulacion-hasta-las-3-de-la-madrugada-y-nuevas-actividades\/","og_locale":"es_ES","og_type":"article","og_title":"La Pampa ampli\u00f3 el horario de circulaci\u00f3n hasta las 3 de la madrugada y nuevas actividades - Diario Textual","og_description":"El Gobierno provincial est\u00e1 avanzando en la ampliaci\u00f3n de horarios y habilitaci\u00f3n de actividades que se vieron reducidas por la pandemia de Covid-19. Ahora decidi\u00f3 ampliar de las 2 a&hellip;","og_url":"https:\/\/diariotextual.com\/inicio\/index.php\/2021\/08\/31\/la-pampa-amplio-el-horario-de-circulacion-hasta-las-3-de-la-madrugada-y-nuevas-actividades\/","og_site_name":"Diario Textual","article_publisher":"https:\/\/www.facebook.com\/eltextual","article_published_time":"2021-08-31T15:39:34+00:00","article_modified_time":"2021-09-01T10:48:15+00:00","og_image":[{"width":1284,"height":768,"url":"https:\/\/diariotextual.com\/inicio\/wp-content\/uploads\/2020\/10\/corredoresgastronomicos2020-1.jpg","type":"image\/jpeg"}],"author":"Diario1 Diario1","twitter_card":"summary_large_image","twitter_creator":"@eltextual","twitter_site":"@eltextual","twitter_misc":{"Escrito por":"Diario1 Diario1","Tiempo de lectura":"2 minutos"},"schema":{"@context":"https:\/\/schema.org","@graph":[{"@type":"Article","@id":"https:\/\/diariotextual.com\/inicio\/index.php\/2021\/08\/31\/la-pampa-amplio-el-horario-de-circulacion-hasta-las-3-de-la-madrugada-y-nuevas-actividades\/#article","isPartOf":{"@id":"https:\/\/diariotextual.com\/inicio\/index.php\/2021\/08\/31\/la-pampa-amplio-el-horario-de-circulacion-hasta-las-3-de-la-madrugada-y-nuevas-actividades\/"},"author":{"name":"Diario1 Diario1","@id":"https:\/\/diariotextual.com\/inicio\/#\/schema\/person\/418fc4093c33e86ed41562db3508f958"},"headline":"La Pampa ampli\u00f3 el horario de circulaci\u00f3n hasta las 3 de la madrugada y nuevas actividades","datePublished":"2021-08-31T15:39:34+00:00","dateModified":"2021-09-01T10:48:15+00:00","mainEntityOfPage":{"@id":"https:\/\/diariotextual.com\/inicio\/index.php\/2021\/08\/31\/la-pampa-amplio-el-horario-de-circulacion-hasta-las-3-de-la-madrugada-y-nuevas-actividades\/"},"wordCount":491,"publisher":{"@id":"https:\/\/diariotextual.com\/inicio\/#organization"},"image":{"@id":"https:\/\/diariotextual.com\/inicio\/index.php\/2021\/08\/31\/la-pampa-amplio-el-horario-de-circulacion-hasta-las-3-de-la-madrugada-y-nuevas-actividades\/#primaryimage"},"thumbnailUrl":"https:\/\/diariotextual.com\/inicio\/wp-content\/uploads\/2020\/10\/corredoresgastronomicos2020-1.jpg","keywords":["circulaci\u00f3n"],"articleSection":["A - PORTADA2","SOCIEDAD"],"inLanguage":"es"},{"@type":"WebPage","@id":"https:\/\/diariotextual.com\/inicio\/index.php\/2021\/08\/31\/la-pampa-amplio-el-horario-de-circulacion-hasta-las-3-de-la-madrugada-y-nuevas-actividades\/","url":"https:\/\/diariotextual.com\/inicio\/index.php\/2021\/08\/31\/la-pampa-amplio-el-horario-de-circulacion-hasta-las-3-de-la-madrugada-y-nuevas-actividades\/","name":"La Pampa ampli\u00f3 el horario de circulaci\u00f3n hasta las 3 de la madrugada y nuevas actividades - Diario Textual","isPartOf":{"@id":"https:\/\/diariotextual.com\/inicio\/#website"},"primaryImageOfPage":{"@id":"https:\/\/diariotextual.com\/inicio\/index.php\/2021\/08\/31\/la-pampa-amplio-el-horario-de-circulacion-hasta-las-3-de-la-madrugada-y-nuevas-actividades\/#primaryimage"},"image":{"@id":"https:\/\/diariotextual.com\/inicio\/index.php\/2021\/08\/31\/la-pampa-amplio-el-horario-de-circulacion-hasta-las-3-de-la-madrugada-y-nuevas-actividades\/#primaryimage"},"thumbnailUrl":"https:\/\/diariotextual.com\/inicio\/wp-content\/uploads\/2020\/10\/corredoresgastronomicos2020-1.jpg","datePublished":"2021-08-31T15:39:34+00:00","dateModified":"2021-09-01T10:48:15+00:00","breadcrumb":{"@id":"https:\/\/diariotextual.com\/inicio\/index.php\/2021\/08\/31\/la-pampa-amplio-el-horario-de-circulacion-hasta-las-3-de-la-madrugada-y-nuevas-actividades\/#breadcrumb"},"inLanguage":"es","potentialAction":[{"@type":"ReadAction","target":["https:\/\/diariotextual.com\/inicio\/index.php\/2021\/08\/31\/la-pampa-amplio-el-horario-de-circulacion-hasta-las-3-de-la-madrugada-y-nuevas-actividades\/"]}]},{"@type":"ImageObject","inLanguage":"es","@id":"https:\/\/diariotextual.com\/inicio\/index.php\/2021\/08\/31\/la-pampa-amplio-el-horario-de-circulacion-hasta-las-3-de-la-madrugada-y-nuevas-actividades\/#primaryimage","url":"https:\/\/diariotextual.com\/inicio\/wp-content\/uploads\/2020\/10\/corredoresgastronomicos2020-1.jpg","contentUrl":"https:\/\/diariotextual.com\/inicio\/wp-content\/uploads\/2020\/10\/corredoresgastronomicos2020-1.jpg","width":1284,"height":768},{"@type":"BreadcrumbList","@id":"https:\/\/diariotextual.com\/inicio\/index.php\/2021\/08\/31\/la-pampa-amplio-el-horario-de-circulacion-hasta-las-3-de-la-madrugada-y-nuevas-actividades\/#breadcrumb","itemListElement":[{"@type":"ListItem","position":1,"name":"Portada","item":"https:\/\/diariotextual.com\/inicio\/"},{"@type":"ListItem","position":2,"name":"La Pampa ampli\u00f3 el horario de circulaci\u00f3n hasta las 3 de la madrugada y nuevas actividades"}]},{"@type":"WebSite","@id":"https:\/\/diariotextual.com\/inicio\/#website","url":"https:\/\/diariotextual.com\/inicio\/","name":"Diario Textual","description":"","publisher":{"@id":"https:\/\/diariotextual.com\/inicio\/#organization"},"potentialAction":[{"@type":"SearchAction","target":{"@type":"EntryPoint","urlTemplate":"https:\/\/diariotextual.com\/inicio\/?s={search_term_string}"},"query-input":{"@type":"PropertyValueSpecification","valueRequired":true,"valueName":"search_term_string"}}],"inLanguage":"es"},{"@type":"Organization","@id":"https:\/\/diariotextual.com\/inicio\/#organization","name":"Diario Textual","url":"https:\/\/diariotextual.com\/inicio\/","logo":{"@type":"ImageObject","inLanguage":"es","@id":"https:\/\/diariotextual.com\/inicio\/#\/schema\/logo\/image\/","url":"https:\/\/diariotextual.com\/inicio\/wp-content\/uploads\/2023\/05\/logotextual1.jpg","contentUrl":"https:\/\/diariotextual.com\/inicio\/wp-content\/uploads\/2023\/05\/logotextual1.jpg","width":516,"height":76,"caption":"Diario Textual"},"image":{"@id":"https:\/\/diariotextual.com\/inicio\/#\/schema\/logo\/image\/"},"sameAs":["https:\/\/www.facebook.com\/eltextual","https:\/\/x.com\/eltextual","http:\/\/www.instagram.com\/eltextual"]},{"@type":"Person","@id":"https:\/\/diariotextual.com\/inicio\/#\/schema\/person\/418fc4093c33e86ed41562db3508f958","name":"Diario1 Diario1","image":{"@type":"ImageObject","inLanguage":"es","@id":"https:\/\/secure.gravatar.com\/avatar\/9167d280179c85bc18be67aa7eda765854300033af4896dd779b608640f2ef7a?s=96&d=mm&r=g","url":"https:\/\/secure.gravatar.com\/avatar\/9167d280179c85bc18be67aa7eda765854300033af4896dd779b608640f2ef7a?s=96&d=mm&r=g","contentUrl":"https:\/\/secure.gravatar.com\/avatar\/9167d280179c85bc18be67aa7eda765854300033af4896dd779b608640f2ef7a?s=96&d=mm&r=g","caption":"Diario1 Diario1"},"url":"https:\/\/diariotextual.com\/inicio\/index.php\/author\/diario1\/"}]}},"_links":{"self":[{"href":"https:\/\/diariotextual.com\/inicio\/index.php\/wp-json\/wp\/v2\/posts\/159646","targetHints":{"allow":["GET"]}}],"collection":[{"href":"https:\/\/diariotextual.com\/inicio\/index.php\/wp-json\/wp\/v2\/posts"}],"about":[{"href":"https:\/\/diariotextual.com\/inicio\/index.php\/wp-json\/wp\/v2\/types\/post"}],"author":[{"embeddable":true,"href":"https:\/\/diariotextual.com\/inicio\/index.php\/wp-json\/wp\/v2\/users\/3"}],"replies":[{"embeddable":true,"href":"https:\/\/diariotextual.com\/inicio\/index.php\/wp-json\/wp\/v2\/comments?post=159646"}],"version-history":[{"count":10,"href":"https:\/\/diariotextual.com\/inicio\/index.php\/wp-json\/wp\/v2\/posts\/159646\/revisions"}],"predecessor-version":[{"id":159660,"href":"https:\/\/diariotextual.com\/inicio\/index.php\/wp-json\/wp\/v2\/posts\/159646\/revisions\/159660"}],"wp:featuredmedia":[{"embeddable":true,"href":"https:\/\/diariotextual.com\/inicio\/index.php\/wp-json\/wp\/v2\/media\/117003"}],"wp:attachment":[{"href":"https:\/\/diariotextual.com\/inicio\/index.php\/wp-json\/wp\/v2\/media?parent=159646"}],"wp:term":[{"taxonomy":"category","embeddable":true,"href":"https:\/\/diariotextual.com\/inicio\/index.php\/wp-json\/wp\/v2\/categories?post=159646"},{"taxonomy":"post_tag","embeddable":true,"href":"https:\/\/diariotextual.com\/inicio\/index.php\/wp-json\/wp\/v2\/tags?post=159646"}],"curies":[{"name":"wp","href":"https:\/\/api.w.org\/{rel}","templated":true}]}}