{"id":159834,"date":"2021-09-01T20:58:54","date_gmt":"2021-09-01T23:58:54","guid":{"rendered":"https:\/\/diariotextual.com\/inicio\/?p=159834"},"modified":"2021-09-02T11:58:36","modified_gmt":"2021-09-02T14:58:36","slug":"murio-el-exjuez-federal-norberto-oyarbide","status":"publish","type":"post","link":"https:\/\/diariotextual.com\/inicio\/index.php\/2021\/09\/01\/murio-el-exjuez-federal-norberto-oyarbide\/","title":{"rendered":"Muri\u00f3 el exjuez federal Norberto Oyarbide"},"content":{"rendered":"\n<p><strong>El exjuez federal Norberto Oyarbide muri\u00f3 a los 70 a\u00f1os. <\/strong>El exmagistrado, que dej\u00f3 su cargo en 2016 tras presiones del gobierno de Mauricio Macri, hab\u00eda dado positivo por covid-19 en julio pasado, por lo que hab\u00eda sido internado en el Instituto Otamendi e intubado debido a las complicaciones que sufri\u00f3 por una neumon\u00eda bilateral, cuadro que puede dejar secuelas de hasta 3 meses despu\u00e9s de que un paciente es dado de alta.<\/p>\n\n\n\n<p>Cuando se conoci\u00f3 la noticia de su internaci\u00f3n, allegados al ex juez federal indicaron que su contagio pudo haberse dado en un almuerzo que realiz\u00f3 Oyarbide junto a sus amigos para celebrar su cumplea\u00f1os, el 22 de junio pasado. Pocos d\u00edas despu\u00e9s, el ex juez fue internado y, desde entonces, permaneci\u00f3 con un cuadro severo de lo que no pudo recuperarse.<\/p>\n\n\n\n<p>El pol\u00e9mico magistrado de la C\u00e1mara Federal hab\u00eda renunciado a su cargo en abril de 2016, tras 21 a\u00f1os al frente del juzgado en lo Criminal y Correccional Federal 5, luego de una reuni\u00f3n con el ministro de Justicia y Derechos Humanos, Germ\u00e1n Garavano, y el secretario del \u00e1rea, Santiago Otamendi. \u00abJam\u00e1s tuve ning\u00fan tipo de presi\u00f3n, me voy porque todo en la vida tiene un principio y un final, necesito otras cosas para mi vida\u00bb, hab\u00eda explicado poco despu\u00e9s al presentar su renuncia, con el tr\u00e1mite de jubilaci\u00f3n en curso y tambi\u00e9n pedidos de juicio pol\u00edtico en el Consejo de la Magistratura.<\/p>\n\n\n\n<p>Oyarbide hab\u00eda sido citado por el Consejo de la Magistratura en el marco de una denuncia de los diputados radicales Manuel Garrido, Mario Negri y Jos\u00e9 Cano por mal desempe\u00f1o, acusado de haber levantado el allanamiento a una financiera tras el pedido de un funcionario nacional del gobierno de Cristina Kirchner. La posibilidad de que avanzar\u00e1 ese proceso pon\u00eda en peligro el tr\u00e1mite de su jubilaci\u00f3n, que hab\u00eda sido iniciada por el juez poco tiempo antes.<\/p>\n\n\n\n<p>Sin embargo, en febrero pasado, cuando inici\u00f3 una nueva etapa como columnista del programa de radio que conduce el humorista Coco Silly, dio otra versi\u00f3n de los hechos m\u00e1s acorde a la presi\u00f3n ejercido desde el Poder Ejecutivo, y el nuevo pedido de juicio pol\u00edtico que avanzaba en el Consejo de la Magistratura. \u00abMacri no me compr\u00f3 porque yo no cotizo en Bolsa, pero tuvo intenci\u00f3n directa de hacerlo\u00bb, asegur\u00f3 Oyarbide a principio de a\u00f1o.<\/p>\n\n\n\n<p>\u00abMe pidi\u00f3 que me inhiba en sus casos; yo tuve la causa de las escuchas ilegales donde \u00e9l, siendo jefe de Gobierno (de la Ciudad de Buenos Aires) utiliz\u00f3 la Inteligencia del Estado con (Jaime) Stiuso a la cabeza. Ya siendo Presidente no hab\u00eda nadie que se le interpusiera, ten\u00eda todo el aparato del Estado para llevar adelante su obra extraordinaria\u00bb, denunci\u00f3 el exmagistrado.<\/p>\n\n\n\n<p><\/p>\n","protected":false},"excerpt":{"rendered":"<p>El exjuez federal Norberto Oyarbide muri\u00f3 a los 70 a\u00f1os. El exmagistrado, que dej\u00f3 su cargo en 2016 tras presiones del gobierno de Mauricio Macri, hab\u00eda dado positivo por covid-19&hellip;<\/p>\n","protected":false},"author":3,"featured_media":16287,"comment_status":"closed","ping_status":"open","sticky":false,"template":"","format":"standard","meta":{"_acf_changed":false,"footnotes":""},"categories":[10,8],"tags":[6015],"class_list":["post-159834","post","type-post","status-publish","format-standard","has-post-thumbnail","hentry","category-portada-2","category-politica","tag-oyarbide"],"acf":[],"yoast_head":"<!-- This site is optimized with the Yoast SEO plugin v27.5 - https:\/\/yoast.com\/product\/yoast-seo-wordpress\/ -->\n<title>Muri\u00f3 el exjuez federal Norberto Oyarbide - Diario Textual<\/title>\n<meta name=\"robots\" content=\"index, follow, max-snippet:-1, max-image-preview:large, max-video-preview:-1\" \/>\n<link rel=\"canonical\" href=\"https:\/\/diariotextual.com\/inicio\/index.php\/2021\/09\/01\/murio-el-exjuez-federal-norberto-oyarbide\/\" \/>\n<meta property=\"og:locale\" content=\"es_ES\" \/>\n<meta property=\"og:type\" content=\"article\" \/>\n<meta property=\"og:title\" content=\"Muri\u00f3 el exjuez federal Norberto Oyarbide - Diario Textual\" \/>\n<meta property=\"og:description\" content=\"El exjuez federal Norberto Oyarbide muri\u00f3 a los 70 a\u00f1os. El exmagistrado, que dej\u00f3 su cargo en 2016 tras presiones del gobierno de Mauricio Macri, hab\u00eda dado positivo por covid-19&hellip;\" \/>\n<meta property=\"og:url\" content=\"https:\/\/diariotextual.com\/inicio\/index.php\/2021\/09\/01\/murio-el-exjuez-federal-norberto-oyarbide\/\" \/>\n<meta property=\"og:site_name\" content=\"Diario Textual\" \/>\n<meta property=\"article:publisher\" content=\"https:\/\/www.facebook.com\/eltextual\" \/>\n<meta property=\"article:published_time\" content=\"2021-09-01T23:58:54+00:00\" \/>\n<meta property=\"article:modified_time\" content=\"2021-09-02T14:58:36+00:00\" \/>\n<meta property=\"og:image\" content=\"https:\/\/diariotextual.com\/inicio\/wp-content\/uploads\/2018\/08\/oyarbide222.jpg\" \/>\n\t<meta property=\"og:image:width\" content=\"880\" \/>\n\t<meta property=\"og:image:height\" content=\"540\" \/>\n\t<meta property=\"og:image:type\" content=\"image\/jpeg\" \/>\n<meta name=\"author\" content=\"Diario1 Diario1\" \/>\n<meta name=\"twitter:card\" content=\"summary_large_image\" \/>\n<meta name=\"twitter:creator\" content=\"@eltextual\" \/>\n<meta name=\"twitter:site\" content=\"@eltextual\" \/>\n<meta name=\"twitter:label1\" content=\"Escrito por\" \/>\n\t<meta name=\"twitter:data1\" content=\"Diario1 Diario1\" \/>\n\t<meta name=\"twitter:label2\" content=\"Tiempo de lectura\" \/>\n\t<meta name=\"twitter:data2\" content=\"2 minutos\" \/>\n<script type=\"application\/ld+json\" class=\"yoast-schema-graph\">{\"@context\":\"https:\\\/\\\/schema.org\",\"@graph\":[{\"@type\":\"Article\",\"@id\":\"https:\\\/\\\/diariotextual.com\\\/inicio\\\/index.php\\\/2021\\\/09\\\/01\\\/murio-el-exjuez-federal-norberto-oyarbide\\\/#article\",\"isPartOf\":{\"@id\":\"https:\\\/\\\/diariotextual.com\\\/inicio\\\/index.php\\\/2021\\\/09\\\/01\\\/murio-el-exjuez-federal-norberto-oyarbide\\\/\"},\"author\":{\"name\":\"Diario1 Diario1\",\"@id\":\"https:\\\/\\\/diariotextual.com\\\/inicio\\\/#\\\/schema\\\/person\\\/418fc4093c33e86ed41562db3508f958\"},\"headline\":\"Muri\u00f3 el exjuez federal Norberto Oyarbide\",\"datePublished\":\"2021-09-01T23:58:54+00:00\",\"dateModified\":\"2021-09-02T14:58:36+00:00\",\"mainEntityOfPage\":{\"@id\":\"https:\\\/\\\/diariotextual.com\\\/inicio\\\/index.php\\\/2021\\\/09\\\/01\\\/murio-el-exjuez-federal-norberto-oyarbide\\\/\"},\"wordCount\":489,\"publisher\":{\"@id\":\"https:\\\/\\\/diariotextual.com\\\/inicio\\\/#organization\"},\"image\":{\"@id\":\"https:\\\/\\\/diariotextual.com\\\/inicio\\\/index.php\\\/2021\\\/09\\\/01\\\/murio-el-exjuez-federal-norberto-oyarbide\\\/#primaryimage\"},\"thumbnailUrl\":\"https:\\\/\\\/diariotextual.com\\\/inicio\\\/wp-content\\\/uploads\\\/2018\\\/08\\\/oyarbide222.jpg\",\"keywords\":[\"oyarbide\"],\"articleSection\":[\"A - PORTADA2\",\"POLITICA\"],\"inLanguage\":\"es\"},{\"@type\":\"WebPage\",\"@id\":\"https:\\\/\\\/diariotextual.com\\\/inicio\\\/index.php\\\/2021\\\/09\\\/01\\\/murio-el-exjuez-federal-norberto-oyarbide\\\/\",\"url\":\"https:\\\/\\\/diariotextual.com\\\/inicio\\\/index.php\\\/2021\\\/09\\\/01\\\/murio-el-exjuez-federal-norberto-oyarbide\\\/\",\"name\":\"Muri\u00f3 el exjuez federal Norberto Oyarbide - Diario Textual\",\"isPartOf\":{\"@id\":\"https:\\\/\\\/diariotextual.com\\\/inicio\\\/#website\"},\"primaryImageOfPage\":{\"@id\":\"https:\\\/\\\/diariotextual.com\\\/inicio\\\/index.php\\\/2021\\\/09\\\/01\\\/murio-el-exjuez-federal-norberto-oyarbide\\\/#primaryimage\"},\"image\":{\"@id\":\"https:\\\/\\\/diariotextual.com\\\/inicio\\\/index.php\\\/2021\\\/09\\\/01\\\/murio-el-exjuez-federal-norberto-oyarbide\\\/#primaryimage\"},\"thumbnailUrl\":\"https:\\\/\\\/diariotextual.com\\\/inicio\\\/wp-content\\\/uploads\\\/2018\\\/08\\\/oyarbide222.jpg\",\"datePublished\":\"2021-09-01T23:58:54+00:00\",\"dateModified\":\"2021-09-02T14:58:36+00:00\",\"breadcrumb\":{\"@id\":\"https:\\\/\\\/diariotextual.com\\\/inicio\\\/index.php\\\/2021\\\/09\\\/01\\\/murio-el-exjuez-federal-norberto-oyarbide\\\/#breadcrumb\"},\"inLanguage\":\"es\",\"potentialAction\":[{\"@type\":\"ReadAction\",\"target\":[\"https:\\\/\\\/diariotextual.com\\\/inicio\\\/index.php\\\/2021\\\/09\\\/01\\\/murio-el-exjuez-federal-norberto-oyarbide\\\/\"]}]},{\"@type\":\"ImageObject\",\"inLanguage\":\"es\",\"@id\":\"https:\\\/\\\/diariotextual.com\\\/inicio\\\/index.php\\\/2021\\\/09\\\/01\\\/murio-el-exjuez-federal-norberto-oyarbide\\\/#primaryimage\",\"url\":\"https:\\\/\\\/diariotextual.com\\\/inicio\\\/wp-content\\\/uploads\\\/2018\\\/08\\\/oyarbide222.jpg\",\"contentUrl\":\"https:\\\/\\\/diariotextual.com\\\/inicio\\\/wp-content\\\/uploads\\\/2018\\\/08\\\/oyarbide222.jpg\",\"width\":880,\"height\":540},{\"@type\":\"BreadcrumbList\",\"@id\":\"https:\\\/\\\/diariotextual.com\\\/inicio\\\/index.php\\\/2021\\\/09\\\/01\\\/murio-el-exjuez-federal-norberto-oyarbide\\\/#breadcrumb\",\"itemListElement\":[{\"@type\":\"ListItem\",\"position\":1,\"name\":\"Portada\",\"item\":\"https:\\\/\\\/diariotextual.com\\\/inicio\\\/\"},{\"@type\":\"ListItem\",\"position\":2,\"name\":\"Muri\u00f3 el exjuez federal Norberto Oyarbide\"}]},{\"@type\":\"WebSite\",\"@id\":\"https:\\\/\\\/diariotextual.com\\\/inicio\\\/#website\",\"url\":\"https:\\\/\\\/diariotextual.com\\\/inicio\\\/\",\"name\":\"Diario Textual\",\"description\":\"\",\"publisher\":{\"@id\":\"https:\\\/\\\/diariotextual.com\\\/inicio\\\/#organization\"},\"potentialAction\":[{\"@type\":\"SearchAction\",\"target\":{\"@type\":\"EntryPoint\",\"urlTemplate\":\"https:\\\/\\\/diariotextual.com\\\/inicio\\\/?s={search_term_string}\"},\"query-input\":{\"@type\":\"PropertyValueSpecification\",\"valueRequired\":true,\"valueName\":\"search_term_string\"}}],\"inLanguage\":\"es\"},{\"@type\":\"Organization\",\"@id\":\"https:\\\/\\\/diariotextual.com\\\/inicio\\\/#organization\",\"name\":\"Diario Textual\",\"url\":\"https:\\\/\\\/diariotextual.com\\\/inicio\\\/\",\"logo\":{\"@type\":\"ImageObject\",\"inLanguage\":\"es\",\"@id\":\"https:\\\/\\\/diariotextual.com\\\/inicio\\\/#\\\/schema\\\/logo\\\/image\\\/\",\"url\":\"https:\\\/\\\/diariotextual.com\\\/inicio\\\/wp-content\\\/uploads\\\/2023\\\/05\\\/logotextual1.jpg\",\"contentUrl\":\"https:\\\/\\\/diariotextual.com\\\/inicio\\\/wp-content\\\/uploads\\\/2023\\\/05\\\/logotextual1.jpg\",\"width\":516,\"height\":76,\"caption\":\"Diario Textual\"},\"image\":{\"@id\":\"https:\\\/\\\/diariotextual.com\\\/inicio\\\/#\\\/schema\\\/logo\\\/image\\\/\"},\"sameAs\":[\"https:\\\/\\\/www.facebook.com\\\/eltextual\",\"https:\\\/\\\/x.com\\\/eltextual\",\"http:\\\/\\\/www.instagram.com\\\/eltextual\"]},{\"@type\":\"Person\",\"@id\":\"https:\\\/\\\/diariotextual.com\\\/inicio\\\/#\\\/schema\\\/person\\\/418fc4093c33e86ed41562db3508f958\",\"name\":\"Diario1 Diario1\",\"image\":{\"@type\":\"ImageObject\",\"inLanguage\":\"es\",\"@id\":\"https:\\\/\\\/secure.gravatar.com\\\/avatar\\\/9167d280179c85bc18be67aa7eda765854300033af4896dd779b608640f2ef7a?s=96&d=mm&r=g\",\"url\":\"https:\\\/\\\/secure.gravatar.com\\\/avatar\\\/9167d280179c85bc18be67aa7eda765854300033af4896dd779b608640f2ef7a?s=96&d=mm&r=g\",\"contentUrl\":\"https:\\\/\\\/secure.gravatar.com\\\/avatar\\\/9167d280179c85bc18be67aa7eda765854300033af4896dd779b608640f2ef7a?s=96&d=mm&r=g\",\"caption\":\"Diario1 Diario1\"},\"url\":\"https:\\\/\\\/diariotextual.com\\\/inicio\\\/index.php\\\/author\\\/diario1\\\/\"}]}<\/script>\n<!-- \/ Yoast SEO plugin. -->","yoast_head_json":{"title":"Muri\u00f3 el exjuez federal Norberto Oyarbide - Diario Textual","robots":{"index":"index","follow":"follow","max-snippet":"max-snippet:-1","max-image-preview":"max-image-preview:large","max-video-preview":"max-video-preview:-1"},"canonical":"https:\/\/diariotextual.com\/inicio\/index.php\/2021\/09\/01\/murio-el-exjuez-federal-norberto-oyarbide\/","og_locale":"es_ES","og_type":"article","og_title":"Muri\u00f3 el exjuez federal Norberto Oyarbide - Diario Textual","og_description":"El exjuez federal Norberto Oyarbide muri\u00f3 a los 70 a\u00f1os. El exmagistrado, que dej\u00f3 su cargo en 2016 tras presiones del gobierno de Mauricio Macri, hab\u00eda dado positivo por covid-19&hellip;","og_url":"https:\/\/diariotextual.com\/inicio\/index.php\/2021\/09\/01\/murio-el-exjuez-federal-norberto-oyarbide\/","og_site_name":"Diario Textual","article_publisher":"https:\/\/www.facebook.com\/eltextual","article_published_time":"2021-09-01T23:58:54+00:00","article_modified_time":"2021-09-02T14:58:36+00:00","og_image":[{"width":880,"height":540,"url":"https:\/\/diariotextual.com\/inicio\/wp-content\/uploads\/2018\/08\/oyarbide222.jpg","type":"image\/jpeg"}],"author":"Diario1 Diario1","twitter_card":"summary_large_image","twitter_creator":"@eltextual","twitter_site":"@eltextual","twitter_misc":{"Escrito por":"Diario1 Diario1","Tiempo de lectura":"2 minutos"},"schema":{"@context":"https:\/\/schema.org","@graph":[{"@type":"Article","@id":"https:\/\/diariotextual.com\/inicio\/index.php\/2021\/09\/01\/murio-el-exjuez-federal-norberto-oyarbide\/#article","isPartOf":{"@id":"https:\/\/diariotextual.com\/inicio\/index.php\/2021\/09\/01\/murio-el-exjuez-federal-norberto-oyarbide\/"},"author":{"name":"Diario1 Diario1","@id":"https:\/\/diariotextual.com\/inicio\/#\/schema\/person\/418fc4093c33e86ed41562db3508f958"},"headline":"Muri\u00f3 el exjuez federal Norberto Oyarbide","datePublished":"2021-09-01T23:58:54+00:00","dateModified":"2021-09-02T14:58:36+00:00","mainEntityOfPage":{"@id":"https:\/\/diariotextual.com\/inicio\/index.php\/2021\/09\/01\/murio-el-exjuez-federal-norberto-oyarbide\/"},"wordCount":489,"publisher":{"@id":"https:\/\/diariotextual.com\/inicio\/#organization"},"image":{"@id":"https:\/\/diariotextual.com\/inicio\/index.php\/2021\/09\/01\/murio-el-exjuez-federal-norberto-oyarbide\/#primaryimage"},"thumbnailUrl":"https:\/\/diariotextual.com\/inicio\/wp-content\/uploads\/2018\/08\/oyarbide222.jpg","keywords":["oyarbide"],"articleSection":["A - PORTADA2","POLITICA"],"inLanguage":"es"},{"@type":"WebPage","@id":"https:\/\/diariotextual.com\/inicio\/index.php\/2021\/09\/01\/murio-el-exjuez-federal-norberto-oyarbide\/","url":"https:\/\/diariotextual.com\/inicio\/index.php\/2021\/09\/01\/murio-el-exjuez-federal-norberto-oyarbide\/","name":"Muri\u00f3 el exjuez federal Norberto Oyarbide - Diario Textual","isPartOf":{"@id":"https:\/\/diariotextual.com\/inicio\/#website"},"primaryImageOfPage":{"@id":"https:\/\/diariotextual.com\/inicio\/index.php\/2021\/09\/01\/murio-el-exjuez-federal-norberto-oyarbide\/#primaryimage"},"image":{"@id":"https:\/\/diariotextual.com\/inicio\/index.php\/2021\/09\/01\/murio-el-exjuez-federal-norberto-oyarbide\/#primaryimage"},"thumbnailUrl":"https:\/\/diariotextual.com\/inicio\/wp-content\/uploads\/2018\/08\/oyarbide222.jpg","datePublished":"2021-09-01T23:58:54+00:00","dateModified":"2021-09-02T14:58:36+00:00","breadcrumb":{"@id":"https:\/\/diariotextual.com\/inicio\/index.php\/2021\/09\/01\/murio-el-exjuez-federal-norberto-oyarbide\/#breadcrumb"},"inLanguage":"es","potentialAction":[{"@type":"ReadAction","target":["https:\/\/diariotextual.com\/inicio\/index.php\/2021\/09\/01\/murio-el-exjuez-federal-norberto-oyarbide\/"]}]},{"@type":"ImageObject","inLanguage":"es","@id":"https:\/\/diariotextual.com\/inicio\/index.php\/2021\/09\/01\/murio-el-exjuez-federal-norberto-oyarbide\/#primaryimage","url":"https:\/\/diariotextual.com\/inicio\/wp-content\/uploads\/2018\/08\/oyarbide222.jpg","contentUrl":"https:\/\/diariotextual.com\/inicio\/wp-content\/uploads\/2018\/08\/oyarbide222.jpg","width":880,"height":540},{"@type":"BreadcrumbList","@id":"https:\/\/diariotextual.com\/inicio\/index.php\/2021\/09\/01\/murio-el-exjuez-federal-norberto-oyarbide\/#breadcrumb","itemListElement":[{"@type":"ListItem","position":1,"name":"Portada","item":"https:\/\/diariotextual.com\/inicio\/"},{"@type":"ListItem","position":2,"name":"Muri\u00f3 el exjuez federal Norberto Oyarbide"}]},{"@type":"WebSite","@id":"https:\/\/diariotextual.com\/inicio\/#website","url":"https:\/\/diariotextual.com\/inicio\/","name":"Diario Textual","description":"","publisher":{"@id":"https:\/\/diariotextual.com\/inicio\/#organization"},"potentialAction":[{"@type":"SearchAction","target":{"@type":"EntryPoint","urlTemplate":"https:\/\/diariotextual.com\/inicio\/?s={search_term_string}"},"query-input":{"@type":"PropertyValueSpecification","valueRequired":true,"valueName":"search_term_string"}}],"inLanguage":"es"},{"@type":"Organization","@id":"https:\/\/diariotextual.com\/inicio\/#organization","name":"Diario Textual","url":"https:\/\/diariotextual.com\/inicio\/","logo":{"@type":"ImageObject","inLanguage":"es","@id":"https:\/\/diariotextual.com\/inicio\/#\/schema\/logo\/image\/","url":"https:\/\/diariotextual.com\/inicio\/wp-content\/uploads\/2023\/05\/logotextual1.jpg","contentUrl":"https:\/\/diariotextual.com\/inicio\/wp-content\/uploads\/2023\/05\/logotextual1.jpg","width":516,"height":76,"caption":"Diario Textual"},"image":{"@id":"https:\/\/diariotextual.com\/inicio\/#\/schema\/logo\/image\/"},"sameAs":["https:\/\/www.facebook.com\/eltextual","https:\/\/x.com\/eltextual","http:\/\/www.instagram.com\/eltextual"]},{"@type":"Person","@id":"https:\/\/diariotextual.com\/inicio\/#\/schema\/person\/418fc4093c33e86ed41562db3508f958","name":"Diario1 Diario1","image":{"@type":"ImageObject","inLanguage":"es","@id":"https:\/\/secure.gravatar.com\/avatar\/9167d280179c85bc18be67aa7eda765854300033af4896dd779b608640f2ef7a?s=96&d=mm&r=g","url":"https:\/\/secure.gravatar.com\/avatar\/9167d280179c85bc18be67aa7eda765854300033af4896dd779b608640f2ef7a?s=96&d=mm&r=g","contentUrl":"https:\/\/secure.gravatar.com\/avatar\/9167d280179c85bc18be67aa7eda765854300033af4896dd779b608640f2ef7a?s=96&d=mm&r=g","caption":"Diario1 Diario1"},"url":"https:\/\/diariotextual.com\/inicio\/index.php\/author\/diario1\/"}]}},"_links":{"self":[{"href":"https:\/\/diariotextual.com\/inicio\/index.php\/wp-json\/wp\/v2\/posts\/159834","targetHints":{"allow":["GET"]}}],"collection":[{"href":"https:\/\/diariotextual.com\/inicio\/index.php\/wp-json\/wp\/v2\/posts"}],"about":[{"href":"https:\/\/diariotextual.com\/inicio\/index.php\/wp-json\/wp\/v2\/types\/post"}],"author":[{"embeddable":true,"href":"https:\/\/diariotextual.com\/inicio\/index.php\/wp-json\/wp\/v2\/users\/3"}],"replies":[{"embeddable":true,"href":"https:\/\/diariotextual.com\/inicio\/index.php\/wp-json\/wp\/v2\/comments?post=159834"}],"version-history":[{"count":5,"href":"https:\/\/diariotextual.com\/inicio\/index.php\/wp-json\/wp\/v2\/posts\/159834\/revisions"}],"predecessor-version":[{"id":159844,"href":"https:\/\/diariotextual.com\/inicio\/index.php\/wp-json\/wp\/v2\/posts\/159834\/revisions\/159844"}],"wp:featuredmedia":[{"embeddable":true,"href":"https:\/\/diariotextual.com\/inicio\/index.php\/wp-json\/wp\/v2\/media\/16287"}],"wp:attachment":[{"href":"https:\/\/diariotextual.com\/inicio\/index.php\/wp-json\/wp\/v2\/media?parent=159834"}],"wp:term":[{"taxonomy":"category","embeddable":true,"href":"https:\/\/diariotextual.com\/inicio\/index.php\/wp-json\/wp\/v2\/categories?post=159834"},{"taxonomy":"post_tag","embeddable":true,"href":"https:\/\/diariotextual.com\/inicio\/index.php\/wp-json\/wp\/v2\/tags?post=159834"}],"curies":[{"name":"wp","href":"https:\/\/api.w.org\/{rel}","templated":true}]}}