{"id":159855,"date":"2021-09-02T08:32:29","date_gmt":"2021-09-02T11:32:29","guid":{"rendered":"https:\/\/diariotextual.com\/inicio\/?p=159855"},"modified":"2021-09-02T08:33:30","modified_gmt":"2021-09-02T11:33:30","slug":"poli-altolaguirre-sentimos-un-gran-apoyo-en-intendente-alvear","status":"publish","type":"post","link":"https:\/\/diariotextual.com\/inicio\/index.php\/2021\/09\/02\/poli-altolaguirre-sentimos-un-gran-apoyo-en-intendente-alvear\/","title":{"rendered":"\u00abPoli\u00bb Altolaguirre: \u00abSentimos un gran apoyo en Intendente Alvear\u00bb"},"content":{"rendered":"\n<p>Hip\u00f3lito \u00abPoli\u00bb Altolaguirre y Cintia Gette recorrieron la localidad de Intendente Alvear y dialogaron con vecinos, comerciantes y emprendedores, adem\u00e1s de mantener una reuni\u00f3n con afiliados en el comit\u00e9 radical local, de cara a las Primarias Abiertas, Simult\u00e1neas y Obligatorias (PASO) del pr\u00f3ximo 12 de septiembre.<\/p>\n\n\n\n<p>Altolaguirre y Gette encabezan la boleta a senadores nacionales como precandidatos de la lista 502 A Democracia y Consenso, mientras que Hugo P\u00e9rez y Marcela Coli hacen lo propio como postulantes a diputados nacionales.<\/p>\n\n\n\n<p>\u00abFue una jornada por dem\u00e1s productiva\u00bb, dijo Altolaguirre. \u00abSentimos un gran apoyo aqu\u00ed en Intendente Alvear, lo cual es una gran satisfacci\u00f3n y algo muy importante si tenemos en cuenta la relevancia que tiene aqu\u00ed nuestro partido en el marco del Frente Vecinal. Los alvearenses han valorado que hayamos escuchado el reclamo de renovaci\u00f3n que est\u00e1 pidiendo la sociedad\u00bb, afirm\u00f3.<\/p>\n\n\n\n<p>\u00abPoli\u00bb y Gette estuvieron acompa\u00f1ados por el senador nacional Juan Carlos Marino, la diputada provincial Agustina Garc\u00eda, el vicepresidente del Comit\u00e9 Provincia y ex concejal Juan Jos\u00e9 Vasallo y dirigentes locales, como el ex secretario de Gobierno y Acci\u00f3n Social Santiago Palacio.<\/p>\n\n\n\n<p>\u00abEstamos muy contentos con el acompa\u00f1amiento que hemos recibido de diferentes sectores y desde las distintas localidades que hemos visitado, todav\u00eda quedan unos d\u00edas de campa\u00f1a y vamos a intensificar los esfuerzos para seguir haciendo llegar nuestras propuestas. La gente se identifica con nuestro mensaje en pos de una fuerte apuesta a la educaci\u00f3n y al fomento del desarrollo de nuestra producci\u00f3n\u00bb, dijo. \u00abYa estamos trabajando en tres iniciativas en ese sentido: una reparaci\u00f3n hist\u00f3rica para La Pampa, con fondos destinados exclusivamente a infraestructura y a inversi\u00f3n en emprendimientos productivos; la actualizaci\u00f3n de las leyes laborales, para que verdaderamente defiendan a los trabajadores y propicien la contrataci\u00f3n; y la vuelta de las escuelas t\u00e9cnicas, para que los j\u00f3venes puedan capacitarse en oficios que les permitan m\u00e1s y mejores oportunidades laborales\u00bb, finaliz\u00f3.<\/p>\n\n\n\n<p><\/p>\n","protected":false},"excerpt":{"rendered":"<p>Hip\u00f3lito \u00abPoli\u00bb Altolaguirre y Cintia Gette recorrieron la localidad de Intendente Alvear y dialogaron con vecinos, comerciantes y emprendedores, adem\u00e1s de mantener una reuni\u00f3n con afiliados en el comit\u00e9 radical&hellip;<\/p>\n","protected":false},"author":3,"featured_media":159857,"comment_status":"closed","ping_status":"open","sticky":false,"template":"","format":"standard","meta":{"_acf_changed":false,"footnotes":""},"categories":[4,8],"tags":[],"class_list":["post-159855","post","type-post","status-publish","format-standard","has-post-thumbnail","hentry","category-destacadas","category-politica"],"acf":[],"yoast_head":"<!-- This site is optimized with the Yoast SEO plugin v27.5 - https:\/\/yoast.com\/product\/yoast-seo-wordpress\/ -->\n<title>&quot;Poli&quot; Altolaguirre: &quot;Sentimos un gran apoyo en Intendente Alvear&quot; - Diario Textual<\/title>\n<meta name=\"robots\" content=\"index, follow, max-snippet:-1, max-image-preview:large, max-video-preview:-1\" \/>\n<link rel=\"canonical\" href=\"https:\/\/diariotextual.com\/inicio\/index.php\/2021\/09\/02\/poli-altolaguirre-sentimos-un-gran-apoyo-en-intendente-alvear\/\" \/>\n<meta property=\"og:locale\" content=\"es_ES\" \/>\n<meta property=\"og:type\" content=\"article\" \/>\n<meta property=\"og:title\" content=\"&quot;Poli&quot; Altolaguirre: &quot;Sentimos un gran apoyo en Intendente Alvear&quot; - Diario Textual\" \/>\n<meta property=\"og:description\" content=\"Hip\u00f3lito \u00abPoli\u00bb Altolaguirre y Cintia Gette recorrieron la localidad de Intendente Alvear y dialogaron con vecinos, comerciantes y emprendedores, adem\u00e1s de mantener una reuni\u00f3n con afiliados en el comit\u00e9 radical&hellip;\" \/>\n<meta property=\"og:url\" content=\"https:\/\/diariotextual.com\/inicio\/index.php\/2021\/09\/02\/poli-altolaguirre-sentimos-un-gran-apoyo-en-intendente-alvear\/\" \/>\n<meta property=\"og:site_name\" content=\"Diario Textual\" \/>\n<meta property=\"article:publisher\" content=\"https:\/\/www.facebook.com\/eltextual\" \/>\n<meta property=\"article:published_time\" content=\"2021-09-02T11:32:29+00:00\" \/>\n<meta property=\"article:modified_time\" content=\"2021-09-02T11:33:30+00:00\" \/>\n<meta property=\"og:image\" content=\"https:\/\/diariotextual.com\/inicio\/wp-content\/uploads\/2021\/09\/altolaguirrepolialvear2021-1.jpg\" \/>\n\t<meta property=\"og:image:width\" content=\"1600\" \/>\n\t<meta property=\"og:image:height\" content=\"900\" \/>\n\t<meta property=\"og:image:type\" content=\"image\/jpeg\" \/>\n<meta name=\"author\" content=\"Diario1 Diario1\" \/>\n<meta name=\"twitter:card\" content=\"summary_large_image\" \/>\n<meta name=\"twitter:creator\" content=\"@eltextual\" \/>\n<meta name=\"twitter:site\" content=\"@eltextual\" \/>\n<meta name=\"twitter:label1\" content=\"Escrito por\" \/>\n\t<meta name=\"twitter:data1\" content=\"Diario1 Diario1\" \/>\n\t<meta name=\"twitter:label2\" content=\"Tiempo de lectura\" \/>\n\t<meta name=\"twitter:data2\" content=\"2 minutos\" \/>\n<script type=\"application\/ld+json\" class=\"yoast-schema-graph\">{\"@context\":\"https:\\\/\\\/schema.org\",\"@graph\":[{\"@type\":\"Article\",\"@id\":\"https:\\\/\\\/diariotextual.com\\\/inicio\\\/index.php\\\/2021\\\/09\\\/02\\\/poli-altolaguirre-sentimos-un-gran-apoyo-en-intendente-alvear\\\/#article\",\"isPartOf\":{\"@id\":\"https:\\\/\\\/diariotextual.com\\\/inicio\\\/index.php\\\/2021\\\/09\\\/02\\\/poli-altolaguirre-sentimos-un-gran-apoyo-en-intendente-alvear\\\/\"},\"author\":{\"name\":\"Diario1 Diario1\",\"@id\":\"https:\\\/\\\/diariotextual.com\\\/inicio\\\/#\\\/schema\\\/person\\\/418fc4093c33e86ed41562db3508f958\"},\"headline\":\"\u00abPoli\u00bb Altolaguirre: \u00abSentimos un gran apoyo en Intendente Alvear\u00bb\",\"datePublished\":\"2021-09-02T11:32:29+00:00\",\"dateModified\":\"2021-09-02T11:33:30+00:00\",\"mainEntityOfPage\":{\"@id\":\"https:\\\/\\\/diariotextual.com\\\/inicio\\\/index.php\\\/2021\\\/09\\\/02\\\/poli-altolaguirre-sentimos-un-gran-apoyo-en-intendente-alvear\\\/\"},\"wordCount\":346,\"publisher\":{\"@id\":\"https:\\\/\\\/diariotextual.com\\\/inicio\\\/#organization\"},\"image\":{\"@id\":\"https:\\\/\\\/diariotextual.com\\\/inicio\\\/index.php\\\/2021\\\/09\\\/02\\\/poli-altolaguirre-sentimos-un-gran-apoyo-en-intendente-alvear\\\/#primaryimage\"},\"thumbnailUrl\":\"https:\\\/\\\/diariotextual.com\\\/inicio\\\/wp-content\\\/uploads\\\/2021\\\/09\\\/altolaguirrepolialvear2021-1.jpg\",\"articleSection\":[\"A - DESTACADAS (mod 16)\",\"POLITICA\"],\"inLanguage\":\"es\"},{\"@type\":\"WebPage\",\"@id\":\"https:\\\/\\\/diariotextual.com\\\/inicio\\\/index.php\\\/2021\\\/09\\\/02\\\/poli-altolaguirre-sentimos-un-gran-apoyo-en-intendente-alvear\\\/\",\"url\":\"https:\\\/\\\/diariotextual.com\\\/inicio\\\/index.php\\\/2021\\\/09\\\/02\\\/poli-altolaguirre-sentimos-un-gran-apoyo-en-intendente-alvear\\\/\",\"name\":\"\\\"Poli\\\" Altolaguirre: \\\"Sentimos un gran apoyo en Intendente Alvear\\\" - Diario Textual\",\"isPartOf\":{\"@id\":\"https:\\\/\\\/diariotextual.com\\\/inicio\\\/#website\"},\"primaryImageOfPage\":{\"@id\":\"https:\\\/\\\/diariotextual.com\\\/inicio\\\/index.php\\\/2021\\\/09\\\/02\\\/poli-altolaguirre-sentimos-un-gran-apoyo-en-intendente-alvear\\\/#primaryimage\"},\"image\":{\"@id\":\"https:\\\/\\\/diariotextual.com\\\/inicio\\\/index.php\\\/2021\\\/09\\\/02\\\/poli-altolaguirre-sentimos-un-gran-apoyo-en-intendente-alvear\\\/#primaryimage\"},\"thumbnailUrl\":\"https:\\\/\\\/diariotextual.com\\\/inicio\\\/wp-content\\\/uploads\\\/2021\\\/09\\\/altolaguirrepolialvear2021-1.jpg\",\"datePublished\":\"2021-09-02T11:32:29+00:00\",\"dateModified\":\"2021-09-02T11:33:30+00:00\",\"breadcrumb\":{\"@id\":\"https:\\\/\\\/diariotextual.com\\\/inicio\\\/index.php\\\/2021\\\/09\\\/02\\\/poli-altolaguirre-sentimos-un-gran-apoyo-en-intendente-alvear\\\/#breadcrumb\"},\"inLanguage\":\"es\",\"potentialAction\":[{\"@type\":\"ReadAction\",\"target\":[\"https:\\\/\\\/diariotextual.com\\\/inicio\\\/index.php\\\/2021\\\/09\\\/02\\\/poli-altolaguirre-sentimos-un-gran-apoyo-en-intendente-alvear\\\/\"]}]},{\"@type\":\"ImageObject\",\"inLanguage\":\"es\",\"@id\":\"https:\\\/\\\/diariotextual.com\\\/inicio\\\/index.php\\\/2021\\\/09\\\/02\\\/poli-altolaguirre-sentimos-un-gran-apoyo-en-intendente-alvear\\\/#primaryimage\",\"url\":\"https:\\\/\\\/diariotextual.com\\\/inicio\\\/wp-content\\\/uploads\\\/2021\\\/09\\\/altolaguirrepolialvear2021-1.jpg\",\"contentUrl\":\"https:\\\/\\\/diariotextual.com\\\/inicio\\\/wp-content\\\/uploads\\\/2021\\\/09\\\/altolaguirrepolialvear2021-1.jpg\",\"width\":1600,\"height\":900},{\"@type\":\"BreadcrumbList\",\"@id\":\"https:\\\/\\\/diariotextual.com\\\/inicio\\\/index.php\\\/2021\\\/09\\\/02\\\/poli-altolaguirre-sentimos-un-gran-apoyo-en-intendente-alvear\\\/#breadcrumb\",\"itemListElement\":[{\"@type\":\"ListItem\",\"position\":1,\"name\":\"Portada\",\"item\":\"https:\\\/\\\/diariotextual.com\\\/inicio\\\/\"},{\"@type\":\"ListItem\",\"position\":2,\"name\":\"\u00abPoli\u00bb Altolaguirre: \u00abSentimos un gran apoyo en Intendente Alvear\u00bb\"}]},{\"@type\":\"WebSite\",\"@id\":\"https:\\\/\\\/diariotextual.com\\\/inicio\\\/#website\",\"url\":\"https:\\\/\\\/diariotextual.com\\\/inicio\\\/\",\"name\":\"Diario Textual\",\"description\":\"\",\"publisher\":{\"@id\":\"https:\\\/\\\/diariotextual.com\\\/inicio\\\/#organization\"},\"potentialAction\":[{\"@type\":\"SearchAction\",\"target\":{\"@type\":\"EntryPoint\",\"urlTemplate\":\"https:\\\/\\\/diariotextual.com\\\/inicio\\\/?s={search_term_string}\"},\"query-input\":{\"@type\":\"PropertyValueSpecification\",\"valueRequired\":true,\"valueName\":\"search_term_string\"}}],\"inLanguage\":\"es\"},{\"@type\":\"Organization\",\"@id\":\"https:\\\/\\\/diariotextual.com\\\/inicio\\\/#organization\",\"name\":\"Diario Textual\",\"url\":\"https:\\\/\\\/diariotextual.com\\\/inicio\\\/\",\"logo\":{\"@type\":\"ImageObject\",\"inLanguage\":\"es\",\"@id\":\"https:\\\/\\\/diariotextual.com\\\/inicio\\\/#\\\/schema\\\/logo\\\/image\\\/\",\"url\":\"https:\\\/\\\/diariotextual.com\\\/inicio\\\/wp-content\\\/uploads\\\/2023\\\/05\\\/logotextual1.jpg\",\"contentUrl\":\"https:\\\/\\\/diariotextual.com\\\/inicio\\\/wp-content\\\/uploads\\\/2023\\\/05\\\/logotextual1.jpg\",\"width\":516,\"height\":76,\"caption\":\"Diario Textual\"},\"image\":{\"@id\":\"https:\\\/\\\/diariotextual.com\\\/inicio\\\/#\\\/schema\\\/logo\\\/image\\\/\"},\"sameAs\":[\"https:\\\/\\\/www.facebook.com\\\/eltextual\",\"https:\\\/\\\/x.com\\\/eltextual\",\"http:\\\/\\\/www.instagram.com\\\/eltextual\"]},{\"@type\":\"Person\",\"@id\":\"https:\\\/\\\/diariotextual.com\\\/inicio\\\/#\\\/schema\\\/person\\\/418fc4093c33e86ed41562db3508f958\",\"name\":\"Diario1 Diario1\",\"image\":{\"@type\":\"ImageObject\",\"inLanguage\":\"es\",\"@id\":\"https:\\\/\\\/secure.gravatar.com\\\/avatar\\\/9167d280179c85bc18be67aa7eda765854300033af4896dd779b608640f2ef7a?s=96&d=mm&r=g\",\"url\":\"https:\\\/\\\/secure.gravatar.com\\\/avatar\\\/9167d280179c85bc18be67aa7eda765854300033af4896dd779b608640f2ef7a?s=96&d=mm&r=g\",\"contentUrl\":\"https:\\\/\\\/secure.gravatar.com\\\/avatar\\\/9167d280179c85bc18be67aa7eda765854300033af4896dd779b608640f2ef7a?s=96&d=mm&r=g\",\"caption\":\"Diario1 Diario1\"},\"url\":\"https:\\\/\\\/diariotextual.com\\\/inicio\\\/index.php\\\/author\\\/diario1\\\/\"}]}<\/script>\n<!-- \/ Yoast SEO plugin. -->","yoast_head_json":{"title":"\"Poli\" Altolaguirre: \"Sentimos un gran apoyo en Intendente Alvear\" - Diario Textual","robots":{"index":"index","follow":"follow","max-snippet":"max-snippet:-1","max-image-preview":"max-image-preview:large","max-video-preview":"max-video-preview:-1"},"canonical":"https:\/\/diariotextual.com\/inicio\/index.php\/2021\/09\/02\/poli-altolaguirre-sentimos-un-gran-apoyo-en-intendente-alvear\/","og_locale":"es_ES","og_type":"article","og_title":"\"Poli\" Altolaguirre: \"Sentimos un gran apoyo en Intendente Alvear\" - Diario Textual","og_description":"Hip\u00f3lito \u00abPoli\u00bb Altolaguirre y Cintia Gette recorrieron la localidad de Intendente Alvear y dialogaron con vecinos, comerciantes y emprendedores, adem\u00e1s de mantener una reuni\u00f3n con afiliados en el comit\u00e9 radical&hellip;","og_url":"https:\/\/diariotextual.com\/inicio\/index.php\/2021\/09\/02\/poli-altolaguirre-sentimos-un-gran-apoyo-en-intendente-alvear\/","og_site_name":"Diario Textual","article_publisher":"https:\/\/www.facebook.com\/eltextual","article_published_time":"2021-09-02T11:32:29+00:00","article_modified_time":"2021-09-02T11:33:30+00:00","og_image":[{"width":1600,"height":900,"url":"https:\/\/diariotextual.com\/inicio\/wp-content\/uploads\/2021\/09\/altolaguirrepolialvear2021-1.jpg","type":"image\/jpeg"}],"author":"Diario1 Diario1","twitter_card":"summary_large_image","twitter_creator":"@eltextual","twitter_site":"@eltextual","twitter_misc":{"Escrito por":"Diario1 Diario1","Tiempo de lectura":"2 minutos"},"schema":{"@context":"https:\/\/schema.org","@graph":[{"@type":"Article","@id":"https:\/\/diariotextual.com\/inicio\/index.php\/2021\/09\/02\/poli-altolaguirre-sentimos-un-gran-apoyo-en-intendente-alvear\/#article","isPartOf":{"@id":"https:\/\/diariotextual.com\/inicio\/index.php\/2021\/09\/02\/poli-altolaguirre-sentimos-un-gran-apoyo-en-intendente-alvear\/"},"author":{"name":"Diario1 Diario1","@id":"https:\/\/diariotextual.com\/inicio\/#\/schema\/person\/418fc4093c33e86ed41562db3508f958"},"headline":"\u00abPoli\u00bb Altolaguirre: \u00abSentimos un gran apoyo en Intendente Alvear\u00bb","datePublished":"2021-09-02T11:32:29+00:00","dateModified":"2021-09-02T11:33:30+00:00","mainEntityOfPage":{"@id":"https:\/\/diariotextual.com\/inicio\/index.php\/2021\/09\/02\/poli-altolaguirre-sentimos-un-gran-apoyo-en-intendente-alvear\/"},"wordCount":346,"publisher":{"@id":"https:\/\/diariotextual.com\/inicio\/#organization"},"image":{"@id":"https:\/\/diariotextual.com\/inicio\/index.php\/2021\/09\/02\/poli-altolaguirre-sentimos-un-gran-apoyo-en-intendente-alvear\/#primaryimage"},"thumbnailUrl":"https:\/\/diariotextual.com\/inicio\/wp-content\/uploads\/2021\/09\/altolaguirrepolialvear2021-1.jpg","articleSection":["A - DESTACADAS (mod 16)","POLITICA"],"inLanguage":"es"},{"@type":"WebPage","@id":"https:\/\/diariotextual.com\/inicio\/index.php\/2021\/09\/02\/poli-altolaguirre-sentimos-un-gran-apoyo-en-intendente-alvear\/","url":"https:\/\/diariotextual.com\/inicio\/index.php\/2021\/09\/02\/poli-altolaguirre-sentimos-un-gran-apoyo-en-intendente-alvear\/","name":"\"Poli\" Altolaguirre: \"Sentimos un gran apoyo en Intendente Alvear\" - Diario Textual","isPartOf":{"@id":"https:\/\/diariotextual.com\/inicio\/#website"},"primaryImageOfPage":{"@id":"https:\/\/diariotextual.com\/inicio\/index.php\/2021\/09\/02\/poli-altolaguirre-sentimos-un-gran-apoyo-en-intendente-alvear\/#primaryimage"},"image":{"@id":"https:\/\/diariotextual.com\/inicio\/index.php\/2021\/09\/02\/poli-altolaguirre-sentimos-un-gran-apoyo-en-intendente-alvear\/#primaryimage"},"thumbnailUrl":"https:\/\/diariotextual.com\/inicio\/wp-content\/uploads\/2021\/09\/altolaguirrepolialvear2021-1.jpg","datePublished":"2021-09-02T11:32:29+00:00","dateModified":"2021-09-02T11:33:30+00:00","breadcrumb":{"@id":"https:\/\/diariotextual.com\/inicio\/index.php\/2021\/09\/02\/poli-altolaguirre-sentimos-un-gran-apoyo-en-intendente-alvear\/#breadcrumb"},"inLanguage":"es","potentialAction":[{"@type":"ReadAction","target":["https:\/\/diariotextual.com\/inicio\/index.php\/2021\/09\/02\/poli-altolaguirre-sentimos-un-gran-apoyo-en-intendente-alvear\/"]}]},{"@type":"ImageObject","inLanguage":"es","@id":"https:\/\/diariotextual.com\/inicio\/index.php\/2021\/09\/02\/poli-altolaguirre-sentimos-un-gran-apoyo-en-intendente-alvear\/#primaryimage","url":"https:\/\/diariotextual.com\/inicio\/wp-content\/uploads\/2021\/09\/altolaguirrepolialvear2021-1.jpg","contentUrl":"https:\/\/diariotextual.com\/inicio\/wp-content\/uploads\/2021\/09\/altolaguirrepolialvear2021-1.jpg","width":1600,"height":900},{"@type":"BreadcrumbList","@id":"https:\/\/diariotextual.com\/inicio\/index.php\/2021\/09\/02\/poli-altolaguirre-sentimos-un-gran-apoyo-en-intendente-alvear\/#breadcrumb","itemListElement":[{"@type":"ListItem","position":1,"name":"Portada","item":"https:\/\/diariotextual.com\/inicio\/"},{"@type":"ListItem","position":2,"name":"\u00abPoli\u00bb Altolaguirre: \u00abSentimos un gran apoyo en Intendente Alvear\u00bb"}]},{"@type":"WebSite","@id":"https:\/\/diariotextual.com\/inicio\/#website","url":"https:\/\/diariotextual.com\/inicio\/","name":"Diario Textual","description":"","publisher":{"@id":"https:\/\/diariotextual.com\/inicio\/#organization"},"potentialAction":[{"@type":"SearchAction","target":{"@type":"EntryPoint","urlTemplate":"https:\/\/diariotextual.com\/inicio\/?s={search_term_string}"},"query-input":{"@type":"PropertyValueSpecification","valueRequired":true,"valueName":"search_term_string"}}],"inLanguage":"es"},{"@type":"Organization","@id":"https:\/\/diariotextual.com\/inicio\/#organization","name":"Diario Textual","url":"https:\/\/diariotextual.com\/inicio\/","logo":{"@type":"ImageObject","inLanguage":"es","@id":"https:\/\/diariotextual.com\/inicio\/#\/schema\/logo\/image\/","url":"https:\/\/diariotextual.com\/inicio\/wp-content\/uploads\/2023\/05\/logotextual1.jpg","contentUrl":"https:\/\/diariotextual.com\/inicio\/wp-content\/uploads\/2023\/05\/logotextual1.jpg","width":516,"height":76,"caption":"Diario Textual"},"image":{"@id":"https:\/\/diariotextual.com\/inicio\/#\/schema\/logo\/image\/"},"sameAs":["https:\/\/www.facebook.com\/eltextual","https:\/\/x.com\/eltextual","http:\/\/www.instagram.com\/eltextual"]},{"@type":"Person","@id":"https:\/\/diariotextual.com\/inicio\/#\/schema\/person\/418fc4093c33e86ed41562db3508f958","name":"Diario1 Diario1","image":{"@type":"ImageObject","inLanguage":"es","@id":"https:\/\/secure.gravatar.com\/avatar\/9167d280179c85bc18be67aa7eda765854300033af4896dd779b608640f2ef7a?s=96&d=mm&r=g","url":"https:\/\/secure.gravatar.com\/avatar\/9167d280179c85bc18be67aa7eda765854300033af4896dd779b608640f2ef7a?s=96&d=mm&r=g","contentUrl":"https:\/\/secure.gravatar.com\/avatar\/9167d280179c85bc18be67aa7eda765854300033af4896dd779b608640f2ef7a?s=96&d=mm&r=g","caption":"Diario1 Diario1"},"url":"https:\/\/diariotextual.com\/inicio\/index.php\/author\/diario1\/"}]}},"_links":{"self":[{"href":"https:\/\/diariotextual.com\/inicio\/index.php\/wp-json\/wp\/v2\/posts\/159855","targetHints":{"allow":["GET"]}}],"collection":[{"href":"https:\/\/diariotextual.com\/inicio\/index.php\/wp-json\/wp\/v2\/posts"}],"about":[{"href":"https:\/\/diariotextual.com\/inicio\/index.php\/wp-json\/wp\/v2\/types\/post"}],"author":[{"embeddable":true,"href":"https:\/\/diariotextual.com\/inicio\/index.php\/wp-json\/wp\/v2\/users\/3"}],"replies":[{"embeddable":true,"href":"https:\/\/diariotextual.com\/inicio\/index.php\/wp-json\/wp\/v2\/comments?post=159855"}],"version-history":[{"count":2,"href":"https:\/\/diariotextual.com\/inicio\/index.php\/wp-json\/wp\/v2\/posts\/159855\/revisions"}],"predecessor-version":[{"id":159860,"href":"https:\/\/diariotextual.com\/inicio\/index.php\/wp-json\/wp\/v2\/posts\/159855\/revisions\/159860"}],"wp:featuredmedia":[{"embeddable":true,"href":"https:\/\/diariotextual.com\/inicio\/index.php\/wp-json\/wp\/v2\/media\/159857"}],"wp:attachment":[{"href":"https:\/\/diariotextual.com\/inicio\/index.php\/wp-json\/wp\/v2\/media?parent=159855"}],"wp:term":[{"taxonomy":"category","embeddable":true,"href":"https:\/\/diariotextual.com\/inicio\/index.php\/wp-json\/wp\/v2\/categories?post=159855"},{"taxonomy":"post_tag","embeddable":true,"href":"https:\/\/diariotextual.com\/inicio\/index.php\/wp-json\/wp\/v2\/tags?post=159855"}],"curies":[{"name":"wp","href":"https:\/\/api.w.org\/{rel}","templated":true}]}}