{"id":159921,"date":"2021-09-02T14:40:38","date_gmt":"2021-09-02T17:40:38","guid":{"rendered":"https:\/\/diariotextual.com\/inicio\/?p=159921"},"modified":"2021-09-02T21:09:48","modified_gmt":"2021-09-03T00:09:48","slug":"feriado-por-el-dia-del-empleado-de-comercio-se-traslada-al-lunes-20","status":"publish","type":"post","link":"https:\/\/diariotextual.com\/inicio\/index.php\/2021\/09\/02\/feriado-por-el-dia-del-empleado-de-comercio-se-traslada-al-lunes-20\/","title":{"rendered":"Feriado por el D\u00eda del Empleado de Comercio se traslada al lunes 20"},"content":{"rendered":"\n<p>El Centro de Empleados de Comercio inform\u00f3 que <strong>el feriado por el d\u00eda del Empleado de Comercio ser\u00e1 el lunes 20 de Septiembre.<\/strong><\/p>\n\n\n\n<p>\u201cSeg\u00fan el acuerdo firmado en 2020 por el Centro Empleados de Comercio de Santa Rosa y General Pico con las C\u00e1maras de Comercio de dichas localidades, <strong>el feriado por el D\u00eda del Empleado de Comercio en la provincia de La Pampa se traslada al lunes inmediatamente anterior al 26 de Septiembre (excepto que caiga lunes en cuyo caso se mantendr\u00e1 ese d\u00eda). Por ese motivo, este a\u00f1o, el feriado se trasladar\u00e1 al lunes 20<\/strong> de Septiembre\u201d, detall\u00f3 el CEC en un comunicado.<\/p>\n\n\n\n<p>El 26 de septiembre, los\/as empleados\/as de comercio de todo el pa\u00eds celebran su d\u00eda, <strong>conforme con la ley 26.541, sancionada el 11 de noviembre de 2009<\/strong>; ratificando lo establecido por el art\u00edculo 76 del Convenio Colectivo de Trabajo 130\/75.<\/p>\n","protected":false},"excerpt":{"rendered":"<p>El Centro de Empleados de Comercio inform\u00f3 que el feriado por el d\u00eda del Empleado de Comercio ser\u00e1 el lunes 20 de Septiembre. \u201cSeg\u00fan el acuerdo firmado en 2020 por&hellip;<\/p>\n","protected":false},"author":5,"featured_media":159922,"comment_status":"closed","ping_status":"open","sticky":false,"template":"","format":"standard","meta":{"_acf_changed":false,"footnotes":""},"categories":[10,12],"tags":[3932],"class_list":["post-159921","post","type-post","status-publish","format-standard","has-post-thumbnail","hentry","category-portada-2","category-sociedad","tag-empleado-de-comercio"],"acf":[],"yoast_head":"<!-- This site is optimized with the Yoast SEO plugin v27.5 - https:\/\/yoast.com\/product\/yoast-seo-wordpress\/ -->\n<title>Feriado por el D\u00eda del Empleado de Comercio se traslada al lunes 20 - Diario Textual<\/title>\n<meta name=\"robots\" content=\"index, follow, max-snippet:-1, max-image-preview:large, max-video-preview:-1\" \/>\n<link rel=\"canonical\" href=\"https:\/\/diariotextual.com\/inicio\/index.php\/2021\/09\/02\/feriado-por-el-dia-del-empleado-de-comercio-se-traslada-al-lunes-20\/\" \/>\n<meta property=\"og:locale\" content=\"es_ES\" \/>\n<meta property=\"og:type\" content=\"article\" \/>\n<meta property=\"og:title\" content=\"Feriado por el D\u00eda del Empleado de Comercio se traslada al lunes 20 - Diario Textual\" \/>\n<meta property=\"og:description\" content=\"El Centro de Empleados de Comercio inform\u00f3 que el feriado por el d\u00eda del Empleado de Comercio ser\u00e1 el lunes 20 de Septiembre. \u201cSeg\u00fan el acuerdo firmado en 2020 por&hellip;\" \/>\n<meta property=\"og:url\" content=\"https:\/\/diariotextual.com\/inicio\/index.php\/2021\/09\/02\/feriado-por-el-dia-del-empleado-de-comercio-se-traslada-al-lunes-20\/\" \/>\n<meta property=\"og:site_name\" content=\"Diario Textual\" \/>\n<meta property=\"article:publisher\" content=\"https:\/\/www.facebook.com\/eltextual\" \/>\n<meta property=\"article:published_time\" content=\"2021-09-02T17:40:38+00:00\" \/>\n<meta property=\"article:modified_time\" content=\"2021-09-03T00:09:48+00:00\" \/>\n<meta property=\"og:image\" content=\"https:\/\/diariotextual.com\/inicio\/wp-content\/uploads\/2021\/09\/empleadodecomercio.jpg\" \/>\n\t<meta property=\"og:image:width\" content=\"700\" \/>\n\t<meta property=\"og:image:height\" content=\"423\" \/>\n\t<meta property=\"og:image:type\" content=\"image\/jpeg\" \/>\n<meta name=\"author\" content=\"diario3\" \/>\n<meta name=\"twitter:card\" content=\"summary_large_image\" \/>\n<meta name=\"twitter:creator\" content=\"@eltextual\" \/>\n<meta name=\"twitter:site\" content=\"@eltextual\" \/>\n<meta name=\"twitter:label1\" content=\"Escrito por\" \/>\n\t<meta name=\"twitter:data1\" content=\"diario3\" \/>\n\t<meta name=\"twitter:label2\" content=\"Tiempo de lectura\" \/>\n\t<meta name=\"twitter:data2\" content=\"1 minuto\" \/>\n<script type=\"application\/ld+json\" class=\"yoast-schema-graph\">{\"@context\":\"https:\\\/\\\/schema.org\",\"@graph\":[{\"@type\":\"Article\",\"@id\":\"https:\\\/\\\/diariotextual.com\\\/inicio\\\/index.php\\\/2021\\\/09\\\/02\\\/feriado-por-el-dia-del-empleado-de-comercio-se-traslada-al-lunes-20\\\/#article\",\"isPartOf\":{\"@id\":\"https:\\\/\\\/diariotextual.com\\\/inicio\\\/index.php\\\/2021\\\/09\\\/02\\\/feriado-por-el-dia-del-empleado-de-comercio-se-traslada-al-lunes-20\\\/\"},\"author\":{\"name\":\"diario3\",\"@id\":\"https:\\\/\\\/diariotextual.com\\\/inicio\\\/#\\\/schema\\\/person\\\/a1b6f563e0ee944c60f98119389a4d9f\"},\"headline\":\"Feriado por el D\u00eda del Empleado de Comercio se traslada al lunes 20\",\"datePublished\":\"2021-09-02T17:40:38+00:00\",\"dateModified\":\"2021-09-03T00:09:48+00:00\",\"mainEntityOfPage\":{\"@id\":\"https:\\\/\\\/diariotextual.com\\\/inicio\\\/index.php\\\/2021\\\/09\\\/02\\\/feriado-por-el-dia-del-empleado-de-comercio-se-traslada-al-lunes-20\\\/\"},\"wordCount\":159,\"publisher\":{\"@id\":\"https:\\\/\\\/diariotextual.com\\\/inicio\\\/#organization\"},\"image\":{\"@id\":\"https:\\\/\\\/diariotextual.com\\\/inicio\\\/index.php\\\/2021\\\/09\\\/02\\\/feriado-por-el-dia-del-empleado-de-comercio-se-traslada-al-lunes-20\\\/#primaryimage\"},\"thumbnailUrl\":\"https:\\\/\\\/diariotextual.com\\\/inicio\\\/wp-content\\\/uploads\\\/2021\\\/09\\\/empleadodecomercio.jpg\",\"keywords\":[\"empleado de comercio\"],\"articleSection\":[\"A - PORTADA2\",\"SOCIEDAD\"],\"inLanguage\":\"es\"},{\"@type\":\"WebPage\",\"@id\":\"https:\\\/\\\/diariotextual.com\\\/inicio\\\/index.php\\\/2021\\\/09\\\/02\\\/feriado-por-el-dia-del-empleado-de-comercio-se-traslada-al-lunes-20\\\/\",\"url\":\"https:\\\/\\\/diariotextual.com\\\/inicio\\\/index.php\\\/2021\\\/09\\\/02\\\/feriado-por-el-dia-del-empleado-de-comercio-se-traslada-al-lunes-20\\\/\",\"name\":\"Feriado por el D\u00eda del Empleado de Comercio se traslada al lunes 20 - Diario Textual\",\"isPartOf\":{\"@id\":\"https:\\\/\\\/diariotextual.com\\\/inicio\\\/#website\"},\"primaryImageOfPage\":{\"@id\":\"https:\\\/\\\/diariotextual.com\\\/inicio\\\/index.php\\\/2021\\\/09\\\/02\\\/feriado-por-el-dia-del-empleado-de-comercio-se-traslada-al-lunes-20\\\/#primaryimage\"},\"image\":{\"@id\":\"https:\\\/\\\/diariotextual.com\\\/inicio\\\/index.php\\\/2021\\\/09\\\/02\\\/feriado-por-el-dia-del-empleado-de-comercio-se-traslada-al-lunes-20\\\/#primaryimage\"},\"thumbnailUrl\":\"https:\\\/\\\/diariotextual.com\\\/inicio\\\/wp-content\\\/uploads\\\/2021\\\/09\\\/empleadodecomercio.jpg\",\"datePublished\":\"2021-09-02T17:40:38+00:00\",\"dateModified\":\"2021-09-03T00:09:48+00:00\",\"breadcrumb\":{\"@id\":\"https:\\\/\\\/diariotextual.com\\\/inicio\\\/index.php\\\/2021\\\/09\\\/02\\\/feriado-por-el-dia-del-empleado-de-comercio-se-traslada-al-lunes-20\\\/#breadcrumb\"},\"inLanguage\":\"es\",\"potentialAction\":[{\"@type\":\"ReadAction\",\"target\":[\"https:\\\/\\\/diariotextual.com\\\/inicio\\\/index.php\\\/2021\\\/09\\\/02\\\/feriado-por-el-dia-del-empleado-de-comercio-se-traslada-al-lunes-20\\\/\"]}]},{\"@type\":\"ImageObject\",\"inLanguage\":\"es\",\"@id\":\"https:\\\/\\\/diariotextual.com\\\/inicio\\\/index.php\\\/2021\\\/09\\\/02\\\/feriado-por-el-dia-del-empleado-de-comercio-se-traslada-al-lunes-20\\\/#primaryimage\",\"url\":\"https:\\\/\\\/diariotextual.com\\\/inicio\\\/wp-content\\\/uploads\\\/2021\\\/09\\\/empleadodecomercio.jpg\",\"contentUrl\":\"https:\\\/\\\/diariotextual.com\\\/inicio\\\/wp-content\\\/uploads\\\/2021\\\/09\\\/empleadodecomercio.jpg\",\"width\":700,\"height\":423},{\"@type\":\"BreadcrumbList\",\"@id\":\"https:\\\/\\\/diariotextual.com\\\/inicio\\\/index.php\\\/2021\\\/09\\\/02\\\/feriado-por-el-dia-del-empleado-de-comercio-se-traslada-al-lunes-20\\\/#breadcrumb\",\"itemListElement\":[{\"@type\":\"ListItem\",\"position\":1,\"name\":\"Portada\",\"item\":\"https:\\\/\\\/diariotextual.com\\\/inicio\\\/\"},{\"@type\":\"ListItem\",\"position\":2,\"name\":\"Feriado por el D\u00eda del Empleado de Comercio se traslada al lunes 20\"}]},{\"@type\":\"WebSite\",\"@id\":\"https:\\\/\\\/diariotextual.com\\\/inicio\\\/#website\",\"url\":\"https:\\\/\\\/diariotextual.com\\\/inicio\\\/\",\"name\":\"Diario Textual\",\"description\":\"\",\"publisher\":{\"@id\":\"https:\\\/\\\/diariotextual.com\\\/inicio\\\/#organization\"},\"potentialAction\":[{\"@type\":\"SearchAction\",\"target\":{\"@type\":\"EntryPoint\",\"urlTemplate\":\"https:\\\/\\\/diariotextual.com\\\/inicio\\\/?s={search_term_string}\"},\"query-input\":{\"@type\":\"PropertyValueSpecification\",\"valueRequired\":true,\"valueName\":\"search_term_string\"}}],\"inLanguage\":\"es\"},{\"@type\":\"Organization\",\"@id\":\"https:\\\/\\\/diariotextual.com\\\/inicio\\\/#organization\",\"name\":\"Diario Textual\",\"url\":\"https:\\\/\\\/diariotextual.com\\\/inicio\\\/\",\"logo\":{\"@type\":\"ImageObject\",\"inLanguage\":\"es\",\"@id\":\"https:\\\/\\\/diariotextual.com\\\/inicio\\\/#\\\/schema\\\/logo\\\/image\\\/\",\"url\":\"https:\\\/\\\/diariotextual.com\\\/inicio\\\/wp-content\\\/uploads\\\/2023\\\/05\\\/logotextual1.jpg\",\"contentUrl\":\"https:\\\/\\\/diariotextual.com\\\/inicio\\\/wp-content\\\/uploads\\\/2023\\\/05\\\/logotextual1.jpg\",\"width\":516,\"height\":76,\"caption\":\"Diario Textual\"},\"image\":{\"@id\":\"https:\\\/\\\/diariotextual.com\\\/inicio\\\/#\\\/schema\\\/logo\\\/image\\\/\"},\"sameAs\":[\"https:\\\/\\\/www.facebook.com\\\/eltextual\",\"https:\\\/\\\/x.com\\\/eltextual\",\"http:\\\/\\\/www.instagram.com\\\/eltextual\"]},{\"@type\":\"Person\",\"@id\":\"https:\\\/\\\/diariotextual.com\\\/inicio\\\/#\\\/schema\\\/person\\\/a1b6f563e0ee944c60f98119389a4d9f\",\"name\":\"diario3\",\"image\":{\"@type\":\"ImageObject\",\"inLanguage\":\"es\",\"@id\":\"https:\\\/\\\/secure.gravatar.com\\\/avatar\\\/5e7ee62c82fc04d9dd79d746a390d93c69c43223e5faeeb3ea9461ef752bfc5d?s=96&d=mm&r=g\",\"url\":\"https:\\\/\\\/secure.gravatar.com\\\/avatar\\\/5e7ee62c82fc04d9dd79d746a390d93c69c43223e5faeeb3ea9461ef752bfc5d?s=96&d=mm&r=g\",\"contentUrl\":\"https:\\\/\\\/secure.gravatar.com\\\/avatar\\\/5e7ee62c82fc04d9dd79d746a390d93c69c43223e5faeeb3ea9461ef752bfc5d?s=96&d=mm&r=g\",\"caption\":\"diario3\"},\"url\":\"https:\\\/\\\/diariotextual.com\\\/inicio\\\/index.php\\\/author\\\/diario3\\\/\"}]}<\/script>\n<!-- \/ Yoast SEO plugin. -->","yoast_head_json":{"title":"Feriado por el D\u00eda del Empleado de Comercio se traslada al lunes 20 - Diario Textual","robots":{"index":"index","follow":"follow","max-snippet":"max-snippet:-1","max-image-preview":"max-image-preview:large","max-video-preview":"max-video-preview:-1"},"canonical":"https:\/\/diariotextual.com\/inicio\/index.php\/2021\/09\/02\/feriado-por-el-dia-del-empleado-de-comercio-se-traslada-al-lunes-20\/","og_locale":"es_ES","og_type":"article","og_title":"Feriado por el D\u00eda del Empleado de Comercio se traslada al lunes 20 - Diario Textual","og_description":"El Centro de Empleados de Comercio inform\u00f3 que el feriado por el d\u00eda del Empleado de Comercio ser\u00e1 el lunes 20 de Septiembre. \u201cSeg\u00fan el acuerdo firmado en 2020 por&hellip;","og_url":"https:\/\/diariotextual.com\/inicio\/index.php\/2021\/09\/02\/feriado-por-el-dia-del-empleado-de-comercio-se-traslada-al-lunes-20\/","og_site_name":"Diario Textual","article_publisher":"https:\/\/www.facebook.com\/eltextual","article_published_time":"2021-09-02T17:40:38+00:00","article_modified_time":"2021-09-03T00:09:48+00:00","og_image":[{"width":700,"height":423,"url":"https:\/\/diariotextual.com\/inicio\/wp-content\/uploads\/2021\/09\/empleadodecomercio.jpg","type":"image\/jpeg"}],"author":"diario3","twitter_card":"summary_large_image","twitter_creator":"@eltextual","twitter_site":"@eltextual","twitter_misc":{"Escrito por":"diario3","Tiempo de lectura":"1 minuto"},"schema":{"@context":"https:\/\/schema.org","@graph":[{"@type":"Article","@id":"https:\/\/diariotextual.com\/inicio\/index.php\/2021\/09\/02\/feriado-por-el-dia-del-empleado-de-comercio-se-traslada-al-lunes-20\/#article","isPartOf":{"@id":"https:\/\/diariotextual.com\/inicio\/index.php\/2021\/09\/02\/feriado-por-el-dia-del-empleado-de-comercio-se-traslada-al-lunes-20\/"},"author":{"name":"diario3","@id":"https:\/\/diariotextual.com\/inicio\/#\/schema\/person\/a1b6f563e0ee944c60f98119389a4d9f"},"headline":"Feriado por el D\u00eda del Empleado de Comercio se traslada al lunes 20","datePublished":"2021-09-02T17:40:38+00:00","dateModified":"2021-09-03T00:09:48+00:00","mainEntityOfPage":{"@id":"https:\/\/diariotextual.com\/inicio\/index.php\/2021\/09\/02\/feriado-por-el-dia-del-empleado-de-comercio-se-traslada-al-lunes-20\/"},"wordCount":159,"publisher":{"@id":"https:\/\/diariotextual.com\/inicio\/#organization"},"image":{"@id":"https:\/\/diariotextual.com\/inicio\/index.php\/2021\/09\/02\/feriado-por-el-dia-del-empleado-de-comercio-se-traslada-al-lunes-20\/#primaryimage"},"thumbnailUrl":"https:\/\/diariotextual.com\/inicio\/wp-content\/uploads\/2021\/09\/empleadodecomercio.jpg","keywords":["empleado de comercio"],"articleSection":["A - PORTADA2","SOCIEDAD"],"inLanguage":"es"},{"@type":"WebPage","@id":"https:\/\/diariotextual.com\/inicio\/index.php\/2021\/09\/02\/feriado-por-el-dia-del-empleado-de-comercio-se-traslada-al-lunes-20\/","url":"https:\/\/diariotextual.com\/inicio\/index.php\/2021\/09\/02\/feriado-por-el-dia-del-empleado-de-comercio-se-traslada-al-lunes-20\/","name":"Feriado por el D\u00eda del Empleado de Comercio se traslada al lunes 20 - Diario Textual","isPartOf":{"@id":"https:\/\/diariotextual.com\/inicio\/#website"},"primaryImageOfPage":{"@id":"https:\/\/diariotextual.com\/inicio\/index.php\/2021\/09\/02\/feriado-por-el-dia-del-empleado-de-comercio-se-traslada-al-lunes-20\/#primaryimage"},"image":{"@id":"https:\/\/diariotextual.com\/inicio\/index.php\/2021\/09\/02\/feriado-por-el-dia-del-empleado-de-comercio-se-traslada-al-lunes-20\/#primaryimage"},"thumbnailUrl":"https:\/\/diariotextual.com\/inicio\/wp-content\/uploads\/2021\/09\/empleadodecomercio.jpg","datePublished":"2021-09-02T17:40:38+00:00","dateModified":"2021-09-03T00:09:48+00:00","breadcrumb":{"@id":"https:\/\/diariotextual.com\/inicio\/index.php\/2021\/09\/02\/feriado-por-el-dia-del-empleado-de-comercio-se-traslada-al-lunes-20\/#breadcrumb"},"inLanguage":"es","potentialAction":[{"@type":"ReadAction","target":["https:\/\/diariotextual.com\/inicio\/index.php\/2021\/09\/02\/feriado-por-el-dia-del-empleado-de-comercio-se-traslada-al-lunes-20\/"]}]},{"@type":"ImageObject","inLanguage":"es","@id":"https:\/\/diariotextual.com\/inicio\/index.php\/2021\/09\/02\/feriado-por-el-dia-del-empleado-de-comercio-se-traslada-al-lunes-20\/#primaryimage","url":"https:\/\/diariotextual.com\/inicio\/wp-content\/uploads\/2021\/09\/empleadodecomercio.jpg","contentUrl":"https:\/\/diariotextual.com\/inicio\/wp-content\/uploads\/2021\/09\/empleadodecomercio.jpg","width":700,"height":423},{"@type":"BreadcrumbList","@id":"https:\/\/diariotextual.com\/inicio\/index.php\/2021\/09\/02\/feriado-por-el-dia-del-empleado-de-comercio-se-traslada-al-lunes-20\/#breadcrumb","itemListElement":[{"@type":"ListItem","position":1,"name":"Portada","item":"https:\/\/diariotextual.com\/inicio\/"},{"@type":"ListItem","position":2,"name":"Feriado por el D\u00eda del Empleado de Comercio se traslada al lunes 20"}]},{"@type":"WebSite","@id":"https:\/\/diariotextual.com\/inicio\/#website","url":"https:\/\/diariotextual.com\/inicio\/","name":"Diario Textual","description":"","publisher":{"@id":"https:\/\/diariotextual.com\/inicio\/#organization"},"potentialAction":[{"@type":"SearchAction","target":{"@type":"EntryPoint","urlTemplate":"https:\/\/diariotextual.com\/inicio\/?s={search_term_string}"},"query-input":{"@type":"PropertyValueSpecification","valueRequired":true,"valueName":"search_term_string"}}],"inLanguage":"es"},{"@type":"Organization","@id":"https:\/\/diariotextual.com\/inicio\/#organization","name":"Diario Textual","url":"https:\/\/diariotextual.com\/inicio\/","logo":{"@type":"ImageObject","inLanguage":"es","@id":"https:\/\/diariotextual.com\/inicio\/#\/schema\/logo\/image\/","url":"https:\/\/diariotextual.com\/inicio\/wp-content\/uploads\/2023\/05\/logotextual1.jpg","contentUrl":"https:\/\/diariotextual.com\/inicio\/wp-content\/uploads\/2023\/05\/logotextual1.jpg","width":516,"height":76,"caption":"Diario Textual"},"image":{"@id":"https:\/\/diariotextual.com\/inicio\/#\/schema\/logo\/image\/"},"sameAs":["https:\/\/www.facebook.com\/eltextual","https:\/\/x.com\/eltextual","http:\/\/www.instagram.com\/eltextual"]},{"@type":"Person","@id":"https:\/\/diariotextual.com\/inicio\/#\/schema\/person\/a1b6f563e0ee944c60f98119389a4d9f","name":"diario3","image":{"@type":"ImageObject","inLanguage":"es","@id":"https:\/\/secure.gravatar.com\/avatar\/5e7ee62c82fc04d9dd79d746a390d93c69c43223e5faeeb3ea9461ef752bfc5d?s=96&d=mm&r=g","url":"https:\/\/secure.gravatar.com\/avatar\/5e7ee62c82fc04d9dd79d746a390d93c69c43223e5faeeb3ea9461ef752bfc5d?s=96&d=mm&r=g","contentUrl":"https:\/\/secure.gravatar.com\/avatar\/5e7ee62c82fc04d9dd79d746a390d93c69c43223e5faeeb3ea9461ef752bfc5d?s=96&d=mm&r=g","caption":"diario3"},"url":"https:\/\/diariotextual.com\/inicio\/index.php\/author\/diario3\/"}]}},"_links":{"self":[{"href":"https:\/\/diariotextual.com\/inicio\/index.php\/wp-json\/wp\/v2\/posts\/159921","targetHints":{"allow":["GET"]}}],"collection":[{"href":"https:\/\/diariotextual.com\/inicio\/index.php\/wp-json\/wp\/v2\/posts"}],"about":[{"href":"https:\/\/diariotextual.com\/inicio\/index.php\/wp-json\/wp\/v2\/types\/post"}],"author":[{"embeddable":true,"href":"https:\/\/diariotextual.com\/inicio\/index.php\/wp-json\/wp\/v2\/users\/5"}],"replies":[{"embeddable":true,"href":"https:\/\/diariotextual.com\/inicio\/index.php\/wp-json\/wp\/v2\/comments?post=159921"}],"version-history":[{"count":1,"href":"https:\/\/diariotextual.com\/inicio\/index.php\/wp-json\/wp\/v2\/posts\/159921\/revisions"}],"predecessor-version":[{"id":159923,"href":"https:\/\/diariotextual.com\/inicio\/index.php\/wp-json\/wp\/v2\/posts\/159921\/revisions\/159923"}],"wp:featuredmedia":[{"embeddable":true,"href":"https:\/\/diariotextual.com\/inicio\/index.php\/wp-json\/wp\/v2\/media\/159922"}],"wp:attachment":[{"href":"https:\/\/diariotextual.com\/inicio\/index.php\/wp-json\/wp\/v2\/media?parent=159921"}],"wp:term":[{"taxonomy":"category","embeddable":true,"href":"https:\/\/diariotextual.com\/inicio\/index.php\/wp-json\/wp\/v2\/categories?post=159921"},{"taxonomy":"post_tag","embeddable":true,"href":"https:\/\/diariotextual.com\/inicio\/index.php\/wp-json\/wp\/v2\/tags?post=159921"}],"curies":[{"name":"wp","href":"https:\/\/api.w.org\/{rel}","templated":true}]}}