{"id":159992,"date":"2021-09-03T16:15:17","date_gmt":"2021-09-03T19:15:17","guid":{"rendered":"https:\/\/diariotextual.com\/inicio\/?p=159992"},"modified":"2021-09-03T19:54:20","modified_gmt":"2021-09-03T22:54:20","slug":"ziliotto-es-inedito-el-nivel-de-inversion-publica-y-hay-ganas-de-invertir-en-la-pampa","status":"publish","type":"post","link":"https:\/\/diariotextual.com\/inicio\/index.php\/2021\/09\/03\/ziliotto-es-inedito-el-nivel-de-inversion-publica-y-hay-ganas-de-invertir-en-la-pampa\/","title":{"rendered":"Ziliotto: \u201cEs in\u00e9dito el nivel de inversi\u00f3n p\u00fablica y hay ganas de invertir en La Pampa\u201d"},"content":{"rendered":"\n<p>El gobernador <strong>Sergio Ziliotto<\/strong> dijo este viernes que es <strong>\u201cin\u00e9dito el nivel de inversi\u00f3n p\u00fablica\u201d<\/strong> en La Pampa y remarc\u00f3 que <strong>\u201chay ganas de invertir y avanzar\u201d<\/strong> en la provincia.<\/p>\n\n\n\n<p>Ziliotto hizo estas declaraciones en la apertura de sobres de la licitaci\u00f3n para la construcci\u00f3n de la red de desag\u00fces cloacales y planta de tratamiento de Winifreda, que tiene un presupuesto oficial, estimado a agosto, de 590 millones de pesos.\u00a0Esta obra se enmarca en los\u00a0 convenios que el gobernador firm\u00f3 con los ministros nacionales Gabriel Katopodis y Eduardo de Pedro cuando los funcionarios nacionales estuvieron en La Pampa, junto al presidente Alberto Fern\u00e1ndez.<\/p>\n\n\n\n<p>\u201cEste nivel de inversi\u00f3n p\u00fablica es in\u00e9dito en La Pampa &nbsp;y es posible&nbsp;\u00fanicamente con el enorme apoyo del Gobierno Nacional, que aporta los recursos, porque ha entendido que hay necesidad en cada uno de los rincones de nuestro territorio. Por lo tanto, es para nosotros un compromiso seguir apostando a la inversi\u00f3n p\u00fablica, porque no s\u00f3lo genera mejor calidad de vida, sino tambi\u00e9n genera actividad econ\u00f3mica y trabajo\u201d, dijo el mandatario.<br>&nbsp;<br>El gobernador asegur\u00f3 que era oportuno agradecer al sector empresarial. \u201cVemos aqu\u00ed que hay ofertas que tienen que ver con esas ganas de invertir en La Pampa y de avanzar, despu\u00e9s de una pandemia que nos corri\u00f3 el arco, como se dice futbol\u00edsticamente; que posterg\u00f3 nuestros proyectos. Pero estamos en condiciones de salir todos juntos de esa larga noche de la pandemia. Eso lo tenemos claro\u201d.<br>&nbsp;<br>\u201cCuenten con este gobierno para seguir haciendo obras p\u00fablicas, porque La Pampa las necesita y porque queremos hacer un trabajo mancomunado con las y los intendentes, la Provincia y el Gobierno Nacional. Entre todos podemos volver al pa\u00eds que siempre so\u00f1amos, con actividad econ\u00f3mica plena, desarrollo, inclusi\u00f3n e igualdad de oportunidades en cada rinc\u00f3n de nuestra provincia. Ese es el principal eje del Gobierno Provincial\u201d, sostuvo.<\/p>\n","protected":false},"excerpt":{"rendered":"<p>El gobernador Sergio Ziliotto dijo este viernes que es \u201cin\u00e9dito el nivel de inversi\u00f3n p\u00fablica\u201d en La Pampa y remarc\u00f3 que \u201chay ganas de invertir y avanzar\u201d en la provincia.&hellip;<\/p>\n","protected":false},"author":7,"featured_media":159993,"comment_status":"closed","ping_status":"open","sticky":false,"template":"","format":"standard","meta":{"_acf_changed":false,"footnotes":""},"categories":[10,8],"tags":[5102,424],"class_list":["post-159992","post","type-post","status-publish","format-standard","has-post-thumbnail","hentry","category-portada-2","category-politica","tag-inversion-publica","tag-ziliotto"],"acf":[],"yoast_head":"<!-- This site is optimized with the Yoast SEO plugin v27.5 - https:\/\/yoast.com\/product\/yoast-seo-wordpress\/ -->\n<title>Ziliotto: \u201cEs in\u00e9dito el nivel de inversi\u00f3n p\u00fablica y hay ganas de invertir en La Pampa\u201d - Diario Textual<\/title>\n<meta name=\"robots\" content=\"index, follow, max-snippet:-1, max-image-preview:large, max-video-preview:-1\" \/>\n<link rel=\"canonical\" href=\"https:\/\/diariotextual.com\/inicio\/index.php\/2021\/09\/03\/ziliotto-es-inedito-el-nivel-de-inversion-publica-y-hay-ganas-de-invertir-en-la-pampa\/\" \/>\n<meta property=\"og:locale\" content=\"es_ES\" \/>\n<meta property=\"og:type\" content=\"article\" \/>\n<meta property=\"og:title\" content=\"Ziliotto: \u201cEs in\u00e9dito el nivel de inversi\u00f3n p\u00fablica y hay ganas de invertir en La Pampa\u201d - Diario Textual\" \/>\n<meta property=\"og:description\" content=\"El gobernador Sergio Ziliotto dijo este viernes que es \u201cin\u00e9dito el nivel de inversi\u00f3n p\u00fablica\u201d en La Pampa y remarc\u00f3 que \u201chay ganas de invertir y avanzar\u201d en la provincia.&hellip;\" \/>\n<meta property=\"og:url\" content=\"https:\/\/diariotextual.com\/inicio\/index.php\/2021\/09\/03\/ziliotto-es-inedito-el-nivel-de-inversion-publica-y-hay-ganas-de-invertir-en-la-pampa\/\" \/>\n<meta property=\"og:site_name\" content=\"Diario Textual\" \/>\n<meta property=\"article:publisher\" content=\"https:\/\/www.facebook.com\/eltextual\" \/>\n<meta property=\"article:published_time\" content=\"2021-09-03T19:15:17+00:00\" \/>\n<meta property=\"article:modified_time\" content=\"2021-09-03T22:54:20+00:00\" \/>\n<meta property=\"og:image\" content=\"https:\/\/diariotextual.com\/inicio\/wp-content\/uploads\/2021\/09\/ziliottolicitacioncloacaswini-1024x682.jpg\" \/>\n\t<meta property=\"og:image:width\" content=\"1024\" \/>\n\t<meta property=\"og:image:height\" content=\"682\" \/>\n\t<meta property=\"og:image:type\" content=\"image\/jpeg\" \/>\n<meta name=\"author\" content=\"diario5\" \/>\n<meta name=\"twitter:card\" content=\"summary_large_image\" \/>\n<meta name=\"twitter:creator\" content=\"@eltextual\" \/>\n<meta name=\"twitter:site\" content=\"@eltextual\" \/>\n<meta name=\"twitter:label1\" content=\"Escrito por\" \/>\n\t<meta name=\"twitter:data1\" content=\"diario5\" \/>\n\t<meta name=\"twitter:label2\" content=\"Tiempo de lectura\" \/>\n\t<meta name=\"twitter:data2\" content=\"2 minutos\" \/>\n<script type=\"application\/ld+json\" class=\"yoast-schema-graph\">{\"@context\":\"https:\\\/\\\/schema.org\",\"@graph\":[{\"@type\":\"Article\",\"@id\":\"https:\\\/\\\/diariotextual.com\\\/inicio\\\/index.php\\\/2021\\\/09\\\/03\\\/ziliotto-es-inedito-el-nivel-de-inversion-publica-y-hay-ganas-de-invertir-en-la-pampa\\\/#article\",\"isPartOf\":{\"@id\":\"https:\\\/\\\/diariotextual.com\\\/inicio\\\/index.php\\\/2021\\\/09\\\/03\\\/ziliotto-es-inedito-el-nivel-de-inversion-publica-y-hay-ganas-de-invertir-en-la-pampa\\\/\"},\"author\":{\"name\":\"diario5\",\"@id\":\"https:\\\/\\\/diariotextual.com\\\/inicio\\\/#\\\/schema\\\/person\\\/c7834961ad8b29b1d9cdbf4571299067\"},\"headline\":\"Ziliotto: \u201cEs in\u00e9dito el nivel de inversi\u00f3n p\u00fablica y hay ganas de invertir en La Pampa\u201d\",\"datePublished\":\"2021-09-03T19:15:17+00:00\",\"dateModified\":\"2021-09-03T22:54:20+00:00\",\"mainEntityOfPage\":{\"@id\":\"https:\\\/\\\/diariotextual.com\\\/inicio\\\/index.php\\\/2021\\\/09\\\/03\\\/ziliotto-es-inedito-el-nivel-de-inversion-publica-y-hay-ganas-de-invertir-en-la-pampa\\\/\"},\"wordCount\":353,\"publisher\":{\"@id\":\"https:\\\/\\\/diariotextual.com\\\/inicio\\\/#organization\"},\"image\":{\"@id\":\"https:\\\/\\\/diariotextual.com\\\/inicio\\\/index.php\\\/2021\\\/09\\\/03\\\/ziliotto-es-inedito-el-nivel-de-inversion-publica-y-hay-ganas-de-invertir-en-la-pampa\\\/#primaryimage\"},\"thumbnailUrl\":\"https:\\\/\\\/diariotextual.com\\\/inicio\\\/wp-content\\\/uploads\\\/2021\\\/09\\\/ziliottolicitacioncloacaswini.jpg\",\"keywords\":[\"inversion publica\",\"ziliotto\"],\"articleSection\":[\"A - PORTADA2\",\"POLITICA\"],\"inLanguage\":\"es\"},{\"@type\":\"WebPage\",\"@id\":\"https:\\\/\\\/diariotextual.com\\\/inicio\\\/index.php\\\/2021\\\/09\\\/03\\\/ziliotto-es-inedito-el-nivel-de-inversion-publica-y-hay-ganas-de-invertir-en-la-pampa\\\/\",\"url\":\"https:\\\/\\\/diariotextual.com\\\/inicio\\\/index.php\\\/2021\\\/09\\\/03\\\/ziliotto-es-inedito-el-nivel-de-inversion-publica-y-hay-ganas-de-invertir-en-la-pampa\\\/\",\"name\":\"Ziliotto: \u201cEs in\u00e9dito el nivel de inversi\u00f3n p\u00fablica y hay ganas de invertir en La Pampa\u201d - Diario Textual\",\"isPartOf\":{\"@id\":\"https:\\\/\\\/diariotextual.com\\\/inicio\\\/#website\"},\"primaryImageOfPage\":{\"@id\":\"https:\\\/\\\/diariotextual.com\\\/inicio\\\/index.php\\\/2021\\\/09\\\/03\\\/ziliotto-es-inedito-el-nivel-de-inversion-publica-y-hay-ganas-de-invertir-en-la-pampa\\\/#primaryimage\"},\"image\":{\"@id\":\"https:\\\/\\\/diariotextual.com\\\/inicio\\\/index.php\\\/2021\\\/09\\\/03\\\/ziliotto-es-inedito-el-nivel-de-inversion-publica-y-hay-ganas-de-invertir-en-la-pampa\\\/#primaryimage\"},\"thumbnailUrl\":\"https:\\\/\\\/diariotextual.com\\\/inicio\\\/wp-content\\\/uploads\\\/2021\\\/09\\\/ziliottolicitacioncloacaswini.jpg\",\"datePublished\":\"2021-09-03T19:15:17+00:00\",\"dateModified\":\"2021-09-03T22:54:20+00:00\",\"breadcrumb\":{\"@id\":\"https:\\\/\\\/diariotextual.com\\\/inicio\\\/index.php\\\/2021\\\/09\\\/03\\\/ziliotto-es-inedito-el-nivel-de-inversion-publica-y-hay-ganas-de-invertir-en-la-pampa\\\/#breadcrumb\"},\"inLanguage\":\"es\",\"potentialAction\":[{\"@type\":\"ReadAction\",\"target\":[\"https:\\\/\\\/diariotextual.com\\\/inicio\\\/index.php\\\/2021\\\/09\\\/03\\\/ziliotto-es-inedito-el-nivel-de-inversion-publica-y-hay-ganas-de-invertir-en-la-pampa\\\/\"]}]},{\"@type\":\"ImageObject\",\"inLanguage\":\"es\",\"@id\":\"https:\\\/\\\/diariotextual.com\\\/inicio\\\/index.php\\\/2021\\\/09\\\/03\\\/ziliotto-es-inedito-el-nivel-de-inversion-publica-y-hay-ganas-de-invertir-en-la-pampa\\\/#primaryimage\",\"url\":\"https:\\\/\\\/diariotextual.com\\\/inicio\\\/wp-content\\\/uploads\\\/2021\\\/09\\\/ziliottolicitacioncloacaswini.jpg\",\"contentUrl\":\"https:\\\/\\\/diariotextual.com\\\/inicio\\\/wp-content\\\/uploads\\\/2021\\\/09\\\/ziliottolicitacioncloacaswini.jpg\",\"width\":2000,\"height\":1333},{\"@type\":\"BreadcrumbList\",\"@id\":\"https:\\\/\\\/diariotextual.com\\\/inicio\\\/index.php\\\/2021\\\/09\\\/03\\\/ziliotto-es-inedito-el-nivel-de-inversion-publica-y-hay-ganas-de-invertir-en-la-pampa\\\/#breadcrumb\",\"itemListElement\":[{\"@type\":\"ListItem\",\"position\":1,\"name\":\"Portada\",\"item\":\"https:\\\/\\\/diariotextual.com\\\/inicio\\\/\"},{\"@type\":\"ListItem\",\"position\":2,\"name\":\"Ziliotto: \u201cEs in\u00e9dito el nivel de inversi\u00f3n p\u00fablica y hay ganas de invertir en La Pampa\u201d\"}]},{\"@type\":\"WebSite\",\"@id\":\"https:\\\/\\\/diariotextual.com\\\/inicio\\\/#website\",\"url\":\"https:\\\/\\\/diariotextual.com\\\/inicio\\\/\",\"name\":\"Diario Textual\",\"description\":\"\",\"publisher\":{\"@id\":\"https:\\\/\\\/diariotextual.com\\\/inicio\\\/#organization\"},\"potentialAction\":[{\"@type\":\"SearchAction\",\"target\":{\"@type\":\"EntryPoint\",\"urlTemplate\":\"https:\\\/\\\/diariotextual.com\\\/inicio\\\/?s={search_term_string}\"},\"query-input\":{\"@type\":\"PropertyValueSpecification\",\"valueRequired\":true,\"valueName\":\"search_term_string\"}}],\"inLanguage\":\"es\"},{\"@type\":\"Organization\",\"@id\":\"https:\\\/\\\/diariotextual.com\\\/inicio\\\/#organization\",\"name\":\"Diario Textual\",\"url\":\"https:\\\/\\\/diariotextual.com\\\/inicio\\\/\",\"logo\":{\"@type\":\"ImageObject\",\"inLanguage\":\"es\",\"@id\":\"https:\\\/\\\/diariotextual.com\\\/inicio\\\/#\\\/schema\\\/logo\\\/image\\\/\",\"url\":\"https:\\\/\\\/diariotextual.com\\\/inicio\\\/wp-content\\\/uploads\\\/2023\\\/05\\\/logotextual1.jpg\",\"contentUrl\":\"https:\\\/\\\/diariotextual.com\\\/inicio\\\/wp-content\\\/uploads\\\/2023\\\/05\\\/logotextual1.jpg\",\"width\":516,\"height\":76,\"caption\":\"Diario Textual\"},\"image\":{\"@id\":\"https:\\\/\\\/diariotextual.com\\\/inicio\\\/#\\\/schema\\\/logo\\\/image\\\/\"},\"sameAs\":[\"https:\\\/\\\/www.facebook.com\\\/eltextual\",\"https:\\\/\\\/x.com\\\/eltextual\",\"http:\\\/\\\/www.instagram.com\\\/eltextual\"]},{\"@type\":\"Person\",\"@id\":\"https:\\\/\\\/diariotextual.com\\\/inicio\\\/#\\\/schema\\\/person\\\/c7834961ad8b29b1d9cdbf4571299067\",\"name\":\"diario5\",\"image\":{\"@type\":\"ImageObject\",\"inLanguage\":\"es\",\"@id\":\"https:\\\/\\\/secure.gravatar.com\\\/avatar\\\/948c893b847ca6df68216ead81b63f363408ec9b0f600fefc0641ce78613b111?s=96&d=mm&r=g\",\"url\":\"https:\\\/\\\/secure.gravatar.com\\\/avatar\\\/948c893b847ca6df68216ead81b63f363408ec9b0f600fefc0641ce78613b111?s=96&d=mm&r=g\",\"contentUrl\":\"https:\\\/\\\/secure.gravatar.com\\\/avatar\\\/948c893b847ca6df68216ead81b63f363408ec9b0f600fefc0641ce78613b111?s=96&d=mm&r=g\",\"caption\":\"diario5\"},\"url\":\"https:\\\/\\\/diariotextual.com\\\/inicio\\\/index.php\\\/author\\\/diario5\\\/\"}]}<\/script>\n<!-- \/ Yoast SEO plugin. -->","yoast_head_json":{"title":"Ziliotto: \u201cEs in\u00e9dito el nivel de inversi\u00f3n p\u00fablica y hay ganas de invertir en La Pampa\u201d - Diario Textual","robots":{"index":"index","follow":"follow","max-snippet":"max-snippet:-1","max-image-preview":"max-image-preview:large","max-video-preview":"max-video-preview:-1"},"canonical":"https:\/\/diariotextual.com\/inicio\/index.php\/2021\/09\/03\/ziliotto-es-inedito-el-nivel-de-inversion-publica-y-hay-ganas-de-invertir-en-la-pampa\/","og_locale":"es_ES","og_type":"article","og_title":"Ziliotto: \u201cEs in\u00e9dito el nivel de inversi\u00f3n p\u00fablica y hay ganas de invertir en La Pampa\u201d - Diario Textual","og_description":"El gobernador Sergio Ziliotto dijo este viernes que es \u201cin\u00e9dito el nivel de inversi\u00f3n p\u00fablica\u201d en La Pampa y remarc\u00f3 que \u201chay ganas de invertir y avanzar\u201d en la provincia.&hellip;","og_url":"https:\/\/diariotextual.com\/inicio\/index.php\/2021\/09\/03\/ziliotto-es-inedito-el-nivel-de-inversion-publica-y-hay-ganas-de-invertir-en-la-pampa\/","og_site_name":"Diario Textual","article_publisher":"https:\/\/www.facebook.com\/eltextual","article_published_time":"2021-09-03T19:15:17+00:00","article_modified_time":"2021-09-03T22:54:20+00:00","og_image":[{"width":1024,"height":682,"url":"https:\/\/diariotextual.com\/inicio\/wp-content\/uploads\/2021\/09\/ziliottolicitacioncloacaswini-1024x682.jpg","type":"image\/jpeg"}],"author":"diario5","twitter_card":"summary_large_image","twitter_creator":"@eltextual","twitter_site":"@eltextual","twitter_misc":{"Escrito por":"diario5","Tiempo de lectura":"2 minutos"},"schema":{"@context":"https:\/\/schema.org","@graph":[{"@type":"Article","@id":"https:\/\/diariotextual.com\/inicio\/index.php\/2021\/09\/03\/ziliotto-es-inedito-el-nivel-de-inversion-publica-y-hay-ganas-de-invertir-en-la-pampa\/#article","isPartOf":{"@id":"https:\/\/diariotextual.com\/inicio\/index.php\/2021\/09\/03\/ziliotto-es-inedito-el-nivel-de-inversion-publica-y-hay-ganas-de-invertir-en-la-pampa\/"},"author":{"name":"diario5","@id":"https:\/\/diariotextual.com\/inicio\/#\/schema\/person\/c7834961ad8b29b1d9cdbf4571299067"},"headline":"Ziliotto: \u201cEs in\u00e9dito el nivel de inversi\u00f3n p\u00fablica y hay ganas de invertir en La Pampa\u201d","datePublished":"2021-09-03T19:15:17+00:00","dateModified":"2021-09-03T22:54:20+00:00","mainEntityOfPage":{"@id":"https:\/\/diariotextual.com\/inicio\/index.php\/2021\/09\/03\/ziliotto-es-inedito-el-nivel-de-inversion-publica-y-hay-ganas-de-invertir-en-la-pampa\/"},"wordCount":353,"publisher":{"@id":"https:\/\/diariotextual.com\/inicio\/#organization"},"image":{"@id":"https:\/\/diariotextual.com\/inicio\/index.php\/2021\/09\/03\/ziliotto-es-inedito-el-nivel-de-inversion-publica-y-hay-ganas-de-invertir-en-la-pampa\/#primaryimage"},"thumbnailUrl":"https:\/\/diariotextual.com\/inicio\/wp-content\/uploads\/2021\/09\/ziliottolicitacioncloacaswini.jpg","keywords":["inversion publica","ziliotto"],"articleSection":["A - PORTADA2","POLITICA"],"inLanguage":"es"},{"@type":"WebPage","@id":"https:\/\/diariotextual.com\/inicio\/index.php\/2021\/09\/03\/ziliotto-es-inedito-el-nivel-de-inversion-publica-y-hay-ganas-de-invertir-en-la-pampa\/","url":"https:\/\/diariotextual.com\/inicio\/index.php\/2021\/09\/03\/ziliotto-es-inedito-el-nivel-de-inversion-publica-y-hay-ganas-de-invertir-en-la-pampa\/","name":"Ziliotto: \u201cEs in\u00e9dito el nivel de inversi\u00f3n p\u00fablica y hay ganas de invertir en La Pampa\u201d - Diario Textual","isPartOf":{"@id":"https:\/\/diariotextual.com\/inicio\/#website"},"primaryImageOfPage":{"@id":"https:\/\/diariotextual.com\/inicio\/index.php\/2021\/09\/03\/ziliotto-es-inedito-el-nivel-de-inversion-publica-y-hay-ganas-de-invertir-en-la-pampa\/#primaryimage"},"image":{"@id":"https:\/\/diariotextual.com\/inicio\/index.php\/2021\/09\/03\/ziliotto-es-inedito-el-nivel-de-inversion-publica-y-hay-ganas-de-invertir-en-la-pampa\/#primaryimage"},"thumbnailUrl":"https:\/\/diariotextual.com\/inicio\/wp-content\/uploads\/2021\/09\/ziliottolicitacioncloacaswini.jpg","datePublished":"2021-09-03T19:15:17+00:00","dateModified":"2021-09-03T22:54:20+00:00","breadcrumb":{"@id":"https:\/\/diariotextual.com\/inicio\/index.php\/2021\/09\/03\/ziliotto-es-inedito-el-nivel-de-inversion-publica-y-hay-ganas-de-invertir-en-la-pampa\/#breadcrumb"},"inLanguage":"es","potentialAction":[{"@type":"ReadAction","target":["https:\/\/diariotextual.com\/inicio\/index.php\/2021\/09\/03\/ziliotto-es-inedito-el-nivel-de-inversion-publica-y-hay-ganas-de-invertir-en-la-pampa\/"]}]},{"@type":"ImageObject","inLanguage":"es","@id":"https:\/\/diariotextual.com\/inicio\/index.php\/2021\/09\/03\/ziliotto-es-inedito-el-nivel-de-inversion-publica-y-hay-ganas-de-invertir-en-la-pampa\/#primaryimage","url":"https:\/\/diariotextual.com\/inicio\/wp-content\/uploads\/2021\/09\/ziliottolicitacioncloacaswini.jpg","contentUrl":"https:\/\/diariotextual.com\/inicio\/wp-content\/uploads\/2021\/09\/ziliottolicitacioncloacaswini.jpg","width":2000,"height":1333},{"@type":"BreadcrumbList","@id":"https:\/\/diariotextual.com\/inicio\/index.php\/2021\/09\/03\/ziliotto-es-inedito-el-nivel-de-inversion-publica-y-hay-ganas-de-invertir-en-la-pampa\/#breadcrumb","itemListElement":[{"@type":"ListItem","position":1,"name":"Portada","item":"https:\/\/diariotextual.com\/inicio\/"},{"@type":"ListItem","position":2,"name":"Ziliotto: \u201cEs in\u00e9dito el nivel de inversi\u00f3n p\u00fablica y hay ganas de invertir en La Pampa\u201d"}]},{"@type":"WebSite","@id":"https:\/\/diariotextual.com\/inicio\/#website","url":"https:\/\/diariotextual.com\/inicio\/","name":"Diario Textual","description":"","publisher":{"@id":"https:\/\/diariotextual.com\/inicio\/#organization"},"potentialAction":[{"@type":"SearchAction","target":{"@type":"EntryPoint","urlTemplate":"https:\/\/diariotextual.com\/inicio\/?s={search_term_string}"},"query-input":{"@type":"PropertyValueSpecification","valueRequired":true,"valueName":"search_term_string"}}],"inLanguage":"es"},{"@type":"Organization","@id":"https:\/\/diariotextual.com\/inicio\/#organization","name":"Diario Textual","url":"https:\/\/diariotextual.com\/inicio\/","logo":{"@type":"ImageObject","inLanguage":"es","@id":"https:\/\/diariotextual.com\/inicio\/#\/schema\/logo\/image\/","url":"https:\/\/diariotextual.com\/inicio\/wp-content\/uploads\/2023\/05\/logotextual1.jpg","contentUrl":"https:\/\/diariotextual.com\/inicio\/wp-content\/uploads\/2023\/05\/logotextual1.jpg","width":516,"height":76,"caption":"Diario Textual"},"image":{"@id":"https:\/\/diariotextual.com\/inicio\/#\/schema\/logo\/image\/"},"sameAs":["https:\/\/www.facebook.com\/eltextual","https:\/\/x.com\/eltextual","http:\/\/www.instagram.com\/eltextual"]},{"@type":"Person","@id":"https:\/\/diariotextual.com\/inicio\/#\/schema\/person\/c7834961ad8b29b1d9cdbf4571299067","name":"diario5","image":{"@type":"ImageObject","inLanguage":"es","@id":"https:\/\/secure.gravatar.com\/avatar\/948c893b847ca6df68216ead81b63f363408ec9b0f600fefc0641ce78613b111?s=96&d=mm&r=g","url":"https:\/\/secure.gravatar.com\/avatar\/948c893b847ca6df68216ead81b63f363408ec9b0f600fefc0641ce78613b111?s=96&d=mm&r=g","contentUrl":"https:\/\/secure.gravatar.com\/avatar\/948c893b847ca6df68216ead81b63f363408ec9b0f600fefc0641ce78613b111?s=96&d=mm&r=g","caption":"diario5"},"url":"https:\/\/diariotextual.com\/inicio\/index.php\/author\/diario5\/"}]}},"_links":{"self":[{"href":"https:\/\/diariotextual.com\/inicio\/index.php\/wp-json\/wp\/v2\/posts\/159992","targetHints":{"allow":["GET"]}}],"collection":[{"href":"https:\/\/diariotextual.com\/inicio\/index.php\/wp-json\/wp\/v2\/posts"}],"about":[{"href":"https:\/\/diariotextual.com\/inicio\/index.php\/wp-json\/wp\/v2\/types\/post"}],"author":[{"embeddable":true,"href":"https:\/\/diariotextual.com\/inicio\/index.php\/wp-json\/wp\/v2\/users\/7"}],"replies":[{"embeddable":true,"href":"https:\/\/diariotextual.com\/inicio\/index.php\/wp-json\/wp\/v2\/comments?post=159992"}],"version-history":[{"count":3,"href":"https:\/\/diariotextual.com\/inicio\/index.php\/wp-json\/wp\/v2\/posts\/159992\/revisions"}],"predecessor-version":[{"id":159997,"href":"https:\/\/diariotextual.com\/inicio\/index.php\/wp-json\/wp\/v2\/posts\/159992\/revisions\/159997"}],"wp:featuredmedia":[{"embeddable":true,"href":"https:\/\/diariotextual.com\/inicio\/index.php\/wp-json\/wp\/v2\/media\/159993"}],"wp:attachment":[{"href":"https:\/\/diariotextual.com\/inicio\/index.php\/wp-json\/wp\/v2\/media?parent=159992"}],"wp:term":[{"taxonomy":"category","embeddable":true,"href":"https:\/\/diariotextual.com\/inicio\/index.php\/wp-json\/wp\/v2\/categories?post=159992"},{"taxonomy":"post_tag","embeddable":true,"href":"https:\/\/diariotextual.com\/inicio\/index.php\/wp-json\/wp\/v2\/tags?post=159992"}],"curies":[{"name":"wp","href":"https:\/\/api.w.org\/{rel}","templated":true}]}}