{"id":160123,"date":"2021-09-05T07:44:17","date_gmt":"2021-09-05T10:44:17","guid":{"rendered":"https:\/\/diariotextual.com\/inicio\/?p=160123"},"modified":"2021-09-05T17:23:09","modified_gmt":"2021-09-05T20:23:09","slug":"la-pampa-la-primera-provincia-en-tener-vacunada-con-dos-dosis-al-50-de-su-poblacion","status":"publish","type":"post","link":"https:\/\/diariotextual.com\/inicio\/index.php\/2021\/09\/05\/la-pampa-la-primera-provincia-en-tener-vacunada-con-dos-dosis-al-50-de-su-poblacion\/","title":{"rendered":"La Pampa, la primera provincia en tener vacunada con dos dosis al 50% de su poblaci\u00f3n"},"content":{"rendered":"\n<p>En La Pampa avanza a todo ritmo la vacunaci\u00f3n contra el coronavirus. En las \u00faltimas horas, adem\u00e1s, se convirti\u00f3 en la primera de las 24 jurisdicciones del pa\u00eds en tener vacunada con las dos dosis al 50% de su poblaci\u00f3n.<\/p>\n\n\n\n<p>Hasta anoche, se hab\u00edan inmunizado con el esquema completo a 180.160 personas. Es decir, el 50,2% de la poblaci\u00f3n.<\/p>\n\n\n\n<p>La Pampa se mantiene liderando el programa de vacunaci\u00f3n. Con la segunda dosis, le sigue porcentualmente muy cerca la ciudad de Buenos Aires.<\/p>\n\n\n\n<p>Adem\u00e1s, en las \u00faltimas horas el centenar de vacunatorios de La Pampa comenz\u00f3 a aplicar las segundas dosis de Moderna a adolescentes de entre 12 y 17 a\u00f1os, seg\u00fan informaron fuentes oficiales a Diario Textual.<\/p>\n\n\n\n<p>Desde el inicio de la pandemia, en nuestra provincia se registraron un total de 67.100 casos positivos para Covid-19, de los cuales 713 permanecen activos, 864 han fallecido y 65.523 se han recuperado.<\/p>\n\n\n\n<p>El plan de vacunaci\u00f3n, m\u00e1s los cuidados personales, han generado una fuerte ca\u00edda de los casos diarios. De hecho, se ha bajado de los picos de 700 diarios a solo un promedio de 50 por jornada.<\/p>\n\n\n\n<figure class=\"wp-block-embed is-type-wp-embed is-provider-diario-textual wp-block-embed-diario-textual\"><div class=\"wp-block-embed__wrapper\">\n<blockquote class=\"wp-embedded-content\" data-secret=\"gJISCBhnMQ\"><a href=\"https:\/\/diariotextual.com\/inicio\/index.php\/2021\/09\/04\/covid-la-pampa-empezo-a-aplicar-segundas-dosis-a-los-adolescentes-de-entre-12-y-17-anos\/\">Covid: La Pampa empez\u00f3 a aplicar segundas dosis a los adolescentes<\/a><\/blockquote><iframe class=\"wp-embedded-content\" sandbox=\"allow-scripts\" security=\"restricted\" style=\"position: absolute; clip: rect(1px, 1px, 1px, 1px);\" title=\"\u00abCovid: La Pampa empez\u00f3 a aplicar segundas dosis a los adolescentes\u00bb \u2014 Diario Textual\" src=\"https:\/\/diariotextual.com\/inicio\/index.php\/2021\/09\/04\/covid-la-pampa-empezo-a-aplicar-segundas-dosis-a-los-adolescentes-de-entre-12-y-17-anos\/embed\/#?secret=gJISCBhnMQ\" data-secret=\"gJISCBhnMQ\" width=\"600\" height=\"338\" frameborder=\"0\" marginwidth=\"0\" marginheight=\"0\" scrolling=\"no\"><\/iframe>\n<\/div><\/figure>\n","protected":false},"excerpt":{"rendered":"<p>En La Pampa avanza a todo ritmo la vacunaci\u00f3n contra el coronavirus. En las \u00faltimas horas, adem\u00e1s, se convirti\u00f3 en la primera de las 24 jurisdicciones del pa\u00eds en tener&hellip;<\/p>\n","protected":false},"author":3,"featured_media":156002,"comment_status":"closed","ping_status":"open","sticky":false,"template":"","format":"standard","meta":{"_acf_changed":false,"footnotes":""},"categories":[10,12],"tags":[2899],"class_list":["post-160123","post","type-post","status-publish","format-standard","has-post-thumbnail","hentry","category-portada-2","category-sociedad","tag-covid"],"acf":[],"yoast_head":"<!-- This site is optimized with the Yoast SEO plugin v27.5 - https:\/\/yoast.com\/product\/yoast-seo-wordpress\/ -->\n<title>La Pampa, la primera provincia en tener vacunada con dos dosis al 50% de su poblaci\u00f3n - Diario Textual<\/title>\n<meta name=\"robots\" content=\"index, follow, max-snippet:-1, max-image-preview:large, max-video-preview:-1\" \/>\n<link rel=\"canonical\" href=\"https:\/\/diariotextual.com\/inicio\/index.php\/2021\/09\/05\/la-pampa-la-primera-provincia-en-tener-vacunada-con-dos-dosis-al-50-de-su-poblacion\/\" \/>\n<meta property=\"og:locale\" content=\"es_ES\" \/>\n<meta property=\"og:type\" content=\"article\" \/>\n<meta property=\"og:title\" content=\"La Pampa, la primera provincia en tener vacunada con dos dosis al 50% de su poblaci\u00f3n - Diario Textual\" \/>\n<meta property=\"og:description\" content=\"En La Pampa avanza a todo ritmo la vacunaci\u00f3n contra el coronavirus. En las \u00faltimas horas, adem\u00e1s, se convirti\u00f3 en la primera de las 24 jurisdicciones del pa\u00eds en tener&hellip;\" \/>\n<meta property=\"og:url\" content=\"https:\/\/diariotextual.com\/inicio\/index.php\/2021\/09\/05\/la-pampa-la-primera-provincia-en-tener-vacunada-con-dos-dosis-al-50-de-su-poblacion\/\" \/>\n<meta property=\"og:site_name\" content=\"Diario Textual\" \/>\n<meta property=\"article:publisher\" content=\"https:\/\/www.facebook.com\/eltextual\" \/>\n<meta property=\"article:published_time\" content=\"2021-09-05T10:44:17+00:00\" \/>\n<meta property=\"article:modified_time\" content=\"2021-09-05T20:23:09+00:00\" \/>\n<meta property=\"og:image\" content=\"https:\/\/diariotextual.com\/inicio\/wp-content\/uploads\/2021\/07\/coronavirusvacunacionpampatextual2021-100.jpg\" \/>\n\t<meta property=\"og:image:width\" content=\"991\" \/>\n\t<meta property=\"og:image:height\" content=\"604\" \/>\n\t<meta property=\"og:image:type\" content=\"image\/jpeg\" \/>\n<meta name=\"author\" content=\"Diario1 Diario1\" \/>\n<meta name=\"twitter:card\" content=\"summary_large_image\" \/>\n<meta name=\"twitter:creator\" content=\"@eltextual\" \/>\n<meta name=\"twitter:site\" content=\"@eltextual\" \/>\n<meta name=\"twitter:label1\" content=\"Escrito por\" \/>\n\t<meta name=\"twitter:data1\" content=\"Diario1 Diario1\" \/>\n\t<meta name=\"twitter:label2\" content=\"Tiempo de lectura\" \/>\n\t<meta name=\"twitter:data2\" content=\"1 minuto\" \/>\n<script type=\"application\/ld+json\" class=\"yoast-schema-graph\">{\"@context\":\"https:\\\/\\\/schema.org\",\"@graph\":[{\"@type\":\"Article\",\"@id\":\"https:\\\/\\\/diariotextual.com\\\/inicio\\\/index.php\\\/2021\\\/09\\\/05\\\/la-pampa-la-primera-provincia-en-tener-vacunada-con-dos-dosis-al-50-de-su-poblacion\\\/#article\",\"isPartOf\":{\"@id\":\"https:\\\/\\\/diariotextual.com\\\/inicio\\\/index.php\\\/2021\\\/09\\\/05\\\/la-pampa-la-primera-provincia-en-tener-vacunada-con-dos-dosis-al-50-de-su-poblacion\\\/\"},\"author\":{\"name\":\"Diario1 Diario1\",\"@id\":\"https:\\\/\\\/diariotextual.com\\\/inicio\\\/#\\\/schema\\\/person\\\/418fc4093c33e86ed41562db3508f958\"},\"headline\":\"La Pampa, la primera provincia en tener vacunada con dos dosis al 50% de su poblaci\u00f3n\",\"datePublished\":\"2021-09-05T10:44:17+00:00\",\"dateModified\":\"2021-09-05T20:23:09+00:00\",\"mainEntityOfPage\":{\"@id\":\"https:\\\/\\\/diariotextual.com\\\/inicio\\\/index.php\\\/2021\\\/09\\\/05\\\/la-pampa-la-primera-provincia-en-tener-vacunada-con-dos-dosis-al-50-de-su-poblacion\\\/\"},\"wordCount\":212,\"publisher\":{\"@id\":\"https:\\\/\\\/diariotextual.com\\\/inicio\\\/#organization\"},\"image\":{\"@id\":\"https:\\\/\\\/diariotextual.com\\\/inicio\\\/index.php\\\/2021\\\/09\\\/05\\\/la-pampa-la-primera-provincia-en-tener-vacunada-con-dos-dosis-al-50-de-su-poblacion\\\/#primaryimage\"},\"thumbnailUrl\":\"https:\\\/\\\/diariotextual.com\\\/inicio\\\/wp-content\\\/uploads\\\/2021\\\/07\\\/coronavirusvacunacionpampatextual2021-100.jpg\",\"keywords\":[\"covid\"],\"articleSection\":[\"A - PORTADA2\",\"SOCIEDAD\"],\"inLanguage\":\"es\"},{\"@type\":\"WebPage\",\"@id\":\"https:\\\/\\\/diariotextual.com\\\/inicio\\\/index.php\\\/2021\\\/09\\\/05\\\/la-pampa-la-primera-provincia-en-tener-vacunada-con-dos-dosis-al-50-de-su-poblacion\\\/\",\"url\":\"https:\\\/\\\/diariotextual.com\\\/inicio\\\/index.php\\\/2021\\\/09\\\/05\\\/la-pampa-la-primera-provincia-en-tener-vacunada-con-dos-dosis-al-50-de-su-poblacion\\\/\",\"name\":\"La Pampa, la primera provincia en tener vacunada con dos dosis al 50% de su poblaci\u00f3n - Diario Textual\",\"isPartOf\":{\"@id\":\"https:\\\/\\\/diariotextual.com\\\/inicio\\\/#website\"},\"primaryImageOfPage\":{\"@id\":\"https:\\\/\\\/diariotextual.com\\\/inicio\\\/index.php\\\/2021\\\/09\\\/05\\\/la-pampa-la-primera-provincia-en-tener-vacunada-con-dos-dosis-al-50-de-su-poblacion\\\/#primaryimage\"},\"image\":{\"@id\":\"https:\\\/\\\/diariotextual.com\\\/inicio\\\/index.php\\\/2021\\\/09\\\/05\\\/la-pampa-la-primera-provincia-en-tener-vacunada-con-dos-dosis-al-50-de-su-poblacion\\\/#primaryimage\"},\"thumbnailUrl\":\"https:\\\/\\\/diariotextual.com\\\/inicio\\\/wp-content\\\/uploads\\\/2021\\\/07\\\/coronavirusvacunacionpampatextual2021-100.jpg\",\"datePublished\":\"2021-09-05T10:44:17+00:00\",\"dateModified\":\"2021-09-05T20:23:09+00:00\",\"breadcrumb\":{\"@id\":\"https:\\\/\\\/diariotextual.com\\\/inicio\\\/index.php\\\/2021\\\/09\\\/05\\\/la-pampa-la-primera-provincia-en-tener-vacunada-con-dos-dosis-al-50-de-su-poblacion\\\/#breadcrumb\"},\"inLanguage\":\"es\",\"potentialAction\":[{\"@type\":\"ReadAction\",\"target\":[\"https:\\\/\\\/diariotextual.com\\\/inicio\\\/index.php\\\/2021\\\/09\\\/05\\\/la-pampa-la-primera-provincia-en-tener-vacunada-con-dos-dosis-al-50-de-su-poblacion\\\/\"]}]},{\"@type\":\"ImageObject\",\"inLanguage\":\"es\",\"@id\":\"https:\\\/\\\/diariotextual.com\\\/inicio\\\/index.php\\\/2021\\\/09\\\/05\\\/la-pampa-la-primera-provincia-en-tener-vacunada-con-dos-dosis-al-50-de-su-poblacion\\\/#primaryimage\",\"url\":\"https:\\\/\\\/diariotextual.com\\\/inicio\\\/wp-content\\\/uploads\\\/2021\\\/07\\\/coronavirusvacunacionpampatextual2021-100.jpg\",\"contentUrl\":\"https:\\\/\\\/diariotextual.com\\\/inicio\\\/wp-content\\\/uploads\\\/2021\\\/07\\\/coronavirusvacunacionpampatextual2021-100.jpg\",\"width\":991,\"height\":604},{\"@type\":\"BreadcrumbList\",\"@id\":\"https:\\\/\\\/diariotextual.com\\\/inicio\\\/index.php\\\/2021\\\/09\\\/05\\\/la-pampa-la-primera-provincia-en-tener-vacunada-con-dos-dosis-al-50-de-su-poblacion\\\/#breadcrumb\",\"itemListElement\":[{\"@type\":\"ListItem\",\"position\":1,\"name\":\"Portada\",\"item\":\"https:\\\/\\\/diariotextual.com\\\/inicio\\\/\"},{\"@type\":\"ListItem\",\"position\":2,\"name\":\"La Pampa, la primera provincia en tener vacunada con dos dosis al 50% de su poblaci\u00f3n\"}]},{\"@type\":\"WebSite\",\"@id\":\"https:\\\/\\\/diariotextual.com\\\/inicio\\\/#website\",\"url\":\"https:\\\/\\\/diariotextual.com\\\/inicio\\\/\",\"name\":\"Diario Textual\",\"description\":\"\",\"publisher\":{\"@id\":\"https:\\\/\\\/diariotextual.com\\\/inicio\\\/#organization\"},\"potentialAction\":[{\"@type\":\"SearchAction\",\"target\":{\"@type\":\"EntryPoint\",\"urlTemplate\":\"https:\\\/\\\/diariotextual.com\\\/inicio\\\/?s={search_term_string}\"},\"query-input\":{\"@type\":\"PropertyValueSpecification\",\"valueRequired\":true,\"valueName\":\"search_term_string\"}}],\"inLanguage\":\"es\"},{\"@type\":\"Organization\",\"@id\":\"https:\\\/\\\/diariotextual.com\\\/inicio\\\/#organization\",\"name\":\"Diario Textual\",\"url\":\"https:\\\/\\\/diariotextual.com\\\/inicio\\\/\",\"logo\":{\"@type\":\"ImageObject\",\"inLanguage\":\"es\",\"@id\":\"https:\\\/\\\/diariotextual.com\\\/inicio\\\/#\\\/schema\\\/logo\\\/image\\\/\",\"url\":\"https:\\\/\\\/diariotextual.com\\\/inicio\\\/wp-content\\\/uploads\\\/2023\\\/05\\\/logotextual1.jpg\",\"contentUrl\":\"https:\\\/\\\/diariotextual.com\\\/inicio\\\/wp-content\\\/uploads\\\/2023\\\/05\\\/logotextual1.jpg\",\"width\":516,\"height\":76,\"caption\":\"Diario Textual\"},\"image\":{\"@id\":\"https:\\\/\\\/diariotextual.com\\\/inicio\\\/#\\\/schema\\\/logo\\\/image\\\/\"},\"sameAs\":[\"https:\\\/\\\/www.facebook.com\\\/eltextual\",\"https:\\\/\\\/x.com\\\/eltextual\",\"http:\\\/\\\/www.instagram.com\\\/eltextual\"]},{\"@type\":\"Person\",\"@id\":\"https:\\\/\\\/diariotextual.com\\\/inicio\\\/#\\\/schema\\\/person\\\/418fc4093c33e86ed41562db3508f958\",\"name\":\"Diario1 Diario1\",\"image\":{\"@type\":\"ImageObject\",\"inLanguage\":\"es\",\"@id\":\"https:\\\/\\\/secure.gravatar.com\\\/avatar\\\/9167d280179c85bc18be67aa7eda765854300033af4896dd779b608640f2ef7a?s=96&d=mm&r=g\",\"url\":\"https:\\\/\\\/secure.gravatar.com\\\/avatar\\\/9167d280179c85bc18be67aa7eda765854300033af4896dd779b608640f2ef7a?s=96&d=mm&r=g\",\"contentUrl\":\"https:\\\/\\\/secure.gravatar.com\\\/avatar\\\/9167d280179c85bc18be67aa7eda765854300033af4896dd779b608640f2ef7a?s=96&d=mm&r=g\",\"caption\":\"Diario1 Diario1\"},\"url\":\"https:\\\/\\\/diariotextual.com\\\/inicio\\\/index.php\\\/author\\\/diario1\\\/\"}]}<\/script>\n<!-- \/ Yoast SEO plugin. -->","yoast_head_json":{"title":"La Pampa, la primera provincia en tener vacunada con dos dosis al 50% de su poblaci\u00f3n - Diario Textual","robots":{"index":"index","follow":"follow","max-snippet":"max-snippet:-1","max-image-preview":"max-image-preview:large","max-video-preview":"max-video-preview:-1"},"canonical":"https:\/\/diariotextual.com\/inicio\/index.php\/2021\/09\/05\/la-pampa-la-primera-provincia-en-tener-vacunada-con-dos-dosis-al-50-de-su-poblacion\/","og_locale":"es_ES","og_type":"article","og_title":"La Pampa, la primera provincia en tener vacunada con dos dosis al 50% de su poblaci\u00f3n - Diario Textual","og_description":"En La Pampa avanza a todo ritmo la vacunaci\u00f3n contra el coronavirus. En las \u00faltimas horas, adem\u00e1s, se convirti\u00f3 en la primera de las 24 jurisdicciones del pa\u00eds en tener&hellip;","og_url":"https:\/\/diariotextual.com\/inicio\/index.php\/2021\/09\/05\/la-pampa-la-primera-provincia-en-tener-vacunada-con-dos-dosis-al-50-de-su-poblacion\/","og_site_name":"Diario Textual","article_publisher":"https:\/\/www.facebook.com\/eltextual","article_published_time":"2021-09-05T10:44:17+00:00","article_modified_time":"2021-09-05T20:23:09+00:00","og_image":[{"width":991,"height":604,"url":"https:\/\/diariotextual.com\/inicio\/wp-content\/uploads\/2021\/07\/coronavirusvacunacionpampatextual2021-100.jpg","type":"image\/jpeg"}],"author":"Diario1 Diario1","twitter_card":"summary_large_image","twitter_creator":"@eltextual","twitter_site":"@eltextual","twitter_misc":{"Escrito por":"Diario1 Diario1","Tiempo de lectura":"1 minuto"},"schema":{"@context":"https:\/\/schema.org","@graph":[{"@type":"Article","@id":"https:\/\/diariotextual.com\/inicio\/index.php\/2021\/09\/05\/la-pampa-la-primera-provincia-en-tener-vacunada-con-dos-dosis-al-50-de-su-poblacion\/#article","isPartOf":{"@id":"https:\/\/diariotextual.com\/inicio\/index.php\/2021\/09\/05\/la-pampa-la-primera-provincia-en-tener-vacunada-con-dos-dosis-al-50-de-su-poblacion\/"},"author":{"name":"Diario1 Diario1","@id":"https:\/\/diariotextual.com\/inicio\/#\/schema\/person\/418fc4093c33e86ed41562db3508f958"},"headline":"La Pampa, la primera provincia en tener vacunada con dos dosis al 50% de su poblaci\u00f3n","datePublished":"2021-09-05T10:44:17+00:00","dateModified":"2021-09-05T20:23:09+00:00","mainEntityOfPage":{"@id":"https:\/\/diariotextual.com\/inicio\/index.php\/2021\/09\/05\/la-pampa-la-primera-provincia-en-tener-vacunada-con-dos-dosis-al-50-de-su-poblacion\/"},"wordCount":212,"publisher":{"@id":"https:\/\/diariotextual.com\/inicio\/#organization"},"image":{"@id":"https:\/\/diariotextual.com\/inicio\/index.php\/2021\/09\/05\/la-pampa-la-primera-provincia-en-tener-vacunada-con-dos-dosis-al-50-de-su-poblacion\/#primaryimage"},"thumbnailUrl":"https:\/\/diariotextual.com\/inicio\/wp-content\/uploads\/2021\/07\/coronavirusvacunacionpampatextual2021-100.jpg","keywords":["covid"],"articleSection":["A - PORTADA2","SOCIEDAD"],"inLanguage":"es"},{"@type":"WebPage","@id":"https:\/\/diariotextual.com\/inicio\/index.php\/2021\/09\/05\/la-pampa-la-primera-provincia-en-tener-vacunada-con-dos-dosis-al-50-de-su-poblacion\/","url":"https:\/\/diariotextual.com\/inicio\/index.php\/2021\/09\/05\/la-pampa-la-primera-provincia-en-tener-vacunada-con-dos-dosis-al-50-de-su-poblacion\/","name":"La Pampa, la primera provincia en tener vacunada con dos dosis al 50% de su poblaci\u00f3n - Diario Textual","isPartOf":{"@id":"https:\/\/diariotextual.com\/inicio\/#website"},"primaryImageOfPage":{"@id":"https:\/\/diariotextual.com\/inicio\/index.php\/2021\/09\/05\/la-pampa-la-primera-provincia-en-tener-vacunada-con-dos-dosis-al-50-de-su-poblacion\/#primaryimage"},"image":{"@id":"https:\/\/diariotextual.com\/inicio\/index.php\/2021\/09\/05\/la-pampa-la-primera-provincia-en-tener-vacunada-con-dos-dosis-al-50-de-su-poblacion\/#primaryimage"},"thumbnailUrl":"https:\/\/diariotextual.com\/inicio\/wp-content\/uploads\/2021\/07\/coronavirusvacunacionpampatextual2021-100.jpg","datePublished":"2021-09-05T10:44:17+00:00","dateModified":"2021-09-05T20:23:09+00:00","breadcrumb":{"@id":"https:\/\/diariotextual.com\/inicio\/index.php\/2021\/09\/05\/la-pampa-la-primera-provincia-en-tener-vacunada-con-dos-dosis-al-50-de-su-poblacion\/#breadcrumb"},"inLanguage":"es","potentialAction":[{"@type":"ReadAction","target":["https:\/\/diariotextual.com\/inicio\/index.php\/2021\/09\/05\/la-pampa-la-primera-provincia-en-tener-vacunada-con-dos-dosis-al-50-de-su-poblacion\/"]}]},{"@type":"ImageObject","inLanguage":"es","@id":"https:\/\/diariotextual.com\/inicio\/index.php\/2021\/09\/05\/la-pampa-la-primera-provincia-en-tener-vacunada-con-dos-dosis-al-50-de-su-poblacion\/#primaryimage","url":"https:\/\/diariotextual.com\/inicio\/wp-content\/uploads\/2021\/07\/coronavirusvacunacionpampatextual2021-100.jpg","contentUrl":"https:\/\/diariotextual.com\/inicio\/wp-content\/uploads\/2021\/07\/coronavirusvacunacionpampatextual2021-100.jpg","width":991,"height":604},{"@type":"BreadcrumbList","@id":"https:\/\/diariotextual.com\/inicio\/index.php\/2021\/09\/05\/la-pampa-la-primera-provincia-en-tener-vacunada-con-dos-dosis-al-50-de-su-poblacion\/#breadcrumb","itemListElement":[{"@type":"ListItem","position":1,"name":"Portada","item":"https:\/\/diariotextual.com\/inicio\/"},{"@type":"ListItem","position":2,"name":"La Pampa, la primera provincia en tener vacunada con dos dosis al 50% de su poblaci\u00f3n"}]},{"@type":"WebSite","@id":"https:\/\/diariotextual.com\/inicio\/#website","url":"https:\/\/diariotextual.com\/inicio\/","name":"Diario Textual","description":"","publisher":{"@id":"https:\/\/diariotextual.com\/inicio\/#organization"},"potentialAction":[{"@type":"SearchAction","target":{"@type":"EntryPoint","urlTemplate":"https:\/\/diariotextual.com\/inicio\/?s={search_term_string}"},"query-input":{"@type":"PropertyValueSpecification","valueRequired":true,"valueName":"search_term_string"}}],"inLanguage":"es"},{"@type":"Organization","@id":"https:\/\/diariotextual.com\/inicio\/#organization","name":"Diario Textual","url":"https:\/\/diariotextual.com\/inicio\/","logo":{"@type":"ImageObject","inLanguage":"es","@id":"https:\/\/diariotextual.com\/inicio\/#\/schema\/logo\/image\/","url":"https:\/\/diariotextual.com\/inicio\/wp-content\/uploads\/2023\/05\/logotextual1.jpg","contentUrl":"https:\/\/diariotextual.com\/inicio\/wp-content\/uploads\/2023\/05\/logotextual1.jpg","width":516,"height":76,"caption":"Diario Textual"},"image":{"@id":"https:\/\/diariotextual.com\/inicio\/#\/schema\/logo\/image\/"},"sameAs":["https:\/\/www.facebook.com\/eltextual","https:\/\/x.com\/eltextual","http:\/\/www.instagram.com\/eltextual"]},{"@type":"Person","@id":"https:\/\/diariotextual.com\/inicio\/#\/schema\/person\/418fc4093c33e86ed41562db3508f958","name":"Diario1 Diario1","image":{"@type":"ImageObject","inLanguage":"es","@id":"https:\/\/secure.gravatar.com\/avatar\/9167d280179c85bc18be67aa7eda765854300033af4896dd779b608640f2ef7a?s=96&d=mm&r=g","url":"https:\/\/secure.gravatar.com\/avatar\/9167d280179c85bc18be67aa7eda765854300033af4896dd779b608640f2ef7a?s=96&d=mm&r=g","contentUrl":"https:\/\/secure.gravatar.com\/avatar\/9167d280179c85bc18be67aa7eda765854300033af4896dd779b608640f2ef7a?s=96&d=mm&r=g","caption":"Diario1 Diario1"},"url":"https:\/\/diariotextual.com\/inicio\/index.php\/author\/diario1\/"}]}},"_links":{"self":[{"href":"https:\/\/diariotextual.com\/inicio\/index.php\/wp-json\/wp\/v2\/posts\/160123","targetHints":{"allow":["GET"]}}],"collection":[{"href":"https:\/\/diariotextual.com\/inicio\/index.php\/wp-json\/wp\/v2\/posts"}],"about":[{"href":"https:\/\/diariotextual.com\/inicio\/index.php\/wp-json\/wp\/v2\/types\/post"}],"author":[{"embeddable":true,"href":"https:\/\/diariotextual.com\/inicio\/index.php\/wp-json\/wp\/v2\/users\/3"}],"replies":[{"embeddable":true,"href":"https:\/\/diariotextual.com\/inicio\/index.php\/wp-json\/wp\/v2\/comments?post=160123"}],"version-history":[{"count":1,"href":"https:\/\/diariotextual.com\/inicio\/index.php\/wp-json\/wp\/v2\/posts\/160123\/revisions"}],"predecessor-version":[{"id":160124,"href":"https:\/\/diariotextual.com\/inicio\/index.php\/wp-json\/wp\/v2\/posts\/160123\/revisions\/160124"}],"wp:featuredmedia":[{"embeddable":true,"href":"https:\/\/diariotextual.com\/inicio\/index.php\/wp-json\/wp\/v2\/media\/156002"}],"wp:attachment":[{"href":"https:\/\/diariotextual.com\/inicio\/index.php\/wp-json\/wp\/v2\/media?parent=160123"}],"wp:term":[{"taxonomy":"category","embeddable":true,"href":"https:\/\/diariotextual.com\/inicio\/index.php\/wp-json\/wp\/v2\/categories?post=160123"},{"taxonomy":"post_tag","embeddable":true,"href":"https:\/\/diariotextual.com\/inicio\/index.php\/wp-json\/wp\/v2\/tags?post=160123"}],"curies":[{"name":"wp","href":"https:\/\/api.w.org\/{rel}","templated":true}]}}