{"id":160206,"date":"2021-09-06T08:04:06","date_gmt":"2021-09-06T11:04:06","guid":{"rendered":"https:\/\/diariotextual.com\/inicio\/?p=160206"},"modified":"2021-09-06T15:16:10","modified_gmt":"2021-09-06T18:16:10","slug":"agrupacion-feminista-acusa-a-la-lcf-de-discriminar-a-las-mujeres","status":"publish","type":"post","link":"https:\/\/diariotextual.com\/inicio\/index.php\/2021\/09\/06\/agrupacion-feminista-acusa-a-la-lcf-de-discriminar-a-las-mujeres\/","title":{"rendered":"Agrupaci\u00f3n feminista acusa a la LCF de \u201cdiscriminar\u201d a las mujeres"},"content":{"rendered":"\n<p>La <strong>agrupaci\u00f3n feminista Pan y Rosas<\/strong> cuestion\u00f3 la decisi\u00f3n de la <strong>Liga Cultural de F\u00fatbol<\/strong> de suspender el inicio del <strong>torneo femenino<\/strong> por el estado de los campos de juego en pos de los partidos de primera divisi\u00f3n (varones). \u201cEs una clara <strong>discriminaci\u00f3n de g\u00e9nero<\/strong>. Nos solidarizamos con las compa\u00f1eras futbolistas en este reclamo contra la discriminaci\u00f3n\u201d, dijeron desde la agrupaci\u00f3n.<\/p>\n\n\n\n<p>La Liga Cultural suspendi\u00f3 el fin de semana la primera fecha del torneo femenino por el estado de las canchas por la lluvia, pero no hizo lo mismo con la fecha del torneo masculino, que s\u00ed se jug\u00f3.<\/p>\n\n\n\n<p>Las capitanas de los equipos salieron a cuestionar la decisi\u00f3n de la liga. \u201cLo m\u00e1s llamativo es que la Liga decidi\u00f3 suspender al femenino y los partidos del Sub 20 masculinos para preservar los campos de juego pensando en la primera divisi\u00f3n de varones, pero en el caso de las mujeres, solamente dos encuentros se jugaban en canchas que luego ten\u00edan acci\u00f3n masculina. Y adem\u00e1s, las mujeres tambi\u00e9n son de primera divisi\u00f3n\u201d, expresaron en un documento.<\/p>\n\n\n\n<p>En l\u00ednea con esas cr\u00edticas, en las \u00faltimas horas sali\u00f3 la agrupaci\u00f3n Pan y Rosas a criticar la decisi\u00f3n. \u201cDesde hace a\u00f1os las mujeres venimos luchando por nuestros derechos contradiciendo la l\u00f3gica patriarcal de ser el sexo d\u00e9bil. La lucha de las mujeres se ha extendido por el mundo y marc\u00f3 su sello en el deporte durante la realizaci\u00f3n de los Juegos Ol\u00edmpicos de Tokio 2020. Las deportistas han hecho historia, no s\u00f3lo con sus grandes logros en las disciplinas que practican, sino tambi\u00e9n por alzar la voz aprovechando el masivo evento, para poner en la boca del mundo la lucha por derechos para todas\u201d, remarcaron.<\/p>\n\n\n\n<p>Citaron que en Irlanda, por ejemplo, la federaci\u00f3n de f\u00fatbol anunci\u00f3 hace poco que las selecciones femeninas y masculinas cobrar\u00e1n lo mismo por representar a su pa\u00eds. \u201cDe esta manera la brecha salarial ser\u00e1 una forma de profundizar la desigualdad que nos golpea, sobre todo a las trabajadoras que, sumado a los per\u00edodos dedicados al trabajo no remunerado nos condiciona a la hora de poder dedicar nuestro tiempo a los momentos de ocio y recreaci\u00f3n\u201d, aseguraron.<\/p>\n\n\n\n<p>\u201cEn Argentina, mientras tanto, seguimos luchando por la profesionalizaci\u00f3n y la desigualdad entre los grandes clubes y los m\u00e1s humildes.&nbsp;Acompa\u00f1amos a las mujeres que luchan por sus derechos, contra la discriminaci\u00f3n, por la igualdad, porque no aceptamos ser v\u00edctimas impotentes que este sistema quiere que seamos\u201d, subray\u00f3 la agrupaci\u00f3n feminista. <\/p>\n\n\n\n<p>\u201cDesde Pan y Rosas sostenemos que mientras luchamos por un sistema donde no existan la explotaci\u00f3n ni la opresi\u00f3n, es nuestro deber irrenunciable impulsar las luchas de las mujeres por las mejores condiciones de vida posibles, a\u00fan en este mismo sistema, por los derechos democr\u00e1ticos m\u00e1s elementales\u201d, agreg\u00f3.&nbsp;<\/p>\n","protected":false},"excerpt":{"rendered":"<p>La agrupaci\u00f3n feminista Pan y Rosas cuestion\u00f3 la decisi\u00f3n de la Liga Cultural de F\u00fatbol de suspender el inicio del torneo femenino por el estado de los campos de juego&hellip;<\/p>\n","protected":false},"author":7,"featured_media":160208,"comment_status":"closed","ping_status":"open","sticky":false,"template":"","format":"standard","meta":{"_acf_changed":false,"footnotes":""},"categories":[1,3],"tags":[6034,2697,6033],"class_list":["post-160206","post","type-post","status-publish","format-standard","has-post-thumbnail","hentry","category-es-noticia","category-deportes","tag-discriminacion","tag-futbol-femenino","tag-liga-cultural"],"acf":[],"yoast_head":"<!-- This site is optimized with the Yoast SEO plugin v27.5 - https:\/\/yoast.com\/product\/yoast-seo-wordpress\/ -->\n<title>Agrupaci\u00f3n feminista acusa a la LCF de \u201cdiscriminar\u201d a las mujeres - Diario Textual<\/title>\n<meta name=\"robots\" content=\"index, follow, max-snippet:-1, max-image-preview:large, max-video-preview:-1\" \/>\n<link rel=\"canonical\" href=\"https:\/\/diariotextual.com\/inicio\/index.php\/2021\/09\/06\/agrupacion-feminista-acusa-a-la-lcf-de-discriminar-a-las-mujeres\/\" \/>\n<meta property=\"og:locale\" content=\"es_ES\" \/>\n<meta property=\"og:type\" content=\"article\" \/>\n<meta property=\"og:title\" content=\"Agrupaci\u00f3n feminista acusa a la LCF de \u201cdiscriminar\u201d a las mujeres - Diario Textual\" \/>\n<meta property=\"og:description\" content=\"La agrupaci\u00f3n feminista Pan y Rosas cuestion\u00f3 la decisi\u00f3n de la Liga Cultural de F\u00fatbol de suspender el inicio del torneo femenino por el estado de los campos de juego&hellip;\" \/>\n<meta property=\"og:url\" content=\"https:\/\/diariotextual.com\/inicio\/index.php\/2021\/09\/06\/agrupacion-feminista-acusa-a-la-lcf-de-discriminar-a-las-mujeres\/\" \/>\n<meta property=\"og:site_name\" content=\"Diario Textual\" \/>\n<meta property=\"article:publisher\" content=\"https:\/\/www.facebook.com\/eltextual\" \/>\n<meta property=\"article:published_time\" content=\"2021-09-06T11:04:06+00:00\" \/>\n<meta property=\"article:modified_time\" content=\"2021-09-06T18:16:10+00:00\" \/>\n<meta property=\"og:image\" content=\"https:\/\/diariotextual.com\/inicio\/wp-content\/uploads\/2021\/09\/fubolfemeninoilustrativa.jpg\" \/>\n\t<meta property=\"og:image:width\" content=\"1024\" \/>\n\t<meta property=\"og:image:height\" content=\"513\" \/>\n\t<meta property=\"og:image:type\" content=\"image\/jpeg\" \/>\n<meta name=\"author\" content=\"diario5\" \/>\n<meta name=\"twitter:card\" content=\"summary_large_image\" \/>\n<meta name=\"twitter:creator\" content=\"@eltextual\" \/>\n<meta name=\"twitter:site\" content=\"@eltextual\" \/>\n<meta name=\"twitter:label1\" content=\"Escrito por\" \/>\n\t<meta name=\"twitter:data1\" content=\"diario5\" \/>\n\t<meta name=\"twitter:label2\" content=\"Tiempo de lectura\" \/>\n\t<meta name=\"twitter:data2\" content=\"2 minutos\" \/>\n<script type=\"application\/ld+json\" class=\"yoast-schema-graph\">{\"@context\":\"https:\\\/\\\/schema.org\",\"@graph\":[{\"@type\":\"Article\",\"@id\":\"https:\\\/\\\/diariotextual.com\\\/inicio\\\/index.php\\\/2021\\\/09\\\/06\\\/agrupacion-feminista-acusa-a-la-lcf-de-discriminar-a-las-mujeres\\\/#article\",\"isPartOf\":{\"@id\":\"https:\\\/\\\/diariotextual.com\\\/inicio\\\/index.php\\\/2021\\\/09\\\/06\\\/agrupacion-feminista-acusa-a-la-lcf-de-discriminar-a-las-mujeres\\\/\"},\"author\":{\"name\":\"diario5\",\"@id\":\"https:\\\/\\\/diariotextual.com\\\/inicio\\\/#\\\/schema\\\/person\\\/c7834961ad8b29b1d9cdbf4571299067\"},\"headline\":\"Agrupaci\u00f3n feminista acusa a la LCF de \u201cdiscriminar\u201d a las mujeres\",\"datePublished\":\"2021-09-06T11:04:06+00:00\",\"dateModified\":\"2021-09-06T18:16:10+00:00\",\"mainEntityOfPage\":{\"@id\":\"https:\\\/\\\/diariotextual.com\\\/inicio\\\/index.php\\\/2021\\\/09\\\/06\\\/agrupacion-feminista-acusa-a-la-lcf-de-discriminar-a-las-mujeres\\\/\"},\"wordCount\":513,\"publisher\":{\"@id\":\"https:\\\/\\\/diariotextual.com\\\/inicio\\\/#organization\"},\"image\":{\"@id\":\"https:\\\/\\\/diariotextual.com\\\/inicio\\\/index.php\\\/2021\\\/09\\\/06\\\/agrupacion-feminista-acusa-a-la-lcf-de-discriminar-a-las-mujeres\\\/#primaryimage\"},\"thumbnailUrl\":\"https:\\\/\\\/diariotextual.com\\\/inicio\\\/wp-content\\\/uploads\\\/2021\\\/09\\\/fubolfemeninoilustrativa.jpg\",\"keywords\":[\"discriminaci\u00f3n\",\"F\u00fatbol femenino\",\"liga cultural\"],\"articleSection\":[\"A - ES NOTICIA (van abajo)\",\"DEPORTES\"],\"inLanguage\":\"es\"},{\"@type\":\"WebPage\",\"@id\":\"https:\\\/\\\/diariotextual.com\\\/inicio\\\/index.php\\\/2021\\\/09\\\/06\\\/agrupacion-feminista-acusa-a-la-lcf-de-discriminar-a-las-mujeres\\\/\",\"url\":\"https:\\\/\\\/diariotextual.com\\\/inicio\\\/index.php\\\/2021\\\/09\\\/06\\\/agrupacion-feminista-acusa-a-la-lcf-de-discriminar-a-las-mujeres\\\/\",\"name\":\"Agrupaci\u00f3n feminista acusa a la LCF de \u201cdiscriminar\u201d a las mujeres - Diario Textual\",\"isPartOf\":{\"@id\":\"https:\\\/\\\/diariotextual.com\\\/inicio\\\/#website\"},\"primaryImageOfPage\":{\"@id\":\"https:\\\/\\\/diariotextual.com\\\/inicio\\\/index.php\\\/2021\\\/09\\\/06\\\/agrupacion-feminista-acusa-a-la-lcf-de-discriminar-a-las-mujeres\\\/#primaryimage\"},\"image\":{\"@id\":\"https:\\\/\\\/diariotextual.com\\\/inicio\\\/index.php\\\/2021\\\/09\\\/06\\\/agrupacion-feminista-acusa-a-la-lcf-de-discriminar-a-las-mujeres\\\/#primaryimage\"},\"thumbnailUrl\":\"https:\\\/\\\/diariotextual.com\\\/inicio\\\/wp-content\\\/uploads\\\/2021\\\/09\\\/fubolfemeninoilustrativa.jpg\",\"datePublished\":\"2021-09-06T11:04:06+00:00\",\"dateModified\":\"2021-09-06T18:16:10+00:00\",\"breadcrumb\":{\"@id\":\"https:\\\/\\\/diariotextual.com\\\/inicio\\\/index.php\\\/2021\\\/09\\\/06\\\/agrupacion-feminista-acusa-a-la-lcf-de-discriminar-a-las-mujeres\\\/#breadcrumb\"},\"inLanguage\":\"es\",\"potentialAction\":[{\"@type\":\"ReadAction\",\"target\":[\"https:\\\/\\\/diariotextual.com\\\/inicio\\\/index.php\\\/2021\\\/09\\\/06\\\/agrupacion-feminista-acusa-a-la-lcf-de-discriminar-a-las-mujeres\\\/\"]}]},{\"@type\":\"ImageObject\",\"inLanguage\":\"es\",\"@id\":\"https:\\\/\\\/diariotextual.com\\\/inicio\\\/index.php\\\/2021\\\/09\\\/06\\\/agrupacion-feminista-acusa-a-la-lcf-de-discriminar-a-las-mujeres\\\/#primaryimage\",\"url\":\"https:\\\/\\\/diariotextual.com\\\/inicio\\\/wp-content\\\/uploads\\\/2021\\\/09\\\/fubolfemeninoilustrativa.jpg\",\"contentUrl\":\"https:\\\/\\\/diariotextual.com\\\/inicio\\\/wp-content\\\/uploads\\\/2021\\\/09\\\/fubolfemeninoilustrativa.jpg\",\"width\":1024,\"height\":513,\"caption\":\"Digital composition of silhouette of woman playing with ball against sky background\"},{\"@type\":\"BreadcrumbList\",\"@id\":\"https:\\\/\\\/diariotextual.com\\\/inicio\\\/index.php\\\/2021\\\/09\\\/06\\\/agrupacion-feminista-acusa-a-la-lcf-de-discriminar-a-las-mujeres\\\/#breadcrumb\",\"itemListElement\":[{\"@type\":\"ListItem\",\"position\":1,\"name\":\"Portada\",\"item\":\"https:\\\/\\\/diariotextual.com\\\/inicio\\\/\"},{\"@type\":\"ListItem\",\"position\":2,\"name\":\"Agrupaci\u00f3n feminista acusa a la LCF de \u201cdiscriminar\u201d a las mujeres\"}]},{\"@type\":\"WebSite\",\"@id\":\"https:\\\/\\\/diariotextual.com\\\/inicio\\\/#website\",\"url\":\"https:\\\/\\\/diariotextual.com\\\/inicio\\\/\",\"name\":\"Diario Textual\",\"description\":\"\",\"publisher\":{\"@id\":\"https:\\\/\\\/diariotextual.com\\\/inicio\\\/#organization\"},\"potentialAction\":[{\"@type\":\"SearchAction\",\"target\":{\"@type\":\"EntryPoint\",\"urlTemplate\":\"https:\\\/\\\/diariotextual.com\\\/inicio\\\/?s={search_term_string}\"},\"query-input\":{\"@type\":\"PropertyValueSpecification\",\"valueRequired\":true,\"valueName\":\"search_term_string\"}}],\"inLanguage\":\"es\"},{\"@type\":\"Organization\",\"@id\":\"https:\\\/\\\/diariotextual.com\\\/inicio\\\/#organization\",\"name\":\"Diario Textual\",\"url\":\"https:\\\/\\\/diariotextual.com\\\/inicio\\\/\",\"logo\":{\"@type\":\"ImageObject\",\"inLanguage\":\"es\",\"@id\":\"https:\\\/\\\/diariotextual.com\\\/inicio\\\/#\\\/schema\\\/logo\\\/image\\\/\",\"url\":\"https:\\\/\\\/diariotextual.com\\\/inicio\\\/wp-content\\\/uploads\\\/2023\\\/05\\\/logotextual1.jpg\",\"contentUrl\":\"https:\\\/\\\/diariotextual.com\\\/inicio\\\/wp-content\\\/uploads\\\/2023\\\/05\\\/logotextual1.jpg\",\"width\":516,\"height\":76,\"caption\":\"Diario Textual\"},\"image\":{\"@id\":\"https:\\\/\\\/diariotextual.com\\\/inicio\\\/#\\\/schema\\\/logo\\\/image\\\/\"},\"sameAs\":[\"https:\\\/\\\/www.facebook.com\\\/eltextual\",\"https:\\\/\\\/x.com\\\/eltextual\",\"http:\\\/\\\/www.instagram.com\\\/eltextual\"]},{\"@type\":\"Person\",\"@id\":\"https:\\\/\\\/diariotextual.com\\\/inicio\\\/#\\\/schema\\\/person\\\/c7834961ad8b29b1d9cdbf4571299067\",\"name\":\"diario5\",\"image\":{\"@type\":\"ImageObject\",\"inLanguage\":\"es\",\"@id\":\"https:\\\/\\\/secure.gravatar.com\\\/avatar\\\/948c893b847ca6df68216ead81b63f363408ec9b0f600fefc0641ce78613b111?s=96&d=mm&r=g\",\"url\":\"https:\\\/\\\/secure.gravatar.com\\\/avatar\\\/948c893b847ca6df68216ead81b63f363408ec9b0f600fefc0641ce78613b111?s=96&d=mm&r=g\",\"contentUrl\":\"https:\\\/\\\/secure.gravatar.com\\\/avatar\\\/948c893b847ca6df68216ead81b63f363408ec9b0f600fefc0641ce78613b111?s=96&d=mm&r=g\",\"caption\":\"diario5\"},\"url\":\"https:\\\/\\\/diariotextual.com\\\/inicio\\\/index.php\\\/author\\\/diario5\\\/\"}]}<\/script>\n<!-- \/ Yoast SEO plugin. -->","yoast_head_json":{"title":"Agrupaci\u00f3n feminista acusa a la LCF de \u201cdiscriminar\u201d a las mujeres - Diario Textual","robots":{"index":"index","follow":"follow","max-snippet":"max-snippet:-1","max-image-preview":"max-image-preview:large","max-video-preview":"max-video-preview:-1"},"canonical":"https:\/\/diariotextual.com\/inicio\/index.php\/2021\/09\/06\/agrupacion-feminista-acusa-a-la-lcf-de-discriminar-a-las-mujeres\/","og_locale":"es_ES","og_type":"article","og_title":"Agrupaci\u00f3n feminista acusa a la LCF de \u201cdiscriminar\u201d a las mujeres - Diario Textual","og_description":"La agrupaci\u00f3n feminista Pan y Rosas cuestion\u00f3 la decisi\u00f3n de la Liga Cultural de F\u00fatbol de suspender el inicio del torneo femenino por el estado de los campos de juego&hellip;","og_url":"https:\/\/diariotextual.com\/inicio\/index.php\/2021\/09\/06\/agrupacion-feminista-acusa-a-la-lcf-de-discriminar-a-las-mujeres\/","og_site_name":"Diario Textual","article_publisher":"https:\/\/www.facebook.com\/eltextual","article_published_time":"2021-09-06T11:04:06+00:00","article_modified_time":"2021-09-06T18:16:10+00:00","og_image":[{"width":1024,"height":513,"url":"https:\/\/diariotextual.com\/inicio\/wp-content\/uploads\/2021\/09\/fubolfemeninoilustrativa.jpg","type":"image\/jpeg"}],"author":"diario5","twitter_card":"summary_large_image","twitter_creator":"@eltextual","twitter_site":"@eltextual","twitter_misc":{"Escrito por":"diario5","Tiempo de lectura":"2 minutos"},"schema":{"@context":"https:\/\/schema.org","@graph":[{"@type":"Article","@id":"https:\/\/diariotextual.com\/inicio\/index.php\/2021\/09\/06\/agrupacion-feminista-acusa-a-la-lcf-de-discriminar-a-las-mujeres\/#article","isPartOf":{"@id":"https:\/\/diariotextual.com\/inicio\/index.php\/2021\/09\/06\/agrupacion-feminista-acusa-a-la-lcf-de-discriminar-a-las-mujeres\/"},"author":{"name":"diario5","@id":"https:\/\/diariotextual.com\/inicio\/#\/schema\/person\/c7834961ad8b29b1d9cdbf4571299067"},"headline":"Agrupaci\u00f3n feminista acusa a la LCF de \u201cdiscriminar\u201d a las mujeres","datePublished":"2021-09-06T11:04:06+00:00","dateModified":"2021-09-06T18:16:10+00:00","mainEntityOfPage":{"@id":"https:\/\/diariotextual.com\/inicio\/index.php\/2021\/09\/06\/agrupacion-feminista-acusa-a-la-lcf-de-discriminar-a-las-mujeres\/"},"wordCount":513,"publisher":{"@id":"https:\/\/diariotextual.com\/inicio\/#organization"},"image":{"@id":"https:\/\/diariotextual.com\/inicio\/index.php\/2021\/09\/06\/agrupacion-feminista-acusa-a-la-lcf-de-discriminar-a-las-mujeres\/#primaryimage"},"thumbnailUrl":"https:\/\/diariotextual.com\/inicio\/wp-content\/uploads\/2021\/09\/fubolfemeninoilustrativa.jpg","keywords":["discriminaci\u00f3n","F\u00fatbol femenino","liga cultural"],"articleSection":["A - ES NOTICIA (van abajo)","DEPORTES"],"inLanguage":"es"},{"@type":"WebPage","@id":"https:\/\/diariotextual.com\/inicio\/index.php\/2021\/09\/06\/agrupacion-feminista-acusa-a-la-lcf-de-discriminar-a-las-mujeres\/","url":"https:\/\/diariotextual.com\/inicio\/index.php\/2021\/09\/06\/agrupacion-feminista-acusa-a-la-lcf-de-discriminar-a-las-mujeres\/","name":"Agrupaci\u00f3n feminista acusa a la LCF de \u201cdiscriminar\u201d a las mujeres - Diario Textual","isPartOf":{"@id":"https:\/\/diariotextual.com\/inicio\/#website"},"primaryImageOfPage":{"@id":"https:\/\/diariotextual.com\/inicio\/index.php\/2021\/09\/06\/agrupacion-feminista-acusa-a-la-lcf-de-discriminar-a-las-mujeres\/#primaryimage"},"image":{"@id":"https:\/\/diariotextual.com\/inicio\/index.php\/2021\/09\/06\/agrupacion-feminista-acusa-a-la-lcf-de-discriminar-a-las-mujeres\/#primaryimage"},"thumbnailUrl":"https:\/\/diariotextual.com\/inicio\/wp-content\/uploads\/2021\/09\/fubolfemeninoilustrativa.jpg","datePublished":"2021-09-06T11:04:06+00:00","dateModified":"2021-09-06T18:16:10+00:00","breadcrumb":{"@id":"https:\/\/diariotextual.com\/inicio\/index.php\/2021\/09\/06\/agrupacion-feminista-acusa-a-la-lcf-de-discriminar-a-las-mujeres\/#breadcrumb"},"inLanguage":"es","potentialAction":[{"@type":"ReadAction","target":["https:\/\/diariotextual.com\/inicio\/index.php\/2021\/09\/06\/agrupacion-feminista-acusa-a-la-lcf-de-discriminar-a-las-mujeres\/"]}]},{"@type":"ImageObject","inLanguage":"es","@id":"https:\/\/diariotextual.com\/inicio\/index.php\/2021\/09\/06\/agrupacion-feminista-acusa-a-la-lcf-de-discriminar-a-las-mujeres\/#primaryimage","url":"https:\/\/diariotextual.com\/inicio\/wp-content\/uploads\/2021\/09\/fubolfemeninoilustrativa.jpg","contentUrl":"https:\/\/diariotextual.com\/inicio\/wp-content\/uploads\/2021\/09\/fubolfemeninoilustrativa.jpg","width":1024,"height":513,"caption":"Digital composition of silhouette of woman playing with ball against sky background"},{"@type":"BreadcrumbList","@id":"https:\/\/diariotextual.com\/inicio\/index.php\/2021\/09\/06\/agrupacion-feminista-acusa-a-la-lcf-de-discriminar-a-las-mujeres\/#breadcrumb","itemListElement":[{"@type":"ListItem","position":1,"name":"Portada","item":"https:\/\/diariotextual.com\/inicio\/"},{"@type":"ListItem","position":2,"name":"Agrupaci\u00f3n feminista acusa a la LCF de \u201cdiscriminar\u201d a las mujeres"}]},{"@type":"WebSite","@id":"https:\/\/diariotextual.com\/inicio\/#website","url":"https:\/\/diariotextual.com\/inicio\/","name":"Diario Textual","description":"","publisher":{"@id":"https:\/\/diariotextual.com\/inicio\/#organization"},"potentialAction":[{"@type":"SearchAction","target":{"@type":"EntryPoint","urlTemplate":"https:\/\/diariotextual.com\/inicio\/?s={search_term_string}"},"query-input":{"@type":"PropertyValueSpecification","valueRequired":true,"valueName":"search_term_string"}}],"inLanguage":"es"},{"@type":"Organization","@id":"https:\/\/diariotextual.com\/inicio\/#organization","name":"Diario Textual","url":"https:\/\/diariotextual.com\/inicio\/","logo":{"@type":"ImageObject","inLanguage":"es","@id":"https:\/\/diariotextual.com\/inicio\/#\/schema\/logo\/image\/","url":"https:\/\/diariotextual.com\/inicio\/wp-content\/uploads\/2023\/05\/logotextual1.jpg","contentUrl":"https:\/\/diariotextual.com\/inicio\/wp-content\/uploads\/2023\/05\/logotextual1.jpg","width":516,"height":76,"caption":"Diario Textual"},"image":{"@id":"https:\/\/diariotextual.com\/inicio\/#\/schema\/logo\/image\/"},"sameAs":["https:\/\/www.facebook.com\/eltextual","https:\/\/x.com\/eltextual","http:\/\/www.instagram.com\/eltextual"]},{"@type":"Person","@id":"https:\/\/diariotextual.com\/inicio\/#\/schema\/person\/c7834961ad8b29b1d9cdbf4571299067","name":"diario5","image":{"@type":"ImageObject","inLanguage":"es","@id":"https:\/\/secure.gravatar.com\/avatar\/948c893b847ca6df68216ead81b63f363408ec9b0f600fefc0641ce78613b111?s=96&d=mm&r=g","url":"https:\/\/secure.gravatar.com\/avatar\/948c893b847ca6df68216ead81b63f363408ec9b0f600fefc0641ce78613b111?s=96&d=mm&r=g","contentUrl":"https:\/\/secure.gravatar.com\/avatar\/948c893b847ca6df68216ead81b63f363408ec9b0f600fefc0641ce78613b111?s=96&d=mm&r=g","caption":"diario5"},"url":"https:\/\/diariotextual.com\/inicio\/index.php\/author\/diario5\/"}]}},"_links":{"self":[{"href":"https:\/\/diariotextual.com\/inicio\/index.php\/wp-json\/wp\/v2\/posts\/160206","targetHints":{"allow":["GET"]}}],"collection":[{"href":"https:\/\/diariotextual.com\/inicio\/index.php\/wp-json\/wp\/v2\/posts"}],"about":[{"href":"https:\/\/diariotextual.com\/inicio\/index.php\/wp-json\/wp\/v2\/types\/post"}],"author":[{"embeddable":true,"href":"https:\/\/diariotextual.com\/inicio\/index.php\/wp-json\/wp\/v2\/users\/7"}],"replies":[{"embeddable":true,"href":"https:\/\/diariotextual.com\/inicio\/index.php\/wp-json\/wp\/v2\/comments?post=160206"}],"version-history":[{"count":3,"href":"https:\/\/diariotextual.com\/inicio\/index.php\/wp-json\/wp\/v2\/posts\/160206\/revisions"}],"predecessor-version":[{"id":160220,"href":"https:\/\/diariotextual.com\/inicio\/index.php\/wp-json\/wp\/v2\/posts\/160206\/revisions\/160220"}],"wp:featuredmedia":[{"embeddable":true,"href":"https:\/\/diariotextual.com\/inicio\/index.php\/wp-json\/wp\/v2\/media\/160208"}],"wp:attachment":[{"href":"https:\/\/diariotextual.com\/inicio\/index.php\/wp-json\/wp\/v2\/media?parent=160206"}],"wp:term":[{"taxonomy":"category","embeddable":true,"href":"https:\/\/diariotextual.com\/inicio\/index.php\/wp-json\/wp\/v2\/categories?post=160206"},{"taxonomy":"post_tag","embeddable":true,"href":"https:\/\/diariotextual.com\/inicio\/index.php\/wp-json\/wp\/v2\/tags?post=160206"}],"curies":[{"name":"wp","href":"https:\/\/api.w.org\/{rel}","templated":true}]}}