{"id":160221,"date":"2021-09-06T09:27:41","date_gmt":"2021-09-06T12:27:41","guid":{"rendered":"https:\/\/diariotextual.com\/inicio\/?p=160221"},"modified":"2021-09-06T09:55:56","modified_gmt":"2021-09-06T12:55:56","slug":"rechimont-presidente-de-la-lcf-no-hubo-ninguna-intencion-de-discriminacion","status":"publish","type":"post","link":"https:\/\/diariotextual.com\/inicio\/index.php\/2021\/09\/06\/rechimont-presidente-de-la-lcf-no-hubo-ninguna-intencion-de-discriminacion\/","title":{"rendered":"\u201cNo hubo ninguna intenci\u00f3n de discriminaci\u00f3n a las mujeres\u201d, dice la Liga Cultural"},"content":{"rendered":"\n<p>El presidente de la Liga Cultural de F\u00fatbol, <strong>Guillermo Rechimont<\/strong>, dijo este lunes que no hubo <strong>\u201cninguna intenci\u00f3n de discriminaci\u00f3n\u201d<\/strong> hacia las mujeres en la decisi\u00f3n de suspender el inicio del <strong>torneo femenino de f\u00fatbol.<\/strong> \u201cFue una cuesti\u00f3n de tiempo. Al clima no lo podemos manejar y se necesitaba tiempo para que las canchas se sequen. No hay nada raro\u201d, dijo.<\/p>\n\n\n\n<p>Rechimont habl\u00f3 p\u00fablicamente luego de que <strong><a href=\"https:\/\/diariotextual.com\/inicio\/index.php\/2021\/09\/06\/agrupacion-feminista-acusa-a-la-lcf-de-discriminar-a-las-mujeres\/\" target=\"_blank\" rel=\"noreferrer noopener\">las capitanas de los equipos de f\u00fatbol femenino y una agrupaci\u00f3n feminista acusaran a la LCF de \u201cdiscriminaci\u00f3n\u201d a las mujeres<\/a><\/strong> por la suspensi\u00f3n del torneo femenino, algo que no sucedi\u00f3 con la primera divisi\u00f3n de los varones. \u201cEs una clara&nbsp;discriminaci\u00f3n de g\u00e9nero\u201d, dispararon desde la agrupaci\u00f3n feminista Pan y Rosas.<\/p>\n\n\n\n<p>Rechimont habl\u00f3 este lunes en Radiokerm\u00e9s. \u201cEl s\u00e1bado llovi\u00f3 en demas\u00eda en la zona central de la liga. Se decidieron suspender los partidos que se jugaban el domingo temprano para preservar los campos. No es una cuesti\u00f3n de mujeres u hombres. Si no suspend\u00edamos los partidos que se jugaban m\u00e1s temprano no les d\u00e1bamos tiempo a los clubes para trabajar en las canchas. Se necesitaba tiempo para que salga el sol y se sequen los campos\u201d, explic\u00f3.<\/p>\n\n\n\n<p>\u201cTenemos que reprogramarlo. Es f\u00fatbol amateur. Vamos a charlar con los clubes para ver si pueden hacerlo o no. La idea es jugarlo entre semana\u201d, dijo.<\/p>\n\n\n\n<p>\u201cNo hay ninguna intenci\u00f3n de discriminaci\u00f3n. Fue una cuesti\u00f3n de tiempo. Al clima no lo podemos manejar y se necesitaban tiempo para que las canchas se sequen. No hay nada raro\u201d, agreg\u00f3.<\/p>\n","protected":false},"excerpt":{"rendered":"<p>El presidente de la Liga Cultural de F\u00fatbol, Guillermo Rechimont, dijo este lunes que no hubo \u201cninguna intenci\u00f3n de discriminaci\u00f3n\u201d hacia las mujeres en la decisi\u00f3n de suspender el inicio&hellip;<\/p>\n","protected":false},"author":7,"featured_media":160227,"comment_status":"closed","ping_status":"open","sticky":false,"template":"","format":"standard","meta":{"_acf_changed":false,"footnotes":""},"categories":[10,3],"tags":[],"class_list":["post-160221","post","type-post","status-publish","format-standard","has-post-thumbnail","hentry","category-portada-2","category-deportes"],"acf":[],"yoast_head":"<!-- This site is optimized with the Yoast SEO plugin v27.5 - https:\/\/yoast.com\/product\/yoast-seo-wordpress\/ -->\n<title>\u201cNo hubo ninguna intenci\u00f3n de discriminaci\u00f3n a las mujeres\u201d, dice la Liga Cultural - Diario Textual<\/title>\n<meta name=\"robots\" content=\"index, follow, max-snippet:-1, max-image-preview:large, max-video-preview:-1\" \/>\n<link rel=\"canonical\" href=\"https:\/\/diariotextual.com\/inicio\/index.php\/2021\/09\/06\/rechimont-presidente-de-la-lcf-no-hubo-ninguna-intencion-de-discriminacion\/\" \/>\n<meta property=\"og:locale\" content=\"es_ES\" \/>\n<meta property=\"og:type\" content=\"article\" \/>\n<meta property=\"og:title\" content=\"\u201cNo hubo ninguna intenci\u00f3n de discriminaci\u00f3n a las mujeres\u201d, dice la Liga Cultural - Diario Textual\" \/>\n<meta property=\"og:description\" content=\"El presidente de la Liga Cultural de F\u00fatbol, Guillermo Rechimont, dijo este lunes que no hubo \u201cninguna intenci\u00f3n de discriminaci\u00f3n\u201d hacia las mujeres en la decisi\u00f3n de suspender el inicio&hellip;\" \/>\n<meta property=\"og:url\" content=\"https:\/\/diariotextual.com\/inicio\/index.php\/2021\/09\/06\/rechimont-presidente-de-la-lcf-no-hubo-ninguna-intencion-de-discriminacion\/\" \/>\n<meta property=\"og:site_name\" content=\"Diario Textual\" \/>\n<meta property=\"article:publisher\" content=\"https:\/\/www.facebook.com\/eltextual\" \/>\n<meta property=\"article:published_time\" content=\"2021-09-06T12:27:41+00:00\" \/>\n<meta property=\"article:modified_time\" content=\"2021-09-06T12:55:56+00:00\" \/>\n<meta property=\"og:image\" content=\"https:\/\/diariotextual.com\/inicio\/wp-content\/uploads\/2021\/09\/rechimontguillermo.jpg\" \/>\n\t<meta property=\"og:image:width\" content=\"768\" \/>\n\t<meta property=\"og:image:height\" content=\"543\" \/>\n\t<meta property=\"og:image:type\" content=\"image\/jpeg\" \/>\n<meta name=\"author\" content=\"diario5\" \/>\n<meta name=\"twitter:card\" content=\"summary_large_image\" \/>\n<meta name=\"twitter:creator\" content=\"@eltextual\" \/>\n<meta name=\"twitter:site\" content=\"@eltextual\" \/>\n<meta name=\"twitter:label1\" content=\"Escrito por\" \/>\n\t<meta name=\"twitter:data1\" content=\"diario5\" \/>\n\t<meta name=\"twitter:label2\" content=\"Tiempo de lectura\" \/>\n\t<meta name=\"twitter:data2\" content=\"2 minutos\" \/>\n<script type=\"application\/ld+json\" class=\"yoast-schema-graph\">{\"@context\":\"https:\\\/\\\/schema.org\",\"@graph\":[{\"@type\":\"Article\",\"@id\":\"https:\\\/\\\/diariotextual.com\\\/inicio\\\/index.php\\\/2021\\\/09\\\/06\\\/rechimont-presidente-de-la-lcf-no-hubo-ninguna-intencion-de-discriminacion\\\/#article\",\"isPartOf\":{\"@id\":\"https:\\\/\\\/diariotextual.com\\\/inicio\\\/index.php\\\/2021\\\/09\\\/06\\\/rechimont-presidente-de-la-lcf-no-hubo-ninguna-intencion-de-discriminacion\\\/\"},\"author\":{\"name\":\"diario5\",\"@id\":\"https:\\\/\\\/diariotextual.com\\\/inicio\\\/#\\\/schema\\\/person\\\/c7834961ad8b29b1d9cdbf4571299067\"},\"headline\":\"\u201cNo hubo ninguna intenci\u00f3n de discriminaci\u00f3n a las mujeres\u201d, dice la Liga Cultural\",\"datePublished\":\"2021-09-06T12:27:41+00:00\",\"dateModified\":\"2021-09-06T12:55:56+00:00\",\"mainEntityOfPage\":{\"@id\":\"https:\\\/\\\/diariotextual.com\\\/inicio\\\/index.php\\\/2021\\\/09\\\/06\\\/rechimont-presidente-de-la-lcf-no-hubo-ninguna-intencion-de-discriminacion\\\/\"},\"wordCount\":296,\"publisher\":{\"@id\":\"https:\\\/\\\/diariotextual.com\\\/inicio\\\/#organization\"},\"image\":{\"@id\":\"https:\\\/\\\/diariotextual.com\\\/inicio\\\/index.php\\\/2021\\\/09\\\/06\\\/rechimont-presidente-de-la-lcf-no-hubo-ninguna-intencion-de-discriminacion\\\/#primaryimage\"},\"thumbnailUrl\":\"https:\\\/\\\/diariotextual.com\\\/inicio\\\/wp-content\\\/uploads\\\/2021\\\/09\\\/rechimontguillermo.jpg\",\"articleSection\":[\"A - PORTADA2\",\"DEPORTES\"],\"inLanguage\":\"es\"},{\"@type\":\"WebPage\",\"@id\":\"https:\\\/\\\/diariotextual.com\\\/inicio\\\/index.php\\\/2021\\\/09\\\/06\\\/rechimont-presidente-de-la-lcf-no-hubo-ninguna-intencion-de-discriminacion\\\/\",\"url\":\"https:\\\/\\\/diariotextual.com\\\/inicio\\\/index.php\\\/2021\\\/09\\\/06\\\/rechimont-presidente-de-la-lcf-no-hubo-ninguna-intencion-de-discriminacion\\\/\",\"name\":\"\u201cNo hubo ninguna intenci\u00f3n de discriminaci\u00f3n a las mujeres\u201d, dice la Liga Cultural - Diario Textual\",\"isPartOf\":{\"@id\":\"https:\\\/\\\/diariotextual.com\\\/inicio\\\/#website\"},\"primaryImageOfPage\":{\"@id\":\"https:\\\/\\\/diariotextual.com\\\/inicio\\\/index.php\\\/2021\\\/09\\\/06\\\/rechimont-presidente-de-la-lcf-no-hubo-ninguna-intencion-de-discriminacion\\\/#primaryimage\"},\"image\":{\"@id\":\"https:\\\/\\\/diariotextual.com\\\/inicio\\\/index.php\\\/2021\\\/09\\\/06\\\/rechimont-presidente-de-la-lcf-no-hubo-ninguna-intencion-de-discriminacion\\\/#primaryimage\"},\"thumbnailUrl\":\"https:\\\/\\\/diariotextual.com\\\/inicio\\\/wp-content\\\/uploads\\\/2021\\\/09\\\/rechimontguillermo.jpg\",\"datePublished\":\"2021-09-06T12:27:41+00:00\",\"dateModified\":\"2021-09-06T12:55:56+00:00\",\"breadcrumb\":{\"@id\":\"https:\\\/\\\/diariotextual.com\\\/inicio\\\/index.php\\\/2021\\\/09\\\/06\\\/rechimont-presidente-de-la-lcf-no-hubo-ninguna-intencion-de-discriminacion\\\/#breadcrumb\"},\"inLanguage\":\"es\",\"potentialAction\":[{\"@type\":\"ReadAction\",\"target\":[\"https:\\\/\\\/diariotextual.com\\\/inicio\\\/index.php\\\/2021\\\/09\\\/06\\\/rechimont-presidente-de-la-lcf-no-hubo-ninguna-intencion-de-discriminacion\\\/\"]}]},{\"@type\":\"ImageObject\",\"inLanguage\":\"es\",\"@id\":\"https:\\\/\\\/diariotextual.com\\\/inicio\\\/index.php\\\/2021\\\/09\\\/06\\\/rechimont-presidente-de-la-lcf-no-hubo-ninguna-intencion-de-discriminacion\\\/#primaryimage\",\"url\":\"https:\\\/\\\/diariotextual.com\\\/inicio\\\/wp-content\\\/uploads\\\/2021\\\/09\\\/rechimontguillermo.jpg\",\"contentUrl\":\"https:\\\/\\\/diariotextual.com\\\/inicio\\\/wp-content\\\/uploads\\\/2021\\\/09\\\/rechimontguillermo.jpg\",\"width\":768,\"height\":543},{\"@type\":\"BreadcrumbList\",\"@id\":\"https:\\\/\\\/diariotextual.com\\\/inicio\\\/index.php\\\/2021\\\/09\\\/06\\\/rechimont-presidente-de-la-lcf-no-hubo-ninguna-intencion-de-discriminacion\\\/#breadcrumb\",\"itemListElement\":[{\"@type\":\"ListItem\",\"position\":1,\"name\":\"Portada\",\"item\":\"https:\\\/\\\/diariotextual.com\\\/inicio\\\/\"},{\"@type\":\"ListItem\",\"position\":2,\"name\":\"\u201cNo hubo ninguna intenci\u00f3n de discriminaci\u00f3n a las mujeres\u201d, dice la Liga Cultural\"}]},{\"@type\":\"WebSite\",\"@id\":\"https:\\\/\\\/diariotextual.com\\\/inicio\\\/#website\",\"url\":\"https:\\\/\\\/diariotextual.com\\\/inicio\\\/\",\"name\":\"Diario Textual\",\"description\":\"\",\"publisher\":{\"@id\":\"https:\\\/\\\/diariotextual.com\\\/inicio\\\/#organization\"},\"potentialAction\":[{\"@type\":\"SearchAction\",\"target\":{\"@type\":\"EntryPoint\",\"urlTemplate\":\"https:\\\/\\\/diariotextual.com\\\/inicio\\\/?s={search_term_string}\"},\"query-input\":{\"@type\":\"PropertyValueSpecification\",\"valueRequired\":true,\"valueName\":\"search_term_string\"}}],\"inLanguage\":\"es\"},{\"@type\":\"Organization\",\"@id\":\"https:\\\/\\\/diariotextual.com\\\/inicio\\\/#organization\",\"name\":\"Diario Textual\",\"url\":\"https:\\\/\\\/diariotextual.com\\\/inicio\\\/\",\"logo\":{\"@type\":\"ImageObject\",\"inLanguage\":\"es\",\"@id\":\"https:\\\/\\\/diariotextual.com\\\/inicio\\\/#\\\/schema\\\/logo\\\/image\\\/\",\"url\":\"https:\\\/\\\/diariotextual.com\\\/inicio\\\/wp-content\\\/uploads\\\/2023\\\/05\\\/logotextual1.jpg\",\"contentUrl\":\"https:\\\/\\\/diariotextual.com\\\/inicio\\\/wp-content\\\/uploads\\\/2023\\\/05\\\/logotextual1.jpg\",\"width\":516,\"height\":76,\"caption\":\"Diario Textual\"},\"image\":{\"@id\":\"https:\\\/\\\/diariotextual.com\\\/inicio\\\/#\\\/schema\\\/logo\\\/image\\\/\"},\"sameAs\":[\"https:\\\/\\\/www.facebook.com\\\/eltextual\",\"https:\\\/\\\/x.com\\\/eltextual\",\"http:\\\/\\\/www.instagram.com\\\/eltextual\"]},{\"@type\":\"Person\",\"@id\":\"https:\\\/\\\/diariotextual.com\\\/inicio\\\/#\\\/schema\\\/person\\\/c7834961ad8b29b1d9cdbf4571299067\",\"name\":\"diario5\",\"image\":{\"@type\":\"ImageObject\",\"inLanguage\":\"es\",\"@id\":\"https:\\\/\\\/secure.gravatar.com\\\/avatar\\\/948c893b847ca6df68216ead81b63f363408ec9b0f600fefc0641ce78613b111?s=96&d=mm&r=g\",\"url\":\"https:\\\/\\\/secure.gravatar.com\\\/avatar\\\/948c893b847ca6df68216ead81b63f363408ec9b0f600fefc0641ce78613b111?s=96&d=mm&r=g\",\"contentUrl\":\"https:\\\/\\\/secure.gravatar.com\\\/avatar\\\/948c893b847ca6df68216ead81b63f363408ec9b0f600fefc0641ce78613b111?s=96&d=mm&r=g\",\"caption\":\"diario5\"},\"url\":\"https:\\\/\\\/diariotextual.com\\\/inicio\\\/index.php\\\/author\\\/diario5\\\/\"}]}<\/script>\n<!-- \/ Yoast SEO plugin. -->","yoast_head_json":{"title":"\u201cNo hubo ninguna intenci\u00f3n de discriminaci\u00f3n a las mujeres\u201d, dice la Liga Cultural - Diario Textual","robots":{"index":"index","follow":"follow","max-snippet":"max-snippet:-1","max-image-preview":"max-image-preview:large","max-video-preview":"max-video-preview:-1"},"canonical":"https:\/\/diariotextual.com\/inicio\/index.php\/2021\/09\/06\/rechimont-presidente-de-la-lcf-no-hubo-ninguna-intencion-de-discriminacion\/","og_locale":"es_ES","og_type":"article","og_title":"\u201cNo hubo ninguna intenci\u00f3n de discriminaci\u00f3n a las mujeres\u201d, dice la Liga Cultural - Diario Textual","og_description":"El presidente de la Liga Cultural de F\u00fatbol, Guillermo Rechimont, dijo este lunes que no hubo \u201cninguna intenci\u00f3n de discriminaci\u00f3n\u201d hacia las mujeres en la decisi\u00f3n de suspender el inicio&hellip;","og_url":"https:\/\/diariotextual.com\/inicio\/index.php\/2021\/09\/06\/rechimont-presidente-de-la-lcf-no-hubo-ninguna-intencion-de-discriminacion\/","og_site_name":"Diario Textual","article_publisher":"https:\/\/www.facebook.com\/eltextual","article_published_time":"2021-09-06T12:27:41+00:00","article_modified_time":"2021-09-06T12:55:56+00:00","og_image":[{"width":768,"height":543,"url":"https:\/\/diariotextual.com\/inicio\/wp-content\/uploads\/2021\/09\/rechimontguillermo.jpg","type":"image\/jpeg"}],"author":"diario5","twitter_card":"summary_large_image","twitter_creator":"@eltextual","twitter_site":"@eltextual","twitter_misc":{"Escrito por":"diario5","Tiempo de lectura":"2 minutos"},"schema":{"@context":"https:\/\/schema.org","@graph":[{"@type":"Article","@id":"https:\/\/diariotextual.com\/inicio\/index.php\/2021\/09\/06\/rechimont-presidente-de-la-lcf-no-hubo-ninguna-intencion-de-discriminacion\/#article","isPartOf":{"@id":"https:\/\/diariotextual.com\/inicio\/index.php\/2021\/09\/06\/rechimont-presidente-de-la-lcf-no-hubo-ninguna-intencion-de-discriminacion\/"},"author":{"name":"diario5","@id":"https:\/\/diariotextual.com\/inicio\/#\/schema\/person\/c7834961ad8b29b1d9cdbf4571299067"},"headline":"\u201cNo hubo ninguna intenci\u00f3n de discriminaci\u00f3n a las mujeres\u201d, dice la Liga Cultural","datePublished":"2021-09-06T12:27:41+00:00","dateModified":"2021-09-06T12:55:56+00:00","mainEntityOfPage":{"@id":"https:\/\/diariotextual.com\/inicio\/index.php\/2021\/09\/06\/rechimont-presidente-de-la-lcf-no-hubo-ninguna-intencion-de-discriminacion\/"},"wordCount":296,"publisher":{"@id":"https:\/\/diariotextual.com\/inicio\/#organization"},"image":{"@id":"https:\/\/diariotextual.com\/inicio\/index.php\/2021\/09\/06\/rechimont-presidente-de-la-lcf-no-hubo-ninguna-intencion-de-discriminacion\/#primaryimage"},"thumbnailUrl":"https:\/\/diariotextual.com\/inicio\/wp-content\/uploads\/2021\/09\/rechimontguillermo.jpg","articleSection":["A - PORTADA2","DEPORTES"],"inLanguage":"es"},{"@type":"WebPage","@id":"https:\/\/diariotextual.com\/inicio\/index.php\/2021\/09\/06\/rechimont-presidente-de-la-lcf-no-hubo-ninguna-intencion-de-discriminacion\/","url":"https:\/\/diariotextual.com\/inicio\/index.php\/2021\/09\/06\/rechimont-presidente-de-la-lcf-no-hubo-ninguna-intencion-de-discriminacion\/","name":"\u201cNo hubo ninguna intenci\u00f3n de discriminaci\u00f3n a las mujeres\u201d, dice la Liga Cultural - Diario Textual","isPartOf":{"@id":"https:\/\/diariotextual.com\/inicio\/#website"},"primaryImageOfPage":{"@id":"https:\/\/diariotextual.com\/inicio\/index.php\/2021\/09\/06\/rechimont-presidente-de-la-lcf-no-hubo-ninguna-intencion-de-discriminacion\/#primaryimage"},"image":{"@id":"https:\/\/diariotextual.com\/inicio\/index.php\/2021\/09\/06\/rechimont-presidente-de-la-lcf-no-hubo-ninguna-intencion-de-discriminacion\/#primaryimage"},"thumbnailUrl":"https:\/\/diariotextual.com\/inicio\/wp-content\/uploads\/2021\/09\/rechimontguillermo.jpg","datePublished":"2021-09-06T12:27:41+00:00","dateModified":"2021-09-06T12:55:56+00:00","breadcrumb":{"@id":"https:\/\/diariotextual.com\/inicio\/index.php\/2021\/09\/06\/rechimont-presidente-de-la-lcf-no-hubo-ninguna-intencion-de-discriminacion\/#breadcrumb"},"inLanguage":"es","potentialAction":[{"@type":"ReadAction","target":["https:\/\/diariotextual.com\/inicio\/index.php\/2021\/09\/06\/rechimont-presidente-de-la-lcf-no-hubo-ninguna-intencion-de-discriminacion\/"]}]},{"@type":"ImageObject","inLanguage":"es","@id":"https:\/\/diariotextual.com\/inicio\/index.php\/2021\/09\/06\/rechimont-presidente-de-la-lcf-no-hubo-ninguna-intencion-de-discriminacion\/#primaryimage","url":"https:\/\/diariotextual.com\/inicio\/wp-content\/uploads\/2021\/09\/rechimontguillermo.jpg","contentUrl":"https:\/\/diariotextual.com\/inicio\/wp-content\/uploads\/2021\/09\/rechimontguillermo.jpg","width":768,"height":543},{"@type":"BreadcrumbList","@id":"https:\/\/diariotextual.com\/inicio\/index.php\/2021\/09\/06\/rechimont-presidente-de-la-lcf-no-hubo-ninguna-intencion-de-discriminacion\/#breadcrumb","itemListElement":[{"@type":"ListItem","position":1,"name":"Portada","item":"https:\/\/diariotextual.com\/inicio\/"},{"@type":"ListItem","position":2,"name":"\u201cNo hubo ninguna intenci\u00f3n de discriminaci\u00f3n a las mujeres\u201d, dice la Liga Cultural"}]},{"@type":"WebSite","@id":"https:\/\/diariotextual.com\/inicio\/#website","url":"https:\/\/diariotextual.com\/inicio\/","name":"Diario Textual","description":"","publisher":{"@id":"https:\/\/diariotextual.com\/inicio\/#organization"},"potentialAction":[{"@type":"SearchAction","target":{"@type":"EntryPoint","urlTemplate":"https:\/\/diariotextual.com\/inicio\/?s={search_term_string}"},"query-input":{"@type":"PropertyValueSpecification","valueRequired":true,"valueName":"search_term_string"}}],"inLanguage":"es"},{"@type":"Organization","@id":"https:\/\/diariotextual.com\/inicio\/#organization","name":"Diario Textual","url":"https:\/\/diariotextual.com\/inicio\/","logo":{"@type":"ImageObject","inLanguage":"es","@id":"https:\/\/diariotextual.com\/inicio\/#\/schema\/logo\/image\/","url":"https:\/\/diariotextual.com\/inicio\/wp-content\/uploads\/2023\/05\/logotextual1.jpg","contentUrl":"https:\/\/diariotextual.com\/inicio\/wp-content\/uploads\/2023\/05\/logotextual1.jpg","width":516,"height":76,"caption":"Diario Textual"},"image":{"@id":"https:\/\/diariotextual.com\/inicio\/#\/schema\/logo\/image\/"},"sameAs":["https:\/\/www.facebook.com\/eltextual","https:\/\/x.com\/eltextual","http:\/\/www.instagram.com\/eltextual"]},{"@type":"Person","@id":"https:\/\/diariotextual.com\/inicio\/#\/schema\/person\/c7834961ad8b29b1d9cdbf4571299067","name":"diario5","image":{"@type":"ImageObject","inLanguage":"es","@id":"https:\/\/secure.gravatar.com\/avatar\/948c893b847ca6df68216ead81b63f363408ec9b0f600fefc0641ce78613b111?s=96&d=mm&r=g","url":"https:\/\/secure.gravatar.com\/avatar\/948c893b847ca6df68216ead81b63f363408ec9b0f600fefc0641ce78613b111?s=96&d=mm&r=g","contentUrl":"https:\/\/secure.gravatar.com\/avatar\/948c893b847ca6df68216ead81b63f363408ec9b0f600fefc0641ce78613b111?s=96&d=mm&r=g","caption":"diario5"},"url":"https:\/\/diariotextual.com\/inicio\/index.php\/author\/diario5\/"}]}},"_links":{"self":[{"href":"https:\/\/diariotextual.com\/inicio\/index.php\/wp-json\/wp\/v2\/posts\/160221","targetHints":{"allow":["GET"]}}],"collection":[{"href":"https:\/\/diariotextual.com\/inicio\/index.php\/wp-json\/wp\/v2\/posts"}],"about":[{"href":"https:\/\/diariotextual.com\/inicio\/index.php\/wp-json\/wp\/v2\/types\/post"}],"author":[{"embeddable":true,"href":"https:\/\/diariotextual.com\/inicio\/index.php\/wp-json\/wp\/v2\/users\/7"}],"replies":[{"embeddable":true,"href":"https:\/\/diariotextual.com\/inicio\/index.php\/wp-json\/wp\/v2\/comments?post=160221"}],"version-history":[{"count":3,"href":"https:\/\/diariotextual.com\/inicio\/index.php\/wp-json\/wp\/v2\/posts\/160221\/revisions"}],"predecessor-version":[{"id":160231,"href":"https:\/\/diariotextual.com\/inicio\/index.php\/wp-json\/wp\/v2\/posts\/160221\/revisions\/160231"}],"wp:featuredmedia":[{"embeddable":true,"href":"https:\/\/diariotextual.com\/inicio\/index.php\/wp-json\/wp\/v2\/media\/160227"}],"wp:attachment":[{"href":"https:\/\/diariotextual.com\/inicio\/index.php\/wp-json\/wp\/v2\/media?parent=160221"}],"wp:term":[{"taxonomy":"category","embeddable":true,"href":"https:\/\/diariotextual.com\/inicio\/index.php\/wp-json\/wp\/v2\/categories?post=160221"},{"taxonomy":"post_tag","embeddable":true,"href":"https:\/\/diariotextual.com\/inicio\/index.php\/wp-json\/wp\/v2\/tags?post=160221"}],"curies":[{"name":"wp","href":"https:\/\/api.w.org\/{rel}","templated":true}]}}