{"id":160230,"date":"2021-09-06T09:54:19","date_gmt":"2021-09-06T12:54:19","guid":{"rendered":"https:\/\/diariotextual.com\/inicio\/?p=160230"},"modified":"2021-09-06T14:37:36","modified_gmt":"2021-09-06T17:37:36","slug":"el-sempre-aumento-un-15-la-cuota-de-afiliados-adherentes","status":"publish","type":"post","link":"https:\/\/diariotextual.com\/inicio\/index.php\/2021\/09\/06\/el-sempre-aumento-un-15-la-cuota-de-afiliados-adherentes\/","title":{"rendered":"El Sempre aument\u00f3 un 15% la cuota de afiliados adherentes"},"content":{"rendered":"\n<p>El <strong>Sempre<\/strong> aplic\u00f3 un aumento del <strong>15% a los afiliados adherentes.<\/strong> La medida tiene vigencia desde el 1 de septiembre hasta el 31 de diciembre. <strong>\u201cEl incremento es similar a la suba de los salarios\u201d<\/strong>, dijo a Diario Textual el gerente de la obra social provincial,<strong> Jos\u00e9 Giacobbe.<\/strong><\/p>\n\n\n\n<p>El adherente es un afiliado que al menos por tres a\u00f1os tuvo la obra social por ser empleado, funcionario, hijo menor a cargo entre otros, y que al caer tal condici\u00f3n decidi\u00f3 voluntariamente mantener la misma como si fuera una especie de prepaga.<\/p>\n\n\n\n<p>Actualmente, seg\u00fan precis\u00f3 Giacobbe hay unos 3 mil adherentes. En septiembre del a\u00f1o pasado la obra social provincial aplic\u00f3 un incremento con el objetivo de que este subsector se equilibre para no afectar al resto de los afiliados naturales. \u201cAhora decidimos aplicar un 15% similar al incremento que tuvieron los salarios\u201d, dijo el gerente.<\/p>\n\n\n\n<p>En rigor, el incremento salarial acordado entre los gremios estatales y el Gobierno provincial fue del 14%, a pagar 7% en septiembre, 7% en noviembre y revisi\u00f3n de la pauta a fin de noviembre. <\/p>\n\n\n\n<p><strong>Nuevos valores <\/strong><\/p>\n\n\n\n<p>A partir del 1 de septiembre los nuevos valores son los siguientes:<\/p>\n\n\n\n<p>Grupo aportante <\/p>\n\n\n\n<p>-Directo $7490&nbsp;(titular de la obra social)<\/p>\n\n\n\n<p>-Voluntario $7490&nbsp;(hijos mayores, esposa\/concubina con aporte a otra obra social)<\/p>\n\n\n\n<p>-Indirecto obligatorio $6365&nbsp;(hijos menores, hijos mayores estudiantes, esposo\/concubino sin aporte a otra obra social).<\/p>\n","protected":false},"excerpt":{"rendered":"<p>El Sempre aplic\u00f3 un aumento del 15% a los afiliados adherentes. La medida tiene vigencia desde el 1 de septiembre hasta el 31 de diciembre. \u201cEl incremento es similar a&hellip;<\/p>\n","protected":false},"author":7,"featured_media":5571,"comment_status":"closed","ping_status":"open","sticky":false,"template":"","format":"standard","meta":{"_acf_changed":false,"footnotes":""},"categories":[10,12],"tags":[6036,66],"class_list":["post-160230","post","type-post","status-publish","format-standard","has-post-thumbnail","hentry","category-portada-2","category-sociedad","tag-afiliados-adherentes","tag-sempre"],"acf":[],"yoast_head":"<!-- This site is optimized with the Yoast SEO plugin v27.5 - https:\/\/yoast.com\/product\/yoast-seo-wordpress\/ -->\n<title>El Sempre aument\u00f3 un 15% la cuota de afiliados adherentes - Diario Textual<\/title>\n<meta name=\"robots\" content=\"index, follow, max-snippet:-1, max-image-preview:large, max-video-preview:-1\" \/>\n<link rel=\"canonical\" href=\"https:\/\/diariotextual.com\/inicio\/index.php\/2021\/09\/06\/el-sempre-aumento-un-15-la-cuota-de-afiliados-adherentes\/\" \/>\n<meta property=\"og:locale\" content=\"es_ES\" \/>\n<meta property=\"og:type\" content=\"article\" \/>\n<meta property=\"og:title\" content=\"El Sempre aument\u00f3 un 15% la cuota de afiliados adherentes - Diario Textual\" \/>\n<meta property=\"og:description\" content=\"El Sempre aplic\u00f3 un aumento del 15% a los afiliados adherentes. La medida tiene vigencia desde el 1 de septiembre hasta el 31 de diciembre. \u201cEl incremento es similar a&hellip;\" \/>\n<meta property=\"og:url\" content=\"https:\/\/diariotextual.com\/inicio\/index.php\/2021\/09\/06\/el-sempre-aumento-un-15-la-cuota-de-afiliados-adherentes\/\" \/>\n<meta property=\"og:site_name\" content=\"Diario Textual\" \/>\n<meta property=\"article:publisher\" content=\"https:\/\/www.facebook.com\/eltextual\" \/>\n<meta property=\"article:published_time\" content=\"2021-09-06T12:54:19+00:00\" \/>\n<meta property=\"article:modified_time\" content=\"2021-09-06T17:37:36+00:00\" \/>\n<meta property=\"og:image\" content=\"https:\/\/diariotextual.com\/inicio\/wp-content\/uploads\/2018\/04\/sempresede2016-1.jpg\" \/>\n\t<meta property=\"og:image:width\" content=\"668\" \/>\n\t<meta property=\"og:image:height\" content=\"450\" \/>\n\t<meta property=\"og:image:type\" content=\"image\/jpeg\" \/>\n<meta name=\"author\" content=\"diario5\" \/>\n<meta name=\"twitter:card\" content=\"summary_large_image\" \/>\n<meta name=\"twitter:creator\" content=\"@eltextual\" \/>\n<meta name=\"twitter:site\" content=\"@eltextual\" \/>\n<meta name=\"twitter:label1\" content=\"Escrito por\" \/>\n\t<meta name=\"twitter:data1\" content=\"diario5\" \/>\n\t<meta name=\"twitter:label2\" content=\"Tiempo de lectura\" \/>\n\t<meta name=\"twitter:data2\" content=\"1 minuto\" \/>\n<script type=\"application\/ld+json\" class=\"yoast-schema-graph\">{\"@context\":\"https:\\\/\\\/schema.org\",\"@graph\":[{\"@type\":\"Article\",\"@id\":\"https:\\\/\\\/diariotextual.com\\\/inicio\\\/index.php\\\/2021\\\/09\\\/06\\\/el-sempre-aumento-un-15-la-cuota-de-afiliados-adherentes\\\/#article\",\"isPartOf\":{\"@id\":\"https:\\\/\\\/diariotextual.com\\\/inicio\\\/index.php\\\/2021\\\/09\\\/06\\\/el-sempre-aumento-un-15-la-cuota-de-afiliados-adherentes\\\/\"},\"author\":{\"name\":\"diario5\",\"@id\":\"https:\\\/\\\/diariotextual.com\\\/inicio\\\/#\\\/schema\\\/person\\\/c7834961ad8b29b1d9cdbf4571299067\"},\"headline\":\"El Sempre aument\u00f3 un 15% la cuota de afiliados adherentes\",\"datePublished\":\"2021-09-06T12:54:19+00:00\",\"dateModified\":\"2021-09-06T17:37:36+00:00\",\"mainEntityOfPage\":{\"@id\":\"https:\\\/\\\/diariotextual.com\\\/inicio\\\/index.php\\\/2021\\\/09\\\/06\\\/el-sempre-aumento-un-15-la-cuota-de-afiliados-adherentes\\\/\"},\"wordCount\":235,\"publisher\":{\"@id\":\"https:\\\/\\\/diariotextual.com\\\/inicio\\\/#organization\"},\"image\":{\"@id\":\"https:\\\/\\\/diariotextual.com\\\/inicio\\\/index.php\\\/2021\\\/09\\\/06\\\/el-sempre-aumento-un-15-la-cuota-de-afiliados-adherentes\\\/#primaryimage\"},\"thumbnailUrl\":\"https:\\\/\\\/diariotextual.com\\\/inicio\\\/wp-content\\\/uploads\\\/2018\\\/04\\\/sempresede2016-1.jpg\",\"keywords\":[\"afiliados adherentes\",\"sempre\"],\"articleSection\":[\"A - PORTADA2\",\"SOCIEDAD\"],\"inLanguage\":\"es\"},{\"@type\":\"WebPage\",\"@id\":\"https:\\\/\\\/diariotextual.com\\\/inicio\\\/index.php\\\/2021\\\/09\\\/06\\\/el-sempre-aumento-un-15-la-cuota-de-afiliados-adherentes\\\/\",\"url\":\"https:\\\/\\\/diariotextual.com\\\/inicio\\\/index.php\\\/2021\\\/09\\\/06\\\/el-sempre-aumento-un-15-la-cuota-de-afiliados-adherentes\\\/\",\"name\":\"El Sempre aument\u00f3 un 15% la cuota de afiliados adherentes - Diario Textual\",\"isPartOf\":{\"@id\":\"https:\\\/\\\/diariotextual.com\\\/inicio\\\/#website\"},\"primaryImageOfPage\":{\"@id\":\"https:\\\/\\\/diariotextual.com\\\/inicio\\\/index.php\\\/2021\\\/09\\\/06\\\/el-sempre-aumento-un-15-la-cuota-de-afiliados-adherentes\\\/#primaryimage\"},\"image\":{\"@id\":\"https:\\\/\\\/diariotextual.com\\\/inicio\\\/index.php\\\/2021\\\/09\\\/06\\\/el-sempre-aumento-un-15-la-cuota-de-afiliados-adherentes\\\/#primaryimage\"},\"thumbnailUrl\":\"https:\\\/\\\/diariotextual.com\\\/inicio\\\/wp-content\\\/uploads\\\/2018\\\/04\\\/sempresede2016-1.jpg\",\"datePublished\":\"2021-09-06T12:54:19+00:00\",\"dateModified\":\"2021-09-06T17:37:36+00:00\",\"breadcrumb\":{\"@id\":\"https:\\\/\\\/diariotextual.com\\\/inicio\\\/index.php\\\/2021\\\/09\\\/06\\\/el-sempre-aumento-un-15-la-cuota-de-afiliados-adherentes\\\/#breadcrumb\"},\"inLanguage\":\"es\",\"potentialAction\":[{\"@type\":\"ReadAction\",\"target\":[\"https:\\\/\\\/diariotextual.com\\\/inicio\\\/index.php\\\/2021\\\/09\\\/06\\\/el-sempre-aumento-un-15-la-cuota-de-afiliados-adherentes\\\/\"]}]},{\"@type\":\"ImageObject\",\"inLanguage\":\"es\",\"@id\":\"https:\\\/\\\/diariotextual.com\\\/inicio\\\/index.php\\\/2021\\\/09\\\/06\\\/el-sempre-aumento-un-15-la-cuota-de-afiliados-adherentes\\\/#primaryimage\",\"url\":\"https:\\\/\\\/diariotextual.com\\\/inicio\\\/wp-content\\\/uploads\\\/2018\\\/04\\\/sempresede2016-1.jpg\",\"contentUrl\":\"https:\\\/\\\/diariotextual.com\\\/inicio\\\/wp-content\\\/uploads\\\/2018\\\/04\\\/sempresede2016-1.jpg\",\"width\":668,\"height\":450},{\"@type\":\"BreadcrumbList\",\"@id\":\"https:\\\/\\\/diariotextual.com\\\/inicio\\\/index.php\\\/2021\\\/09\\\/06\\\/el-sempre-aumento-un-15-la-cuota-de-afiliados-adherentes\\\/#breadcrumb\",\"itemListElement\":[{\"@type\":\"ListItem\",\"position\":1,\"name\":\"Portada\",\"item\":\"https:\\\/\\\/diariotextual.com\\\/inicio\\\/\"},{\"@type\":\"ListItem\",\"position\":2,\"name\":\"El Sempre aument\u00f3 un 15% la cuota de afiliados adherentes\"}]},{\"@type\":\"WebSite\",\"@id\":\"https:\\\/\\\/diariotextual.com\\\/inicio\\\/#website\",\"url\":\"https:\\\/\\\/diariotextual.com\\\/inicio\\\/\",\"name\":\"Diario Textual\",\"description\":\"\",\"publisher\":{\"@id\":\"https:\\\/\\\/diariotextual.com\\\/inicio\\\/#organization\"},\"potentialAction\":[{\"@type\":\"SearchAction\",\"target\":{\"@type\":\"EntryPoint\",\"urlTemplate\":\"https:\\\/\\\/diariotextual.com\\\/inicio\\\/?s={search_term_string}\"},\"query-input\":{\"@type\":\"PropertyValueSpecification\",\"valueRequired\":true,\"valueName\":\"search_term_string\"}}],\"inLanguage\":\"es\"},{\"@type\":\"Organization\",\"@id\":\"https:\\\/\\\/diariotextual.com\\\/inicio\\\/#organization\",\"name\":\"Diario Textual\",\"url\":\"https:\\\/\\\/diariotextual.com\\\/inicio\\\/\",\"logo\":{\"@type\":\"ImageObject\",\"inLanguage\":\"es\",\"@id\":\"https:\\\/\\\/diariotextual.com\\\/inicio\\\/#\\\/schema\\\/logo\\\/image\\\/\",\"url\":\"https:\\\/\\\/diariotextual.com\\\/inicio\\\/wp-content\\\/uploads\\\/2023\\\/05\\\/logotextual1.jpg\",\"contentUrl\":\"https:\\\/\\\/diariotextual.com\\\/inicio\\\/wp-content\\\/uploads\\\/2023\\\/05\\\/logotextual1.jpg\",\"width\":516,\"height\":76,\"caption\":\"Diario Textual\"},\"image\":{\"@id\":\"https:\\\/\\\/diariotextual.com\\\/inicio\\\/#\\\/schema\\\/logo\\\/image\\\/\"},\"sameAs\":[\"https:\\\/\\\/www.facebook.com\\\/eltextual\",\"https:\\\/\\\/x.com\\\/eltextual\",\"http:\\\/\\\/www.instagram.com\\\/eltextual\"]},{\"@type\":\"Person\",\"@id\":\"https:\\\/\\\/diariotextual.com\\\/inicio\\\/#\\\/schema\\\/person\\\/c7834961ad8b29b1d9cdbf4571299067\",\"name\":\"diario5\",\"image\":{\"@type\":\"ImageObject\",\"inLanguage\":\"es\",\"@id\":\"https:\\\/\\\/secure.gravatar.com\\\/avatar\\\/948c893b847ca6df68216ead81b63f363408ec9b0f600fefc0641ce78613b111?s=96&d=mm&r=g\",\"url\":\"https:\\\/\\\/secure.gravatar.com\\\/avatar\\\/948c893b847ca6df68216ead81b63f363408ec9b0f600fefc0641ce78613b111?s=96&d=mm&r=g\",\"contentUrl\":\"https:\\\/\\\/secure.gravatar.com\\\/avatar\\\/948c893b847ca6df68216ead81b63f363408ec9b0f600fefc0641ce78613b111?s=96&d=mm&r=g\",\"caption\":\"diario5\"},\"url\":\"https:\\\/\\\/diariotextual.com\\\/inicio\\\/index.php\\\/author\\\/diario5\\\/\"}]}<\/script>\n<!-- \/ Yoast SEO plugin. -->","yoast_head_json":{"title":"El Sempre aument\u00f3 un 15% la cuota de afiliados adherentes - Diario Textual","robots":{"index":"index","follow":"follow","max-snippet":"max-snippet:-1","max-image-preview":"max-image-preview:large","max-video-preview":"max-video-preview:-1"},"canonical":"https:\/\/diariotextual.com\/inicio\/index.php\/2021\/09\/06\/el-sempre-aumento-un-15-la-cuota-de-afiliados-adherentes\/","og_locale":"es_ES","og_type":"article","og_title":"El Sempre aument\u00f3 un 15% la cuota de afiliados adherentes - Diario Textual","og_description":"El Sempre aplic\u00f3 un aumento del 15% a los afiliados adherentes. La medida tiene vigencia desde el 1 de septiembre hasta el 31 de diciembre. \u201cEl incremento es similar a&hellip;","og_url":"https:\/\/diariotextual.com\/inicio\/index.php\/2021\/09\/06\/el-sempre-aumento-un-15-la-cuota-de-afiliados-adherentes\/","og_site_name":"Diario Textual","article_publisher":"https:\/\/www.facebook.com\/eltextual","article_published_time":"2021-09-06T12:54:19+00:00","article_modified_time":"2021-09-06T17:37:36+00:00","og_image":[{"width":668,"height":450,"url":"https:\/\/diariotextual.com\/inicio\/wp-content\/uploads\/2018\/04\/sempresede2016-1.jpg","type":"image\/jpeg"}],"author":"diario5","twitter_card":"summary_large_image","twitter_creator":"@eltextual","twitter_site":"@eltextual","twitter_misc":{"Escrito por":"diario5","Tiempo de lectura":"1 minuto"},"schema":{"@context":"https:\/\/schema.org","@graph":[{"@type":"Article","@id":"https:\/\/diariotextual.com\/inicio\/index.php\/2021\/09\/06\/el-sempre-aumento-un-15-la-cuota-de-afiliados-adherentes\/#article","isPartOf":{"@id":"https:\/\/diariotextual.com\/inicio\/index.php\/2021\/09\/06\/el-sempre-aumento-un-15-la-cuota-de-afiliados-adherentes\/"},"author":{"name":"diario5","@id":"https:\/\/diariotextual.com\/inicio\/#\/schema\/person\/c7834961ad8b29b1d9cdbf4571299067"},"headline":"El Sempre aument\u00f3 un 15% la cuota de afiliados adherentes","datePublished":"2021-09-06T12:54:19+00:00","dateModified":"2021-09-06T17:37:36+00:00","mainEntityOfPage":{"@id":"https:\/\/diariotextual.com\/inicio\/index.php\/2021\/09\/06\/el-sempre-aumento-un-15-la-cuota-de-afiliados-adherentes\/"},"wordCount":235,"publisher":{"@id":"https:\/\/diariotextual.com\/inicio\/#organization"},"image":{"@id":"https:\/\/diariotextual.com\/inicio\/index.php\/2021\/09\/06\/el-sempre-aumento-un-15-la-cuota-de-afiliados-adherentes\/#primaryimage"},"thumbnailUrl":"https:\/\/diariotextual.com\/inicio\/wp-content\/uploads\/2018\/04\/sempresede2016-1.jpg","keywords":["afiliados adherentes","sempre"],"articleSection":["A - PORTADA2","SOCIEDAD"],"inLanguage":"es"},{"@type":"WebPage","@id":"https:\/\/diariotextual.com\/inicio\/index.php\/2021\/09\/06\/el-sempre-aumento-un-15-la-cuota-de-afiliados-adherentes\/","url":"https:\/\/diariotextual.com\/inicio\/index.php\/2021\/09\/06\/el-sempre-aumento-un-15-la-cuota-de-afiliados-adherentes\/","name":"El Sempre aument\u00f3 un 15% la cuota de afiliados adherentes - Diario Textual","isPartOf":{"@id":"https:\/\/diariotextual.com\/inicio\/#website"},"primaryImageOfPage":{"@id":"https:\/\/diariotextual.com\/inicio\/index.php\/2021\/09\/06\/el-sempre-aumento-un-15-la-cuota-de-afiliados-adherentes\/#primaryimage"},"image":{"@id":"https:\/\/diariotextual.com\/inicio\/index.php\/2021\/09\/06\/el-sempre-aumento-un-15-la-cuota-de-afiliados-adherentes\/#primaryimage"},"thumbnailUrl":"https:\/\/diariotextual.com\/inicio\/wp-content\/uploads\/2018\/04\/sempresede2016-1.jpg","datePublished":"2021-09-06T12:54:19+00:00","dateModified":"2021-09-06T17:37:36+00:00","breadcrumb":{"@id":"https:\/\/diariotextual.com\/inicio\/index.php\/2021\/09\/06\/el-sempre-aumento-un-15-la-cuota-de-afiliados-adherentes\/#breadcrumb"},"inLanguage":"es","potentialAction":[{"@type":"ReadAction","target":["https:\/\/diariotextual.com\/inicio\/index.php\/2021\/09\/06\/el-sempre-aumento-un-15-la-cuota-de-afiliados-adherentes\/"]}]},{"@type":"ImageObject","inLanguage":"es","@id":"https:\/\/diariotextual.com\/inicio\/index.php\/2021\/09\/06\/el-sempre-aumento-un-15-la-cuota-de-afiliados-adherentes\/#primaryimage","url":"https:\/\/diariotextual.com\/inicio\/wp-content\/uploads\/2018\/04\/sempresede2016-1.jpg","contentUrl":"https:\/\/diariotextual.com\/inicio\/wp-content\/uploads\/2018\/04\/sempresede2016-1.jpg","width":668,"height":450},{"@type":"BreadcrumbList","@id":"https:\/\/diariotextual.com\/inicio\/index.php\/2021\/09\/06\/el-sempre-aumento-un-15-la-cuota-de-afiliados-adherentes\/#breadcrumb","itemListElement":[{"@type":"ListItem","position":1,"name":"Portada","item":"https:\/\/diariotextual.com\/inicio\/"},{"@type":"ListItem","position":2,"name":"El Sempre aument\u00f3 un 15% la cuota de afiliados adherentes"}]},{"@type":"WebSite","@id":"https:\/\/diariotextual.com\/inicio\/#website","url":"https:\/\/diariotextual.com\/inicio\/","name":"Diario Textual","description":"","publisher":{"@id":"https:\/\/diariotextual.com\/inicio\/#organization"},"potentialAction":[{"@type":"SearchAction","target":{"@type":"EntryPoint","urlTemplate":"https:\/\/diariotextual.com\/inicio\/?s={search_term_string}"},"query-input":{"@type":"PropertyValueSpecification","valueRequired":true,"valueName":"search_term_string"}}],"inLanguage":"es"},{"@type":"Organization","@id":"https:\/\/diariotextual.com\/inicio\/#organization","name":"Diario Textual","url":"https:\/\/diariotextual.com\/inicio\/","logo":{"@type":"ImageObject","inLanguage":"es","@id":"https:\/\/diariotextual.com\/inicio\/#\/schema\/logo\/image\/","url":"https:\/\/diariotextual.com\/inicio\/wp-content\/uploads\/2023\/05\/logotextual1.jpg","contentUrl":"https:\/\/diariotextual.com\/inicio\/wp-content\/uploads\/2023\/05\/logotextual1.jpg","width":516,"height":76,"caption":"Diario Textual"},"image":{"@id":"https:\/\/diariotextual.com\/inicio\/#\/schema\/logo\/image\/"},"sameAs":["https:\/\/www.facebook.com\/eltextual","https:\/\/x.com\/eltextual","http:\/\/www.instagram.com\/eltextual"]},{"@type":"Person","@id":"https:\/\/diariotextual.com\/inicio\/#\/schema\/person\/c7834961ad8b29b1d9cdbf4571299067","name":"diario5","image":{"@type":"ImageObject","inLanguage":"es","@id":"https:\/\/secure.gravatar.com\/avatar\/948c893b847ca6df68216ead81b63f363408ec9b0f600fefc0641ce78613b111?s=96&d=mm&r=g","url":"https:\/\/secure.gravatar.com\/avatar\/948c893b847ca6df68216ead81b63f363408ec9b0f600fefc0641ce78613b111?s=96&d=mm&r=g","contentUrl":"https:\/\/secure.gravatar.com\/avatar\/948c893b847ca6df68216ead81b63f363408ec9b0f600fefc0641ce78613b111?s=96&d=mm&r=g","caption":"diario5"},"url":"https:\/\/diariotextual.com\/inicio\/index.php\/author\/diario5\/"}]}},"_links":{"self":[{"href":"https:\/\/diariotextual.com\/inicio\/index.php\/wp-json\/wp\/v2\/posts\/160230","targetHints":{"allow":["GET"]}}],"collection":[{"href":"https:\/\/diariotextual.com\/inicio\/index.php\/wp-json\/wp\/v2\/posts"}],"about":[{"href":"https:\/\/diariotextual.com\/inicio\/index.php\/wp-json\/wp\/v2\/types\/post"}],"author":[{"embeddable":true,"href":"https:\/\/diariotextual.com\/inicio\/index.php\/wp-json\/wp\/v2\/users\/7"}],"replies":[{"embeddable":true,"href":"https:\/\/diariotextual.com\/inicio\/index.php\/wp-json\/wp\/v2\/comments?post=160230"}],"version-history":[{"count":2,"href":"https:\/\/diariotextual.com\/inicio\/index.php\/wp-json\/wp\/v2\/posts\/160230\/revisions"}],"predecessor-version":[{"id":160234,"href":"https:\/\/diariotextual.com\/inicio\/index.php\/wp-json\/wp\/v2\/posts\/160230\/revisions\/160234"}],"wp:featuredmedia":[{"embeddable":true,"href":"https:\/\/diariotextual.com\/inicio\/index.php\/wp-json\/wp\/v2\/media\/5571"}],"wp:attachment":[{"href":"https:\/\/diariotextual.com\/inicio\/index.php\/wp-json\/wp\/v2\/media?parent=160230"}],"wp:term":[{"taxonomy":"category","embeddable":true,"href":"https:\/\/diariotextual.com\/inicio\/index.php\/wp-json\/wp\/v2\/categories?post=160230"},{"taxonomy":"post_tag","embeddable":true,"href":"https:\/\/diariotextual.com\/inicio\/index.php\/wp-json\/wp\/v2\/tags?post=160230"}],"curies":[{"name":"wp","href":"https:\/\/api.w.org\/{rel}","templated":true}]}}