{"id":160319,"date":"2021-09-07T07:50:24","date_gmt":"2021-09-07T10:50:24","guid":{"rendered":"https:\/\/diariotextual.com\/inicio\/?p=160319"},"modified":"2021-09-07T09:23:42","modified_gmt":"2021-09-07T12:23:42","slug":"se-aprobo-la-presencia-de-publico-para-el-partido-entre-argentina-y-bolivia-por-eliminatorias","status":"publish","type":"post","link":"https:\/\/diariotextual.com\/inicio\/index.php\/2021\/09\/07\/se-aprobo-la-presencia-de-publico-para-el-partido-entre-argentina-y-bolivia-por-eliminatorias\/","title":{"rendered":"Se aprob\u00f3 la presencia de p\u00fablico para el partido entre Argentina y Bolivia por Eliminatorias"},"content":{"rendered":"\n<p>El seleccionado argentino de f\u00fatbol volver\u00e1 a jugar con p\u00fablico este jueves ante su par de Bolivia, por la d\u00e9cima fecha de <strong>Eliminatorias Sudamericanas rumbo a Qatar 2022, en lo que ser\u00e1 una \u00abprueba piloto\u00bb con la ocupaci\u00f3n del 30 por ciento del aforo del estadio Monumental, de River Plate<\/strong>, indic\u00f3 una publicaci\u00f3n del Bolet\u00edn Oficial replicada por AFA.<\/p>\n\n\n\n<p>Los detalles del protocolo a seguir por aquellas personas que concurran al estadio (unos 21.000 aproximadamente) con el autodiagn\u00f3stico actualizado de en la aplicaci\u00f3n Cuid.AR. el d\u00eda del partido, constan en los siguientes puntos:<\/p>\n\n\n\n<p>El cumplimiento de las medidas de prevenci\u00f3n deber\u00e1 ser estrictamente respetado. El incumpliendo y la persistencia del mismo ante la advertencia de personal de control y seguridad podr\u00e1 ser plausible de sanci\u00f3n (retiro del estadio)<\/p>\n\n\n\n<p>Uso permanente y correcto del barbijo, el cual debe cubrir la nariz, boca y ment\u00f3n, tanto dentro del estadio como en las inmediaciones del mismo, una vez que la persona se encuentre en el \u00e1rea definida por los anillos de control<\/p>\n\n\n\n<p>Se podr\u00e1 ingresar con toallas sanitizantes descartables, pero estar\u00e1 prohibido hacerlo con soluciones a base de alcohol en cualquiera de sus formulaciones<\/p>\n\n\n\n<p>Las personas o grupos de personas (m\u00e1ximo 5 por grupo) deber\u00e1n respetar el distanciamiento social dentro y fuera del estadio. Una vez dispuestos en los lugares asignados se solicitar\u00e1 que aguarden sentados el inicio del encuentro, que se mantengan as\u00ed durante todo el partido y que minimicen las instancias de desplazamiento, quedando supeditadas al ingreso a los sanitarios, como tambi\u00e9n para el ingreso y egreso del estadio.<\/p>\n\n\n\n<p>Todos los accesos destinados para el ingreso deber\u00e1n estar abiertos favoreciendo el ingreso y minimizando las instancias de aglomeraci\u00f3n<\/p>\n\n\n\n<p>En los puntos de ingreso deber\u00e1 presentarse la aplicaci\u00f3n CUIDAR, el DNI y la entrada para poder acceder a cada uno de los lugares asignados.<\/p>\n\n\n\n<p>En los diferentes puntos de acceso, principalmente los que se encuentran en el estadio, estar\u00e1 dispuesto personal de seguridad con dispositivos de soluciones sanitizantes que permitan la higiene de manos.<\/p>\n\n\n\n<p>En las afueras del estadio deber\u00e1n disponerse de anillos de ingreso con corredores establecidos que permitan el ordenamiento del p\u00fablico y la presentaci\u00f3n de la documentaci\u00f3n necesaria y evite las aglomeraciones de los concurrentes.<\/p>\n\n\n\n<p>Todos los sectores del estado deber\u00e1n ser debidamente higienizados y desinfectados antes y despu\u00e9s de la realizaci\u00f3n del encuentro (principalmente los sanitarios, que tambi\u00e9n deber\u00e1n ser desinfectados durante el desarrollo del partido).<\/p>\n\n\n\n<p>El ingreso a los sanitarios estar\u00e1 limitado a fin de evitar la aglomeraci\u00f3n de personas.<\/p>\n\n\n\n<p>El personal de seguridad y todo otro staff necesario para la operatoria del estadio deber\u00e1 estar correctamente identificado<\/p>\n\n\n\n<p>El \u00e1rea de aforo deber\u00e1 contener la se\u00f1alizaci\u00f3n adecuada que recuerde las condiciones y medidas de prevenci\u00f3n establecidas para el desarrollo del partido<\/p>\n\n\n\n<p>Solamente estar\u00e1 permitido la venta de agua potable embotellada dentro del estadio, no permiti\u00e9ndose el expendio de alimentos Para contribuir con las acciones de prevenci\u00f3n y adecuado desarrollo de la actividad se contar\u00e1 con asistencia de una persona de seguridad cada 50 personas del aforo.<\/p>\n\n\n\n<p>Habr\u00e1 se\u00f1al\u00e9tica dispuesta para recordar las medidas de prevenci\u00f3n y condiciones establecidas para el desarrollo del encuentro.<\/p>\n\n\n\n<p>La asistencia permanente de la voz del estadio servir\u00e1 para reforzar todas las instancias de cuidado.<\/p>\n\n\n\n<p>Finalmente la AFA, a trav\u00e9s del sitio web en el que hoy difundi\u00f3 el presente comunicado, har\u00e1 lo propio para establecer el mecanismo de adquisici\u00f3n de los tickets correspondientes.<\/p>\n","protected":false},"excerpt":{"rendered":"<p>El seleccionado argentino de f\u00fatbol volver\u00e1 a jugar con p\u00fablico este jueves ante su par de Bolivia, por la d\u00e9cima fecha de Eliminatorias Sudamericanas rumbo a Qatar 2022, en lo&hellip;<\/p>\n","protected":false},"author":4,"featured_media":134380,"comment_status":"closed","ping_status":"open","sticky":false,"template":"","format":"standard","meta":{"_acf_changed":false,"footnotes":""},"categories":[10,3],"tags":[],"class_list":["post-160319","post","type-post","status-publish","format-standard","has-post-thumbnail","hentry","category-portada-2","category-deportes"],"acf":[],"yoast_head":"<!-- This site is optimized with the Yoast SEO plugin v27.5 - https:\/\/yoast.com\/product\/yoast-seo-wordpress\/ -->\n<title>Se aprob\u00f3 la presencia de p\u00fablico para el partido entre Argentina y Bolivia por Eliminatorias - Diario Textual<\/title>\n<meta name=\"robots\" content=\"index, follow, max-snippet:-1, max-image-preview:large, max-video-preview:-1\" \/>\n<link rel=\"canonical\" href=\"https:\/\/diariotextual.com\/inicio\/index.php\/2021\/09\/07\/se-aprobo-la-presencia-de-publico-para-el-partido-entre-argentina-y-bolivia-por-eliminatorias\/\" \/>\n<meta property=\"og:locale\" content=\"es_ES\" \/>\n<meta property=\"og:type\" content=\"article\" \/>\n<meta property=\"og:title\" content=\"Se aprob\u00f3 la presencia de p\u00fablico para el partido entre Argentina y Bolivia por Eliminatorias - Diario Textual\" \/>\n<meta property=\"og:description\" content=\"El seleccionado argentino de f\u00fatbol volver\u00e1 a jugar con p\u00fablico este jueves ante su par de Bolivia, por la d\u00e9cima fecha de Eliminatorias Sudamericanas rumbo a Qatar 2022, en lo&hellip;\" \/>\n<meta property=\"og:url\" content=\"https:\/\/diariotextual.com\/inicio\/index.php\/2021\/09\/07\/se-aprobo-la-presencia-de-publico-para-el-partido-entre-argentina-y-bolivia-por-eliminatorias\/\" \/>\n<meta property=\"og:site_name\" content=\"Diario Textual\" \/>\n<meta property=\"article:publisher\" content=\"https:\/\/www.facebook.com\/eltextual\" \/>\n<meta property=\"article:published_time\" content=\"2021-09-07T10:50:24+00:00\" \/>\n<meta property=\"article:modified_time\" content=\"2021-09-07T12:23:42+00:00\" \/>\n<meta property=\"og:image\" content=\"https:\/\/diariotextual.com\/inicio\/wp-content\/uploads\/2021\/02\/monumentalrenovado-scaled.jpg\" \/>\n\t<meta property=\"og:image:width\" content=\"2560\" \/>\n\t<meta property=\"og:image:height\" content=\"1707\" \/>\n\t<meta property=\"og:image:type\" content=\"image\/jpeg\" \/>\n<meta name=\"author\" content=\"diario2\" \/>\n<meta name=\"twitter:card\" content=\"summary_large_image\" \/>\n<meta name=\"twitter:creator\" content=\"@eltextual\" \/>\n<meta name=\"twitter:site\" content=\"@eltextual\" \/>\n<meta name=\"twitter:label1\" content=\"Escrito por\" \/>\n\t<meta name=\"twitter:data1\" content=\"diario2\" \/>\n\t<meta name=\"twitter:label2\" content=\"Tiempo de lectura\" \/>\n\t<meta name=\"twitter:data2\" content=\"3 minutos\" \/>\n<script type=\"application\/ld+json\" class=\"yoast-schema-graph\">{\"@context\":\"https:\\\/\\\/schema.org\",\"@graph\":[{\"@type\":\"Article\",\"@id\":\"https:\\\/\\\/diariotextual.com\\\/inicio\\\/index.php\\\/2021\\\/09\\\/07\\\/se-aprobo-la-presencia-de-publico-para-el-partido-entre-argentina-y-bolivia-por-eliminatorias\\\/#article\",\"isPartOf\":{\"@id\":\"https:\\\/\\\/diariotextual.com\\\/inicio\\\/index.php\\\/2021\\\/09\\\/07\\\/se-aprobo-la-presencia-de-publico-para-el-partido-entre-argentina-y-bolivia-por-eliminatorias\\\/\"},\"author\":{\"name\":\"diario2\",\"@id\":\"https:\\\/\\\/diariotextual.com\\\/inicio\\\/#\\\/schema\\\/person\\\/694f60677f23c4a530867a98f22b3768\"},\"headline\":\"Se aprob\u00f3 la presencia de p\u00fablico para el partido entre Argentina y Bolivia por Eliminatorias\",\"datePublished\":\"2021-09-07T10:50:24+00:00\",\"dateModified\":\"2021-09-07T12:23:42+00:00\",\"mainEntityOfPage\":{\"@id\":\"https:\\\/\\\/diariotextual.com\\\/inicio\\\/index.php\\\/2021\\\/09\\\/07\\\/se-aprobo-la-presencia-de-publico-para-el-partido-entre-argentina-y-bolivia-por-eliminatorias\\\/\"},\"wordCount\":611,\"publisher\":{\"@id\":\"https:\\\/\\\/diariotextual.com\\\/inicio\\\/#organization\"},\"image\":{\"@id\":\"https:\\\/\\\/diariotextual.com\\\/inicio\\\/index.php\\\/2021\\\/09\\\/07\\\/se-aprobo-la-presencia-de-publico-para-el-partido-entre-argentina-y-bolivia-por-eliminatorias\\\/#primaryimage\"},\"thumbnailUrl\":\"https:\\\/\\\/diariotextual.com\\\/inicio\\\/wp-content\\\/uploads\\\/2021\\\/02\\\/monumentalrenovado-scaled.jpg\",\"articleSection\":[\"A - PORTADA2\",\"DEPORTES\"],\"inLanguage\":\"es\"},{\"@type\":\"WebPage\",\"@id\":\"https:\\\/\\\/diariotextual.com\\\/inicio\\\/index.php\\\/2021\\\/09\\\/07\\\/se-aprobo-la-presencia-de-publico-para-el-partido-entre-argentina-y-bolivia-por-eliminatorias\\\/\",\"url\":\"https:\\\/\\\/diariotextual.com\\\/inicio\\\/index.php\\\/2021\\\/09\\\/07\\\/se-aprobo-la-presencia-de-publico-para-el-partido-entre-argentina-y-bolivia-por-eliminatorias\\\/\",\"name\":\"Se aprob\u00f3 la presencia de p\u00fablico para el partido entre Argentina y Bolivia por Eliminatorias - Diario Textual\",\"isPartOf\":{\"@id\":\"https:\\\/\\\/diariotextual.com\\\/inicio\\\/#website\"},\"primaryImageOfPage\":{\"@id\":\"https:\\\/\\\/diariotextual.com\\\/inicio\\\/index.php\\\/2021\\\/09\\\/07\\\/se-aprobo-la-presencia-de-publico-para-el-partido-entre-argentina-y-bolivia-por-eliminatorias\\\/#primaryimage\"},\"image\":{\"@id\":\"https:\\\/\\\/diariotextual.com\\\/inicio\\\/index.php\\\/2021\\\/09\\\/07\\\/se-aprobo-la-presencia-de-publico-para-el-partido-entre-argentina-y-bolivia-por-eliminatorias\\\/#primaryimage\"},\"thumbnailUrl\":\"https:\\\/\\\/diariotextual.com\\\/inicio\\\/wp-content\\\/uploads\\\/2021\\\/02\\\/monumentalrenovado-scaled.jpg\",\"datePublished\":\"2021-09-07T10:50:24+00:00\",\"dateModified\":\"2021-09-07T12:23:42+00:00\",\"breadcrumb\":{\"@id\":\"https:\\\/\\\/diariotextual.com\\\/inicio\\\/index.php\\\/2021\\\/09\\\/07\\\/se-aprobo-la-presencia-de-publico-para-el-partido-entre-argentina-y-bolivia-por-eliminatorias\\\/#breadcrumb\"},\"inLanguage\":\"es\",\"potentialAction\":[{\"@type\":\"ReadAction\",\"target\":[\"https:\\\/\\\/diariotextual.com\\\/inicio\\\/index.php\\\/2021\\\/09\\\/07\\\/se-aprobo-la-presencia-de-publico-para-el-partido-entre-argentina-y-bolivia-por-eliminatorias\\\/\"]}]},{\"@type\":\"ImageObject\",\"inLanguage\":\"es\",\"@id\":\"https:\\\/\\\/diariotextual.com\\\/inicio\\\/index.php\\\/2021\\\/09\\\/07\\\/se-aprobo-la-presencia-de-publico-para-el-partido-entre-argentina-y-bolivia-por-eliminatorias\\\/#primaryimage\",\"url\":\"https:\\\/\\\/diariotextual.com\\\/inicio\\\/wp-content\\\/uploads\\\/2021\\\/02\\\/monumentalrenovado-scaled.jpg\",\"contentUrl\":\"https:\\\/\\\/diariotextual.com\\\/inicio\\\/wp-content\\\/uploads\\\/2021\\\/02\\\/monumentalrenovado-scaled.jpg\",\"width\":2560,\"height\":1707},{\"@type\":\"BreadcrumbList\",\"@id\":\"https:\\\/\\\/diariotextual.com\\\/inicio\\\/index.php\\\/2021\\\/09\\\/07\\\/se-aprobo-la-presencia-de-publico-para-el-partido-entre-argentina-y-bolivia-por-eliminatorias\\\/#breadcrumb\",\"itemListElement\":[{\"@type\":\"ListItem\",\"position\":1,\"name\":\"Portada\",\"item\":\"https:\\\/\\\/diariotextual.com\\\/inicio\\\/\"},{\"@type\":\"ListItem\",\"position\":2,\"name\":\"Se aprob\u00f3 la presencia de p\u00fablico para el partido entre Argentina y Bolivia por Eliminatorias\"}]},{\"@type\":\"WebSite\",\"@id\":\"https:\\\/\\\/diariotextual.com\\\/inicio\\\/#website\",\"url\":\"https:\\\/\\\/diariotextual.com\\\/inicio\\\/\",\"name\":\"Diario Textual\",\"description\":\"\",\"publisher\":{\"@id\":\"https:\\\/\\\/diariotextual.com\\\/inicio\\\/#organization\"},\"potentialAction\":[{\"@type\":\"SearchAction\",\"target\":{\"@type\":\"EntryPoint\",\"urlTemplate\":\"https:\\\/\\\/diariotextual.com\\\/inicio\\\/?s={search_term_string}\"},\"query-input\":{\"@type\":\"PropertyValueSpecification\",\"valueRequired\":true,\"valueName\":\"search_term_string\"}}],\"inLanguage\":\"es\"},{\"@type\":\"Organization\",\"@id\":\"https:\\\/\\\/diariotextual.com\\\/inicio\\\/#organization\",\"name\":\"Diario Textual\",\"url\":\"https:\\\/\\\/diariotextual.com\\\/inicio\\\/\",\"logo\":{\"@type\":\"ImageObject\",\"inLanguage\":\"es\",\"@id\":\"https:\\\/\\\/diariotextual.com\\\/inicio\\\/#\\\/schema\\\/logo\\\/image\\\/\",\"url\":\"https:\\\/\\\/diariotextual.com\\\/inicio\\\/wp-content\\\/uploads\\\/2023\\\/05\\\/logotextual1.jpg\",\"contentUrl\":\"https:\\\/\\\/diariotextual.com\\\/inicio\\\/wp-content\\\/uploads\\\/2023\\\/05\\\/logotextual1.jpg\",\"width\":516,\"height\":76,\"caption\":\"Diario Textual\"},\"image\":{\"@id\":\"https:\\\/\\\/diariotextual.com\\\/inicio\\\/#\\\/schema\\\/logo\\\/image\\\/\"},\"sameAs\":[\"https:\\\/\\\/www.facebook.com\\\/eltextual\",\"https:\\\/\\\/x.com\\\/eltextual\",\"http:\\\/\\\/www.instagram.com\\\/eltextual\"]},{\"@type\":\"Person\",\"@id\":\"https:\\\/\\\/diariotextual.com\\\/inicio\\\/#\\\/schema\\\/person\\\/694f60677f23c4a530867a98f22b3768\",\"name\":\"diario2\",\"image\":{\"@type\":\"ImageObject\",\"inLanguage\":\"es\",\"@id\":\"https:\\\/\\\/secure.gravatar.com\\\/avatar\\\/5a2567495ba16b852fcd8f1ed006a2e24fcace936018ed8237e95f488ad6e0a7?s=96&d=mm&r=g\",\"url\":\"https:\\\/\\\/secure.gravatar.com\\\/avatar\\\/5a2567495ba16b852fcd8f1ed006a2e24fcace936018ed8237e95f488ad6e0a7?s=96&d=mm&r=g\",\"contentUrl\":\"https:\\\/\\\/secure.gravatar.com\\\/avatar\\\/5a2567495ba16b852fcd8f1ed006a2e24fcace936018ed8237e95f488ad6e0a7?s=96&d=mm&r=g\",\"caption\":\"diario2\"},\"url\":\"https:\\\/\\\/diariotextual.com\\\/inicio\\\/index.php\\\/author\\\/diario2\\\/\"}]}<\/script>\n<!-- \/ Yoast SEO plugin. -->","yoast_head_json":{"title":"Se aprob\u00f3 la presencia de p\u00fablico para el partido entre Argentina y Bolivia por Eliminatorias - Diario Textual","robots":{"index":"index","follow":"follow","max-snippet":"max-snippet:-1","max-image-preview":"max-image-preview:large","max-video-preview":"max-video-preview:-1"},"canonical":"https:\/\/diariotextual.com\/inicio\/index.php\/2021\/09\/07\/se-aprobo-la-presencia-de-publico-para-el-partido-entre-argentina-y-bolivia-por-eliminatorias\/","og_locale":"es_ES","og_type":"article","og_title":"Se aprob\u00f3 la presencia de p\u00fablico para el partido entre Argentina y Bolivia por Eliminatorias - Diario Textual","og_description":"El seleccionado argentino de f\u00fatbol volver\u00e1 a jugar con p\u00fablico este jueves ante su par de Bolivia, por la d\u00e9cima fecha de Eliminatorias Sudamericanas rumbo a Qatar 2022, en lo&hellip;","og_url":"https:\/\/diariotextual.com\/inicio\/index.php\/2021\/09\/07\/se-aprobo-la-presencia-de-publico-para-el-partido-entre-argentina-y-bolivia-por-eliminatorias\/","og_site_name":"Diario Textual","article_publisher":"https:\/\/www.facebook.com\/eltextual","article_published_time":"2021-09-07T10:50:24+00:00","article_modified_time":"2021-09-07T12:23:42+00:00","og_image":[{"width":2560,"height":1707,"url":"https:\/\/diariotextual.com\/inicio\/wp-content\/uploads\/2021\/02\/monumentalrenovado-scaled.jpg","type":"image\/jpeg"}],"author":"diario2","twitter_card":"summary_large_image","twitter_creator":"@eltextual","twitter_site":"@eltextual","twitter_misc":{"Escrito por":"diario2","Tiempo de lectura":"3 minutos"},"schema":{"@context":"https:\/\/schema.org","@graph":[{"@type":"Article","@id":"https:\/\/diariotextual.com\/inicio\/index.php\/2021\/09\/07\/se-aprobo-la-presencia-de-publico-para-el-partido-entre-argentina-y-bolivia-por-eliminatorias\/#article","isPartOf":{"@id":"https:\/\/diariotextual.com\/inicio\/index.php\/2021\/09\/07\/se-aprobo-la-presencia-de-publico-para-el-partido-entre-argentina-y-bolivia-por-eliminatorias\/"},"author":{"name":"diario2","@id":"https:\/\/diariotextual.com\/inicio\/#\/schema\/person\/694f60677f23c4a530867a98f22b3768"},"headline":"Se aprob\u00f3 la presencia de p\u00fablico para el partido entre Argentina y Bolivia por Eliminatorias","datePublished":"2021-09-07T10:50:24+00:00","dateModified":"2021-09-07T12:23:42+00:00","mainEntityOfPage":{"@id":"https:\/\/diariotextual.com\/inicio\/index.php\/2021\/09\/07\/se-aprobo-la-presencia-de-publico-para-el-partido-entre-argentina-y-bolivia-por-eliminatorias\/"},"wordCount":611,"publisher":{"@id":"https:\/\/diariotextual.com\/inicio\/#organization"},"image":{"@id":"https:\/\/diariotextual.com\/inicio\/index.php\/2021\/09\/07\/se-aprobo-la-presencia-de-publico-para-el-partido-entre-argentina-y-bolivia-por-eliminatorias\/#primaryimage"},"thumbnailUrl":"https:\/\/diariotextual.com\/inicio\/wp-content\/uploads\/2021\/02\/monumentalrenovado-scaled.jpg","articleSection":["A - PORTADA2","DEPORTES"],"inLanguage":"es"},{"@type":"WebPage","@id":"https:\/\/diariotextual.com\/inicio\/index.php\/2021\/09\/07\/se-aprobo-la-presencia-de-publico-para-el-partido-entre-argentina-y-bolivia-por-eliminatorias\/","url":"https:\/\/diariotextual.com\/inicio\/index.php\/2021\/09\/07\/se-aprobo-la-presencia-de-publico-para-el-partido-entre-argentina-y-bolivia-por-eliminatorias\/","name":"Se aprob\u00f3 la presencia de p\u00fablico para el partido entre Argentina y Bolivia por Eliminatorias - Diario Textual","isPartOf":{"@id":"https:\/\/diariotextual.com\/inicio\/#website"},"primaryImageOfPage":{"@id":"https:\/\/diariotextual.com\/inicio\/index.php\/2021\/09\/07\/se-aprobo-la-presencia-de-publico-para-el-partido-entre-argentina-y-bolivia-por-eliminatorias\/#primaryimage"},"image":{"@id":"https:\/\/diariotextual.com\/inicio\/index.php\/2021\/09\/07\/se-aprobo-la-presencia-de-publico-para-el-partido-entre-argentina-y-bolivia-por-eliminatorias\/#primaryimage"},"thumbnailUrl":"https:\/\/diariotextual.com\/inicio\/wp-content\/uploads\/2021\/02\/monumentalrenovado-scaled.jpg","datePublished":"2021-09-07T10:50:24+00:00","dateModified":"2021-09-07T12:23:42+00:00","breadcrumb":{"@id":"https:\/\/diariotextual.com\/inicio\/index.php\/2021\/09\/07\/se-aprobo-la-presencia-de-publico-para-el-partido-entre-argentina-y-bolivia-por-eliminatorias\/#breadcrumb"},"inLanguage":"es","potentialAction":[{"@type":"ReadAction","target":["https:\/\/diariotextual.com\/inicio\/index.php\/2021\/09\/07\/se-aprobo-la-presencia-de-publico-para-el-partido-entre-argentina-y-bolivia-por-eliminatorias\/"]}]},{"@type":"ImageObject","inLanguage":"es","@id":"https:\/\/diariotextual.com\/inicio\/index.php\/2021\/09\/07\/se-aprobo-la-presencia-de-publico-para-el-partido-entre-argentina-y-bolivia-por-eliminatorias\/#primaryimage","url":"https:\/\/diariotextual.com\/inicio\/wp-content\/uploads\/2021\/02\/monumentalrenovado-scaled.jpg","contentUrl":"https:\/\/diariotextual.com\/inicio\/wp-content\/uploads\/2021\/02\/monumentalrenovado-scaled.jpg","width":2560,"height":1707},{"@type":"BreadcrumbList","@id":"https:\/\/diariotextual.com\/inicio\/index.php\/2021\/09\/07\/se-aprobo-la-presencia-de-publico-para-el-partido-entre-argentina-y-bolivia-por-eliminatorias\/#breadcrumb","itemListElement":[{"@type":"ListItem","position":1,"name":"Portada","item":"https:\/\/diariotextual.com\/inicio\/"},{"@type":"ListItem","position":2,"name":"Se aprob\u00f3 la presencia de p\u00fablico para el partido entre Argentina y Bolivia por Eliminatorias"}]},{"@type":"WebSite","@id":"https:\/\/diariotextual.com\/inicio\/#website","url":"https:\/\/diariotextual.com\/inicio\/","name":"Diario Textual","description":"","publisher":{"@id":"https:\/\/diariotextual.com\/inicio\/#organization"},"potentialAction":[{"@type":"SearchAction","target":{"@type":"EntryPoint","urlTemplate":"https:\/\/diariotextual.com\/inicio\/?s={search_term_string}"},"query-input":{"@type":"PropertyValueSpecification","valueRequired":true,"valueName":"search_term_string"}}],"inLanguage":"es"},{"@type":"Organization","@id":"https:\/\/diariotextual.com\/inicio\/#organization","name":"Diario Textual","url":"https:\/\/diariotextual.com\/inicio\/","logo":{"@type":"ImageObject","inLanguage":"es","@id":"https:\/\/diariotextual.com\/inicio\/#\/schema\/logo\/image\/","url":"https:\/\/diariotextual.com\/inicio\/wp-content\/uploads\/2023\/05\/logotextual1.jpg","contentUrl":"https:\/\/diariotextual.com\/inicio\/wp-content\/uploads\/2023\/05\/logotextual1.jpg","width":516,"height":76,"caption":"Diario Textual"},"image":{"@id":"https:\/\/diariotextual.com\/inicio\/#\/schema\/logo\/image\/"},"sameAs":["https:\/\/www.facebook.com\/eltextual","https:\/\/x.com\/eltextual","http:\/\/www.instagram.com\/eltextual"]},{"@type":"Person","@id":"https:\/\/diariotextual.com\/inicio\/#\/schema\/person\/694f60677f23c4a530867a98f22b3768","name":"diario2","image":{"@type":"ImageObject","inLanguage":"es","@id":"https:\/\/secure.gravatar.com\/avatar\/5a2567495ba16b852fcd8f1ed006a2e24fcace936018ed8237e95f488ad6e0a7?s=96&d=mm&r=g","url":"https:\/\/secure.gravatar.com\/avatar\/5a2567495ba16b852fcd8f1ed006a2e24fcace936018ed8237e95f488ad6e0a7?s=96&d=mm&r=g","contentUrl":"https:\/\/secure.gravatar.com\/avatar\/5a2567495ba16b852fcd8f1ed006a2e24fcace936018ed8237e95f488ad6e0a7?s=96&d=mm&r=g","caption":"diario2"},"url":"https:\/\/diariotextual.com\/inicio\/index.php\/author\/diario2\/"}]}},"_links":{"self":[{"href":"https:\/\/diariotextual.com\/inicio\/index.php\/wp-json\/wp\/v2\/posts\/160319","targetHints":{"allow":["GET"]}}],"collection":[{"href":"https:\/\/diariotextual.com\/inicio\/index.php\/wp-json\/wp\/v2\/posts"}],"about":[{"href":"https:\/\/diariotextual.com\/inicio\/index.php\/wp-json\/wp\/v2\/types\/post"}],"author":[{"embeddable":true,"href":"https:\/\/diariotextual.com\/inicio\/index.php\/wp-json\/wp\/v2\/users\/4"}],"replies":[{"embeddable":true,"href":"https:\/\/diariotextual.com\/inicio\/index.php\/wp-json\/wp\/v2\/comments?post=160319"}],"version-history":[{"count":2,"href":"https:\/\/diariotextual.com\/inicio\/index.php\/wp-json\/wp\/v2\/posts\/160319\/revisions"}],"predecessor-version":[{"id":160322,"href":"https:\/\/diariotextual.com\/inicio\/index.php\/wp-json\/wp\/v2\/posts\/160319\/revisions\/160322"}],"wp:featuredmedia":[{"embeddable":true,"href":"https:\/\/diariotextual.com\/inicio\/index.php\/wp-json\/wp\/v2\/media\/134380"}],"wp:attachment":[{"href":"https:\/\/diariotextual.com\/inicio\/index.php\/wp-json\/wp\/v2\/media?parent=160319"}],"wp:term":[{"taxonomy":"category","embeddable":true,"href":"https:\/\/diariotextual.com\/inicio\/index.php\/wp-json\/wp\/v2\/categories?post=160319"},{"taxonomy":"post_tag","embeddable":true,"href":"https:\/\/diariotextual.com\/inicio\/index.php\/wp-json\/wp\/v2\/tags?post=160319"}],"curies":[{"name":"wp","href":"https:\/\/api.w.org\/{rel}","templated":true}]}}