{"id":160410,"date":"2021-09-07T18:51:03","date_gmt":"2021-09-07T21:51:03","guid":{"rendered":"https:\/\/diariotextual.com\/inicio\/?p=160410"},"modified":"2021-09-08T07:52:25","modified_gmt":"2021-09-08T10:52:25","slug":"en-pico-hallaron-por-primera-vez-un-escorpion-con-veneno-neurotoxico","status":"publish","type":"post","link":"https:\/\/diariotextual.com\/inicio\/index.php\/2021\/09\/07\/en-pico-hallaron-por-primera-vez-un-escorpion-con-veneno-neurotoxico\/","title":{"rendered":"En Pico hallaron por primera vez escorpiones con veneno neurot\u00f3xico"},"content":{"rendered":"\n<p><strong>Mar\u00eda de los \u00c1ngeles Bruni<\/strong> y<strong> Juan Jos\u00e9 Mart\u00ednez<\/strong>, quienes hacen docencia e investigaci\u00f3n en las Facultades de Ciencias Veterinarias y Ciencias Exactas y Naturales de la UNLPam respectivamente,<strong> registraron por primera vez en La Pampa, espec\u00edficamente en General Pico<\/strong>, ejemplares de la especie de escorpi\u00f3n&nbsp;<em>Tityus carrilloi<\/em>. Se lo considera de importancia sanitaria ya que posee un <strong>veneno neurot\u00f3xico <\/strong>que puede desencadenar efectos locales y\/o sist\u00e9micos. <strong>Se necesitan nuevos muestreos en la \u00e9poca de verano para confirmar que se haya establecido en el \u00e1rea.<\/strong><\/p>\n\n\n\n<p>La cita de esta especie -consign\u00f3 <strong><a href=\"http:\/\/contexto.unlpam.edu.ar\/index.php\/articulos\/investigacion\/142-hallan-una-especie-de-escorpion-venenoso-en-general-pico\" target=\"_blank\" rel=\"noreferrer noopener\">Contexto Universitario<\/a><\/strong>&#8211; fue publicada en la<strong> Revista de la Sociedad Entomol\u00f3gica Argentina <\/strong>y representa la presencia del primer escorpi\u00f3n ponzo\u00f1oso en la provincia y el hallazgo m\u00e1s austral de la especie en la Argentina. Cabe destacar que en La Pampa la fauna de escorpiones est\u00e1 compuesta de 12 especies nativas, ninguna de importancia m\u00e9dica.<\/p>\n\n\n\n<p>Este escorpi\u00f3n, presente en la mitad norte del pa\u00eds, fue tratado en la bibliograf\u00eda argentina como&nbsp;<em>Tityus trivittatus<\/em>&nbsp;hasta mediados de este a\u00f1o. Sin embargo, recientemente un equipo liderado por el doctor Andr\u00e9s Ojanguren Affilastro, del Museo Argentino de Ciencias Naturales Bernardino Rivadavia y tercer autor de este estudio, permiti\u00f3 revelar que se trata de una especie hasta el momento innominada a la que llamaron&nbsp;<em>Tityus carrilloi<\/em>.<\/p>\n\n\n\n<div style=\"height:100px\" aria-hidden=\"true\" class=\"wp-block-spacer\"><\/div>\n\n\n\n<p><strong>La detecci\u00f3n<\/strong><\/p>\n\n\n\n<p><strong>En enero de 2020, luego de una lluvia torrencial que aneg\u00f3 parte de General Pico, un ejemplar hembra&nbsp;<em>Tityus carrilloi<\/em>&nbsp;fue encontrado muerto por los due\u00f1os de una casa del centro de la ciudad.<\/strong> Estaba en un patio interno junto a un sumidero.<strong> El dato destacado es que quienes habitaban el domicilio hab\u00edan vuelto de un viaje que incluy\u00f3 las provincias de Jujuy y C\u00f3rdoba. Lo enviaron a la Facultad de Ciencias Veterinarias, donde se encuentra el \u00c1rea de Identificaci\u00f3n de Animales Peligrosos para la Salud Humana y Animal, para su identificaci\u00f3n. Bruni, licenciada en Ciencias Biol\u00f3gicas, y Mart\u00ednez, doctor de la Universidad de Buenos Aires en Ciencias Biol\u00f3gicas, interpretaron que el escorpi\u00f3n fue transportado accidentalmente desde esos lugares.<\/strong><\/p>\n\n\n\n<p><strong>En marzo del mismo a\u00f1o, en la misma casa, fue observado un ejemplar juvenil vivo en el lavabo del ba\u00f1o.<\/strong> Finalmente, describe el trabajo, en febrero de 2021 fue colectado el tercer ejemplar juvenil de esta especie en la misma vivienda. <strong>Pese a estos tres hallazgos a\u00fan no pueden saber si m\u00e1s ejemplares lograron establecerse o si se trata de registros aislados<\/strong>. Como los escorpiones permanecen inactivos y ocultos en lugares poco accesibles en invierno su colecta es compleja. Por eso es necesario hacer nuevos muestreos en la \u00e9poca estival para confirmar su presencia en el \u00e1rea, advierte el estudio. Aunque el hecho de haber encontrado tres ejemplares con un a\u00f1o de diferencia entre registros podr\u00eda sugerir que esta especie podr\u00eda haberse establecido en la zona.<\/p>\n\n\n\n<div style=\"height:100px\" aria-hidden=\"true\" class=\"wp-block-spacer\"><\/div>\n\n\n\n<p><strong>Sus caracter\u00edsticas<\/strong><\/p>\n\n\n\n<p>Mar\u00eda de los \u00c1ngeles Bruni dice que esta especie se distingue de las nativas de nuestra provincia por una serie de caracter\u00edsticas externas f\u00e1cilmente reconocibles: el aguij\u00f3n con una espina o diente basal (t\u00e9cnicamente llamado ap\u00f3fisis subaculear), que a veces es mencionado err\u00f3neamente como \u00abaguij\u00f3n doble\u00bb; presenta una coloraci\u00f3n general clara que contrasta con tres bandas longitudinales dorsales; y posee pinzas considerablemente m\u00e1s delgadas y uniformemente curvas. \u201cEs interesante destacar que esta especie tiene la capacidad de reproducirse mediante partenog\u00e9nesis, lo que implica que una hembra no fecundada puede dar descendencia viable, compuesta exclusivamente por hembras. Todas las poblaciones de Tityus carrilloi al sur de su distribuci\u00f3n natural est\u00e1n compuestas exclusivamente por hembras partenogen\u00e9ticas\u201d, concluye Bruni.<\/p>\n\n\n\n<p><strong>Este escorpi\u00f3n presenta un veneno neurot\u00f3xico.<\/strong> \u201cCon esto nos referimos a que afecta principalmente al sistema nervioso.<strong> Es una picadura muy dolorosa, no pasa desapercibida. <\/strong>En los casos graves se la describe como&nbsp;<em>pavor mortis<\/em>&nbsp;(sensaci\u00f3n de muerte inminente). Sus toxinas producen una perturbaci\u00f3n severa de los procesos de excitaci\u00f3n y conducci\u00f3n del impulso nervioso, adem\u00e1s de alterar los procesos neuroqu\u00edmicos al inducir liberaci\u00f3n desorganizada de neurotransmisores como la acetilcolina, adrenalina y \u00f3xido n\u00edtrico\u201d, explica Juan Jos\u00e9 Mart\u00ednez, quien adem\u00e1s es investigador adjunto del Conicet.<strong> \u201cLa picadura puede presentar efectos locales, que afectan solamente la zona en la que la persona fue picada. Por el contrario, los efectos sist\u00e9micos involucran a todo el organismo y, en consecuencia, revisten mayor gravedad\u201d.<\/strong><\/p>\n\n\n\n<p>Mart\u00ednez describe que el cuadro de una persona que tuvo un accidente con un escorpi\u00f3n puede clasificarse en: leve (solo sintomatolog\u00eda local, en la zona de la picadura), moderado (sintomatolog\u00eda local con algunos s\u00edntomas sist\u00e9micos no muy intensos como sudoraci\u00f3n, n\u00e1useas o v\u00f3mitos ocasionales, y agitaci\u00f3n) y grave (se agregan a lo ya especificado manifestaciones sist\u00e9micas m\u00e1s intensas, como excitaci\u00f3n psicomotriz, confusi\u00f3n mental, taquicardia seguida de bradicardia, arritmias, secreci\u00f3n salival, lacrimal y nasal, sudoraci\u00f3n abundante, v\u00f3mitos frecuentes y profusos, entre otros). Los casos graves son m\u00e1s frecuentes en menores de 12 a\u00f1os y las picaduras no suelen revestir gravedad en adultos sanos.<\/p>\n\n\n\n<p>Ante la consulta acerca de un ant\u00eddoto, Bruni y Mart\u00ednez responden que en nuestro pa\u00eds el antiveneno se produce en el Instituto Nacional de Producci\u00f3n de Biol\u00f3gicos dependiente de Administraci\u00f3n Nacional de Laboratorios e Institutos de Salud \u201cDr. Carlos Malbr\u00e1n\u201d (ANLIS) y se distribuye a cada jurisdicci\u00f3n a trav\u00e9s de las direcciones o secretar\u00edas de Zoonosis provinciales. Explican que se trata de un suero equino obtenido de caballos expuestos a dosis no letales del veneno de&nbsp;<em>Tityus<\/em>, por lo que est\u00e1 enriquecido en anticuerpos contra las toxinas del escorpi\u00f3n. En La Pampa este suero no se encuentra disponible justamente por la ausencia de registro del animal, hasta ahora. Por eso destacan la importancia de publicar los hallazgos.<\/p>\n\n\n\n<p>Con respecto a su aplicaci\u00f3n, puntualizan que la administraci\u00f3n precoz de antiveneno espec\u00edfico, en general reduce las complicaciones, las secuelas y la letalidad. No obstante, est\u00e1 indicada la observaci\u00f3n del paciente durante 4 a 6 horas posteriores a la picadura, aun en casos leves. \u201cA pesar de que en la actualidad las t\u00e9cnicas de purificaci\u00f3n del suero han disminuido mucho las reacciones adversas, la aplicaci\u00f3n o no de antiveneno debe ser evaluada por el profesional tratante ya que el suero equino contiene mol\u00e9culas que mantienen alguna capacidad alerg\u00e9nica\u201d, indican la y el especialista.<\/p>\n\n\n\n<div style=\"height:100px\" aria-hidden=\"true\" class=\"wp-block-spacer\"><\/div>\n\n\n\n<p><strong>Qu\u00e9 hacer ante una picadura<\/strong><\/p>\n\n\n\n<p><\/p>\n\n\n\n<p>Si una persona fue picada, lo recomendable -aconsejan Bruni y Mart\u00ednez- es aplicar compresas fr\u00edas en el \u00e1rea afectada, lo que contribuye a calmar el dolor y aumenta la vasoconstricci\u00f3n. De esta forma se demora la dispersi\u00f3n del veneno. Es importante concurrir r\u00e1pidamente a un centro de salud. De ser posible, sugieren capturar al animal que origin\u00f3 la picadura y acercarlo tambi\u00e9n al centro asistencial para evaluar de manera m\u00e1s precisa la gravedad del caso. Es importante, destacan, no aplicar algunas medidas que popularmente son mencionadas para casos de picadura de animales ponzo\u00f1osos, como cortes en la herida o succionar con la boca tratando de extraer el veneno. Tampoco es aconsejable la aplicaci\u00f3n de torniquetes para frenar el flujo sangu\u00edneo.<\/p>\n","protected":false},"excerpt":{"rendered":"<p>Mar\u00eda de los \u00c1ngeles Bruni y Juan Jos\u00e9 Mart\u00ednez, quienes hacen docencia e investigaci\u00f3n en las Facultades de Ciencias Veterinarias y Ciencias Exactas y Naturales de la UNLPam respectivamente, registraron&hellip;<\/p>\n","protected":false},"author":3,"featured_media":160412,"comment_status":"closed","ping_status":"open","sticky":false,"template":"","format":"standard","meta":{"_acf_changed":false,"footnotes":""},"categories":[10,12],"tags":[6043],"class_list":["post-160410","post","type-post","status-publish","format-standard","has-post-thumbnail","hentry","category-portada-2","category-sociedad","tag-escorpion"],"acf":[],"yoast_head":"<!-- This site is optimized with the Yoast SEO plugin v27.5 - https:\/\/yoast.com\/product\/yoast-seo-wordpress\/ -->\n<title>En Pico hallaron por primera vez escorpiones con veneno neurot\u00f3xico - Diario Textual<\/title>\n<meta name=\"robots\" content=\"index, follow, max-snippet:-1, max-image-preview:large, max-video-preview:-1\" \/>\n<link rel=\"canonical\" href=\"https:\/\/diariotextual.com\/inicio\/index.php\/2021\/09\/07\/en-pico-hallaron-por-primera-vez-un-escorpion-con-veneno-neurotoxico\/\" \/>\n<meta property=\"og:locale\" content=\"es_ES\" \/>\n<meta property=\"og:type\" content=\"article\" \/>\n<meta property=\"og:title\" content=\"En Pico hallaron por primera vez escorpiones con veneno neurot\u00f3xico - Diario Textual\" \/>\n<meta property=\"og:description\" content=\"Mar\u00eda de los \u00c1ngeles Bruni y Juan Jos\u00e9 Mart\u00ednez, quienes hacen docencia e investigaci\u00f3n en las Facultades de Ciencias Veterinarias y Ciencias Exactas y Naturales de la UNLPam respectivamente, registraron&hellip;\" \/>\n<meta property=\"og:url\" content=\"https:\/\/diariotextual.com\/inicio\/index.php\/2021\/09\/07\/en-pico-hallaron-por-primera-vez-un-escorpion-con-veneno-neurotoxico\/\" \/>\n<meta property=\"og:site_name\" content=\"Diario Textual\" \/>\n<meta property=\"article:publisher\" content=\"https:\/\/www.facebook.com\/eltextual\" \/>\n<meta property=\"article:published_time\" content=\"2021-09-07T21:51:03+00:00\" \/>\n<meta property=\"article:modified_time\" content=\"2021-09-08T10:52:25+00:00\" \/>\n<meta property=\"og:image\" content=\"https:\/\/diariotextual.com\/inicio\/wp-content\/uploads\/2021\/09\/escorpionpico2021-1.jpeg\" \/>\n\t<meta property=\"og:image:width\" content=\"680\" \/>\n\t<meta property=\"og:image:height\" content=\"544\" \/>\n\t<meta property=\"og:image:type\" content=\"image\/jpeg\" \/>\n<meta name=\"author\" content=\"Diario1 Diario1\" \/>\n<meta name=\"twitter:card\" content=\"summary_large_image\" \/>\n<meta name=\"twitter:creator\" content=\"@eltextual\" \/>\n<meta name=\"twitter:site\" content=\"@eltextual\" \/>\n<meta name=\"twitter:label1\" content=\"Escrito por\" \/>\n\t<meta name=\"twitter:data1\" content=\"Diario1 Diario1\" \/>\n\t<meta name=\"twitter:label2\" content=\"Tiempo de lectura\" \/>\n\t<meta name=\"twitter:data2\" content=\"5 minutos\" \/>\n<script type=\"application\/ld+json\" class=\"yoast-schema-graph\">{\"@context\":\"https:\\\/\\\/schema.org\",\"@graph\":[{\"@type\":\"Article\",\"@id\":\"https:\\\/\\\/diariotextual.com\\\/inicio\\\/index.php\\\/2021\\\/09\\\/07\\\/en-pico-hallaron-por-primera-vez-un-escorpion-con-veneno-neurotoxico\\\/#article\",\"isPartOf\":{\"@id\":\"https:\\\/\\\/diariotextual.com\\\/inicio\\\/index.php\\\/2021\\\/09\\\/07\\\/en-pico-hallaron-por-primera-vez-un-escorpion-con-veneno-neurotoxico\\\/\"},\"author\":{\"name\":\"Diario1 Diario1\",\"@id\":\"https:\\\/\\\/diariotextual.com\\\/inicio\\\/#\\\/schema\\\/person\\\/418fc4093c33e86ed41562db3508f958\"},\"headline\":\"En Pico hallaron por primera vez escorpiones con veneno neurot\u00f3xico\",\"datePublished\":\"2021-09-07T21:51:03+00:00\",\"dateModified\":\"2021-09-08T10:52:25+00:00\",\"mainEntityOfPage\":{\"@id\":\"https:\\\/\\\/diariotextual.com\\\/inicio\\\/index.php\\\/2021\\\/09\\\/07\\\/en-pico-hallaron-por-primera-vez-un-escorpion-con-veneno-neurotoxico\\\/\"},\"wordCount\":1261,\"publisher\":{\"@id\":\"https:\\\/\\\/diariotextual.com\\\/inicio\\\/#organization\"},\"image\":{\"@id\":\"https:\\\/\\\/diariotextual.com\\\/inicio\\\/index.php\\\/2021\\\/09\\\/07\\\/en-pico-hallaron-por-primera-vez-un-escorpion-con-veneno-neurotoxico\\\/#primaryimage\"},\"thumbnailUrl\":\"https:\\\/\\\/diariotextual.com\\\/inicio\\\/wp-content\\\/uploads\\\/2021\\\/09\\\/escorpionpico2021-1.jpeg\",\"keywords\":[\"escorpion\"],\"articleSection\":[\"A - PORTADA2\",\"SOCIEDAD\"],\"inLanguage\":\"es\"},{\"@type\":\"WebPage\",\"@id\":\"https:\\\/\\\/diariotextual.com\\\/inicio\\\/index.php\\\/2021\\\/09\\\/07\\\/en-pico-hallaron-por-primera-vez-un-escorpion-con-veneno-neurotoxico\\\/\",\"url\":\"https:\\\/\\\/diariotextual.com\\\/inicio\\\/index.php\\\/2021\\\/09\\\/07\\\/en-pico-hallaron-por-primera-vez-un-escorpion-con-veneno-neurotoxico\\\/\",\"name\":\"En Pico hallaron por primera vez escorpiones con veneno neurot\u00f3xico - Diario Textual\",\"isPartOf\":{\"@id\":\"https:\\\/\\\/diariotextual.com\\\/inicio\\\/#website\"},\"primaryImageOfPage\":{\"@id\":\"https:\\\/\\\/diariotextual.com\\\/inicio\\\/index.php\\\/2021\\\/09\\\/07\\\/en-pico-hallaron-por-primera-vez-un-escorpion-con-veneno-neurotoxico\\\/#primaryimage\"},\"image\":{\"@id\":\"https:\\\/\\\/diariotextual.com\\\/inicio\\\/index.php\\\/2021\\\/09\\\/07\\\/en-pico-hallaron-por-primera-vez-un-escorpion-con-veneno-neurotoxico\\\/#primaryimage\"},\"thumbnailUrl\":\"https:\\\/\\\/diariotextual.com\\\/inicio\\\/wp-content\\\/uploads\\\/2021\\\/09\\\/escorpionpico2021-1.jpeg\",\"datePublished\":\"2021-09-07T21:51:03+00:00\",\"dateModified\":\"2021-09-08T10:52:25+00:00\",\"breadcrumb\":{\"@id\":\"https:\\\/\\\/diariotextual.com\\\/inicio\\\/index.php\\\/2021\\\/09\\\/07\\\/en-pico-hallaron-por-primera-vez-un-escorpion-con-veneno-neurotoxico\\\/#breadcrumb\"},\"inLanguage\":\"es\",\"potentialAction\":[{\"@type\":\"ReadAction\",\"target\":[\"https:\\\/\\\/diariotextual.com\\\/inicio\\\/index.php\\\/2021\\\/09\\\/07\\\/en-pico-hallaron-por-primera-vez-un-escorpion-con-veneno-neurotoxico\\\/\"]}]},{\"@type\":\"ImageObject\",\"inLanguage\":\"es\",\"@id\":\"https:\\\/\\\/diariotextual.com\\\/inicio\\\/index.php\\\/2021\\\/09\\\/07\\\/en-pico-hallaron-por-primera-vez-un-escorpion-con-veneno-neurotoxico\\\/#primaryimage\",\"url\":\"https:\\\/\\\/diariotextual.com\\\/inicio\\\/wp-content\\\/uploads\\\/2021\\\/09\\\/escorpionpico2021-1.jpeg\",\"contentUrl\":\"https:\\\/\\\/diariotextual.com\\\/inicio\\\/wp-content\\\/uploads\\\/2021\\\/09\\\/escorpionpico2021-1.jpeg\",\"width\":680,\"height\":544},{\"@type\":\"BreadcrumbList\",\"@id\":\"https:\\\/\\\/diariotextual.com\\\/inicio\\\/index.php\\\/2021\\\/09\\\/07\\\/en-pico-hallaron-por-primera-vez-un-escorpion-con-veneno-neurotoxico\\\/#breadcrumb\",\"itemListElement\":[{\"@type\":\"ListItem\",\"position\":1,\"name\":\"Portada\",\"item\":\"https:\\\/\\\/diariotextual.com\\\/inicio\\\/\"},{\"@type\":\"ListItem\",\"position\":2,\"name\":\"En Pico hallaron por primera vez escorpiones con veneno neurot\u00f3xico\"}]},{\"@type\":\"WebSite\",\"@id\":\"https:\\\/\\\/diariotextual.com\\\/inicio\\\/#website\",\"url\":\"https:\\\/\\\/diariotextual.com\\\/inicio\\\/\",\"name\":\"Diario Textual\",\"description\":\"\",\"publisher\":{\"@id\":\"https:\\\/\\\/diariotextual.com\\\/inicio\\\/#organization\"},\"potentialAction\":[{\"@type\":\"SearchAction\",\"target\":{\"@type\":\"EntryPoint\",\"urlTemplate\":\"https:\\\/\\\/diariotextual.com\\\/inicio\\\/?s={search_term_string}\"},\"query-input\":{\"@type\":\"PropertyValueSpecification\",\"valueRequired\":true,\"valueName\":\"search_term_string\"}}],\"inLanguage\":\"es\"},{\"@type\":\"Organization\",\"@id\":\"https:\\\/\\\/diariotextual.com\\\/inicio\\\/#organization\",\"name\":\"Diario Textual\",\"url\":\"https:\\\/\\\/diariotextual.com\\\/inicio\\\/\",\"logo\":{\"@type\":\"ImageObject\",\"inLanguage\":\"es\",\"@id\":\"https:\\\/\\\/diariotextual.com\\\/inicio\\\/#\\\/schema\\\/logo\\\/image\\\/\",\"url\":\"https:\\\/\\\/diariotextual.com\\\/inicio\\\/wp-content\\\/uploads\\\/2023\\\/05\\\/logotextual1.jpg\",\"contentUrl\":\"https:\\\/\\\/diariotextual.com\\\/inicio\\\/wp-content\\\/uploads\\\/2023\\\/05\\\/logotextual1.jpg\",\"width\":516,\"height\":76,\"caption\":\"Diario Textual\"},\"image\":{\"@id\":\"https:\\\/\\\/diariotextual.com\\\/inicio\\\/#\\\/schema\\\/logo\\\/image\\\/\"},\"sameAs\":[\"https:\\\/\\\/www.facebook.com\\\/eltextual\",\"https:\\\/\\\/x.com\\\/eltextual\",\"http:\\\/\\\/www.instagram.com\\\/eltextual\"]},{\"@type\":\"Person\",\"@id\":\"https:\\\/\\\/diariotextual.com\\\/inicio\\\/#\\\/schema\\\/person\\\/418fc4093c33e86ed41562db3508f958\",\"name\":\"Diario1 Diario1\",\"image\":{\"@type\":\"ImageObject\",\"inLanguage\":\"es\",\"@id\":\"https:\\\/\\\/secure.gravatar.com\\\/avatar\\\/9167d280179c85bc18be67aa7eda765854300033af4896dd779b608640f2ef7a?s=96&d=mm&r=g\",\"url\":\"https:\\\/\\\/secure.gravatar.com\\\/avatar\\\/9167d280179c85bc18be67aa7eda765854300033af4896dd779b608640f2ef7a?s=96&d=mm&r=g\",\"contentUrl\":\"https:\\\/\\\/secure.gravatar.com\\\/avatar\\\/9167d280179c85bc18be67aa7eda765854300033af4896dd779b608640f2ef7a?s=96&d=mm&r=g\",\"caption\":\"Diario1 Diario1\"},\"url\":\"https:\\\/\\\/diariotextual.com\\\/inicio\\\/index.php\\\/author\\\/diario1\\\/\"}]}<\/script>\n<!-- \/ Yoast SEO plugin. -->","yoast_head_json":{"title":"En Pico hallaron por primera vez escorpiones con veneno neurot\u00f3xico - Diario Textual","robots":{"index":"index","follow":"follow","max-snippet":"max-snippet:-1","max-image-preview":"max-image-preview:large","max-video-preview":"max-video-preview:-1"},"canonical":"https:\/\/diariotextual.com\/inicio\/index.php\/2021\/09\/07\/en-pico-hallaron-por-primera-vez-un-escorpion-con-veneno-neurotoxico\/","og_locale":"es_ES","og_type":"article","og_title":"En Pico hallaron por primera vez escorpiones con veneno neurot\u00f3xico - Diario Textual","og_description":"Mar\u00eda de los \u00c1ngeles Bruni y Juan Jos\u00e9 Mart\u00ednez, quienes hacen docencia e investigaci\u00f3n en las Facultades de Ciencias Veterinarias y Ciencias Exactas y Naturales de la UNLPam respectivamente, registraron&hellip;","og_url":"https:\/\/diariotextual.com\/inicio\/index.php\/2021\/09\/07\/en-pico-hallaron-por-primera-vez-un-escorpion-con-veneno-neurotoxico\/","og_site_name":"Diario Textual","article_publisher":"https:\/\/www.facebook.com\/eltextual","article_published_time":"2021-09-07T21:51:03+00:00","article_modified_time":"2021-09-08T10:52:25+00:00","og_image":[{"width":680,"height":544,"url":"https:\/\/diariotextual.com\/inicio\/wp-content\/uploads\/2021\/09\/escorpionpico2021-1.jpeg","type":"image\/jpeg"}],"author":"Diario1 Diario1","twitter_card":"summary_large_image","twitter_creator":"@eltextual","twitter_site":"@eltextual","twitter_misc":{"Escrito por":"Diario1 Diario1","Tiempo de lectura":"5 minutos"},"schema":{"@context":"https:\/\/schema.org","@graph":[{"@type":"Article","@id":"https:\/\/diariotextual.com\/inicio\/index.php\/2021\/09\/07\/en-pico-hallaron-por-primera-vez-un-escorpion-con-veneno-neurotoxico\/#article","isPartOf":{"@id":"https:\/\/diariotextual.com\/inicio\/index.php\/2021\/09\/07\/en-pico-hallaron-por-primera-vez-un-escorpion-con-veneno-neurotoxico\/"},"author":{"name":"Diario1 Diario1","@id":"https:\/\/diariotextual.com\/inicio\/#\/schema\/person\/418fc4093c33e86ed41562db3508f958"},"headline":"En Pico hallaron por primera vez escorpiones con veneno neurot\u00f3xico","datePublished":"2021-09-07T21:51:03+00:00","dateModified":"2021-09-08T10:52:25+00:00","mainEntityOfPage":{"@id":"https:\/\/diariotextual.com\/inicio\/index.php\/2021\/09\/07\/en-pico-hallaron-por-primera-vez-un-escorpion-con-veneno-neurotoxico\/"},"wordCount":1261,"publisher":{"@id":"https:\/\/diariotextual.com\/inicio\/#organization"},"image":{"@id":"https:\/\/diariotextual.com\/inicio\/index.php\/2021\/09\/07\/en-pico-hallaron-por-primera-vez-un-escorpion-con-veneno-neurotoxico\/#primaryimage"},"thumbnailUrl":"https:\/\/diariotextual.com\/inicio\/wp-content\/uploads\/2021\/09\/escorpionpico2021-1.jpeg","keywords":["escorpion"],"articleSection":["A - PORTADA2","SOCIEDAD"],"inLanguage":"es"},{"@type":"WebPage","@id":"https:\/\/diariotextual.com\/inicio\/index.php\/2021\/09\/07\/en-pico-hallaron-por-primera-vez-un-escorpion-con-veneno-neurotoxico\/","url":"https:\/\/diariotextual.com\/inicio\/index.php\/2021\/09\/07\/en-pico-hallaron-por-primera-vez-un-escorpion-con-veneno-neurotoxico\/","name":"En Pico hallaron por primera vez escorpiones con veneno neurot\u00f3xico - Diario Textual","isPartOf":{"@id":"https:\/\/diariotextual.com\/inicio\/#website"},"primaryImageOfPage":{"@id":"https:\/\/diariotextual.com\/inicio\/index.php\/2021\/09\/07\/en-pico-hallaron-por-primera-vez-un-escorpion-con-veneno-neurotoxico\/#primaryimage"},"image":{"@id":"https:\/\/diariotextual.com\/inicio\/index.php\/2021\/09\/07\/en-pico-hallaron-por-primera-vez-un-escorpion-con-veneno-neurotoxico\/#primaryimage"},"thumbnailUrl":"https:\/\/diariotextual.com\/inicio\/wp-content\/uploads\/2021\/09\/escorpionpico2021-1.jpeg","datePublished":"2021-09-07T21:51:03+00:00","dateModified":"2021-09-08T10:52:25+00:00","breadcrumb":{"@id":"https:\/\/diariotextual.com\/inicio\/index.php\/2021\/09\/07\/en-pico-hallaron-por-primera-vez-un-escorpion-con-veneno-neurotoxico\/#breadcrumb"},"inLanguage":"es","potentialAction":[{"@type":"ReadAction","target":["https:\/\/diariotextual.com\/inicio\/index.php\/2021\/09\/07\/en-pico-hallaron-por-primera-vez-un-escorpion-con-veneno-neurotoxico\/"]}]},{"@type":"ImageObject","inLanguage":"es","@id":"https:\/\/diariotextual.com\/inicio\/index.php\/2021\/09\/07\/en-pico-hallaron-por-primera-vez-un-escorpion-con-veneno-neurotoxico\/#primaryimage","url":"https:\/\/diariotextual.com\/inicio\/wp-content\/uploads\/2021\/09\/escorpionpico2021-1.jpeg","contentUrl":"https:\/\/diariotextual.com\/inicio\/wp-content\/uploads\/2021\/09\/escorpionpico2021-1.jpeg","width":680,"height":544},{"@type":"BreadcrumbList","@id":"https:\/\/diariotextual.com\/inicio\/index.php\/2021\/09\/07\/en-pico-hallaron-por-primera-vez-un-escorpion-con-veneno-neurotoxico\/#breadcrumb","itemListElement":[{"@type":"ListItem","position":1,"name":"Portada","item":"https:\/\/diariotextual.com\/inicio\/"},{"@type":"ListItem","position":2,"name":"En Pico hallaron por primera vez escorpiones con veneno neurot\u00f3xico"}]},{"@type":"WebSite","@id":"https:\/\/diariotextual.com\/inicio\/#website","url":"https:\/\/diariotextual.com\/inicio\/","name":"Diario Textual","description":"","publisher":{"@id":"https:\/\/diariotextual.com\/inicio\/#organization"},"potentialAction":[{"@type":"SearchAction","target":{"@type":"EntryPoint","urlTemplate":"https:\/\/diariotextual.com\/inicio\/?s={search_term_string}"},"query-input":{"@type":"PropertyValueSpecification","valueRequired":true,"valueName":"search_term_string"}}],"inLanguage":"es"},{"@type":"Organization","@id":"https:\/\/diariotextual.com\/inicio\/#organization","name":"Diario Textual","url":"https:\/\/diariotextual.com\/inicio\/","logo":{"@type":"ImageObject","inLanguage":"es","@id":"https:\/\/diariotextual.com\/inicio\/#\/schema\/logo\/image\/","url":"https:\/\/diariotextual.com\/inicio\/wp-content\/uploads\/2023\/05\/logotextual1.jpg","contentUrl":"https:\/\/diariotextual.com\/inicio\/wp-content\/uploads\/2023\/05\/logotextual1.jpg","width":516,"height":76,"caption":"Diario Textual"},"image":{"@id":"https:\/\/diariotextual.com\/inicio\/#\/schema\/logo\/image\/"},"sameAs":["https:\/\/www.facebook.com\/eltextual","https:\/\/x.com\/eltextual","http:\/\/www.instagram.com\/eltextual"]},{"@type":"Person","@id":"https:\/\/diariotextual.com\/inicio\/#\/schema\/person\/418fc4093c33e86ed41562db3508f958","name":"Diario1 Diario1","image":{"@type":"ImageObject","inLanguage":"es","@id":"https:\/\/secure.gravatar.com\/avatar\/9167d280179c85bc18be67aa7eda765854300033af4896dd779b608640f2ef7a?s=96&d=mm&r=g","url":"https:\/\/secure.gravatar.com\/avatar\/9167d280179c85bc18be67aa7eda765854300033af4896dd779b608640f2ef7a?s=96&d=mm&r=g","contentUrl":"https:\/\/secure.gravatar.com\/avatar\/9167d280179c85bc18be67aa7eda765854300033af4896dd779b608640f2ef7a?s=96&d=mm&r=g","caption":"Diario1 Diario1"},"url":"https:\/\/diariotextual.com\/inicio\/index.php\/author\/diario1\/"}]}},"_links":{"self":[{"href":"https:\/\/diariotextual.com\/inicio\/index.php\/wp-json\/wp\/v2\/posts\/160410","targetHints":{"allow":["GET"]}}],"collection":[{"href":"https:\/\/diariotextual.com\/inicio\/index.php\/wp-json\/wp\/v2\/posts"}],"about":[{"href":"https:\/\/diariotextual.com\/inicio\/index.php\/wp-json\/wp\/v2\/types\/post"}],"author":[{"embeddable":true,"href":"https:\/\/diariotextual.com\/inicio\/index.php\/wp-json\/wp\/v2\/users\/3"}],"replies":[{"embeddable":true,"href":"https:\/\/diariotextual.com\/inicio\/index.php\/wp-json\/wp\/v2\/comments?post=160410"}],"version-history":[{"count":3,"href":"https:\/\/diariotextual.com\/inicio\/index.php\/wp-json\/wp\/v2\/posts\/160410\/revisions"}],"predecessor-version":[{"id":160414,"href":"https:\/\/diariotextual.com\/inicio\/index.php\/wp-json\/wp\/v2\/posts\/160410\/revisions\/160414"}],"wp:featuredmedia":[{"embeddable":true,"href":"https:\/\/diariotextual.com\/inicio\/index.php\/wp-json\/wp\/v2\/media\/160412"}],"wp:attachment":[{"href":"https:\/\/diariotextual.com\/inicio\/index.php\/wp-json\/wp\/v2\/media?parent=160410"}],"wp:term":[{"taxonomy":"category","embeddable":true,"href":"https:\/\/diariotextual.com\/inicio\/index.php\/wp-json\/wp\/v2\/categories?post=160410"},{"taxonomy":"post_tag","embeddable":true,"href":"https:\/\/diariotextual.com\/inicio\/index.php\/wp-json\/wp\/v2\/tags?post=160410"}],"curies":[{"name":"wp","href":"https:\/\/api.w.org\/{rel}","templated":true}]}}