{"id":160447,"date":"2021-09-08T07:46:08","date_gmt":"2021-09-08T10:46:08","guid":{"rendered":"https:\/\/diariotextual.com\/inicio\/?p=160447"},"modified":"2021-09-08T07:46:09","modified_gmt":"2021-09-08T10:46:09","slug":"paso-2021-que-pasa-si-no-voto-en-las-elecciones","status":"publish","type":"post","link":"https:\/\/diariotextual.com\/inicio\/index.php\/2021\/09\/08\/paso-2021-que-pasa-si-no-voto-en-las-elecciones\/","title":{"rendered":"PASO 2021: qu\u00e9 pasa si no voto en las elecciones"},"content":{"rendered":"\n<p>El voto en las elecciones 2021 es obligatorio, tanto en las Primarias Abiertas, Simult\u00e1neas y Obligatorias (PASO) del 12 de septiembre como en las generales del 14 de noviembre, salvo para los mayores de 70 a\u00f1os. <strong>Quien no concurra a votar tendr\u00e1 de justificar su ausencia ante la Justicia Nacional Electoral y si no lo hace deber\u00e1 pagar una multa. <\/strong>Este a\u00f1o estar\u00e1n exceptuados quienes tengan s\u00edntomas compatibles con el covid-19.<\/p>\n\n\n\n<p><br>El C\u00f3digo Nacional Electoral establece en su art\u00edculo 125, en el apartado \u201cfaltas electorales\u201d, que se<strong> \u201cse impondr\u00e1 multa de $50 a $500 al elector mayor de 18 a\u00f1os y menor de 70 a\u00f1os que dejare de emitir su voto y no se justificare ante la justicia nacional electoral dentro de los sesenta 60 d\u00edas de la respectiva elecci\u00f3n<\/strong>\u201d.<\/p>\n\n\n\n<p>Los ciudadanos, <strong>mientras no se abone esa multa, quedar\u00e1n registrados como infractores<\/strong>. Esto implica que no podr\u00e1n hacer tr\u00e1mites durante un a\u00f1o, como obtener el pasaporte, y tampoco podr\u00e1n ser designados para desempe\u00f1ar funciones o empleos p\u00fablicos durante tres a\u00f1os a partir de la elecci\u00f3n.<\/p>\n\n\n\n<p>La C\u00e1mara Nacional Electoral cre\u00f3 el Registro de Infractores para aquellos que deban realizar el tr\u00e1mite de justificaci\u00f3n y saldar la deuda.<\/p>\n\n\n\n<p>Qu\u00e9 justificaci\u00f3n es v\u00e1lida para no votar:<\/p>\n\n\n\n<ul class=\"wp-block-list\"><li>Estar enfermo o imposibilitado por fuerza mayor de forma suficientemente comprobada, que les impida asistir al acto. Estas causales deber\u00e1n ser justificadas en primer t\u00e9rmino por m\u00e9dicos del servicio de sanidad nacional; en su defecto por m\u00e9dicos oficiales, provinciales o municipales, y en ausencia de estos por m\u00e9dicos particulares.<\/li><li>Ser juez o auxiliar de la justicia que por imperio de esta ley deban asistir a sus oficinas y mantenerlas abiertas mientras dure el acto comicial.<\/li><li>Revistar entre personal de organismos y empresas de servicios p\u00fablicos que por razones atinentes a su cumplimiento deban realizar tareas que impidan asistir al comicio durante su desarrollo. En ese caso el empleador o su representante legal comunicar\u00e1n al Ministerio del Interior y Transporte la n\u00f3mina respectiva con diez (10) d\u00edas de anticipaci\u00f3n a la fecha de la elecci\u00f3n, expidiendo, por separado, la pertinente certificaci\u00f3n.<\/li><li>Este a\u00f1o, adem\u00e1s, estar\u00e1n exceptuados de votar los ciudadanos en aislamiento por contagio confirmado de covid-19 o que tengan s\u00edntomas compatibles con esa enfermedad, al igual que aquellos que sean contacto estrechos. La misma excepci\u00f3n se aplicar\u00e1 para quienes integren grupos de riesgo que por indicaci\u00f3n m\u00e9dica deban evitar los lugares con movimiento de gente.&nbsp;<\/li><\/ul>\n","protected":false},"excerpt":{"rendered":"<p>El voto en las elecciones 2021 es obligatorio, tanto en las Primarias Abiertas, Simult\u00e1neas y Obligatorias (PASO) del 12 de septiembre como en las generales del 14 de noviembre, salvo&hellip;<\/p>\n","protected":false},"author":3,"featured_media":26048,"comment_status":"closed","ping_status":"open","sticky":false,"template":"","format":"standard","meta":{"_acf_changed":false,"footnotes":""},"categories":[4,8],"tags":[2163,1798],"class_list":["post-160447","post","type-post","status-publish","format-standard","has-post-thumbnail","hentry","category-destacadas","category-politica","tag-paso","tag-voto"],"acf":[],"yoast_head":"<!-- This site is optimized with the Yoast SEO plugin v27.5 - https:\/\/yoast.com\/product\/yoast-seo-wordpress\/ -->\n<title>PASO 2021: qu\u00e9 pasa si no voto en las elecciones - Diario Textual<\/title>\n<meta name=\"robots\" content=\"index, follow, max-snippet:-1, max-image-preview:large, max-video-preview:-1\" \/>\n<link rel=\"canonical\" href=\"https:\/\/diariotextual.com\/inicio\/index.php\/2021\/09\/08\/paso-2021-que-pasa-si-no-voto-en-las-elecciones\/\" \/>\n<meta property=\"og:locale\" content=\"es_ES\" \/>\n<meta property=\"og:type\" content=\"article\" \/>\n<meta property=\"og:title\" content=\"PASO 2021: qu\u00e9 pasa si no voto en las elecciones - Diario Textual\" \/>\n<meta property=\"og:description\" content=\"El voto en las elecciones 2021 es obligatorio, tanto en las Primarias Abiertas, Simult\u00e1neas y Obligatorias (PASO) del 12 de septiembre como en las generales del 14 de noviembre, salvo&hellip;\" \/>\n<meta property=\"og:url\" content=\"https:\/\/diariotextual.com\/inicio\/index.php\/2021\/09\/08\/paso-2021-que-pasa-si-no-voto-en-las-elecciones\/\" \/>\n<meta property=\"og:site_name\" content=\"Diario Textual\" \/>\n<meta property=\"article:publisher\" content=\"https:\/\/www.facebook.com\/eltextual\" \/>\n<meta property=\"article:published_time\" content=\"2021-09-08T10:46:08+00:00\" \/>\n<meta property=\"article:modified_time\" content=\"2021-09-08T10:46:09+00:00\" \/>\n<meta property=\"og:image\" content=\"https:\/\/diariotextual.com\/inicio\/wp-content\/uploads\/2018\/11\/eleccionestelamurnas21.jpg\" \/>\n\t<meta property=\"og:image:width\" content=\"1140\" \/>\n\t<meta property=\"og:image:height\" content=\"737\" \/>\n\t<meta property=\"og:image:type\" content=\"image\/jpeg\" \/>\n<meta name=\"author\" content=\"Diario1 Diario1\" \/>\n<meta name=\"twitter:card\" content=\"summary_large_image\" \/>\n<meta name=\"twitter:creator\" content=\"@eltextual\" \/>\n<meta name=\"twitter:site\" content=\"@eltextual\" \/>\n<meta name=\"twitter:label1\" content=\"Escrito por\" \/>\n\t<meta name=\"twitter:data1\" content=\"Diario1 Diario1\" \/>\n\t<meta name=\"twitter:label2\" content=\"Tiempo de lectura\" \/>\n\t<meta name=\"twitter:data2\" content=\"2 minutos\" \/>\n<script type=\"application\/ld+json\" class=\"yoast-schema-graph\">{\"@context\":\"https:\\\/\\\/schema.org\",\"@graph\":[{\"@type\":\"Article\",\"@id\":\"https:\\\/\\\/diariotextual.com\\\/inicio\\\/index.php\\\/2021\\\/09\\\/08\\\/paso-2021-que-pasa-si-no-voto-en-las-elecciones\\\/#article\",\"isPartOf\":{\"@id\":\"https:\\\/\\\/diariotextual.com\\\/inicio\\\/index.php\\\/2021\\\/09\\\/08\\\/paso-2021-que-pasa-si-no-voto-en-las-elecciones\\\/\"},\"author\":{\"name\":\"Diario1 Diario1\",\"@id\":\"https:\\\/\\\/diariotextual.com\\\/inicio\\\/#\\\/schema\\\/person\\\/418fc4093c33e86ed41562db3508f958\"},\"headline\":\"PASO 2021: qu\u00e9 pasa si no voto en las elecciones\",\"datePublished\":\"2021-09-08T10:46:08+00:00\",\"dateModified\":\"2021-09-08T10:46:09+00:00\",\"mainEntityOfPage\":{\"@id\":\"https:\\\/\\\/diariotextual.com\\\/inicio\\\/index.php\\\/2021\\\/09\\\/08\\\/paso-2021-que-pasa-si-no-voto-en-las-elecciones\\\/\"},\"wordCount\":442,\"publisher\":{\"@id\":\"https:\\\/\\\/diariotextual.com\\\/inicio\\\/#organization\"},\"image\":{\"@id\":\"https:\\\/\\\/diariotextual.com\\\/inicio\\\/index.php\\\/2021\\\/09\\\/08\\\/paso-2021-que-pasa-si-no-voto-en-las-elecciones\\\/#primaryimage\"},\"thumbnailUrl\":\"https:\\\/\\\/diariotextual.com\\\/inicio\\\/wp-content\\\/uploads\\\/2018\\\/11\\\/eleccionestelamurnas21.jpg\",\"keywords\":[\"paso\",\"voto\"],\"articleSection\":[\"A - DESTACADAS (mod 16)\",\"POLITICA\"],\"inLanguage\":\"es\"},{\"@type\":\"WebPage\",\"@id\":\"https:\\\/\\\/diariotextual.com\\\/inicio\\\/index.php\\\/2021\\\/09\\\/08\\\/paso-2021-que-pasa-si-no-voto-en-las-elecciones\\\/\",\"url\":\"https:\\\/\\\/diariotextual.com\\\/inicio\\\/index.php\\\/2021\\\/09\\\/08\\\/paso-2021-que-pasa-si-no-voto-en-las-elecciones\\\/\",\"name\":\"PASO 2021: qu\u00e9 pasa si no voto en las elecciones - Diario Textual\",\"isPartOf\":{\"@id\":\"https:\\\/\\\/diariotextual.com\\\/inicio\\\/#website\"},\"primaryImageOfPage\":{\"@id\":\"https:\\\/\\\/diariotextual.com\\\/inicio\\\/index.php\\\/2021\\\/09\\\/08\\\/paso-2021-que-pasa-si-no-voto-en-las-elecciones\\\/#primaryimage\"},\"image\":{\"@id\":\"https:\\\/\\\/diariotextual.com\\\/inicio\\\/index.php\\\/2021\\\/09\\\/08\\\/paso-2021-que-pasa-si-no-voto-en-las-elecciones\\\/#primaryimage\"},\"thumbnailUrl\":\"https:\\\/\\\/diariotextual.com\\\/inicio\\\/wp-content\\\/uploads\\\/2018\\\/11\\\/eleccionestelamurnas21.jpg\",\"datePublished\":\"2021-09-08T10:46:08+00:00\",\"dateModified\":\"2021-09-08T10:46:09+00:00\",\"breadcrumb\":{\"@id\":\"https:\\\/\\\/diariotextual.com\\\/inicio\\\/index.php\\\/2021\\\/09\\\/08\\\/paso-2021-que-pasa-si-no-voto-en-las-elecciones\\\/#breadcrumb\"},\"inLanguage\":\"es\",\"potentialAction\":[{\"@type\":\"ReadAction\",\"target\":[\"https:\\\/\\\/diariotextual.com\\\/inicio\\\/index.php\\\/2021\\\/09\\\/08\\\/paso-2021-que-pasa-si-no-voto-en-las-elecciones\\\/\"]}]},{\"@type\":\"ImageObject\",\"inLanguage\":\"es\",\"@id\":\"https:\\\/\\\/diariotextual.com\\\/inicio\\\/index.php\\\/2021\\\/09\\\/08\\\/paso-2021-que-pasa-si-no-voto-en-las-elecciones\\\/#primaryimage\",\"url\":\"https:\\\/\\\/diariotextual.com\\\/inicio\\\/wp-content\\\/uploads\\\/2018\\\/11\\\/eleccionestelamurnas21.jpg\",\"contentUrl\":\"https:\\\/\\\/diariotextual.com\\\/inicio\\\/wp-content\\\/uploads\\\/2018\\\/11\\\/eleccionestelamurnas21.jpg\",\"width\":1140,\"height\":737},{\"@type\":\"BreadcrumbList\",\"@id\":\"https:\\\/\\\/diariotextual.com\\\/inicio\\\/index.php\\\/2021\\\/09\\\/08\\\/paso-2021-que-pasa-si-no-voto-en-las-elecciones\\\/#breadcrumb\",\"itemListElement\":[{\"@type\":\"ListItem\",\"position\":1,\"name\":\"Portada\",\"item\":\"https:\\\/\\\/diariotextual.com\\\/inicio\\\/\"},{\"@type\":\"ListItem\",\"position\":2,\"name\":\"PASO 2021: qu\u00e9 pasa si no voto en las elecciones\"}]},{\"@type\":\"WebSite\",\"@id\":\"https:\\\/\\\/diariotextual.com\\\/inicio\\\/#website\",\"url\":\"https:\\\/\\\/diariotextual.com\\\/inicio\\\/\",\"name\":\"Diario Textual\",\"description\":\"\",\"publisher\":{\"@id\":\"https:\\\/\\\/diariotextual.com\\\/inicio\\\/#organization\"},\"potentialAction\":[{\"@type\":\"SearchAction\",\"target\":{\"@type\":\"EntryPoint\",\"urlTemplate\":\"https:\\\/\\\/diariotextual.com\\\/inicio\\\/?s={search_term_string}\"},\"query-input\":{\"@type\":\"PropertyValueSpecification\",\"valueRequired\":true,\"valueName\":\"search_term_string\"}}],\"inLanguage\":\"es\"},{\"@type\":\"Organization\",\"@id\":\"https:\\\/\\\/diariotextual.com\\\/inicio\\\/#organization\",\"name\":\"Diario Textual\",\"url\":\"https:\\\/\\\/diariotextual.com\\\/inicio\\\/\",\"logo\":{\"@type\":\"ImageObject\",\"inLanguage\":\"es\",\"@id\":\"https:\\\/\\\/diariotextual.com\\\/inicio\\\/#\\\/schema\\\/logo\\\/image\\\/\",\"url\":\"https:\\\/\\\/diariotextual.com\\\/inicio\\\/wp-content\\\/uploads\\\/2023\\\/05\\\/logotextual1.jpg\",\"contentUrl\":\"https:\\\/\\\/diariotextual.com\\\/inicio\\\/wp-content\\\/uploads\\\/2023\\\/05\\\/logotextual1.jpg\",\"width\":516,\"height\":76,\"caption\":\"Diario Textual\"},\"image\":{\"@id\":\"https:\\\/\\\/diariotextual.com\\\/inicio\\\/#\\\/schema\\\/logo\\\/image\\\/\"},\"sameAs\":[\"https:\\\/\\\/www.facebook.com\\\/eltextual\",\"https:\\\/\\\/x.com\\\/eltextual\",\"http:\\\/\\\/www.instagram.com\\\/eltextual\"]},{\"@type\":\"Person\",\"@id\":\"https:\\\/\\\/diariotextual.com\\\/inicio\\\/#\\\/schema\\\/person\\\/418fc4093c33e86ed41562db3508f958\",\"name\":\"Diario1 Diario1\",\"image\":{\"@type\":\"ImageObject\",\"inLanguage\":\"es\",\"@id\":\"https:\\\/\\\/secure.gravatar.com\\\/avatar\\\/9167d280179c85bc18be67aa7eda765854300033af4896dd779b608640f2ef7a?s=96&d=mm&r=g\",\"url\":\"https:\\\/\\\/secure.gravatar.com\\\/avatar\\\/9167d280179c85bc18be67aa7eda765854300033af4896dd779b608640f2ef7a?s=96&d=mm&r=g\",\"contentUrl\":\"https:\\\/\\\/secure.gravatar.com\\\/avatar\\\/9167d280179c85bc18be67aa7eda765854300033af4896dd779b608640f2ef7a?s=96&d=mm&r=g\",\"caption\":\"Diario1 Diario1\"},\"url\":\"https:\\\/\\\/diariotextual.com\\\/inicio\\\/index.php\\\/author\\\/diario1\\\/\"}]}<\/script>\n<!-- \/ Yoast SEO plugin. -->","yoast_head_json":{"title":"PASO 2021: qu\u00e9 pasa si no voto en las elecciones - Diario Textual","robots":{"index":"index","follow":"follow","max-snippet":"max-snippet:-1","max-image-preview":"max-image-preview:large","max-video-preview":"max-video-preview:-1"},"canonical":"https:\/\/diariotextual.com\/inicio\/index.php\/2021\/09\/08\/paso-2021-que-pasa-si-no-voto-en-las-elecciones\/","og_locale":"es_ES","og_type":"article","og_title":"PASO 2021: qu\u00e9 pasa si no voto en las elecciones - Diario Textual","og_description":"El voto en las elecciones 2021 es obligatorio, tanto en las Primarias Abiertas, Simult\u00e1neas y Obligatorias (PASO) del 12 de septiembre como en las generales del 14 de noviembre, salvo&hellip;","og_url":"https:\/\/diariotextual.com\/inicio\/index.php\/2021\/09\/08\/paso-2021-que-pasa-si-no-voto-en-las-elecciones\/","og_site_name":"Diario Textual","article_publisher":"https:\/\/www.facebook.com\/eltextual","article_published_time":"2021-09-08T10:46:08+00:00","article_modified_time":"2021-09-08T10:46:09+00:00","og_image":[{"width":1140,"height":737,"url":"https:\/\/diariotextual.com\/inicio\/wp-content\/uploads\/2018\/11\/eleccionestelamurnas21.jpg","type":"image\/jpeg"}],"author":"Diario1 Diario1","twitter_card":"summary_large_image","twitter_creator":"@eltextual","twitter_site":"@eltextual","twitter_misc":{"Escrito por":"Diario1 Diario1","Tiempo de lectura":"2 minutos"},"schema":{"@context":"https:\/\/schema.org","@graph":[{"@type":"Article","@id":"https:\/\/diariotextual.com\/inicio\/index.php\/2021\/09\/08\/paso-2021-que-pasa-si-no-voto-en-las-elecciones\/#article","isPartOf":{"@id":"https:\/\/diariotextual.com\/inicio\/index.php\/2021\/09\/08\/paso-2021-que-pasa-si-no-voto-en-las-elecciones\/"},"author":{"name":"Diario1 Diario1","@id":"https:\/\/diariotextual.com\/inicio\/#\/schema\/person\/418fc4093c33e86ed41562db3508f958"},"headline":"PASO 2021: qu\u00e9 pasa si no voto en las elecciones","datePublished":"2021-09-08T10:46:08+00:00","dateModified":"2021-09-08T10:46:09+00:00","mainEntityOfPage":{"@id":"https:\/\/diariotextual.com\/inicio\/index.php\/2021\/09\/08\/paso-2021-que-pasa-si-no-voto-en-las-elecciones\/"},"wordCount":442,"publisher":{"@id":"https:\/\/diariotextual.com\/inicio\/#organization"},"image":{"@id":"https:\/\/diariotextual.com\/inicio\/index.php\/2021\/09\/08\/paso-2021-que-pasa-si-no-voto-en-las-elecciones\/#primaryimage"},"thumbnailUrl":"https:\/\/diariotextual.com\/inicio\/wp-content\/uploads\/2018\/11\/eleccionestelamurnas21.jpg","keywords":["paso","voto"],"articleSection":["A - DESTACADAS (mod 16)","POLITICA"],"inLanguage":"es"},{"@type":"WebPage","@id":"https:\/\/diariotextual.com\/inicio\/index.php\/2021\/09\/08\/paso-2021-que-pasa-si-no-voto-en-las-elecciones\/","url":"https:\/\/diariotextual.com\/inicio\/index.php\/2021\/09\/08\/paso-2021-que-pasa-si-no-voto-en-las-elecciones\/","name":"PASO 2021: qu\u00e9 pasa si no voto en las elecciones - Diario Textual","isPartOf":{"@id":"https:\/\/diariotextual.com\/inicio\/#website"},"primaryImageOfPage":{"@id":"https:\/\/diariotextual.com\/inicio\/index.php\/2021\/09\/08\/paso-2021-que-pasa-si-no-voto-en-las-elecciones\/#primaryimage"},"image":{"@id":"https:\/\/diariotextual.com\/inicio\/index.php\/2021\/09\/08\/paso-2021-que-pasa-si-no-voto-en-las-elecciones\/#primaryimage"},"thumbnailUrl":"https:\/\/diariotextual.com\/inicio\/wp-content\/uploads\/2018\/11\/eleccionestelamurnas21.jpg","datePublished":"2021-09-08T10:46:08+00:00","dateModified":"2021-09-08T10:46:09+00:00","breadcrumb":{"@id":"https:\/\/diariotextual.com\/inicio\/index.php\/2021\/09\/08\/paso-2021-que-pasa-si-no-voto-en-las-elecciones\/#breadcrumb"},"inLanguage":"es","potentialAction":[{"@type":"ReadAction","target":["https:\/\/diariotextual.com\/inicio\/index.php\/2021\/09\/08\/paso-2021-que-pasa-si-no-voto-en-las-elecciones\/"]}]},{"@type":"ImageObject","inLanguage":"es","@id":"https:\/\/diariotextual.com\/inicio\/index.php\/2021\/09\/08\/paso-2021-que-pasa-si-no-voto-en-las-elecciones\/#primaryimage","url":"https:\/\/diariotextual.com\/inicio\/wp-content\/uploads\/2018\/11\/eleccionestelamurnas21.jpg","contentUrl":"https:\/\/diariotextual.com\/inicio\/wp-content\/uploads\/2018\/11\/eleccionestelamurnas21.jpg","width":1140,"height":737},{"@type":"BreadcrumbList","@id":"https:\/\/diariotextual.com\/inicio\/index.php\/2021\/09\/08\/paso-2021-que-pasa-si-no-voto-en-las-elecciones\/#breadcrumb","itemListElement":[{"@type":"ListItem","position":1,"name":"Portada","item":"https:\/\/diariotextual.com\/inicio\/"},{"@type":"ListItem","position":2,"name":"PASO 2021: qu\u00e9 pasa si no voto en las elecciones"}]},{"@type":"WebSite","@id":"https:\/\/diariotextual.com\/inicio\/#website","url":"https:\/\/diariotextual.com\/inicio\/","name":"Diario Textual","description":"","publisher":{"@id":"https:\/\/diariotextual.com\/inicio\/#organization"},"potentialAction":[{"@type":"SearchAction","target":{"@type":"EntryPoint","urlTemplate":"https:\/\/diariotextual.com\/inicio\/?s={search_term_string}"},"query-input":{"@type":"PropertyValueSpecification","valueRequired":true,"valueName":"search_term_string"}}],"inLanguage":"es"},{"@type":"Organization","@id":"https:\/\/diariotextual.com\/inicio\/#organization","name":"Diario Textual","url":"https:\/\/diariotextual.com\/inicio\/","logo":{"@type":"ImageObject","inLanguage":"es","@id":"https:\/\/diariotextual.com\/inicio\/#\/schema\/logo\/image\/","url":"https:\/\/diariotextual.com\/inicio\/wp-content\/uploads\/2023\/05\/logotextual1.jpg","contentUrl":"https:\/\/diariotextual.com\/inicio\/wp-content\/uploads\/2023\/05\/logotextual1.jpg","width":516,"height":76,"caption":"Diario Textual"},"image":{"@id":"https:\/\/diariotextual.com\/inicio\/#\/schema\/logo\/image\/"},"sameAs":["https:\/\/www.facebook.com\/eltextual","https:\/\/x.com\/eltextual","http:\/\/www.instagram.com\/eltextual"]},{"@type":"Person","@id":"https:\/\/diariotextual.com\/inicio\/#\/schema\/person\/418fc4093c33e86ed41562db3508f958","name":"Diario1 Diario1","image":{"@type":"ImageObject","inLanguage":"es","@id":"https:\/\/secure.gravatar.com\/avatar\/9167d280179c85bc18be67aa7eda765854300033af4896dd779b608640f2ef7a?s=96&d=mm&r=g","url":"https:\/\/secure.gravatar.com\/avatar\/9167d280179c85bc18be67aa7eda765854300033af4896dd779b608640f2ef7a?s=96&d=mm&r=g","contentUrl":"https:\/\/secure.gravatar.com\/avatar\/9167d280179c85bc18be67aa7eda765854300033af4896dd779b608640f2ef7a?s=96&d=mm&r=g","caption":"Diario1 Diario1"},"url":"https:\/\/diariotextual.com\/inicio\/index.php\/author\/diario1\/"}]}},"_links":{"self":[{"href":"https:\/\/diariotextual.com\/inicio\/index.php\/wp-json\/wp\/v2\/posts\/160447","targetHints":{"allow":["GET"]}}],"collection":[{"href":"https:\/\/diariotextual.com\/inicio\/index.php\/wp-json\/wp\/v2\/posts"}],"about":[{"href":"https:\/\/diariotextual.com\/inicio\/index.php\/wp-json\/wp\/v2\/types\/post"}],"author":[{"embeddable":true,"href":"https:\/\/diariotextual.com\/inicio\/index.php\/wp-json\/wp\/v2\/users\/3"}],"replies":[{"embeddable":true,"href":"https:\/\/diariotextual.com\/inicio\/index.php\/wp-json\/wp\/v2\/comments?post=160447"}],"version-history":[{"count":1,"href":"https:\/\/diariotextual.com\/inicio\/index.php\/wp-json\/wp\/v2\/posts\/160447\/revisions"}],"predecessor-version":[{"id":160449,"href":"https:\/\/diariotextual.com\/inicio\/index.php\/wp-json\/wp\/v2\/posts\/160447\/revisions\/160449"}],"wp:featuredmedia":[{"embeddable":true,"href":"https:\/\/diariotextual.com\/inicio\/index.php\/wp-json\/wp\/v2\/media\/26048"}],"wp:attachment":[{"href":"https:\/\/diariotextual.com\/inicio\/index.php\/wp-json\/wp\/v2\/media?parent=160447"}],"wp:term":[{"taxonomy":"category","embeddable":true,"href":"https:\/\/diariotextual.com\/inicio\/index.php\/wp-json\/wp\/v2\/categories?post=160447"},{"taxonomy":"post_tag","embeddable":true,"href":"https:\/\/diariotextual.com\/inicio\/index.php\/wp-json\/wp\/v2\/tags?post=160447"}],"curies":[{"name":"wp","href":"https:\/\/api.w.org\/{rel}","templated":true}]}}