{"id":160714,"date":"2021-09-10T08:13:36","date_gmt":"2021-09-10T11:13:36","guid":{"rendered":"https:\/\/diariotextual.com\/inicio\/?p=160714"},"modified":"2021-09-10T12:32:14","modified_gmt":"2021-09-10T15:32:14","slug":"el-frepam-denuncia-que-los-micros-del-emtu-no-tienen-la-revision-tecnica-obligatoria","status":"publish","type":"post","link":"https:\/\/diariotextual.com\/inicio\/index.php\/2021\/09\/10\/el-frepam-denuncia-que-los-micros-del-emtu-no-tienen-la-revision-tecnica-obligatoria\/","title":{"rendered":"El Frepam denuncia que los micros del EMTU no tienen la revisi\u00f3n t\u00e9cnica obligatoria"},"content":{"rendered":"\n<p>El bloque de concejales y concejalas del Frepam denunci\u00f3 que <strong>falta la revisi\u00f3n t\u00e9cnica obligatoria<\/strong> en la mayor\u00eda de los <strong>colectivos urbanos<\/strong> de Santa Rosa recientemente adquiridos por la comuna a la firma Alenco. Pidi\u00f3 la urgente convocatoria a la comisi\u00f3n de seguimiento.<\/p>\n\n\n\n<p>En un comunicado, el Frepam record\u00f3 que desde el mismo momento de la municipalizaci\u00f3n del&nbsp;transporte de pasajeros el bloque asumi\u00f3 el compromiso de trabajar para que las vecinas y vecinos de la ciudad capital puedan contar con un servicio de seguro, accesible y de calidad.<\/p>\n\n\n\n<p>\u201cHicimos muchas propuestas, siempre en una actitud proactiva a fin de cumplir con el compromiso asumido. En varias oportunidades advertimos que el EMTU estaba haciendo circular las unidades, que se le alquilaban a Autobuses Santa Fe, sin el cumplimiento de la correspondiente revisi\u00f3n t\u00e9cnica obligatoria\u201d, dijeron los ediles.<\/p>\n\n\n\n<p>La revisi\u00f3n t\u00e9cnica obligatoria se realiza con el fin de evaluar en qu\u00e9 estado se encuentra cada unidad, haciendo \u00e9nfasis en los sistemas de direcci\u00f3n, tren delantero, tren trasero y suspensi\u00f3n, sistema de frenos, emisi\u00f3n de contaminantes gaseosos y sonoros, neum\u00e1ticos y llantas, sistema el\u00e9ctrico, iluminaci\u00f3n y se\u00f1alizaci\u00f3n.<\/p>\n\n\n\n<p>\u201cSupusimos, que con los m\u00e1s de 100 millones de pesos invertidos en la adquisici\u00f3n de las unidades usadas a la firma Alenco esta situaci\u00f3n no iba a repetirse, pero grande fue nuestra sorpresa cuando al realizar los habituales controles controles que hacemos sobre el desenvolvimiento del servicio, pudimos constatar la falta de RTO vigente de casi todas los colectivos afectados a las distintas l\u00edneas\u201d, alertaron.<\/p>\n\n\n\n<p>\u201cComunicamos esta anomal\u00eda al Ejecutivo sin haber recibido al d\u00eda de la fecha respuesta alguna, demostrando de esta manera la falta de voluntad pol\u00edtica de las autoridades municipales al momento de hacer las cosas como se deben hacer, ya sea informando adecuadamente y, sobre todo, cumpliendo con la normativa en seguridad vial vigente, ya que no puede prestarse el servicio de transporte de pasajeros con colectivos sin la revisi\u00f3n t\u00e9cnica obligatoria correspondiente\u201d, se\u00f1alaron.<\/p>\n\n\n\n<p>\u201cNecesitamos respuesta urgente a esta grave situaci\u00f3n que pone en riesgo a las vecinas y vecinos que utilizan a diario el servicio y solicitamos que se convoque, de manera inmediata, a la comisi\u00f3n de seguimiento para que en conjunto podamos monitorear la situaci\u00f3n del servicio\u201d, reclamaron.<\/p>\n","protected":false},"excerpt":{"rendered":"<p>El bloque de concejales y concejalas del Frepam denunci\u00f3 que falta la revisi\u00f3n t\u00e9cnica obligatoria en la mayor\u00eda de los colectivos urbanos de Santa Rosa recientemente adquiridos por la comuna&hellip;<\/p>\n","protected":false},"author":7,"featured_media":151914,"comment_status":"closed","ping_status":"open","sticky":false,"template":"","format":"standard","meta":{"_acf_changed":false,"footnotes":""},"categories":[1,8],"tags":[2790,6055],"class_list":["post-160714","post","type-post","status-publish","format-standard","has-post-thumbnail","hentry","category-es-noticia","category-politica","tag-micros-urbanos","tag-revision-tecnica-obligatoria"],"acf":[],"yoast_head":"<!-- This site is optimized with the Yoast SEO plugin v27.5 - https:\/\/yoast.com\/product\/yoast-seo-wordpress\/ -->\n<title>El Frepam denuncia que los micros del EMTU no tienen la revisi\u00f3n t\u00e9cnica obligatoria - Diario Textual<\/title>\n<meta name=\"robots\" content=\"index, follow, max-snippet:-1, max-image-preview:large, max-video-preview:-1\" \/>\n<link rel=\"canonical\" href=\"https:\/\/diariotextual.com\/inicio\/index.php\/2021\/09\/10\/el-frepam-denuncia-que-los-micros-del-emtu-no-tienen-la-revision-tecnica-obligatoria\/\" \/>\n<meta property=\"og:locale\" content=\"es_ES\" \/>\n<meta property=\"og:type\" content=\"article\" \/>\n<meta property=\"og:title\" content=\"El Frepam denuncia que los micros del EMTU no tienen la revisi\u00f3n t\u00e9cnica obligatoria - Diario Textual\" \/>\n<meta property=\"og:description\" content=\"El bloque de concejales y concejalas del Frepam denunci\u00f3 que falta la revisi\u00f3n t\u00e9cnica obligatoria en la mayor\u00eda de los colectivos urbanos de Santa Rosa recientemente adquiridos por la comuna&hellip;\" \/>\n<meta property=\"og:url\" content=\"https:\/\/diariotextual.com\/inicio\/index.php\/2021\/09\/10\/el-frepam-denuncia-que-los-micros-del-emtu-no-tienen-la-revision-tecnica-obligatoria\/\" \/>\n<meta property=\"og:site_name\" content=\"Diario Textual\" \/>\n<meta property=\"article:publisher\" content=\"https:\/\/www.facebook.com\/eltextual\" \/>\n<meta property=\"article:published_time\" content=\"2021-09-10T11:13:36+00:00\" \/>\n<meta property=\"article:modified_time\" content=\"2021-09-10T15:32:14+00:00\" \/>\n<meta property=\"og:image\" content=\"https:\/\/diariotextual.com\/inicio\/wp-content\/uploads\/2021\/06\/microsnuevosemtu.jpg\" \/>\n\t<meta property=\"og:image:width\" content=\"1142\" \/>\n\t<meta property=\"og:image:height\" content=\"748\" \/>\n\t<meta property=\"og:image:type\" content=\"image\/jpeg\" \/>\n<meta name=\"author\" content=\"diario5\" \/>\n<meta name=\"twitter:card\" content=\"summary_large_image\" \/>\n<meta name=\"twitter:creator\" content=\"@eltextual\" \/>\n<meta name=\"twitter:site\" content=\"@eltextual\" \/>\n<meta name=\"twitter:label1\" content=\"Escrito por\" \/>\n\t<meta name=\"twitter:data1\" content=\"diario5\" \/>\n\t<meta name=\"twitter:label2\" content=\"Tiempo de lectura\" \/>\n\t<meta name=\"twitter:data2\" content=\"2 minutos\" \/>\n<script type=\"application\/ld+json\" class=\"yoast-schema-graph\">{\"@context\":\"https:\\\/\\\/schema.org\",\"@graph\":[{\"@type\":\"Article\",\"@id\":\"https:\\\/\\\/diariotextual.com\\\/inicio\\\/index.php\\\/2021\\\/09\\\/10\\\/el-frepam-denuncia-que-los-micros-del-emtu-no-tienen-la-revision-tecnica-obligatoria\\\/#article\",\"isPartOf\":{\"@id\":\"https:\\\/\\\/diariotextual.com\\\/inicio\\\/index.php\\\/2021\\\/09\\\/10\\\/el-frepam-denuncia-que-los-micros-del-emtu-no-tienen-la-revision-tecnica-obligatoria\\\/\"},\"author\":{\"name\":\"diario5\",\"@id\":\"https:\\\/\\\/diariotextual.com\\\/inicio\\\/#\\\/schema\\\/person\\\/c7834961ad8b29b1d9cdbf4571299067\"},\"headline\":\"El Frepam denuncia que los micros del EMTU no tienen la revisi\u00f3n t\u00e9cnica obligatoria\",\"datePublished\":\"2021-09-10T11:13:36+00:00\",\"dateModified\":\"2021-09-10T15:32:14+00:00\",\"mainEntityOfPage\":{\"@id\":\"https:\\\/\\\/diariotextual.com\\\/inicio\\\/index.php\\\/2021\\\/09\\\/10\\\/el-frepam-denuncia-que-los-micros-del-emtu-no-tienen-la-revision-tecnica-obligatoria\\\/\"},\"wordCount\":415,\"publisher\":{\"@id\":\"https:\\\/\\\/diariotextual.com\\\/inicio\\\/#organization\"},\"image\":{\"@id\":\"https:\\\/\\\/diariotextual.com\\\/inicio\\\/index.php\\\/2021\\\/09\\\/10\\\/el-frepam-denuncia-que-los-micros-del-emtu-no-tienen-la-revision-tecnica-obligatoria\\\/#primaryimage\"},\"thumbnailUrl\":\"https:\\\/\\\/diariotextual.com\\\/inicio\\\/wp-content\\\/uploads\\\/2021\\\/06\\\/microsnuevosemtu.jpg\",\"keywords\":[\"micros urbanos\",\"revisi\u00f3n t\u00e9cnica obligatoria\"],\"articleSection\":[\"A - ES NOTICIA (van abajo)\",\"POLITICA\"],\"inLanguage\":\"es\"},{\"@type\":\"WebPage\",\"@id\":\"https:\\\/\\\/diariotextual.com\\\/inicio\\\/index.php\\\/2021\\\/09\\\/10\\\/el-frepam-denuncia-que-los-micros-del-emtu-no-tienen-la-revision-tecnica-obligatoria\\\/\",\"url\":\"https:\\\/\\\/diariotextual.com\\\/inicio\\\/index.php\\\/2021\\\/09\\\/10\\\/el-frepam-denuncia-que-los-micros-del-emtu-no-tienen-la-revision-tecnica-obligatoria\\\/\",\"name\":\"El Frepam denuncia que los micros del EMTU no tienen la revisi\u00f3n t\u00e9cnica obligatoria - Diario Textual\",\"isPartOf\":{\"@id\":\"https:\\\/\\\/diariotextual.com\\\/inicio\\\/#website\"},\"primaryImageOfPage\":{\"@id\":\"https:\\\/\\\/diariotextual.com\\\/inicio\\\/index.php\\\/2021\\\/09\\\/10\\\/el-frepam-denuncia-que-los-micros-del-emtu-no-tienen-la-revision-tecnica-obligatoria\\\/#primaryimage\"},\"image\":{\"@id\":\"https:\\\/\\\/diariotextual.com\\\/inicio\\\/index.php\\\/2021\\\/09\\\/10\\\/el-frepam-denuncia-que-los-micros-del-emtu-no-tienen-la-revision-tecnica-obligatoria\\\/#primaryimage\"},\"thumbnailUrl\":\"https:\\\/\\\/diariotextual.com\\\/inicio\\\/wp-content\\\/uploads\\\/2021\\\/06\\\/microsnuevosemtu.jpg\",\"datePublished\":\"2021-09-10T11:13:36+00:00\",\"dateModified\":\"2021-09-10T15:32:14+00:00\",\"breadcrumb\":{\"@id\":\"https:\\\/\\\/diariotextual.com\\\/inicio\\\/index.php\\\/2021\\\/09\\\/10\\\/el-frepam-denuncia-que-los-micros-del-emtu-no-tienen-la-revision-tecnica-obligatoria\\\/#breadcrumb\"},\"inLanguage\":\"es\",\"potentialAction\":[{\"@type\":\"ReadAction\",\"target\":[\"https:\\\/\\\/diariotextual.com\\\/inicio\\\/index.php\\\/2021\\\/09\\\/10\\\/el-frepam-denuncia-que-los-micros-del-emtu-no-tienen-la-revision-tecnica-obligatoria\\\/\"]}]},{\"@type\":\"ImageObject\",\"inLanguage\":\"es\",\"@id\":\"https:\\\/\\\/diariotextual.com\\\/inicio\\\/index.php\\\/2021\\\/09\\\/10\\\/el-frepam-denuncia-que-los-micros-del-emtu-no-tienen-la-revision-tecnica-obligatoria\\\/#primaryimage\",\"url\":\"https:\\\/\\\/diariotextual.com\\\/inicio\\\/wp-content\\\/uploads\\\/2021\\\/06\\\/microsnuevosemtu.jpg\",\"contentUrl\":\"https:\\\/\\\/diariotextual.com\\\/inicio\\\/wp-content\\\/uploads\\\/2021\\\/06\\\/microsnuevosemtu.jpg\",\"width\":1142,\"height\":748},{\"@type\":\"BreadcrumbList\",\"@id\":\"https:\\\/\\\/diariotextual.com\\\/inicio\\\/index.php\\\/2021\\\/09\\\/10\\\/el-frepam-denuncia-que-los-micros-del-emtu-no-tienen-la-revision-tecnica-obligatoria\\\/#breadcrumb\",\"itemListElement\":[{\"@type\":\"ListItem\",\"position\":1,\"name\":\"Portada\",\"item\":\"https:\\\/\\\/diariotextual.com\\\/inicio\\\/\"},{\"@type\":\"ListItem\",\"position\":2,\"name\":\"El Frepam denuncia que los micros del EMTU no tienen la revisi\u00f3n t\u00e9cnica obligatoria\"}]},{\"@type\":\"WebSite\",\"@id\":\"https:\\\/\\\/diariotextual.com\\\/inicio\\\/#website\",\"url\":\"https:\\\/\\\/diariotextual.com\\\/inicio\\\/\",\"name\":\"Diario Textual\",\"description\":\"\",\"publisher\":{\"@id\":\"https:\\\/\\\/diariotextual.com\\\/inicio\\\/#organization\"},\"potentialAction\":[{\"@type\":\"SearchAction\",\"target\":{\"@type\":\"EntryPoint\",\"urlTemplate\":\"https:\\\/\\\/diariotextual.com\\\/inicio\\\/?s={search_term_string}\"},\"query-input\":{\"@type\":\"PropertyValueSpecification\",\"valueRequired\":true,\"valueName\":\"search_term_string\"}}],\"inLanguage\":\"es\"},{\"@type\":\"Organization\",\"@id\":\"https:\\\/\\\/diariotextual.com\\\/inicio\\\/#organization\",\"name\":\"Diario Textual\",\"url\":\"https:\\\/\\\/diariotextual.com\\\/inicio\\\/\",\"logo\":{\"@type\":\"ImageObject\",\"inLanguage\":\"es\",\"@id\":\"https:\\\/\\\/diariotextual.com\\\/inicio\\\/#\\\/schema\\\/logo\\\/image\\\/\",\"url\":\"https:\\\/\\\/diariotextual.com\\\/inicio\\\/wp-content\\\/uploads\\\/2023\\\/05\\\/logotextual1.jpg\",\"contentUrl\":\"https:\\\/\\\/diariotextual.com\\\/inicio\\\/wp-content\\\/uploads\\\/2023\\\/05\\\/logotextual1.jpg\",\"width\":516,\"height\":76,\"caption\":\"Diario Textual\"},\"image\":{\"@id\":\"https:\\\/\\\/diariotextual.com\\\/inicio\\\/#\\\/schema\\\/logo\\\/image\\\/\"},\"sameAs\":[\"https:\\\/\\\/www.facebook.com\\\/eltextual\",\"https:\\\/\\\/x.com\\\/eltextual\",\"http:\\\/\\\/www.instagram.com\\\/eltextual\"]},{\"@type\":\"Person\",\"@id\":\"https:\\\/\\\/diariotextual.com\\\/inicio\\\/#\\\/schema\\\/person\\\/c7834961ad8b29b1d9cdbf4571299067\",\"name\":\"diario5\",\"image\":{\"@type\":\"ImageObject\",\"inLanguage\":\"es\",\"@id\":\"https:\\\/\\\/secure.gravatar.com\\\/avatar\\\/948c893b847ca6df68216ead81b63f363408ec9b0f600fefc0641ce78613b111?s=96&d=mm&r=g\",\"url\":\"https:\\\/\\\/secure.gravatar.com\\\/avatar\\\/948c893b847ca6df68216ead81b63f363408ec9b0f600fefc0641ce78613b111?s=96&d=mm&r=g\",\"contentUrl\":\"https:\\\/\\\/secure.gravatar.com\\\/avatar\\\/948c893b847ca6df68216ead81b63f363408ec9b0f600fefc0641ce78613b111?s=96&d=mm&r=g\",\"caption\":\"diario5\"},\"url\":\"https:\\\/\\\/diariotextual.com\\\/inicio\\\/index.php\\\/author\\\/diario5\\\/\"}]}<\/script>\n<!-- \/ Yoast SEO plugin. -->","yoast_head_json":{"title":"El Frepam denuncia que los micros del EMTU no tienen la revisi\u00f3n t\u00e9cnica obligatoria - Diario Textual","robots":{"index":"index","follow":"follow","max-snippet":"max-snippet:-1","max-image-preview":"max-image-preview:large","max-video-preview":"max-video-preview:-1"},"canonical":"https:\/\/diariotextual.com\/inicio\/index.php\/2021\/09\/10\/el-frepam-denuncia-que-los-micros-del-emtu-no-tienen-la-revision-tecnica-obligatoria\/","og_locale":"es_ES","og_type":"article","og_title":"El Frepam denuncia que los micros del EMTU no tienen la revisi\u00f3n t\u00e9cnica obligatoria - Diario Textual","og_description":"El bloque de concejales y concejalas del Frepam denunci\u00f3 que falta la revisi\u00f3n t\u00e9cnica obligatoria en la mayor\u00eda de los colectivos urbanos de Santa Rosa recientemente adquiridos por la comuna&hellip;","og_url":"https:\/\/diariotextual.com\/inicio\/index.php\/2021\/09\/10\/el-frepam-denuncia-que-los-micros-del-emtu-no-tienen-la-revision-tecnica-obligatoria\/","og_site_name":"Diario Textual","article_publisher":"https:\/\/www.facebook.com\/eltextual","article_published_time":"2021-09-10T11:13:36+00:00","article_modified_time":"2021-09-10T15:32:14+00:00","og_image":[{"width":1142,"height":748,"url":"https:\/\/diariotextual.com\/inicio\/wp-content\/uploads\/2021\/06\/microsnuevosemtu.jpg","type":"image\/jpeg"}],"author":"diario5","twitter_card":"summary_large_image","twitter_creator":"@eltextual","twitter_site":"@eltextual","twitter_misc":{"Escrito por":"diario5","Tiempo de lectura":"2 minutos"},"schema":{"@context":"https:\/\/schema.org","@graph":[{"@type":"Article","@id":"https:\/\/diariotextual.com\/inicio\/index.php\/2021\/09\/10\/el-frepam-denuncia-que-los-micros-del-emtu-no-tienen-la-revision-tecnica-obligatoria\/#article","isPartOf":{"@id":"https:\/\/diariotextual.com\/inicio\/index.php\/2021\/09\/10\/el-frepam-denuncia-que-los-micros-del-emtu-no-tienen-la-revision-tecnica-obligatoria\/"},"author":{"name":"diario5","@id":"https:\/\/diariotextual.com\/inicio\/#\/schema\/person\/c7834961ad8b29b1d9cdbf4571299067"},"headline":"El Frepam denuncia que los micros del EMTU no tienen la revisi\u00f3n t\u00e9cnica obligatoria","datePublished":"2021-09-10T11:13:36+00:00","dateModified":"2021-09-10T15:32:14+00:00","mainEntityOfPage":{"@id":"https:\/\/diariotextual.com\/inicio\/index.php\/2021\/09\/10\/el-frepam-denuncia-que-los-micros-del-emtu-no-tienen-la-revision-tecnica-obligatoria\/"},"wordCount":415,"publisher":{"@id":"https:\/\/diariotextual.com\/inicio\/#organization"},"image":{"@id":"https:\/\/diariotextual.com\/inicio\/index.php\/2021\/09\/10\/el-frepam-denuncia-que-los-micros-del-emtu-no-tienen-la-revision-tecnica-obligatoria\/#primaryimage"},"thumbnailUrl":"https:\/\/diariotextual.com\/inicio\/wp-content\/uploads\/2021\/06\/microsnuevosemtu.jpg","keywords":["micros urbanos","revisi\u00f3n t\u00e9cnica obligatoria"],"articleSection":["A - ES NOTICIA (van abajo)","POLITICA"],"inLanguage":"es"},{"@type":"WebPage","@id":"https:\/\/diariotextual.com\/inicio\/index.php\/2021\/09\/10\/el-frepam-denuncia-que-los-micros-del-emtu-no-tienen-la-revision-tecnica-obligatoria\/","url":"https:\/\/diariotextual.com\/inicio\/index.php\/2021\/09\/10\/el-frepam-denuncia-que-los-micros-del-emtu-no-tienen-la-revision-tecnica-obligatoria\/","name":"El Frepam denuncia que los micros del EMTU no tienen la revisi\u00f3n t\u00e9cnica obligatoria - Diario Textual","isPartOf":{"@id":"https:\/\/diariotextual.com\/inicio\/#website"},"primaryImageOfPage":{"@id":"https:\/\/diariotextual.com\/inicio\/index.php\/2021\/09\/10\/el-frepam-denuncia-que-los-micros-del-emtu-no-tienen-la-revision-tecnica-obligatoria\/#primaryimage"},"image":{"@id":"https:\/\/diariotextual.com\/inicio\/index.php\/2021\/09\/10\/el-frepam-denuncia-que-los-micros-del-emtu-no-tienen-la-revision-tecnica-obligatoria\/#primaryimage"},"thumbnailUrl":"https:\/\/diariotextual.com\/inicio\/wp-content\/uploads\/2021\/06\/microsnuevosemtu.jpg","datePublished":"2021-09-10T11:13:36+00:00","dateModified":"2021-09-10T15:32:14+00:00","breadcrumb":{"@id":"https:\/\/diariotextual.com\/inicio\/index.php\/2021\/09\/10\/el-frepam-denuncia-que-los-micros-del-emtu-no-tienen-la-revision-tecnica-obligatoria\/#breadcrumb"},"inLanguage":"es","potentialAction":[{"@type":"ReadAction","target":["https:\/\/diariotextual.com\/inicio\/index.php\/2021\/09\/10\/el-frepam-denuncia-que-los-micros-del-emtu-no-tienen-la-revision-tecnica-obligatoria\/"]}]},{"@type":"ImageObject","inLanguage":"es","@id":"https:\/\/diariotextual.com\/inicio\/index.php\/2021\/09\/10\/el-frepam-denuncia-que-los-micros-del-emtu-no-tienen-la-revision-tecnica-obligatoria\/#primaryimage","url":"https:\/\/diariotextual.com\/inicio\/wp-content\/uploads\/2021\/06\/microsnuevosemtu.jpg","contentUrl":"https:\/\/diariotextual.com\/inicio\/wp-content\/uploads\/2021\/06\/microsnuevosemtu.jpg","width":1142,"height":748},{"@type":"BreadcrumbList","@id":"https:\/\/diariotextual.com\/inicio\/index.php\/2021\/09\/10\/el-frepam-denuncia-que-los-micros-del-emtu-no-tienen-la-revision-tecnica-obligatoria\/#breadcrumb","itemListElement":[{"@type":"ListItem","position":1,"name":"Portada","item":"https:\/\/diariotextual.com\/inicio\/"},{"@type":"ListItem","position":2,"name":"El Frepam denuncia que los micros del EMTU no tienen la revisi\u00f3n t\u00e9cnica obligatoria"}]},{"@type":"WebSite","@id":"https:\/\/diariotextual.com\/inicio\/#website","url":"https:\/\/diariotextual.com\/inicio\/","name":"Diario Textual","description":"","publisher":{"@id":"https:\/\/diariotextual.com\/inicio\/#organization"},"potentialAction":[{"@type":"SearchAction","target":{"@type":"EntryPoint","urlTemplate":"https:\/\/diariotextual.com\/inicio\/?s={search_term_string}"},"query-input":{"@type":"PropertyValueSpecification","valueRequired":true,"valueName":"search_term_string"}}],"inLanguage":"es"},{"@type":"Organization","@id":"https:\/\/diariotextual.com\/inicio\/#organization","name":"Diario Textual","url":"https:\/\/diariotextual.com\/inicio\/","logo":{"@type":"ImageObject","inLanguage":"es","@id":"https:\/\/diariotextual.com\/inicio\/#\/schema\/logo\/image\/","url":"https:\/\/diariotextual.com\/inicio\/wp-content\/uploads\/2023\/05\/logotextual1.jpg","contentUrl":"https:\/\/diariotextual.com\/inicio\/wp-content\/uploads\/2023\/05\/logotextual1.jpg","width":516,"height":76,"caption":"Diario Textual"},"image":{"@id":"https:\/\/diariotextual.com\/inicio\/#\/schema\/logo\/image\/"},"sameAs":["https:\/\/www.facebook.com\/eltextual","https:\/\/x.com\/eltextual","http:\/\/www.instagram.com\/eltextual"]},{"@type":"Person","@id":"https:\/\/diariotextual.com\/inicio\/#\/schema\/person\/c7834961ad8b29b1d9cdbf4571299067","name":"diario5","image":{"@type":"ImageObject","inLanguage":"es","@id":"https:\/\/secure.gravatar.com\/avatar\/948c893b847ca6df68216ead81b63f363408ec9b0f600fefc0641ce78613b111?s=96&d=mm&r=g","url":"https:\/\/secure.gravatar.com\/avatar\/948c893b847ca6df68216ead81b63f363408ec9b0f600fefc0641ce78613b111?s=96&d=mm&r=g","contentUrl":"https:\/\/secure.gravatar.com\/avatar\/948c893b847ca6df68216ead81b63f363408ec9b0f600fefc0641ce78613b111?s=96&d=mm&r=g","caption":"diario5"},"url":"https:\/\/diariotextual.com\/inicio\/index.php\/author\/diario5\/"}]}},"_links":{"self":[{"href":"https:\/\/diariotextual.com\/inicio\/index.php\/wp-json\/wp\/v2\/posts\/160714","targetHints":{"allow":["GET"]}}],"collection":[{"href":"https:\/\/diariotextual.com\/inicio\/index.php\/wp-json\/wp\/v2\/posts"}],"about":[{"href":"https:\/\/diariotextual.com\/inicio\/index.php\/wp-json\/wp\/v2\/types\/post"}],"author":[{"embeddable":true,"href":"https:\/\/diariotextual.com\/inicio\/index.php\/wp-json\/wp\/v2\/users\/7"}],"replies":[{"embeddable":true,"href":"https:\/\/diariotextual.com\/inicio\/index.php\/wp-json\/wp\/v2\/comments?post=160714"}],"version-history":[{"count":2,"href":"https:\/\/diariotextual.com\/inicio\/index.php\/wp-json\/wp\/v2\/posts\/160714\/revisions"}],"predecessor-version":[{"id":160734,"href":"https:\/\/diariotextual.com\/inicio\/index.php\/wp-json\/wp\/v2\/posts\/160714\/revisions\/160734"}],"wp:featuredmedia":[{"embeddable":true,"href":"https:\/\/diariotextual.com\/inicio\/index.php\/wp-json\/wp\/v2\/media\/151914"}],"wp:attachment":[{"href":"https:\/\/diariotextual.com\/inicio\/index.php\/wp-json\/wp\/v2\/media?parent=160714"}],"wp:term":[{"taxonomy":"category","embeddable":true,"href":"https:\/\/diariotextual.com\/inicio\/index.php\/wp-json\/wp\/v2\/categories?post=160714"},{"taxonomy":"post_tag","embeddable":true,"href":"https:\/\/diariotextual.com\/inicio\/index.php\/wp-json\/wp\/v2\/tags?post=160714"}],"curies":[{"name":"wp","href":"https:\/\/api.w.org\/{rel}","templated":true}]}}