{"id":160732,"date":"2021-09-10T12:31:55","date_gmt":"2021-09-10T15:31:55","guid":{"rendered":"https:\/\/diariotextual.com\/inicio\/?p=160732"},"modified":"2021-09-10T15:07:06","modified_gmt":"2021-09-10T18:07:06","slug":"el-titular-del-emtu-niega-falta-de-revision-tecnica-en-micros-y-asegura-que-estan-en-condiciones-para-circular","status":"publish","type":"post","link":"https:\/\/diariotextual.com\/inicio\/index.php\/2021\/09\/10\/el-titular-del-emtu-niega-falta-de-revision-tecnica-en-micros-y-asegura-que-estan-en-condiciones-para-circular\/","title":{"rendered":"El Emtu niega que falte la revisi\u00f3n t\u00e9cnica de los micros"},"content":{"rendered":"\n<p>El titular del <strong>Ente Municipal de Transporte Urbano<\/strong> (Emtu), Emanuel Alfayate,&nbsp;sali\u00f3 al cruce de la denuncia del bloque de concejales y concejalas del Frepam sobre la falta de <strong>revisi\u00f3n t\u00e9cnica obligatoria de los micros<\/strong> adquiridos recientemente por la comuna. Dijo que <strong>las unidades ten\u00edan una verificaci\u00f3n hecha en Buenos Aries<\/strong> cuando los entregaron desde la concesionaria Alenco y asegur\u00f3 que todas est\u00e1n \u201cen condiciones\u201d para circular.<\/p>\n\n\n\n<p>Este viernes los <strong><a href=\"https:\/\/diariotextual.com\/inicio\/index.php\/2021\/09\/10\/el-frepam-denuncia-que-los-micros-del-emtu-no-tienen-la-revision-tecnica-obligatoria\/\" target=\"_blank\" rel=\"noreferrer noopener\">concejales y concejalas del Frepam denunciaron p\u00fablicamente que los micros del EMTU carecen de revisi\u00f3n t\u00e9cnica obligatoria <\/a><\/strong> y pidieron la urgente convocatoria a la comisi\u00f3n de seguimiento del transporte p\u00fablico.<\/p>\n\n\n\n<p>Los 28 colectivos que prestan el servicio en Santa Rosa fueron adquiridos recientemente por el municipio a la firma Alenco S.A. Son micros usados, pero restaurados y con pocos a\u00f1os de rodaje. <\/p>\n\n\n\n<p>El titular del EMTU, Emanuel Alfayate, explic\u00f3 que todos est\u00e1n \u201cen condiciones\u201d para circular y&nbsp;asegur\u00f3 que no hay \u201criesgos\u201d para los usuarios.<\/p>\n\n\n\n<p>Explic\u00f3 que las unidades fueron verificadas hace dos meses, cuando la empresa las entreg\u00f3. Asegur\u00f3 que se \u201cmonitorean todos los d\u00edas\u201d y anunci\u00f3 que la revisi\u00f3n t\u00e9cnica oficial en Santa Rosa se completar\u00e1 en 15 d\u00edas.<\/p>\n\n\n\n<p>\u201cLa ley exige que la revisi\u00f3n t\u00e9cnica obligatoria se haga en el lugar de radicaci\u00f3n de los micros, raz\u00f3n por la cual no figura en la p\u00e1gina oficial porque el tr\u00e1mite se realiz\u00f3 hace dos meses cuando los recibimos\u201d, explic\u00f3 Alfayate.<\/p>\n\n\n\n<p>\u201cLa verificaci\u00f3n en la planta de Santa Rosa se completar\u00e1 en 15 d\u00edas, ya que es un tr\u00e1mite que estamos haciendo todas las semanas llevando las unidades, no es algo que pueda hacerse en un solo d\u00eda\u201d, dijo el funcionario.<\/p>\n\n\n\n<p>\u201cEl proceso de revisi\u00f3n lleva verificaciones previas. Nosotros los recibimos avalados por un ingeniero. Lo que hizo el EMTU es empezar la verificaci\u00f3n t\u00e9cnica en la planta de Santa Rosa. Pero eso lleva tiempo, no podemos llevar los 28 colectivos juntos y, adem\u00e1s, por ah\u00ed le hacen observaciones y hay que arreglar algo y volver despu\u00e9s\u201d, precis\u00f3.<\/p>\n\n\n\n<p><\/p>\n","protected":false},"excerpt":{"rendered":"<p>El titular del Ente Municipal de Transporte Urbano (Emtu), Emanuel Alfayate,&nbsp;sali\u00f3 al cruce de la denuncia del bloque de concejales y concejalas del Frepam sobre la falta de revisi\u00f3n t\u00e9cnica&hellip;<\/p>\n","protected":false},"author":7,"featured_media":156753,"comment_status":"closed","ping_status":"open","sticky":false,"template":"","format":"standard","meta":{"_acf_changed":false,"footnotes":""},"categories":[10,12],"tags":[3180,1300,6057],"class_list":["post-160732","post","type-post","status-publish","format-standard","has-post-thumbnail","hentry","category-portada-2","category-sociedad","tag-emtu","tag-micros","tag-revision-tecnica"],"acf":[],"yoast_head":"<!-- This site is optimized with the Yoast SEO plugin v27.5 - https:\/\/yoast.com\/product\/yoast-seo-wordpress\/ -->\n<title>El Emtu niega que falte la revisi\u00f3n t\u00e9cnica de los micros - Diario Textual<\/title>\n<meta name=\"robots\" content=\"index, follow, max-snippet:-1, max-image-preview:large, max-video-preview:-1\" \/>\n<link rel=\"canonical\" href=\"https:\/\/diariotextual.com\/inicio\/index.php\/2021\/09\/10\/el-titular-del-emtu-niega-falta-de-revision-tecnica-en-micros-y-asegura-que-estan-en-condiciones-para-circular\/\" \/>\n<meta property=\"og:locale\" content=\"es_ES\" \/>\n<meta property=\"og:type\" content=\"article\" \/>\n<meta property=\"og:title\" content=\"El Emtu niega que falte la revisi\u00f3n t\u00e9cnica de los micros - Diario Textual\" \/>\n<meta property=\"og:description\" content=\"El titular del Ente Municipal de Transporte Urbano (Emtu), Emanuel Alfayate,&nbsp;sali\u00f3 al cruce de la denuncia del bloque de concejales y concejalas del Frepam sobre la falta de revisi\u00f3n t\u00e9cnica&hellip;\" \/>\n<meta property=\"og:url\" content=\"https:\/\/diariotextual.com\/inicio\/index.php\/2021\/09\/10\/el-titular-del-emtu-niega-falta-de-revision-tecnica-en-micros-y-asegura-que-estan-en-condiciones-para-circular\/\" \/>\n<meta property=\"og:site_name\" content=\"Diario Textual\" \/>\n<meta property=\"article:publisher\" content=\"https:\/\/www.facebook.com\/eltextual\" \/>\n<meta property=\"article:published_time\" content=\"2021-09-10T15:31:55+00:00\" \/>\n<meta property=\"article:modified_time\" content=\"2021-09-10T18:07:06+00:00\" \/>\n<meta property=\"og:image\" content=\"https:\/\/diariotextual.com\/inicio\/wp-content\/uploads\/2021\/08\/microsemtucolectivossantarosa2021-3.jpg\" \/>\n\t<meta property=\"og:image:width\" content=\"911\" \/>\n\t<meta property=\"og:image:height\" content=\"571\" \/>\n\t<meta property=\"og:image:type\" content=\"image\/jpeg\" \/>\n<meta name=\"author\" content=\"diario5\" \/>\n<meta name=\"twitter:card\" content=\"summary_large_image\" \/>\n<meta name=\"twitter:creator\" content=\"@eltextual\" \/>\n<meta name=\"twitter:site\" content=\"@eltextual\" \/>\n<meta name=\"twitter:label1\" content=\"Escrito por\" \/>\n\t<meta name=\"twitter:data1\" content=\"diario5\" \/>\n\t<meta name=\"twitter:label2\" content=\"Tiempo de lectura\" \/>\n\t<meta name=\"twitter:data2\" content=\"2 minutos\" \/>\n<script type=\"application\/ld+json\" class=\"yoast-schema-graph\">{\"@context\":\"https:\\\/\\\/schema.org\",\"@graph\":[{\"@type\":\"Article\",\"@id\":\"https:\\\/\\\/diariotextual.com\\\/inicio\\\/index.php\\\/2021\\\/09\\\/10\\\/el-titular-del-emtu-niega-falta-de-revision-tecnica-en-micros-y-asegura-que-estan-en-condiciones-para-circular\\\/#article\",\"isPartOf\":{\"@id\":\"https:\\\/\\\/diariotextual.com\\\/inicio\\\/index.php\\\/2021\\\/09\\\/10\\\/el-titular-del-emtu-niega-falta-de-revision-tecnica-en-micros-y-asegura-que-estan-en-condiciones-para-circular\\\/\"},\"author\":{\"name\":\"diario5\",\"@id\":\"https:\\\/\\\/diariotextual.com\\\/inicio\\\/#\\\/schema\\\/person\\\/c7834961ad8b29b1d9cdbf4571299067\"},\"headline\":\"El Emtu niega que falte la revisi\u00f3n t\u00e9cnica de los micros\",\"datePublished\":\"2021-09-10T15:31:55+00:00\",\"dateModified\":\"2021-09-10T18:07:06+00:00\",\"mainEntityOfPage\":{\"@id\":\"https:\\\/\\\/diariotextual.com\\\/inicio\\\/index.php\\\/2021\\\/09\\\/10\\\/el-titular-del-emtu-niega-falta-de-revision-tecnica-en-micros-y-asegura-que-estan-en-condiciones-para-circular\\\/\"},\"wordCount\":372,\"publisher\":{\"@id\":\"https:\\\/\\\/diariotextual.com\\\/inicio\\\/#organization\"},\"image\":{\"@id\":\"https:\\\/\\\/diariotextual.com\\\/inicio\\\/index.php\\\/2021\\\/09\\\/10\\\/el-titular-del-emtu-niega-falta-de-revision-tecnica-en-micros-y-asegura-que-estan-en-condiciones-para-circular\\\/#primaryimage\"},\"thumbnailUrl\":\"https:\\\/\\\/diariotextual.com\\\/inicio\\\/wp-content\\\/uploads\\\/2021\\\/08\\\/microsemtucolectivossantarosa2021-3.jpg\",\"keywords\":[\"emtu\",\"micros\",\"revisi\u00f3n t\u00e9cnica\"],\"articleSection\":[\"A - PORTADA2\",\"SOCIEDAD\"],\"inLanguage\":\"es\"},{\"@type\":\"WebPage\",\"@id\":\"https:\\\/\\\/diariotextual.com\\\/inicio\\\/index.php\\\/2021\\\/09\\\/10\\\/el-titular-del-emtu-niega-falta-de-revision-tecnica-en-micros-y-asegura-que-estan-en-condiciones-para-circular\\\/\",\"url\":\"https:\\\/\\\/diariotextual.com\\\/inicio\\\/index.php\\\/2021\\\/09\\\/10\\\/el-titular-del-emtu-niega-falta-de-revision-tecnica-en-micros-y-asegura-que-estan-en-condiciones-para-circular\\\/\",\"name\":\"El Emtu niega que falte la revisi\u00f3n t\u00e9cnica de los micros - Diario Textual\",\"isPartOf\":{\"@id\":\"https:\\\/\\\/diariotextual.com\\\/inicio\\\/#website\"},\"primaryImageOfPage\":{\"@id\":\"https:\\\/\\\/diariotextual.com\\\/inicio\\\/index.php\\\/2021\\\/09\\\/10\\\/el-titular-del-emtu-niega-falta-de-revision-tecnica-en-micros-y-asegura-que-estan-en-condiciones-para-circular\\\/#primaryimage\"},\"image\":{\"@id\":\"https:\\\/\\\/diariotextual.com\\\/inicio\\\/index.php\\\/2021\\\/09\\\/10\\\/el-titular-del-emtu-niega-falta-de-revision-tecnica-en-micros-y-asegura-que-estan-en-condiciones-para-circular\\\/#primaryimage\"},\"thumbnailUrl\":\"https:\\\/\\\/diariotextual.com\\\/inicio\\\/wp-content\\\/uploads\\\/2021\\\/08\\\/microsemtucolectivossantarosa2021-3.jpg\",\"datePublished\":\"2021-09-10T15:31:55+00:00\",\"dateModified\":\"2021-09-10T18:07:06+00:00\",\"breadcrumb\":{\"@id\":\"https:\\\/\\\/diariotextual.com\\\/inicio\\\/index.php\\\/2021\\\/09\\\/10\\\/el-titular-del-emtu-niega-falta-de-revision-tecnica-en-micros-y-asegura-que-estan-en-condiciones-para-circular\\\/#breadcrumb\"},\"inLanguage\":\"es\",\"potentialAction\":[{\"@type\":\"ReadAction\",\"target\":[\"https:\\\/\\\/diariotextual.com\\\/inicio\\\/index.php\\\/2021\\\/09\\\/10\\\/el-titular-del-emtu-niega-falta-de-revision-tecnica-en-micros-y-asegura-que-estan-en-condiciones-para-circular\\\/\"]}]},{\"@type\":\"ImageObject\",\"inLanguage\":\"es\",\"@id\":\"https:\\\/\\\/diariotextual.com\\\/inicio\\\/index.php\\\/2021\\\/09\\\/10\\\/el-titular-del-emtu-niega-falta-de-revision-tecnica-en-micros-y-asegura-que-estan-en-condiciones-para-circular\\\/#primaryimage\",\"url\":\"https:\\\/\\\/diariotextual.com\\\/inicio\\\/wp-content\\\/uploads\\\/2021\\\/08\\\/microsemtucolectivossantarosa2021-3.jpg\",\"contentUrl\":\"https:\\\/\\\/diariotextual.com\\\/inicio\\\/wp-content\\\/uploads\\\/2021\\\/08\\\/microsemtucolectivossantarosa2021-3.jpg\",\"width\":911,\"height\":571},{\"@type\":\"BreadcrumbList\",\"@id\":\"https:\\\/\\\/diariotextual.com\\\/inicio\\\/index.php\\\/2021\\\/09\\\/10\\\/el-titular-del-emtu-niega-falta-de-revision-tecnica-en-micros-y-asegura-que-estan-en-condiciones-para-circular\\\/#breadcrumb\",\"itemListElement\":[{\"@type\":\"ListItem\",\"position\":1,\"name\":\"Portada\",\"item\":\"https:\\\/\\\/diariotextual.com\\\/inicio\\\/\"},{\"@type\":\"ListItem\",\"position\":2,\"name\":\"El Emtu niega que falte la revisi\u00f3n t\u00e9cnica de los micros\"}]},{\"@type\":\"WebSite\",\"@id\":\"https:\\\/\\\/diariotextual.com\\\/inicio\\\/#website\",\"url\":\"https:\\\/\\\/diariotextual.com\\\/inicio\\\/\",\"name\":\"Diario Textual\",\"description\":\"\",\"publisher\":{\"@id\":\"https:\\\/\\\/diariotextual.com\\\/inicio\\\/#organization\"},\"potentialAction\":[{\"@type\":\"SearchAction\",\"target\":{\"@type\":\"EntryPoint\",\"urlTemplate\":\"https:\\\/\\\/diariotextual.com\\\/inicio\\\/?s={search_term_string}\"},\"query-input\":{\"@type\":\"PropertyValueSpecification\",\"valueRequired\":true,\"valueName\":\"search_term_string\"}}],\"inLanguage\":\"es\"},{\"@type\":\"Organization\",\"@id\":\"https:\\\/\\\/diariotextual.com\\\/inicio\\\/#organization\",\"name\":\"Diario Textual\",\"url\":\"https:\\\/\\\/diariotextual.com\\\/inicio\\\/\",\"logo\":{\"@type\":\"ImageObject\",\"inLanguage\":\"es\",\"@id\":\"https:\\\/\\\/diariotextual.com\\\/inicio\\\/#\\\/schema\\\/logo\\\/image\\\/\",\"url\":\"https:\\\/\\\/diariotextual.com\\\/inicio\\\/wp-content\\\/uploads\\\/2023\\\/05\\\/logotextual1.jpg\",\"contentUrl\":\"https:\\\/\\\/diariotextual.com\\\/inicio\\\/wp-content\\\/uploads\\\/2023\\\/05\\\/logotextual1.jpg\",\"width\":516,\"height\":76,\"caption\":\"Diario Textual\"},\"image\":{\"@id\":\"https:\\\/\\\/diariotextual.com\\\/inicio\\\/#\\\/schema\\\/logo\\\/image\\\/\"},\"sameAs\":[\"https:\\\/\\\/www.facebook.com\\\/eltextual\",\"https:\\\/\\\/x.com\\\/eltextual\",\"http:\\\/\\\/www.instagram.com\\\/eltextual\"]},{\"@type\":\"Person\",\"@id\":\"https:\\\/\\\/diariotextual.com\\\/inicio\\\/#\\\/schema\\\/person\\\/c7834961ad8b29b1d9cdbf4571299067\",\"name\":\"diario5\",\"image\":{\"@type\":\"ImageObject\",\"inLanguage\":\"es\",\"@id\":\"https:\\\/\\\/secure.gravatar.com\\\/avatar\\\/948c893b847ca6df68216ead81b63f363408ec9b0f600fefc0641ce78613b111?s=96&d=mm&r=g\",\"url\":\"https:\\\/\\\/secure.gravatar.com\\\/avatar\\\/948c893b847ca6df68216ead81b63f363408ec9b0f600fefc0641ce78613b111?s=96&d=mm&r=g\",\"contentUrl\":\"https:\\\/\\\/secure.gravatar.com\\\/avatar\\\/948c893b847ca6df68216ead81b63f363408ec9b0f600fefc0641ce78613b111?s=96&d=mm&r=g\",\"caption\":\"diario5\"},\"url\":\"https:\\\/\\\/diariotextual.com\\\/inicio\\\/index.php\\\/author\\\/diario5\\\/\"}]}<\/script>\n<!-- \/ Yoast SEO plugin. -->","yoast_head_json":{"title":"El Emtu niega que falte la revisi\u00f3n t\u00e9cnica de los micros - Diario Textual","robots":{"index":"index","follow":"follow","max-snippet":"max-snippet:-1","max-image-preview":"max-image-preview:large","max-video-preview":"max-video-preview:-1"},"canonical":"https:\/\/diariotextual.com\/inicio\/index.php\/2021\/09\/10\/el-titular-del-emtu-niega-falta-de-revision-tecnica-en-micros-y-asegura-que-estan-en-condiciones-para-circular\/","og_locale":"es_ES","og_type":"article","og_title":"El Emtu niega que falte la revisi\u00f3n t\u00e9cnica de los micros - Diario Textual","og_description":"El titular del Ente Municipal de Transporte Urbano (Emtu), Emanuel Alfayate,&nbsp;sali\u00f3 al cruce de la denuncia del bloque de concejales y concejalas del Frepam sobre la falta de revisi\u00f3n t\u00e9cnica&hellip;","og_url":"https:\/\/diariotextual.com\/inicio\/index.php\/2021\/09\/10\/el-titular-del-emtu-niega-falta-de-revision-tecnica-en-micros-y-asegura-que-estan-en-condiciones-para-circular\/","og_site_name":"Diario Textual","article_publisher":"https:\/\/www.facebook.com\/eltextual","article_published_time":"2021-09-10T15:31:55+00:00","article_modified_time":"2021-09-10T18:07:06+00:00","og_image":[{"width":911,"height":571,"url":"https:\/\/diariotextual.com\/inicio\/wp-content\/uploads\/2021\/08\/microsemtucolectivossantarosa2021-3.jpg","type":"image\/jpeg"}],"author":"diario5","twitter_card":"summary_large_image","twitter_creator":"@eltextual","twitter_site":"@eltextual","twitter_misc":{"Escrito por":"diario5","Tiempo de lectura":"2 minutos"},"schema":{"@context":"https:\/\/schema.org","@graph":[{"@type":"Article","@id":"https:\/\/diariotextual.com\/inicio\/index.php\/2021\/09\/10\/el-titular-del-emtu-niega-falta-de-revision-tecnica-en-micros-y-asegura-que-estan-en-condiciones-para-circular\/#article","isPartOf":{"@id":"https:\/\/diariotextual.com\/inicio\/index.php\/2021\/09\/10\/el-titular-del-emtu-niega-falta-de-revision-tecnica-en-micros-y-asegura-que-estan-en-condiciones-para-circular\/"},"author":{"name":"diario5","@id":"https:\/\/diariotextual.com\/inicio\/#\/schema\/person\/c7834961ad8b29b1d9cdbf4571299067"},"headline":"El Emtu niega que falte la revisi\u00f3n t\u00e9cnica de los micros","datePublished":"2021-09-10T15:31:55+00:00","dateModified":"2021-09-10T18:07:06+00:00","mainEntityOfPage":{"@id":"https:\/\/diariotextual.com\/inicio\/index.php\/2021\/09\/10\/el-titular-del-emtu-niega-falta-de-revision-tecnica-en-micros-y-asegura-que-estan-en-condiciones-para-circular\/"},"wordCount":372,"publisher":{"@id":"https:\/\/diariotextual.com\/inicio\/#organization"},"image":{"@id":"https:\/\/diariotextual.com\/inicio\/index.php\/2021\/09\/10\/el-titular-del-emtu-niega-falta-de-revision-tecnica-en-micros-y-asegura-que-estan-en-condiciones-para-circular\/#primaryimage"},"thumbnailUrl":"https:\/\/diariotextual.com\/inicio\/wp-content\/uploads\/2021\/08\/microsemtucolectivossantarosa2021-3.jpg","keywords":["emtu","micros","revisi\u00f3n t\u00e9cnica"],"articleSection":["A - PORTADA2","SOCIEDAD"],"inLanguage":"es"},{"@type":"WebPage","@id":"https:\/\/diariotextual.com\/inicio\/index.php\/2021\/09\/10\/el-titular-del-emtu-niega-falta-de-revision-tecnica-en-micros-y-asegura-que-estan-en-condiciones-para-circular\/","url":"https:\/\/diariotextual.com\/inicio\/index.php\/2021\/09\/10\/el-titular-del-emtu-niega-falta-de-revision-tecnica-en-micros-y-asegura-que-estan-en-condiciones-para-circular\/","name":"El Emtu niega que falte la revisi\u00f3n t\u00e9cnica de los micros - Diario Textual","isPartOf":{"@id":"https:\/\/diariotextual.com\/inicio\/#website"},"primaryImageOfPage":{"@id":"https:\/\/diariotextual.com\/inicio\/index.php\/2021\/09\/10\/el-titular-del-emtu-niega-falta-de-revision-tecnica-en-micros-y-asegura-que-estan-en-condiciones-para-circular\/#primaryimage"},"image":{"@id":"https:\/\/diariotextual.com\/inicio\/index.php\/2021\/09\/10\/el-titular-del-emtu-niega-falta-de-revision-tecnica-en-micros-y-asegura-que-estan-en-condiciones-para-circular\/#primaryimage"},"thumbnailUrl":"https:\/\/diariotextual.com\/inicio\/wp-content\/uploads\/2021\/08\/microsemtucolectivossantarosa2021-3.jpg","datePublished":"2021-09-10T15:31:55+00:00","dateModified":"2021-09-10T18:07:06+00:00","breadcrumb":{"@id":"https:\/\/diariotextual.com\/inicio\/index.php\/2021\/09\/10\/el-titular-del-emtu-niega-falta-de-revision-tecnica-en-micros-y-asegura-que-estan-en-condiciones-para-circular\/#breadcrumb"},"inLanguage":"es","potentialAction":[{"@type":"ReadAction","target":["https:\/\/diariotextual.com\/inicio\/index.php\/2021\/09\/10\/el-titular-del-emtu-niega-falta-de-revision-tecnica-en-micros-y-asegura-que-estan-en-condiciones-para-circular\/"]}]},{"@type":"ImageObject","inLanguage":"es","@id":"https:\/\/diariotextual.com\/inicio\/index.php\/2021\/09\/10\/el-titular-del-emtu-niega-falta-de-revision-tecnica-en-micros-y-asegura-que-estan-en-condiciones-para-circular\/#primaryimage","url":"https:\/\/diariotextual.com\/inicio\/wp-content\/uploads\/2021\/08\/microsemtucolectivossantarosa2021-3.jpg","contentUrl":"https:\/\/diariotextual.com\/inicio\/wp-content\/uploads\/2021\/08\/microsemtucolectivossantarosa2021-3.jpg","width":911,"height":571},{"@type":"BreadcrumbList","@id":"https:\/\/diariotextual.com\/inicio\/index.php\/2021\/09\/10\/el-titular-del-emtu-niega-falta-de-revision-tecnica-en-micros-y-asegura-que-estan-en-condiciones-para-circular\/#breadcrumb","itemListElement":[{"@type":"ListItem","position":1,"name":"Portada","item":"https:\/\/diariotextual.com\/inicio\/"},{"@type":"ListItem","position":2,"name":"El Emtu niega que falte la revisi\u00f3n t\u00e9cnica de los micros"}]},{"@type":"WebSite","@id":"https:\/\/diariotextual.com\/inicio\/#website","url":"https:\/\/diariotextual.com\/inicio\/","name":"Diario Textual","description":"","publisher":{"@id":"https:\/\/diariotextual.com\/inicio\/#organization"},"potentialAction":[{"@type":"SearchAction","target":{"@type":"EntryPoint","urlTemplate":"https:\/\/diariotextual.com\/inicio\/?s={search_term_string}"},"query-input":{"@type":"PropertyValueSpecification","valueRequired":true,"valueName":"search_term_string"}}],"inLanguage":"es"},{"@type":"Organization","@id":"https:\/\/diariotextual.com\/inicio\/#organization","name":"Diario Textual","url":"https:\/\/diariotextual.com\/inicio\/","logo":{"@type":"ImageObject","inLanguage":"es","@id":"https:\/\/diariotextual.com\/inicio\/#\/schema\/logo\/image\/","url":"https:\/\/diariotextual.com\/inicio\/wp-content\/uploads\/2023\/05\/logotextual1.jpg","contentUrl":"https:\/\/diariotextual.com\/inicio\/wp-content\/uploads\/2023\/05\/logotextual1.jpg","width":516,"height":76,"caption":"Diario Textual"},"image":{"@id":"https:\/\/diariotextual.com\/inicio\/#\/schema\/logo\/image\/"},"sameAs":["https:\/\/www.facebook.com\/eltextual","https:\/\/x.com\/eltextual","http:\/\/www.instagram.com\/eltextual"]},{"@type":"Person","@id":"https:\/\/diariotextual.com\/inicio\/#\/schema\/person\/c7834961ad8b29b1d9cdbf4571299067","name":"diario5","image":{"@type":"ImageObject","inLanguage":"es","@id":"https:\/\/secure.gravatar.com\/avatar\/948c893b847ca6df68216ead81b63f363408ec9b0f600fefc0641ce78613b111?s=96&d=mm&r=g","url":"https:\/\/secure.gravatar.com\/avatar\/948c893b847ca6df68216ead81b63f363408ec9b0f600fefc0641ce78613b111?s=96&d=mm&r=g","contentUrl":"https:\/\/secure.gravatar.com\/avatar\/948c893b847ca6df68216ead81b63f363408ec9b0f600fefc0641ce78613b111?s=96&d=mm&r=g","caption":"diario5"},"url":"https:\/\/diariotextual.com\/inicio\/index.php\/author\/diario5\/"}]}},"_links":{"self":[{"href":"https:\/\/diariotextual.com\/inicio\/index.php\/wp-json\/wp\/v2\/posts\/160732","targetHints":{"allow":["GET"]}}],"collection":[{"href":"https:\/\/diariotextual.com\/inicio\/index.php\/wp-json\/wp\/v2\/posts"}],"about":[{"href":"https:\/\/diariotextual.com\/inicio\/index.php\/wp-json\/wp\/v2\/types\/post"}],"author":[{"embeddable":true,"href":"https:\/\/diariotextual.com\/inicio\/index.php\/wp-json\/wp\/v2\/users\/7"}],"replies":[{"embeddable":true,"href":"https:\/\/diariotextual.com\/inicio\/index.php\/wp-json\/wp\/v2\/comments?post=160732"}],"version-history":[{"count":5,"href":"https:\/\/diariotextual.com\/inicio\/index.php\/wp-json\/wp\/v2\/posts\/160732\/revisions"}],"predecessor-version":[{"id":160748,"href":"https:\/\/diariotextual.com\/inicio\/index.php\/wp-json\/wp\/v2\/posts\/160732\/revisions\/160748"}],"wp:featuredmedia":[{"embeddable":true,"href":"https:\/\/diariotextual.com\/inicio\/index.php\/wp-json\/wp\/v2\/media\/156753"}],"wp:attachment":[{"href":"https:\/\/diariotextual.com\/inicio\/index.php\/wp-json\/wp\/v2\/media?parent=160732"}],"wp:term":[{"taxonomy":"category","embeddable":true,"href":"https:\/\/diariotextual.com\/inicio\/index.php\/wp-json\/wp\/v2\/categories?post=160732"},{"taxonomy":"post_tag","embeddable":true,"href":"https:\/\/diariotextual.com\/inicio\/index.php\/wp-json\/wp\/v2\/tags?post=160732"}],"curies":[{"name":"wp","href":"https:\/\/api.w.org\/{rel}","templated":true}]}}