{"id":160902,"date":"2021-09-11T17:48:30","date_gmt":"2021-09-11T20:48:30","guid":{"rendered":"https:\/\/diariotextual.com\/inicio\/?p=160902"},"modified":"2021-09-12T00:11:07","modified_gmt":"2021-09-12T03:11:07","slug":"una-por-una-toda-la-informacion-necesaria-para-votar-en-las-paso","status":"publish","type":"post","link":"https:\/\/diariotextual.com\/inicio\/index.php\/2021\/09\/11\/una-por-una-toda-la-informacion-necesaria-para-votar-en-las-paso\/","title":{"rendered":"Una por una, toda la informaci\u00f3n necesaria para votar en las PASO"},"content":{"rendered":"\n<p>Desde 2011 la ciudadan\u00eda participa con su voto en las elecciones Primarias, Abiertas, Simult\u00e1neas y Obligatorias. A continuaci\u00f3n, repasamos toda la informaci\u00f3n necesaria para despejar las dudas a la hora de votar.<\/p>\n\n\n\n<p><br><strong>&#8211; \u00bfQu\u00e9 significa PASO?<\/strong><br>&#8211; PASO significa Primarias, Abiertas, Simult\u00e1neas y Obligatorias.<\/p>\n\n\n\n<p><strong>&#8211; \u00bfQu\u00e9 son las PASO?<\/strong><br>&#8211; Son elecciones nacionales primarias en las que todos los ciudadanos pueden votar en las internas de las agrupaciones pol\u00edticas el mismo d\u00eda, en todo el pa\u00eds y tienen car\u00e1cter obligatorio.<\/p>\n\n\n\n<p><strong>&#8211; \u00bfQu\u00e9 se vota en las PASO?<\/strong><br>&#8211; Se vota a la lista de candidatos de una agrupaci\u00f3n pol\u00edtica que luego participar\u00e1 en las elecciones generales del 14 de noviembre por un cargo electivo nacional.<\/p>\n\n\n\n<p><strong>&#8211; \u00bfQu\u00e9 se elige en las PASO 2021?<\/strong><br>&#8211; Todas las provincias eligen los candidatos a diputados nacionales que participar\u00e1n en las generales.\u00a0<strong>Se renueva la mitad de las bancas de Diputados (127). En nuestra provincia se renuevan tres diputados. Tambi\u00e9n 8 provincias eligen a los candidatos a senadores nacionales<\/strong>. Se renueva un tercio del Senado (24).<\/p>\n\n\n\n<p><strong>&#8211; \u00bfQu\u00e9 provincias eligen a senadores nacionales?<\/strong><br>&#8211; Catamarca, C\u00f3rdoba, Corrientes, Chubut, La Pampa, Mendoza, Santa Fe y Tucum\u00e1n. En nuestra provincia son tres senadores.<\/p>\n\n\n\n<p><strong>&#8211; \u00bfQu\u00e9 provincias votan este domingo simult\u00e1neamente cargos provinciales y municipales?<\/strong><br>&#8211; Buenos Aires, CABA, Catamarca, Chaco, Formosa, La Rioja, Mendoza, San Luis, Santa Fe y Santiago del Estero.<\/p>\n\n\n\n<p><strong>&#8211; \u00bfQui\u00e9n gana en las PASO?<\/strong><br>&#8211; En las PASO se compite dentro de una agrupaci\u00f3n pol\u00edtica. La lista de ese espacio que m\u00e1s voto obtenga es la ganadora de esa interna y competir\u00e1 en las generales.<\/p>\n\n\n\n<p><strong>&#8211; \u00bfCu\u00e1ntas listas hay en La Pampa?<\/strong><br>&#8211; Son <strong><a href=\"https:\/\/diariotextual.com\/inicio\/index.php\/2021\/09\/11\/paso-que-se-vota-y-cuantas-listas-hay-en-la-pampa\/\" target=\"_blank\" rel=\"noreferrer noopener\">diez<\/a><\/strong>.<\/p>\n\n\n\n<p><strong>&#8211; \u00bfSe puede modificar la lista ganadora de esa agrupaci\u00f3n para las generales?<\/strong><br>&#8211; No. Solo se modifica si la lista perdedora de esa agrupaci\u00f3n pol\u00edtica obtuvo una cierta cantidad de votos. Dicho porcentaje de votos es establecido por el propio frente con anterioridad para permitir el intercalado de candidatos.<\/p>\n\n\n\n<p><strong>&#8211; Si hay una sola lista en una agrupaci\u00f3n pol\u00edtica, \u00bfya est\u00e1 habilitada para competir en las generales?<\/strong><br>&#8211; No. Debe superar el piso de 1,5 por ciento de los votos.<\/p>\n\n\n\n<p><strong>&#8211; \u00bfQu\u00e9 es el piso del 1,5 porciento de los votos?<\/strong><br>&#8211; El 1,5 por ciento de los votos v\u00e1lidos emitidos es lo m\u00ednimo que debe obtener una agrupaci\u00f3n pol\u00edtica en cada categor\u00eda y distrito, con una lista o la sumatoria de ellas, para participar en las generales.<\/p>\n\n\n\n<p><strong>&#8211; \u00bfSe puede votar a m\u00e1s de una agrupaci\u00f3n pol\u00edtica en las PASO?<\/strong><br>&#8211; S\u00ed, siempre que sea para distintos cargos. Se puede cortar boleta.<\/p>\n\n\n\n<p><strong>&#8211; \u00bfQu\u00e9 pasa si voto a 2 candidatos para el mismo cargo en las PASO?<\/strong><br>&#8211; Se anula el voto.<\/p>\n\n\n\n<p><strong>&#8211; \u00bfCu\u00e1l es el horario de votaci\u00f3n?<\/strong><br>&#8211; 8 a 18. Si a las 18 hubiera votantes haciendo filaafuera del establecimiento, el delegado judicial les entregar\u00e1 un n\u00famero para certificar que a esa hora estaban presentes para votar, y se les permitir\u00e1 el ingreso a posterior.<\/p>\n\n\n\n<p><strong>&#8211; \u00bfDesde que edad se puede votar en las PASO?<\/strong><br>&#8211; Pueden votar a partir de los 16 a\u00f1os cumplidos hasta el 14 de noviembre inclusive.<\/p>\n\n\n\n<p><strong>&#8211; \u00bfEs obligatorio el voto en las PASO?<\/strong><br>&#8211; El voto es obligatorio para los mayores de 18 a\u00f1os hasta 70 a\u00f1os. Los menores de 16 y 17 a\u00f1os y los mayores de 70 a\u00f1os podr\u00e1n votar voluntariamente.<\/p>\n\n\n\n<p><strong>&#8211; \u00bfQu\u00e9 pasa si no voy a votar en las PASO?<\/strong><br>&#8211; Ingresas a un registro de infractores y se te aplica una multa, salvo que justifiques ante la justicia nacional electoral que no pudiste votar. Los menores de 18 y mayores de 70 a\u00f1os no tienen sanci\u00f3n.<\/p>\n\n\n\n<p><strong>&#8211; Si no vot\u00f3 en las PASO \u00bfpuede votar en las elecciones generales?<\/strong><br>&#8211; S\u00ed. Se puede.<\/p>\n\n\n\n<p><strong>&#8211; \u00bfLos contagiados de Covid o casos estrechos deben ir igual a votar?<\/strong><br>&#8211; No. Est\u00e1n exceptuados.<\/p>\n\n\n\n<p><strong>&#8211; \u00bfHay franjas horarias preferenciales para que voten las personas mayores y de grupos de riesgo?<\/strong><br>&#8211; S\u00ed. Los adultos mayores e integrantes de grupos de riesgos podr\u00e1n votar con prioridad desde las 10.30 hasta las 12.30.<\/p>\n\n\n\n<p><strong>&#8211; \u00bfQu\u00e9 documentos est\u00e1n habilitados para votar?<\/strong><br>&#8211; DNI libreta verde y libreta celeste; el DNI tarjeta (incluso el que dice \u201cno v\u00e1lido para votar\u201d); la libreta de enrolamiento y la libreta c\u00edvica.<\/p>\n\n\n\n<p><strong>&#8211; \u00bfSe puede votar con el DNI en el celular?<\/strong><br>&#8211; No. El DNI en el celular y la constancia de DNI en tr\u00e1mite no son documentos v\u00e1lidos para votar.<\/p>\n\n\n\n<p><strong>&#8211; \u00bfQu\u00e9 pasa si voy a votar con un DNI diferente al que figura en el padr\u00f3n?<\/strong><br>&#8211; Solo podr\u00e1 votar con el DNI que figura en el padr\u00f3n o una versi\u00f3n posterior. Si lleva una versi\u00f3n anterior, no podr\u00e1 votar.<\/p>\n\n\n\n<p><strong>&#8211; \u00bfSe puede ir a votar acompa\u00f1ado?<\/strong><br>&#8211; No. Solo en el caso de que sea estrictamente necesario, se permitir\u00e1 el ingreso con acompa\u00f1antes.<\/p>\n\n\n\n<p><strong>&#8211; \u00bfLa autoridad de mesa puede pedir que se baje el barbijo para verificar la identidad?<\/strong><br>-S\u00ed. Lo puede pedir moment\u00e1neamente.<\/p>\n\n\n\n<p><strong>&#8211; \u00bfHabr\u00e1 personal espec\u00edfico para hacer cumplir las reglas sanitarias?<\/strong><br>&#8211; S\u00ed. En los establecimientos habr\u00e1 personal denominado facilitador sanitario que es un integrante del comando electoral.<\/p>\n\n\n\n<p><strong>&#8211; \u00bfCu\u00e1les son las funciones del facilitador sanitario?<\/strong><br>&#8211; El facilitador sanitario ordena el ingreso de los votantes, constata el correcto uso del barbijo, hace respetar el distanciamiento social y limita la capacidad de personas en el lugar.<\/p>\n\n\n\n<p>&#8211;<strong>\u00bfCu\u00e1les son las recomendaciones sanitarias para ir a votar en pandemia?<\/strong><br>&#8211; Mantener la distancia de 2 metros.<br>&#8211; Usar barbijo correctamente.<br>&#8211; Sanitizarse las manos antes de ingresar al cuarto oscuro.<br>&#8211; Evitar tocarse la cara.<br>&#8211; Dejar el DNI en la mesa.<br>&#8211; No salivar el sobre para cerrarlo. Usar pegamento o introducir la solapa dentro del sobre.<br>&#8211; Llevar su propio bol\u00edgrafo para firmar el padr\u00f3n.<br>&#8211; Retirar el DNI y el troquel.<br>&#8211; Sanitizarse las manos al retirarse.<\/p>\n\n\n\n<p><strong>&#8211; \u00bfSe limitaron las cantidades de mesas de votaci\u00f3n por escuela?<\/strong><br>&#8211; S\u00ed. Se sugiere ocho mesas de votaci\u00f3n por establecimiento con el objetivo de evitar aglomeraciones.<\/p>\n\n\n\n<p><strong>&#8211; \u00bfHubo cambios de lugar de votaci\u00f3n respecto a las elecciones de 2019?<\/strong><br>-S\u00ed. Se agregaron m\u00e1s mesas para evitar aglomeraci\u00f3n y se modificaron algunos lugares de votaci\u00f3n. Consulte en el <strong><a href=\"https:\/\/diariotextual.com\/inicio\/index.php\/2021\/09\/10\/cambios-en-el-padron-consulta-donde-votar\/\" target=\"_blank\" rel=\"noreferrer noopener\">padr\u00f3n<\/a><\/strong>.<\/p>\n\n\n\n<p><strong>&#8211; \u00bfCu\u00e1ntas personas podr\u00e1n votar en las PASO?<\/strong><br>&#8211; Hay 34.332.992 personas habilitadas para votar. En La Pampa son 293.790.<\/p>\n\n\n\n<p><strong>&#8211; \u00bfCuantas escuelas y mesas electorales fueron habilitadas?<\/strong><br>&#8211; Quedaron habilitados 17.092 establecimientos, con un total de 101.457 mesas para sufragar en todo el pa\u00eds. En La Pampa son 179 escuelas.<\/p>\n\n\n\n<figure class=\"wp-block-embed is-type-wp-embed is-provider-diario-textual wp-block-embed-diario-textual\"><div class=\"wp-block-embed__wrapper\">\n<blockquote class=\"wp-embedded-content\" data-secret=\"QKlZ7iCWZ0\"><a href=\"https:\/\/diariotextual.com\/inicio\/index.php\/2021\/09\/11\/paso-que-se-vota-y-cuantas-listas-hay-en-la-pampa\/\">PASO: qu\u00e9 se vota y cu\u00e1ntas listas hay en La Pampa<\/a><\/blockquote><iframe class=\"wp-embedded-content\" sandbox=\"allow-scripts\" security=\"restricted\" style=\"position: absolute; clip: rect(1px, 1px, 1px, 1px);\" title=\"\u00abPASO: qu\u00e9 se vota y cu\u00e1ntas listas hay en La Pampa\u00bb \u2014 Diario Textual\" src=\"https:\/\/diariotextual.com\/inicio\/index.php\/2021\/09\/11\/paso-que-se-vota-y-cuantas-listas-hay-en-la-pampa\/embed\/#?secret=QKlZ7iCWZ0\" data-secret=\"QKlZ7iCWZ0\" width=\"600\" height=\"338\" frameborder=\"0\" marginwidth=\"0\" marginheight=\"0\" scrolling=\"no\"><\/iframe>\n<\/div><\/figure>\n","protected":false},"excerpt":{"rendered":"<p>Desde 2011 la ciudadan\u00eda participa con su voto en las elecciones Primarias, Abiertas, Simult\u00e1neas y Obligatorias. A continuaci\u00f3n, repasamos toda la informaci\u00f3n necesaria para despejar las dudas a la hora&hellip;<\/p>\n","protected":false},"author":3,"featured_media":67503,"comment_status":"closed","ping_status":"open","sticky":false,"template":"","format":"standard","meta":{"_acf_changed":false,"footnotes":""},"categories":[10,8],"tags":[],"class_list":["post-160902","post","type-post","status-publish","format-standard","has-post-thumbnail","hentry","category-portada-2","category-politica"],"acf":[],"yoast_head":"<!-- This site is optimized with the Yoast SEO plugin v27.5 - https:\/\/yoast.com\/product\/yoast-seo-wordpress\/ -->\n<title>Una por una, toda la informaci\u00f3n necesaria para votar en las PASO - Diario Textual<\/title>\n<meta name=\"robots\" content=\"index, follow, max-snippet:-1, max-image-preview:large, max-video-preview:-1\" \/>\n<link rel=\"canonical\" href=\"https:\/\/diariotextual.com\/inicio\/index.php\/2021\/09\/11\/una-por-una-toda-la-informacion-necesaria-para-votar-en-las-paso\/\" \/>\n<meta property=\"og:locale\" content=\"es_ES\" \/>\n<meta property=\"og:type\" content=\"article\" \/>\n<meta property=\"og:title\" content=\"Una por una, toda la informaci\u00f3n necesaria para votar en las PASO - Diario Textual\" \/>\n<meta property=\"og:description\" content=\"Desde 2011 la ciudadan\u00eda participa con su voto en las elecciones Primarias, Abiertas, Simult\u00e1neas y Obligatorias. A continuaci\u00f3n, repasamos toda la informaci\u00f3n necesaria para despejar las dudas a la hora&hellip;\" \/>\n<meta property=\"og:url\" content=\"https:\/\/diariotextual.com\/inicio\/index.php\/2021\/09\/11\/una-por-una-toda-la-informacion-necesaria-para-votar-en-las-paso\/\" \/>\n<meta property=\"og:site_name\" content=\"Diario Textual\" \/>\n<meta property=\"article:publisher\" content=\"https:\/\/www.facebook.com\/eltextual\" \/>\n<meta property=\"article:published_time\" content=\"2021-09-11T20:48:30+00:00\" \/>\n<meta property=\"article:modified_time\" content=\"2021-09-12T03:11:07+00:00\" \/>\n<meta property=\"og:image\" content=\"https:\/\/diariotextual.com\/inicio\/wp-content\/uploads\/2019\/10\/eleccionesurnastelam0099.jpeg\" \/>\n\t<meta property=\"og:image:width\" content=\"1595\" \/>\n\t<meta property=\"og:image:height\" content=\"1011\" \/>\n\t<meta property=\"og:image:type\" content=\"image\/jpeg\" \/>\n<meta name=\"author\" content=\"Diario1 Diario1\" \/>\n<meta name=\"twitter:card\" content=\"summary_large_image\" \/>\n<meta name=\"twitter:creator\" content=\"@eltextual\" \/>\n<meta name=\"twitter:site\" content=\"@eltextual\" \/>\n<meta name=\"twitter:label1\" content=\"Escrito por\" \/>\n\t<meta name=\"twitter:data1\" content=\"Diario1 Diario1\" \/>\n\t<meta name=\"twitter:label2\" content=\"Tiempo de lectura\" \/>\n\t<meta name=\"twitter:data2\" content=\"5 minutos\" \/>\n<script type=\"application\/ld+json\" class=\"yoast-schema-graph\">{\"@context\":\"https:\\\/\\\/schema.org\",\"@graph\":[{\"@type\":\"Article\",\"@id\":\"https:\\\/\\\/diariotextual.com\\\/inicio\\\/index.php\\\/2021\\\/09\\\/11\\\/una-por-una-toda-la-informacion-necesaria-para-votar-en-las-paso\\\/#article\",\"isPartOf\":{\"@id\":\"https:\\\/\\\/diariotextual.com\\\/inicio\\\/index.php\\\/2021\\\/09\\\/11\\\/una-por-una-toda-la-informacion-necesaria-para-votar-en-las-paso\\\/\"},\"author\":{\"name\":\"Diario1 Diario1\",\"@id\":\"https:\\\/\\\/diariotextual.com\\\/inicio\\\/#\\\/schema\\\/person\\\/418fc4093c33e86ed41562db3508f958\"},\"headline\":\"Una por una, toda la informaci\u00f3n necesaria para votar en las PASO\",\"datePublished\":\"2021-09-11T20:48:30+00:00\",\"dateModified\":\"2021-09-12T03:11:07+00:00\",\"mainEntityOfPage\":{\"@id\":\"https:\\\/\\\/diariotextual.com\\\/inicio\\\/index.php\\\/2021\\\/09\\\/11\\\/una-por-una-toda-la-informacion-necesaria-para-votar-en-las-paso\\\/\"},\"wordCount\":1146,\"publisher\":{\"@id\":\"https:\\\/\\\/diariotextual.com\\\/inicio\\\/#organization\"},\"image\":{\"@id\":\"https:\\\/\\\/diariotextual.com\\\/inicio\\\/index.php\\\/2021\\\/09\\\/11\\\/una-por-una-toda-la-informacion-necesaria-para-votar-en-las-paso\\\/#primaryimage\"},\"thumbnailUrl\":\"https:\\\/\\\/diariotextual.com\\\/inicio\\\/wp-content\\\/uploads\\\/2019\\\/10\\\/eleccionesurnastelam0099.jpeg\",\"articleSection\":[\"A - PORTADA2\",\"POLITICA\"],\"inLanguage\":\"es\"},{\"@type\":\"WebPage\",\"@id\":\"https:\\\/\\\/diariotextual.com\\\/inicio\\\/index.php\\\/2021\\\/09\\\/11\\\/una-por-una-toda-la-informacion-necesaria-para-votar-en-las-paso\\\/\",\"url\":\"https:\\\/\\\/diariotextual.com\\\/inicio\\\/index.php\\\/2021\\\/09\\\/11\\\/una-por-una-toda-la-informacion-necesaria-para-votar-en-las-paso\\\/\",\"name\":\"Una por una, toda la informaci\u00f3n necesaria para votar en las PASO - Diario Textual\",\"isPartOf\":{\"@id\":\"https:\\\/\\\/diariotextual.com\\\/inicio\\\/#website\"},\"primaryImageOfPage\":{\"@id\":\"https:\\\/\\\/diariotextual.com\\\/inicio\\\/index.php\\\/2021\\\/09\\\/11\\\/una-por-una-toda-la-informacion-necesaria-para-votar-en-las-paso\\\/#primaryimage\"},\"image\":{\"@id\":\"https:\\\/\\\/diariotextual.com\\\/inicio\\\/index.php\\\/2021\\\/09\\\/11\\\/una-por-una-toda-la-informacion-necesaria-para-votar-en-las-paso\\\/#primaryimage\"},\"thumbnailUrl\":\"https:\\\/\\\/diariotextual.com\\\/inicio\\\/wp-content\\\/uploads\\\/2019\\\/10\\\/eleccionesurnastelam0099.jpeg\",\"datePublished\":\"2021-09-11T20:48:30+00:00\",\"dateModified\":\"2021-09-12T03:11:07+00:00\",\"breadcrumb\":{\"@id\":\"https:\\\/\\\/diariotextual.com\\\/inicio\\\/index.php\\\/2021\\\/09\\\/11\\\/una-por-una-toda-la-informacion-necesaria-para-votar-en-las-paso\\\/#breadcrumb\"},\"inLanguage\":\"es\",\"potentialAction\":[{\"@type\":\"ReadAction\",\"target\":[\"https:\\\/\\\/diariotextual.com\\\/inicio\\\/index.php\\\/2021\\\/09\\\/11\\\/una-por-una-toda-la-informacion-necesaria-para-votar-en-las-paso\\\/\"]}]},{\"@type\":\"ImageObject\",\"inLanguage\":\"es\",\"@id\":\"https:\\\/\\\/diariotextual.com\\\/inicio\\\/index.php\\\/2021\\\/09\\\/11\\\/una-por-una-toda-la-informacion-necesaria-para-votar-en-las-paso\\\/#primaryimage\",\"url\":\"https:\\\/\\\/diariotextual.com\\\/inicio\\\/wp-content\\\/uploads\\\/2019\\\/10\\\/eleccionesurnastelam0099.jpeg\",\"contentUrl\":\"https:\\\/\\\/diariotextual.com\\\/inicio\\\/wp-content\\\/uploads\\\/2019\\\/10\\\/eleccionesurnastelam0099.jpeg\",\"width\":1595,\"height\":1011},{\"@type\":\"BreadcrumbList\",\"@id\":\"https:\\\/\\\/diariotextual.com\\\/inicio\\\/index.php\\\/2021\\\/09\\\/11\\\/una-por-una-toda-la-informacion-necesaria-para-votar-en-las-paso\\\/#breadcrumb\",\"itemListElement\":[{\"@type\":\"ListItem\",\"position\":1,\"name\":\"Portada\",\"item\":\"https:\\\/\\\/diariotextual.com\\\/inicio\\\/\"},{\"@type\":\"ListItem\",\"position\":2,\"name\":\"Una por una, toda la informaci\u00f3n necesaria para votar en las PASO\"}]},{\"@type\":\"WebSite\",\"@id\":\"https:\\\/\\\/diariotextual.com\\\/inicio\\\/#website\",\"url\":\"https:\\\/\\\/diariotextual.com\\\/inicio\\\/\",\"name\":\"Diario Textual\",\"description\":\"\",\"publisher\":{\"@id\":\"https:\\\/\\\/diariotextual.com\\\/inicio\\\/#organization\"},\"potentialAction\":[{\"@type\":\"SearchAction\",\"target\":{\"@type\":\"EntryPoint\",\"urlTemplate\":\"https:\\\/\\\/diariotextual.com\\\/inicio\\\/?s={search_term_string}\"},\"query-input\":{\"@type\":\"PropertyValueSpecification\",\"valueRequired\":true,\"valueName\":\"search_term_string\"}}],\"inLanguage\":\"es\"},{\"@type\":\"Organization\",\"@id\":\"https:\\\/\\\/diariotextual.com\\\/inicio\\\/#organization\",\"name\":\"Diario Textual\",\"url\":\"https:\\\/\\\/diariotextual.com\\\/inicio\\\/\",\"logo\":{\"@type\":\"ImageObject\",\"inLanguage\":\"es\",\"@id\":\"https:\\\/\\\/diariotextual.com\\\/inicio\\\/#\\\/schema\\\/logo\\\/image\\\/\",\"url\":\"https:\\\/\\\/diariotextual.com\\\/inicio\\\/wp-content\\\/uploads\\\/2023\\\/05\\\/logotextual1.jpg\",\"contentUrl\":\"https:\\\/\\\/diariotextual.com\\\/inicio\\\/wp-content\\\/uploads\\\/2023\\\/05\\\/logotextual1.jpg\",\"width\":516,\"height\":76,\"caption\":\"Diario Textual\"},\"image\":{\"@id\":\"https:\\\/\\\/diariotextual.com\\\/inicio\\\/#\\\/schema\\\/logo\\\/image\\\/\"},\"sameAs\":[\"https:\\\/\\\/www.facebook.com\\\/eltextual\",\"https:\\\/\\\/x.com\\\/eltextual\",\"http:\\\/\\\/www.instagram.com\\\/eltextual\"]},{\"@type\":\"Person\",\"@id\":\"https:\\\/\\\/diariotextual.com\\\/inicio\\\/#\\\/schema\\\/person\\\/418fc4093c33e86ed41562db3508f958\",\"name\":\"Diario1 Diario1\",\"image\":{\"@type\":\"ImageObject\",\"inLanguage\":\"es\",\"@id\":\"https:\\\/\\\/secure.gravatar.com\\\/avatar\\\/9167d280179c85bc18be67aa7eda765854300033af4896dd779b608640f2ef7a?s=96&d=mm&r=g\",\"url\":\"https:\\\/\\\/secure.gravatar.com\\\/avatar\\\/9167d280179c85bc18be67aa7eda765854300033af4896dd779b608640f2ef7a?s=96&d=mm&r=g\",\"contentUrl\":\"https:\\\/\\\/secure.gravatar.com\\\/avatar\\\/9167d280179c85bc18be67aa7eda765854300033af4896dd779b608640f2ef7a?s=96&d=mm&r=g\",\"caption\":\"Diario1 Diario1\"},\"url\":\"https:\\\/\\\/diariotextual.com\\\/inicio\\\/index.php\\\/author\\\/diario1\\\/\"}]}<\/script>\n<!-- \/ Yoast SEO plugin. -->","yoast_head_json":{"title":"Una por una, toda la informaci\u00f3n necesaria para votar en las PASO - Diario Textual","robots":{"index":"index","follow":"follow","max-snippet":"max-snippet:-1","max-image-preview":"max-image-preview:large","max-video-preview":"max-video-preview:-1"},"canonical":"https:\/\/diariotextual.com\/inicio\/index.php\/2021\/09\/11\/una-por-una-toda-la-informacion-necesaria-para-votar-en-las-paso\/","og_locale":"es_ES","og_type":"article","og_title":"Una por una, toda la informaci\u00f3n necesaria para votar en las PASO - Diario Textual","og_description":"Desde 2011 la ciudadan\u00eda participa con su voto en las elecciones Primarias, Abiertas, Simult\u00e1neas y Obligatorias. A continuaci\u00f3n, repasamos toda la informaci\u00f3n necesaria para despejar las dudas a la hora&hellip;","og_url":"https:\/\/diariotextual.com\/inicio\/index.php\/2021\/09\/11\/una-por-una-toda-la-informacion-necesaria-para-votar-en-las-paso\/","og_site_name":"Diario Textual","article_publisher":"https:\/\/www.facebook.com\/eltextual","article_published_time":"2021-09-11T20:48:30+00:00","article_modified_time":"2021-09-12T03:11:07+00:00","og_image":[{"width":1595,"height":1011,"url":"https:\/\/diariotextual.com\/inicio\/wp-content\/uploads\/2019\/10\/eleccionesurnastelam0099.jpeg","type":"image\/jpeg"}],"author":"Diario1 Diario1","twitter_card":"summary_large_image","twitter_creator":"@eltextual","twitter_site":"@eltextual","twitter_misc":{"Escrito por":"Diario1 Diario1","Tiempo de lectura":"5 minutos"},"schema":{"@context":"https:\/\/schema.org","@graph":[{"@type":"Article","@id":"https:\/\/diariotextual.com\/inicio\/index.php\/2021\/09\/11\/una-por-una-toda-la-informacion-necesaria-para-votar-en-las-paso\/#article","isPartOf":{"@id":"https:\/\/diariotextual.com\/inicio\/index.php\/2021\/09\/11\/una-por-una-toda-la-informacion-necesaria-para-votar-en-las-paso\/"},"author":{"name":"Diario1 Diario1","@id":"https:\/\/diariotextual.com\/inicio\/#\/schema\/person\/418fc4093c33e86ed41562db3508f958"},"headline":"Una por una, toda la informaci\u00f3n necesaria para votar en las PASO","datePublished":"2021-09-11T20:48:30+00:00","dateModified":"2021-09-12T03:11:07+00:00","mainEntityOfPage":{"@id":"https:\/\/diariotextual.com\/inicio\/index.php\/2021\/09\/11\/una-por-una-toda-la-informacion-necesaria-para-votar-en-las-paso\/"},"wordCount":1146,"publisher":{"@id":"https:\/\/diariotextual.com\/inicio\/#organization"},"image":{"@id":"https:\/\/diariotextual.com\/inicio\/index.php\/2021\/09\/11\/una-por-una-toda-la-informacion-necesaria-para-votar-en-las-paso\/#primaryimage"},"thumbnailUrl":"https:\/\/diariotextual.com\/inicio\/wp-content\/uploads\/2019\/10\/eleccionesurnastelam0099.jpeg","articleSection":["A - PORTADA2","POLITICA"],"inLanguage":"es"},{"@type":"WebPage","@id":"https:\/\/diariotextual.com\/inicio\/index.php\/2021\/09\/11\/una-por-una-toda-la-informacion-necesaria-para-votar-en-las-paso\/","url":"https:\/\/diariotextual.com\/inicio\/index.php\/2021\/09\/11\/una-por-una-toda-la-informacion-necesaria-para-votar-en-las-paso\/","name":"Una por una, toda la informaci\u00f3n necesaria para votar en las PASO - Diario Textual","isPartOf":{"@id":"https:\/\/diariotextual.com\/inicio\/#website"},"primaryImageOfPage":{"@id":"https:\/\/diariotextual.com\/inicio\/index.php\/2021\/09\/11\/una-por-una-toda-la-informacion-necesaria-para-votar-en-las-paso\/#primaryimage"},"image":{"@id":"https:\/\/diariotextual.com\/inicio\/index.php\/2021\/09\/11\/una-por-una-toda-la-informacion-necesaria-para-votar-en-las-paso\/#primaryimage"},"thumbnailUrl":"https:\/\/diariotextual.com\/inicio\/wp-content\/uploads\/2019\/10\/eleccionesurnastelam0099.jpeg","datePublished":"2021-09-11T20:48:30+00:00","dateModified":"2021-09-12T03:11:07+00:00","breadcrumb":{"@id":"https:\/\/diariotextual.com\/inicio\/index.php\/2021\/09\/11\/una-por-una-toda-la-informacion-necesaria-para-votar-en-las-paso\/#breadcrumb"},"inLanguage":"es","potentialAction":[{"@type":"ReadAction","target":["https:\/\/diariotextual.com\/inicio\/index.php\/2021\/09\/11\/una-por-una-toda-la-informacion-necesaria-para-votar-en-las-paso\/"]}]},{"@type":"ImageObject","inLanguage":"es","@id":"https:\/\/diariotextual.com\/inicio\/index.php\/2021\/09\/11\/una-por-una-toda-la-informacion-necesaria-para-votar-en-las-paso\/#primaryimage","url":"https:\/\/diariotextual.com\/inicio\/wp-content\/uploads\/2019\/10\/eleccionesurnastelam0099.jpeg","contentUrl":"https:\/\/diariotextual.com\/inicio\/wp-content\/uploads\/2019\/10\/eleccionesurnastelam0099.jpeg","width":1595,"height":1011},{"@type":"BreadcrumbList","@id":"https:\/\/diariotextual.com\/inicio\/index.php\/2021\/09\/11\/una-por-una-toda-la-informacion-necesaria-para-votar-en-las-paso\/#breadcrumb","itemListElement":[{"@type":"ListItem","position":1,"name":"Portada","item":"https:\/\/diariotextual.com\/inicio\/"},{"@type":"ListItem","position":2,"name":"Una por una, toda la informaci\u00f3n necesaria para votar en las PASO"}]},{"@type":"WebSite","@id":"https:\/\/diariotextual.com\/inicio\/#website","url":"https:\/\/diariotextual.com\/inicio\/","name":"Diario Textual","description":"","publisher":{"@id":"https:\/\/diariotextual.com\/inicio\/#organization"},"potentialAction":[{"@type":"SearchAction","target":{"@type":"EntryPoint","urlTemplate":"https:\/\/diariotextual.com\/inicio\/?s={search_term_string}"},"query-input":{"@type":"PropertyValueSpecification","valueRequired":true,"valueName":"search_term_string"}}],"inLanguage":"es"},{"@type":"Organization","@id":"https:\/\/diariotextual.com\/inicio\/#organization","name":"Diario Textual","url":"https:\/\/diariotextual.com\/inicio\/","logo":{"@type":"ImageObject","inLanguage":"es","@id":"https:\/\/diariotextual.com\/inicio\/#\/schema\/logo\/image\/","url":"https:\/\/diariotextual.com\/inicio\/wp-content\/uploads\/2023\/05\/logotextual1.jpg","contentUrl":"https:\/\/diariotextual.com\/inicio\/wp-content\/uploads\/2023\/05\/logotextual1.jpg","width":516,"height":76,"caption":"Diario Textual"},"image":{"@id":"https:\/\/diariotextual.com\/inicio\/#\/schema\/logo\/image\/"},"sameAs":["https:\/\/www.facebook.com\/eltextual","https:\/\/x.com\/eltextual","http:\/\/www.instagram.com\/eltextual"]},{"@type":"Person","@id":"https:\/\/diariotextual.com\/inicio\/#\/schema\/person\/418fc4093c33e86ed41562db3508f958","name":"Diario1 Diario1","image":{"@type":"ImageObject","inLanguage":"es","@id":"https:\/\/secure.gravatar.com\/avatar\/9167d280179c85bc18be67aa7eda765854300033af4896dd779b608640f2ef7a?s=96&d=mm&r=g","url":"https:\/\/secure.gravatar.com\/avatar\/9167d280179c85bc18be67aa7eda765854300033af4896dd779b608640f2ef7a?s=96&d=mm&r=g","contentUrl":"https:\/\/secure.gravatar.com\/avatar\/9167d280179c85bc18be67aa7eda765854300033af4896dd779b608640f2ef7a?s=96&d=mm&r=g","caption":"Diario1 Diario1"},"url":"https:\/\/diariotextual.com\/inicio\/index.php\/author\/diario1\/"}]}},"_links":{"self":[{"href":"https:\/\/diariotextual.com\/inicio\/index.php\/wp-json\/wp\/v2\/posts\/160902","targetHints":{"allow":["GET"]}}],"collection":[{"href":"https:\/\/diariotextual.com\/inicio\/index.php\/wp-json\/wp\/v2\/posts"}],"about":[{"href":"https:\/\/diariotextual.com\/inicio\/index.php\/wp-json\/wp\/v2\/types\/post"}],"author":[{"embeddable":true,"href":"https:\/\/diariotextual.com\/inicio\/index.php\/wp-json\/wp\/v2\/users\/3"}],"replies":[{"embeddable":true,"href":"https:\/\/diariotextual.com\/inicio\/index.php\/wp-json\/wp\/v2\/comments?post=160902"}],"version-history":[{"count":5,"href":"https:\/\/diariotextual.com\/inicio\/index.php\/wp-json\/wp\/v2\/posts\/160902\/revisions"}],"predecessor-version":[{"id":160907,"href":"https:\/\/diariotextual.com\/inicio\/index.php\/wp-json\/wp\/v2\/posts\/160902\/revisions\/160907"}],"wp:featuredmedia":[{"embeddable":true,"href":"https:\/\/diariotextual.com\/inicio\/index.php\/wp-json\/wp\/v2\/media\/67503"}],"wp:attachment":[{"href":"https:\/\/diariotextual.com\/inicio\/index.php\/wp-json\/wp\/v2\/media?parent=160902"}],"wp:term":[{"taxonomy":"category","embeddable":true,"href":"https:\/\/diariotextual.com\/inicio\/index.php\/wp-json\/wp\/v2\/categories?post=160902"},{"taxonomy":"post_tag","embeddable":true,"href":"https:\/\/diariotextual.com\/inicio\/index.php\/wp-json\/wp\/v2\/tags?post=160902"}],"curies":[{"name":"wp","href":"https:\/\/api.w.org\/{rel}","templated":true}]}}