{"id":160949,"date":"2021-09-12T10:27:18","date_gmt":"2021-09-12T13:27:18","guid":{"rendered":"https:\/\/diariotextual.com\/inicio\/?p=160949"},"modified":"2021-09-12T10:56:25","modified_gmt":"2021-09-12T13:56:25","slug":"poli-altolaguirre-al-votar-ha-sido-una-campana-agitada","status":"publish","type":"post","link":"https:\/\/diariotextual.com\/inicio\/index.php\/2021\/09\/12\/poli-altolaguirre-al-votar-ha-sido-una-campana-agitada\/","title":{"rendered":"\u201cPoli\u201d Altolaguirre, al votar: \u201cHa sido una campa\u00f1a agitada\u201d"},"content":{"rendered":"\n<p><strong>Hip\u00f3lito \u00abPoli\u00bb Altolaguirre<\/strong>, precandidato a senador nacional por una de las listas de Juntos por el Cambio, vot\u00f3 pasadas las 9 horas en el Colegio Nacional de Santa Rosa.<strong> \u201cHa sido una campa\u00f1a agitada, pero corta. Me hubiera gustado tener un poco m\u00e1s de tiempo para llegar a todos los pampeanos\u201d<\/strong>, sostuvo en di\u00e1logo con la prensa.<\/p>\n\n\n\n<p>Neg\u00f3 que haya sido \u201cuna interna feroz\u201d en JxX.<strong> \u201cMa\u00f1ana se apoyar\u00e1 al que gane\u201d<\/strong>, sostuvo.<\/p>\n\n\n\n<p>\u201cLa sociedad es libre de elegir a cualquier persona en el cuarto oscuro, de votar a quien quiera\u201d, agreg\u00f3.<\/p>\n\n\n\n<p>\u201cEspero que si se da poder cumplir con las expectativas de la gente que ha confiado en uno. Soy una persona de trabajo, que lo \u00fanico que hecho siempre es trabajar, as\u00ed que voy a tratar de hacer todo lo mejor de mi parte\u201d, sostuvo.<\/p>\n\n\n\n<p>Juntos por el Cambio en La Pampa est\u00e1 conformado fundamentalmente por la Uni\u00f3n C\u00edvica Radical (UCR) y Propuesta Federal (PRO), adem\u00e1s de sumarse otras fuerzas como el Movimiento Federalista Pampeano y el Movimiento de Integraci\u00f3n y Desarrollo.<\/p>\n\n\n\n<p>En los comicios del pr\u00f3ximo domingo se presentan por JxC la Lista A Democracia y Consenso, que postula para senador a Hip\u00f3lito Altolaguirre y a Marcela Colli y para diputados a Hugo P\u00e9rez y Cintia Gette; la Lista B que postula a Adriana Leher y Carlos Montoya para senadores y para diputados nacionales a Luis Serradel y Norma Lovera; la Lista C Nuestra Causa que encabezan para el Senado Susana Teysseire y Gast\u00f3n Pantanali y para Diputados a Elida Deanna y Hugo Kenny; la Lista D Unidos por el Cambio que encabezan Daniel Kroneberger y Victoria Huala para la C\u00e1mara Alta y Mart\u00edn Maquieyra y Evangelina Remis para diputados nacionales; y la Lista E, que propone a Dar\u00edo Casado y J\u00e9sica Moreno para senadores y a Luis Bertone y Marcela Romero para diputados.<\/p>\n\n\n\n<p><\/p>\n","protected":false},"excerpt":{"rendered":"<p>Hip\u00f3lito \u00abPoli\u00bb Altolaguirre, precandidato a senador nacional por una de las listas de Juntos por el Cambio, vot\u00f3 pasadas las 9 horas en el Colegio Nacional de Santa Rosa. \u201cHa&hellip;<\/p>\n","protected":false},"author":3,"featured_media":161000,"comment_status":"closed","ping_status":"open","sticky":false,"template":"","format":"standard","meta":{"_acf_changed":false,"footnotes":""},"categories":[10,8],"tags":[4794],"class_list":["post-160949","post","type-post","status-publish","format-standard","has-post-thumbnail","hentry","category-portada-2","category-politica","tag-poli"],"acf":[],"yoast_head":"<!-- This site is optimized with the Yoast SEO plugin v27.5 - https:\/\/yoast.com\/product\/yoast-seo-wordpress\/ -->\n<title>\u201cPoli\u201d Altolaguirre, al votar: \u201cHa sido una campa\u00f1a agitada\u201d - Diario Textual<\/title>\n<meta name=\"robots\" content=\"index, follow, max-snippet:-1, max-image-preview:large, max-video-preview:-1\" \/>\n<link rel=\"canonical\" href=\"https:\/\/diariotextual.com\/inicio\/index.php\/2021\/09\/12\/poli-altolaguirre-al-votar-ha-sido-una-campana-agitada\/\" \/>\n<meta property=\"og:locale\" content=\"es_ES\" \/>\n<meta property=\"og:type\" content=\"article\" \/>\n<meta property=\"og:title\" content=\"\u201cPoli\u201d Altolaguirre, al votar: \u201cHa sido una campa\u00f1a agitada\u201d - Diario Textual\" \/>\n<meta property=\"og:description\" content=\"Hip\u00f3lito \u00abPoli\u00bb Altolaguirre, precandidato a senador nacional por una de las listas de Juntos por el Cambio, vot\u00f3 pasadas las 9 horas en el Colegio Nacional de Santa Rosa. \u201cHa&hellip;\" \/>\n<meta property=\"og:url\" content=\"https:\/\/diariotextual.com\/inicio\/index.php\/2021\/09\/12\/poli-altolaguirre-al-votar-ha-sido-una-campana-agitada\/\" \/>\n<meta property=\"og:site_name\" content=\"Diario Textual\" \/>\n<meta property=\"article:publisher\" content=\"https:\/\/www.facebook.com\/eltextual\" \/>\n<meta property=\"article:published_time\" content=\"2021-09-12T13:27:18+00:00\" \/>\n<meta property=\"article:modified_time\" content=\"2021-09-12T13:56:25+00:00\" \/>\n<meta property=\"og:image\" content=\"https:\/\/diariotextual.com\/inicio\/wp-content\/uploads\/2021\/09\/altolaguirrehipolitovota2021-1-scaled.jpg\" \/>\n\t<meta property=\"og:image:width\" content=\"2560\" \/>\n\t<meta property=\"og:image:height\" content=\"1519\" \/>\n\t<meta property=\"og:image:type\" content=\"image\/jpeg\" \/>\n<meta name=\"author\" content=\"Diario1 Diario1\" \/>\n<meta name=\"twitter:card\" content=\"summary_large_image\" \/>\n<meta name=\"twitter:creator\" content=\"@eltextual\" \/>\n<meta name=\"twitter:site\" content=\"@eltextual\" \/>\n<meta name=\"twitter:label1\" content=\"Escrito por\" \/>\n\t<meta name=\"twitter:data1\" content=\"Diario1 Diario1\" \/>\n\t<meta name=\"twitter:label2\" content=\"Tiempo de lectura\" \/>\n\t<meta name=\"twitter:data2\" content=\"2 minutos\" \/>\n<script type=\"application\/ld+json\" class=\"yoast-schema-graph\">{\"@context\":\"https:\\\/\\\/schema.org\",\"@graph\":[{\"@type\":\"Article\",\"@id\":\"https:\\\/\\\/diariotextual.com\\\/inicio\\\/index.php\\\/2021\\\/09\\\/12\\\/poli-altolaguirre-al-votar-ha-sido-una-campana-agitada\\\/#article\",\"isPartOf\":{\"@id\":\"https:\\\/\\\/diariotextual.com\\\/inicio\\\/index.php\\\/2021\\\/09\\\/12\\\/poli-altolaguirre-al-votar-ha-sido-una-campana-agitada\\\/\"},\"author\":{\"name\":\"Diario1 Diario1\",\"@id\":\"https:\\\/\\\/diariotextual.com\\\/inicio\\\/#\\\/schema\\\/person\\\/418fc4093c33e86ed41562db3508f958\"},\"headline\":\"\u201cPoli\u201d Altolaguirre, al votar: \u201cHa sido una campa\u00f1a agitada\u201d\",\"datePublished\":\"2021-09-12T13:27:18+00:00\",\"dateModified\":\"2021-09-12T13:56:25+00:00\",\"mainEntityOfPage\":{\"@id\":\"https:\\\/\\\/diariotextual.com\\\/inicio\\\/index.php\\\/2021\\\/09\\\/12\\\/poli-altolaguirre-al-votar-ha-sido-una-campana-agitada\\\/\"},\"wordCount\":333,\"publisher\":{\"@id\":\"https:\\\/\\\/diariotextual.com\\\/inicio\\\/#organization\"},\"image\":{\"@id\":\"https:\\\/\\\/diariotextual.com\\\/inicio\\\/index.php\\\/2021\\\/09\\\/12\\\/poli-altolaguirre-al-votar-ha-sido-una-campana-agitada\\\/#primaryimage\"},\"thumbnailUrl\":\"https:\\\/\\\/diariotextual.com\\\/inicio\\\/wp-content\\\/uploads\\\/2021\\\/09\\\/altolaguirrehipolitovota2021-1-scaled.jpg\",\"keywords\":[\"poli\"],\"articleSection\":[\"A - PORTADA2\",\"POLITICA\"],\"inLanguage\":\"es\"},{\"@type\":\"WebPage\",\"@id\":\"https:\\\/\\\/diariotextual.com\\\/inicio\\\/index.php\\\/2021\\\/09\\\/12\\\/poli-altolaguirre-al-votar-ha-sido-una-campana-agitada\\\/\",\"url\":\"https:\\\/\\\/diariotextual.com\\\/inicio\\\/index.php\\\/2021\\\/09\\\/12\\\/poli-altolaguirre-al-votar-ha-sido-una-campana-agitada\\\/\",\"name\":\"\u201cPoli\u201d Altolaguirre, al votar: \u201cHa sido una campa\u00f1a agitada\u201d - Diario Textual\",\"isPartOf\":{\"@id\":\"https:\\\/\\\/diariotextual.com\\\/inicio\\\/#website\"},\"primaryImageOfPage\":{\"@id\":\"https:\\\/\\\/diariotextual.com\\\/inicio\\\/index.php\\\/2021\\\/09\\\/12\\\/poli-altolaguirre-al-votar-ha-sido-una-campana-agitada\\\/#primaryimage\"},\"image\":{\"@id\":\"https:\\\/\\\/diariotextual.com\\\/inicio\\\/index.php\\\/2021\\\/09\\\/12\\\/poli-altolaguirre-al-votar-ha-sido-una-campana-agitada\\\/#primaryimage\"},\"thumbnailUrl\":\"https:\\\/\\\/diariotextual.com\\\/inicio\\\/wp-content\\\/uploads\\\/2021\\\/09\\\/altolaguirrehipolitovota2021-1-scaled.jpg\",\"datePublished\":\"2021-09-12T13:27:18+00:00\",\"dateModified\":\"2021-09-12T13:56:25+00:00\",\"breadcrumb\":{\"@id\":\"https:\\\/\\\/diariotextual.com\\\/inicio\\\/index.php\\\/2021\\\/09\\\/12\\\/poli-altolaguirre-al-votar-ha-sido-una-campana-agitada\\\/#breadcrumb\"},\"inLanguage\":\"es\",\"potentialAction\":[{\"@type\":\"ReadAction\",\"target\":[\"https:\\\/\\\/diariotextual.com\\\/inicio\\\/index.php\\\/2021\\\/09\\\/12\\\/poli-altolaguirre-al-votar-ha-sido-una-campana-agitada\\\/\"]}]},{\"@type\":\"ImageObject\",\"inLanguage\":\"es\",\"@id\":\"https:\\\/\\\/diariotextual.com\\\/inicio\\\/index.php\\\/2021\\\/09\\\/12\\\/poli-altolaguirre-al-votar-ha-sido-una-campana-agitada\\\/#primaryimage\",\"url\":\"https:\\\/\\\/diariotextual.com\\\/inicio\\\/wp-content\\\/uploads\\\/2021\\\/09\\\/altolaguirrehipolitovota2021-1-scaled.jpg\",\"contentUrl\":\"https:\\\/\\\/diariotextual.com\\\/inicio\\\/wp-content\\\/uploads\\\/2021\\\/09\\\/altolaguirrehipolitovota2021-1-scaled.jpg\",\"width\":2560,\"height\":1519},{\"@type\":\"BreadcrumbList\",\"@id\":\"https:\\\/\\\/diariotextual.com\\\/inicio\\\/index.php\\\/2021\\\/09\\\/12\\\/poli-altolaguirre-al-votar-ha-sido-una-campana-agitada\\\/#breadcrumb\",\"itemListElement\":[{\"@type\":\"ListItem\",\"position\":1,\"name\":\"Portada\",\"item\":\"https:\\\/\\\/diariotextual.com\\\/inicio\\\/\"},{\"@type\":\"ListItem\",\"position\":2,\"name\":\"\u201cPoli\u201d Altolaguirre, al votar: \u201cHa sido una campa\u00f1a agitada\u201d\"}]},{\"@type\":\"WebSite\",\"@id\":\"https:\\\/\\\/diariotextual.com\\\/inicio\\\/#website\",\"url\":\"https:\\\/\\\/diariotextual.com\\\/inicio\\\/\",\"name\":\"Diario Textual\",\"description\":\"\",\"publisher\":{\"@id\":\"https:\\\/\\\/diariotextual.com\\\/inicio\\\/#organization\"},\"potentialAction\":[{\"@type\":\"SearchAction\",\"target\":{\"@type\":\"EntryPoint\",\"urlTemplate\":\"https:\\\/\\\/diariotextual.com\\\/inicio\\\/?s={search_term_string}\"},\"query-input\":{\"@type\":\"PropertyValueSpecification\",\"valueRequired\":true,\"valueName\":\"search_term_string\"}}],\"inLanguage\":\"es\"},{\"@type\":\"Organization\",\"@id\":\"https:\\\/\\\/diariotextual.com\\\/inicio\\\/#organization\",\"name\":\"Diario Textual\",\"url\":\"https:\\\/\\\/diariotextual.com\\\/inicio\\\/\",\"logo\":{\"@type\":\"ImageObject\",\"inLanguage\":\"es\",\"@id\":\"https:\\\/\\\/diariotextual.com\\\/inicio\\\/#\\\/schema\\\/logo\\\/image\\\/\",\"url\":\"https:\\\/\\\/diariotextual.com\\\/inicio\\\/wp-content\\\/uploads\\\/2023\\\/05\\\/logotextual1.jpg\",\"contentUrl\":\"https:\\\/\\\/diariotextual.com\\\/inicio\\\/wp-content\\\/uploads\\\/2023\\\/05\\\/logotextual1.jpg\",\"width\":516,\"height\":76,\"caption\":\"Diario Textual\"},\"image\":{\"@id\":\"https:\\\/\\\/diariotextual.com\\\/inicio\\\/#\\\/schema\\\/logo\\\/image\\\/\"},\"sameAs\":[\"https:\\\/\\\/www.facebook.com\\\/eltextual\",\"https:\\\/\\\/x.com\\\/eltextual\",\"http:\\\/\\\/www.instagram.com\\\/eltextual\"]},{\"@type\":\"Person\",\"@id\":\"https:\\\/\\\/diariotextual.com\\\/inicio\\\/#\\\/schema\\\/person\\\/418fc4093c33e86ed41562db3508f958\",\"name\":\"Diario1 Diario1\",\"image\":{\"@type\":\"ImageObject\",\"inLanguage\":\"es\",\"@id\":\"https:\\\/\\\/secure.gravatar.com\\\/avatar\\\/9167d280179c85bc18be67aa7eda765854300033af4896dd779b608640f2ef7a?s=96&d=mm&r=g\",\"url\":\"https:\\\/\\\/secure.gravatar.com\\\/avatar\\\/9167d280179c85bc18be67aa7eda765854300033af4896dd779b608640f2ef7a?s=96&d=mm&r=g\",\"contentUrl\":\"https:\\\/\\\/secure.gravatar.com\\\/avatar\\\/9167d280179c85bc18be67aa7eda765854300033af4896dd779b608640f2ef7a?s=96&d=mm&r=g\",\"caption\":\"Diario1 Diario1\"},\"url\":\"https:\\\/\\\/diariotextual.com\\\/inicio\\\/index.php\\\/author\\\/diario1\\\/\"}]}<\/script>\n<!-- \/ Yoast SEO plugin. -->","yoast_head_json":{"title":"\u201cPoli\u201d Altolaguirre, al votar: \u201cHa sido una campa\u00f1a agitada\u201d - Diario Textual","robots":{"index":"index","follow":"follow","max-snippet":"max-snippet:-1","max-image-preview":"max-image-preview:large","max-video-preview":"max-video-preview:-1"},"canonical":"https:\/\/diariotextual.com\/inicio\/index.php\/2021\/09\/12\/poli-altolaguirre-al-votar-ha-sido-una-campana-agitada\/","og_locale":"es_ES","og_type":"article","og_title":"\u201cPoli\u201d Altolaguirre, al votar: \u201cHa sido una campa\u00f1a agitada\u201d - Diario Textual","og_description":"Hip\u00f3lito \u00abPoli\u00bb Altolaguirre, precandidato a senador nacional por una de las listas de Juntos por el Cambio, vot\u00f3 pasadas las 9 horas en el Colegio Nacional de Santa Rosa. \u201cHa&hellip;","og_url":"https:\/\/diariotextual.com\/inicio\/index.php\/2021\/09\/12\/poli-altolaguirre-al-votar-ha-sido-una-campana-agitada\/","og_site_name":"Diario Textual","article_publisher":"https:\/\/www.facebook.com\/eltextual","article_published_time":"2021-09-12T13:27:18+00:00","article_modified_time":"2021-09-12T13:56:25+00:00","og_image":[{"width":2560,"height":1519,"url":"https:\/\/diariotextual.com\/inicio\/wp-content\/uploads\/2021\/09\/altolaguirrehipolitovota2021-1-scaled.jpg","type":"image\/jpeg"}],"author":"Diario1 Diario1","twitter_card":"summary_large_image","twitter_creator":"@eltextual","twitter_site":"@eltextual","twitter_misc":{"Escrito por":"Diario1 Diario1","Tiempo de lectura":"2 minutos"},"schema":{"@context":"https:\/\/schema.org","@graph":[{"@type":"Article","@id":"https:\/\/diariotextual.com\/inicio\/index.php\/2021\/09\/12\/poli-altolaguirre-al-votar-ha-sido-una-campana-agitada\/#article","isPartOf":{"@id":"https:\/\/diariotextual.com\/inicio\/index.php\/2021\/09\/12\/poli-altolaguirre-al-votar-ha-sido-una-campana-agitada\/"},"author":{"name":"Diario1 Diario1","@id":"https:\/\/diariotextual.com\/inicio\/#\/schema\/person\/418fc4093c33e86ed41562db3508f958"},"headline":"\u201cPoli\u201d Altolaguirre, al votar: \u201cHa sido una campa\u00f1a agitada\u201d","datePublished":"2021-09-12T13:27:18+00:00","dateModified":"2021-09-12T13:56:25+00:00","mainEntityOfPage":{"@id":"https:\/\/diariotextual.com\/inicio\/index.php\/2021\/09\/12\/poli-altolaguirre-al-votar-ha-sido-una-campana-agitada\/"},"wordCount":333,"publisher":{"@id":"https:\/\/diariotextual.com\/inicio\/#organization"},"image":{"@id":"https:\/\/diariotextual.com\/inicio\/index.php\/2021\/09\/12\/poli-altolaguirre-al-votar-ha-sido-una-campana-agitada\/#primaryimage"},"thumbnailUrl":"https:\/\/diariotextual.com\/inicio\/wp-content\/uploads\/2021\/09\/altolaguirrehipolitovota2021-1-scaled.jpg","keywords":["poli"],"articleSection":["A - PORTADA2","POLITICA"],"inLanguage":"es"},{"@type":"WebPage","@id":"https:\/\/diariotextual.com\/inicio\/index.php\/2021\/09\/12\/poli-altolaguirre-al-votar-ha-sido-una-campana-agitada\/","url":"https:\/\/diariotextual.com\/inicio\/index.php\/2021\/09\/12\/poli-altolaguirre-al-votar-ha-sido-una-campana-agitada\/","name":"\u201cPoli\u201d Altolaguirre, al votar: \u201cHa sido una campa\u00f1a agitada\u201d - Diario Textual","isPartOf":{"@id":"https:\/\/diariotextual.com\/inicio\/#website"},"primaryImageOfPage":{"@id":"https:\/\/diariotextual.com\/inicio\/index.php\/2021\/09\/12\/poli-altolaguirre-al-votar-ha-sido-una-campana-agitada\/#primaryimage"},"image":{"@id":"https:\/\/diariotextual.com\/inicio\/index.php\/2021\/09\/12\/poli-altolaguirre-al-votar-ha-sido-una-campana-agitada\/#primaryimage"},"thumbnailUrl":"https:\/\/diariotextual.com\/inicio\/wp-content\/uploads\/2021\/09\/altolaguirrehipolitovota2021-1-scaled.jpg","datePublished":"2021-09-12T13:27:18+00:00","dateModified":"2021-09-12T13:56:25+00:00","breadcrumb":{"@id":"https:\/\/diariotextual.com\/inicio\/index.php\/2021\/09\/12\/poli-altolaguirre-al-votar-ha-sido-una-campana-agitada\/#breadcrumb"},"inLanguage":"es","potentialAction":[{"@type":"ReadAction","target":["https:\/\/diariotextual.com\/inicio\/index.php\/2021\/09\/12\/poli-altolaguirre-al-votar-ha-sido-una-campana-agitada\/"]}]},{"@type":"ImageObject","inLanguage":"es","@id":"https:\/\/diariotextual.com\/inicio\/index.php\/2021\/09\/12\/poli-altolaguirre-al-votar-ha-sido-una-campana-agitada\/#primaryimage","url":"https:\/\/diariotextual.com\/inicio\/wp-content\/uploads\/2021\/09\/altolaguirrehipolitovota2021-1-scaled.jpg","contentUrl":"https:\/\/diariotextual.com\/inicio\/wp-content\/uploads\/2021\/09\/altolaguirrehipolitovota2021-1-scaled.jpg","width":2560,"height":1519},{"@type":"BreadcrumbList","@id":"https:\/\/diariotextual.com\/inicio\/index.php\/2021\/09\/12\/poli-altolaguirre-al-votar-ha-sido-una-campana-agitada\/#breadcrumb","itemListElement":[{"@type":"ListItem","position":1,"name":"Portada","item":"https:\/\/diariotextual.com\/inicio\/"},{"@type":"ListItem","position":2,"name":"\u201cPoli\u201d Altolaguirre, al votar: \u201cHa sido una campa\u00f1a agitada\u201d"}]},{"@type":"WebSite","@id":"https:\/\/diariotextual.com\/inicio\/#website","url":"https:\/\/diariotextual.com\/inicio\/","name":"Diario Textual","description":"","publisher":{"@id":"https:\/\/diariotextual.com\/inicio\/#organization"},"potentialAction":[{"@type":"SearchAction","target":{"@type":"EntryPoint","urlTemplate":"https:\/\/diariotextual.com\/inicio\/?s={search_term_string}"},"query-input":{"@type":"PropertyValueSpecification","valueRequired":true,"valueName":"search_term_string"}}],"inLanguage":"es"},{"@type":"Organization","@id":"https:\/\/diariotextual.com\/inicio\/#organization","name":"Diario Textual","url":"https:\/\/diariotextual.com\/inicio\/","logo":{"@type":"ImageObject","inLanguage":"es","@id":"https:\/\/diariotextual.com\/inicio\/#\/schema\/logo\/image\/","url":"https:\/\/diariotextual.com\/inicio\/wp-content\/uploads\/2023\/05\/logotextual1.jpg","contentUrl":"https:\/\/diariotextual.com\/inicio\/wp-content\/uploads\/2023\/05\/logotextual1.jpg","width":516,"height":76,"caption":"Diario Textual"},"image":{"@id":"https:\/\/diariotextual.com\/inicio\/#\/schema\/logo\/image\/"},"sameAs":["https:\/\/www.facebook.com\/eltextual","https:\/\/x.com\/eltextual","http:\/\/www.instagram.com\/eltextual"]},{"@type":"Person","@id":"https:\/\/diariotextual.com\/inicio\/#\/schema\/person\/418fc4093c33e86ed41562db3508f958","name":"Diario1 Diario1","image":{"@type":"ImageObject","inLanguage":"es","@id":"https:\/\/secure.gravatar.com\/avatar\/9167d280179c85bc18be67aa7eda765854300033af4896dd779b608640f2ef7a?s=96&d=mm&r=g","url":"https:\/\/secure.gravatar.com\/avatar\/9167d280179c85bc18be67aa7eda765854300033af4896dd779b608640f2ef7a?s=96&d=mm&r=g","contentUrl":"https:\/\/secure.gravatar.com\/avatar\/9167d280179c85bc18be67aa7eda765854300033af4896dd779b608640f2ef7a?s=96&d=mm&r=g","caption":"Diario1 Diario1"},"url":"https:\/\/diariotextual.com\/inicio\/index.php\/author\/diario1\/"}]}},"_links":{"self":[{"href":"https:\/\/diariotextual.com\/inicio\/index.php\/wp-json\/wp\/v2\/posts\/160949","targetHints":{"allow":["GET"]}}],"collection":[{"href":"https:\/\/diariotextual.com\/inicio\/index.php\/wp-json\/wp\/v2\/posts"}],"about":[{"href":"https:\/\/diariotextual.com\/inicio\/index.php\/wp-json\/wp\/v2\/types\/post"}],"author":[{"embeddable":true,"href":"https:\/\/diariotextual.com\/inicio\/index.php\/wp-json\/wp\/v2\/users\/3"}],"replies":[{"embeddable":true,"href":"https:\/\/diariotextual.com\/inicio\/index.php\/wp-json\/wp\/v2\/comments?post=160949"}],"version-history":[{"count":4,"href":"https:\/\/diariotextual.com\/inicio\/index.php\/wp-json\/wp\/v2\/posts\/160949\/revisions"}],"predecessor-version":[{"id":161004,"href":"https:\/\/diariotextual.com\/inicio\/index.php\/wp-json\/wp\/v2\/posts\/160949\/revisions\/161004"}],"wp:featuredmedia":[{"embeddable":true,"href":"https:\/\/diariotextual.com\/inicio\/index.php\/wp-json\/wp\/v2\/media\/161000"}],"wp:attachment":[{"href":"https:\/\/diariotextual.com\/inicio\/index.php\/wp-json\/wp\/v2\/media?parent=160949"}],"wp:term":[{"taxonomy":"category","embeddable":true,"href":"https:\/\/diariotextual.com\/inicio\/index.php\/wp-json\/wp\/v2\/categories?post=160949"},{"taxonomy":"post_tag","embeddable":true,"href":"https:\/\/diariotextual.com\/inicio\/index.php\/wp-json\/wp\/v2\/tags?post=160949"}],"curies":[{"name":"wp","href":"https:\/\/api.w.org\/{rel}","templated":true}]}}