{"id":160975,"date":"2021-09-12T09:57:17","date_gmt":"2021-09-12T12:57:17","guid":{"rendered":"https:\/\/diariotextual.com\/inicio\/?p=160975"},"modified":"2021-09-12T15:31:19","modified_gmt":"2021-09-12T18:31:19","slug":"ziliotto-en-estas-paso-se-premia-o-se-castiga","status":"publish","type":"post","link":"https:\/\/diariotextual.com\/inicio\/index.php\/2021\/09\/12\/ziliotto-en-estas-paso-se-premia-o-se-castiga\/","title":{"rendered":"Ziliotto: \u201cEn estas PASO se premia o se castiga\u201d"},"content":{"rendered":"\n<p><strong>Sergio Ziliotto<\/strong> dijo este domingo, al votar, que <strong>en estas PASO \u201cse premia o se castiga\u201d a los dirigentes pol\u00edticos. <\/strong>\u201c<strong>Todos saben la importancia que tiene esta elecci\u00f3n, tal vez m\u00e1s que otras elecciones de medio t\u00e9rmino\u201d<\/strong>, sostuvo.<\/p>\n\n\n\n<p>\u201cEn la campa\u00f1a ya hicimos lo que tenemos que hacer<strong>. No nos hemos guardado absolutamente nada. <\/strong>Hay que darle tranquilidad a la gente para que decida. No es momento de direccionar el voto. Los que no decidieron, que tengan a\u00fan la tranquilidad de hacer un balance y definir su voto\u201d, sostuvo. \u201cDeben premiar o castigar\u201d.<\/p>\n\n\n\n<p>\u201c<strong>Se juega fortalecer la democracia. <\/strong>Despu\u00e9s, seguramente, cada uno espera un resultado. El primer objetivo que debemos festejar todos es la mayor participaci\u00f3n\u201d, manifest\u00f3.<\/p>\n\n\n\n<p>\u201c<strong>\u00bfSi se plebiscita la gesti\u00f3n? Eso lo va a decidir la gente<\/strong>. Habr\u00e1 m\u00e1s de una lectura de la elecci\u00f3n, pero no quiero hacer ahora, en medio de la veda, una lectura. Pero todos saben la importancia que tiene esta elecci\u00f3n, tal vez mucho m\u00e1s que otras elecciones de medio t\u00e9rmino. Son d\u00edas en que se festeja la democracia. Son posibilidades hermosas en la que tenemos de elegir a nuestros representantes\u201d, sostuvo.<\/p>\n\n\n\n<p>Llam\u00f3 a votar a la poblaci\u00f3n. \u201cLa pandemia ha trastocado la vida y, en muchos casos, las posibilidades de cada uno de poder votar. En medio de la pandemia, puede haber gente que puede tener miedo. Pero lo dijo claramente el ministro del Interior, Wado de Pedro: es una actividad que no contagia. Si cumplimos con todos los protocolos, creo que no vamos a tener problemas, y se han ampliado la cantidad de mesas\u201d, sostuvo.<\/p>\n\n\n\n<p><strong>Resalt\u00f3 que, durante la jornada electoral, en La Pampa se sigue votando en contra del coronavirus. <\/strong>\u00abEn estos d\u00edas hemos tenido una positividad por debajo del 5%. Eso se debe a una fuerte presencia de la vacuna, hoy en la provincia de La Pampa se est\u00e1 vacunando ayer se dieron 3 mil turnos para inocular con la vacuna Cansino, que es una monodosis. Hoy no solo vamos a avanzar en democracia sino tambi\u00e9n en mejor calidad de vida\u00bb, dijo.<\/p>\n\n\n\n<p>El gobernador dijo que esperan avanzar con el plan de vacunaci\u00f3n. \u00abTen\u00edamos 11 mil inscriptos sin vacunas, con estas 3 mil de ahora vamos a avanzar mucho. Y cuando se distribuyan los 3 millones de dosis de Sinopfram que faltan distribuir en el pa\u00eds a\u00fan m\u00e1s. Creo que pronto vamos a llegar a la actividad que queremos hacer, pero no hay que dejar de cumplir los protocolos. Acabo de ver en televisi\u00f3n que parece que se votara sin pandemia. Gente amontonada, sin barbijo&#8230;\u00bb, se quej\u00f3.<\/p>\n\n\n\n<p>El mandatario tendr\u00e1<strong>&nbsp;una prueba de fuego<\/strong>: pese a no candidatearse<strong>, este domingo enfrenta como jefe del peronismo unos comicios que ser\u00e1n un plebiscito a su gobierno.<\/strong><\/p>\n\n\n\n<p>En estas PASO se eligen los candidatos para disputar en noviembre tres bancas en la C\u00e1mara de Diputados y tres en el Senado de la Naci\u00f3n.<\/p>\n\n\n\n<p>El Frente de Todos (FdeT), con la columna vertebral del peronismo, llega con la tranquilidad que presenta una sola lista.<\/p>\n\n\n\n<p>En ese marco, el objetivo inmediato de Ziliotto es lograr m\u00e1s sufragios que el acumulado de las cinco listas del espacio opositor Juntos por el Cambio.<\/p>\n\n\n\n<figure class=\"wp-block-embed is-type-wp-embed is-provider-diario-textual wp-block-embed-diario-textual\"><div class=\"wp-block-embed__wrapper\">\n<blockquote class=\"wp-embedded-content\" data-secret=\"vJC3QCyiEw\"><a href=\"https:\/\/diariotextual.com\/inicio\/index.php\/2021\/09\/12\/paso-2021-ziliotto-plebiscita-su-gestion-y-rinde-su-primer-examen-como-gobernador\/\">PASO 2021: Ziliotto plebiscita su gesti\u00f3n y rinde su primer examen como gobernador<\/a><\/blockquote><iframe class=\"wp-embedded-content\" sandbox=\"allow-scripts\" security=\"restricted\" style=\"position: absolute; clip: rect(1px, 1px, 1px, 1px);\" title=\"\u00abPASO 2021: Ziliotto plebiscita su gesti\u00f3n y rinde su primer examen como gobernador\u00bb \u2014 Diario Textual\" src=\"https:\/\/diariotextual.com\/inicio\/index.php\/2021\/09\/12\/paso-2021-ziliotto-plebiscita-su-gestion-y-rinde-su-primer-examen-como-gobernador\/embed\/#?secret=vJC3QCyiEw\" data-secret=\"vJC3QCyiEw\" width=\"600\" height=\"338\" frameborder=\"0\" marginwidth=\"0\" marginheight=\"0\" scrolling=\"no\"><\/iframe>\n<\/div><\/figure>\n","protected":false},"excerpt":{"rendered":"<p>Sergio Ziliotto dijo este domingo, al votar, que en estas PASO \u201cse premia o se castiga\u201d a los dirigentes pol\u00edticos. \u201cTodos saben la importancia que tiene esta elecci\u00f3n, tal vez&hellip;<\/p>\n","protected":false},"author":3,"featured_media":160976,"comment_status":"closed","ping_status":"open","sticky":false,"template":"","format":"standard","meta":{"_acf_changed":false,"footnotes":""},"categories":[4,8],"tags":[424],"class_list":["post-160975","post","type-post","status-publish","format-standard","has-post-thumbnail","hentry","category-destacadas","category-politica","tag-ziliotto"],"acf":[],"yoast_head":"<!-- This site is optimized with the Yoast SEO plugin v27.5 - https:\/\/yoast.com\/product\/yoast-seo-wordpress\/ -->\n<title>Ziliotto: \u201cEn estas PASO se premia o se castiga\u201d - Diario Textual<\/title>\n<meta name=\"robots\" content=\"index, follow, max-snippet:-1, max-image-preview:large, max-video-preview:-1\" \/>\n<link rel=\"canonical\" href=\"https:\/\/diariotextual.com\/inicio\/index.php\/2021\/09\/12\/ziliotto-en-estas-paso-se-premia-o-se-castiga\/\" \/>\n<meta property=\"og:locale\" content=\"es_ES\" \/>\n<meta property=\"og:type\" content=\"article\" \/>\n<meta property=\"og:title\" content=\"Ziliotto: \u201cEn estas PASO se premia o se castiga\u201d - Diario Textual\" \/>\n<meta property=\"og:description\" content=\"Sergio Ziliotto dijo este domingo, al votar, que en estas PASO \u201cse premia o se castiga\u201d a los dirigentes pol\u00edticos. \u201cTodos saben la importancia que tiene esta elecci\u00f3n, tal vez&hellip;\" \/>\n<meta property=\"og:url\" content=\"https:\/\/diariotextual.com\/inicio\/index.php\/2021\/09\/12\/ziliotto-en-estas-paso-se-premia-o-se-castiga\/\" \/>\n<meta property=\"og:site_name\" content=\"Diario Textual\" \/>\n<meta property=\"article:publisher\" content=\"https:\/\/www.facebook.com\/eltextual\" \/>\n<meta property=\"article:published_time\" content=\"2021-09-12T12:57:17+00:00\" \/>\n<meta property=\"article:modified_time\" content=\"2021-09-12T18:31:19+00:00\" \/>\n<meta property=\"og:image\" content=\"https:\/\/diariotextual.com\/inicio\/wp-content\/uploads\/2021\/09\/ziliottosergiopasovotaelecciones2021-1-scaled.jpg\" \/>\n\t<meta property=\"og:image:width\" content=\"2560\" \/>\n\t<meta property=\"og:image:height\" content=\"1707\" \/>\n\t<meta property=\"og:image:type\" content=\"image\/jpeg\" \/>\n<meta name=\"author\" content=\"Diario1 Diario1\" \/>\n<meta name=\"twitter:card\" content=\"summary_large_image\" \/>\n<meta name=\"twitter:creator\" content=\"@eltextual\" \/>\n<meta name=\"twitter:site\" content=\"@eltextual\" \/>\n<meta name=\"twitter:label1\" content=\"Escrito por\" \/>\n\t<meta name=\"twitter:data1\" content=\"Diario1 Diario1\" \/>\n\t<meta name=\"twitter:label2\" content=\"Tiempo de lectura\" \/>\n\t<meta name=\"twitter:data2\" content=\"3 minutos\" \/>\n<script type=\"application\/ld+json\" class=\"yoast-schema-graph\">{\"@context\":\"https:\\\/\\\/schema.org\",\"@graph\":[{\"@type\":\"Article\",\"@id\":\"https:\\\/\\\/diariotextual.com\\\/inicio\\\/index.php\\\/2021\\\/09\\\/12\\\/ziliotto-en-estas-paso-se-premia-o-se-castiga\\\/#article\",\"isPartOf\":{\"@id\":\"https:\\\/\\\/diariotextual.com\\\/inicio\\\/index.php\\\/2021\\\/09\\\/12\\\/ziliotto-en-estas-paso-se-premia-o-se-castiga\\\/\"},\"author\":{\"name\":\"Diario1 Diario1\",\"@id\":\"https:\\\/\\\/diariotextual.com\\\/inicio\\\/#\\\/schema\\\/person\\\/418fc4093c33e86ed41562db3508f958\"},\"headline\":\"Ziliotto: \u201cEn estas PASO se premia o se castiga\u201d\",\"datePublished\":\"2021-09-12T12:57:17+00:00\",\"dateModified\":\"2021-09-12T18:31:19+00:00\",\"mainEntityOfPage\":{\"@id\":\"https:\\\/\\\/diariotextual.com\\\/inicio\\\/index.php\\\/2021\\\/09\\\/12\\\/ziliotto-en-estas-paso-se-premia-o-se-castiga\\\/\"},\"wordCount\":568,\"publisher\":{\"@id\":\"https:\\\/\\\/diariotextual.com\\\/inicio\\\/#organization\"},\"image\":{\"@id\":\"https:\\\/\\\/diariotextual.com\\\/inicio\\\/index.php\\\/2021\\\/09\\\/12\\\/ziliotto-en-estas-paso-se-premia-o-se-castiga\\\/#primaryimage\"},\"thumbnailUrl\":\"https:\\\/\\\/diariotextual.com\\\/inicio\\\/wp-content\\\/uploads\\\/2021\\\/09\\\/ziliottosergiopasovotaelecciones2021-1-scaled.jpg\",\"keywords\":[\"ziliotto\"],\"articleSection\":[\"A - DESTACADAS (mod 16)\",\"POLITICA\"],\"inLanguage\":\"es\"},{\"@type\":\"WebPage\",\"@id\":\"https:\\\/\\\/diariotextual.com\\\/inicio\\\/index.php\\\/2021\\\/09\\\/12\\\/ziliotto-en-estas-paso-se-premia-o-se-castiga\\\/\",\"url\":\"https:\\\/\\\/diariotextual.com\\\/inicio\\\/index.php\\\/2021\\\/09\\\/12\\\/ziliotto-en-estas-paso-se-premia-o-se-castiga\\\/\",\"name\":\"Ziliotto: \u201cEn estas PASO se premia o se castiga\u201d - Diario Textual\",\"isPartOf\":{\"@id\":\"https:\\\/\\\/diariotextual.com\\\/inicio\\\/#website\"},\"primaryImageOfPage\":{\"@id\":\"https:\\\/\\\/diariotextual.com\\\/inicio\\\/index.php\\\/2021\\\/09\\\/12\\\/ziliotto-en-estas-paso-se-premia-o-se-castiga\\\/#primaryimage\"},\"image\":{\"@id\":\"https:\\\/\\\/diariotextual.com\\\/inicio\\\/index.php\\\/2021\\\/09\\\/12\\\/ziliotto-en-estas-paso-se-premia-o-se-castiga\\\/#primaryimage\"},\"thumbnailUrl\":\"https:\\\/\\\/diariotextual.com\\\/inicio\\\/wp-content\\\/uploads\\\/2021\\\/09\\\/ziliottosergiopasovotaelecciones2021-1-scaled.jpg\",\"datePublished\":\"2021-09-12T12:57:17+00:00\",\"dateModified\":\"2021-09-12T18:31:19+00:00\",\"breadcrumb\":{\"@id\":\"https:\\\/\\\/diariotextual.com\\\/inicio\\\/index.php\\\/2021\\\/09\\\/12\\\/ziliotto-en-estas-paso-se-premia-o-se-castiga\\\/#breadcrumb\"},\"inLanguage\":\"es\",\"potentialAction\":[{\"@type\":\"ReadAction\",\"target\":[\"https:\\\/\\\/diariotextual.com\\\/inicio\\\/index.php\\\/2021\\\/09\\\/12\\\/ziliotto-en-estas-paso-se-premia-o-se-castiga\\\/\"]}]},{\"@type\":\"ImageObject\",\"inLanguage\":\"es\",\"@id\":\"https:\\\/\\\/diariotextual.com\\\/inicio\\\/index.php\\\/2021\\\/09\\\/12\\\/ziliotto-en-estas-paso-se-premia-o-se-castiga\\\/#primaryimage\",\"url\":\"https:\\\/\\\/diariotextual.com\\\/inicio\\\/wp-content\\\/uploads\\\/2021\\\/09\\\/ziliottosergiopasovotaelecciones2021-1-scaled.jpg\",\"contentUrl\":\"https:\\\/\\\/diariotextual.com\\\/inicio\\\/wp-content\\\/uploads\\\/2021\\\/09\\\/ziliottosergiopasovotaelecciones2021-1-scaled.jpg\",\"width\":2560,\"height\":1707},{\"@type\":\"BreadcrumbList\",\"@id\":\"https:\\\/\\\/diariotextual.com\\\/inicio\\\/index.php\\\/2021\\\/09\\\/12\\\/ziliotto-en-estas-paso-se-premia-o-se-castiga\\\/#breadcrumb\",\"itemListElement\":[{\"@type\":\"ListItem\",\"position\":1,\"name\":\"Portada\",\"item\":\"https:\\\/\\\/diariotextual.com\\\/inicio\\\/\"},{\"@type\":\"ListItem\",\"position\":2,\"name\":\"Ziliotto: \u201cEn estas PASO se premia o se castiga\u201d\"}]},{\"@type\":\"WebSite\",\"@id\":\"https:\\\/\\\/diariotextual.com\\\/inicio\\\/#website\",\"url\":\"https:\\\/\\\/diariotextual.com\\\/inicio\\\/\",\"name\":\"Diario Textual\",\"description\":\"\",\"publisher\":{\"@id\":\"https:\\\/\\\/diariotextual.com\\\/inicio\\\/#organization\"},\"potentialAction\":[{\"@type\":\"SearchAction\",\"target\":{\"@type\":\"EntryPoint\",\"urlTemplate\":\"https:\\\/\\\/diariotextual.com\\\/inicio\\\/?s={search_term_string}\"},\"query-input\":{\"@type\":\"PropertyValueSpecification\",\"valueRequired\":true,\"valueName\":\"search_term_string\"}}],\"inLanguage\":\"es\"},{\"@type\":\"Organization\",\"@id\":\"https:\\\/\\\/diariotextual.com\\\/inicio\\\/#organization\",\"name\":\"Diario Textual\",\"url\":\"https:\\\/\\\/diariotextual.com\\\/inicio\\\/\",\"logo\":{\"@type\":\"ImageObject\",\"inLanguage\":\"es\",\"@id\":\"https:\\\/\\\/diariotextual.com\\\/inicio\\\/#\\\/schema\\\/logo\\\/image\\\/\",\"url\":\"https:\\\/\\\/diariotextual.com\\\/inicio\\\/wp-content\\\/uploads\\\/2023\\\/05\\\/logotextual1.jpg\",\"contentUrl\":\"https:\\\/\\\/diariotextual.com\\\/inicio\\\/wp-content\\\/uploads\\\/2023\\\/05\\\/logotextual1.jpg\",\"width\":516,\"height\":76,\"caption\":\"Diario Textual\"},\"image\":{\"@id\":\"https:\\\/\\\/diariotextual.com\\\/inicio\\\/#\\\/schema\\\/logo\\\/image\\\/\"},\"sameAs\":[\"https:\\\/\\\/www.facebook.com\\\/eltextual\",\"https:\\\/\\\/x.com\\\/eltextual\",\"http:\\\/\\\/www.instagram.com\\\/eltextual\"]},{\"@type\":\"Person\",\"@id\":\"https:\\\/\\\/diariotextual.com\\\/inicio\\\/#\\\/schema\\\/person\\\/418fc4093c33e86ed41562db3508f958\",\"name\":\"Diario1 Diario1\",\"image\":{\"@type\":\"ImageObject\",\"inLanguage\":\"es\",\"@id\":\"https:\\\/\\\/secure.gravatar.com\\\/avatar\\\/9167d280179c85bc18be67aa7eda765854300033af4896dd779b608640f2ef7a?s=96&d=mm&r=g\",\"url\":\"https:\\\/\\\/secure.gravatar.com\\\/avatar\\\/9167d280179c85bc18be67aa7eda765854300033af4896dd779b608640f2ef7a?s=96&d=mm&r=g\",\"contentUrl\":\"https:\\\/\\\/secure.gravatar.com\\\/avatar\\\/9167d280179c85bc18be67aa7eda765854300033af4896dd779b608640f2ef7a?s=96&d=mm&r=g\",\"caption\":\"Diario1 Diario1\"},\"url\":\"https:\\\/\\\/diariotextual.com\\\/inicio\\\/index.php\\\/author\\\/diario1\\\/\"}]}<\/script>\n<!-- \/ Yoast SEO plugin. -->","yoast_head_json":{"title":"Ziliotto: \u201cEn estas PASO se premia o se castiga\u201d - Diario Textual","robots":{"index":"index","follow":"follow","max-snippet":"max-snippet:-1","max-image-preview":"max-image-preview:large","max-video-preview":"max-video-preview:-1"},"canonical":"https:\/\/diariotextual.com\/inicio\/index.php\/2021\/09\/12\/ziliotto-en-estas-paso-se-premia-o-se-castiga\/","og_locale":"es_ES","og_type":"article","og_title":"Ziliotto: \u201cEn estas PASO se premia o se castiga\u201d - Diario Textual","og_description":"Sergio Ziliotto dijo este domingo, al votar, que en estas PASO \u201cse premia o se castiga\u201d a los dirigentes pol\u00edticos. \u201cTodos saben la importancia que tiene esta elecci\u00f3n, tal vez&hellip;","og_url":"https:\/\/diariotextual.com\/inicio\/index.php\/2021\/09\/12\/ziliotto-en-estas-paso-se-premia-o-se-castiga\/","og_site_name":"Diario Textual","article_publisher":"https:\/\/www.facebook.com\/eltextual","article_published_time":"2021-09-12T12:57:17+00:00","article_modified_time":"2021-09-12T18:31:19+00:00","og_image":[{"width":2560,"height":1707,"url":"https:\/\/diariotextual.com\/inicio\/wp-content\/uploads\/2021\/09\/ziliottosergiopasovotaelecciones2021-1-scaled.jpg","type":"image\/jpeg"}],"author":"Diario1 Diario1","twitter_card":"summary_large_image","twitter_creator":"@eltextual","twitter_site":"@eltextual","twitter_misc":{"Escrito por":"Diario1 Diario1","Tiempo de lectura":"3 minutos"},"schema":{"@context":"https:\/\/schema.org","@graph":[{"@type":"Article","@id":"https:\/\/diariotextual.com\/inicio\/index.php\/2021\/09\/12\/ziliotto-en-estas-paso-se-premia-o-se-castiga\/#article","isPartOf":{"@id":"https:\/\/diariotextual.com\/inicio\/index.php\/2021\/09\/12\/ziliotto-en-estas-paso-se-premia-o-se-castiga\/"},"author":{"name":"Diario1 Diario1","@id":"https:\/\/diariotextual.com\/inicio\/#\/schema\/person\/418fc4093c33e86ed41562db3508f958"},"headline":"Ziliotto: \u201cEn estas PASO se premia o se castiga\u201d","datePublished":"2021-09-12T12:57:17+00:00","dateModified":"2021-09-12T18:31:19+00:00","mainEntityOfPage":{"@id":"https:\/\/diariotextual.com\/inicio\/index.php\/2021\/09\/12\/ziliotto-en-estas-paso-se-premia-o-se-castiga\/"},"wordCount":568,"publisher":{"@id":"https:\/\/diariotextual.com\/inicio\/#organization"},"image":{"@id":"https:\/\/diariotextual.com\/inicio\/index.php\/2021\/09\/12\/ziliotto-en-estas-paso-se-premia-o-se-castiga\/#primaryimage"},"thumbnailUrl":"https:\/\/diariotextual.com\/inicio\/wp-content\/uploads\/2021\/09\/ziliottosergiopasovotaelecciones2021-1-scaled.jpg","keywords":["ziliotto"],"articleSection":["A - DESTACADAS (mod 16)","POLITICA"],"inLanguage":"es"},{"@type":"WebPage","@id":"https:\/\/diariotextual.com\/inicio\/index.php\/2021\/09\/12\/ziliotto-en-estas-paso-se-premia-o-se-castiga\/","url":"https:\/\/diariotextual.com\/inicio\/index.php\/2021\/09\/12\/ziliotto-en-estas-paso-se-premia-o-se-castiga\/","name":"Ziliotto: \u201cEn estas PASO se premia o se castiga\u201d - Diario Textual","isPartOf":{"@id":"https:\/\/diariotextual.com\/inicio\/#website"},"primaryImageOfPage":{"@id":"https:\/\/diariotextual.com\/inicio\/index.php\/2021\/09\/12\/ziliotto-en-estas-paso-se-premia-o-se-castiga\/#primaryimage"},"image":{"@id":"https:\/\/diariotextual.com\/inicio\/index.php\/2021\/09\/12\/ziliotto-en-estas-paso-se-premia-o-se-castiga\/#primaryimage"},"thumbnailUrl":"https:\/\/diariotextual.com\/inicio\/wp-content\/uploads\/2021\/09\/ziliottosergiopasovotaelecciones2021-1-scaled.jpg","datePublished":"2021-09-12T12:57:17+00:00","dateModified":"2021-09-12T18:31:19+00:00","breadcrumb":{"@id":"https:\/\/diariotextual.com\/inicio\/index.php\/2021\/09\/12\/ziliotto-en-estas-paso-se-premia-o-se-castiga\/#breadcrumb"},"inLanguage":"es","potentialAction":[{"@type":"ReadAction","target":["https:\/\/diariotextual.com\/inicio\/index.php\/2021\/09\/12\/ziliotto-en-estas-paso-se-premia-o-se-castiga\/"]}]},{"@type":"ImageObject","inLanguage":"es","@id":"https:\/\/diariotextual.com\/inicio\/index.php\/2021\/09\/12\/ziliotto-en-estas-paso-se-premia-o-se-castiga\/#primaryimage","url":"https:\/\/diariotextual.com\/inicio\/wp-content\/uploads\/2021\/09\/ziliottosergiopasovotaelecciones2021-1-scaled.jpg","contentUrl":"https:\/\/diariotextual.com\/inicio\/wp-content\/uploads\/2021\/09\/ziliottosergiopasovotaelecciones2021-1-scaled.jpg","width":2560,"height":1707},{"@type":"BreadcrumbList","@id":"https:\/\/diariotextual.com\/inicio\/index.php\/2021\/09\/12\/ziliotto-en-estas-paso-se-premia-o-se-castiga\/#breadcrumb","itemListElement":[{"@type":"ListItem","position":1,"name":"Portada","item":"https:\/\/diariotextual.com\/inicio\/"},{"@type":"ListItem","position":2,"name":"Ziliotto: \u201cEn estas PASO se premia o se castiga\u201d"}]},{"@type":"WebSite","@id":"https:\/\/diariotextual.com\/inicio\/#website","url":"https:\/\/diariotextual.com\/inicio\/","name":"Diario Textual","description":"","publisher":{"@id":"https:\/\/diariotextual.com\/inicio\/#organization"},"potentialAction":[{"@type":"SearchAction","target":{"@type":"EntryPoint","urlTemplate":"https:\/\/diariotextual.com\/inicio\/?s={search_term_string}"},"query-input":{"@type":"PropertyValueSpecification","valueRequired":true,"valueName":"search_term_string"}}],"inLanguage":"es"},{"@type":"Organization","@id":"https:\/\/diariotextual.com\/inicio\/#organization","name":"Diario Textual","url":"https:\/\/diariotextual.com\/inicio\/","logo":{"@type":"ImageObject","inLanguage":"es","@id":"https:\/\/diariotextual.com\/inicio\/#\/schema\/logo\/image\/","url":"https:\/\/diariotextual.com\/inicio\/wp-content\/uploads\/2023\/05\/logotextual1.jpg","contentUrl":"https:\/\/diariotextual.com\/inicio\/wp-content\/uploads\/2023\/05\/logotextual1.jpg","width":516,"height":76,"caption":"Diario Textual"},"image":{"@id":"https:\/\/diariotextual.com\/inicio\/#\/schema\/logo\/image\/"},"sameAs":["https:\/\/www.facebook.com\/eltextual","https:\/\/x.com\/eltextual","http:\/\/www.instagram.com\/eltextual"]},{"@type":"Person","@id":"https:\/\/diariotextual.com\/inicio\/#\/schema\/person\/418fc4093c33e86ed41562db3508f958","name":"Diario1 Diario1","image":{"@type":"ImageObject","inLanguage":"es","@id":"https:\/\/secure.gravatar.com\/avatar\/9167d280179c85bc18be67aa7eda765854300033af4896dd779b608640f2ef7a?s=96&d=mm&r=g","url":"https:\/\/secure.gravatar.com\/avatar\/9167d280179c85bc18be67aa7eda765854300033af4896dd779b608640f2ef7a?s=96&d=mm&r=g","contentUrl":"https:\/\/secure.gravatar.com\/avatar\/9167d280179c85bc18be67aa7eda765854300033af4896dd779b608640f2ef7a?s=96&d=mm&r=g","caption":"Diario1 Diario1"},"url":"https:\/\/diariotextual.com\/inicio\/index.php\/author\/diario1\/"}]}},"_links":{"self":[{"href":"https:\/\/diariotextual.com\/inicio\/index.php\/wp-json\/wp\/v2\/posts\/160975","targetHints":{"allow":["GET"]}}],"collection":[{"href":"https:\/\/diariotextual.com\/inicio\/index.php\/wp-json\/wp\/v2\/posts"}],"about":[{"href":"https:\/\/diariotextual.com\/inicio\/index.php\/wp-json\/wp\/v2\/types\/post"}],"author":[{"embeddable":true,"href":"https:\/\/diariotextual.com\/inicio\/index.php\/wp-json\/wp\/v2\/users\/3"}],"replies":[{"embeddable":true,"href":"https:\/\/diariotextual.com\/inicio\/index.php\/wp-json\/wp\/v2\/comments?post=160975"}],"version-history":[{"count":10,"href":"https:\/\/diariotextual.com\/inicio\/index.php\/wp-json\/wp\/v2\/posts\/160975\/revisions"}],"predecessor-version":[{"id":160995,"href":"https:\/\/diariotextual.com\/inicio\/index.php\/wp-json\/wp\/v2\/posts\/160975\/revisions\/160995"}],"wp:featuredmedia":[{"embeddable":true,"href":"https:\/\/diariotextual.com\/inicio\/index.php\/wp-json\/wp\/v2\/media\/160976"}],"wp:attachment":[{"href":"https:\/\/diariotextual.com\/inicio\/index.php\/wp-json\/wp\/v2\/media?parent=160975"}],"wp:term":[{"taxonomy":"category","embeddable":true,"href":"https:\/\/diariotextual.com\/inicio\/index.php\/wp-json\/wp\/v2\/categories?post=160975"},{"taxonomy":"post_tag","embeddable":true,"href":"https:\/\/diariotextual.com\/inicio\/index.php\/wp-json\/wp\/v2\/tags?post=160975"}],"curies":[{"name":"wp","href":"https:\/\/api.w.org\/{rel}","templated":true}]}}