{"id":161001,"date":"2021-09-12T10:51:10","date_gmt":"2021-09-12T13:51:10","guid":{"rendered":"https:\/\/diariotextual.com\/inicio\/?p=161001"},"modified":"2021-09-12T11:54:13","modified_gmt":"2021-09-12T14:54:13","slug":"bensusan-estamos-confiados-en-que-vamos-a-hacer-una-buena-eleccion","status":"publish","type":"post","link":"https:\/\/diariotextual.com\/inicio\/index.php\/2021\/09\/12\/bensusan-estamos-confiados-en-que-vamos-a-hacer-una-buena-eleccion\/","title":{"rendered":"Bensus\u00e1n: \u00abEstamos confiados en que vamos a hacer una buena elecci\u00f3n\u00bb"},"content":{"rendered":"\n<p>El precandidato a senador nacional por el Frente de Todos, <strong>Pablo Bensus\u00e1n<\/strong>, se mostr\u00f3 \u201cconfiado\u201d en los resultados de las elecciones PASO 2021. \u201cFue una campa\u00f1a at\u00edpica, donde de igual manera pudimos cumplir con el objetivo de que el electorado de La Pampa sepa cu\u00e1les son las propuestas que vamos a llevar al Congreso nacional\u201d, expres\u00f3 al emitir su voto.<\/p>\n\n\n\n<p>\u201cNosotros en el Congreso nacional vamos a ser representantes de La Pampa y ese fue nuestro mensaje y la propuesta de seguir acompa\u00f1ando al gobernador y a cada intendente e intendenta de La Pampa\u201d, agreg\u00f3.<\/p>\n\n\n\n<p>\u201cFue una campa\u00f1a diferente, siempre fue de territorio, pero y hemos hecho reuniones al aire libre con la juventud y las instituciones\u201d, agreg\u00f3.<\/p>\n\n\n\n<p>Al ser consultado por la importancia del kirchnerismo dentro del Partido Justicialista dijo que \u201ces una chicana de la oposici\u00f3n\u201d la de querer posicionarlo como el partido a derrotar. \u201cEso es una chicana, no existe un partido kirchnerismo. Es un sector m\u00e1s dentro del peronismo e integramos el Frente de Todos y se trabaja juntos\u201d, plante\u00f3. Y expres\u00f3: \u201cNosotros no hacemos una alianza para ganar una elecci\u00f3n y despu\u00e9s terminamos todos peleados\u201d, expres\u00f3.<\/p>\n\n\n\n<p>En estas PASO se eligen los candidatos para disputar en noviembre tres bancas en la C\u00e1mara de Diputados y tres en el Senado de la Naci\u00f3n.<\/p>\n\n\n\n<p>El Frente de Todos (FdeT) llega con la tranquilidad que presenta una sola lista. Conformado por el PJ, Partido Humanista, Nuevo Encuentro, Frente Renovador y Partido del Trabajo y la Equidad, los candidatos a senadores son Pablo Bensus\u00e1n y Mar\u00eda Luz Alonso y para diputados Varinia Mar\u00edn y Ariel Rauschenberger.<\/p>\n\n\n\n<p>En ese marco, el objetivo inmediato del FdeT y del gobernador Sergio Ziliotto es lograr m\u00e1s sufragios que el acumulado de las cinco listas del espacio opositor Juntos por el Cambio.<\/p>\n","protected":false},"excerpt":{"rendered":"<p>El precandidato a senador nacional por el Frente de Todos, Pablo Bensus\u00e1n, se mostr\u00f3 \u201cconfiado\u201d en los resultados de las elecciones PASO 2021. \u201cFue una campa\u00f1a at\u00edpica, donde de igual&hellip;<\/p>\n","protected":false},"author":4,"featured_media":161025,"comment_status":"closed","ping_status":"open","sticky":false,"template":"","format":"standard","meta":{"_acf_changed":false,"footnotes":""},"categories":[10,8],"tags":[685],"class_list":["post-161001","post","type-post","status-publish","format-standard","has-post-thumbnail","hentry","category-portada-2","category-politica","tag-bensusan"],"acf":[],"yoast_head":"<!-- This site is optimized with the Yoast SEO plugin v27.5 - https:\/\/yoast.com\/product\/yoast-seo-wordpress\/ -->\n<title>Bensus\u00e1n: &quot;Estamos confiados en que vamos a hacer una buena elecci\u00f3n&quot; - Diario Textual<\/title>\n<meta name=\"robots\" content=\"index, follow, max-snippet:-1, max-image-preview:large, max-video-preview:-1\" \/>\n<link rel=\"canonical\" href=\"https:\/\/diariotextual.com\/inicio\/index.php\/2021\/09\/12\/bensusan-estamos-confiados-en-que-vamos-a-hacer-una-buena-eleccion\/\" \/>\n<meta property=\"og:locale\" content=\"es_ES\" \/>\n<meta property=\"og:type\" content=\"article\" \/>\n<meta property=\"og:title\" content=\"Bensus\u00e1n: &quot;Estamos confiados en que vamos a hacer una buena elecci\u00f3n&quot; - Diario Textual\" \/>\n<meta property=\"og:description\" content=\"El precandidato a senador nacional por el Frente de Todos, Pablo Bensus\u00e1n, se mostr\u00f3 \u201cconfiado\u201d en los resultados de las elecciones PASO 2021. \u201cFue una campa\u00f1a at\u00edpica, donde de igual&hellip;\" \/>\n<meta property=\"og:url\" content=\"https:\/\/diariotextual.com\/inicio\/index.php\/2021\/09\/12\/bensusan-estamos-confiados-en-que-vamos-a-hacer-una-buena-eleccion\/\" \/>\n<meta property=\"og:site_name\" content=\"Diario Textual\" \/>\n<meta property=\"article:publisher\" content=\"https:\/\/www.facebook.com\/eltextual\" \/>\n<meta property=\"article:published_time\" content=\"2021-09-12T13:51:10+00:00\" \/>\n<meta property=\"article:modified_time\" content=\"2021-09-12T14:54:13+00:00\" \/>\n<meta property=\"og:image\" content=\"https:\/\/diariotextual.com\/inicio\/wp-content\/uploads\/2021\/09\/bensusanpablodanielpasoeleccionesvotando2021-1.jpeg\" \/>\n\t<meta property=\"og:image:width\" content=\"1024\" \/>\n\t<meta property=\"og:image:height\" content=\"652\" \/>\n\t<meta property=\"og:image:type\" content=\"image\/jpeg\" \/>\n<meta name=\"author\" content=\"diario2\" \/>\n<meta name=\"twitter:card\" content=\"summary_large_image\" \/>\n<meta name=\"twitter:creator\" content=\"@eltextual\" \/>\n<meta name=\"twitter:site\" content=\"@eltextual\" \/>\n<meta name=\"twitter:label1\" content=\"Escrito por\" \/>\n\t<meta name=\"twitter:data1\" content=\"diario2\" \/>\n\t<meta name=\"twitter:label2\" content=\"Tiempo de lectura\" \/>\n\t<meta name=\"twitter:data2\" content=\"2 minutos\" \/>\n<script type=\"application\/ld+json\" class=\"yoast-schema-graph\">{\"@context\":\"https:\\\/\\\/schema.org\",\"@graph\":[{\"@type\":\"Article\",\"@id\":\"https:\\\/\\\/diariotextual.com\\\/inicio\\\/index.php\\\/2021\\\/09\\\/12\\\/bensusan-estamos-confiados-en-que-vamos-a-hacer-una-buena-eleccion\\\/#article\",\"isPartOf\":{\"@id\":\"https:\\\/\\\/diariotextual.com\\\/inicio\\\/index.php\\\/2021\\\/09\\\/12\\\/bensusan-estamos-confiados-en-que-vamos-a-hacer-una-buena-eleccion\\\/\"},\"author\":{\"name\":\"diario2\",\"@id\":\"https:\\\/\\\/diariotextual.com\\\/inicio\\\/#\\\/schema\\\/person\\\/694f60677f23c4a530867a98f22b3768\"},\"headline\":\"Bensus\u00e1n: \u00abEstamos confiados en que vamos a hacer una buena elecci\u00f3n\u00bb\",\"datePublished\":\"2021-09-12T13:51:10+00:00\",\"dateModified\":\"2021-09-12T14:54:13+00:00\",\"mainEntityOfPage\":{\"@id\":\"https:\\\/\\\/diariotextual.com\\\/inicio\\\/index.php\\\/2021\\\/09\\\/12\\\/bensusan-estamos-confiados-en-que-vamos-a-hacer-una-buena-eleccion\\\/\"},\"wordCount\":326,\"publisher\":{\"@id\":\"https:\\\/\\\/diariotextual.com\\\/inicio\\\/#organization\"},\"image\":{\"@id\":\"https:\\\/\\\/diariotextual.com\\\/inicio\\\/index.php\\\/2021\\\/09\\\/12\\\/bensusan-estamos-confiados-en-que-vamos-a-hacer-una-buena-eleccion\\\/#primaryimage\"},\"thumbnailUrl\":\"https:\\\/\\\/diariotextual.com\\\/inicio\\\/wp-content\\\/uploads\\\/2021\\\/09\\\/bensusanpablodanielpasoeleccionesvotando2021-1.jpeg\",\"keywords\":[\"bensusan\"],\"articleSection\":[\"A - PORTADA2\",\"POLITICA\"],\"inLanguage\":\"es\"},{\"@type\":\"WebPage\",\"@id\":\"https:\\\/\\\/diariotextual.com\\\/inicio\\\/index.php\\\/2021\\\/09\\\/12\\\/bensusan-estamos-confiados-en-que-vamos-a-hacer-una-buena-eleccion\\\/\",\"url\":\"https:\\\/\\\/diariotextual.com\\\/inicio\\\/index.php\\\/2021\\\/09\\\/12\\\/bensusan-estamos-confiados-en-que-vamos-a-hacer-una-buena-eleccion\\\/\",\"name\":\"Bensus\u00e1n: \\\"Estamos confiados en que vamos a hacer una buena elecci\u00f3n\\\" - Diario Textual\",\"isPartOf\":{\"@id\":\"https:\\\/\\\/diariotextual.com\\\/inicio\\\/#website\"},\"primaryImageOfPage\":{\"@id\":\"https:\\\/\\\/diariotextual.com\\\/inicio\\\/index.php\\\/2021\\\/09\\\/12\\\/bensusan-estamos-confiados-en-que-vamos-a-hacer-una-buena-eleccion\\\/#primaryimage\"},\"image\":{\"@id\":\"https:\\\/\\\/diariotextual.com\\\/inicio\\\/index.php\\\/2021\\\/09\\\/12\\\/bensusan-estamos-confiados-en-que-vamos-a-hacer-una-buena-eleccion\\\/#primaryimage\"},\"thumbnailUrl\":\"https:\\\/\\\/diariotextual.com\\\/inicio\\\/wp-content\\\/uploads\\\/2021\\\/09\\\/bensusanpablodanielpasoeleccionesvotando2021-1.jpeg\",\"datePublished\":\"2021-09-12T13:51:10+00:00\",\"dateModified\":\"2021-09-12T14:54:13+00:00\",\"breadcrumb\":{\"@id\":\"https:\\\/\\\/diariotextual.com\\\/inicio\\\/index.php\\\/2021\\\/09\\\/12\\\/bensusan-estamos-confiados-en-que-vamos-a-hacer-una-buena-eleccion\\\/#breadcrumb\"},\"inLanguage\":\"es\",\"potentialAction\":[{\"@type\":\"ReadAction\",\"target\":[\"https:\\\/\\\/diariotextual.com\\\/inicio\\\/index.php\\\/2021\\\/09\\\/12\\\/bensusan-estamos-confiados-en-que-vamos-a-hacer-una-buena-eleccion\\\/\"]}]},{\"@type\":\"ImageObject\",\"inLanguage\":\"es\",\"@id\":\"https:\\\/\\\/diariotextual.com\\\/inicio\\\/index.php\\\/2021\\\/09\\\/12\\\/bensusan-estamos-confiados-en-que-vamos-a-hacer-una-buena-eleccion\\\/#primaryimage\",\"url\":\"https:\\\/\\\/diariotextual.com\\\/inicio\\\/wp-content\\\/uploads\\\/2021\\\/09\\\/bensusanpablodanielpasoeleccionesvotando2021-1.jpeg\",\"contentUrl\":\"https:\\\/\\\/diariotextual.com\\\/inicio\\\/wp-content\\\/uploads\\\/2021\\\/09\\\/bensusanpablodanielpasoeleccionesvotando2021-1.jpeg\",\"width\":1024,\"height\":652},{\"@type\":\"BreadcrumbList\",\"@id\":\"https:\\\/\\\/diariotextual.com\\\/inicio\\\/index.php\\\/2021\\\/09\\\/12\\\/bensusan-estamos-confiados-en-que-vamos-a-hacer-una-buena-eleccion\\\/#breadcrumb\",\"itemListElement\":[{\"@type\":\"ListItem\",\"position\":1,\"name\":\"Portada\",\"item\":\"https:\\\/\\\/diariotextual.com\\\/inicio\\\/\"},{\"@type\":\"ListItem\",\"position\":2,\"name\":\"Bensus\u00e1n: \u00abEstamos confiados en que vamos a hacer una buena elecci\u00f3n\u00bb\"}]},{\"@type\":\"WebSite\",\"@id\":\"https:\\\/\\\/diariotextual.com\\\/inicio\\\/#website\",\"url\":\"https:\\\/\\\/diariotextual.com\\\/inicio\\\/\",\"name\":\"Diario Textual\",\"description\":\"\",\"publisher\":{\"@id\":\"https:\\\/\\\/diariotextual.com\\\/inicio\\\/#organization\"},\"potentialAction\":[{\"@type\":\"SearchAction\",\"target\":{\"@type\":\"EntryPoint\",\"urlTemplate\":\"https:\\\/\\\/diariotextual.com\\\/inicio\\\/?s={search_term_string}\"},\"query-input\":{\"@type\":\"PropertyValueSpecification\",\"valueRequired\":true,\"valueName\":\"search_term_string\"}}],\"inLanguage\":\"es\"},{\"@type\":\"Organization\",\"@id\":\"https:\\\/\\\/diariotextual.com\\\/inicio\\\/#organization\",\"name\":\"Diario Textual\",\"url\":\"https:\\\/\\\/diariotextual.com\\\/inicio\\\/\",\"logo\":{\"@type\":\"ImageObject\",\"inLanguage\":\"es\",\"@id\":\"https:\\\/\\\/diariotextual.com\\\/inicio\\\/#\\\/schema\\\/logo\\\/image\\\/\",\"url\":\"https:\\\/\\\/diariotextual.com\\\/inicio\\\/wp-content\\\/uploads\\\/2023\\\/05\\\/logotextual1.jpg\",\"contentUrl\":\"https:\\\/\\\/diariotextual.com\\\/inicio\\\/wp-content\\\/uploads\\\/2023\\\/05\\\/logotextual1.jpg\",\"width\":516,\"height\":76,\"caption\":\"Diario Textual\"},\"image\":{\"@id\":\"https:\\\/\\\/diariotextual.com\\\/inicio\\\/#\\\/schema\\\/logo\\\/image\\\/\"},\"sameAs\":[\"https:\\\/\\\/www.facebook.com\\\/eltextual\",\"https:\\\/\\\/x.com\\\/eltextual\",\"http:\\\/\\\/www.instagram.com\\\/eltextual\"]},{\"@type\":\"Person\",\"@id\":\"https:\\\/\\\/diariotextual.com\\\/inicio\\\/#\\\/schema\\\/person\\\/694f60677f23c4a530867a98f22b3768\",\"name\":\"diario2\",\"image\":{\"@type\":\"ImageObject\",\"inLanguage\":\"es\",\"@id\":\"https:\\\/\\\/secure.gravatar.com\\\/avatar\\\/5a2567495ba16b852fcd8f1ed006a2e24fcace936018ed8237e95f488ad6e0a7?s=96&d=mm&r=g\",\"url\":\"https:\\\/\\\/secure.gravatar.com\\\/avatar\\\/5a2567495ba16b852fcd8f1ed006a2e24fcace936018ed8237e95f488ad6e0a7?s=96&d=mm&r=g\",\"contentUrl\":\"https:\\\/\\\/secure.gravatar.com\\\/avatar\\\/5a2567495ba16b852fcd8f1ed006a2e24fcace936018ed8237e95f488ad6e0a7?s=96&d=mm&r=g\",\"caption\":\"diario2\"},\"url\":\"https:\\\/\\\/diariotextual.com\\\/inicio\\\/index.php\\\/author\\\/diario2\\\/\"}]}<\/script>\n<!-- \/ Yoast SEO plugin. -->","yoast_head_json":{"title":"Bensus\u00e1n: \"Estamos confiados en que vamos a hacer una buena elecci\u00f3n\" - Diario Textual","robots":{"index":"index","follow":"follow","max-snippet":"max-snippet:-1","max-image-preview":"max-image-preview:large","max-video-preview":"max-video-preview:-1"},"canonical":"https:\/\/diariotextual.com\/inicio\/index.php\/2021\/09\/12\/bensusan-estamos-confiados-en-que-vamos-a-hacer-una-buena-eleccion\/","og_locale":"es_ES","og_type":"article","og_title":"Bensus\u00e1n: \"Estamos confiados en que vamos a hacer una buena elecci\u00f3n\" - Diario Textual","og_description":"El precandidato a senador nacional por el Frente de Todos, Pablo Bensus\u00e1n, se mostr\u00f3 \u201cconfiado\u201d en los resultados de las elecciones PASO 2021. \u201cFue una campa\u00f1a at\u00edpica, donde de igual&hellip;","og_url":"https:\/\/diariotextual.com\/inicio\/index.php\/2021\/09\/12\/bensusan-estamos-confiados-en-que-vamos-a-hacer-una-buena-eleccion\/","og_site_name":"Diario Textual","article_publisher":"https:\/\/www.facebook.com\/eltextual","article_published_time":"2021-09-12T13:51:10+00:00","article_modified_time":"2021-09-12T14:54:13+00:00","og_image":[{"width":1024,"height":652,"url":"https:\/\/diariotextual.com\/inicio\/wp-content\/uploads\/2021\/09\/bensusanpablodanielpasoeleccionesvotando2021-1.jpeg","type":"image\/jpeg"}],"author":"diario2","twitter_card":"summary_large_image","twitter_creator":"@eltextual","twitter_site":"@eltextual","twitter_misc":{"Escrito por":"diario2","Tiempo de lectura":"2 minutos"},"schema":{"@context":"https:\/\/schema.org","@graph":[{"@type":"Article","@id":"https:\/\/diariotextual.com\/inicio\/index.php\/2021\/09\/12\/bensusan-estamos-confiados-en-que-vamos-a-hacer-una-buena-eleccion\/#article","isPartOf":{"@id":"https:\/\/diariotextual.com\/inicio\/index.php\/2021\/09\/12\/bensusan-estamos-confiados-en-que-vamos-a-hacer-una-buena-eleccion\/"},"author":{"name":"diario2","@id":"https:\/\/diariotextual.com\/inicio\/#\/schema\/person\/694f60677f23c4a530867a98f22b3768"},"headline":"Bensus\u00e1n: \u00abEstamos confiados en que vamos a hacer una buena elecci\u00f3n\u00bb","datePublished":"2021-09-12T13:51:10+00:00","dateModified":"2021-09-12T14:54:13+00:00","mainEntityOfPage":{"@id":"https:\/\/diariotextual.com\/inicio\/index.php\/2021\/09\/12\/bensusan-estamos-confiados-en-que-vamos-a-hacer-una-buena-eleccion\/"},"wordCount":326,"publisher":{"@id":"https:\/\/diariotextual.com\/inicio\/#organization"},"image":{"@id":"https:\/\/diariotextual.com\/inicio\/index.php\/2021\/09\/12\/bensusan-estamos-confiados-en-que-vamos-a-hacer-una-buena-eleccion\/#primaryimage"},"thumbnailUrl":"https:\/\/diariotextual.com\/inicio\/wp-content\/uploads\/2021\/09\/bensusanpablodanielpasoeleccionesvotando2021-1.jpeg","keywords":["bensusan"],"articleSection":["A - PORTADA2","POLITICA"],"inLanguage":"es"},{"@type":"WebPage","@id":"https:\/\/diariotextual.com\/inicio\/index.php\/2021\/09\/12\/bensusan-estamos-confiados-en-que-vamos-a-hacer-una-buena-eleccion\/","url":"https:\/\/diariotextual.com\/inicio\/index.php\/2021\/09\/12\/bensusan-estamos-confiados-en-que-vamos-a-hacer-una-buena-eleccion\/","name":"Bensus\u00e1n: \"Estamos confiados en que vamos a hacer una buena elecci\u00f3n\" - Diario Textual","isPartOf":{"@id":"https:\/\/diariotextual.com\/inicio\/#website"},"primaryImageOfPage":{"@id":"https:\/\/diariotextual.com\/inicio\/index.php\/2021\/09\/12\/bensusan-estamos-confiados-en-que-vamos-a-hacer-una-buena-eleccion\/#primaryimage"},"image":{"@id":"https:\/\/diariotextual.com\/inicio\/index.php\/2021\/09\/12\/bensusan-estamos-confiados-en-que-vamos-a-hacer-una-buena-eleccion\/#primaryimage"},"thumbnailUrl":"https:\/\/diariotextual.com\/inicio\/wp-content\/uploads\/2021\/09\/bensusanpablodanielpasoeleccionesvotando2021-1.jpeg","datePublished":"2021-09-12T13:51:10+00:00","dateModified":"2021-09-12T14:54:13+00:00","breadcrumb":{"@id":"https:\/\/diariotextual.com\/inicio\/index.php\/2021\/09\/12\/bensusan-estamos-confiados-en-que-vamos-a-hacer-una-buena-eleccion\/#breadcrumb"},"inLanguage":"es","potentialAction":[{"@type":"ReadAction","target":["https:\/\/diariotextual.com\/inicio\/index.php\/2021\/09\/12\/bensusan-estamos-confiados-en-que-vamos-a-hacer-una-buena-eleccion\/"]}]},{"@type":"ImageObject","inLanguage":"es","@id":"https:\/\/diariotextual.com\/inicio\/index.php\/2021\/09\/12\/bensusan-estamos-confiados-en-que-vamos-a-hacer-una-buena-eleccion\/#primaryimage","url":"https:\/\/diariotextual.com\/inicio\/wp-content\/uploads\/2021\/09\/bensusanpablodanielpasoeleccionesvotando2021-1.jpeg","contentUrl":"https:\/\/diariotextual.com\/inicio\/wp-content\/uploads\/2021\/09\/bensusanpablodanielpasoeleccionesvotando2021-1.jpeg","width":1024,"height":652},{"@type":"BreadcrumbList","@id":"https:\/\/diariotextual.com\/inicio\/index.php\/2021\/09\/12\/bensusan-estamos-confiados-en-que-vamos-a-hacer-una-buena-eleccion\/#breadcrumb","itemListElement":[{"@type":"ListItem","position":1,"name":"Portada","item":"https:\/\/diariotextual.com\/inicio\/"},{"@type":"ListItem","position":2,"name":"Bensus\u00e1n: \u00abEstamos confiados en que vamos a hacer una buena elecci\u00f3n\u00bb"}]},{"@type":"WebSite","@id":"https:\/\/diariotextual.com\/inicio\/#website","url":"https:\/\/diariotextual.com\/inicio\/","name":"Diario Textual","description":"","publisher":{"@id":"https:\/\/diariotextual.com\/inicio\/#organization"},"potentialAction":[{"@type":"SearchAction","target":{"@type":"EntryPoint","urlTemplate":"https:\/\/diariotextual.com\/inicio\/?s={search_term_string}"},"query-input":{"@type":"PropertyValueSpecification","valueRequired":true,"valueName":"search_term_string"}}],"inLanguage":"es"},{"@type":"Organization","@id":"https:\/\/diariotextual.com\/inicio\/#organization","name":"Diario Textual","url":"https:\/\/diariotextual.com\/inicio\/","logo":{"@type":"ImageObject","inLanguage":"es","@id":"https:\/\/diariotextual.com\/inicio\/#\/schema\/logo\/image\/","url":"https:\/\/diariotextual.com\/inicio\/wp-content\/uploads\/2023\/05\/logotextual1.jpg","contentUrl":"https:\/\/diariotextual.com\/inicio\/wp-content\/uploads\/2023\/05\/logotextual1.jpg","width":516,"height":76,"caption":"Diario Textual"},"image":{"@id":"https:\/\/diariotextual.com\/inicio\/#\/schema\/logo\/image\/"},"sameAs":["https:\/\/www.facebook.com\/eltextual","https:\/\/x.com\/eltextual","http:\/\/www.instagram.com\/eltextual"]},{"@type":"Person","@id":"https:\/\/diariotextual.com\/inicio\/#\/schema\/person\/694f60677f23c4a530867a98f22b3768","name":"diario2","image":{"@type":"ImageObject","inLanguage":"es","@id":"https:\/\/secure.gravatar.com\/avatar\/5a2567495ba16b852fcd8f1ed006a2e24fcace936018ed8237e95f488ad6e0a7?s=96&d=mm&r=g","url":"https:\/\/secure.gravatar.com\/avatar\/5a2567495ba16b852fcd8f1ed006a2e24fcace936018ed8237e95f488ad6e0a7?s=96&d=mm&r=g","contentUrl":"https:\/\/secure.gravatar.com\/avatar\/5a2567495ba16b852fcd8f1ed006a2e24fcace936018ed8237e95f488ad6e0a7?s=96&d=mm&r=g","caption":"diario2"},"url":"https:\/\/diariotextual.com\/inicio\/index.php\/author\/diario2\/"}]}},"_links":{"self":[{"href":"https:\/\/diariotextual.com\/inicio\/index.php\/wp-json\/wp\/v2\/posts\/161001","targetHints":{"allow":["GET"]}}],"collection":[{"href":"https:\/\/diariotextual.com\/inicio\/index.php\/wp-json\/wp\/v2\/posts"}],"about":[{"href":"https:\/\/diariotextual.com\/inicio\/index.php\/wp-json\/wp\/v2\/types\/post"}],"author":[{"embeddable":true,"href":"https:\/\/diariotextual.com\/inicio\/index.php\/wp-json\/wp\/v2\/users\/4"}],"replies":[{"embeddable":true,"href":"https:\/\/diariotextual.com\/inicio\/index.php\/wp-json\/wp\/v2\/comments?post=161001"}],"version-history":[{"count":4,"href":"https:\/\/diariotextual.com\/inicio\/index.php\/wp-json\/wp\/v2\/posts\/161001\/revisions"}],"predecessor-version":[{"id":161026,"href":"https:\/\/diariotextual.com\/inicio\/index.php\/wp-json\/wp\/v2\/posts\/161001\/revisions\/161026"}],"wp:featuredmedia":[{"embeddable":true,"href":"https:\/\/diariotextual.com\/inicio\/index.php\/wp-json\/wp\/v2\/media\/161025"}],"wp:attachment":[{"href":"https:\/\/diariotextual.com\/inicio\/index.php\/wp-json\/wp\/v2\/media?parent=161001"}],"wp:term":[{"taxonomy":"category","embeddable":true,"href":"https:\/\/diariotextual.com\/inicio\/index.php\/wp-json\/wp\/v2\/categories?post=161001"},{"taxonomy":"post_tag","embeddable":true,"href":"https:\/\/diariotextual.com\/inicio\/index.php\/wp-json\/wp\/v2\/tags?post=161001"}],"curies":[{"name":"wp","href":"https:\/\/api.w.org\/{rel}","templated":true}]}}