{"id":161005,"date":"2021-09-12T10:39:15","date_gmt":"2021-09-12T13:39:15","guid":{"rendered":"https:\/\/diariotextual.com\/inicio\/?p=161005"},"modified":"2021-09-12T19:41:42","modified_gmt":"2021-09-12T22:41:42","slug":"maquieyra-al-pampeano-le-gusta-votar","status":"publish","type":"post","link":"https:\/\/diariotextual.com\/inicio\/index.php\/2021\/09\/12\/maquieyra-al-pampeano-le-gusta-votar\/","title":{"rendered":"Maquieyra: \u00abAl pampeano le gusta votar\u00bb"},"content":{"rendered":"\n<p><strong>Mart\u00edn Maquieyra<\/strong> vot\u00f3 en el Colegio Nacional, de Pico. \u00abEs important\u00edsimo poder insistir en que la gente vaya a votar, que vote por qui\u00e9n quiera obviamente, pero que si queremos empezar a de alguna manera cambiar nuestra realidad hay que ir y votar\u00bb, dijo a la prensda.<\/p>\n\n\n\n<p>\u201c<strong>Yo creo que al pampeano le gusta votar<\/strong>. Le gusta poder ejercer su derecho. Hoy se celebra la democracia y eso lo estamos viendo en cada uno de los pampeanos que han venido a votar\u201d, dijo.<\/p>\n\n\n\n<p>Adem\u00e1s coment\u00f3 que esperar\u00e1 los resultados en el comit\u00e9 radical de General Pico. \u201cCreo que supimos sortear nuestras diferencias y no hablar del otro, sino de las propuestas concretas y dem\u00e1s. Somos muy optimistas que hoy La Pampa va a cambiar\u201d, expres\u00f3 para cerrar.<\/p>\n\n\n\n<p>Juntos por el Cambio en La Pampa est\u00e1 conformado por la Uni\u00f3n C\u00edvica Radical (UCR) y Propuesta Federal (PRO), adem\u00e1s de sumarse otras fuerzas como el Movimiento Federalista Pampeano y el Movimiento de Integraci\u00f3n y Desarrollo.<\/p>\n\n\n\n<p>En los comicios se presentan por JxC la Lista A Democracia y Consenso, que postula para senador a Hip\u00f3lito Altolaguirre y a Marcela Colli y para diputados a Hugo P\u00e9rez y Cintia Gette; la Lista B que postula a Adriana Leher y Carlos Montoya para senadores y para diputados nacionales a Luis Serradel y Norma Lovera; la Lista C Nuestra Causa que encabezan para el Senado Susana Teysseire y Gast\u00f3n Pantanali y para Diputados a Elida Deanna y Hugo Kenny; la Lista D Unidos por el Cambio que encabezan Daniel Kroneberger y Victoria Huala para la C\u00e1mara Alta y Mart\u00edn Maquieyra y Evangelina Remis para diputados nacionales; y la Lista E, que propone a Dar\u00edo Casado y J\u00e9sica Moreno para senadores y a Luis Bertone y Marcela Romero para diputados.<\/p>\n\n\n\n<p><\/p>\n","protected":false},"excerpt":{"rendered":"<p>Mart\u00edn Maquieyra vot\u00f3 en el Colegio Nacional, de Pico. \u00abEs important\u00edsimo poder insistir en que la gente vaya a votar, que vote por qui\u00e9n quiera obviamente, pero que si queremos&hellip;<\/p>\n","protected":false},"author":3,"featured_media":161006,"comment_status":"closed","ping_status":"open","sticky":false,"template":"","format":"standard","meta":{"_acf_changed":false,"footnotes":""},"categories":[10,8],"tags":[381],"class_list":["post-161005","post","type-post","status-publish","format-standard","has-post-thumbnail","hentry","category-portada-2","category-politica","tag-maquieyra"],"acf":[],"yoast_head":"<!-- This site is optimized with the Yoast SEO plugin v27.5 - https:\/\/yoast.com\/product\/yoast-seo-wordpress\/ -->\n<title>Maquieyra: &quot;Al pampeano le gusta votar&quot; - Diario Textual<\/title>\n<meta name=\"robots\" content=\"index, follow, max-snippet:-1, max-image-preview:large, max-video-preview:-1\" \/>\n<link rel=\"canonical\" href=\"https:\/\/diariotextual.com\/inicio\/index.php\/2021\/09\/12\/maquieyra-al-pampeano-le-gusta-votar\/\" \/>\n<meta property=\"og:locale\" content=\"es_ES\" \/>\n<meta property=\"og:type\" content=\"article\" \/>\n<meta property=\"og:title\" content=\"Maquieyra: &quot;Al pampeano le gusta votar&quot; - Diario Textual\" \/>\n<meta property=\"og:description\" content=\"Mart\u00edn Maquieyra vot\u00f3 en el Colegio Nacional, de Pico. \u00abEs important\u00edsimo poder insistir en que la gente vaya a votar, que vote por qui\u00e9n quiera obviamente, pero que si queremos&hellip;\" \/>\n<meta property=\"og:url\" content=\"https:\/\/diariotextual.com\/inicio\/index.php\/2021\/09\/12\/maquieyra-al-pampeano-le-gusta-votar\/\" \/>\n<meta property=\"og:site_name\" content=\"Diario Textual\" \/>\n<meta property=\"article:publisher\" content=\"https:\/\/www.facebook.com\/eltextual\" \/>\n<meta property=\"article:published_time\" content=\"2021-09-12T13:39:15+00:00\" \/>\n<meta property=\"article:modified_time\" content=\"2021-09-12T22:41:42+00:00\" \/>\n<meta property=\"og:image\" content=\"https:\/\/diariotextual.com\/inicio\/wp-content\/uploads\/2021\/09\/maquieyramartineleccionespasovotando2021-1.jpeg\" \/>\n\t<meta property=\"og:image:width\" content=\"1153\" \/>\n\t<meta property=\"og:image:height\" content=\"673\" \/>\n\t<meta property=\"og:image:type\" content=\"image\/jpeg\" \/>\n<meta name=\"author\" content=\"Diario1 Diario1\" \/>\n<meta name=\"twitter:card\" content=\"summary_large_image\" \/>\n<meta name=\"twitter:creator\" content=\"@eltextual\" \/>\n<meta name=\"twitter:site\" content=\"@eltextual\" \/>\n<meta name=\"twitter:label1\" content=\"Escrito por\" \/>\n\t<meta name=\"twitter:data1\" content=\"Diario1 Diario1\" \/>\n\t<meta name=\"twitter:label2\" content=\"Tiempo de lectura\" \/>\n\t<meta name=\"twitter:data2\" content=\"2 minutos\" \/>\n<script type=\"application\/ld+json\" class=\"yoast-schema-graph\">{\"@context\":\"https:\\\/\\\/schema.org\",\"@graph\":[{\"@type\":\"Article\",\"@id\":\"https:\\\/\\\/diariotextual.com\\\/inicio\\\/index.php\\\/2021\\\/09\\\/12\\\/maquieyra-al-pampeano-le-gusta-votar\\\/#article\",\"isPartOf\":{\"@id\":\"https:\\\/\\\/diariotextual.com\\\/inicio\\\/index.php\\\/2021\\\/09\\\/12\\\/maquieyra-al-pampeano-le-gusta-votar\\\/\"},\"author\":{\"name\":\"Diario1 Diario1\",\"@id\":\"https:\\\/\\\/diariotextual.com\\\/inicio\\\/#\\\/schema\\\/person\\\/418fc4093c33e86ed41562db3508f958\"},\"headline\":\"Maquieyra: \u00abAl pampeano le gusta votar\u00bb\",\"datePublished\":\"2021-09-12T13:39:15+00:00\",\"dateModified\":\"2021-09-12T22:41:42+00:00\",\"mainEntityOfPage\":{\"@id\":\"https:\\\/\\\/diariotextual.com\\\/inicio\\\/index.php\\\/2021\\\/09\\\/12\\\/maquieyra-al-pampeano-le-gusta-votar\\\/\"},\"wordCount\":315,\"publisher\":{\"@id\":\"https:\\\/\\\/diariotextual.com\\\/inicio\\\/#organization\"},\"image\":{\"@id\":\"https:\\\/\\\/diariotextual.com\\\/inicio\\\/index.php\\\/2021\\\/09\\\/12\\\/maquieyra-al-pampeano-le-gusta-votar\\\/#primaryimage\"},\"thumbnailUrl\":\"https:\\\/\\\/diariotextual.com\\\/inicio\\\/wp-content\\\/uploads\\\/2021\\\/09\\\/maquieyramartineleccionespasovotando2021-1.jpeg\",\"keywords\":[\"maquieyra\"],\"articleSection\":[\"A - PORTADA2\",\"POLITICA\"],\"inLanguage\":\"es\"},{\"@type\":\"WebPage\",\"@id\":\"https:\\\/\\\/diariotextual.com\\\/inicio\\\/index.php\\\/2021\\\/09\\\/12\\\/maquieyra-al-pampeano-le-gusta-votar\\\/\",\"url\":\"https:\\\/\\\/diariotextual.com\\\/inicio\\\/index.php\\\/2021\\\/09\\\/12\\\/maquieyra-al-pampeano-le-gusta-votar\\\/\",\"name\":\"Maquieyra: \\\"Al pampeano le gusta votar\\\" - Diario Textual\",\"isPartOf\":{\"@id\":\"https:\\\/\\\/diariotextual.com\\\/inicio\\\/#website\"},\"primaryImageOfPage\":{\"@id\":\"https:\\\/\\\/diariotextual.com\\\/inicio\\\/index.php\\\/2021\\\/09\\\/12\\\/maquieyra-al-pampeano-le-gusta-votar\\\/#primaryimage\"},\"image\":{\"@id\":\"https:\\\/\\\/diariotextual.com\\\/inicio\\\/index.php\\\/2021\\\/09\\\/12\\\/maquieyra-al-pampeano-le-gusta-votar\\\/#primaryimage\"},\"thumbnailUrl\":\"https:\\\/\\\/diariotextual.com\\\/inicio\\\/wp-content\\\/uploads\\\/2021\\\/09\\\/maquieyramartineleccionespasovotando2021-1.jpeg\",\"datePublished\":\"2021-09-12T13:39:15+00:00\",\"dateModified\":\"2021-09-12T22:41:42+00:00\",\"breadcrumb\":{\"@id\":\"https:\\\/\\\/diariotextual.com\\\/inicio\\\/index.php\\\/2021\\\/09\\\/12\\\/maquieyra-al-pampeano-le-gusta-votar\\\/#breadcrumb\"},\"inLanguage\":\"es\",\"potentialAction\":[{\"@type\":\"ReadAction\",\"target\":[\"https:\\\/\\\/diariotextual.com\\\/inicio\\\/index.php\\\/2021\\\/09\\\/12\\\/maquieyra-al-pampeano-le-gusta-votar\\\/\"]}]},{\"@type\":\"ImageObject\",\"inLanguage\":\"es\",\"@id\":\"https:\\\/\\\/diariotextual.com\\\/inicio\\\/index.php\\\/2021\\\/09\\\/12\\\/maquieyra-al-pampeano-le-gusta-votar\\\/#primaryimage\",\"url\":\"https:\\\/\\\/diariotextual.com\\\/inicio\\\/wp-content\\\/uploads\\\/2021\\\/09\\\/maquieyramartineleccionespasovotando2021-1.jpeg\",\"contentUrl\":\"https:\\\/\\\/diariotextual.com\\\/inicio\\\/wp-content\\\/uploads\\\/2021\\\/09\\\/maquieyramartineleccionespasovotando2021-1.jpeg\",\"width\":1153,\"height\":673},{\"@type\":\"BreadcrumbList\",\"@id\":\"https:\\\/\\\/diariotextual.com\\\/inicio\\\/index.php\\\/2021\\\/09\\\/12\\\/maquieyra-al-pampeano-le-gusta-votar\\\/#breadcrumb\",\"itemListElement\":[{\"@type\":\"ListItem\",\"position\":1,\"name\":\"Portada\",\"item\":\"https:\\\/\\\/diariotextual.com\\\/inicio\\\/\"},{\"@type\":\"ListItem\",\"position\":2,\"name\":\"Maquieyra: \u00abAl pampeano le gusta votar\u00bb\"}]},{\"@type\":\"WebSite\",\"@id\":\"https:\\\/\\\/diariotextual.com\\\/inicio\\\/#website\",\"url\":\"https:\\\/\\\/diariotextual.com\\\/inicio\\\/\",\"name\":\"Diario Textual\",\"description\":\"\",\"publisher\":{\"@id\":\"https:\\\/\\\/diariotextual.com\\\/inicio\\\/#organization\"},\"potentialAction\":[{\"@type\":\"SearchAction\",\"target\":{\"@type\":\"EntryPoint\",\"urlTemplate\":\"https:\\\/\\\/diariotextual.com\\\/inicio\\\/?s={search_term_string}\"},\"query-input\":{\"@type\":\"PropertyValueSpecification\",\"valueRequired\":true,\"valueName\":\"search_term_string\"}}],\"inLanguage\":\"es\"},{\"@type\":\"Organization\",\"@id\":\"https:\\\/\\\/diariotextual.com\\\/inicio\\\/#organization\",\"name\":\"Diario Textual\",\"url\":\"https:\\\/\\\/diariotextual.com\\\/inicio\\\/\",\"logo\":{\"@type\":\"ImageObject\",\"inLanguage\":\"es\",\"@id\":\"https:\\\/\\\/diariotextual.com\\\/inicio\\\/#\\\/schema\\\/logo\\\/image\\\/\",\"url\":\"https:\\\/\\\/diariotextual.com\\\/inicio\\\/wp-content\\\/uploads\\\/2023\\\/05\\\/logotextual1.jpg\",\"contentUrl\":\"https:\\\/\\\/diariotextual.com\\\/inicio\\\/wp-content\\\/uploads\\\/2023\\\/05\\\/logotextual1.jpg\",\"width\":516,\"height\":76,\"caption\":\"Diario Textual\"},\"image\":{\"@id\":\"https:\\\/\\\/diariotextual.com\\\/inicio\\\/#\\\/schema\\\/logo\\\/image\\\/\"},\"sameAs\":[\"https:\\\/\\\/www.facebook.com\\\/eltextual\",\"https:\\\/\\\/x.com\\\/eltextual\",\"http:\\\/\\\/www.instagram.com\\\/eltextual\"]},{\"@type\":\"Person\",\"@id\":\"https:\\\/\\\/diariotextual.com\\\/inicio\\\/#\\\/schema\\\/person\\\/418fc4093c33e86ed41562db3508f958\",\"name\":\"Diario1 Diario1\",\"image\":{\"@type\":\"ImageObject\",\"inLanguage\":\"es\",\"@id\":\"https:\\\/\\\/secure.gravatar.com\\\/avatar\\\/9167d280179c85bc18be67aa7eda765854300033af4896dd779b608640f2ef7a?s=96&d=mm&r=g\",\"url\":\"https:\\\/\\\/secure.gravatar.com\\\/avatar\\\/9167d280179c85bc18be67aa7eda765854300033af4896dd779b608640f2ef7a?s=96&d=mm&r=g\",\"contentUrl\":\"https:\\\/\\\/secure.gravatar.com\\\/avatar\\\/9167d280179c85bc18be67aa7eda765854300033af4896dd779b608640f2ef7a?s=96&d=mm&r=g\",\"caption\":\"Diario1 Diario1\"},\"url\":\"https:\\\/\\\/diariotextual.com\\\/inicio\\\/index.php\\\/author\\\/diario1\\\/\"}]}<\/script>\n<!-- \/ Yoast SEO plugin. -->","yoast_head_json":{"title":"Maquieyra: \"Al pampeano le gusta votar\" - Diario Textual","robots":{"index":"index","follow":"follow","max-snippet":"max-snippet:-1","max-image-preview":"max-image-preview:large","max-video-preview":"max-video-preview:-1"},"canonical":"https:\/\/diariotextual.com\/inicio\/index.php\/2021\/09\/12\/maquieyra-al-pampeano-le-gusta-votar\/","og_locale":"es_ES","og_type":"article","og_title":"Maquieyra: \"Al pampeano le gusta votar\" - Diario Textual","og_description":"Mart\u00edn Maquieyra vot\u00f3 en el Colegio Nacional, de Pico. \u00abEs important\u00edsimo poder insistir en que la gente vaya a votar, que vote por qui\u00e9n quiera obviamente, pero que si queremos&hellip;","og_url":"https:\/\/diariotextual.com\/inicio\/index.php\/2021\/09\/12\/maquieyra-al-pampeano-le-gusta-votar\/","og_site_name":"Diario Textual","article_publisher":"https:\/\/www.facebook.com\/eltextual","article_published_time":"2021-09-12T13:39:15+00:00","article_modified_time":"2021-09-12T22:41:42+00:00","og_image":[{"width":1153,"height":673,"url":"https:\/\/diariotextual.com\/inicio\/wp-content\/uploads\/2021\/09\/maquieyramartineleccionespasovotando2021-1.jpeg","type":"image\/jpeg"}],"author":"Diario1 Diario1","twitter_card":"summary_large_image","twitter_creator":"@eltextual","twitter_site":"@eltextual","twitter_misc":{"Escrito por":"Diario1 Diario1","Tiempo de lectura":"2 minutos"},"schema":{"@context":"https:\/\/schema.org","@graph":[{"@type":"Article","@id":"https:\/\/diariotextual.com\/inicio\/index.php\/2021\/09\/12\/maquieyra-al-pampeano-le-gusta-votar\/#article","isPartOf":{"@id":"https:\/\/diariotextual.com\/inicio\/index.php\/2021\/09\/12\/maquieyra-al-pampeano-le-gusta-votar\/"},"author":{"name":"Diario1 Diario1","@id":"https:\/\/diariotextual.com\/inicio\/#\/schema\/person\/418fc4093c33e86ed41562db3508f958"},"headline":"Maquieyra: \u00abAl pampeano le gusta votar\u00bb","datePublished":"2021-09-12T13:39:15+00:00","dateModified":"2021-09-12T22:41:42+00:00","mainEntityOfPage":{"@id":"https:\/\/diariotextual.com\/inicio\/index.php\/2021\/09\/12\/maquieyra-al-pampeano-le-gusta-votar\/"},"wordCount":315,"publisher":{"@id":"https:\/\/diariotextual.com\/inicio\/#organization"},"image":{"@id":"https:\/\/diariotextual.com\/inicio\/index.php\/2021\/09\/12\/maquieyra-al-pampeano-le-gusta-votar\/#primaryimage"},"thumbnailUrl":"https:\/\/diariotextual.com\/inicio\/wp-content\/uploads\/2021\/09\/maquieyramartineleccionespasovotando2021-1.jpeg","keywords":["maquieyra"],"articleSection":["A - PORTADA2","POLITICA"],"inLanguage":"es"},{"@type":"WebPage","@id":"https:\/\/diariotextual.com\/inicio\/index.php\/2021\/09\/12\/maquieyra-al-pampeano-le-gusta-votar\/","url":"https:\/\/diariotextual.com\/inicio\/index.php\/2021\/09\/12\/maquieyra-al-pampeano-le-gusta-votar\/","name":"Maquieyra: \"Al pampeano le gusta votar\" - Diario Textual","isPartOf":{"@id":"https:\/\/diariotextual.com\/inicio\/#website"},"primaryImageOfPage":{"@id":"https:\/\/diariotextual.com\/inicio\/index.php\/2021\/09\/12\/maquieyra-al-pampeano-le-gusta-votar\/#primaryimage"},"image":{"@id":"https:\/\/diariotextual.com\/inicio\/index.php\/2021\/09\/12\/maquieyra-al-pampeano-le-gusta-votar\/#primaryimage"},"thumbnailUrl":"https:\/\/diariotextual.com\/inicio\/wp-content\/uploads\/2021\/09\/maquieyramartineleccionespasovotando2021-1.jpeg","datePublished":"2021-09-12T13:39:15+00:00","dateModified":"2021-09-12T22:41:42+00:00","breadcrumb":{"@id":"https:\/\/diariotextual.com\/inicio\/index.php\/2021\/09\/12\/maquieyra-al-pampeano-le-gusta-votar\/#breadcrumb"},"inLanguage":"es","potentialAction":[{"@type":"ReadAction","target":["https:\/\/diariotextual.com\/inicio\/index.php\/2021\/09\/12\/maquieyra-al-pampeano-le-gusta-votar\/"]}]},{"@type":"ImageObject","inLanguage":"es","@id":"https:\/\/diariotextual.com\/inicio\/index.php\/2021\/09\/12\/maquieyra-al-pampeano-le-gusta-votar\/#primaryimage","url":"https:\/\/diariotextual.com\/inicio\/wp-content\/uploads\/2021\/09\/maquieyramartineleccionespasovotando2021-1.jpeg","contentUrl":"https:\/\/diariotextual.com\/inicio\/wp-content\/uploads\/2021\/09\/maquieyramartineleccionespasovotando2021-1.jpeg","width":1153,"height":673},{"@type":"BreadcrumbList","@id":"https:\/\/diariotextual.com\/inicio\/index.php\/2021\/09\/12\/maquieyra-al-pampeano-le-gusta-votar\/#breadcrumb","itemListElement":[{"@type":"ListItem","position":1,"name":"Portada","item":"https:\/\/diariotextual.com\/inicio\/"},{"@type":"ListItem","position":2,"name":"Maquieyra: \u00abAl pampeano le gusta votar\u00bb"}]},{"@type":"WebSite","@id":"https:\/\/diariotextual.com\/inicio\/#website","url":"https:\/\/diariotextual.com\/inicio\/","name":"Diario Textual","description":"","publisher":{"@id":"https:\/\/diariotextual.com\/inicio\/#organization"},"potentialAction":[{"@type":"SearchAction","target":{"@type":"EntryPoint","urlTemplate":"https:\/\/diariotextual.com\/inicio\/?s={search_term_string}"},"query-input":{"@type":"PropertyValueSpecification","valueRequired":true,"valueName":"search_term_string"}}],"inLanguage":"es"},{"@type":"Organization","@id":"https:\/\/diariotextual.com\/inicio\/#organization","name":"Diario Textual","url":"https:\/\/diariotextual.com\/inicio\/","logo":{"@type":"ImageObject","inLanguage":"es","@id":"https:\/\/diariotextual.com\/inicio\/#\/schema\/logo\/image\/","url":"https:\/\/diariotextual.com\/inicio\/wp-content\/uploads\/2023\/05\/logotextual1.jpg","contentUrl":"https:\/\/diariotextual.com\/inicio\/wp-content\/uploads\/2023\/05\/logotextual1.jpg","width":516,"height":76,"caption":"Diario Textual"},"image":{"@id":"https:\/\/diariotextual.com\/inicio\/#\/schema\/logo\/image\/"},"sameAs":["https:\/\/www.facebook.com\/eltextual","https:\/\/x.com\/eltextual","http:\/\/www.instagram.com\/eltextual"]},{"@type":"Person","@id":"https:\/\/diariotextual.com\/inicio\/#\/schema\/person\/418fc4093c33e86ed41562db3508f958","name":"Diario1 Diario1","image":{"@type":"ImageObject","inLanguage":"es","@id":"https:\/\/secure.gravatar.com\/avatar\/9167d280179c85bc18be67aa7eda765854300033af4896dd779b608640f2ef7a?s=96&d=mm&r=g","url":"https:\/\/secure.gravatar.com\/avatar\/9167d280179c85bc18be67aa7eda765854300033af4896dd779b608640f2ef7a?s=96&d=mm&r=g","contentUrl":"https:\/\/secure.gravatar.com\/avatar\/9167d280179c85bc18be67aa7eda765854300033af4896dd779b608640f2ef7a?s=96&d=mm&r=g","caption":"Diario1 Diario1"},"url":"https:\/\/diariotextual.com\/inicio\/index.php\/author\/diario1\/"}]}},"_links":{"self":[{"href":"https:\/\/diariotextual.com\/inicio\/index.php\/wp-json\/wp\/v2\/posts\/161005","targetHints":{"allow":["GET"]}}],"collection":[{"href":"https:\/\/diariotextual.com\/inicio\/index.php\/wp-json\/wp\/v2\/posts"}],"about":[{"href":"https:\/\/diariotextual.com\/inicio\/index.php\/wp-json\/wp\/v2\/types\/post"}],"author":[{"embeddable":true,"href":"https:\/\/diariotextual.com\/inicio\/index.php\/wp-json\/wp\/v2\/users\/3"}],"replies":[{"embeddable":true,"href":"https:\/\/diariotextual.com\/inicio\/index.php\/wp-json\/wp\/v2\/comments?post=161005"}],"version-history":[{"count":1,"href":"https:\/\/diariotextual.com\/inicio\/index.php\/wp-json\/wp\/v2\/posts\/161005\/revisions"}],"predecessor-version":[{"id":161007,"href":"https:\/\/diariotextual.com\/inicio\/index.php\/wp-json\/wp\/v2\/posts\/161005\/revisions\/161007"}],"wp:featuredmedia":[{"embeddable":true,"href":"https:\/\/diariotextual.com\/inicio\/index.php\/wp-json\/wp\/v2\/media\/161006"}],"wp:attachment":[{"href":"https:\/\/diariotextual.com\/inicio\/index.php\/wp-json\/wp\/v2\/media?parent=161005"}],"wp:term":[{"taxonomy":"category","embeddable":true,"href":"https:\/\/diariotextual.com\/inicio\/index.php\/wp-json\/wp\/v2\/categories?post=161005"},{"taxonomy":"post_tag","embeddable":true,"href":"https:\/\/diariotextual.com\/inicio\/index.php\/wp-json\/wp\/v2\/tags?post=161005"}],"curies":[{"name":"wp","href":"https:\/\/api.w.org\/{rel}","templated":true}]}}