{"id":161029,"date":"2021-09-12T11:18:53","date_gmt":"2021-09-12T14:18:53","guid":{"rendered":"https:\/\/diariotextual.com\/inicio\/?p=161029"},"modified":"2021-09-12T11:21:10","modified_gmt":"2021-09-12T14:21:10","slug":"solana-el-socialismo-esta-mas-grande-que-nunca","status":"publish","type":"post","link":"https:\/\/diariotextual.com\/inicio\/index.php\/2021\/09\/12\/solana-el-socialismo-esta-mas-grande-que-nunca\/","title":{"rendered":"Solana: \u201cEl socialismo est\u00e1 m\u00e1s grande que nunca\u201d"},"content":{"rendered":"\n<p><strong>Luis Solana<\/strong>, precandidato a senador nacional por la \u00fanica lista del Partido Socialista, dijo este domingo, al votar, que en estas PASO hay que \u201cdar un mensaje contundente\u201d de participaci\u00f3n.<\/p>\n\n\n\n<p>\u201cHay que dar un mensaje contundente. De ac\u00e1 se sale con m\u00e1s participaci\u00f3n, y no con variantes de desgano y antipol\u00edtica\u201d, dijo.<\/p>\n\n\n\n<p>\u201cClaramente hay una enorme decepci\u00f3n porque nos gobernaban y nos gobiernan gente que nos minti\u00f3 y que ha generado estafas electorales, un mont\u00f3n de situaciones muy indeseables para un pa\u00eds\u2026 Ahora, no hay que quedarse en casa. Hay alternativas y a eso venimos a convocar: hay que dar un mensaje muy claro de que este rumbo se debe modificar\u201d, expres\u00f3. \u201cDebemos tener la impronta del di\u00e1logo y de la unidad nacional. Una composici\u00f3n de gobierno cuyas decisiones se pueden sostener y sean cre\u00edbles\u201d, sostuvo.<\/p>\n\n\n\n<p>\u201cLa apat\u00eda tiene que ver con las malas decisiones que se han tomado y es un virus para la democracia\u201d, manifest\u00f3.<\/p>\n\n\n\n<p>\u201c<strong>\u00bfC\u00f3mo est\u00e1 el socialismo? Est\u00e1 muy bien. Estamos m\u00e1s grandes que nunca. Para mi, un partido de 125 a\u00f1os de historia se achica cuando entrega sus banderas y cuando pierde su identidad. Eso es lo que venimos cuidando. Tendr\u00e1 menos o m\u00e1s concejal, pero lo que no pod\u00e9s quedarte es sin un sujeto social al que representar. La verdad es que no queremos participar de una grieta que le ha hecho muy mal al pa\u00eds y estamos proponiendo a la sociedad un camino distinto, donde podamos superar los problemas de pa\u00eds\u201d<\/strong>, sostuvo.<\/p>\n\n\n\n<p>En representaci\u00f3n del Partido Socialista (Lista 50 V) se presenta como candidato a senador Luis Solana, acompa\u00f1ado por Hilda Somoza y para diputados Marina Vanini y Ariel Toselli.<\/p>\n\n\n\n<p><\/p>\n","protected":false},"excerpt":{"rendered":"<p>Luis Solana, precandidato a senador nacional por la \u00fanica lista del Partido Socialista, dijo este domingo, al votar, que en estas PASO hay que \u201cdar un mensaje contundente\u201d de participaci\u00f3n.&hellip;<\/p>\n","protected":false},"author":3,"featured_media":161032,"comment_status":"closed","ping_status":"open","sticky":false,"template":"","format":"standard","meta":{"_acf_changed":false,"footnotes":""},"categories":[10,8],"tags":[108],"class_list":["post-161029","post","type-post","status-publish","format-standard","has-post-thumbnail","hentry","category-portada-2","category-politica","tag-solana"],"acf":[],"yoast_head":"<!-- This site is optimized with the Yoast SEO plugin v27.5 - https:\/\/yoast.com\/product\/yoast-seo-wordpress\/ -->\n<title>Solana: \u201cEl socialismo est\u00e1 m\u00e1s grande que nunca\u201d - Diario Textual<\/title>\n<meta name=\"robots\" content=\"index, follow, max-snippet:-1, max-image-preview:large, max-video-preview:-1\" \/>\n<link rel=\"canonical\" href=\"https:\/\/diariotextual.com\/inicio\/index.php\/2021\/09\/12\/solana-el-socialismo-esta-mas-grande-que-nunca\/\" \/>\n<meta property=\"og:locale\" content=\"es_ES\" \/>\n<meta property=\"og:type\" content=\"article\" \/>\n<meta property=\"og:title\" content=\"Solana: \u201cEl socialismo est\u00e1 m\u00e1s grande que nunca\u201d - Diario Textual\" \/>\n<meta property=\"og:description\" content=\"Luis Solana, precandidato a senador nacional por la \u00fanica lista del Partido Socialista, dijo este domingo, al votar, que en estas PASO hay que \u201cdar un mensaje contundente\u201d de participaci\u00f3n.&hellip;\" \/>\n<meta property=\"og:url\" content=\"https:\/\/diariotextual.com\/inicio\/index.php\/2021\/09\/12\/solana-el-socialismo-esta-mas-grande-que-nunca\/\" \/>\n<meta property=\"og:site_name\" content=\"Diario Textual\" \/>\n<meta property=\"article:publisher\" content=\"https:\/\/www.facebook.com\/eltextual\" \/>\n<meta property=\"article:published_time\" content=\"2021-09-12T14:18:53+00:00\" \/>\n<meta property=\"article:modified_time\" content=\"2021-09-12T14:21:10+00:00\" \/>\n<meta property=\"og:image\" content=\"https:\/\/diariotextual.com\/inicio\/wp-content\/uploads\/2021\/09\/solanaluis2021-1.jpeg\" \/>\n\t<meta property=\"og:image:width\" content=\"1280\" \/>\n\t<meta property=\"og:image:height\" content=\"953\" \/>\n\t<meta property=\"og:image:type\" content=\"image\/jpeg\" \/>\n<meta name=\"author\" content=\"Diario1 Diario1\" \/>\n<meta name=\"twitter:card\" content=\"summary_large_image\" \/>\n<meta name=\"twitter:creator\" content=\"@eltextual\" \/>\n<meta name=\"twitter:site\" content=\"@eltextual\" \/>\n<meta name=\"twitter:label1\" content=\"Escrito por\" \/>\n\t<meta name=\"twitter:data1\" content=\"Diario1 Diario1\" \/>\n\t<meta name=\"twitter:label2\" content=\"Tiempo de lectura\" \/>\n\t<meta name=\"twitter:data2\" content=\"2 minutos\" \/>\n<script type=\"application\/ld+json\" class=\"yoast-schema-graph\">{\"@context\":\"https:\\\/\\\/schema.org\",\"@graph\":[{\"@type\":\"Article\",\"@id\":\"https:\\\/\\\/diariotextual.com\\\/inicio\\\/index.php\\\/2021\\\/09\\\/12\\\/solana-el-socialismo-esta-mas-grande-que-nunca\\\/#article\",\"isPartOf\":{\"@id\":\"https:\\\/\\\/diariotextual.com\\\/inicio\\\/index.php\\\/2021\\\/09\\\/12\\\/solana-el-socialismo-esta-mas-grande-que-nunca\\\/\"},\"author\":{\"name\":\"Diario1 Diario1\",\"@id\":\"https:\\\/\\\/diariotextual.com\\\/inicio\\\/#\\\/schema\\\/person\\\/418fc4093c33e86ed41562db3508f958\"},\"headline\":\"Solana: \u201cEl socialismo est\u00e1 m\u00e1s grande que nunca\u201d\",\"datePublished\":\"2021-09-12T14:18:53+00:00\",\"dateModified\":\"2021-09-12T14:21:10+00:00\",\"mainEntityOfPage\":{\"@id\":\"https:\\\/\\\/diariotextual.com\\\/inicio\\\/index.php\\\/2021\\\/09\\\/12\\\/solana-el-socialismo-esta-mas-grande-que-nunca\\\/\"},\"wordCount\":304,\"publisher\":{\"@id\":\"https:\\\/\\\/diariotextual.com\\\/inicio\\\/#organization\"},\"image\":{\"@id\":\"https:\\\/\\\/diariotextual.com\\\/inicio\\\/index.php\\\/2021\\\/09\\\/12\\\/solana-el-socialismo-esta-mas-grande-que-nunca\\\/#primaryimage\"},\"thumbnailUrl\":\"https:\\\/\\\/diariotextual.com\\\/inicio\\\/wp-content\\\/uploads\\\/2021\\\/09\\\/solanaluis2021-1.jpeg\",\"keywords\":[\"solana\"],\"articleSection\":[\"A - PORTADA2\",\"POLITICA\"],\"inLanguage\":\"es\"},{\"@type\":\"WebPage\",\"@id\":\"https:\\\/\\\/diariotextual.com\\\/inicio\\\/index.php\\\/2021\\\/09\\\/12\\\/solana-el-socialismo-esta-mas-grande-que-nunca\\\/\",\"url\":\"https:\\\/\\\/diariotextual.com\\\/inicio\\\/index.php\\\/2021\\\/09\\\/12\\\/solana-el-socialismo-esta-mas-grande-que-nunca\\\/\",\"name\":\"Solana: \u201cEl socialismo est\u00e1 m\u00e1s grande que nunca\u201d - Diario Textual\",\"isPartOf\":{\"@id\":\"https:\\\/\\\/diariotextual.com\\\/inicio\\\/#website\"},\"primaryImageOfPage\":{\"@id\":\"https:\\\/\\\/diariotextual.com\\\/inicio\\\/index.php\\\/2021\\\/09\\\/12\\\/solana-el-socialismo-esta-mas-grande-que-nunca\\\/#primaryimage\"},\"image\":{\"@id\":\"https:\\\/\\\/diariotextual.com\\\/inicio\\\/index.php\\\/2021\\\/09\\\/12\\\/solana-el-socialismo-esta-mas-grande-que-nunca\\\/#primaryimage\"},\"thumbnailUrl\":\"https:\\\/\\\/diariotextual.com\\\/inicio\\\/wp-content\\\/uploads\\\/2021\\\/09\\\/solanaluis2021-1.jpeg\",\"datePublished\":\"2021-09-12T14:18:53+00:00\",\"dateModified\":\"2021-09-12T14:21:10+00:00\",\"breadcrumb\":{\"@id\":\"https:\\\/\\\/diariotextual.com\\\/inicio\\\/index.php\\\/2021\\\/09\\\/12\\\/solana-el-socialismo-esta-mas-grande-que-nunca\\\/#breadcrumb\"},\"inLanguage\":\"es\",\"potentialAction\":[{\"@type\":\"ReadAction\",\"target\":[\"https:\\\/\\\/diariotextual.com\\\/inicio\\\/index.php\\\/2021\\\/09\\\/12\\\/solana-el-socialismo-esta-mas-grande-que-nunca\\\/\"]}]},{\"@type\":\"ImageObject\",\"inLanguage\":\"es\",\"@id\":\"https:\\\/\\\/diariotextual.com\\\/inicio\\\/index.php\\\/2021\\\/09\\\/12\\\/solana-el-socialismo-esta-mas-grande-que-nunca\\\/#primaryimage\",\"url\":\"https:\\\/\\\/diariotextual.com\\\/inicio\\\/wp-content\\\/uploads\\\/2021\\\/09\\\/solanaluis2021-1.jpeg\",\"contentUrl\":\"https:\\\/\\\/diariotextual.com\\\/inicio\\\/wp-content\\\/uploads\\\/2021\\\/09\\\/solanaluis2021-1.jpeg\",\"width\":1280,\"height\":953},{\"@type\":\"BreadcrumbList\",\"@id\":\"https:\\\/\\\/diariotextual.com\\\/inicio\\\/index.php\\\/2021\\\/09\\\/12\\\/solana-el-socialismo-esta-mas-grande-que-nunca\\\/#breadcrumb\",\"itemListElement\":[{\"@type\":\"ListItem\",\"position\":1,\"name\":\"Portada\",\"item\":\"https:\\\/\\\/diariotextual.com\\\/inicio\\\/\"},{\"@type\":\"ListItem\",\"position\":2,\"name\":\"Solana: \u201cEl socialismo est\u00e1 m\u00e1s grande que nunca\u201d\"}]},{\"@type\":\"WebSite\",\"@id\":\"https:\\\/\\\/diariotextual.com\\\/inicio\\\/#website\",\"url\":\"https:\\\/\\\/diariotextual.com\\\/inicio\\\/\",\"name\":\"Diario Textual\",\"description\":\"\",\"publisher\":{\"@id\":\"https:\\\/\\\/diariotextual.com\\\/inicio\\\/#organization\"},\"potentialAction\":[{\"@type\":\"SearchAction\",\"target\":{\"@type\":\"EntryPoint\",\"urlTemplate\":\"https:\\\/\\\/diariotextual.com\\\/inicio\\\/?s={search_term_string}\"},\"query-input\":{\"@type\":\"PropertyValueSpecification\",\"valueRequired\":true,\"valueName\":\"search_term_string\"}}],\"inLanguage\":\"es\"},{\"@type\":\"Organization\",\"@id\":\"https:\\\/\\\/diariotextual.com\\\/inicio\\\/#organization\",\"name\":\"Diario Textual\",\"url\":\"https:\\\/\\\/diariotextual.com\\\/inicio\\\/\",\"logo\":{\"@type\":\"ImageObject\",\"inLanguage\":\"es\",\"@id\":\"https:\\\/\\\/diariotextual.com\\\/inicio\\\/#\\\/schema\\\/logo\\\/image\\\/\",\"url\":\"https:\\\/\\\/diariotextual.com\\\/inicio\\\/wp-content\\\/uploads\\\/2023\\\/05\\\/logotextual1.jpg\",\"contentUrl\":\"https:\\\/\\\/diariotextual.com\\\/inicio\\\/wp-content\\\/uploads\\\/2023\\\/05\\\/logotextual1.jpg\",\"width\":516,\"height\":76,\"caption\":\"Diario Textual\"},\"image\":{\"@id\":\"https:\\\/\\\/diariotextual.com\\\/inicio\\\/#\\\/schema\\\/logo\\\/image\\\/\"},\"sameAs\":[\"https:\\\/\\\/www.facebook.com\\\/eltextual\",\"https:\\\/\\\/x.com\\\/eltextual\",\"http:\\\/\\\/www.instagram.com\\\/eltextual\"]},{\"@type\":\"Person\",\"@id\":\"https:\\\/\\\/diariotextual.com\\\/inicio\\\/#\\\/schema\\\/person\\\/418fc4093c33e86ed41562db3508f958\",\"name\":\"Diario1 Diario1\",\"image\":{\"@type\":\"ImageObject\",\"inLanguage\":\"es\",\"@id\":\"https:\\\/\\\/secure.gravatar.com\\\/avatar\\\/9167d280179c85bc18be67aa7eda765854300033af4896dd779b608640f2ef7a?s=96&d=mm&r=g\",\"url\":\"https:\\\/\\\/secure.gravatar.com\\\/avatar\\\/9167d280179c85bc18be67aa7eda765854300033af4896dd779b608640f2ef7a?s=96&d=mm&r=g\",\"contentUrl\":\"https:\\\/\\\/secure.gravatar.com\\\/avatar\\\/9167d280179c85bc18be67aa7eda765854300033af4896dd779b608640f2ef7a?s=96&d=mm&r=g\",\"caption\":\"Diario1 Diario1\"},\"url\":\"https:\\\/\\\/diariotextual.com\\\/inicio\\\/index.php\\\/author\\\/diario1\\\/\"}]}<\/script>\n<!-- \/ Yoast SEO plugin. -->","yoast_head_json":{"title":"Solana: \u201cEl socialismo est\u00e1 m\u00e1s grande que nunca\u201d - Diario Textual","robots":{"index":"index","follow":"follow","max-snippet":"max-snippet:-1","max-image-preview":"max-image-preview:large","max-video-preview":"max-video-preview:-1"},"canonical":"https:\/\/diariotextual.com\/inicio\/index.php\/2021\/09\/12\/solana-el-socialismo-esta-mas-grande-que-nunca\/","og_locale":"es_ES","og_type":"article","og_title":"Solana: \u201cEl socialismo est\u00e1 m\u00e1s grande que nunca\u201d - Diario Textual","og_description":"Luis Solana, precandidato a senador nacional por la \u00fanica lista del Partido Socialista, dijo este domingo, al votar, que en estas PASO hay que \u201cdar un mensaje contundente\u201d de participaci\u00f3n.&hellip;","og_url":"https:\/\/diariotextual.com\/inicio\/index.php\/2021\/09\/12\/solana-el-socialismo-esta-mas-grande-que-nunca\/","og_site_name":"Diario Textual","article_publisher":"https:\/\/www.facebook.com\/eltextual","article_published_time":"2021-09-12T14:18:53+00:00","article_modified_time":"2021-09-12T14:21:10+00:00","og_image":[{"width":1280,"height":953,"url":"https:\/\/diariotextual.com\/inicio\/wp-content\/uploads\/2021\/09\/solanaluis2021-1.jpeg","type":"image\/jpeg"}],"author":"Diario1 Diario1","twitter_card":"summary_large_image","twitter_creator":"@eltextual","twitter_site":"@eltextual","twitter_misc":{"Escrito por":"Diario1 Diario1","Tiempo de lectura":"2 minutos"},"schema":{"@context":"https:\/\/schema.org","@graph":[{"@type":"Article","@id":"https:\/\/diariotextual.com\/inicio\/index.php\/2021\/09\/12\/solana-el-socialismo-esta-mas-grande-que-nunca\/#article","isPartOf":{"@id":"https:\/\/diariotextual.com\/inicio\/index.php\/2021\/09\/12\/solana-el-socialismo-esta-mas-grande-que-nunca\/"},"author":{"name":"Diario1 Diario1","@id":"https:\/\/diariotextual.com\/inicio\/#\/schema\/person\/418fc4093c33e86ed41562db3508f958"},"headline":"Solana: \u201cEl socialismo est\u00e1 m\u00e1s grande que nunca\u201d","datePublished":"2021-09-12T14:18:53+00:00","dateModified":"2021-09-12T14:21:10+00:00","mainEntityOfPage":{"@id":"https:\/\/diariotextual.com\/inicio\/index.php\/2021\/09\/12\/solana-el-socialismo-esta-mas-grande-que-nunca\/"},"wordCount":304,"publisher":{"@id":"https:\/\/diariotextual.com\/inicio\/#organization"},"image":{"@id":"https:\/\/diariotextual.com\/inicio\/index.php\/2021\/09\/12\/solana-el-socialismo-esta-mas-grande-que-nunca\/#primaryimage"},"thumbnailUrl":"https:\/\/diariotextual.com\/inicio\/wp-content\/uploads\/2021\/09\/solanaluis2021-1.jpeg","keywords":["solana"],"articleSection":["A - PORTADA2","POLITICA"],"inLanguage":"es"},{"@type":"WebPage","@id":"https:\/\/diariotextual.com\/inicio\/index.php\/2021\/09\/12\/solana-el-socialismo-esta-mas-grande-que-nunca\/","url":"https:\/\/diariotextual.com\/inicio\/index.php\/2021\/09\/12\/solana-el-socialismo-esta-mas-grande-que-nunca\/","name":"Solana: \u201cEl socialismo est\u00e1 m\u00e1s grande que nunca\u201d - Diario Textual","isPartOf":{"@id":"https:\/\/diariotextual.com\/inicio\/#website"},"primaryImageOfPage":{"@id":"https:\/\/diariotextual.com\/inicio\/index.php\/2021\/09\/12\/solana-el-socialismo-esta-mas-grande-que-nunca\/#primaryimage"},"image":{"@id":"https:\/\/diariotextual.com\/inicio\/index.php\/2021\/09\/12\/solana-el-socialismo-esta-mas-grande-que-nunca\/#primaryimage"},"thumbnailUrl":"https:\/\/diariotextual.com\/inicio\/wp-content\/uploads\/2021\/09\/solanaluis2021-1.jpeg","datePublished":"2021-09-12T14:18:53+00:00","dateModified":"2021-09-12T14:21:10+00:00","breadcrumb":{"@id":"https:\/\/diariotextual.com\/inicio\/index.php\/2021\/09\/12\/solana-el-socialismo-esta-mas-grande-que-nunca\/#breadcrumb"},"inLanguage":"es","potentialAction":[{"@type":"ReadAction","target":["https:\/\/diariotextual.com\/inicio\/index.php\/2021\/09\/12\/solana-el-socialismo-esta-mas-grande-que-nunca\/"]}]},{"@type":"ImageObject","inLanguage":"es","@id":"https:\/\/diariotextual.com\/inicio\/index.php\/2021\/09\/12\/solana-el-socialismo-esta-mas-grande-que-nunca\/#primaryimage","url":"https:\/\/diariotextual.com\/inicio\/wp-content\/uploads\/2021\/09\/solanaluis2021-1.jpeg","contentUrl":"https:\/\/diariotextual.com\/inicio\/wp-content\/uploads\/2021\/09\/solanaluis2021-1.jpeg","width":1280,"height":953},{"@type":"BreadcrumbList","@id":"https:\/\/diariotextual.com\/inicio\/index.php\/2021\/09\/12\/solana-el-socialismo-esta-mas-grande-que-nunca\/#breadcrumb","itemListElement":[{"@type":"ListItem","position":1,"name":"Portada","item":"https:\/\/diariotextual.com\/inicio\/"},{"@type":"ListItem","position":2,"name":"Solana: \u201cEl socialismo est\u00e1 m\u00e1s grande que nunca\u201d"}]},{"@type":"WebSite","@id":"https:\/\/diariotextual.com\/inicio\/#website","url":"https:\/\/diariotextual.com\/inicio\/","name":"Diario Textual","description":"","publisher":{"@id":"https:\/\/diariotextual.com\/inicio\/#organization"},"potentialAction":[{"@type":"SearchAction","target":{"@type":"EntryPoint","urlTemplate":"https:\/\/diariotextual.com\/inicio\/?s={search_term_string}"},"query-input":{"@type":"PropertyValueSpecification","valueRequired":true,"valueName":"search_term_string"}}],"inLanguage":"es"},{"@type":"Organization","@id":"https:\/\/diariotextual.com\/inicio\/#organization","name":"Diario Textual","url":"https:\/\/diariotextual.com\/inicio\/","logo":{"@type":"ImageObject","inLanguage":"es","@id":"https:\/\/diariotextual.com\/inicio\/#\/schema\/logo\/image\/","url":"https:\/\/diariotextual.com\/inicio\/wp-content\/uploads\/2023\/05\/logotextual1.jpg","contentUrl":"https:\/\/diariotextual.com\/inicio\/wp-content\/uploads\/2023\/05\/logotextual1.jpg","width":516,"height":76,"caption":"Diario Textual"},"image":{"@id":"https:\/\/diariotextual.com\/inicio\/#\/schema\/logo\/image\/"},"sameAs":["https:\/\/www.facebook.com\/eltextual","https:\/\/x.com\/eltextual","http:\/\/www.instagram.com\/eltextual"]},{"@type":"Person","@id":"https:\/\/diariotextual.com\/inicio\/#\/schema\/person\/418fc4093c33e86ed41562db3508f958","name":"Diario1 Diario1","image":{"@type":"ImageObject","inLanguage":"es","@id":"https:\/\/secure.gravatar.com\/avatar\/9167d280179c85bc18be67aa7eda765854300033af4896dd779b608640f2ef7a?s=96&d=mm&r=g","url":"https:\/\/secure.gravatar.com\/avatar\/9167d280179c85bc18be67aa7eda765854300033af4896dd779b608640f2ef7a?s=96&d=mm&r=g","contentUrl":"https:\/\/secure.gravatar.com\/avatar\/9167d280179c85bc18be67aa7eda765854300033af4896dd779b608640f2ef7a?s=96&d=mm&r=g","caption":"Diario1 Diario1"},"url":"https:\/\/diariotextual.com\/inicio\/index.php\/author\/diario1\/"}]}},"_links":{"self":[{"href":"https:\/\/diariotextual.com\/inicio\/index.php\/wp-json\/wp\/v2\/posts\/161029","targetHints":{"allow":["GET"]}}],"collection":[{"href":"https:\/\/diariotextual.com\/inicio\/index.php\/wp-json\/wp\/v2\/posts"}],"about":[{"href":"https:\/\/diariotextual.com\/inicio\/index.php\/wp-json\/wp\/v2\/types\/post"}],"author":[{"embeddable":true,"href":"https:\/\/diariotextual.com\/inicio\/index.php\/wp-json\/wp\/v2\/users\/3"}],"replies":[{"embeddable":true,"href":"https:\/\/diariotextual.com\/inicio\/index.php\/wp-json\/wp\/v2\/comments?post=161029"}],"version-history":[{"count":3,"href":"https:\/\/diariotextual.com\/inicio\/index.php\/wp-json\/wp\/v2\/posts\/161029\/revisions"}],"predecessor-version":[{"id":161033,"href":"https:\/\/diariotextual.com\/inicio\/index.php\/wp-json\/wp\/v2\/posts\/161029\/revisions\/161033"}],"wp:featuredmedia":[{"embeddable":true,"href":"https:\/\/diariotextual.com\/inicio\/index.php\/wp-json\/wp\/v2\/media\/161032"}],"wp:attachment":[{"href":"https:\/\/diariotextual.com\/inicio\/index.php\/wp-json\/wp\/v2\/media?parent=161029"}],"wp:term":[{"taxonomy":"category","embeddable":true,"href":"https:\/\/diariotextual.com\/inicio\/index.php\/wp-json\/wp\/v2\/categories?post=161029"},{"taxonomy":"post_tag","embeddable":true,"href":"https:\/\/diariotextual.com\/inicio\/index.php\/wp-json\/wp\/v2\/tags?post=161029"}],"curies":[{"name":"wp","href":"https:\/\/api.w.org\/{rel}","templated":true}]}}