{"id":161246,"date":"2021-09-13T09:20:13","date_gmt":"2021-09-13T12:20:13","guid":{"rendered":"https:\/\/diariotextual.com\/inicio\/?p=161246"},"modified":"2021-09-14T08:42:32","modified_gmt":"2021-09-14T11:42:32","slug":"ziliotto-y-el-otro-2017-se-repite-la-historia","status":"publish","type":"post","link":"https:\/\/diariotextual.com\/inicio\/index.php\/2021\/09\/13\/ziliotto-y-el-otro-2017-se-repite-la-historia\/","title":{"rendered":"Ziliotto y el otro 2017: \u00bfse repite la historia?"},"content":{"rendered":"\n<h2 class=\"wp-block-heading\"><br>Norberto G. Asquini<\/h2>\n\n\n\n<p><br><strong>La elecci\u00f3n del domingo en La Pampa fueron otro 2017 para el gobierno provincial.<\/strong> La <strong>nacionalizaci\u00f3n de los temas <\/strong>pes\u00f3 m\u00e1s que cualquier otro argumento en las urnas. La <strong>\u201cola amarilla\u201d<\/strong> que se desparram\u00f3 por la zona central de pa\u00eds (los votos de Juntos por el Cambio fueron m\u00e1s que los del Frente de Todos en PBA, Entre R\u00edos, Santa Fe, C\u00f3rdoba, La Pampa, San Luis y por supuesto Mendoza). <strong>Una interna con cinco listas fue m\u00e1s atractiva que una boleta de unidad sin nada que jugar.<\/strong> <strong>El voto castigo en una legislativa nacional, como ocurre siempre, se hizo sentir.<\/strong> <strong>La buena imagen del gobernador Sergio Ziliotto cosechada durante la pandemia, as\u00ed como la que ten\u00eda Carlos Verna en 2017, no reasegur\u00f3 un buen resultado. Una votaci\u00f3n calcada.<\/strong><br><\/p>\n\n\n\n<p><strong>Ahora viene la que vale el 14 de noviembre. <\/strong>En la que se juegan de verdad los cargos para el Congreso mano a mano. \u00bfSer\u00e1 historia repetida como en 2017? \u00bfEl peronismo podr\u00e1 dar vuelta 20 mil votos, como ya ocurri\u00f3 hace cuatro a\u00f1os? Algunos dicen que esa remontada fue exclusiva de Verna. Pero hubo sobre todo militancia para dar vuelta la historia.<br><\/p>\n\n\n\n<p><strong>El peronismo pampeano se encontr\u00f3 con una campa\u00f1a at\u00edpica. <\/strong>Y frente a una \u201cnueva ola amarilla\u201d que nadie esperaba. Ni la oposici\u00f3n. Temas nacionales que pesaron m\u00e1s (la cena de Olivos y la nueva pelea con el campo, entre otros, que impactaron en la gente como indican las encuestas) que el cuidado de la salud en pandemia. El tema sanitario ya es una sombra que todos quieren dejar atr\u00e1s. \u201cEconom\u00eda mata vacunas\u201d, indic\u00f3 el polit\u00f3logo Facundo Cruz, referencia en cuestiones electorales. La forma de hacer proselitismo del oficialismo no vari\u00f3 mucho de otras oportunidades y se privilegi\u00f3 m\u00e1s la forma que el fondo.<br><\/p>\n\n\n\n<p><strong>En ese marco hubo un voto castigo. <\/strong>El que fue a las cinco boletas de Juntos por el Cambio. A las boletas de la izquierda. El voto blanco y nulo que se convirti\u00f3 en tercera fuerza. A diferencia de la apat\u00eda de una parte de la gente que se hizo notar en la baj\u00edsima participaci\u00f3n.<br><\/p>\n\n\n\n<p>Tambi\u00e9n habr\u00e1 que rever algunas cuestiones internas<strong>. En el peronismo no todos tiraron de la misma manera, algunos relajados pensando en 2019, otros retaceando apoyos, algunos contados jugaban en la interna opositora. Pero esa votaci\u00f3n de hace dos a\u00f1os parece que ocurri\u00f3 hace una eternidad.<\/strong><\/p>\n\n\n\n<p><strong>No fue bueno tampoco para intendentes como Fernanda Alonso en General Pico y Luciano Di N\u00e1poli en Santa Rosa, que recibieron el golpe. Nuevas gestiones que tienen que legitimarse y perdieron la oportunidad. El resultado adverso, pero remontable, es tambi\u00e9n parte de la urgencia de parir otro peronismo.<\/strong><br><\/p>\n\n\n\n<p><strong>Donde el resultado dej\u00f3 sorpresa y ense\u00f1anzas fue en Juntos por el Cambio. <\/strong>El triunfo de Daniel Kroneberger y Mart\u00edn Maquieyra, y por una diferencia considerable, dio cuenta de la nacionalizaci\u00f3n de la elecci\u00f3n, del apoyo a la amplitud interna de la lista y del rumbo para la oposici\u00f3n en la provincia. <strong>No tuvo peso la estructura radical ni el escudo de la UCR a la hora de pedir el voto. <\/strong>En las ejecutivas la apelaci\u00f3n al sentimiento radical puede servir en algunos pueblos, pero la gente busca otra cosa. Cayeron celestes, azules, Marino y varios m\u00e1s. Fue punto para Kroneberger que se salt\u00f3 ese l\u00edmite impuesto en la oposici\u00f3n entre radicales y macristas y fue punto para Maquieyra que decidi\u00f3 relegar el principal cargo para ganar y se convirti\u00f3 en referencia opositora del norte provincial. Ambos con perfiles moderados y negociadores, quedan como referencias indiscutidas de sus espacios.<br><\/p>\n\n\n\n<p>El camino son<strong> las coaliciones en escenarios marcados por la polarizaci\u00f3n entre peronismo y oposici\u00f3n<\/strong>. Quienes renegaron de esto, el socialismo en solitario, qued\u00f3 sumido en una fuerza testimonial. Y quienes se plegaron a la conformaci\u00f3n de frentes, como la izquierda del FIT-Unidad, que replican en la provincia un camino de consensos que ya se han dado en otros distritos y les permiti\u00f3 tener presencia en varias provincias, lograron superar sus votos y llegar a casi 10.000. La pregunta es ahora si se capitalizar\u00e1 este resultado en las ejecutivas de 2023 y puedan lograr cargos institucionales para entre la pol\u00edtica real.<br><\/p>\n\n\n\n<p>El 14 de noviembre se vienen las que valen. <strong>La oposici\u00f3n quiere repetir una tarde so\u00f1ada, el peronismo revertir con una remontada \u00e9pica como hace cuatro a\u00f1os. Veremos si la historia se repite.<\/strong><\/p>\n\n\n\n<p><\/p>\n\n\n\n<p><\/p>\n","protected":false},"excerpt":{"rendered":"<p>Norberto G. Asquini La elecci\u00f3n del domingo en La Pampa fueron otro 2017 para el gobierno provincial. La nacionalizaci\u00f3n de los temas pes\u00f3 m\u00e1s que cualquier otro argumento en las&hellip;<\/p>\n","protected":false},"author":3,"featured_media":153327,"comment_status":"closed","ping_status":"open","sticky":false,"template":"","format":"standard","meta":{"_acf_changed":false,"footnotes":""},"categories":[10,8],"tags":[424],"class_list":["post-161246","post","type-post","status-publish","format-standard","has-post-thumbnail","hentry","category-portada-2","category-politica","tag-ziliotto"],"acf":[],"yoast_head":"<!-- This site is optimized with the Yoast SEO plugin v27.5 - https:\/\/yoast.com\/product\/yoast-seo-wordpress\/ -->\n<title>Ziliotto y el otro 2017: \u00bfse repite la historia? - Diario Textual<\/title>\n<meta name=\"robots\" content=\"index, follow, max-snippet:-1, max-image-preview:large, max-video-preview:-1\" \/>\n<link rel=\"canonical\" href=\"https:\/\/diariotextual.com\/inicio\/index.php\/2021\/09\/13\/ziliotto-y-el-otro-2017-se-repite-la-historia\/\" \/>\n<meta property=\"og:locale\" content=\"es_ES\" \/>\n<meta property=\"og:type\" content=\"article\" \/>\n<meta property=\"og:title\" content=\"Ziliotto y el otro 2017: \u00bfse repite la historia? - Diario Textual\" \/>\n<meta property=\"og:description\" content=\"Norberto G. Asquini La elecci\u00f3n del domingo en La Pampa fueron otro 2017 para el gobierno provincial. La nacionalizaci\u00f3n de los temas pes\u00f3 m\u00e1s que cualquier otro argumento en las&hellip;\" \/>\n<meta property=\"og:url\" content=\"https:\/\/diariotextual.com\/inicio\/index.php\/2021\/09\/13\/ziliotto-y-el-otro-2017-se-repite-la-historia\/\" \/>\n<meta property=\"og:site_name\" content=\"Diario Textual\" \/>\n<meta property=\"article:publisher\" content=\"https:\/\/www.facebook.com\/eltextual\" \/>\n<meta property=\"article:published_time\" content=\"2021-09-13T12:20:13+00:00\" \/>\n<meta property=\"article:modified_time\" content=\"2021-09-14T11:42:32+00:00\" \/>\n<meta property=\"og:image\" content=\"https:\/\/diariotextual.com\/inicio\/wp-content\/uploads\/2021\/07\/bensusanpabloziliottosergio2021-2.jpg\" \/>\n\t<meta property=\"og:image:width\" content=\"2048\" \/>\n\t<meta property=\"og:image:height\" content=\"1365\" \/>\n\t<meta property=\"og:image:type\" content=\"image\/jpeg\" \/>\n<meta name=\"author\" content=\"Diario1 Diario1\" \/>\n<meta name=\"twitter:card\" content=\"summary_large_image\" \/>\n<meta name=\"twitter:creator\" content=\"@eltextual\" \/>\n<meta name=\"twitter:site\" content=\"@eltextual\" \/>\n<meta name=\"twitter:label1\" content=\"Escrito por\" \/>\n\t<meta name=\"twitter:data1\" content=\"Diario1 Diario1\" \/>\n\t<meta name=\"twitter:label2\" content=\"Tiempo de lectura\" \/>\n\t<meta name=\"twitter:data2\" content=\"4 minutos\" \/>\n<script type=\"application\/ld+json\" class=\"yoast-schema-graph\">{\"@context\":\"https:\\\/\\\/schema.org\",\"@graph\":[{\"@type\":\"Article\",\"@id\":\"https:\\\/\\\/diariotextual.com\\\/inicio\\\/index.php\\\/2021\\\/09\\\/13\\\/ziliotto-y-el-otro-2017-se-repite-la-historia\\\/#article\",\"isPartOf\":{\"@id\":\"https:\\\/\\\/diariotextual.com\\\/inicio\\\/index.php\\\/2021\\\/09\\\/13\\\/ziliotto-y-el-otro-2017-se-repite-la-historia\\\/\"},\"author\":{\"name\":\"Diario1 Diario1\",\"@id\":\"https:\\\/\\\/diariotextual.com\\\/inicio\\\/#\\\/schema\\\/person\\\/418fc4093c33e86ed41562db3508f958\"},\"headline\":\"Ziliotto y el otro 2017: \u00bfse repite la historia?\",\"datePublished\":\"2021-09-13T12:20:13+00:00\",\"dateModified\":\"2021-09-14T11:42:32+00:00\",\"mainEntityOfPage\":{\"@id\":\"https:\\\/\\\/diariotextual.com\\\/inicio\\\/index.php\\\/2021\\\/09\\\/13\\\/ziliotto-y-el-otro-2017-se-repite-la-historia\\\/\"},\"wordCount\":770,\"publisher\":{\"@id\":\"https:\\\/\\\/diariotextual.com\\\/inicio\\\/#organization\"},\"image\":{\"@id\":\"https:\\\/\\\/diariotextual.com\\\/inicio\\\/index.php\\\/2021\\\/09\\\/13\\\/ziliotto-y-el-otro-2017-se-repite-la-historia\\\/#primaryimage\"},\"thumbnailUrl\":\"https:\\\/\\\/diariotextual.com\\\/inicio\\\/wp-content\\\/uploads\\\/2021\\\/07\\\/bensusanpabloziliottosergio2021-2.jpg\",\"keywords\":[\"ziliotto\"],\"articleSection\":[\"A - PORTADA2\",\"POLITICA\"],\"inLanguage\":\"es\"},{\"@type\":\"WebPage\",\"@id\":\"https:\\\/\\\/diariotextual.com\\\/inicio\\\/index.php\\\/2021\\\/09\\\/13\\\/ziliotto-y-el-otro-2017-se-repite-la-historia\\\/\",\"url\":\"https:\\\/\\\/diariotextual.com\\\/inicio\\\/index.php\\\/2021\\\/09\\\/13\\\/ziliotto-y-el-otro-2017-se-repite-la-historia\\\/\",\"name\":\"Ziliotto y el otro 2017: \u00bfse repite la historia? - Diario Textual\",\"isPartOf\":{\"@id\":\"https:\\\/\\\/diariotextual.com\\\/inicio\\\/#website\"},\"primaryImageOfPage\":{\"@id\":\"https:\\\/\\\/diariotextual.com\\\/inicio\\\/index.php\\\/2021\\\/09\\\/13\\\/ziliotto-y-el-otro-2017-se-repite-la-historia\\\/#primaryimage\"},\"image\":{\"@id\":\"https:\\\/\\\/diariotextual.com\\\/inicio\\\/index.php\\\/2021\\\/09\\\/13\\\/ziliotto-y-el-otro-2017-se-repite-la-historia\\\/#primaryimage\"},\"thumbnailUrl\":\"https:\\\/\\\/diariotextual.com\\\/inicio\\\/wp-content\\\/uploads\\\/2021\\\/07\\\/bensusanpabloziliottosergio2021-2.jpg\",\"datePublished\":\"2021-09-13T12:20:13+00:00\",\"dateModified\":\"2021-09-14T11:42:32+00:00\",\"breadcrumb\":{\"@id\":\"https:\\\/\\\/diariotextual.com\\\/inicio\\\/index.php\\\/2021\\\/09\\\/13\\\/ziliotto-y-el-otro-2017-se-repite-la-historia\\\/#breadcrumb\"},\"inLanguage\":\"es\",\"potentialAction\":[{\"@type\":\"ReadAction\",\"target\":[\"https:\\\/\\\/diariotextual.com\\\/inicio\\\/index.php\\\/2021\\\/09\\\/13\\\/ziliotto-y-el-otro-2017-se-repite-la-historia\\\/\"]}]},{\"@type\":\"ImageObject\",\"inLanguage\":\"es\",\"@id\":\"https:\\\/\\\/diariotextual.com\\\/inicio\\\/index.php\\\/2021\\\/09\\\/13\\\/ziliotto-y-el-otro-2017-se-repite-la-historia\\\/#primaryimage\",\"url\":\"https:\\\/\\\/diariotextual.com\\\/inicio\\\/wp-content\\\/uploads\\\/2021\\\/07\\\/bensusanpabloziliottosergio2021-2.jpg\",\"contentUrl\":\"https:\\\/\\\/diariotextual.com\\\/inicio\\\/wp-content\\\/uploads\\\/2021\\\/07\\\/bensusanpabloziliottosergio2021-2.jpg\",\"width\":2048,\"height\":1365},{\"@type\":\"BreadcrumbList\",\"@id\":\"https:\\\/\\\/diariotextual.com\\\/inicio\\\/index.php\\\/2021\\\/09\\\/13\\\/ziliotto-y-el-otro-2017-se-repite-la-historia\\\/#breadcrumb\",\"itemListElement\":[{\"@type\":\"ListItem\",\"position\":1,\"name\":\"Portada\",\"item\":\"https:\\\/\\\/diariotextual.com\\\/inicio\\\/\"},{\"@type\":\"ListItem\",\"position\":2,\"name\":\"Ziliotto y el otro 2017: \u00bfse repite la historia?\"}]},{\"@type\":\"WebSite\",\"@id\":\"https:\\\/\\\/diariotextual.com\\\/inicio\\\/#website\",\"url\":\"https:\\\/\\\/diariotextual.com\\\/inicio\\\/\",\"name\":\"Diario Textual\",\"description\":\"\",\"publisher\":{\"@id\":\"https:\\\/\\\/diariotextual.com\\\/inicio\\\/#organization\"},\"potentialAction\":[{\"@type\":\"SearchAction\",\"target\":{\"@type\":\"EntryPoint\",\"urlTemplate\":\"https:\\\/\\\/diariotextual.com\\\/inicio\\\/?s={search_term_string}\"},\"query-input\":{\"@type\":\"PropertyValueSpecification\",\"valueRequired\":true,\"valueName\":\"search_term_string\"}}],\"inLanguage\":\"es\"},{\"@type\":\"Organization\",\"@id\":\"https:\\\/\\\/diariotextual.com\\\/inicio\\\/#organization\",\"name\":\"Diario Textual\",\"url\":\"https:\\\/\\\/diariotextual.com\\\/inicio\\\/\",\"logo\":{\"@type\":\"ImageObject\",\"inLanguage\":\"es\",\"@id\":\"https:\\\/\\\/diariotextual.com\\\/inicio\\\/#\\\/schema\\\/logo\\\/image\\\/\",\"url\":\"https:\\\/\\\/diariotextual.com\\\/inicio\\\/wp-content\\\/uploads\\\/2023\\\/05\\\/logotextual1.jpg\",\"contentUrl\":\"https:\\\/\\\/diariotextual.com\\\/inicio\\\/wp-content\\\/uploads\\\/2023\\\/05\\\/logotextual1.jpg\",\"width\":516,\"height\":76,\"caption\":\"Diario Textual\"},\"image\":{\"@id\":\"https:\\\/\\\/diariotextual.com\\\/inicio\\\/#\\\/schema\\\/logo\\\/image\\\/\"},\"sameAs\":[\"https:\\\/\\\/www.facebook.com\\\/eltextual\",\"https:\\\/\\\/x.com\\\/eltextual\",\"http:\\\/\\\/www.instagram.com\\\/eltextual\"]},{\"@type\":\"Person\",\"@id\":\"https:\\\/\\\/diariotextual.com\\\/inicio\\\/#\\\/schema\\\/person\\\/418fc4093c33e86ed41562db3508f958\",\"name\":\"Diario1 Diario1\",\"image\":{\"@type\":\"ImageObject\",\"inLanguage\":\"es\",\"@id\":\"https:\\\/\\\/secure.gravatar.com\\\/avatar\\\/9167d280179c85bc18be67aa7eda765854300033af4896dd779b608640f2ef7a?s=96&d=mm&r=g\",\"url\":\"https:\\\/\\\/secure.gravatar.com\\\/avatar\\\/9167d280179c85bc18be67aa7eda765854300033af4896dd779b608640f2ef7a?s=96&d=mm&r=g\",\"contentUrl\":\"https:\\\/\\\/secure.gravatar.com\\\/avatar\\\/9167d280179c85bc18be67aa7eda765854300033af4896dd779b608640f2ef7a?s=96&d=mm&r=g\",\"caption\":\"Diario1 Diario1\"},\"url\":\"https:\\\/\\\/diariotextual.com\\\/inicio\\\/index.php\\\/author\\\/diario1\\\/\"}]}<\/script>\n<!-- \/ Yoast SEO plugin. -->","yoast_head_json":{"title":"Ziliotto y el otro 2017: \u00bfse repite la historia? - Diario Textual","robots":{"index":"index","follow":"follow","max-snippet":"max-snippet:-1","max-image-preview":"max-image-preview:large","max-video-preview":"max-video-preview:-1"},"canonical":"https:\/\/diariotextual.com\/inicio\/index.php\/2021\/09\/13\/ziliotto-y-el-otro-2017-se-repite-la-historia\/","og_locale":"es_ES","og_type":"article","og_title":"Ziliotto y el otro 2017: \u00bfse repite la historia? - Diario Textual","og_description":"Norberto G. Asquini La elecci\u00f3n del domingo en La Pampa fueron otro 2017 para el gobierno provincial. La nacionalizaci\u00f3n de los temas pes\u00f3 m\u00e1s que cualquier otro argumento en las&hellip;","og_url":"https:\/\/diariotextual.com\/inicio\/index.php\/2021\/09\/13\/ziliotto-y-el-otro-2017-se-repite-la-historia\/","og_site_name":"Diario Textual","article_publisher":"https:\/\/www.facebook.com\/eltextual","article_published_time":"2021-09-13T12:20:13+00:00","article_modified_time":"2021-09-14T11:42:32+00:00","og_image":[{"width":2048,"height":1365,"url":"https:\/\/diariotextual.com\/inicio\/wp-content\/uploads\/2021\/07\/bensusanpabloziliottosergio2021-2.jpg","type":"image\/jpeg"}],"author":"Diario1 Diario1","twitter_card":"summary_large_image","twitter_creator":"@eltextual","twitter_site":"@eltextual","twitter_misc":{"Escrito por":"Diario1 Diario1","Tiempo de lectura":"4 minutos"},"schema":{"@context":"https:\/\/schema.org","@graph":[{"@type":"Article","@id":"https:\/\/diariotextual.com\/inicio\/index.php\/2021\/09\/13\/ziliotto-y-el-otro-2017-se-repite-la-historia\/#article","isPartOf":{"@id":"https:\/\/diariotextual.com\/inicio\/index.php\/2021\/09\/13\/ziliotto-y-el-otro-2017-se-repite-la-historia\/"},"author":{"name":"Diario1 Diario1","@id":"https:\/\/diariotextual.com\/inicio\/#\/schema\/person\/418fc4093c33e86ed41562db3508f958"},"headline":"Ziliotto y el otro 2017: \u00bfse repite la historia?","datePublished":"2021-09-13T12:20:13+00:00","dateModified":"2021-09-14T11:42:32+00:00","mainEntityOfPage":{"@id":"https:\/\/diariotextual.com\/inicio\/index.php\/2021\/09\/13\/ziliotto-y-el-otro-2017-se-repite-la-historia\/"},"wordCount":770,"publisher":{"@id":"https:\/\/diariotextual.com\/inicio\/#organization"},"image":{"@id":"https:\/\/diariotextual.com\/inicio\/index.php\/2021\/09\/13\/ziliotto-y-el-otro-2017-se-repite-la-historia\/#primaryimage"},"thumbnailUrl":"https:\/\/diariotextual.com\/inicio\/wp-content\/uploads\/2021\/07\/bensusanpabloziliottosergio2021-2.jpg","keywords":["ziliotto"],"articleSection":["A - PORTADA2","POLITICA"],"inLanguage":"es"},{"@type":"WebPage","@id":"https:\/\/diariotextual.com\/inicio\/index.php\/2021\/09\/13\/ziliotto-y-el-otro-2017-se-repite-la-historia\/","url":"https:\/\/diariotextual.com\/inicio\/index.php\/2021\/09\/13\/ziliotto-y-el-otro-2017-se-repite-la-historia\/","name":"Ziliotto y el otro 2017: \u00bfse repite la historia? - Diario Textual","isPartOf":{"@id":"https:\/\/diariotextual.com\/inicio\/#website"},"primaryImageOfPage":{"@id":"https:\/\/diariotextual.com\/inicio\/index.php\/2021\/09\/13\/ziliotto-y-el-otro-2017-se-repite-la-historia\/#primaryimage"},"image":{"@id":"https:\/\/diariotextual.com\/inicio\/index.php\/2021\/09\/13\/ziliotto-y-el-otro-2017-se-repite-la-historia\/#primaryimage"},"thumbnailUrl":"https:\/\/diariotextual.com\/inicio\/wp-content\/uploads\/2021\/07\/bensusanpabloziliottosergio2021-2.jpg","datePublished":"2021-09-13T12:20:13+00:00","dateModified":"2021-09-14T11:42:32+00:00","breadcrumb":{"@id":"https:\/\/diariotextual.com\/inicio\/index.php\/2021\/09\/13\/ziliotto-y-el-otro-2017-se-repite-la-historia\/#breadcrumb"},"inLanguage":"es","potentialAction":[{"@type":"ReadAction","target":["https:\/\/diariotextual.com\/inicio\/index.php\/2021\/09\/13\/ziliotto-y-el-otro-2017-se-repite-la-historia\/"]}]},{"@type":"ImageObject","inLanguage":"es","@id":"https:\/\/diariotextual.com\/inicio\/index.php\/2021\/09\/13\/ziliotto-y-el-otro-2017-se-repite-la-historia\/#primaryimage","url":"https:\/\/diariotextual.com\/inicio\/wp-content\/uploads\/2021\/07\/bensusanpabloziliottosergio2021-2.jpg","contentUrl":"https:\/\/diariotextual.com\/inicio\/wp-content\/uploads\/2021\/07\/bensusanpabloziliottosergio2021-2.jpg","width":2048,"height":1365},{"@type":"BreadcrumbList","@id":"https:\/\/diariotextual.com\/inicio\/index.php\/2021\/09\/13\/ziliotto-y-el-otro-2017-se-repite-la-historia\/#breadcrumb","itemListElement":[{"@type":"ListItem","position":1,"name":"Portada","item":"https:\/\/diariotextual.com\/inicio\/"},{"@type":"ListItem","position":2,"name":"Ziliotto y el otro 2017: \u00bfse repite la historia?"}]},{"@type":"WebSite","@id":"https:\/\/diariotextual.com\/inicio\/#website","url":"https:\/\/diariotextual.com\/inicio\/","name":"Diario Textual","description":"","publisher":{"@id":"https:\/\/diariotextual.com\/inicio\/#organization"},"potentialAction":[{"@type":"SearchAction","target":{"@type":"EntryPoint","urlTemplate":"https:\/\/diariotextual.com\/inicio\/?s={search_term_string}"},"query-input":{"@type":"PropertyValueSpecification","valueRequired":true,"valueName":"search_term_string"}}],"inLanguage":"es"},{"@type":"Organization","@id":"https:\/\/diariotextual.com\/inicio\/#organization","name":"Diario Textual","url":"https:\/\/diariotextual.com\/inicio\/","logo":{"@type":"ImageObject","inLanguage":"es","@id":"https:\/\/diariotextual.com\/inicio\/#\/schema\/logo\/image\/","url":"https:\/\/diariotextual.com\/inicio\/wp-content\/uploads\/2023\/05\/logotextual1.jpg","contentUrl":"https:\/\/diariotextual.com\/inicio\/wp-content\/uploads\/2023\/05\/logotextual1.jpg","width":516,"height":76,"caption":"Diario Textual"},"image":{"@id":"https:\/\/diariotextual.com\/inicio\/#\/schema\/logo\/image\/"},"sameAs":["https:\/\/www.facebook.com\/eltextual","https:\/\/x.com\/eltextual","http:\/\/www.instagram.com\/eltextual"]},{"@type":"Person","@id":"https:\/\/diariotextual.com\/inicio\/#\/schema\/person\/418fc4093c33e86ed41562db3508f958","name":"Diario1 Diario1","image":{"@type":"ImageObject","inLanguage":"es","@id":"https:\/\/secure.gravatar.com\/avatar\/9167d280179c85bc18be67aa7eda765854300033af4896dd779b608640f2ef7a?s=96&d=mm&r=g","url":"https:\/\/secure.gravatar.com\/avatar\/9167d280179c85bc18be67aa7eda765854300033af4896dd779b608640f2ef7a?s=96&d=mm&r=g","contentUrl":"https:\/\/secure.gravatar.com\/avatar\/9167d280179c85bc18be67aa7eda765854300033af4896dd779b608640f2ef7a?s=96&d=mm&r=g","caption":"Diario1 Diario1"},"url":"https:\/\/diariotextual.com\/inicio\/index.php\/author\/diario1\/"}]}},"_links":{"self":[{"href":"https:\/\/diariotextual.com\/inicio\/index.php\/wp-json\/wp\/v2\/posts\/161246","targetHints":{"allow":["GET"]}}],"collection":[{"href":"https:\/\/diariotextual.com\/inicio\/index.php\/wp-json\/wp\/v2\/posts"}],"about":[{"href":"https:\/\/diariotextual.com\/inicio\/index.php\/wp-json\/wp\/v2\/types\/post"}],"author":[{"embeddable":true,"href":"https:\/\/diariotextual.com\/inicio\/index.php\/wp-json\/wp\/v2\/users\/3"}],"replies":[{"embeddable":true,"href":"https:\/\/diariotextual.com\/inicio\/index.php\/wp-json\/wp\/v2\/comments?post=161246"}],"version-history":[{"count":3,"href":"https:\/\/diariotextual.com\/inicio\/index.php\/wp-json\/wp\/v2\/posts\/161246\/revisions"}],"predecessor-version":[{"id":161254,"href":"https:\/\/diariotextual.com\/inicio\/index.php\/wp-json\/wp\/v2\/posts\/161246\/revisions\/161254"}],"wp:featuredmedia":[{"embeddable":true,"href":"https:\/\/diariotextual.com\/inicio\/index.php\/wp-json\/wp\/v2\/media\/153327"}],"wp:attachment":[{"href":"https:\/\/diariotextual.com\/inicio\/index.php\/wp-json\/wp\/v2\/media?parent=161246"}],"wp:term":[{"taxonomy":"category","embeddable":true,"href":"https:\/\/diariotextual.com\/inicio\/index.php\/wp-json\/wp\/v2\/categories?post=161246"},{"taxonomy":"post_tag","embeddable":true,"href":"https:\/\/diariotextual.com\/inicio\/index.php\/wp-json\/wp\/v2\/tags?post=161246"}],"curies":[{"name":"wp","href":"https:\/\/api.w.org\/{rel}","templated":true}]}}