{"id":161675,"date":"2021-09-16T14:17:10","date_gmt":"2021-09-16T17:17:10","guid":{"rendered":"https:\/\/diariotextual.com\/inicio\/?p=161675"},"modified":"2021-09-16T19:18:44","modified_gmt":"2021-09-16T22:18:44","slug":"el-fuerte-audio-de-vallejos-donde-trata-de-okupa-enfermo-y-atrincherado-al-presidente","status":"publish","type":"post","link":"https:\/\/diariotextual.com\/inicio\/index.php\/2021\/09\/16\/el-fuerte-audio-de-vallejos-donde-trata-de-okupa-enfermo-y-atrincherado-al-presidente\/","title":{"rendered":"El fuerte audio de Vallejos donde trata de \u201cokupa\u201d, \u201cenfermo\u201d y \u201catrincherado\u201d al presidente"},"content":{"rendered":"\n<p>La diputada kirchnerista&nbsp;<strong>Fernanda Vallejos<\/strong>&nbsp;apunt\u00f3 contra el presidente Alberto Fern\u00e1ndez a trav\u00e9s de un duro audio que se filtr\u00f3 en estas horas. Aunque pidi\u00f3 disculpas, la pol\u00e9mica se dispar\u00f3. <\/p>\n\n\n\n<p>En el fuerte audio, <strong>Vallejos calific\u00f3 de \u00abenfermo\u00bb, \u00abokupa\u00bb, \u00abmequetrefe\u00bb y \u00abpayaso\u00bb <\/strong>al presidente en medio de la interna del Frente de Todos luego de la derrota en las PASO 2021.<\/p>\n\n\n\n<p>Vallejos dice que el cristinismo esperaba que el lunes, <strong>\u201cel enfermo, el okupa de Alberto Fern\u00e1ndez\u201d<\/strong> brindara una conferencia de prensa con todas las renuncias del gabinete nacional sobre su escritorio, como un claro mensaje ante la derrota electoral del domingo.<\/p>\n\n\n\n<p>\u201cLa pol\u00edtica econ\u00f3mica debi\u00f3 subordinarse a la pol\u00edtica sanitaria, no a los pagos del FMI\u201d, dice Vallejos. En ese sentido, dijo: <strong>\u201cEs triste decirle a un tipo al que nosotros llevamos a presidente lo mismo que le dijimos a Macri\u201d.<\/strong><\/p>\n\n\n\n<p>\u201c<strong>El tipo est\u00e1 atrincherado en la Casa Rosada, y \u00e9l es un ocupa, porque no tiene votos, no tiene legitimidad, no lo quiere nada. La derecha tiene a Macri, mir\u00e1 si va a votar a este mequetrefe que no sirve para nada. Y nuestra gente no lo quiere\u201d<\/strong>, dice Vallejos.<\/p>\n\n\n\n<p>\u201cHay un tipo atrincherado en la Casa Rosada que dice \u2018me cago en el pueblo\u2019 y mantiene al tipo este\u201d, dice Vallejos respecto de la decisi\u00f3n de Alberto Fern\u00e1ndez de mantener en el cargo a Mart\u00edn Guzm\u00e1n, un economista de formaci\u00f3n \u201cneoliberal\u201d, seg\u00fan la percepci\u00f3n de la diputada y economista.<\/p>\n\n\n\n<p>Luego de conocerse el audio, la legisladora pidi\u00f3 disculpas en en Twitter. \u00abMe entero que se filtr\u00f3 una conversaci\u00f3n privada donde, en el marco de la angustia que a muchos y muchas nos gener\u00f3 el resultado del domingo que dio cuenta del sufrimiento de nuestro pueblo y de que no pudimos satisfacer sus aspiraciones, tuve expresiones realmente impropias\u00bb, justific\u00f3. <\/p>\n\n\n\n<p>\u00abLamento haber agraviado a compa\u00f1eros con mis palabras y hago p\u00fablicas las disculpas del caso. Estoy segura que, en \u00e1mbitos PRIVADOS, como humanos que somos, todos hemos tenido exabruptos en nuestras vidas, propios del fragor del momento, de los que hemos tenido que arrepentirnos\u00bb, agreg\u00f3.<\/p>\n\n\n\n<blockquote class=\"twitter-tweet\"><p lang=\"es\" dir=\"ltr\">Me entero que se filtr\u00f3 una conversaci\u00f3n privada donde, en el marco de la angustia que a muchos y muchas nos gener\u00f3 el resultado del domingo que dio cuenta del sufrimiento de nuestro pueblo y de que no pudimos satisfacer sus aspiraciones, tuve expresiones realmente impropias.<\/p>\u2014 Fernanda Vallejos (@fvallejoss) <a href=\"https:\/\/twitter.com\/fvallejoss\/status\/1438526655434313728?ref_src=twsrc%5Etfw\">September 16, 2021<\/a><\/blockquote> <script async=\"\" src=\"https:\/\/platform.twitter.com\/widgets.js\" charset=\"utf-8\"><\/script>\n\n\n\n<div class=\"vjs-remaining-time vjs-time-control vjs-control\"><div\n\n\n\n<p><\/p>\n","protected":false},"excerpt":{"rendered":"<p>La diputada kirchnerista&nbsp;Fernanda Vallejos&nbsp;apunt\u00f3 contra el presidente Alberto Fern\u00e1ndez a trav\u00e9s de un duro audio que se filtr\u00f3 en estas horas. Aunque pidi\u00f3 disculpas, la pol\u00e9mica se dispar\u00f3. En el&hellip;<\/p>\n","protected":false},"author":4,"featured_media":161678,"comment_status":"closed","ping_status":"open","sticky":false,"template":"","format":"standard","meta":{"_acf_changed":false,"footnotes":""},"categories":[10,8],"tags":[],"class_list":["post-161675","post","type-post","status-publish","format-standard","has-post-thumbnail","hentry","category-portada-2","category-politica"],"acf":[],"yoast_head":"<!-- This site is optimized with the Yoast SEO plugin v27.5 - https:\/\/yoast.com\/product\/yoast-seo-wordpress\/ -->\n<title>El fuerte audio de Vallejos donde trata de \u201cokupa\u201d, \u201cenfermo\u201d y \u201catrincherado\u201d al presidente - Diario Textual<\/title>\n<meta name=\"robots\" content=\"index, follow, max-snippet:-1, max-image-preview:large, max-video-preview:-1\" \/>\n<link rel=\"canonical\" href=\"https:\/\/diariotextual.com\/inicio\/index.php\/2021\/09\/16\/el-fuerte-audio-de-vallejos-donde-trata-de-okupa-enfermo-y-atrincherado-al-presidente\/\" \/>\n<meta property=\"og:locale\" content=\"es_ES\" \/>\n<meta property=\"og:type\" content=\"article\" \/>\n<meta property=\"og:title\" content=\"El fuerte audio de Vallejos donde trata de \u201cokupa\u201d, \u201cenfermo\u201d y \u201catrincherado\u201d al presidente - Diario Textual\" \/>\n<meta property=\"og:description\" content=\"La diputada kirchnerista&nbsp;Fernanda Vallejos&nbsp;apunt\u00f3 contra el presidente Alberto Fern\u00e1ndez a trav\u00e9s de un duro audio que se filtr\u00f3 en estas horas. Aunque pidi\u00f3 disculpas, la pol\u00e9mica se dispar\u00f3. En el&hellip;\" \/>\n<meta property=\"og:url\" content=\"https:\/\/diariotextual.com\/inicio\/index.php\/2021\/09\/16\/el-fuerte-audio-de-vallejos-donde-trata-de-okupa-enfermo-y-atrincherado-al-presidente\/\" \/>\n<meta property=\"og:site_name\" content=\"Diario Textual\" \/>\n<meta property=\"article:publisher\" content=\"https:\/\/www.facebook.com\/eltextual\" \/>\n<meta property=\"article:published_time\" content=\"2021-09-16T17:17:10+00:00\" \/>\n<meta property=\"article:modified_time\" content=\"2021-09-16T22:18:44+00:00\" \/>\n<meta property=\"og:image\" content=\"https:\/\/diariotextual.com\/inicio\/wp-content\/uploads\/2021\/09\/vallejosfernanda463279.jpeg\" \/>\n\t<meta property=\"og:image:width\" content=\"800\" \/>\n\t<meta property=\"og:image:height\" content=\"534\" \/>\n\t<meta property=\"og:image:type\" content=\"image\/jpeg\" \/>\n<meta name=\"author\" content=\"diario2\" \/>\n<meta name=\"twitter:card\" content=\"summary_large_image\" \/>\n<meta name=\"twitter:creator\" content=\"@eltextual\" \/>\n<meta name=\"twitter:site\" content=\"@eltextual\" \/>\n<meta name=\"twitter:label1\" content=\"Escrito por\" \/>\n\t<meta name=\"twitter:data1\" content=\"diario2\" \/>\n\t<meta name=\"twitter:label2\" content=\"Tiempo de lectura\" \/>\n\t<meta name=\"twitter:data2\" content=\"2 minutos\" \/>\n<script type=\"application\/ld+json\" class=\"yoast-schema-graph\">{\"@context\":\"https:\\\/\\\/schema.org\",\"@graph\":[{\"@type\":\"Article\",\"@id\":\"https:\\\/\\\/diariotextual.com\\\/inicio\\\/index.php\\\/2021\\\/09\\\/16\\\/el-fuerte-audio-de-vallejos-donde-trata-de-okupa-enfermo-y-atrincherado-al-presidente\\\/#article\",\"isPartOf\":{\"@id\":\"https:\\\/\\\/diariotextual.com\\\/inicio\\\/index.php\\\/2021\\\/09\\\/16\\\/el-fuerte-audio-de-vallejos-donde-trata-de-okupa-enfermo-y-atrincherado-al-presidente\\\/\"},\"author\":{\"name\":\"diario2\",\"@id\":\"https:\\\/\\\/diariotextual.com\\\/inicio\\\/#\\\/schema\\\/person\\\/694f60677f23c4a530867a98f22b3768\"},\"headline\":\"El fuerte audio de Vallejos donde trata de \u201cokupa\u201d, \u201cenfermo\u201d y \u201catrincherado\u201d al presidente\",\"datePublished\":\"2021-09-16T17:17:10+00:00\",\"dateModified\":\"2021-09-16T22:18:44+00:00\",\"mainEntityOfPage\":{\"@id\":\"https:\\\/\\\/diariotextual.com\\\/inicio\\\/index.php\\\/2021\\\/09\\\/16\\\/el-fuerte-audio-de-vallejos-donde-trata-de-okupa-enfermo-y-atrincherado-al-presidente\\\/\"},\"wordCount\":429,\"publisher\":{\"@id\":\"https:\\\/\\\/diariotextual.com\\\/inicio\\\/#organization\"},\"image\":{\"@id\":\"https:\\\/\\\/diariotextual.com\\\/inicio\\\/index.php\\\/2021\\\/09\\\/16\\\/el-fuerte-audio-de-vallejos-donde-trata-de-okupa-enfermo-y-atrincherado-al-presidente\\\/#primaryimage\"},\"thumbnailUrl\":\"https:\\\/\\\/diariotextual.com\\\/inicio\\\/wp-content\\\/uploads\\\/2021\\\/09\\\/vallejosfernanda463279.jpeg\",\"articleSection\":[\"A - PORTADA2\",\"POLITICA\"],\"inLanguage\":\"es\"},{\"@type\":\"WebPage\",\"@id\":\"https:\\\/\\\/diariotextual.com\\\/inicio\\\/index.php\\\/2021\\\/09\\\/16\\\/el-fuerte-audio-de-vallejos-donde-trata-de-okupa-enfermo-y-atrincherado-al-presidente\\\/\",\"url\":\"https:\\\/\\\/diariotextual.com\\\/inicio\\\/index.php\\\/2021\\\/09\\\/16\\\/el-fuerte-audio-de-vallejos-donde-trata-de-okupa-enfermo-y-atrincherado-al-presidente\\\/\",\"name\":\"El fuerte audio de Vallejos donde trata de \u201cokupa\u201d, \u201cenfermo\u201d y \u201catrincherado\u201d al presidente - Diario Textual\",\"isPartOf\":{\"@id\":\"https:\\\/\\\/diariotextual.com\\\/inicio\\\/#website\"},\"primaryImageOfPage\":{\"@id\":\"https:\\\/\\\/diariotextual.com\\\/inicio\\\/index.php\\\/2021\\\/09\\\/16\\\/el-fuerte-audio-de-vallejos-donde-trata-de-okupa-enfermo-y-atrincherado-al-presidente\\\/#primaryimage\"},\"image\":{\"@id\":\"https:\\\/\\\/diariotextual.com\\\/inicio\\\/index.php\\\/2021\\\/09\\\/16\\\/el-fuerte-audio-de-vallejos-donde-trata-de-okupa-enfermo-y-atrincherado-al-presidente\\\/#primaryimage\"},\"thumbnailUrl\":\"https:\\\/\\\/diariotextual.com\\\/inicio\\\/wp-content\\\/uploads\\\/2021\\\/09\\\/vallejosfernanda463279.jpeg\",\"datePublished\":\"2021-09-16T17:17:10+00:00\",\"dateModified\":\"2021-09-16T22:18:44+00:00\",\"breadcrumb\":{\"@id\":\"https:\\\/\\\/diariotextual.com\\\/inicio\\\/index.php\\\/2021\\\/09\\\/16\\\/el-fuerte-audio-de-vallejos-donde-trata-de-okupa-enfermo-y-atrincherado-al-presidente\\\/#breadcrumb\"},\"inLanguage\":\"es\",\"potentialAction\":[{\"@type\":\"ReadAction\",\"target\":[\"https:\\\/\\\/diariotextual.com\\\/inicio\\\/index.php\\\/2021\\\/09\\\/16\\\/el-fuerte-audio-de-vallejos-donde-trata-de-okupa-enfermo-y-atrincherado-al-presidente\\\/\"]}]},{\"@type\":\"ImageObject\",\"inLanguage\":\"es\",\"@id\":\"https:\\\/\\\/diariotextual.com\\\/inicio\\\/index.php\\\/2021\\\/09\\\/16\\\/el-fuerte-audio-de-vallejos-donde-trata-de-okupa-enfermo-y-atrincherado-al-presidente\\\/#primaryimage\",\"url\":\"https:\\\/\\\/diariotextual.com\\\/inicio\\\/wp-content\\\/uploads\\\/2021\\\/09\\\/vallejosfernanda463279.jpeg\",\"contentUrl\":\"https:\\\/\\\/diariotextual.com\\\/inicio\\\/wp-content\\\/uploads\\\/2021\\\/09\\\/vallejosfernanda463279.jpeg\",\"width\":800,\"height\":534},{\"@type\":\"BreadcrumbList\",\"@id\":\"https:\\\/\\\/diariotextual.com\\\/inicio\\\/index.php\\\/2021\\\/09\\\/16\\\/el-fuerte-audio-de-vallejos-donde-trata-de-okupa-enfermo-y-atrincherado-al-presidente\\\/#breadcrumb\",\"itemListElement\":[{\"@type\":\"ListItem\",\"position\":1,\"name\":\"Portada\",\"item\":\"https:\\\/\\\/diariotextual.com\\\/inicio\\\/\"},{\"@type\":\"ListItem\",\"position\":2,\"name\":\"El fuerte audio de Vallejos donde trata de \u201cokupa\u201d, \u201cenfermo\u201d y \u201catrincherado\u201d al presidente\"}]},{\"@type\":\"WebSite\",\"@id\":\"https:\\\/\\\/diariotextual.com\\\/inicio\\\/#website\",\"url\":\"https:\\\/\\\/diariotextual.com\\\/inicio\\\/\",\"name\":\"Diario Textual\",\"description\":\"\",\"publisher\":{\"@id\":\"https:\\\/\\\/diariotextual.com\\\/inicio\\\/#organization\"},\"potentialAction\":[{\"@type\":\"SearchAction\",\"target\":{\"@type\":\"EntryPoint\",\"urlTemplate\":\"https:\\\/\\\/diariotextual.com\\\/inicio\\\/?s={search_term_string}\"},\"query-input\":{\"@type\":\"PropertyValueSpecification\",\"valueRequired\":true,\"valueName\":\"search_term_string\"}}],\"inLanguage\":\"es\"},{\"@type\":\"Organization\",\"@id\":\"https:\\\/\\\/diariotextual.com\\\/inicio\\\/#organization\",\"name\":\"Diario Textual\",\"url\":\"https:\\\/\\\/diariotextual.com\\\/inicio\\\/\",\"logo\":{\"@type\":\"ImageObject\",\"inLanguage\":\"es\",\"@id\":\"https:\\\/\\\/diariotextual.com\\\/inicio\\\/#\\\/schema\\\/logo\\\/image\\\/\",\"url\":\"https:\\\/\\\/diariotextual.com\\\/inicio\\\/wp-content\\\/uploads\\\/2023\\\/05\\\/logotextual1.jpg\",\"contentUrl\":\"https:\\\/\\\/diariotextual.com\\\/inicio\\\/wp-content\\\/uploads\\\/2023\\\/05\\\/logotextual1.jpg\",\"width\":516,\"height\":76,\"caption\":\"Diario Textual\"},\"image\":{\"@id\":\"https:\\\/\\\/diariotextual.com\\\/inicio\\\/#\\\/schema\\\/logo\\\/image\\\/\"},\"sameAs\":[\"https:\\\/\\\/www.facebook.com\\\/eltextual\",\"https:\\\/\\\/x.com\\\/eltextual\",\"http:\\\/\\\/www.instagram.com\\\/eltextual\"]},{\"@type\":\"Person\",\"@id\":\"https:\\\/\\\/diariotextual.com\\\/inicio\\\/#\\\/schema\\\/person\\\/694f60677f23c4a530867a98f22b3768\",\"name\":\"diario2\",\"image\":{\"@type\":\"ImageObject\",\"inLanguage\":\"es\",\"@id\":\"https:\\\/\\\/secure.gravatar.com\\\/avatar\\\/5a2567495ba16b852fcd8f1ed006a2e24fcace936018ed8237e95f488ad6e0a7?s=96&d=mm&r=g\",\"url\":\"https:\\\/\\\/secure.gravatar.com\\\/avatar\\\/5a2567495ba16b852fcd8f1ed006a2e24fcace936018ed8237e95f488ad6e0a7?s=96&d=mm&r=g\",\"contentUrl\":\"https:\\\/\\\/secure.gravatar.com\\\/avatar\\\/5a2567495ba16b852fcd8f1ed006a2e24fcace936018ed8237e95f488ad6e0a7?s=96&d=mm&r=g\",\"caption\":\"diario2\"},\"url\":\"https:\\\/\\\/diariotextual.com\\\/inicio\\\/index.php\\\/author\\\/diario2\\\/\"}]}<\/script>\n<!-- \/ Yoast SEO plugin. -->","yoast_head_json":{"title":"El fuerte audio de Vallejos donde trata de \u201cokupa\u201d, \u201cenfermo\u201d y \u201catrincherado\u201d al presidente - Diario Textual","robots":{"index":"index","follow":"follow","max-snippet":"max-snippet:-1","max-image-preview":"max-image-preview:large","max-video-preview":"max-video-preview:-1"},"canonical":"https:\/\/diariotextual.com\/inicio\/index.php\/2021\/09\/16\/el-fuerte-audio-de-vallejos-donde-trata-de-okupa-enfermo-y-atrincherado-al-presidente\/","og_locale":"es_ES","og_type":"article","og_title":"El fuerte audio de Vallejos donde trata de \u201cokupa\u201d, \u201cenfermo\u201d y \u201catrincherado\u201d al presidente - Diario Textual","og_description":"La diputada kirchnerista&nbsp;Fernanda Vallejos&nbsp;apunt\u00f3 contra el presidente Alberto Fern\u00e1ndez a trav\u00e9s de un duro audio que se filtr\u00f3 en estas horas. Aunque pidi\u00f3 disculpas, la pol\u00e9mica se dispar\u00f3. En el&hellip;","og_url":"https:\/\/diariotextual.com\/inicio\/index.php\/2021\/09\/16\/el-fuerte-audio-de-vallejos-donde-trata-de-okupa-enfermo-y-atrincherado-al-presidente\/","og_site_name":"Diario Textual","article_publisher":"https:\/\/www.facebook.com\/eltextual","article_published_time":"2021-09-16T17:17:10+00:00","article_modified_time":"2021-09-16T22:18:44+00:00","og_image":[{"width":800,"height":534,"url":"https:\/\/diariotextual.com\/inicio\/wp-content\/uploads\/2021\/09\/vallejosfernanda463279.jpeg","type":"image\/jpeg"}],"author":"diario2","twitter_card":"summary_large_image","twitter_creator":"@eltextual","twitter_site":"@eltextual","twitter_misc":{"Escrito por":"diario2","Tiempo de lectura":"2 minutos"},"schema":{"@context":"https:\/\/schema.org","@graph":[{"@type":"Article","@id":"https:\/\/diariotextual.com\/inicio\/index.php\/2021\/09\/16\/el-fuerte-audio-de-vallejos-donde-trata-de-okupa-enfermo-y-atrincherado-al-presidente\/#article","isPartOf":{"@id":"https:\/\/diariotextual.com\/inicio\/index.php\/2021\/09\/16\/el-fuerte-audio-de-vallejos-donde-trata-de-okupa-enfermo-y-atrincherado-al-presidente\/"},"author":{"name":"diario2","@id":"https:\/\/diariotextual.com\/inicio\/#\/schema\/person\/694f60677f23c4a530867a98f22b3768"},"headline":"El fuerte audio de Vallejos donde trata de \u201cokupa\u201d, \u201cenfermo\u201d y \u201catrincherado\u201d al presidente","datePublished":"2021-09-16T17:17:10+00:00","dateModified":"2021-09-16T22:18:44+00:00","mainEntityOfPage":{"@id":"https:\/\/diariotextual.com\/inicio\/index.php\/2021\/09\/16\/el-fuerte-audio-de-vallejos-donde-trata-de-okupa-enfermo-y-atrincherado-al-presidente\/"},"wordCount":429,"publisher":{"@id":"https:\/\/diariotextual.com\/inicio\/#organization"},"image":{"@id":"https:\/\/diariotextual.com\/inicio\/index.php\/2021\/09\/16\/el-fuerte-audio-de-vallejos-donde-trata-de-okupa-enfermo-y-atrincherado-al-presidente\/#primaryimage"},"thumbnailUrl":"https:\/\/diariotextual.com\/inicio\/wp-content\/uploads\/2021\/09\/vallejosfernanda463279.jpeg","articleSection":["A - PORTADA2","POLITICA"],"inLanguage":"es"},{"@type":"WebPage","@id":"https:\/\/diariotextual.com\/inicio\/index.php\/2021\/09\/16\/el-fuerte-audio-de-vallejos-donde-trata-de-okupa-enfermo-y-atrincherado-al-presidente\/","url":"https:\/\/diariotextual.com\/inicio\/index.php\/2021\/09\/16\/el-fuerte-audio-de-vallejos-donde-trata-de-okupa-enfermo-y-atrincherado-al-presidente\/","name":"El fuerte audio de Vallejos donde trata de \u201cokupa\u201d, \u201cenfermo\u201d y \u201catrincherado\u201d al presidente - Diario Textual","isPartOf":{"@id":"https:\/\/diariotextual.com\/inicio\/#website"},"primaryImageOfPage":{"@id":"https:\/\/diariotextual.com\/inicio\/index.php\/2021\/09\/16\/el-fuerte-audio-de-vallejos-donde-trata-de-okupa-enfermo-y-atrincherado-al-presidente\/#primaryimage"},"image":{"@id":"https:\/\/diariotextual.com\/inicio\/index.php\/2021\/09\/16\/el-fuerte-audio-de-vallejos-donde-trata-de-okupa-enfermo-y-atrincherado-al-presidente\/#primaryimage"},"thumbnailUrl":"https:\/\/diariotextual.com\/inicio\/wp-content\/uploads\/2021\/09\/vallejosfernanda463279.jpeg","datePublished":"2021-09-16T17:17:10+00:00","dateModified":"2021-09-16T22:18:44+00:00","breadcrumb":{"@id":"https:\/\/diariotextual.com\/inicio\/index.php\/2021\/09\/16\/el-fuerte-audio-de-vallejos-donde-trata-de-okupa-enfermo-y-atrincherado-al-presidente\/#breadcrumb"},"inLanguage":"es","potentialAction":[{"@type":"ReadAction","target":["https:\/\/diariotextual.com\/inicio\/index.php\/2021\/09\/16\/el-fuerte-audio-de-vallejos-donde-trata-de-okupa-enfermo-y-atrincherado-al-presidente\/"]}]},{"@type":"ImageObject","inLanguage":"es","@id":"https:\/\/diariotextual.com\/inicio\/index.php\/2021\/09\/16\/el-fuerte-audio-de-vallejos-donde-trata-de-okupa-enfermo-y-atrincherado-al-presidente\/#primaryimage","url":"https:\/\/diariotextual.com\/inicio\/wp-content\/uploads\/2021\/09\/vallejosfernanda463279.jpeg","contentUrl":"https:\/\/diariotextual.com\/inicio\/wp-content\/uploads\/2021\/09\/vallejosfernanda463279.jpeg","width":800,"height":534},{"@type":"BreadcrumbList","@id":"https:\/\/diariotextual.com\/inicio\/index.php\/2021\/09\/16\/el-fuerte-audio-de-vallejos-donde-trata-de-okupa-enfermo-y-atrincherado-al-presidente\/#breadcrumb","itemListElement":[{"@type":"ListItem","position":1,"name":"Portada","item":"https:\/\/diariotextual.com\/inicio\/"},{"@type":"ListItem","position":2,"name":"El fuerte audio de Vallejos donde trata de \u201cokupa\u201d, \u201cenfermo\u201d y \u201catrincherado\u201d al presidente"}]},{"@type":"WebSite","@id":"https:\/\/diariotextual.com\/inicio\/#website","url":"https:\/\/diariotextual.com\/inicio\/","name":"Diario Textual","description":"","publisher":{"@id":"https:\/\/diariotextual.com\/inicio\/#organization"},"potentialAction":[{"@type":"SearchAction","target":{"@type":"EntryPoint","urlTemplate":"https:\/\/diariotextual.com\/inicio\/?s={search_term_string}"},"query-input":{"@type":"PropertyValueSpecification","valueRequired":true,"valueName":"search_term_string"}}],"inLanguage":"es"},{"@type":"Organization","@id":"https:\/\/diariotextual.com\/inicio\/#organization","name":"Diario Textual","url":"https:\/\/diariotextual.com\/inicio\/","logo":{"@type":"ImageObject","inLanguage":"es","@id":"https:\/\/diariotextual.com\/inicio\/#\/schema\/logo\/image\/","url":"https:\/\/diariotextual.com\/inicio\/wp-content\/uploads\/2023\/05\/logotextual1.jpg","contentUrl":"https:\/\/diariotextual.com\/inicio\/wp-content\/uploads\/2023\/05\/logotextual1.jpg","width":516,"height":76,"caption":"Diario Textual"},"image":{"@id":"https:\/\/diariotextual.com\/inicio\/#\/schema\/logo\/image\/"},"sameAs":["https:\/\/www.facebook.com\/eltextual","https:\/\/x.com\/eltextual","http:\/\/www.instagram.com\/eltextual"]},{"@type":"Person","@id":"https:\/\/diariotextual.com\/inicio\/#\/schema\/person\/694f60677f23c4a530867a98f22b3768","name":"diario2","image":{"@type":"ImageObject","inLanguage":"es","@id":"https:\/\/secure.gravatar.com\/avatar\/5a2567495ba16b852fcd8f1ed006a2e24fcace936018ed8237e95f488ad6e0a7?s=96&d=mm&r=g","url":"https:\/\/secure.gravatar.com\/avatar\/5a2567495ba16b852fcd8f1ed006a2e24fcace936018ed8237e95f488ad6e0a7?s=96&d=mm&r=g","contentUrl":"https:\/\/secure.gravatar.com\/avatar\/5a2567495ba16b852fcd8f1ed006a2e24fcace936018ed8237e95f488ad6e0a7?s=96&d=mm&r=g","caption":"diario2"},"url":"https:\/\/diariotextual.com\/inicio\/index.php\/author\/diario2\/"}]}},"_links":{"self":[{"href":"https:\/\/diariotextual.com\/inicio\/index.php\/wp-json\/wp\/v2\/posts\/161675","targetHints":{"allow":["GET"]}}],"collection":[{"href":"https:\/\/diariotextual.com\/inicio\/index.php\/wp-json\/wp\/v2\/posts"}],"about":[{"href":"https:\/\/diariotextual.com\/inicio\/index.php\/wp-json\/wp\/v2\/types\/post"}],"author":[{"embeddable":true,"href":"https:\/\/diariotextual.com\/inicio\/index.php\/wp-json\/wp\/v2\/users\/4"}],"replies":[{"embeddable":true,"href":"https:\/\/diariotextual.com\/inicio\/index.php\/wp-json\/wp\/v2\/comments?post=161675"}],"version-history":[{"count":2,"href":"https:\/\/diariotextual.com\/inicio\/index.php\/wp-json\/wp\/v2\/posts\/161675\/revisions"}],"predecessor-version":[{"id":161682,"href":"https:\/\/diariotextual.com\/inicio\/index.php\/wp-json\/wp\/v2\/posts\/161675\/revisions\/161682"}],"wp:featuredmedia":[{"embeddable":true,"href":"https:\/\/diariotextual.com\/inicio\/index.php\/wp-json\/wp\/v2\/media\/161678"}],"wp:attachment":[{"href":"https:\/\/diariotextual.com\/inicio\/index.php\/wp-json\/wp\/v2\/media?parent=161675"}],"wp:term":[{"taxonomy":"category","embeddable":true,"href":"https:\/\/diariotextual.com\/inicio\/index.php\/wp-json\/wp\/v2\/categories?post=161675"},{"taxonomy":"post_tag","embeddable":true,"href":"https:\/\/diariotextual.com\/inicio\/index.php\/wp-json\/wp\/v2\/tags?post=161675"}],"curies":[{"name":"wp","href":"https:\/\/api.w.org\/{rel}","templated":true}]}}