{"id":161954,"date":"2021-09-18T18:28:44","date_gmt":"2021-09-18T21:28:44","guid":{"rendered":"https:\/\/diariotextual.com\/inicio\/?p=161954"},"modified":"2021-09-18T20:58:06","modified_gmt":"2021-09-18T23:58:06","slug":"por-la-carne-se-cruzaron-en-la-expo-realico-la-ministra-gonzalez-y-el-presidente-de-carbap","status":"publish","type":"post","link":"https:\/\/diariotextual.com\/inicio\/index.php\/2021\/09\/18\/por-la-carne-se-cruzaron-en-la-expo-realico-la-ministra-gonzalez-y-el-presidente-de-carbap\/","title":{"rendered":"Ahora en Realic\u00f3: otro cruce por la carne entre el Gobierno pampeano y Carbap"},"content":{"rendered":"\n<p>La ministra de la Producci\u00f3n de La Pampa, <strong>Fernanda Gonz\u00e1lez<\/strong>, fue a poner la cara a la Exposici\u00f3n Rural de Realic\u00f3 y recibi\u00f3 cuestionamientos por la posici\u00f3n del Gobierno pampeano ante el cierre parcial de las exportaciones de la carne. Tuvo que responderle a la presidenta de la Asociaci\u00f3n Rural de Realic\u00f3, <strong>Patricia Bongiovanni<\/strong>, y al presidente de la Confederaci\u00f3n de Asociaciones Rurales de Buenos Aires y La Pampa (Carbap), <strong>Horacio Salaverri<\/strong>.<\/p>\n\n\n\n<p>El Gobierno nacional, frente al aumento de los precios de la carne del 70% -es decir, muy por encima de la inflaci\u00f3n-, impuso un tope de exportaci\u00f3n. Con esa medida, en julio y agosto no solo fren\u00f3 los aumentos en el mostrador: tambi\u00e9n se registraron leves bajas.<\/p>\n\n\n\n<p><strong>El Gobierno de Sergio Ziliotto, si bien preocupado por la posible afectaci\u00f3n que podr\u00eda tener en los puestos de trabajo si se mantiene en el tiempo la medida, no ha cuestionado la decisi\u00f3n de Alberto Fern\u00e1ndez. \u00abDebemos gobernar para todos\u00bb, lleg\u00f3 a decir. Por eso se espera que los funcionarios reciban cr\u00edticas por este punto en todas las exposiciones rurales que se realicen de ahora en m\u00e1s.<\/strong><\/p>\n\n\n\n<p>Por lo pronto, en el acto que se desarroll\u00f3 poco despu\u00e9s del mediod\u00eda en Realic\u00f3 tambi\u00e9n estuvieron la intendenta municipal Viviana Bongiovanni; el diputado Facundo Sola; el jefe comunal de Maisonnave, Luis Bertero; y el subsecretario de Asuntos Agrarios, Ricardo Baraldi.<\/p>\n\n\n\n<p>Bongiovanni, la anfitriona, cuestion\u00f3 la pol\u00edtica ganadera. \u201cSomos muy cr\u00edticos con las medidas tomadas por el Gobierno nacional y avaladas por el Gobierno Provincial, donde no se consideran en primer lugar los intereses de los recursos de la provincia, sino la afinidad pol\u00edtica hacia el Gobierno central, siendo La Pampa una provincia netamente ganadera, consideramos que con esta medida pierden todos los actores de la cadena c\u00e1rnica\u201d, dijo, seg\u00fan reprodujo el portal <strong><a href=\"https:\/\/infotecrealico.com.ar\/contenido\/38024\/video-quedo-inaugurada-la-66-exposicion-rural-de-realico-con-la-presencia-de-la-\" target=\"_blank\" rel=\"noreferrer noopener\">Infotec<\/a><\/strong>.<\/p>\n\n\n\n<p>Posteriormente fue el turno de Salaverri. \u201cLa Argentina ven\u00eda recuperando mercados y hoy est\u00e1 desaparecida\u201d, sostuvo. \u201cDentro de los mercados del mundo volvemos a estar en el ostracismo lamentablemente. \u201c<strong>Estas restricciones son a todas luces incomprensibles<\/strong>. Es algo que es inentendible en un pa\u00eds como Argentina pueda decir hoy exporto la mitad de carne, cumplo o no cumplo con los compromisos. Yo no ver\u00eda a un productor de petr\u00f3leo del mundo \u00e1rabe diciendo no voy a exportar m\u00e1s petr\u00f3leo, no ver\u00eda a un productor de China diciendo no voy a exportar m\u00e1s tecnolog\u00eda, no ver\u00eda a Ecuador diciendo no exportamos m\u00e1s bananas, porque es inentendible, y lo que nos pasa a nosotros es inentendible\u201d, enumer\u00f3.<\/p>\n\n\n\n<p>\u201cHab\u00edamos recuperado una cantidad de mercados, hab\u00edamos recuperado 400.000 puestos de trabajo, y una ma\u00f1ana baja el presidente de un avi\u00f3n y le dice a los frigor\u00edficos, no exportamos este mes\u201d, sostuvo el dirigente.<\/p>\n\n\n\n<p>Adem\u00e1s, tuvo p\u00e1rrafos para los gobernadores Sergio Ziliotto y Axel Kicillof. \u201cMas all\u00e1 del inter\u00e9s partidario est\u00e1 el inter\u00e9s de los pampeanos y de los bonaerenses, que eso es lo que debe interpretar un gobernador, a qui\u00e9n representa un gobernador, a la afinidad pol\u00edtica del presidente?\u201d, se pregunt\u00f3. \u00abNo, a los que lo votaron, y a los que no lo votaron tambi\u00e9n, el gobernador tiene que sentarse ma\u00f1ana con el presidente y decirle que esta medida no sirve. Pero no nos quejamos los productores solos, esto nos afecta a todos, y los que m\u00e1s pierden son los trabajadores\u201d, finaliz\u00f3.<\/p>\n\n\n\n<p>La ministra de la Producci\u00f3n sali\u00f3 a cruzarlos, principalmente al presidente de Carbap.<strong> \u201cEl gobernador es de todos los pampeanos, no es de los que lo votaron o no, es un gobernador de todos<\/strong>\u201d, dijo.<\/p>\n\n\n\n<p>La ministra destac\u00f3 que siempre es una \u00abgran satisfacci\u00f3n\u00bb participar de este evento, al que se ha sumado en diferentes oportunidades, un espacio donde todos los sectores confluyen y tienen la posibilidad de opinar, debatir, y acompa\u00f1ar a los protagonistas m\u00e1s importantes como son productores y caba\u00f1eros. \u201cRealmente la considero una casa amiga. Fundamentalmente quiero saludar a los principales protagonistas que est\u00e1n hoy ac\u00e1 que son los productores agropecuarios, caba\u00f1eros, que nos vienen a mostrar, a concursar y visibilizar toda la gen\u00e9tica pampeana, el trabajo y esfuerzo de a\u00f1os\u201d, expres\u00f3 la funcionaria.<br><\/p>\n\n\n\n<p>A su vez resalt\u00f3 la importancia de la Mesa Agropecuaria. \u00abAll\u00ed todas las voces tienen su lugar, generando acciones que respondan a las necesidades del sector pero siempre con una mirada que abarque a todos los pampeanos y pampeanas\u00bb, dijo.<br><\/p>\n\n\n\n<p>Destac\u00f3 la importancia de un \u201cEstado presente\u201d que gener\u00f3 diversas herramientas, principalmente financieras para el sector agropecuario, destacando los nuevos beneficios de Fogapam y la importancia de contar con el Banco de La Pampa. En cuanto a financiamiento, de lo que va del a\u00f1o se han otorgado m\u00e1s de 3000 millones de pesos en las distintas l\u00edneas, de los cuales 800 millones han sido para el sector del campo. \u201cEstoy convencida que es una provincia donde Estado y privados llevamos adelante las acciones m\u00e1s eficientes para mejorar la producci\u00f3n, un ejemplo de ello es nuestro Plan Ganadero, reflejo de un trabajo articulado que permite hoy contar con mejores porcentajes de producci\u00f3n y principalmente con un status sanitario \u00fanico en el pa\u00eds\u201d, explic\u00f3 a la Agencia Provincial de Noticias.<br><\/p>\n\n\n\n<p><\/p>\n\n\n\n<figure class=\"wp-block-embed is-type-wp-embed is-provider-diario-textual wp-block-embed-diario-textual\"><div class=\"wp-block-embed__wrapper\">\n<blockquote class=\"wp-embedded-content\" data-secret=\"PMmsbCmNIT\"><a href=\"https:\/\/diariotextual.com\/inicio\/index.php\/2021\/09\/06\/cruce-entre-carbap-y-el-gobernador-ziliotto-por-la-carne\/\">Cruce entre Carbap y el gobernador Ziliotto por la carne<\/a><\/blockquote><iframe class=\"wp-embedded-content\" sandbox=\"allow-scripts\" security=\"restricted\" style=\"position: absolute; clip: rect(1px, 1px, 1px, 1px);\" title=\"\u00abCruce entre Carbap y el gobernador Ziliotto por la carne\u00bb \u2014 Diario Textual\" src=\"https:\/\/diariotextual.com\/inicio\/index.php\/2021\/09\/06\/cruce-entre-carbap-y-el-gobernador-ziliotto-por-la-carne\/embed\/#?secret=PMmsbCmNIT\" data-secret=\"PMmsbCmNIT\" width=\"600\" height=\"338\" frameborder=\"0\" marginwidth=\"0\" marginheight=\"0\" scrolling=\"no\"><\/iframe>\n<\/div><\/figure>\n","protected":false},"excerpt":{"rendered":"<p>La ministra de la Producci\u00f3n de La Pampa, Fernanda Gonz\u00e1lez, fue a poner la cara a la Exposici\u00f3n Rural de Realic\u00f3 y recibi\u00f3 cuestionamientos por la posici\u00f3n del Gobierno pampeano&hellip;<\/p>\n","protected":false},"author":3,"featured_media":161956,"comment_status":"closed","ping_status":"open","sticky":false,"template":"","format":"standard","meta":{"_acf_changed":false,"footnotes":""},"categories":[10,20],"tags":[819],"class_list":["post-161954","post","type-post","status-publish","format-standard","has-post-thumbnail","hentry","category-portada-2","category-campo","tag-carne"],"acf":[],"yoast_head":"<!-- This site is optimized with the Yoast SEO plugin v27.5 - https:\/\/yoast.com\/product\/yoast-seo-wordpress\/ -->\n<title>Ahora en Realic\u00f3: otro cruce por la carne entre el Gobierno pampeano y Carbap - Diario Textual<\/title>\n<meta name=\"robots\" content=\"index, follow, max-snippet:-1, max-image-preview:large, max-video-preview:-1\" \/>\n<link rel=\"canonical\" href=\"https:\/\/diariotextual.com\/inicio\/index.php\/2021\/09\/18\/por-la-carne-se-cruzaron-en-la-expo-realico-la-ministra-gonzalez-y-el-presidente-de-carbap\/\" \/>\n<meta property=\"og:locale\" content=\"es_ES\" \/>\n<meta property=\"og:type\" content=\"article\" \/>\n<meta property=\"og:title\" content=\"Ahora en Realic\u00f3: otro cruce por la carne entre el Gobierno pampeano y Carbap - Diario Textual\" \/>\n<meta property=\"og:description\" content=\"La ministra de la Producci\u00f3n de La Pampa, Fernanda Gonz\u00e1lez, fue a poner la cara a la Exposici\u00f3n Rural de Realic\u00f3 y recibi\u00f3 cuestionamientos por la posici\u00f3n del Gobierno pampeano&hellip;\" \/>\n<meta property=\"og:url\" content=\"https:\/\/diariotextual.com\/inicio\/index.php\/2021\/09\/18\/por-la-carne-se-cruzaron-en-la-expo-realico-la-ministra-gonzalez-y-el-presidente-de-carbap\/\" \/>\n<meta property=\"og:site_name\" content=\"Diario Textual\" \/>\n<meta property=\"article:publisher\" content=\"https:\/\/www.facebook.com\/eltextual\" \/>\n<meta property=\"article:published_time\" content=\"2021-09-18T21:28:44+00:00\" \/>\n<meta property=\"article:modified_time\" content=\"2021-09-18T23:58:06+00:00\" \/>\n<meta property=\"og:image\" content=\"https:\/\/diariotextual.com\/inicio\/wp-content\/uploads\/2021\/09\/exporealicoinfotec2021-1.jpg\" \/>\n\t<meta property=\"og:image:width\" content=\"820\" \/>\n\t<meta property=\"og:image:height\" content=\"454\" \/>\n\t<meta property=\"og:image:type\" content=\"image\/jpeg\" \/>\n<meta name=\"author\" content=\"Diario1 Diario1\" \/>\n<meta name=\"twitter:card\" content=\"summary_large_image\" \/>\n<meta name=\"twitter:creator\" content=\"@eltextual\" \/>\n<meta name=\"twitter:site\" content=\"@eltextual\" \/>\n<meta name=\"twitter:label1\" content=\"Escrito por\" \/>\n\t<meta name=\"twitter:data1\" content=\"Diario1 Diario1\" \/>\n\t<meta name=\"twitter:label2\" content=\"Tiempo de lectura\" \/>\n\t<meta name=\"twitter:data2\" content=\"4 minutos\" \/>\n<script type=\"application\/ld+json\" class=\"yoast-schema-graph\">{\"@context\":\"https:\\\/\\\/schema.org\",\"@graph\":[{\"@type\":\"Article\",\"@id\":\"https:\\\/\\\/diariotextual.com\\\/inicio\\\/index.php\\\/2021\\\/09\\\/18\\\/por-la-carne-se-cruzaron-en-la-expo-realico-la-ministra-gonzalez-y-el-presidente-de-carbap\\\/#article\",\"isPartOf\":{\"@id\":\"https:\\\/\\\/diariotextual.com\\\/inicio\\\/index.php\\\/2021\\\/09\\\/18\\\/por-la-carne-se-cruzaron-en-la-expo-realico-la-ministra-gonzalez-y-el-presidente-de-carbap\\\/\"},\"author\":{\"name\":\"Diario1 Diario1\",\"@id\":\"https:\\\/\\\/diariotextual.com\\\/inicio\\\/#\\\/schema\\\/person\\\/418fc4093c33e86ed41562db3508f958\"},\"headline\":\"Ahora en Realic\u00f3: otro cruce por la carne entre el Gobierno pampeano y Carbap\",\"datePublished\":\"2021-09-18T21:28:44+00:00\",\"dateModified\":\"2021-09-18T23:58:06+00:00\",\"mainEntityOfPage\":{\"@id\":\"https:\\\/\\\/diariotextual.com\\\/inicio\\\/index.php\\\/2021\\\/09\\\/18\\\/por-la-carne-se-cruzaron-en-la-expo-realico-la-ministra-gonzalez-y-el-presidente-de-carbap\\\/\"},\"wordCount\":924,\"publisher\":{\"@id\":\"https:\\\/\\\/diariotextual.com\\\/inicio\\\/#organization\"},\"image\":{\"@id\":\"https:\\\/\\\/diariotextual.com\\\/inicio\\\/index.php\\\/2021\\\/09\\\/18\\\/por-la-carne-se-cruzaron-en-la-expo-realico-la-ministra-gonzalez-y-el-presidente-de-carbap\\\/#primaryimage\"},\"thumbnailUrl\":\"https:\\\/\\\/diariotextual.com\\\/inicio\\\/wp-content\\\/uploads\\\/2021\\\/09\\\/exporealicoinfotec2021-1.jpg\",\"keywords\":[\"carne\"],\"articleSection\":[\"A - PORTADA2\",\"CAMPO\"],\"inLanguage\":\"es\"},{\"@type\":\"WebPage\",\"@id\":\"https:\\\/\\\/diariotextual.com\\\/inicio\\\/index.php\\\/2021\\\/09\\\/18\\\/por-la-carne-se-cruzaron-en-la-expo-realico-la-ministra-gonzalez-y-el-presidente-de-carbap\\\/\",\"url\":\"https:\\\/\\\/diariotextual.com\\\/inicio\\\/index.php\\\/2021\\\/09\\\/18\\\/por-la-carne-se-cruzaron-en-la-expo-realico-la-ministra-gonzalez-y-el-presidente-de-carbap\\\/\",\"name\":\"Ahora en Realic\u00f3: otro cruce por la carne entre el Gobierno pampeano y Carbap - Diario Textual\",\"isPartOf\":{\"@id\":\"https:\\\/\\\/diariotextual.com\\\/inicio\\\/#website\"},\"primaryImageOfPage\":{\"@id\":\"https:\\\/\\\/diariotextual.com\\\/inicio\\\/index.php\\\/2021\\\/09\\\/18\\\/por-la-carne-se-cruzaron-en-la-expo-realico-la-ministra-gonzalez-y-el-presidente-de-carbap\\\/#primaryimage\"},\"image\":{\"@id\":\"https:\\\/\\\/diariotextual.com\\\/inicio\\\/index.php\\\/2021\\\/09\\\/18\\\/por-la-carne-se-cruzaron-en-la-expo-realico-la-ministra-gonzalez-y-el-presidente-de-carbap\\\/#primaryimage\"},\"thumbnailUrl\":\"https:\\\/\\\/diariotextual.com\\\/inicio\\\/wp-content\\\/uploads\\\/2021\\\/09\\\/exporealicoinfotec2021-1.jpg\",\"datePublished\":\"2021-09-18T21:28:44+00:00\",\"dateModified\":\"2021-09-18T23:58:06+00:00\",\"breadcrumb\":{\"@id\":\"https:\\\/\\\/diariotextual.com\\\/inicio\\\/index.php\\\/2021\\\/09\\\/18\\\/por-la-carne-se-cruzaron-en-la-expo-realico-la-ministra-gonzalez-y-el-presidente-de-carbap\\\/#breadcrumb\"},\"inLanguage\":\"es\",\"potentialAction\":[{\"@type\":\"ReadAction\",\"target\":[\"https:\\\/\\\/diariotextual.com\\\/inicio\\\/index.php\\\/2021\\\/09\\\/18\\\/por-la-carne-se-cruzaron-en-la-expo-realico-la-ministra-gonzalez-y-el-presidente-de-carbap\\\/\"]}]},{\"@type\":\"ImageObject\",\"inLanguage\":\"es\",\"@id\":\"https:\\\/\\\/diariotextual.com\\\/inicio\\\/index.php\\\/2021\\\/09\\\/18\\\/por-la-carne-se-cruzaron-en-la-expo-realico-la-ministra-gonzalez-y-el-presidente-de-carbap\\\/#primaryimage\",\"url\":\"https:\\\/\\\/diariotextual.com\\\/inicio\\\/wp-content\\\/uploads\\\/2021\\\/09\\\/exporealicoinfotec2021-1.jpg\",\"contentUrl\":\"https:\\\/\\\/diariotextual.com\\\/inicio\\\/wp-content\\\/uploads\\\/2021\\\/09\\\/exporealicoinfotec2021-1.jpg\",\"width\":820,\"height\":454},{\"@type\":\"BreadcrumbList\",\"@id\":\"https:\\\/\\\/diariotextual.com\\\/inicio\\\/index.php\\\/2021\\\/09\\\/18\\\/por-la-carne-se-cruzaron-en-la-expo-realico-la-ministra-gonzalez-y-el-presidente-de-carbap\\\/#breadcrumb\",\"itemListElement\":[{\"@type\":\"ListItem\",\"position\":1,\"name\":\"Portada\",\"item\":\"https:\\\/\\\/diariotextual.com\\\/inicio\\\/\"},{\"@type\":\"ListItem\",\"position\":2,\"name\":\"Ahora en Realic\u00f3: otro cruce por la carne entre el Gobierno pampeano y Carbap\"}]},{\"@type\":\"WebSite\",\"@id\":\"https:\\\/\\\/diariotextual.com\\\/inicio\\\/#website\",\"url\":\"https:\\\/\\\/diariotextual.com\\\/inicio\\\/\",\"name\":\"Diario Textual\",\"description\":\"\",\"publisher\":{\"@id\":\"https:\\\/\\\/diariotextual.com\\\/inicio\\\/#organization\"},\"potentialAction\":[{\"@type\":\"SearchAction\",\"target\":{\"@type\":\"EntryPoint\",\"urlTemplate\":\"https:\\\/\\\/diariotextual.com\\\/inicio\\\/?s={search_term_string}\"},\"query-input\":{\"@type\":\"PropertyValueSpecification\",\"valueRequired\":true,\"valueName\":\"search_term_string\"}}],\"inLanguage\":\"es\"},{\"@type\":\"Organization\",\"@id\":\"https:\\\/\\\/diariotextual.com\\\/inicio\\\/#organization\",\"name\":\"Diario Textual\",\"url\":\"https:\\\/\\\/diariotextual.com\\\/inicio\\\/\",\"logo\":{\"@type\":\"ImageObject\",\"inLanguage\":\"es\",\"@id\":\"https:\\\/\\\/diariotextual.com\\\/inicio\\\/#\\\/schema\\\/logo\\\/image\\\/\",\"url\":\"https:\\\/\\\/diariotextual.com\\\/inicio\\\/wp-content\\\/uploads\\\/2023\\\/05\\\/logotextual1.jpg\",\"contentUrl\":\"https:\\\/\\\/diariotextual.com\\\/inicio\\\/wp-content\\\/uploads\\\/2023\\\/05\\\/logotextual1.jpg\",\"width\":516,\"height\":76,\"caption\":\"Diario Textual\"},\"image\":{\"@id\":\"https:\\\/\\\/diariotextual.com\\\/inicio\\\/#\\\/schema\\\/logo\\\/image\\\/\"},\"sameAs\":[\"https:\\\/\\\/www.facebook.com\\\/eltextual\",\"https:\\\/\\\/x.com\\\/eltextual\",\"http:\\\/\\\/www.instagram.com\\\/eltextual\"]},{\"@type\":\"Person\",\"@id\":\"https:\\\/\\\/diariotextual.com\\\/inicio\\\/#\\\/schema\\\/person\\\/418fc4093c33e86ed41562db3508f958\",\"name\":\"Diario1 Diario1\",\"image\":{\"@type\":\"ImageObject\",\"inLanguage\":\"es\",\"@id\":\"https:\\\/\\\/secure.gravatar.com\\\/avatar\\\/9167d280179c85bc18be67aa7eda765854300033af4896dd779b608640f2ef7a?s=96&d=mm&r=g\",\"url\":\"https:\\\/\\\/secure.gravatar.com\\\/avatar\\\/9167d280179c85bc18be67aa7eda765854300033af4896dd779b608640f2ef7a?s=96&d=mm&r=g\",\"contentUrl\":\"https:\\\/\\\/secure.gravatar.com\\\/avatar\\\/9167d280179c85bc18be67aa7eda765854300033af4896dd779b608640f2ef7a?s=96&d=mm&r=g\",\"caption\":\"Diario1 Diario1\"},\"url\":\"https:\\\/\\\/diariotextual.com\\\/inicio\\\/index.php\\\/author\\\/diario1\\\/\"}]}<\/script>\n<!-- \/ Yoast SEO plugin. -->","yoast_head_json":{"title":"Ahora en Realic\u00f3: otro cruce por la carne entre el Gobierno pampeano y Carbap - Diario Textual","robots":{"index":"index","follow":"follow","max-snippet":"max-snippet:-1","max-image-preview":"max-image-preview:large","max-video-preview":"max-video-preview:-1"},"canonical":"https:\/\/diariotextual.com\/inicio\/index.php\/2021\/09\/18\/por-la-carne-se-cruzaron-en-la-expo-realico-la-ministra-gonzalez-y-el-presidente-de-carbap\/","og_locale":"es_ES","og_type":"article","og_title":"Ahora en Realic\u00f3: otro cruce por la carne entre el Gobierno pampeano y Carbap - Diario Textual","og_description":"La ministra de la Producci\u00f3n de La Pampa, Fernanda Gonz\u00e1lez, fue a poner la cara a la Exposici\u00f3n Rural de Realic\u00f3 y recibi\u00f3 cuestionamientos por la posici\u00f3n del Gobierno pampeano&hellip;","og_url":"https:\/\/diariotextual.com\/inicio\/index.php\/2021\/09\/18\/por-la-carne-se-cruzaron-en-la-expo-realico-la-ministra-gonzalez-y-el-presidente-de-carbap\/","og_site_name":"Diario Textual","article_publisher":"https:\/\/www.facebook.com\/eltextual","article_published_time":"2021-09-18T21:28:44+00:00","article_modified_time":"2021-09-18T23:58:06+00:00","og_image":[{"width":820,"height":454,"url":"https:\/\/diariotextual.com\/inicio\/wp-content\/uploads\/2021\/09\/exporealicoinfotec2021-1.jpg","type":"image\/jpeg"}],"author":"Diario1 Diario1","twitter_card":"summary_large_image","twitter_creator":"@eltextual","twitter_site":"@eltextual","twitter_misc":{"Escrito por":"Diario1 Diario1","Tiempo de lectura":"4 minutos"},"schema":{"@context":"https:\/\/schema.org","@graph":[{"@type":"Article","@id":"https:\/\/diariotextual.com\/inicio\/index.php\/2021\/09\/18\/por-la-carne-se-cruzaron-en-la-expo-realico-la-ministra-gonzalez-y-el-presidente-de-carbap\/#article","isPartOf":{"@id":"https:\/\/diariotextual.com\/inicio\/index.php\/2021\/09\/18\/por-la-carne-se-cruzaron-en-la-expo-realico-la-ministra-gonzalez-y-el-presidente-de-carbap\/"},"author":{"name":"Diario1 Diario1","@id":"https:\/\/diariotextual.com\/inicio\/#\/schema\/person\/418fc4093c33e86ed41562db3508f958"},"headline":"Ahora en Realic\u00f3: otro cruce por la carne entre el Gobierno pampeano y Carbap","datePublished":"2021-09-18T21:28:44+00:00","dateModified":"2021-09-18T23:58:06+00:00","mainEntityOfPage":{"@id":"https:\/\/diariotextual.com\/inicio\/index.php\/2021\/09\/18\/por-la-carne-se-cruzaron-en-la-expo-realico-la-ministra-gonzalez-y-el-presidente-de-carbap\/"},"wordCount":924,"publisher":{"@id":"https:\/\/diariotextual.com\/inicio\/#organization"},"image":{"@id":"https:\/\/diariotextual.com\/inicio\/index.php\/2021\/09\/18\/por-la-carne-se-cruzaron-en-la-expo-realico-la-ministra-gonzalez-y-el-presidente-de-carbap\/#primaryimage"},"thumbnailUrl":"https:\/\/diariotextual.com\/inicio\/wp-content\/uploads\/2021\/09\/exporealicoinfotec2021-1.jpg","keywords":["carne"],"articleSection":["A - PORTADA2","CAMPO"],"inLanguage":"es"},{"@type":"WebPage","@id":"https:\/\/diariotextual.com\/inicio\/index.php\/2021\/09\/18\/por-la-carne-se-cruzaron-en-la-expo-realico-la-ministra-gonzalez-y-el-presidente-de-carbap\/","url":"https:\/\/diariotextual.com\/inicio\/index.php\/2021\/09\/18\/por-la-carne-se-cruzaron-en-la-expo-realico-la-ministra-gonzalez-y-el-presidente-de-carbap\/","name":"Ahora en Realic\u00f3: otro cruce por la carne entre el Gobierno pampeano y Carbap - Diario Textual","isPartOf":{"@id":"https:\/\/diariotextual.com\/inicio\/#website"},"primaryImageOfPage":{"@id":"https:\/\/diariotextual.com\/inicio\/index.php\/2021\/09\/18\/por-la-carne-se-cruzaron-en-la-expo-realico-la-ministra-gonzalez-y-el-presidente-de-carbap\/#primaryimage"},"image":{"@id":"https:\/\/diariotextual.com\/inicio\/index.php\/2021\/09\/18\/por-la-carne-se-cruzaron-en-la-expo-realico-la-ministra-gonzalez-y-el-presidente-de-carbap\/#primaryimage"},"thumbnailUrl":"https:\/\/diariotextual.com\/inicio\/wp-content\/uploads\/2021\/09\/exporealicoinfotec2021-1.jpg","datePublished":"2021-09-18T21:28:44+00:00","dateModified":"2021-09-18T23:58:06+00:00","breadcrumb":{"@id":"https:\/\/diariotextual.com\/inicio\/index.php\/2021\/09\/18\/por-la-carne-se-cruzaron-en-la-expo-realico-la-ministra-gonzalez-y-el-presidente-de-carbap\/#breadcrumb"},"inLanguage":"es","potentialAction":[{"@type":"ReadAction","target":["https:\/\/diariotextual.com\/inicio\/index.php\/2021\/09\/18\/por-la-carne-se-cruzaron-en-la-expo-realico-la-ministra-gonzalez-y-el-presidente-de-carbap\/"]}]},{"@type":"ImageObject","inLanguage":"es","@id":"https:\/\/diariotextual.com\/inicio\/index.php\/2021\/09\/18\/por-la-carne-se-cruzaron-en-la-expo-realico-la-ministra-gonzalez-y-el-presidente-de-carbap\/#primaryimage","url":"https:\/\/diariotextual.com\/inicio\/wp-content\/uploads\/2021\/09\/exporealicoinfotec2021-1.jpg","contentUrl":"https:\/\/diariotextual.com\/inicio\/wp-content\/uploads\/2021\/09\/exporealicoinfotec2021-1.jpg","width":820,"height":454},{"@type":"BreadcrumbList","@id":"https:\/\/diariotextual.com\/inicio\/index.php\/2021\/09\/18\/por-la-carne-se-cruzaron-en-la-expo-realico-la-ministra-gonzalez-y-el-presidente-de-carbap\/#breadcrumb","itemListElement":[{"@type":"ListItem","position":1,"name":"Portada","item":"https:\/\/diariotextual.com\/inicio\/"},{"@type":"ListItem","position":2,"name":"Ahora en Realic\u00f3: otro cruce por la carne entre el Gobierno pampeano y Carbap"}]},{"@type":"WebSite","@id":"https:\/\/diariotextual.com\/inicio\/#website","url":"https:\/\/diariotextual.com\/inicio\/","name":"Diario Textual","description":"","publisher":{"@id":"https:\/\/diariotextual.com\/inicio\/#organization"},"potentialAction":[{"@type":"SearchAction","target":{"@type":"EntryPoint","urlTemplate":"https:\/\/diariotextual.com\/inicio\/?s={search_term_string}"},"query-input":{"@type":"PropertyValueSpecification","valueRequired":true,"valueName":"search_term_string"}}],"inLanguage":"es"},{"@type":"Organization","@id":"https:\/\/diariotextual.com\/inicio\/#organization","name":"Diario Textual","url":"https:\/\/diariotextual.com\/inicio\/","logo":{"@type":"ImageObject","inLanguage":"es","@id":"https:\/\/diariotextual.com\/inicio\/#\/schema\/logo\/image\/","url":"https:\/\/diariotextual.com\/inicio\/wp-content\/uploads\/2023\/05\/logotextual1.jpg","contentUrl":"https:\/\/diariotextual.com\/inicio\/wp-content\/uploads\/2023\/05\/logotextual1.jpg","width":516,"height":76,"caption":"Diario Textual"},"image":{"@id":"https:\/\/diariotextual.com\/inicio\/#\/schema\/logo\/image\/"},"sameAs":["https:\/\/www.facebook.com\/eltextual","https:\/\/x.com\/eltextual","http:\/\/www.instagram.com\/eltextual"]},{"@type":"Person","@id":"https:\/\/diariotextual.com\/inicio\/#\/schema\/person\/418fc4093c33e86ed41562db3508f958","name":"Diario1 Diario1","image":{"@type":"ImageObject","inLanguage":"es","@id":"https:\/\/secure.gravatar.com\/avatar\/9167d280179c85bc18be67aa7eda765854300033af4896dd779b608640f2ef7a?s=96&d=mm&r=g","url":"https:\/\/secure.gravatar.com\/avatar\/9167d280179c85bc18be67aa7eda765854300033af4896dd779b608640f2ef7a?s=96&d=mm&r=g","contentUrl":"https:\/\/secure.gravatar.com\/avatar\/9167d280179c85bc18be67aa7eda765854300033af4896dd779b608640f2ef7a?s=96&d=mm&r=g","caption":"Diario1 Diario1"},"url":"https:\/\/diariotextual.com\/inicio\/index.php\/author\/diario1\/"}]}},"_links":{"self":[{"href":"https:\/\/diariotextual.com\/inicio\/index.php\/wp-json\/wp\/v2\/posts\/161954","targetHints":{"allow":["GET"]}}],"collection":[{"href":"https:\/\/diariotextual.com\/inicio\/index.php\/wp-json\/wp\/v2\/posts"}],"about":[{"href":"https:\/\/diariotextual.com\/inicio\/index.php\/wp-json\/wp\/v2\/types\/post"}],"author":[{"embeddable":true,"href":"https:\/\/diariotextual.com\/inicio\/index.php\/wp-json\/wp\/v2\/users\/3"}],"replies":[{"embeddable":true,"href":"https:\/\/diariotextual.com\/inicio\/index.php\/wp-json\/wp\/v2\/comments?post=161954"}],"version-history":[{"count":7,"href":"https:\/\/diariotextual.com\/inicio\/index.php\/wp-json\/wp\/v2\/posts\/161954\/revisions"}],"predecessor-version":[{"id":161989,"href":"https:\/\/diariotextual.com\/inicio\/index.php\/wp-json\/wp\/v2\/posts\/161954\/revisions\/161989"}],"wp:featuredmedia":[{"embeddable":true,"href":"https:\/\/diariotextual.com\/inicio\/index.php\/wp-json\/wp\/v2\/media\/161956"}],"wp:attachment":[{"href":"https:\/\/diariotextual.com\/inicio\/index.php\/wp-json\/wp\/v2\/media?parent=161954"}],"wp:term":[{"taxonomy":"category","embeddable":true,"href":"https:\/\/diariotextual.com\/inicio\/index.php\/wp-json\/wp\/v2\/categories?post=161954"},{"taxonomy":"post_tag","embeddable":true,"href":"https:\/\/diariotextual.com\/inicio\/index.php\/wp-json\/wp\/v2\/tags?post=161954"}],"curies":[{"name":"wp","href":"https:\/\/api.w.org\/{rel}","templated":true}]}}