{"id":161972,"date":"2021-09-18T19:19:04","date_gmt":"2021-09-18T22:19:04","guid":{"rendered":"https:\/\/diariotextual.com\/inicio\/?p=161972"},"modified":"2021-09-19T07:06:17","modified_gmt":"2021-09-19T10:06:17","slug":"la-pampa-suma-dos-areas-protegidas-de-90-mil-hectareas-de-lagunas-y-humedales","status":"publish","type":"post","link":"https:\/\/diariotextual.com\/inicio\/index.php\/2021\/09\/18\/la-pampa-suma-dos-areas-protegidas-de-90-mil-hectareas-de-lagunas-y-humedales\/","title":{"rendered":"La Pampa suma dos \u00e1reas protegidas de 90 mil hect\u00e1reas de lagunas y humedales"},"content":{"rendered":"\n<p>El Gobierno Provincial, a trav\u00e9s de la Subsecretar\u00eda de Ambiente, impulsar\u00e1 un programa de ordenamiento y revalorizaci\u00f3n integral de los extensos ba\u00f1ados que los r\u00edos Atuel y Salado-Chadileuv\u00fa-Curac\u00f3 formaban en el oeste provincial. De esta forma, la Provincia avanza en el ordenamiento sus \u00e1reas de conservaci\u00f3n, vitales para la restauraci\u00f3n del ecosistema del oeste pampeano, mientras aguarda que se haga efectivo el fallo de la Corte Suprema que establece un caudal m\u00ednimo inicial de 3,2 mts3\/s en territorio pampeano.<br><br>El proyecto inicialmente contempla la ampliaci\u00f3n de las \u00e1reas de protecci\u00f3n, enviando a la C\u00e1mara de Diputados la propuesta de creaci\u00f3n de dos nuevas \u00e1reas protegidas: la\u00a0<strong>Reserva Provincial Laguna El Uncal<\/strong>, un valioso ba\u00f1ado natural de 10.000 hect\u00e1reas, de trascendental importancia ecosist\u00e9mica. La hermos\u00edsima laguna es el cuenco receptor del arroyo de La Barda, actualmente el \u00fanico brazo activo del r\u00edo Atuel en nuestra provincia.<br><br>La segunda \u00e1rea protegida propone incorporar una importante zona de humedales de final de cuenca, en cercan\u00edas del\u00a0<strong>Parque Nacional Lihue Calel<\/strong>. La futura\u00a0<strong>Reserva Provincial K\u00fala Lauquen<\/strong>, de unas 79.000 hect\u00e1reas, incluye una serie de \u00e1reas inundables con tres cuencos bien definidos: las lagunas Urre Lauquen, Dulce y Amarga, que, en per\u00edodos de actividad, albergan una important\u00edsima biodiversidad, especialmente de aves acu\u00e1ticas.<br><br>De esta forma quedar\u00eda conformado un extenso corredor de protecci\u00f3n de humedales de m\u00e1s de 200.000 hect\u00e1reas constituidos por los bloques de protecci\u00f3n que conforman Laguna El Uncal, \u00d1ochilei Co, Salitral Encantado y K\u00fcla Lauquen.<\/p>\n\n\n\n<p><\/p>\n","protected":false},"excerpt":{"rendered":"<p>El Gobierno Provincial, a trav\u00e9s de la Subsecretar\u00eda de Ambiente, impulsar\u00e1 un programa de ordenamiento y revalorizaci\u00f3n integral de los extensos ba\u00f1ados que los r\u00edos Atuel y Salado-Chadileuv\u00fa-Curac\u00f3 formaban en&hellip;<\/p>\n","protected":false},"author":3,"featured_media":161973,"comment_status":"closed","ping_status":"open","sticky":false,"template":"","format":"standard","meta":{"_acf_changed":false,"footnotes":""},"categories":[10,12],"tags":[],"class_list":["post-161972","post","type-post","status-publish","format-standard","has-post-thumbnail","hentry","category-portada-2","category-sociedad"],"acf":[],"yoast_head":"<!-- This site is optimized with the Yoast SEO plugin v27.5 - https:\/\/yoast.com\/product\/yoast-seo-wordpress\/ -->\n<title>La Pampa suma dos \u00e1reas protegidas de 90 mil hect\u00e1reas de lagunas y humedales - Diario Textual<\/title>\n<meta name=\"robots\" content=\"index, follow, max-snippet:-1, max-image-preview:large, max-video-preview:-1\" \/>\n<link rel=\"canonical\" href=\"https:\/\/diariotextual.com\/inicio\/index.php\/2021\/09\/18\/la-pampa-suma-dos-areas-protegidas-de-90-mil-hectareas-de-lagunas-y-humedales\/\" \/>\n<meta property=\"og:locale\" content=\"es_ES\" \/>\n<meta property=\"og:type\" content=\"article\" \/>\n<meta property=\"og:title\" content=\"La Pampa suma dos \u00e1reas protegidas de 90 mil hect\u00e1reas de lagunas y humedales - Diario Textual\" \/>\n<meta property=\"og:description\" content=\"El Gobierno Provincial, a trav\u00e9s de la Subsecretar\u00eda de Ambiente, impulsar\u00e1 un programa de ordenamiento y revalorizaci\u00f3n integral de los extensos ba\u00f1ados que los r\u00edos Atuel y Salado-Chadileuv\u00fa-Curac\u00f3 formaban en&hellip;\" \/>\n<meta property=\"og:url\" content=\"https:\/\/diariotextual.com\/inicio\/index.php\/2021\/09\/18\/la-pampa-suma-dos-areas-protegidas-de-90-mil-hectareas-de-lagunas-y-humedales\/\" \/>\n<meta property=\"og:site_name\" content=\"Diario Textual\" \/>\n<meta property=\"article:publisher\" content=\"https:\/\/www.facebook.com\/eltextual\" \/>\n<meta property=\"article:published_time\" content=\"2021-09-18T22:19:04+00:00\" \/>\n<meta property=\"article:modified_time\" content=\"2021-09-19T10:06:17+00:00\" \/>\n<meta property=\"og:image\" content=\"https:\/\/diariotextual.com\/inicio\/wp-content\/uploads\/2021\/09\/331010_whatsapp-image-2021-09-18-at-5.12.55-pm.jpeg\" \/>\n\t<meta property=\"og:image:width\" content=\"1134\" \/>\n\t<meta property=\"og:image:height\" content=\"753\" \/>\n\t<meta property=\"og:image:type\" content=\"image\/jpeg\" \/>\n<meta name=\"author\" content=\"Diario1 Diario1\" \/>\n<meta name=\"twitter:card\" content=\"summary_large_image\" \/>\n<meta name=\"twitter:creator\" content=\"@eltextual\" \/>\n<meta name=\"twitter:site\" content=\"@eltextual\" \/>\n<meta name=\"twitter:label1\" content=\"Escrito por\" \/>\n\t<meta name=\"twitter:data1\" content=\"Diario1 Diario1\" \/>\n\t<meta name=\"twitter:label2\" content=\"Tiempo de lectura\" \/>\n\t<meta name=\"twitter:data2\" content=\"2 minutos\" \/>\n<script type=\"application\/ld+json\" class=\"yoast-schema-graph\">{\"@context\":\"https:\\\/\\\/schema.org\",\"@graph\":[{\"@type\":\"Article\",\"@id\":\"https:\\\/\\\/diariotextual.com\\\/inicio\\\/index.php\\\/2021\\\/09\\\/18\\\/la-pampa-suma-dos-areas-protegidas-de-90-mil-hectareas-de-lagunas-y-humedales\\\/#article\",\"isPartOf\":{\"@id\":\"https:\\\/\\\/diariotextual.com\\\/inicio\\\/index.php\\\/2021\\\/09\\\/18\\\/la-pampa-suma-dos-areas-protegidas-de-90-mil-hectareas-de-lagunas-y-humedales\\\/\"},\"author\":{\"name\":\"Diario1 Diario1\",\"@id\":\"https:\\\/\\\/diariotextual.com\\\/inicio\\\/#\\\/schema\\\/person\\\/418fc4093c33e86ed41562db3508f958\"},\"headline\":\"La Pampa suma dos \u00e1reas protegidas de 90 mil hect\u00e1reas de lagunas y humedales\",\"datePublished\":\"2021-09-18T22:19:04+00:00\",\"dateModified\":\"2021-09-19T10:06:17+00:00\",\"mainEntityOfPage\":{\"@id\":\"https:\\\/\\\/diariotextual.com\\\/inicio\\\/index.php\\\/2021\\\/09\\\/18\\\/la-pampa-suma-dos-areas-protegidas-de-90-mil-hectareas-de-lagunas-y-humedales\\\/\"},\"wordCount\":284,\"publisher\":{\"@id\":\"https:\\\/\\\/diariotextual.com\\\/inicio\\\/#organization\"},\"image\":{\"@id\":\"https:\\\/\\\/diariotextual.com\\\/inicio\\\/index.php\\\/2021\\\/09\\\/18\\\/la-pampa-suma-dos-areas-protegidas-de-90-mil-hectareas-de-lagunas-y-humedales\\\/#primaryimage\"},\"thumbnailUrl\":\"https:\\\/\\\/diariotextual.com\\\/inicio\\\/wp-content\\\/uploads\\\/2021\\\/09\\\/331010_whatsapp-image-2021-09-18-at-5.12.55-pm.jpeg\",\"articleSection\":[\"A - PORTADA2\",\"SOCIEDAD\"],\"inLanguage\":\"es\"},{\"@type\":\"WebPage\",\"@id\":\"https:\\\/\\\/diariotextual.com\\\/inicio\\\/index.php\\\/2021\\\/09\\\/18\\\/la-pampa-suma-dos-areas-protegidas-de-90-mil-hectareas-de-lagunas-y-humedales\\\/\",\"url\":\"https:\\\/\\\/diariotextual.com\\\/inicio\\\/index.php\\\/2021\\\/09\\\/18\\\/la-pampa-suma-dos-areas-protegidas-de-90-mil-hectareas-de-lagunas-y-humedales\\\/\",\"name\":\"La Pampa suma dos \u00e1reas protegidas de 90 mil hect\u00e1reas de lagunas y humedales - Diario Textual\",\"isPartOf\":{\"@id\":\"https:\\\/\\\/diariotextual.com\\\/inicio\\\/#website\"},\"primaryImageOfPage\":{\"@id\":\"https:\\\/\\\/diariotextual.com\\\/inicio\\\/index.php\\\/2021\\\/09\\\/18\\\/la-pampa-suma-dos-areas-protegidas-de-90-mil-hectareas-de-lagunas-y-humedales\\\/#primaryimage\"},\"image\":{\"@id\":\"https:\\\/\\\/diariotextual.com\\\/inicio\\\/index.php\\\/2021\\\/09\\\/18\\\/la-pampa-suma-dos-areas-protegidas-de-90-mil-hectareas-de-lagunas-y-humedales\\\/#primaryimage\"},\"thumbnailUrl\":\"https:\\\/\\\/diariotextual.com\\\/inicio\\\/wp-content\\\/uploads\\\/2021\\\/09\\\/331010_whatsapp-image-2021-09-18-at-5.12.55-pm.jpeg\",\"datePublished\":\"2021-09-18T22:19:04+00:00\",\"dateModified\":\"2021-09-19T10:06:17+00:00\",\"breadcrumb\":{\"@id\":\"https:\\\/\\\/diariotextual.com\\\/inicio\\\/index.php\\\/2021\\\/09\\\/18\\\/la-pampa-suma-dos-areas-protegidas-de-90-mil-hectareas-de-lagunas-y-humedales\\\/#breadcrumb\"},\"inLanguage\":\"es\",\"potentialAction\":[{\"@type\":\"ReadAction\",\"target\":[\"https:\\\/\\\/diariotextual.com\\\/inicio\\\/index.php\\\/2021\\\/09\\\/18\\\/la-pampa-suma-dos-areas-protegidas-de-90-mil-hectareas-de-lagunas-y-humedales\\\/\"]}]},{\"@type\":\"ImageObject\",\"inLanguage\":\"es\",\"@id\":\"https:\\\/\\\/diariotextual.com\\\/inicio\\\/index.php\\\/2021\\\/09\\\/18\\\/la-pampa-suma-dos-areas-protegidas-de-90-mil-hectareas-de-lagunas-y-humedales\\\/#primaryimage\",\"url\":\"https:\\\/\\\/diariotextual.com\\\/inicio\\\/wp-content\\\/uploads\\\/2021\\\/09\\\/331010_whatsapp-image-2021-09-18-at-5.12.55-pm.jpeg\",\"contentUrl\":\"https:\\\/\\\/diariotextual.com\\\/inicio\\\/wp-content\\\/uploads\\\/2021\\\/09\\\/331010_whatsapp-image-2021-09-18-at-5.12.55-pm.jpeg\",\"width\":1134,\"height\":753},{\"@type\":\"BreadcrumbList\",\"@id\":\"https:\\\/\\\/diariotextual.com\\\/inicio\\\/index.php\\\/2021\\\/09\\\/18\\\/la-pampa-suma-dos-areas-protegidas-de-90-mil-hectareas-de-lagunas-y-humedales\\\/#breadcrumb\",\"itemListElement\":[{\"@type\":\"ListItem\",\"position\":1,\"name\":\"Portada\",\"item\":\"https:\\\/\\\/diariotextual.com\\\/inicio\\\/\"},{\"@type\":\"ListItem\",\"position\":2,\"name\":\"La Pampa suma dos \u00e1reas protegidas de 90 mil hect\u00e1reas de lagunas y humedales\"}]},{\"@type\":\"WebSite\",\"@id\":\"https:\\\/\\\/diariotextual.com\\\/inicio\\\/#website\",\"url\":\"https:\\\/\\\/diariotextual.com\\\/inicio\\\/\",\"name\":\"Diario Textual\",\"description\":\"\",\"publisher\":{\"@id\":\"https:\\\/\\\/diariotextual.com\\\/inicio\\\/#organization\"},\"potentialAction\":[{\"@type\":\"SearchAction\",\"target\":{\"@type\":\"EntryPoint\",\"urlTemplate\":\"https:\\\/\\\/diariotextual.com\\\/inicio\\\/?s={search_term_string}\"},\"query-input\":{\"@type\":\"PropertyValueSpecification\",\"valueRequired\":true,\"valueName\":\"search_term_string\"}}],\"inLanguage\":\"es\"},{\"@type\":\"Organization\",\"@id\":\"https:\\\/\\\/diariotextual.com\\\/inicio\\\/#organization\",\"name\":\"Diario Textual\",\"url\":\"https:\\\/\\\/diariotextual.com\\\/inicio\\\/\",\"logo\":{\"@type\":\"ImageObject\",\"inLanguage\":\"es\",\"@id\":\"https:\\\/\\\/diariotextual.com\\\/inicio\\\/#\\\/schema\\\/logo\\\/image\\\/\",\"url\":\"https:\\\/\\\/diariotextual.com\\\/inicio\\\/wp-content\\\/uploads\\\/2023\\\/05\\\/logotextual1.jpg\",\"contentUrl\":\"https:\\\/\\\/diariotextual.com\\\/inicio\\\/wp-content\\\/uploads\\\/2023\\\/05\\\/logotextual1.jpg\",\"width\":516,\"height\":76,\"caption\":\"Diario Textual\"},\"image\":{\"@id\":\"https:\\\/\\\/diariotextual.com\\\/inicio\\\/#\\\/schema\\\/logo\\\/image\\\/\"},\"sameAs\":[\"https:\\\/\\\/www.facebook.com\\\/eltextual\",\"https:\\\/\\\/x.com\\\/eltextual\",\"http:\\\/\\\/www.instagram.com\\\/eltextual\"]},{\"@type\":\"Person\",\"@id\":\"https:\\\/\\\/diariotextual.com\\\/inicio\\\/#\\\/schema\\\/person\\\/418fc4093c33e86ed41562db3508f958\",\"name\":\"Diario1 Diario1\",\"image\":{\"@type\":\"ImageObject\",\"inLanguage\":\"es\",\"@id\":\"https:\\\/\\\/secure.gravatar.com\\\/avatar\\\/9167d280179c85bc18be67aa7eda765854300033af4896dd779b608640f2ef7a?s=96&d=mm&r=g\",\"url\":\"https:\\\/\\\/secure.gravatar.com\\\/avatar\\\/9167d280179c85bc18be67aa7eda765854300033af4896dd779b608640f2ef7a?s=96&d=mm&r=g\",\"contentUrl\":\"https:\\\/\\\/secure.gravatar.com\\\/avatar\\\/9167d280179c85bc18be67aa7eda765854300033af4896dd779b608640f2ef7a?s=96&d=mm&r=g\",\"caption\":\"Diario1 Diario1\"},\"url\":\"https:\\\/\\\/diariotextual.com\\\/inicio\\\/index.php\\\/author\\\/diario1\\\/\"}]}<\/script>\n<!-- \/ Yoast SEO plugin. -->","yoast_head_json":{"title":"La Pampa suma dos \u00e1reas protegidas de 90 mil hect\u00e1reas de lagunas y humedales - Diario Textual","robots":{"index":"index","follow":"follow","max-snippet":"max-snippet:-1","max-image-preview":"max-image-preview:large","max-video-preview":"max-video-preview:-1"},"canonical":"https:\/\/diariotextual.com\/inicio\/index.php\/2021\/09\/18\/la-pampa-suma-dos-areas-protegidas-de-90-mil-hectareas-de-lagunas-y-humedales\/","og_locale":"es_ES","og_type":"article","og_title":"La Pampa suma dos \u00e1reas protegidas de 90 mil hect\u00e1reas de lagunas y humedales - Diario Textual","og_description":"El Gobierno Provincial, a trav\u00e9s de la Subsecretar\u00eda de Ambiente, impulsar\u00e1 un programa de ordenamiento y revalorizaci\u00f3n integral de los extensos ba\u00f1ados que los r\u00edos Atuel y Salado-Chadileuv\u00fa-Curac\u00f3 formaban en&hellip;","og_url":"https:\/\/diariotextual.com\/inicio\/index.php\/2021\/09\/18\/la-pampa-suma-dos-areas-protegidas-de-90-mil-hectareas-de-lagunas-y-humedales\/","og_site_name":"Diario Textual","article_publisher":"https:\/\/www.facebook.com\/eltextual","article_published_time":"2021-09-18T22:19:04+00:00","article_modified_time":"2021-09-19T10:06:17+00:00","og_image":[{"width":1134,"height":753,"url":"https:\/\/diariotextual.com\/inicio\/wp-content\/uploads\/2021\/09\/331010_whatsapp-image-2021-09-18-at-5.12.55-pm.jpeg","type":"image\/jpeg"}],"author":"Diario1 Diario1","twitter_card":"summary_large_image","twitter_creator":"@eltextual","twitter_site":"@eltextual","twitter_misc":{"Escrito por":"Diario1 Diario1","Tiempo de lectura":"2 minutos"},"schema":{"@context":"https:\/\/schema.org","@graph":[{"@type":"Article","@id":"https:\/\/diariotextual.com\/inicio\/index.php\/2021\/09\/18\/la-pampa-suma-dos-areas-protegidas-de-90-mil-hectareas-de-lagunas-y-humedales\/#article","isPartOf":{"@id":"https:\/\/diariotextual.com\/inicio\/index.php\/2021\/09\/18\/la-pampa-suma-dos-areas-protegidas-de-90-mil-hectareas-de-lagunas-y-humedales\/"},"author":{"name":"Diario1 Diario1","@id":"https:\/\/diariotextual.com\/inicio\/#\/schema\/person\/418fc4093c33e86ed41562db3508f958"},"headline":"La Pampa suma dos \u00e1reas protegidas de 90 mil hect\u00e1reas de lagunas y humedales","datePublished":"2021-09-18T22:19:04+00:00","dateModified":"2021-09-19T10:06:17+00:00","mainEntityOfPage":{"@id":"https:\/\/diariotextual.com\/inicio\/index.php\/2021\/09\/18\/la-pampa-suma-dos-areas-protegidas-de-90-mil-hectareas-de-lagunas-y-humedales\/"},"wordCount":284,"publisher":{"@id":"https:\/\/diariotextual.com\/inicio\/#organization"},"image":{"@id":"https:\/\/diariotextual.com\/inicio\/index.php\/2021\/09\/18\/la-pampa-suma-dos-areas-protegidas-de-90-mil-hectareas-de-lagunas-y-humedales\/#primaryimage"},"thumbnailUrl":"https:\/\/diariotextual.com\/inicio\/wp-content\/uploads\/2021\/09\/331010_whatsapp-image-2021-09-18-at-5.12.55-pm.jpeg","articleSection":["A - PORTADA2","SOCIEDAD"],"inLanguage":"es"},{"@type":"WebPage","@id":"https:\/\/diariotextual.com\/inicio\/index.php\/2021\/09\/18\/la-pampa-suma-dos-areas-protegidas-de-90-mil-hectareas-de-lagunas-y-humedales\/","url":"https:\/\/diariotextual.com\/inicio\/index.php\/2021\/09\/18\/la-pampa-suma-dos-areas-protegidas-de-90-mil-hectareas-de-lagunas-y-humedales\/","name":"La Pampa suma dos \u00e1reas protegidas de 90 mil hect\u00e1reas de lagunas y humedales - Diario Textual","isPartOf":{"@id":"https:\/\/diariotextual.com\/inicio\/#website"},"primaryImageOfPage":{"@id":"https:\/\/diariotextual.com\/inicio\/index.php\/2021\/09\/18\/la-pampa-suma-dos-areas-protegidas-de-90-mil-hectareas-de-lagunas-y-humedales\/#primaryimage"},"image":{"@id":"https:\/\/diariotextual.com\/inicio\/index.php\/2021\/09\/18\/la-pampa-suma-dos-areas-protegidas-de-90-mil-hectareas-de-lagunas-y-humedales\/#primaryimage"},"thumbnailUrl":"https:\/\/diariotextual.com\/inicio\/wp-content\/uploads\/2021\/09\/331010_whatsapp-image-2021-09-18-at-5.12.55-pm.jpeg","datePublished":"2021-09-18T22:19:04+00:00","dateModified":"2021-09-19T10:06:17+00:00","breadcrumb":{"@id":"https:\/\/diariotextual.com\/inicio\/index.php\/2021\/09\/18\/la-pampa-suma-dos-areas-protegidas-de-90-mil-hectareas-de-lagunas-y-humedales\/#breadcrumb"},"inLanguage":"es","potentialAction":[{"@type":"ReadAction","target":["https:\/\/diariotextual.com\/inicio\/index.php\/2021\/09\/18\/la-pampa-suma-dos-areas-protegidas-de-90-mil-hectareas-de-lagunas-y-humedales\/"]}]},{"@type":"ImageObject","inLanguage":"es","@id":"https:\/\/diariotextual.com\/inicio\/index.php\/2021\/09\/18\/la-pampa-suma-dos-areas-protegidas-de-90-mil-hectareas-de-lagunas-y-humedales\/#primaryimage","url":"https:\/\/diariotextual.com\/inicio\/wp-content\/uploads\/2021\/09\/331010_whatsapp-image-2021-09-18-at-5.12.55-pm.jpeg","contentUrl":"https:\/\/diariotextual.com\/inicio\/wp-content\/uploads\/2021\/09\/331010_whatsapp-image-2021-09-18-at-5.12.55-pm.jpeg","width":1134,"height":753},{"@type":"BreadcrumbList","@id":"https:\/\/diariotextual.com\/inicio\/index.php\/2021\/09\/18\/la-pampa-suma-dos-areas-protegidas-de-90-mil-hectareas-de-lagunas-y-humedales\/#breadcrumb","itemListElement":[{"@type":"ListItem","position":1,"name":"Portada","item":"https:\/\/diariotextual.com\/inicio\/"},{"@type":"ListItem","position":2,"name":"La Pampa suma dos \u00e1reas protegidas de 90 mil hect\u00e1reas de lagunas y humedales"}]},{"@type":"WebSite","@id":"https:\/\/diariotextual.com\/inicio\/#website","url":"https:\/\/diariotextual.com\/inicio\/","name":"Diario Textual","description":"","publisher":{"@id":"https:\/\/diariotextual.com\/inicio\/#organization"},"potentialAction":[{"@type":"SearchAction","target":{"@type":"EntryPoint","urlTemplate":"https:\/\/diariotextual.com\/inicio\/?s={search_term_string}"},"query-input":{"@type":"PropertyValueSpecification","valueRequired":true,"valueName":"search_term_string"}}],"inLanguage":"es"},{"@type":"Organization","@id":"https:\/\/diariotextual.com\/inicio\/#organization","name":"Diario Textual","url":"https:\/\/diariotextual.com\/inicio\/","logo":{"@type":"ImageObject","inLanguage":"es","@id":"https:\/\/diariotextual.com\/inicio\/#\/schema\/logo\/image\/","url":"https:\/\/diariotextual.com\/inicio\/wp-content\/uploads\/2023\/05\/logotextual1.jpg","contentUrl":"https:\/\/diariotextual.com\/inicio\/wp-content\/uploads\/2023\/05\/logotextual1.jpg","width":516,"height":76,"caption":"Diario Textual"},"image":{"@id":"https:\/\/diariotextual.com\/inicio\/#\/schema\/logo\/image\/"},"sameAs":["https:\/\/www.facebook.com\/eltextual","https:\/\/x.com\/eltextual","http:\/\/www.instagram.com\/eltextual"]},{"@type":"Person","@id":"https:\/\/diariotextual.com\/inicio\/#\/schema\/person\/418fc4093c33e86ed41562db3508f958","name":"Diario1 Diario1","image":{"@type":"ImageObject","inLanguage":"es","@id":"https:\/\/secure.gravatar.com\/avatar\/9167d280179c85bc18be67aa7eda765854300033af4896dd779b608640f2ef7a?s=96&d=mm&r=g","url":"https:\/\/secure.gravatar.com\/avatar\/9167d280179c85bc18be67aa7eda765854300033af4896dd779b608640f2ef7a?s=96&d=mm&r=g","contentUrl":"https:\/\/secure.gravatar.com\/avatar\/9167d280179c85bc18be67aa7eda765854300033af4896dd779b608640f2ef7a?s=96&d=mm&r=g","caption":"Diario1 Diario1"},"url":"https:\/\/diariotextual.com\/inicio\/index.php\/author\/diario1\/"}]}},"_links":{"self":[{"href":"https:\/\/diariotextual.com\/inicio\/index.php\/wp-json\/wp\/v2\/posts\/161972","targetHints":{"allow":["GET"]}}],"collection":[{"href":"https:\/\/diariotextual.com\/inicio\/index.php\/wp-json\/wp\/v2\/posts"}],"about":[{"href":"https:\/\/diariotextual.com\/inicio\/index.php\/wp-json\/wp\/v2\/types\/post"}],"author":[{"embeddable":true,"href":"https:\/\/diariotextual.com\/inicio\/index.php\/wp-json\/wp\/v2\/users\/3"}],"replies":[{"embeddable":true,"href":"https:\/\/diariotextual.com\/inicio\/index.php\/wp-json\/wp\/v2\/comments?post=161972"}],"version-history":[{"count":3,"href":"https:\/\/diariotextual.com\/inicio\/index.php\/wp-json\/wp\/v2\/posts\/161972\/revisions"}],"predecessor-version":[{"id":161977,"href":"https:\/\/diariotextual.com\/inicio\/index.php\/wp-json\/wp\/v2\/posts\/161972\/revisions\/161977"}],"wp:featuredmedia":[{"embeddable":true,"href":"https:\/\/diariotextual.com\/inicio\/index.php\/wp-json\/wp\/v2\/media\/161973"}],"wp:attachment":[{"href":"https:\/\/diariotextual.com\/inicio\/index.php\/wp-json\/wp\/v2\/media?parent=161972"}],"wp:term":[{"taxonomy":"category","embeddable":true,"href":"https:\/\/diariotextual.com\/inicio\/index.php\/wp-json\/wp\/v2\/categories?post=161972"},{"taxonomy":"post_tag","embeddable":true,"href":"https:\/\/diariotextual.com\/inicio\/index.php\/wp-json\/wp\/v2\/tags?post=161972"}],"curies":[{"name":"wp","href":"https:\/\/api.w.org\/{rel}","templated":true}]}}