{"id":162031,"date":"2021-09-19T20:23:33","date_gmt":"2021-09-19T23:23:33","guid":{"rendered":"https:\/\/diariotextual.com\/inicio\/?p=162031"},"modified":"2021-09-19T20:23:35","modified_gmt":"2021-09-19T23:23:35","slug":"kicillof-reformulo-su-equipo-de-gobierno-y-designo-a-insaurralde-como-jefe-de-gabinete","status":"publish","type":"post","link":"https:\/\/diariotextual.com\/inicio\/index.php\/2021\/09\/19\/kicillof-reformulo-su-equipo-de-gobierno-y-designo-a-insaurralde-como-jefe-de-gabinete\/","title":{"rendered":"Kicillof reformul\u00f3 su equipo de gobierno y design\u00f3 a Insaurralde como jefe de Gabinete"},"content":{"rendered":"\n<p>El gobernador bonaerense, Axel Kicillof, anunci\u00f3 hoy una reformulaci\u00f3n de su equipo de Gobierno y dispuso que<strong> el actual intendente de Lomas de Zamora, Mart\u00edn Insaurralde, sea su nuevo jefe de Gabinete<\/strong>, mientras<strong> el jefe comunal de Malvinas Argentinas, Leonardo Nardini, ser\u00e1 ministro de Infraestructura y la diputada nacional Cristina \u00c1lvarez Rodr\u00edguez tendr\u00e1 a su cargo el Ministerio de Gobierno<\/strong> provincial.<\/p>\n\n\n\n<p>\u201cVamos a tener que <strong>acelerar el Gobierno y agregarle m\u00e1s cercan\u00eda territorial para solucionar las dificultades<\/strong> de la vida cotidiana, recuperar ingresos y crear trabajo\u201d, dijo el gobernador bonaerense y agreg\u00f3: \u201cDan un renovado impulso para la etapa que viene, siempre pensando que <strong>a medida que aflojan los indicadores epidemiol\u00f3gicos, viene la reconstrucci\u00f3n, el renacimiento y la reactivaci\u00f3n\u201d<\/strong>.<\/p>\n\n\n\n<p>En tanto, <strong>Carlos Bianco -hasta hoy jefe de Gabinete- ser\u00e1 Jefe de Asesores del Gobierno y Agust\u00edn Simone -ministro de Infraestructura- tendr\u00e1 a su cargo el Instituto de la Vivienda.<\/strong><\/p>\n\n\n\n<p>En un comunicado, desde el Poder Ejecutivo bonaerense se precis\u00f3 que el gobernador de la provincia de Buenos Aires, Axel Kicillof, dispuso esta tarde la reformulaci\u00f3n del gabinete provincial de cara a la etapa de reconstrucci\u00f3n que comienza a partir de la pospandemia.<\/p>\n\n\n\n<p>Desde el Gobierno bonaerense se remarc\u00f3: \u201cCon el objetivo de fortalecer la gesti\u00f3n provincial para dar las respuestas necesarias a las y los bonaerenses, y en consonancia con el recambio realizado por el presidente Alberto Fern\u00e1ndez en el gabinete nacional, el Gobernador ha tomado estas determinaciones para que desde ma\u00f1ana mismo se ponga en marcha esta nueva etapa\u201d.<\/p>\n\n\n\n<p>En el mismo marco, Kicillof agradeci\u00f3 \u00abinmensamente el empe\u00f1o y la labor realizada por Teresa Garc\u00eda\u00bb, quien hasta hoy se desempe\u00f1aba como ministra de Gobierno.<\/p>\n\n\n\n<p>Los cambios en el gabinete de la provincia de Buenos Aires se concretaron dos d\u00edas despu\u00e9s de los implementados por Alberto Fern\u00e1ndez a nivel nacional.<\/p>\n","protected":false},"excerpt":{"rendered":"<p>El gobernador bonaerense, Axel Kicillof, anunci\u00f3 hoy una reformulaci\u00f3n de su equipo de Gobierno y dispuso que el actual intendente de Lomas de Zamora, Mart\u00edn Insaurralde, sea su nuevo jefe&hellip;<\/p>\n","protected":false},"author":5,"featured_media":162034,"comment_status":"closed","ping_status":"open","sticky":false,"template":"","format":"standard","meta":{"_acf_changed":false,"footnotes":""},"categories":[4,8],"tags":[],"class_list":["post-162031","post","type-post","status-publish","format-standard","has-post-thumbnail","hentry","category-destacadas","category-politica"],"acf":[],"yoast_head":"<!-- This site is optimized with the Yoast SEO plugin v27.5 - https:\/\/yoast.com\/product\/yoast-seo-wordpress\/ -->\n<title>Kicillof reformul\u00f3 su equipo de gobierno y design\u00f3 a Insaurralde como jefe de Gabinete - Diario Textual<\/title>\n<meta name=\"robots\" content=\"index, follow, max-snippet:-1, max-image-preview:large, max-video-preview:-1\" \/>\n<link rel=\"canonical\" href=\"https:\/\/diariotextual.com\/inicio\/index.php\/2021\/09\/19\/kicillof-reformulo-su-equipo-de-gobierno-y-designo-a-insaurralde-como-jefe-de-gabinete\/\" \/>\n<meta property=\"og:locale\" content=\"es_ES\" \/>\n<meta property=\"og:type\" content=\"article\" \/>\n<meta property=\"og:title\" content=\"Kicillof reformul\u00f3 su equipo de gobierno y design\u00f3 a Insaurralde como jefe de Gabinete - Diario Textual\" \/>\n<meta property=\"og:description\" content=\"El gobernador bonaerense, Axel Kicillof, anunci\u00f3 hoy una reformulaci\u00f3n de su equipo de Gobierno y dispuso que el actual intendente de Lomas de Zamora, Mart\u00edn Insaurralde, sea su nuevo jefe&hellip;\" \/>\n<meta property=\"og:url\" content=\"https:\/\/diariotextual.com\/inicio\/index.php\/2021\/09\/19\/kicillof-reformulo-su-equipo-de-gobierno-y-designo-a-insaurralde-como-jefe-de-gabinete\/\" \/>\n<meta property=\"og:site_name\" content=\"Diario Textual\" \/>\n<meta property=\"article:publisher\" content=\"https:\/\/www.facebook.com\/eltextual\" \/>\n<meta property=\"article:published_time\" content=\"2021-09-19T23:23:33+00:00\" \/>\n<meta property=\"article:modified_time\" content=\"2021-09-19T23:23:35+00:00\" \/>\n<meta property=\"og:image\" content=\"https:\/\/diariotextual.com\/inicio\/wp-content\/uploads\/2021\/09\/insaurralde-martin.jpg\" \/>\n\t<meta property=\"og:image:width\" content=\"448\" \/>\n\t<meta property=\"og:image:height\" content=\"298\" \/>\n\t<meta property=\"og:image:type\" content=\"image\/jpeg\" \/>\n<meta name=\"author\" content=\"diario3\" \/>\n<meta name=\"twitter:card\" content=\"summary_large_image\" \/>\n<meta name=\"twitter:creator\" content=\"@eltextual\" \/>\n<meta name=\"twitter:site\" content=\"@eltextual\" \/>\n<meta name=\"twitter:label1\" content=\"Escrito por\" \/>\n\t<meta name=\"twitter:data1\" content=\"diario3\" \/>\n\t<meta name=\"twitter:label2\" content=\"Tiempo de lectura\" \/>\n\t<meta name=\"twitter:data2\" content=\"2 minutos\" \/>\n<script type=\"application\/ld+json\" class=\"yoast-schema-graph\">{\"@context\":\"https:\\\/\\\/schema.org\",\"@graph\":[{\"@type\":\"Article\",\"@id\":\"https:\\\/\\\/diariotextual.com\\\/inicio\\\/index.php\\\/2021\\\/09\\\/19\\\/kicillof-reformulo-su-equipo-de-gobierno-y-designo-a-insaurralde-como-jefe-de-gabinete\\\/#article\",\"isPartOf\":{\"@id\":\"https:\\\/\\\/diariotextual.com\\\/inicio\\\/index.php\\\/2021\\\/09\\\/19\\\/kicillof-reformulo-su-equipo-de-gobierno-y-designo-a-insaurralde-como-jefe-de-gabinete\\\/\"},\"author\":{\"name\":\"diario3\",\"@id\":\"https:\\\/\\\/diariotextual.com\\\/inicio\\\/#\\\/schema\\\/person\\\/a1b6f563e0ee944c60f98119389a4d9f\"},\"headline\":\"Kicillof reformul\u00f3 su equipo de gobierno y design\u00f3 a Insaurralde como jefe de Gabinete\",\"datePublished\":\"2021-09-19T23:23:33+00:00\",\"dateModified\":\"2021-09-19T23:23:35+00:00\",\"mainEntityOfPage\":{\"@id\":\"https:\\\/\\\/diariotextual.com\\\/inicio\\\/index.php\\\/2021\\\/09\\\/19\\\/kicillof-reformulo-su-equipo-de-gobierno-y-designo-a-insaurralde-como-jefe-de-gabinete\\\/\"},\"wordCount\":334,\"publisher\":{\"@id\":\"https:\\\/\\\/diariotextual.com\\\/inicio\\\/#organization\"},\"image\":{\"@id\":\"https:\\\/\\\/diariotextual.com\\\/inicio\\\/index.php\\\/2021\\\/09\\\/19\\\/kicillof-reformulo-su-equipo-de-gobierno-y-designo-a-insaurralde-como-jefe-de-gabinete\\\/#primaryimage\"},\"thumbnailUrl\":\"https:\\\/\\\/diariotextual.com\\\/inicio\\\/wp-content\\\/uploads\\\/2021\\\/09\\\/insaurralde-martin.jpg\",\"articleSection\":[\"A - DESTACADAS (mod 16)\",\"POLITICA\"],\"inLanguage\":\"es\"},{\"@type\":\"WebPage\",\"@id\":\"https:\\\/\\\/diariotextual.com\\\/inicio\\\/index.php\\\/2021\\\/09\\\/19\\\/kicillof-reformulo-su-equipo-de-gobierno-y-designo-a-insaurralde-como-jefe-de-gabinete\\\/\",\"url\":\"https:\\\/\\\/diariotextual.com\\\/inicio\\\/index.php\\\/2021\\\/09\\\/19\\\/kicillof-reformulo-su-equipo-de-gobierno-y-designo-a-insaurralde-como-jefe-de-gabinete\\\/\",\"name\":\"Kicillof reformul\u00f3 su equipo de gobierno y design\u00f3 a Insaurralde como jefe de Gabinete - Diario Textual\",\"isPartOf\":{\"@id\":\"https:\\\/\\\/diariotextual.com\\\/inicio\\\/#website\"},\"primaryImageOfPage\":{\"@id\":\"https:\\\/\\\/diariotextual.com\\\/inicio\\\/index.php\\\/2021\\\/09\\\/19\\\/kicillof-reformulo-su-equipo-de-gobierno-y-designo-a-insaurralde-como-jefe-de-gabinete\\\/#primaryimage\"},\"image\":{\"@id\":\"https:\\\/\\\/diariotextual.com\\\/inicio\\\/index.php\\\/2021\\\/09\\\/19\\\/kicillof-reformulo-su-equipo-de-gobierno-y-designo-a-insaurralde-como-jefe-de-gabinete\\\/#primaryimage\"},\"thumbnailUrl\":\"https:\\\/\\\/diariotextual.com\\\/inicio\\\/wp-content\\\/uploads\\\/2021\\\/09\\\/insaurralde-martin.jpg\",\"datePublished\":\"2021-09-19T23:23:33+00:00\",\"dateModified\":\"2021-09-19T23:23:35+00:00\",\"breadcrumb\":{\"@id\":\"https:\\\/\\\/diariotextual.com\\\/inicio\\\/index.php\\\/2021\\\/09\\\/19\\\/kicillof-reformulo-su-equipo-de-gobierno-y-designo-a-insaurralde-como-jefe-de-gabinete\\\/#breadcrumb\"},\"inLanguage\":\"es\",\"potentialAction\":[{\"@type\":\"ReadAction\",\"target\":[\"https:\\\/\\\/diariotextual.com\\\/inicio\\\/index.php\\\/2021\\\/09\\\/19\\\/kicillof-reformulo-su-equipo-de-gobierno-y-designo-a-insaurralde-como-jefe-de-gabinete\\\/\"]}]},{\"@type\":\"ImageObject\",\"inLanguage\":\"es\",\"@id\":\"https:\\\/\\\/diariotextual.com\\\/inicio\\\/index.php\\\/2021\\\/09\\\/19\\\/kicillof-reformulo-su-equipo-de-gobierno-y-designo-a-insaurralde-como-jefe-de-gabinete\\\/#primaryimage\",\"url\":\"https:\\\/\\\/diariotextual.com\\\/inicio\\\/wp-content\\\/uploads\\\/2021\\\/09\\\/insaurralde-martin.jpg\",\"contentUrl\":\"https:\\\/\\\/diariotextual.com\\\/inicio\\\/wp-content\\\/uploads\\\/2021\\\/09\\\/insaurralde-martin.jpg\",\"width\":448,\"height\":298},{\"@type\":\"BreadcrumbList\",\"@id\":\"https:\\\/\\\/diariotextual.com\\\/inicio\\\/index.php\\\/2021\\\/09\\\/19\\\/kicillof-reformulo-su-equipo-de-gobierno-y-designo-a-insaurralde-como-jefe-de-gabinete\\\/#breadcrumb\",\"itemListElement\":[{\"@type\":\"ListItem\",\"position\":1,\"name\":\"Portada\",\"item\":\"https:\\\/\\\/diariotextual.com\\\/inicio\\\/\"},{\"@type\":\"ListItem\",\"position\":2,\"name\":\"Kicillof reformul\u00f3 su equipo de gobierno y design\u00f3 a Insaurralde como jefe de Gabinete\"}]},{\"@type\":\"WebSite\",\"@id\":\"https:\\\/\\\/diariotextual.com\\\/inicio\\\/#website\",\"url\":\"https:\\\/\\\/diariotextual.com\\\/inicio\\\/\",\"name\":\"Diario Textual\",\"description\":\"\",\"publisher\":{\"@id\":\"https:\\\/\\\/diariotextual.com\\\/inicio\\\/#organization\"},\"potentialAction\":[{\"@type\":\"SearchAction\",\"target\":{\"@type\":\"EntryPoint\",\"urlTemplate\":\"https:\\\/\\\/diariotextual.com\\\/inicio\\\/?s={search_term_string}\"},\"query-input\":{\"@type\":\"PropertyValueSpecification\",\"valueRequired\":true,\"valueName\":\"search_term_string\"}}],\"inLanguage\":\"es\"},{\"@type\":\"Organization\",\"@id\":\"https:\\\/\\\/diariotextual.com\\\/inicio\\\/#organization\",\"name\":\"Diario Textual\",\"url\":\"https:\\\/\\\/diariotextual.com\\\/inicio\\\/\",\"logo\":{\"@type\":\"ImageObject\",\"inLanguage\":\"es\",\"@id\":\"https:\\\/\\\/diariotextual.com\\\/inicio\\\/#\\\/schema\\\/logo\\\/image\\\/\",\"url\":\"https:\\\/\\\/diariotextual.com\\\/inicio\\\/wp-content\\\/uploads\\\/2023\\\/05\\\/logotextual1.jpg\",\"contentUrl\":\"https:\\\/\\\/diariotextual.com\\\/inicio\\\/wp-content\\\/uploads\\\/2023\\\/05\\\/logotextual1.jpg\",\"width\":516,\"height\":76,\"caption\":\"Diario Textual\"},\"image\":{\"@id\":\"https:\\\/\\\/diariotextual.com\\\/inicio\\\/#\\\/schema\\\/logo\\\/image\\\/\"},\"sameAs\":[\"https:\\\/\\\/www.facebook.com\\\/eltextual\",\"https:\\\/\\\/x.com\\\/eltextual\",\"http:\\\/\\\/www.instagram.com\\\/eltextual\"]},{\"@type\":\"Person\",\"@id\":\"https:\\\/\\\/diariotextual.com\\\/inicio\\\/#\\\/schema\\\/person\\\/a1b6f563e0ee944c60f98119389a4d9f\",\"name\":\"diario3\",\"image\":{\"@type\":\"ImageObject\",\"inLanguage\":\"es\",\"@id\":\"https:\\\/\\\/secure.gravatar.com\\\/avatar\\\/5e7ee62c82fc04d9dd79d746a390d93c69c43223e5faeeb3ea9461ef752bfc5d?s=96&d=mm&r=g\",\"url\":\"https:\\\/\\\/secure.gravatar.com\\\/avatar\\\/5e7ee62c82fc04d9dd79d746a390d93c69c43223e5faeeb3ea9461ef752bfc5d?s=96&d=mm&r=g\",\"contentUrl\":\"https:\\\/\\\/secure.gravatar.com\\\/avatar\\\/5e7ee62c82fc04d9dd79d746a390d93c69c43223e5faeeb3ea9461ef752bfc5d?s=96&d=mm&r=g\",\"caption\":\"diario3\"},\"url\":\"https:\\\/\\\/diariotextual.com\\\/inicio\\\/index.php\\\/author\\\/diario3\\\/\"}]}<\/script>\n<!-- \/ Yoast SEO plugin. -->","yoast_head_json":{"title":"Kicillof reformul\u00f3 su equipo de gobierno y design\u00f3 a Insaurralde como jefe de Gabinete - Diario Textual","robots":{"index":"index","follow":"follow","max-snippet":"max-snippet:-1","max-image-preview":"max-image-preview:large","max-video-preview":"max-video-preview:-1"},"canonical":"https:\/\/diariotextual.com\/inicio\/index.php\/2021\/09\/19\/kicillof-reformulo-su-equipo-de-gobierno-y-designo-a-insaurralde-como-jefe-de-gabinete\/","og_locale":"es_ES","og_type":"article","og_title":"Kicillof reformul\u00f3 su equipo de gobierno y design\u00f3 a Insaurralde como jefe de Gabinete - Diario Textual","og_description":"El gobernador bonaerense, Axel Kicillof, anunci\u00f3 hoy una reformulaci\u00f3n de su equipo de Gobierno y dispuso que el actual intendente de Lomas de Zamora, Mart\u00edn Insaurralde, sea su nuevo jefe&hellip;","og_url":"https:\/\/diariotextual.com\/inicio\/index.php\/2021\/09\/19\/kicillof-reformulo-su-equipo-de-gobierno-y-designo-a-insaurralde-como-jefe-de-gabinete\/","og_site_name":"Diario Textual","article_publisher":"https:\/\/www.facebook.com\/eltextual","article_published_time":"2021-09-19T23:23:33+00:00","article_modified_time":"2021-09-19T23:23:35+00:00","og_image":[{"width":448,"height":298,"url":"https:\/\/diariotextual.com\/inicio\/wp-content\/uploads\/2021\/09\/insaurralde-martin.jpg","type":"image\/jpeg"}],"author":"diario3","twitter_card":"summary_large_image","twitter_creator":"@eltextual","twitter_site":"@eltextual","twitter_misc":{"Escrito por":"diario3","Tiempo de lectura":"2 minutos"},"schema":{"@context":"https:\/\/schema.org","@graph":[{"@type":"Article","@id":"https:\/\/diariotextual.com\/inicio\/index.php\/2021\/09\/19\/kicillof-reformulo-su-equipo-de-gobierno-y-designo-a-insaurralde-como-jefe-de-gabinete\/#article","isPartOf":{"@id":"https:\/\/diariotextual.com\/inicio\/index.php\/2021\/09\/19\/kicillof-reformulo-su-equipo-de-gobierno-y-designo-a-insaurralde-como-jefe-de-gabinete\/"},"author":{"name":"diario3","@id":"https:\/\/diariotextual.com\/inicio\/#\/schema\/person\/a1b6f563e0ee944c60f98119389a4d9f"},"headline":"Kicillof reformul\u00f3 su equipo de gobierno y design\u00f3 a Insaurralde como jefe de Gabinete","datePublished":"2021-09-19T23:23:33+00:00","dateModified":"2021-09-19T23:23:35+00:00","mainEntityOfPage":{"@id":"https:\/\/diariotextual.com\/inicio\/index.php\/2021\/09\/19\/kicillof-reformulo-su-equipo-de-gobierno-y-designo-a-insaurralde-como-jefe-de-gabinete\/"},"wordCount":334,"publisher":{"@id":"https:\/\/diariotextual.com\/inicio\/#organization"},"image":{"@id":"https:\/\/diariotextual.com\/inicio\/index.php\/2021\/09\/19\/kicillof-reformulo-su-equipo-de-gobierno-y-designo-a-insaurralde-como-jefe-de-gabinete\/#primaryimage"},"thumbnailUrl":"https:\/\/diariotextual.com\/inicio\/wp-content\/uploads\/2021\/09\/insaurralde-martin.jpg","articleSection":["A - DESTACADAS (mod 16)","POLITICA"],"inLanguage":"es"},{"@type":"WebPage","@id":"https:\/\/diariotextual.com\/inicio\/index.php\/2021\/09\/19\/kicillof-reformulo-su-equipo-de-gobierno-y-designo-a-insaurralde-como-jefe-de-gabinete\/","url":"https:\/\/diariotextual.com\/inicio\/index.php\/2021\/09\/19\/kicillof-reformulo-su-equipo-de-gobierno-y-designo-a-insaurralde-como-jefe-de-gabinete\/","name":"Kicillof reformul\u00f3 su equipo de gobierno y design\u00f3 a Insaurralde como jefe de Gabinete - Diario Textual","isPartOf":{"@id":"https:\/\/diariotextual.com\/inicio\/#website"},"primaryImageOfPage":{"@id":"https:\/\/diariotextual.com\/inicio\/index.php\/2021\/09\/19\/kicillof-reformulo-su-equipo-de-gobierno-y-designo-a-insaurralde-como-jefe-de-gabinete\/#primaryimage"},"image":{"@id":"https:\/\/diariotextual.com\/inicio\/index.php\/2021\/09\/19\/kicillof-reformulo-su-equipo-de-gobierno-y-designo-a-insaurralde-como-jefe-de-gabinete\/#primaryimage"},"thumbnailUrl":"https:\/\/diariotextual.com\/inicio\/wp-content\/uploads\/2021\/09\/insaurralde-martin.jpg","datePublished":"2021-09-19T23:23:33+00:00","dateModified":"2021-09-19T23:23:35+00:00","breadcrumb":{"@id":"https:\/\/diariotextual.com\/inicio\/index.php\/2021\/09\/19\/kicillof-reformulo-su-equipo-de-gobierno-y-designo-a-insaurralde-como-jefe-de-gabinete\/#breadcrumb"},"inLanguage":"es","potentialAction":[{"@type":"ReadAction","target":["https:\/\/diariotextual.com\/inicio\/index.php\/2021\/09\/19\/kicillof-reformulo-su-equipo-de-gobierno-y-designo-a-insaurralde-como-jefe-de-gabinete\/"]}]},{"@type":"ImageObject","inLanguage":"es","@id":"https:\/\/diariotextual.com\/inicio\/index.php\/2021\/09\/19\/kicillof-reformulo-su-equipo-de-gobierno-y-designo-a-insaurralde-como-jefe-de-gabinete\/#primaryimage","url":"https:\/\/diariotextual.com\/inicio\/wp-content\/uploads\/2021\/09\/insaurralde-martin.jpg","contentUrl":"https:\/\/diariotextual.com\/inicio\/wp-content\/uploads\/2021\/09\/insaurralde-martin.jpg","width":448,"height":298},{"@type":"BreadcrumbList","@id":"https:\/\/diariotextual.com\/inicio\/index.php\/2021\/09\/19\/kicillof-reformulo-su-equipo-de-gobierno-y-designo-a-insaurralde-como-jefe-de-gabinete\/#breadcrumb","itemListElement":[{"@type":"ListItem","position":1,"name":"Portada","item":"https:\/\/diariotextual.com\/inicio\/"},{"@type":"ListItem","position":2,"name":"Kicillof reformul\u00f3 su equipo de gobierno y design\u00f3 a Insaurralde como jefe de Gabinete"}]},{"@type":"WebSite","@id":"https:\/\/diariotextual.com\/inicio\/#website","url":"https:\/\/diariotextual.com\/inicio\/","name":"Diario Textual","description":"","publisher":{"@id":"https:\/\/diariotextual.com\/inicio\/#organization"},"potentialAction":[{"@type":"SearchAction","target":{"@type":"EntryPoint","urlTemplate":"https:\/\/diariotextual.com\/inicio\/?s={search_term_string}"},"query-input":{"@type":"PropertyValueSpecification","valueRequired":true,"valueName":"search_term_string"}}],"inLanguage":"es"},{"@type":"Organization","@id":"https:\/\/diariotextual.com\/inicio\/#organization","name":"Diario Textual","url":"https:\/\/diariotextual.com\/inicio\/","logo":{"@type":"ImageObject","inLanguage":"es","@id":"https:\/\/diariotextual.com\/inicio\/#\/schema\/logo\/image\/","url":"https:\/\/diariotextual.com\/inicio\/wp-content\/uploads\/2023\/05\/logotextual1.jpg","contentUrl":"https:\/\/diariotextual.com\/inicio\/wp-content\/uploads\/2023\/05\/logotextual1.jpg","width":516,"height":76,"caption":"Diario Textual"},"image":{"@id":"https:\/\/diariotextual.com\/inicio\/#\/schema\/logo\/image\/"},"sameAs":["https:\/\/www.facebook.com\/eltextual","https:\/\/x.com\/eltextual","http:\/\/www.instagram.com\/eltextual"]},{"@type":"Person","@id":"https:\/\/diariotextual.com\/inicio\/#\/schema\/person\/a1b6f563e0ee944c60f98119389a4d9f","name":"diario3","image":{"@type":"ImageObject","inLanguage":"es","@id":"https:\/\/secure.gravatar.com\/avatar\/5e7ee62c82fc04d9dd79d746a390d93c69c43223e5faeeb3ea9461ef752bfc5d?s=96&d=mm&r=g","url":"https:\/\/secure.gravatar.com\/avatar\/5e7ee62c82fc04d9dd79d746a390d93c69c43223e5faeeb3ea9461ef752bfc5d?s=96&d=mm&r=g","contentUrl":"https:\/\/secure.gravatar.com\/avatar\/5e7ee62c82fc04d9dd79d746a390d93c69c43223e5faeeb3ea9461ef752bfc5d?s=96&d=mm&r=g","caption":"diario3"},"url":"https:\/\/diariotextual.com\/inicio\/index.php\/author\/diario3\/"}]}},"_links":{"self":[{"href":"https:\/\/diariotextual.com\/inicio\/index.php\/wp-json\/wp\/v2\/posts\/162031","targetHints":{"allow":["GET"]}}],"collection":[{"href":"https:\/\/diariotextual.com\/inicio\/index.php\/wp-json\/wp\/v2\/posts"}],"about":[{"href":"https:\/\/diariotextual.com\/inicio\/index.php\/wp-json\/wp\/v2\/types\/post"}],"author":[{"embeddable":true,"href":"https:\/\/diariotextual.com\/inicio\/index.php\/wp-json\/wp\/v2\/users\/5"}],"replies":[{"embeddable":true,"href":"https:\/\/diariotextual.com\/inicio\/index.php\/wp-json\/wp\/v2\/comments?post=162031"}],"version-history":[{"count":1,"href":"https:\/\/diariotextual.com\/inicio\/index.php\/wp-json\/wp\/v2\/posts\/162031\/revisions"}],"predecessor-version":[{"id":162036,"href":"https:\/\/diariotextual.com\/inicio\/index.php\/wp-json\/wp\/v2\/posts\/162031\/revisions\/162036"}],"wp:featuredmedia":[{"embeddable":true,"href":"https:\/\/diariotextual.com\/inicio\/index.php\/wp-json\/wp\/v2\/media\/162034"}],"wp:attachment":[{"href":"https:\/\/diariotextual.com\/inicio\/index.php\/wp-json\/wp\/v2\/media?parent=162031"}],"wp:term":[{"taxonomy":"category","embeddable":true,"href":"https:\/\/diariotextual.com\/inicio\/index.php\/wp-json\/wp\/v2\/categories?post=162031"},{"taxonomy":"post_tag","embeddable":true,"href":"https:\/\/diariotextual.com\/inicio\/index.php\/wp-json\/wp\/v2\/tags?post=162031"}],"curies":[{"name":"wp","href":"https:\/\/api.w.org\/{rel}","templated":true}]}}