{"id":162102,"date":"2021-09-20T17:27:38","date_gmt":"2021-09-20T20:27:38","guid":{"rendered":"https:\/\/diariotextual.com\/inicio\/?p=162102"},"modified":"2021-09-20T20:37:33","modified_gmt":"2021-09-20T23:37:33","slug":"alberto-fernandez-no-me-van-a-ver-atrapado-en-disputas-internas-e-innecesarias","status":"publish","type":"post","link":"https:\/\/diariotextual.com\/inicio\/index.php\/2021\/09\/20\/alberto-fernandez-no-me-van-a-ver-atrapado-en-disputas-internas-e-innecesarias\/","title":{"rendered":"Alberto Fern\u00e1ndez: \u201cNo me van a ver atrapado en disputas internas e innecesarias\u201d"},"content":{"rendered":"\n<p>El presidente Alberto Fern\u00e1ndez encabez\u00f3 este lunes la jura de sus nuevos ministros en el Museo del Bicentenario de Casa Rosada. <\/p>\n\n\n\n<p>All\u00ed, asumieron Juan Manzur en la Jefatura de Gabinete de Ministros; Santiago Cafiero en Relaciones Exteriores, Comercio Internacional y Culto; An\u00edbal Fern\u00e1ndez en Seguridad; Juli\u00e1n Dom\u00ednguez en Agricultura, Ganader\u00eda, y Pesca; Jaime Perzyck en Educaci\u00f3n, y Daniel Filmus en Ciencia, Tecnolog\u00eda e Innovaci\u00f3n.&nbsp;Adem\u00e1s, Juan Ross se har\u00e1 cargo de la Secretar\u00eda de Comunicaci\u00f3n y Prensa.<\/p>\n\n\n\n<p><strong>\u201cNo me van a ver atrapado en disputas innecesarias, en disputas internas<\/strong>, mi \u00fanica preocupaci\u00f3n es que los argentinos vuelvan a hacer felices despu\u00e9s de tantas desdichas vividas en los cuatros a\u00f1os que me antecedieron y los dos de pandemia\u201d, dijo Fern\u00e1ndez en su discurso.<\/p>\n\n\n\n<p>\u201cEl domingo pasado -dijo el presidente- el pueblo de la Naci\u00f3n dio un veredicto y expliqu\u00e9 que yo, como todos nosotros, somos parte de un movimiento que sabe escuchar las demandas populares, la voz del pueblo y&nbsp;va tomar cuenta de los reclamos, de qu\u00e9 cosa habremos hecho mal, de en qu\u00e9 nos hab\u00edamos equivocado, qu\u00e9 cosas no llegamos a hacer y debemos acelerar.&nbsp;En realidad a lo largo de la semana escuch\u00e9 a muchos y muchas. Porque quiero cumplir con mi palabra de entender por qu\u00e9 la gente vot\u00f3 como vot\u00f3\u201d.<\/p>\n\n\n\n<p>Fern\u00e1ndez asegur\u00f3 adem\u00e1s que el Frente de Todos le preocupa \u00abm\u00e1s un movimiento pol\u00edtico que no discute que un movimiento pol\u00edtico que reflexiona\u00bb, por lo que destac\u00f3 que en el oficialismo se debate \u00abde cara a la gente\u00bb.<\/p>\n\n\n\n<p><strong>\u00abNo somos parte del pa\u00eds que quiere flexibilizar derechos de los que trabajan\u00bb,<\/strong> afirm\u00f3 el jefe de Estado, quien plante\u00f3 que hay \u00abdos pa\u00edses en pugna\u00bb y el del Frente de Todos \u00abno es el que se despreocupa de la salud p\u00fablica y abandona a los argentinos a su suerte\u00bb.<\/p>\n\n\n\n<p>Sobre el final, dedic\u00f3 unos minutos hacia los ministros salientes: \u201cQuiero darles las gracias honestamente.<strong>&nbsp;Han sido funcionarios ejemplares que han dejado todo de s\u00ed en el tiempo que les toc\u00f3 ser ministros, un tiempo que todos sabemos lo dif\u00edcil que fue. Seguro lo recordaremos como los dos peores a\u00f1os de nuestra vida.<\/strong>&nbsp;Un virus nos atac\u00f3 y la muerte camin\u00f3 entre nosotros\u201d.<\/p>\n\n\n\n<p>Estuvieron presentes los gobernadores de Misiones,&nbsp;<strong>Oscar Herrera Ahuad<\/strong>; de Catamarca,&nbsp;<strong>Ra\u00fal Jalil<\/strong>; de Buenos Aires,&nbsp;<strong>Axel Kicillof<\/strong>; de Santa Fe,&nbsp;<strong>Omar Perotti<\/strong>; de La Rioja,&nbsp;<strong>Ricardo Quintela<\/strong>; de Salta, Gustavo S\u00e1enz, y de Santiago del Estero,&nbsp;<strong>Gerardo Zamora<\/strong>, adem\u00e1s participar\u00e1n por videoconferencia los mandatarios de Entre R\u00edos,&nbsp;<strong>Gustavo Bordet<\/strong>; de Formosa,&nbsp;<strong>Gildo Insfr\u00e1n<\/strong>; de Santa Cruz,&nbsp;<strong>Alicia Kirchner<\/strong>; de Tierra del Fuego,&nbsp;<strong>Gustavo Melella<\/strong>, y el vicegobernador de San Juan,&nbsp;<strong>Roberto Gattoni.<\/strong><\/p>\n\n\n\n<p>Tambi\u00e9n asistieron el presidente de la C\u00e1mara de Diputados de la Naci\u00f3n,&nbsp;<strong>Sergio Massa<\/strong>; el diputado y presidente del bloque del Frente de Todos,&nbsp;<strong>M\u00e1ximo Kirchner<\/strong>, senadores y diputados nacionales, dirigentes gremiales y empresariales y miembros del Gabinete.<\/p>\n","protected":false},"excerpt":{"rendered":"<p>El presidente Alberto Fern\u00e1ndez encabez\u00f3 este lunes la jura de sus nuevos ministros en el Museo del Bicentenario de Casa Rosada. All\u00ed, asumieron Juan Manzur en la Jefatura de Gabinete&hellip;<\/p>\n","protected":false},"author":4,"featured_media":162106,"comment_status":"closed","ping_status":"open","sticky":false,"template":"","format":"standard","meta":{"_acf_changed":false,"footnotes":""},"categories":[10,8],"tags":[],"class_list":["post-162102","post","type-post","status-publish","format-standard","has-post-thumbnail","hentry","category-portada-2","category-politica"],"acf":[],"yoast_head":"<!-- This site is optimized with the Yoast SEO plugin v27.5 - https:\/\/yoast.com\/product\/yoast-seo-wordpress\/ -->\n<title>Alberto Fern\u00e1ndez: \u201cNo me van a ver atrapado en disputas internas e innecesarias\u201d - Diario Textual<\/title>\n<meta name=\"robots\" content=\"index, follow, max-snippet:-1, max-image-preview:large, max-video-preview:-1\" \/>\n<link rel=\"canonical\" href=\"https:\/\/diariotextual.com\/inicio\/index.php\/2021\/09\/20\/alberto-fernandez-no-me-van-a-ver-atrapado-en-disputas-internas-e-innecesarias\/\" \/>\n<meta property=\"og:locale\" content=\"es_ES\" \/>\n<meta property=\"og:type\" content=\"article\" \/>\n<meta property=\"og:title\" content=\"Alberto Fern\u00e1ndez: \u201cNo me van a ver atrapado en disputas internas e innecesarias\u201d - Diario Textual\" \/>\n<meta property=\"og:description\" content=\"El presidente Alberto Fern\u00e1ndez encabez\u00f3 este lunes la jura de sus nuevos ministros en el Museo del Bicentenario de Casa Rosada. All\u00ed, asumieron Juan Manzur en la Jefatura de Gabinete&hellip;\" \/>\n<meta property=\"og:url\" content=\"https:\/\/diariotextual.com\/inicio\/index.php\/2021\/09\/20\/alberto-fernandez-no-me-van-a-ver-atrapado-en-disputas-internas-e-innecesarias\/\" \/>\n<meta property=\"og:site_name\" content=\"Diario Textual\" \/>\n<meta property=\"article:publisher\" content=\"https:\/\/www.facebook.com\/eltextual\" \/>\n<meta property=\"article:published_time\" content=\"2021-09-20T20:27:38+00:00\" \/>\n<meta property=\"article:modified_time\" content=\"2021-09-20T23:37:33+00:00\" \/>\n<meta property=\"og:image\" content=\"https:\/\/diariotextual.com\/inicio\/wp-content\/uploads\/2021\/09\/fernandezalbertojuraministros4362.jpg\" \/>\n\t<meta property=\"og:image:width\" content=\"900\" \/>\n\t<meta property=\"og:image:height\" content=\"506\" \/>\n\t<meta property=\"og:image:type\" content=\"image\/jpeg\" \/>\n<meta name=\"author\" content=\"diario2\" \/>\n<meta name=\"twitter:card\" content=\"summary_large_image\" \/>\n<meta name=\"twitter:creator\" content=\"@eltextual\" \/>\n<meta name=\"twitter:site\" content=\"@eltextual\" \/>\n<meta name=\"twitter:label1\" content=\"Escrito por\" \/>\n\t<meta name=\"twitter:data1\" content=\"diario2\" \/>\n\t<meta name=\"twitter:label2\" content=\"Tiempo de lectura\" \/>\n\t<meta name=\"twitter:data2\" content=\"3 minutos\" \/>\n<script type=\"application\/ld+json\" class=\"yoast-schema-graph\">{\"@context\":\"https:\\\/\\\/schema.org\",\"@graph\":[{\"@type\":\"Article\",\"@id\":\"https:\\\/\\\/diariotextual.com\\\/inicio\\\/index.php\\\/2021\\\/09\\\/20\\\/alberto-fernandez-no-me-van-a-ver-atrapado-en-disputas-internas-e-innecesarias\\\/#article\",\"isPartOf\":{\"@id\":\"https:\\\/\\\/diariotextual.com\\\/inicio\\\/index.php\\\/2021\\\/09\\\/20\\\/alberto-fernandez-no-me-van-a-ver-atrapado-en-disputas-internas-e-innecesarias\\\/\"},\"author\":{\"name\":\"diario2\",\"@id\":\"https:\\\/\\\/diariotextual.com\\\/inicio\\\/#\\\/schema\\\/person\\\/694f60677f23c4a530867a98f22b3768\"},\"headline\":\"Alberto Fern\u00e1ndez: \u201cNo me van a ver atrapado en disputas internas e innecesarias\u201d\",\"datePublished\":\"2021-09-20T20:27:38+00:00\",\"dateModified\":\"2021-09-20T23:37:33+00:00\",\"mainEntityOfPage\":{\"@id\":\"https:\\\/\\\/diariotextual.com\\\/inicio\\\/index.php\\\/2021\\\/09\\\/20\\\/alberto-fernandez-no-me-van-a-ver-atrapado-en-disputas-internas-e-innecesarias\\\/\"},\"wordCount\":546,\"publisher\":{\"@id\":\"https:\\\/\\\/diariotextual.com\\\/inicio\\\/#organization\"},\"image\":{\"@id\":\"https:\\\/\\\/diariotextual.com\\\/inicio\\\/index.php\\\/2021\\\/09\\\/20\\\/alberto-fernandez-no-me-van-a-ver-atrapado-en-disputas-internas-e-innecesarias\\\/#primaryimage\"},\"thumbnailUrl\":\"https:\\\/\\\/diariotextual.com\\\/inicio\\\/wp-content\\\/uploads\\\/2021\\\/09\\\/fernandezalbertojuraministros4362.jpg\",\"articleSection\":[\"A - PORTADA2\",\"POLITICA\"],\"inLanguage\":\"es\"},{\"@type\":\"WebPage\",\"@id\":\"https:\\\/\\\/diariotextual.com\\\/inicio\\\/index.php\\\/2021\\\/09\\\/20\\\/alberto-fernandez-no-me-van-a-ver-atrapado-en-disputas-internas-e-innecesarias\\\/\",\"url\":\"https:\\\/\\\/diariotextual.com\\\/inicio\\\/index.php\\\/2021\\\/09\\\/20\\\/alberto-fernandez-no-me-van-a-ver-atrapado-en-disputas-internas-e-innecesarias\\\/\",\"name\":\"Alberto Fern\u00e1ndez: \u201cNo me van a ver atrapado en disputas internas e innecesarias\u201d - Diario Textual\",\"isPartOf\":{\"@id\":\"https:\\\/\\\/diariotextual.com\\\/inicio\\\/#website\"},\"primaryImageOfPage\":{\"@id\":\"https:\\\/\\\/diariotextual.com\\\/inicio\\\/index.php\\\/2021\\\/09\\\/20\\\/alberto-fernandez-no-me-van-a-ver-atrapado-en-disputas-internas-e-innecesarias\\\/#primaryimage\"},\"image\":{\"@id\":\"https:\\\/\\\/diariotextual.com\\\/inicio\\\/index.php\\\/2021\\\/09\\\/20\\\/alberto-fernandez-no-me-van-a-ver-atrapado-en-disputas-internas-e-innecesarias\\\/#primaryimage\"},\"thumbnailUrl\":\"https:\\\/\\\/diariotextual.com\\\/inicio\\\/wp-content\\\/uploads\\\/2021\\\/09\\\/fernandezalbertojuraministros4362.jpg\",\"datePublished\":\"2021-09-20T20:27:38+00:00\",\"dateModified\":\"2021-09-20T23:37:33+00:00\",\"breadcrumb\":{\"@id\":\"https:\\\/\\\/diariotextual.com\\\/inicio\\\/index.php\\\/2021\\\/09\\\/20\\\/alberto-fernandez-no-me-van-a-ver-atrapado-en-disputas-internas-e-innecesarias\\\/#breadcrumb\"},\"inLanguage\":\"es\",\"potentialAction\":[{\"@type\":\"ReadAction\",\"target\":[\"https:\\\/\\\/diariotextual.com\\\/inicio\\\/index.php\\\/2021\\\/09\\\/20\\\/alberto-fernandez-no-me-van-a-ver-atrapado-en-disputas-internas-e-innecesarias\\\/\"]}]},{\"@type\":\"ImageObject\",\"inLanguage\":\"es\",\"@id\":\"https:\\\/\\\/diariotextual.com\\\/inicio\\\/index.php\\\/2021\\\/09\\\/20\\\/alberto-fernandez-no-me-van-a-ver-atrapado-en-disputas-internas-e-innecesarias\\\/#primaryimage\",\"url\":\"https:\\\/\\\/diariotextual.com\\\/inicio\\\/wp-content\\\/uploads\\\/2021\\\/09\\\/fernandezalbertojuraministros4362.jpg\",\"contentUrl\":\"https:\\\/\\\/diariotextual.com\\\/inicio\\\/wp-content\\\/uploads\\\/2021\\\/09\\\/fernandezalbertojuraministros4362.jpg\",\"width\":900,\"height\":506},{\"@type\":\"BreadcrumbList\",\"@id\":\"https:\\\/\\\/diariotextual.com\\\/inicio\\\/index.php\\\/2021\\\/09\\\/20\\\/alberto-fernandez-no-me-van-a-ver-atrapado-en-disputas-internas-e-innecesarias\\\/#breadcrumb\",\"itemListElement\":[{\"@type\":\"ListItem\",\"position\":1,\"name\":\"Portada\",\"item\":\"https:\\\/\\\/diariotextual.com\\\/inicio\\\/\"},{\"@type\":\"ListItem\",\"position\":2,\"name\":\"Alberto Fern\u00e1ndez: \u201cNo me van a ver atrapado en disputas internas e innecesarias\u201d\"}]},{\"@type\":\"WebSite\",\"@id\":\"https:\\\/\\\/diariotextual.com\\\/inicio\\\/#website\",\"url\":\"https:\\\/\\\/diariotextual.com\\\/inicio\\\/\",\"name\":\"Diario Textual\",\"description\":\"\",\"publisher\":{\"@id\":\"https:\\\/\\\/diariotextual.com\\\/inicio\\\/#organization\"},\"potentialAction\":[{\"@type\":\"SearchAction\",\"target\":{\"@type\":\"EntryPoint\",\"urlTemplate\":\"https:\\\/\\\/diariotextual.com\\\/inicio\\\/?s={search_term_string}\"},\"query-input\":{\"@type\":\"PropertyValueSpecification\",\"valueRequired\":true,\"valueName\":\"search_term_string\"}}],\"inLanguage\":\"es\"},{\"@type\":\"Organization\",\"@id\":\"https:\\\/\\\/diariotextual.com\\\/inicio\\\/#organization\",\"name\":\"Diario Textual\",\"url\":\"https:\\\/\\\/diariotextual.com\\\/inicio\\\/\",\"logo\":{\"@type\":\"ImageObject\",\"inLanguage\":\"es\",\"@id\":\"https:\\\/\\\/diariotextual.com\\\/inicio\\\/#\\\/schema\\\/logo\\\/image\\\/\",\"url\":\"https:\\\/\\\/diariotextual.com\\\/inicio\\\/wp-content\\\/uploads\\\/2023\\\/05\\\/logotextual1.jpg\",\"contentUrl\":\"https:\\\/\\\/diariotextual.com\\\/inicio\\\/wp-content\\\/uploads\\\/2023\\\/05\\\/logotextual1.jpg\",\"width\":516,\"height\":76,\"caption\":\"Diario Textual\"},\"image\":{\"@id\":\"https:\\\/\\\/diariotextual.com\\\/inicio\\\/#\\\/schema\\\/logo\\\/image\\\/\"},\"sameAs\":[\"https:\\\/\\\/www.facebook.com\\\/eltextual\",\"https:\\\/\\\/x.com\\\/eltextual\",\"http:\\\/\\\/www.instagram.com\\\/eltextual\"]},{\"@type\":\"Person\",\"@id\":\"https:\\\/\\\/diariotextual.com\\\/inicio\\\/#\\\/schema\\\/person\\\/694f60677f23c4a530867a98f22b3768\",\"name\":\"diario2\",\"image\":{\"@type\":\"ImageObject\",\"inLanguage\":\"es\",\"@id\":\"https:\\\/\\\/secure.gravatar.com\\\/avatar\\\/5a2567495ba16b852fcd8f1ed006a2e24fcace936018ed8237e95f488ad6e0a7?s=96&d=mm&r=g\",\"url\":\"https:\\\/\\\/secure.gravatar.com\\\/avatar\\\/5a2567495ba16b852fcd8f1ed006a2e24fcace936018ed8237e95f488ad6e0a7?s=96&d=mm&r=g\",\"contentUrl\":\"https:\\\/\\\/secure.gravatar.com\\\/avatar\\\/5a2567495ba16b852fcd8f1ed006a2e24fcace936018ed8237e95f488ad6e0a7?s=96&d=mm&r=g\",\"caption\":\"diario2\"},\"url\":\"https:\\\/\\\/diariotextual.com\\\/inicio\\\/index.php\\\/author\\\/diario2\\\/\"}]}<\/script>\n<!-- \/ Yoast SEO plugin. -->","yoast_head_json":{"title":"Alberto Fern\u00e1ndez: \u201cNo me van a ver atrapado en disputas internas e innecesarias\u201d - Diario Textual","robots":{"index":"index","follow":"follow","max-snippet":"max-snippet:-1","max-image-preview":"max-image-preview:large","max-video-preview":"max-video-preview:-1"},"canonical":"https:\/\/diariotextual.com\/inicio\/index.php\/2021\/09\/20\/alberto-fernandez-no-me-van-a-ver-atrapado-en-disputas-internas-e-innecesarias\/","og_locale":"es_ES","og_type":"article","og_title":"Alberto Fern\u00e1ndez: \u201cNo me van a ver atrapado en disputas internas e innecesarias\u201d - Diario Textual","og_description":"El presidente Alberto Fern\u00e1ndez encabez\u00f3 este lunes la jura de sus nuevos ministros en el Museo del Bicentenario de Casa Rosada. All\u00ed, asumieron Juan Manzur en la Jefatura de Gabinete&hellip;","og_url":"https:\/\/diariotextual.com\/inicio\/index.php\/2021\/09\/20\/alberto-fernandez-no-me-van-a-ver-atrapado-en-disputas-internas-e-innecesarias\/","og_site_name":"Diario Textual","article_publisher":"https:\/\/www.facebook.com\/eltextual","article_published_time":"2021-09-20T20:27:38+00:00","article_modified_time":"2021-09-20T23:37:33+00:00","og_image":[{"width":900,"height":506,"url":"https:\/\/diariotextual.com\/inicio\/wp-content\/uploads\/2021\/09\/fernandezalbertojuraministros4362.jpg","type":"image\/jpeg"}],"author":"diario2","twitter_card":"summary_large_image","twitter_creator":"@eltextual","twitter_site":"@eltextual","twitter_misc":{"Escrito por":"diario2","Tiempo de lectura":"3 minutos"},"schema":{"@context":"https:\/\/schema.org","@graph":[{"@type":"Article","@id":"https:\/\/diariotextual.com\/inicio\/index.php\/2021\/09\/20\/alberto-fernandez-no-me-van-a-ver-atrapado-en-disputas-internas-e-innecesarias\/#article","isPartOf":{"@id":"https:\/\/diariotextual.com\/inicio\/index.php\/2021\/09\/20\/alberto-fernandez-no-me-van-a-ver-atrapado-en-disputas-internas-e-innecesarias\/"},"author":{"name":"diario2","@id":"https:\/\/diariotextual.com\/inicio\/#\/schema\/person\/694f60677f23c4a530867a98f22b3768"},"headline":"Alberto Fern\u00e1ndez: \u201cNo me van a ver atrapado en disputas internas e innecesarias\u201d","datePublished":"2021-09-20T20:27:38+00:00","dateModified":"2021-09-20T23:37:33+00:00","mainEntityOfPage":{"@id":"https:\/\/diariotextual.com\/inicio\/index.php\/2021\/09\/20\/alberto-fernandez-no-me-van-a-ver-atrapado-en-disputas-internas-e-innecesarias\/"},"wordCount":546,"publisher":{"@id":"https:\/\/diariotextual.com\/inicio\/#organization"},"image":{"@id":"https:\/\/diariotextual.com\/inicio\/index.php\/2021\/09\/20\/alberto-fernandez-no-me-van-a-ver-atrapado-en-disputas-internas-e-innecesarias\/#primaryimage"},"thumbnailUrl":"https:\/\/diariotextual.com\/inicio\/wp-content\/uploads\/2021\/09\/fernandezalbertojuraministros4362.jpg","articleSection":["A - PORTADA2","POLITICA"],"inLanguage":"es"},{"@type":"WebPage","@id":"https:\/\/diariotextual.com\/inicio\/index.php\/2021\/09\/20\/alberto-fernandez-no-me-van-a-ver-atrapado-en-disputas-internas-e-innecesarias\/","url":"https:\/\/diariotextual.com\/inicio\/index.php\/2021\/09\/20\/alberto-fernandez-no-me-van-a-ver-atrapado-en-disputas-internas-e-innecesarias\/","name":"Alberto Fern\u00e1ndez: \u201cNo me van a ver atrapado en disputas internas e innecesarias\u201d - Diario Textual","isPartOf":{"@id":"https:\/\/diariotextual.com\/inicio\/#website"},"primaryImageOfPage":{"@id":"https:\/\/diariotextual.com\/inicio\/index.php\/2021\/09\/20\/alberto-fernandez-no-me-van-a-ver-atrapado-en-disputas-internas-e-innecesarias\/#primaryimage"},"image":{"@id":"https:\/\/diariotextual.com\/inicio\/index.php\/2021\/09\/20\/alberto-fernandez-no-me-van-a-ver-atrapado-en-disputas-internas-e-innecesarias\/#primaryimage"},"thumbnailUrl":"https:\/\/diariotextual.com\/inicio\/wp-content\/uploads\/2021\/09\/fernandezalbertojuraministros4362.jpg","datePublished":"2021-09-20T20:27:38+00:00","dateModified":"2021-09-20T23:37:33+00:00","breadcrumb":{"@id":"https:\/\/diariotextual.com\/inicio\/index.php\/2021\/09\/20\/alberto-fernandez-no-me-van-a-ver-atrapado-en-disputas-internas-e-innecesarias\/#breadcrumb"},"inLanguage":"es","potentialAction":[{"@type":"ReadAction","target":["https:\/\/diariotextual.com\/inicio\/index.php\/2021\/09\/20\/alberto-fernandez-no-me-van-a-ver-atrapado-en-disputas-internas-e-innecesarias\/"]}]},{"@type":"ImageObject","inLanguage":"es","@id":"https:\/\/diariotextual.com\/inicio\/index.php\/2021\/09\/20\/alberto-fernandez-no-me-van-a-ver-atrapado-en-disputas-internas-e-innecesarias\/#primaryimage","url":"https:\/\/diariotextual.com\/inicio\/wp-content\/uploads\/2021\/09\/fernandezalbertojuraministros4362.jpg","contentUrl":"https:\/\/diariotextual.com\/inicio\/wp-content\/uploads\/2021\/09\/fernandezalbertojuraministros4362.jpg","width":900,"height":506},{"@type":"BreadcrumbList","@id":"https:\/\/diariotextual.com\/inicio\/index.php\/2021\/09\/20\/alberto-fernandez-no-me-van-a-ver-atrapado-en-disputas-internas-e-innecesarias\/#breadcrumb","itemListElement":[{"@type":"ListItem","position":1,"name":"Portada","item":"https:\/\/diariotextual.com\/inicio\/"},{"@type":"ListItem","position":2,"name":"Alberto Fern\u00e1ndez: \u201cNo me van a ver atrapado en disputas internas e innecesarias\u201d"}]},{"@type":"WebSite","@id":"https:\/\/diariotextual.com\/inicio\/#website","url":"https:\/\/diariotextual.com\/inicio\/","name":"Diario Textual","description":"","publisher":{"@id":"https:\/\/diariotextual.com\/inicio\/#organization"},"potentialAction":[{"@type":"SearchAction","target":{"@type":"EntryPoint","urlTemplate":"https:\/\/diariotextual.com\/inicio\/?s={search_term_string}"},"query-input":{"@type":"PropertyValueSpecification","valueRequired":true,"valueName":"search_term_string"}}],"inLanguage":"es"},{"@type":"Organization","@id":"https:\/\/diariotextual.com\/inicio\/#organization","name":"Diario Textual","url":"https:\/\/diariotextual.com\/inicio\/","logo":{"@type":"ImageObject","inLanguage":"es","@id":"https:\/\/diariotextual.com\/inicio\/#\/schema\/logo\/image\/","url":"https:\/\/diariotextual.com\/inicio\/wp-content\/uploads\/2023\/05\/logotextual1.jpg","contentUrl":"https:\/\/diariotextual.com\/inicio\/wp-content\/uploads\/2023\/05\/logotextual1.jpg","width":516,"height":76,"caption":"Diario Textual"},"image":{"@id":"https:\/\/diariotextual.com\/inicio\/#\/schema\/logo\/image\/"},"sameAs":["https:\/\/www.facebook.com\/eltextual","https:\/\/x.com\/eltextual","http:\/\/www.instagram.com\/eltextual"]},{"@type":"Person","@id":"https:\/\/diariotextual.com\/inicio\/#\/schema\/person\/694f60677f23c4a530867a98f22b3768","name":"diario2","image":{"@type":"ImageObject","inLanguage":"es","@id":"https:\/\/secure.gravatar.com\/avatar\/5a2567495ba16b852fcd8f1ed006a2e24fcace936018ed8237e95f488ad6e0a7?s=96&d=mm&r=g","url":"https:\/\/secure.gravatar.com\/avatar\/5a2567495ba16b852fcd8f1ed006a2e24fcace936018ed8237e95f488ad6e0a7?s=96&d=mm&r=g","contentUrl":"https:\/\/secure.gravatar.com\/avatar\/5a2567495ba16b852fcd8f1ed006a2e24fcace936018ed8237e95f488ad6e0a7?s=96&d=mm&r=g","caption":"diario2"},"url":"https:\/\/diariotextual.com\/inicio\/index.php\/author\/diario2\/"}]}},"_links":{"self":[{"href":"https:\/\/diariotextual.com\/inicio\/index.php\/wp-json\/wp\/v2\/posts\/162102","targetHints":{"allow":["GET"]}}],"collection":[{"href":"https:\/\/diariotextual.com\/inicio\/index.php\/wp-json\/wp\/v2\/posts"}],"about":[{"href":"https:\/\/diariotextual.com\/inicio\/index.php\/wp-json\/wp\/v2\/types\/post"}],"author":[{"embeddable":true,"href":"https:\/\/diariotextual.com\/inicio\/index.php\/wp-json\/wp\/v2\/users\/4"}],"replies":[{"embeddable":true,"href":"https:\/\/diariotextual.com\/inicio\/index.php\/wp-json\/wp\/v2\/comments?post=162102"}],"version-history":[{"count":4,"href":"https:\/\/diariotextual.com\/inicio\/index.php\/wp-json\/wp\/v2\/posts\/162102\/revisions"}],"predecessor-version":[{"id":162110,"href":"https:\/\/diariotextual.com\/inicio\/index.php\/wp-json\/wp\/v2\/posts\/162102\/revisions\/162110"}],"wp:featuredmedia":[{"embeddable":true,"href":"https:\/\/diariotextual.com\/inicio\/index.php\/wp-json\/wp\/v2\/media\/162106"}],"wp:attachment":[{"href":"https:\/\/diariotextual.com\/inicio\/index.php\/wp-json\/wp\/v2\/media?parent=162102"}],"wp:term":[{"taxonomy":"category","embeddable":true,"href":"https:\/\/diariotextual.com\/inicio\/index.php\/wp-json\/wp\/v2\/categories?post=162102"},{"taxonomy":"post_tag","embeddable":true,"href":"https:\/\/diariotextual.com\/inicio\/index.php\/wp-json\/wp\/v2\/tags?post=162102"}],"curies":[{"name":"wp","href":"https:\/\/api.w.org\/{rel}","templated":true}]}}