{"id":162117,"date":"2021-09-20T19:00:32","date_gmt":"2021-09-20T22:00:32","guid":{"rendered":"https:\/\/diariotextual.com\/inicio\/?p=162117"},"modified":"2021-09-20T19:47:13","modified_gmt":"2021-09-20T22:47:13","slug":"kroneberger-y-maquieyra-en-la-foto-de-todos-los-candidatos-de-juntos-por-el-cambio","status":"publish","type":"post","link":"https:\/\/diariotextual.com\/inicio\/index.php\/2021\/09\/20\/kroneberger-y-maquieyra-en-la-foto-de-todos-los-candidatos-de-juntos-por-el-cambio\/","title":{"rendered":"Kroneberger y Maquieyra en la foto de todos los candidatos de Juntos por el Cambio"},"content":{"rendered":"\n<p>Con la confirmaci\u00f3n de la <strong>participaci\u00f3n de Daniel Kroneberger y Mart\u00edn Maquieyra<\/strong>, la alianza Juntos por el Cambio (JxC) se reunir\u00e1 este martes, luego de las disputas internas en algunas jurisdicciones, para exhibir a sus candidatos ganadores en los principales distritos del pa\u00eds, tras los resultados de las elecciones primarias, abiertas, simult\u00e1neas y obligatorias (PASO).<\/p>\n\n\n\n<p>Organizado por la Mesa Nacional de JXC, el <strong>encuentro se realizar\u00e1 ma\u00f1ana, a partir de las 14, en el Hotel NH <\/strong>Buenos Aires City, ubicado en Bol\u00edvar 120, a metros de la Plaza de Mayo.<\/p>\n\n\n\n<p>Hasta all\u00ed llegar\u00e1n los principales referentes nacionales de las tres fuerzas que conforman la coalici\u00f3n: Patricia Bullrich del PRO; Maximiliano Ferraro de la Coalici\u00f3n C\u00edvica y Alfredo Cornejo de la UCR, adem\u00e1s de los principales candidatos del pa\u00eds, con la idea de mostrar unidad hacia las generales de noviembre.<\/p>\n\n\n\n<p>Otros participantes del encuentro ser\u00edan el expresidente Mauricio Macri, el titular de la Auditoria General de la Naci\u00f3n, Miguel Pichetto, y el senador Mart\u00edn Lousteau.<\/p>\n\n\n\n<p>Las invitaciones incluyen al n\u00famero uno y dos de cada lista ganadora en todo el pa\u00eds en las elecciones del \u00faltimo 12 de septiembre. \u201c<strong>Si. Ma\u00f1ana est\u00e1 en la foto\u201d, dijeron fuentes cercanas a Daniel Kroneberger (UCR), candidato a senador, junto a su compa\u00f1ero Mart\u00edn Maquieyra (PRO), postulante a renovar su banca en Diputados.<\/strong><\/p>\n\n\n\n<p>En las PASO, <strong>Juntos por el Cambio se impuso en distritos como la Ciudad y la provincia de Buenos Aires, C\u00f3rdoba, Santa Fe, Jujuy, Chaco, Misiones, Corrientes, Entre R\u00edos, San Luis, La Pampa, Mendoza, Chubut, Santa Cruz y Tierra del Fuego.<\/strong><\/p>\n\n\n\n<p>Ma\u00f1ana se aguardan las presencias de los candidatos Mar\u00eda Eugenia Vidal, Mart\u00edn Tetaz, Diego Santilli, Facundo Manes, Luis Juez, Carolina Losada, Mario Negri y Rodrigo de Loredo, entre otros.<\/p>\n","protected":false},"excerpt":{"rendered":"<p>Con la confirmaci\u00f3n de la participaci\u00f3n de Daniel Kroneberger y Mart\u00edn Maquieyra, la alianza Juntos por el Cambio (JxC) se reunir\u00e1 este martes, luego de las disputas internas en algunas&hellip;<\/p>\n","protected":false},"author":5,"featured_media":161222,"comment_status":"closed","ping_status":"open","sticky":false,"template":"","format":"standard","meta":{"_acf_changed":false,"footnotes":""},"categories":[10,8],"tags":[3768,425,381],"class_list":["post-162117","post","type-post","status-publish","format-standard","has-post-thumbnail","hentry","category-portada-2","category-politica","tag-juntos-por-el-cambio","tag-kroneberger","tag-maquieyra"],"acf":[],"yoast_head":"<!-- This site is optimized with the Yoast SEO plugin v27.5 - https:\/\/yoast.com\/product\/yoast-seo-wordpress\/ -->\n<title>Kroneberger y Maquieyra en la foto de todos los candidatos de Juntos por el Cambio - Diario Textual<\/title>\n<meta name=\"robots\" content=\"index, follow, max-snippet:-1, max-image-preview:large, max-video-preview:-1\" \/>\n<link rel=\"canonical\" href=\"https:\/\/diariotextual.com\/inicio\/index.php\/2021\/09\/20\/kroneberger-y-maquieyra-en-la-foto-de-todos-los-candidatos-de-juntos-por-el-cambio\/\" \/>\n<meta property=\"og:locale\" content=\"es_ES\" \/>\n<meta property=\"og:type\" content=\"article\" \/>\n<meta property=\"og:title\" content=\"Kroneberger y Maquieyra en la foto de todos los candidatos de Juntos por el Cambio - Diario Textual\" \/>\n<meta property=\"og:description\" content=\"Con la confirmaci\u00f3n de la participaci\u00f3n de Daniel Kroneberger y Mart\u00edn Maquieyra, la alianza Juntos por el Cambio (JxC) se reunir\u00e1 este martes, luego de las disputas internas en algunas&hellip;\" \/>\n<meta property=\"og:url\" content=\"https:\/\/diariotextual.com\/inicio\/index.php\/2021\/09\/20\/kroneberger-y-maquieyra-en-la-foto-de-todos-los-candidatos-de-juntos-por-el-cambio\/\" \/>\n<meta property=\"og:site_name\" content=\"Diario Textual\" \/>\n<meta property=\"article:publisher\" content=\"https:\/\/www.facebook.com\/eltextual\" \/>\n<meta property=\"article:published_time\" content=\"2021-09-20T22:00:32+00:00\" \/>\n<meta property=\"article:modified_time\" content=\"2021-09-20T22:47:13+00:00\" \/>\n<meta property=\"og:image\" content=\"https:\/\/diariotextual.com\/inicio\/wp-content\/uploads\/2021\/09\/kronebergerdanielmaquieyramartintelam2021-2.jpg\" \/>\n\t<meta property=\"og:image:width\" content=\"915\" \/>\n\t<meta property=\"og:image:height\" content=\"590\" \/>\n\t<meta property=\"og:image:type\" content=\"image\/jpeg\" \/>\n<meta name=\"author\" content=\"diario3\" \/>\n<meta name=\"twitter:card\" content=\"summary_large_image\" \/>\n<meta name=\"twitter:creator\" content=\"@eltextual\" \/>\n<meta name=\"twitter:site\" content=\"@eltextual\" \/>\n<meta name=\"twitter:label1\" content=\"Escrito por\" \/>\n\t<meta name=\"twitter:data1\" content=\"diario3\" \/>\n\t<meta name=\"twitter:label2\" content=\"Tiempo de lectura\" \/>\n\t<meta name=\"twitter:data2\" content=\"2 minutos\" \/>\n<script type=\"application\/ld+json\" class=\"yoast-schema-graph\">{\"@context\":\"https:\\\/\\\/schema.org\",\"@graph\":[{\"@type\":\"Article\",\"@id\":\"https:\\\/\\\/diariotextual.com\\\/inicio\\\/index.php\\\/2021\\\/09\\\/20\\\/kroneberger-y-maquieyra-en-la-foto-de-todos-los-candidatos-de-juntos-por-el-cambio\\\/#article\",\"isPartOf\":{\"@id\":\"https:\\\/\\\/diariotextual.com\\\/inicio\\\/index.php\\\/2021\\\/09\\\/20\\\/kroneberger-y-maquieyra-en-la-foto-de-todos-los-candidatos-de-juntos-por-el-cambio\\\/\"},\"author\":{\"name\":\"diario3\",\"@id\":\"https:\\\/\\\/diariotextual.com\\\/inicio\\\/#\\\/schema\\\/person\\\/a1b6f563e0ee944c60f98119389a4d9f\"},\"headline\":\"Kroneberger y Maquieyra en la foto de todos los candidatos de Juntos por el Cambio\",\"datePublished\":\"2021-09-20T22:00:32+00:00\",\"dateModified\":\"2021-09-20T22:47:13+00:00\",\"mainEntityOfPage\":{\"@id\":\"https:\\\/\\\/diariotextual.com\\\/inicio\\\/index.php\\\/2021\\\/09\\\/20\\\/kroneberger-y-maquieyra-en-la-foto-de-todos-los-candidatos-de-juntos-por-el-cambio\\\/\"},\"wordCount\":326,\"publisher\":{\"@id\":\"https:\\\/\\\/diariotextual.com\\\/inicio\\\/#organization\"},\"image\":{\"@id\":\"https:\\\/\\\/diariotextual.com\\\/inicio\\\/index.php\\\/2021\\\/09\\\/20\\\/kroneberger-y-maquieyra-en-la-foto-de-todos-los-candidatos-de-juntos-por-el-cambio\\\/#primaryimage\"},\"thumbnailUrl\":\"https:\\\/\\\/diariotextual.com\\\/inicio\\\/wp-content\\\/uploads\\\/2021\\\/09\\\/kronebergerdanielmaquieyramartintelam2021-2.jpg\",\"keywords\":[\"Juntos por el cambio\",\"kroneberger\",\"maquieyra\"],\"articleSection\":[\"A - PORTADA2\",\"POLITICA\"],\"inLanguage\":\"es\"},{\"@type\":\"WebPage\",\"@id\":\"https:\\\/\\\/diariotextual.com\\\/inicio\\\/index.php\\\/2021\\\/09\\\/20\\\/kroneberger-y-maquieyra-en-la-foto-de-todos-los-candidatos-de-juntos-por-el-cambio\\\/\",\"url\":\"https:\\\/\\\/diariotextual.com\\\/inicio\\\/index.php\\\/2021\\\/09\\\/20\\\/kroneberger-y-maquieyra-en-la-foto-de-todos-los-candidatos-de-juntos-por-el-cambio\\\/\",\"name\":\"Kroneberger y Maquieyra en la foto de todos los candidatos de Juntos por el Cambio - Diario Textual\",\"isPartOf\":{\"@id\":\"https:\\\/\\\/diariotextual.com\\\/inicio\\\/#website\"},\"primaryImageOfPage\":{\"@id\":\"https:\\\/\\\/diariotextual.com\\\/inicio\\\/index.php\\\/2021\\\/09\\\/20\\\/kroneberger-y-maquieyra-en-la-foto-de-todos-los-candidatos-de-juntos-por-el-cambio\\\/#primaryimage\"},\"image\":{\"@id\":\"https:\\\/\\\/diariotextual.com\\\/inicio\\\/index.php\\\/2021\\\/09\\\/20\\\/kroneberger-y-maquieyra-en-la-foto-de-todos-los-candidatos-de-juntos-por-el-cambio\\\/#primaryimage\"},\"thumbnailUrl\":\"https:\\\/\\\/diariotextual.com\\\/inicio\\\/wp-content\\\/uploads\\\/2021\\\/09\\\/kronebergerdanielmaquieyramartintelam2021-2.jpg\",\"datePublished\":\"2021-09-20T22:00:32+00:00\",\"dateModified\":\"2021-09-20T22:47:13+00:00\",\"breadcrumb\":{\"@id\":\"https:\\\/\\\/diariotextual.com\\\/inicio\\\/index.php\\\/2021\\\/09\\\/20\\\/kroneberger-y-maquieyra-en-la-foto-de-todos-los-candidatos-de-juntos-por-el-cambio\\\/#breadcrumb\"},\"inLanguage\":\"es\",\"potentialAction\":[{\"@type\":\"ReadAction\",\"target\":[\"https:\\\/\\\/diariotextual.com\\\/inicio\\\/index.php\\\/2021\\\/09\\\/20\\\/kroneberger-y-maquieyra-en-la-foto-de-todos-los-candidatos-de-juntos-por-el-cambio\\\/\"]}]},{\"@type\":\"ImageObject\",\"inLanguage\":\"es\",\"@id\":\"https:\\\/\\\/diariotextual.com\\\/inicio\\\/index.php\\\/2021\\\/09\\\/20\\\/kroneberger-y-maquieyra-en-la-foto-de-todos-los-candidatos-de-juntos-por-el-cambio\\\/#primaryimage\",\"url\":\"https:\\\/\\\/diariotextual.com\\\/inicio\\\/wp-content\\\/uploads\\\/2021\\\/09\\\/kronebergerdanielmaquieyramartintelam2021-2.jpg\",\"contentUrl\":\"https:\\\/\\\/diariotextual.com\\\/inicio\\\/wp-content\\\/uploads\\\/2021\\\/09\\\/kronebergerdanielmaquieyramartintelam2021-2.jpg\",\"width\":915,\"height\":590},{\"@type\":\"BreadcrumbList\",\"@id\":\"https:\\\/\\\/diariotextual.com\\\/inicio\\\/index.php\\\/2021\\\/09\\\/20\\\/kroneberger-y-maquieyra-en-la-foto-de-todos-los-candidatos-de-juntos-por-el-cambio\\\/#breadcrumb\",\"itemListElement\":[{\"@type\":\"ListItem\",\"position\":1,\"name\":\"Portada\",\"item\":\"https:\\\/\\\/diariotextual.com\\\/inicio\\\/\"},{\"@type\":\"ListItem\",\"position\":2,\"name\":\"Kroneberger y Maquieyra en la foto de todos los candidatos de Juntos por el Cambio\"}]},{\"@type\":\"WebSite\",\"@id\":\"https:\\\/\\\/diariotextual.com\\\/inicio\\\/#website\",\"url\":\"https:\\\/\\\/diariotextual.com\\\/inicio\\\/\",\"name\":\"Diario Textual\",\"description\":\"\",\"publisher\":{\"@id\":\"https:\\\/\\\/diariotextual.com\\\/inicio\\\/#organization\"},\"potentialAction\":[{\"@type\":\"SearchAction\",\"target\":{\"@type\":\"EntryPoint\",\"urlTemplate\":\"https:\\\/\\\/diariotextual.com\\\/inicio\\\/?s={search_term_string}\"},\"query-input\":{\"@type\":\"PropertyValueSpecification\",\"valueRequired\":true,\"valueName\":\"search_term_string\"}}],\"inLanguage\":\"es\"},{\"@type\":\"Organization\",\"@id\":\"https:\\\/\\\/diariotextual.com\\\/inicio\\\/#organization\",\"name\":\"Diario Textual\",\"url\":\"https:\\\/\\\/diariotextual.com\\\/inicio\\\/\",\"logo\":{\"@type\":\"ImageObject\",\"inLanguage\":\"es\",\"@id\":\"https:\\\/\\\/diariotextual.com\\\/inicio\\\/#\\\/schema\\\/logo\\\/image\\\/\",\"url\":\"https:\\\/\\\/diariotextual.com\\\/inicio\\\/wp-content\\\/uploads\\\/2023\\\/05\\\/logotextual1.jpg\",\"contentUrl\":\"https:\\\/\\\/diariotextual.com\\\/inicio\\\/wp-content\\\/uploads\\\/2023\\\/05\\\/logotextual1.jpg\",\"width\":516,\"height\":76,\"caption\":\"Diario Textual\"},\"image\":{\"@id\":\"https:\\\/\\\/diariotextual.com\\\/inicio\\\/#\\\/schema\\\/logo\\\/image\\\/\"},\"sameAs\":[\"https:\\\/\\\/www.facebook.com\\\/eltextual\",\"https:\\\/\\\/x.com\\\/eltextual\",\"http:\\\/\\\/www.instagram.com\\\/eltextual\"]},{\"@type\":\"Person\",\"@id\":\"https:\\\/\\\/diariotextual.com\\\/inicio\\\/#\\\/schema\\\/person\\\/a1b6f563e0ee944c60f98119389a4d9f\",\"name\":\"diario3\",\"image\":{\"@type\":\"ImageObject\",\"inLanguage\":\"es\",\"@id\":\"https:\\\/\\\/secure.gravatar.com\\\/avatar\\\/5e7ee62c82fc04d9dd79d746a390d93c69c43223e5faeeb3ea9461ef752bfc5d?s=96&d=mm&r=g\",\"url\":\"https:\\\/\\\/secure.gravatar.com\\\/avatar\\\/5e7ee62c82fc04d9dd79d746a390d93c69c43223e5faeeb3ea9461ef752bfc5d?s=96&d=mm&r=g\",\"contentUrl\":\"https:\\\/\\\/secure.gravatar.com\\\/avatar\\\/5e7ee62c82fc04d9dd79d746a390d93c69c43223e5faeeb3ea9461ef752bfc5d?s=96&d=mm&r=g\",\"caption\":\"diario3\"},\"url\":\"https:\\\/\\\/diariotextual.com\\\/inicio\\\/index.php\\\/author\\\/diario3\\\/\"}]}<\/script>\n<!-- \/ Yoast SEO plugin. -->","yoast_head_json":{"title":"Kroneberger y Maquieyra en la foto de todos los candidatos de Juntos por el Cambio - Diario Textual","robots":{"index":"index","follow":"follow","max-snippet":"max-snippet:-1","max-image-preview":"max-image-preview:large","max-video-preview":"max-video-preview:-1"},"canonical":"https:\/\/diariotextual.com\/inicio\/index.php\/2021\/09\/20\/kroneberger-y-maquieyra-en-la-foto-de-todos-los-candidatos-de-juntos-por-el-cambio\/","og_locale":"es_ES","og_type":"article","og_title":"Kroneberger y Maquieyra en la foto de todos los candidatos de Juntos por el Cambio - Diario Textual","og_description":"Con la confirmaci\u00f3n de la participaci\u00f3n de Daniel Kroneberger y Mart\u00edn Maquieyra, la alianza Juntos por el Cambio (JxC) se reunir\u00e1 este martes, luego de las disputas internas en algunas&hellip;","og_url":"https:\/\/diariotextual.com\/inicio\/index.php\/2021\/09\/20\/kroneberger-y-maquieyra-en-la-foto-de-todos-los-candidatos-de-juntos-por-el-cambio\/","og_site_name":"Diario Textual","article_publisher":"https:\/\/www.facebook.com\/eltextual","article_published_time":"2021-09-20T22:00:32+00:00","article_modified_time":"2021-09-20T22:47:13+00:00","og_image":[{"width":915,"height":590,"url":"https:\/\/diariotextual.com\/inicio\/wp-content\/uploads\/2021\/09\/kronebergerdanielmaquieyramartintelam2021-2.jpg","type":"image\/jpeg"}],"author":"diario3","twitter_card":"summary_large_image","twitter_creator":"@eltextual","twitter_site":"@eltextual","twitter_misc":{"Escrito por":"diario3","Tiempo de lectura":"2 minutos"},"schema":{"@context":"https:\/\/schema.org","@graph":[{"@type":"Article","@id":"https:\/\/diariotextual.com\/inicio\/index.php\/2021\/09\/20\/kroneberger-y-maquieyra-en-la-foto-de-todos-los-candidatos-de-juntos-por-el-cambio\/#article","isPartOf":{"@id":"https:\/\/diariotextual.com\/inicio\/index.php\/2021\/09\/20\/kroneberger-y-maquieyra-en-la-foto-de-todos-los-candidatos-de-juntos-por-el-cambio\/"},"author":{"name":"diario3","@id":"https:\/\/diariotextual.com\/inicio\/#\/schema\/person\/a1b6f563e0ee944c60f98119389a4d9f"},"headline":"Kroneberger y Maquieyra en la foto de todos los candidatos de Juntos por el Cambio","datePublished":"2021-09-20T22:00:32+00:00","dateModified":"2021-09-20T22:47:13+00:00","mainEntityOfPage":{"@id":"https:\/\/diariotextual.com\/inicio\/index.php\/2021\/09\/20\/kroneberger-y-maquieyra-en-la-foto-de-todos-los-candidatos-de-juntos-por-el-cambio\/"},"wordCount":326,"publisher":{"@id":"https:\/\/diariotextual.com\/inicio\/#organization"},"image":{"@id":"https:\/\/diariotextual.com\/inicio\/index.php\/2021\/09\/20\/kroneberger-y-maquieyra-en-la-foto-de-todos-los-candidatos-de-juntos-por-el-cambio\/#primaryimage"},"thumbnailUrl":"https:\/\/diariotextual.com\/inicio\/wp-content\/uploads\/2021\/09\/kronebergerdanielmaquieyramartintelam2021-2.jpg","keywords":["Juntos por el cambio","kroneberger","maquieyra"],"articleSection":["A - PORTADA2","POLITICA"],"inLanguage":"es"},{"@type":"WebPage","@id":"https:\/\/diariotextual.com\/inicio\/index.php\/2021\/09\/20\/kroneberger-y-maquieyra-en-la-foto-de-todos-los-candidatos-de-juntos-por-el-cambio\/","url":"https:\/\/diariotextual.com\/inicio\/index.php\/2021\/09\/20\/kroneberger-y-maquieyra-en-la-foto-de-todos-los-candidatos-de-juntos-por-el-cambio\/","name":"Kroneberger y Maquieyra en la foto de todos los candidatos de Juntos por el Cambio - Diario Textual","isPartOf":{"@id":"https:\/\/diariotextual.com\/inicio\/#website"},"primaryImageOfPage":{"@id":"https:\/\/diariotextual.com\/inicio\/index.php\/2021\/09\/20\/kroneberger-y-maquieyra-en-la-foto-de-todos-los-candidatos-de-juntos-por-el-cambio\/#primaryimage"},"image":{"@id":"https:\/\/diariotextual.com\/inicio\/index.php\/2021\/09\/20\/kroneberger-y-maquieyra-en-la-foto-de-todos-los-candidatos-de-juntos-por-el-cambio\/#primaryimage"},"thumbnailUrl":"https:\/\/diariotextual.com\/inicio\/wp-content\/uploads\/2021\/09\/kronebergerdanielmaquieyramartintelam2021-2.jpg","datePublished":"2021-09-20T22:00:32+00:00","dateModified":"2021-09-20T22:47:13+00:00","breadcrumb":{"@id":"https:\/\/diariotextual.com\/inicio\/index.php\/2021\/09\/20\/kroneberger-y-maquieyra-en-la-foto-de-todos-los-candidatos-de-juntos-por-el-cambio\/#breadcrumb"},"inLanguage":"es","potentialAction":[{"@type":"ReadAction","target":["https:\/\/diariotextual.com\/inicio\/index.php\/2021\/09\/20\/kroneberger-y-maquieyra-en-la-foto-de-todos-los-candidatos-de-juntos-por-el-cambio\/"]}]},{"@type":"ImageObject","inLanguage":"es","@id":"https:\/\/diariotextual.com\/inicio\/index.php\/2021\/09\/20\/kroneberger-y-maquieyra-en-la-foto-de-todos-los-candidatos-de-juntos-por-el-cambio\/#primaryimage","url":"https:\/\/diariotextual.com\/inicio\/wp-content\/uploads\/2021\/09\/kronebergerdanielmaquieyramartintelam2021-2.jpg","contentUrl":"https:\/\/diariotextual.com\/inicio\/wp-content\/uploads\/2021\/09\/kronebergerdanielmaquieyramartintelam2021-2.jpg","width":915,"height":590},{"@type":"BreadcrumbList","@id":"https:\/\/diariotextual.com\/inicio\/index.php\/2021\/09\/20\/kroneberger-y-maquieyra-en-la-foto-de-todos-los-candidatos-de-juntos-por-el-cambio\/#breadcrumb","itemListElement":[{"@type":"ListItem","position":1,"name":"Portada","item":"https:\/\/diariotextual.com\/inicio\/"},{"@type":"ListItem","position":2,"name":"Kroneberger y Maquieyra en la foto de todos los candidatos de Juntos por el Cambio"}]},{"@type":"WebSite","@id":"https:\/\/diariotextual.com\/inicio\/#website","url":"https:\/\/diariotextual.com\/inicio\/","name":"Diario Textual","description":"","publisher":{"@id":"https:\/\/diariotextual.com\/inicio\/#organization"},"potentialAction":[{"@type":"SearchAction","target":{"@type":"EntryPoint","urlTemplate":"https:\/\/diariotextual.com\/inicio\/?s={search_term_string}"},"query-input":{"@type":"PropertyValueSpecification","valueRequired":true,"valueName":"search_term_string"}}],"inLanguage":"es"},{"@type":"Organization","@id":"https:\/\/diariotextual.com\/inicio\/#organization","name":"Diario Textual","url":"https:\/\/diariotextual.com\/inicio\/","logo":{"@type":"ImageObject","inLanguage":"es","@id":"https:\/\/diariotextual.com\/inicio\/#\/schema\/logo\/image\/","url":"https:\/\/diariotextual.com\/inicio\/wp-content\/uploads\/2023\/05\/logotextual1.jpg","contentUrl":"https:\/\/diariotextual.com\/inicio\/wp-content\/uploads\/2023\/05\/logotextual1.jpg","width":516,"height":76,"caption":"Diario Textual"},"image":{"@id":"https:\/\/diariotextual.com\/inicio\/#\/schema\/logo\/image\/"},"sameAs":["https:\/\/www.facebook.com\/eltextual","https:\/\/x.com\/eltextual","http:\/\/www.instagram.com\/eltextual"]},{"@type":"Person","@id":"https:\/\/diariotextual.com\/inicio\/#\/schema\/person\/a1b6f563e0ee944c60f98119389a4d9f","name":"diario3","image":{"@type":"ImageObject","inLanguage":"es","@id":"https:\/\/secure.gravatar.com\/avatar\/5e7ee62c82fc04d9dd79d746a390d93c69c43223e5faeeb3ea9461ef752bfc5d?s=96&d=mm&r=g","url":"https:\/\/secure.gravatar.com\/avatar\/5e7ee62c82fc04d9dd79d746a390d93c69c43223e5faeeb3ea9461ef752bfc5d?s=96&d=mm&r=g","contentUrl":"https:\/\/secure.gravatar.com\/avatar\/5e7ee62c82fc04d9dd79d746a390d93c69c43223e5faeeb3ea9461ef752bfc5d?s=96&d=mm&r=g","caption":"diario3"},"url":"https:\/\/diariotextual.com\/inicio\/index.php\/author\/diario3\/"}]}},"_links":{"self":[{"href":"https:\/\/diariotextual.com\/inicio\/index.php\/wp-json\/wp\/v2\/posts\/162117","targetHints":{"allow":["GET"]}}],"collection":[{"href":"https:\/\/diariotextual.com\/inicio\/index.php\/wp-json\/wp\/v2\/posts"}],"about":[{"href":"https:\/\/diariotextual.com\/inicio\/index.php\/wp-json\/wp\/v2\/types\/post"}],"author":[{"embeddable":true,"href":"https:\/\/diariotextual.com\/inicio\/index.php\/wp-json\/wp\/v2\/users\/5"}],"replies":[{"embeddable":true,"href":"https:\/\/diariotextual.com\/inicio\/index.php\/wp-json\/wp\/v2\/comments?post=162117"}],"version-history":[{"count":1,"href":"https:\/\/diariotextual.com\/inicio\/index.php\/wp-json\/wp\/v2\/posts\/162117\/revisions"}],"predecessor-version":[{"id":162118,"href":"https:\/\/diariotextual.com\/inicio\/index.php\/wp-json\/wp\/v2\/posts\/162117\/revisions\/162118"}],"wp:featuredmedia":[{"embeddable":true,"href":"https:\/\/diariotextual.com\/inicio\/index.php\/wp-json\/wp\/v2\/media\/161222"}],"wp:attachment":[{"href":"https:\/\/diariotextual.com\/inicio\/index.php\/wp-json\/wp\/v2\/media?parent=162117"}],"wp:term":[{"taxonomy":"category","embeddable":true,"href":"https:\/\/diariotextual.com\/inicio\/index.php\/wp-json\/wp\/v2\/categories?post=162117"},{"taxonomy":"post_tag","embeddable":true,"href":"https:\/\/diariotextual.com\/inicio\/index.php\/wp-json\/wp\/v2\/tags?post=162117"}],"curies":[{"name":"wp","href":"https:\/\/api.w.org\/{rel}","templated":true}]}}