{"id":162181,"date":"2021-09-21T12:34:49","date_gmt":"2021-09-21T15:34:49","guid":{"rendered":"https:\/\/diariotextual.com\/inicio\/?p=162181"},"modified":"2021-09-21T14:19:25","modified_gmt":"2021-09-21T17:19:25","slug":"en-la-pampa-lanzan-campana-para-compras-de-anteojos-de-las-personas-sin-obra-social","status":"publish","type":"post","link":"https:\/\/diariotextual.com\/inicio\/index.php\/2021\/09\/21\/en-la-pampa-lanzan-campana-para-compras-de-anteojos-de-las-personas-sin-obra-social\/","title":{"rendered":"En La Pampa lanzan campa\u00f1a para compras de anteojos de las personas sin obra social"},"content":{"rendered":"\n<p>La <strong>Asociaci\u00f3n de Oftalm\u00f3logos<\/strong> y la <strong>C\u00e1mara de \u00d3pticos de La Pampa<\/strong> lanzaron este martes la campa\u00f1a<strong> Juntos por tu Visi\u00f3n<\/strong>, que tiene como objetivo educar y prevenir en la atenci\u00f3n primaria de la visi\u00f3n. Entre otros puntos, <strong>pretenden que los pampeanos sin obra social puedan acceder a \u00abprecios econ\u00f3micos\u00bb sus anteojos recetados<\/strong>. Participan unas<strong> 40 \u00f3pticas de toda la provincia.<\/strong><\/p>\n\n\n\n<p>La actividad es organizada con el respaldo de la C\u00e1mara de Comercio de La Pampa -de la que depende la c\u00e1mara de \u00f3pticos-.<\/p>\n\n\n\n<p>Este martes, a las 10.30 horas, las autoridades dieron una conferencia de prensa. Estuvieron la presidenta de la c\u00e1mara, <strong>Graciela B\u00e9jar<\/strong>; el presidente de la Asociaci\u00f3n de Oftalm\u00f3logos, <strong>Tom\u00e1s Ortiz Basso<\/strong>; y los integrantes de la Subcomisi\u00f3n de la C\u00e1mara de Opticos, <strong>Jos\u00e9 Luis Rodr\u00edguez, Alejandra Forl\u00e1n<\/strong> y <strong>Sergio Su\u00e1rez<\/strong>.<\/p>\n\n\n\n<p>\u201cEs una acci\u00f3n importante para toda la comunidad, con el fin de evitar el uso de anteojos no recetados\u201d, dijo B\u00e9jar.<\/p>\n\n\n\n<p>\u00ab<strong>Vemos con mucha preocupaci\u00f3n que cree el uso de anteojos sin prescripci\u00f3n<\/strong>\u00ab, agreg\u00f3 Rodr\u00edguez. \u201cPor eso nos juntamos con la Asociaci\u00f3n de Oftalm\u00f3logos para prevenir y educar a la poblaci\u00f3n\u00bb.<\/p>\n\n\n\n<p>\u00abLa campa\u00f1a -dijo- est\u00e1 principalmente dirigida a la gente y que le es dif\u00edcil llegar a un anteojo de lectura y por eso opta por comprarlo en una calle o en lugares no habilitados\u00bb.<\/p>\n\n\n\n<p><strong>El anteojo completo tendr\u00e1n un precio especial de 2800 pesos, en las correcciones m\u00e1s b\u00e1sicas.<\/strong> El precio ser\u00e1 el mismo en todas las \u00f3pticas que participan del programa.<\/p>\n\n\n\n<p>Seg\u00fan cont\u00f3 Tom\u00e1s Ortiz Basso, la intenci\u00f3n es \u201cgenerar v\u00ednculos profesionales\u201d entre los m\u00e9dicos oftalm\u00f3logos y los \u00f3pticos de La Pampa con el fin de cuidar la salud visual de la poblaci\u00f3n. \u00abQue cada uno cumpla el rol que debe cumplir. El anteojo no puede ser recetado por el \u00f3ptico, tiene que ser recetado por un m\u00e9dico oftalm\u00f3logo. Mucho menos puede ser comprado en la calle, en lugares no habilitados porque se termina perjudicando a la salud\u00bb, dijo.<\/p>\n\n\n\n<p>Tambi\u00e9n se pretende brindar una atenci\u00f3n primaria a la poblaci\u00f3n m\u00e1s vulnerable; prevenir la adquisici\u00f3n de anteojos recetados en lugares no habilitados sin un profesional a cargo; concientizar a la poblaci\u00f3n de la importancia de la visita peri\u00f3dica a un profesional oftalm\u00f3logo; educar a la poblaci\u00f3n que obtenida la atenci\u00f3n oftalmol\u00f3gica concurra a un profesional \u00f3ptico para la realizaci\u00f3n de la prescripci\u00f3n correspondiente; y evaluar, en un per\u00edodo aproximado de cuatro meses, los resultados obtenidos con el fin de proyectar tareas futuras.<\/p>\n\n\n\n<p>Los actores intervinientes en la campa\u00f1a de la salud visual ser\u00e1n los asociados a la C\u00e1mara de \u00d3pticos y Contact\u00f3logos de La Pampa, los m\u00e9dicos oftalm\u00f3logos perteneciente a la Asociaci\u00f3n de Oftalm\u00f3logos de La Pampa y licenciadas y licenciados en Trabajo Social.<\/p>\n\n\n\n<p>A su vez, los y las asistentes sociales confeccionar\u00e1n y realizar\u00e1n una selecci\u00f3n de las personas anotadas en donde se priorizar\u00e1 las personas que no posean obra social y su situaci\u00f3n socio-econ\u00f3mica.<\/p>\n\n\n\n<p>En el caso de los oftalm\u00f3logos, har\u00e1n la atenci\u00f3n de los pacientes seleccionados. En el caso de que los pacientes requieran anteojos, confeccionar\u00e1n la receta en un recetario dise\u00f1ado a tal efecto, en el que tendr\u00e1 adem\u00e1s de la correcci\u00f3n correspondiente el nombre de la campa\u00f1a visual.<\/p>\n\n\n\n<p>A su vez, los \u00f3pticos y contact\u00f3logos recibir\u00e1n las recetas confeccionadas previamente por los m\u00e9dicos oftalm\u00f3logos y realizar\u00e1n las recetas correspondientes, comprometi\u00e9ndose a ofrecer un \u201canteojo solidario\u201d que podr\u00e1 ser obtenido en cualquier de las \u00f3pticas participantes bajo las mismas condiciones.<\/p>\n\n\n\n<p><\/p>\n","protected":false},"excerpt":{"rendered":"<p>La Asociaci\u00f3n de Oftalm\u00f3logos y la C\u00e1mara de \u00d3pticos de La Pampa lanzaron este martes la campa\u00f1a Juntos por tu Visi\u00f3n, que tiene como objetivo educar y prevenir en la&hellip;<\/p>\n","protected":false},"author":3,"featured_media":162267,"comment_status":"closed","ping_status":"open","sticky":false,"template":"","format":"standard","meta":{"_acf_changed":false,"footnotes":""},"categories":[10,12],"tags":[6083,6084],"class_list":["post-162181","post","type-post","status-publish","format-standard","has-post-thumbnail","hentry","category-portada-2","category-sociedad","tag-oftalmologos","tag-ojos"],"acf":[],"yoast_head":"<!-- This site is optimized with the Yoast SEO plugin v27.5 - https:\/\/yoast.com\/product\/yoast-seo-wordpress\/ -->\n<title>En La Pampa lanzan campa\u00f1a para compras de anteojos de las personas sin obra social - Diario Textual<\/title>\n<meta name=\"robots\" content=\"index, follow, max-snippet:-1, max-image-preview:large, max-video-preview:-1\" \/>\n<link rel=\"canonical\" href=\"https:\/\/diariotextual.com\/inicio\/index.php\/2021\/09\/21\/en-la-pampa-lanzan-campana-para-compras-de-anteojos-de-las-personas-sin-obra-social\/\" \/>\n<meta property=\"og:locale\" content=\"es_ES\" \/>\n<meta property=\"og:type\" content=\"article\" \/>\n<meta property=\"og:title\" content=\"En La Pampa lanzan campa\u00f1a para compras de anteojos de las personas sin obra social - Diario Textual\" \/>\n<meta property=\"og:description\" content=\"La Asociaci\u00f3n de Oftalm\u00f3logos y la C\u00e1mara de \u00d3pticos de La Pampa lanzaron este martes la campa\u00f1a Juntos por tu Visi\u00f3n, que tiene como objetivo educar y prevenir en la&hellip;\" \/>\n<meta property=\"og:url\" content=\"https:\/\/diariotextual.com\/inicio\/index.php\/2021\/09\/21\/en-la-pampa-lanzan-campana-para-compras-de-anteojos-de-las-personas-sin-obra-social\/\" \/>\n<meta property=\"og:site_name\" content=\"Diario Textual\" \/>\n<meta property=\"article:publisher\" content=\"https:\/\/www.facebook.com\/eltextual\" \/>\n<meta property=\"article:published_time\" content=\"2021-09-21T15:34:49+00:00\" \/>\n<meta property=\"article:modified_time\" content=\"2021-09-21T17:19:25+00:00\" \/>\n<meta property=\"og:image\" content=\"https:\/\/diariotextual.com\/inicio\/wp-content\/uploads\/2021\/09\/opticoscamaraoftalmologos2021-1.jpeg\" \/>\n\t<meta property=\"og:image:width\" content=\"1600\" \/>\n\t<meta property=\"og:image:height\" content=\"900\" \/>\n\t<meta property=\"og:image:type\" content=\"image\/jpeg\" \/>\n<meta name=\"author\" content=\"Diario1 Diario1\" \/>\n<meta name=\"twitter:card\" content=\"summary_large_image\" \/>\n<meta name=\"twitter:creator\" content=\"@eltextual\" \/>\n<meta name=\"twitter:site\" content=\"@eltextual\" \/>\n<meta name=\"twitter:label1\" content=\"Escrito por\" \/>\n\t<meta name=\"twitter:data1\" content=\"Diario1 Diario1\" \/>\n\t<meta name=\"twitter:label2\" content=\"Tiempo de lectura\" \/>\n\t<meta name=\"twitter:data2\" content=\"3 minutos\" \/>\n<script type=\"application\/ld+json\" class=\"yoast-schema-graph\">{\"@context\":\"https:\\\/\\\/schema.org\",\"@graph\":[{\"@type\":\"Article\",\"@id\":\"https:\\\/\\\/diariotextual.com\\\/inicio\\\/index.php\\\/2021\\\/09\\\/21\\\/en-la-pampa-lanzan-campana-para-compras-de-anteojos-de-las-personas-sin-obra-social\\\/#article\",\"isPartOf\":{\"@id\":\"https:\\\/\\\/diariotextual.com\\\/inicio\\\/index.php\\\/2021\\\/09\\\/21\\\/en-la-pampa-lanzan-campana-para-compras-de-anteojos-de-las-personas-sin-obra-social\\\/\"},\"author\":{\"name\":\"Diario1 Diario1\",\"@id\":\"https:\\\/\\\/diariotextual.com\\\/inicio\\\/#\\\/schema\\\/person\\\/418fc4093c33e86ed41562db3508f958\"},\"headline\":\"En La Pampa lanzan campa\u00f1a para compras de anteojos de las personas sin obra social\",\"datePublished\":\"2021-09-21T15:34:49+00:00\",\"dateModified\":\"2021-09-21T17:19:25+00:00\",\"mainEntityOfPage\":{\"@id\":\"https:\\\/\\\/diariotextual.com\\\/inicio\\\/index.php\\\/2021\\\/09\\\/21\\\/en-la-pampa-lanzan-campana-para-compras-de-anteojos-de-las-personas-sin-obra-social\\\/\"},\"wordCount\":665,\"publisher\":{\"@id\":\"https:\\\/\\\/diariotextual.com\\\/inicio\\\/#organization\"},\"image\":{\"@id\":\"https:\\\/\\\/diariotextual.com\\\/inicio\\\/index.php\\\/2021\\\/09\\\/21\\\/en-la-pampa-lanzan-campana-para-compras-de-anteojos-de-las-personas-sin-obra-social\\\/#primaryimage\"},\"thumbnailUrl\":\"https:\\\/\\\/diariotextual.com\\\/inicio\\\/wp-content\\\/uploads\\\/2021\\\/09\\\/opticoscamaraoftalmologos2021-1.jpeg\",\"keywords\":[\"oftalmologos\",\"ojos\"],\"articleSection\":[\"A - PORTADA2\",\"SOCIEDAD\"],\"inLanguage\":\"es\"},{\"@type\":\"WebPage\",\"@id\":\"https:\\\/\\\/diariotextual.com\\\/inicio\\\/index.php\\\/2021\\\/09\\\/21\\\/en-la-pampa-lanzan-campana-para-compras-de-anteojos-de-las-personas-sin-obra-social\\\/\",\"url\":\"https:\\\/\\\/diariotextual.com\\\/inicio\\\/index.php\\\/2021\\\/09\\\/21\\\/en-la-pampa-lanzan-campana-para-compras-de-anteojos-de-las-personas-sin-obra-social\\\/\",\"name\":\"En La Pampa lanzan campa\u00f1a para compras de anteojos de las personas sin obra social - Diario Textual\",\"isPartOf\":{\"@id\":\"https:\\\/\\\/diariotextual.com\\\/inicio\\\/#website\"},\"primaryImageOfPage\":{\"@id\":\"https:\\\/\\\/diariotextual.com\\\/inicio\\\/index.php\\\/2021\\\/09\\\/21\\\/en-la-pampa-lanzan-campana-para-compras-de-anteojos-de-las-personas-sin-obra-social\\\/#primaryimage\"},\"image\":{\"@id\":\"https:\\\/\\\/diariotextual.com\\\/inicio\\\/index.php\\\/2021\\\/09\\\/21\\\/en-la-pampa-lanzan-campana-para-compras-de-anteojos-de-las-personas-sin-obra-social\\\/#primaryimage\"},\"thumbnailUrl\":\"https:\\\/\\\/diariotextual.com\\\/inicio\\\/wp-content\\\/uploads\\\/2021\\\/09\\\/opticoscamaraoftalmologos2021-1.jpeg\",\"datePublished\":\"2021-09-21T15:34:49+00:00\",\"dateModified\":\"2021-09-21T17:19:25+00:00\",\"breadcrumb\":{\"@id\":\"https:\\\/\\\/diariotextual.com\\\/inicio\\\/index.php\\\/2021\\\/09\\\/21\\\/en-la-pampa-lanzan-campana-para-compras-de-anteojos-de-las-personas-sin-obra-social\\\/#breadcrumb\"},\"inLanguage\":\"es\",\"potentialAction\":[{\"@type\":\"ReadAction\",\"target\":[\"https:\\\/\\\/diariotextual.com\\\/inicio\\\/index.php\\\/2021\\\/09\\\/21\\\/en-la-pampa-lanzan-campana-para-compras-de-anteojos-de-las-personas-sin-obra-social\\\/\"]}]},{\"@type\":\"ImageObject\",\"inLanguage\":\"es\",\"@id\":\"https:\\\/\\\/diariotextual.com\\\/inicio\\\/index.php\\\/2021\\\/09\\\/21\\\/en-la-pampa-lanzan-campana-para-compras-de-anteojos-de-las-personas-sin-obra-social\\\/#primaryimage\",\"url\":\"https:\\\/\\\/diariotextual.com\\\/inicio\\\/wp-content\\\/uploads\\\/2021\\\/09\\\/opticoscamaraoftalmologos2021-1.jpeg\",\"contentUrl\":\"https:\\\/\\\/diariotextual.com\\\/inicio\\\/wp-content\\\/uploads\\\/2021\\\/09\\\/opticoscamaraoftalmologos2021-1.jpeg\",\"width\":1600,\"height\":900},{\"@type\":\"BreadcrumbList\",\"@id\":\"https:\\\/\\\/diariotextual.com\\\/inicio\\\/index.php\\\/2021\\\/09\\\/21\\\/en-la-pampa-lanzan-campana-para-compras-de-anteojos-de-las-personas-sin-obra-social\\\/#breadcrumb\",\"itemListElement\":[{\"@type\":\"ListItem\",\"position\":1,\"name\":\"Portada\",\"item\":\"https:\\\/\\\/diariotextual.com\\\/inicio\\\/\"},{\"@type\":\"ListItem\",\"position\":2,\"name\":\"En La Pampa lanzan campa\u00f1a para compras de anteojos de las personas sin obra social\"}]},{\"@type\":\"WebSite\",\"@id\":\"https:\\\/\\\/diariotextual.com\\\/inicio\\\/#website\",\"url\":\"https:\\\/\\\/diariotextual.com\\\/inicio\\\/\",\"name\":\"Diario Textual\",\"description\":\"\",\"publisher\":{\"@id\":\"https:\\\/\\\/diariotextual.com\\\/inicio\\\/#organization\"},\"potentialAction\":[{\"@type\":\"SearchAction\",\"target\":{\"@type\":\"EntryPoint\",\"urlTemplate\":\"https:\\\/\\\/diariotextual.com\\\/inicio\\\/?s={search_term_string}\"},\"query-input\":{\"@type\":\"PropertyValueSpecification\",\"valueRequired\":true,\"valueName\":\"search_term_string\"}}],\"inLanguage\":\"es\"},{\"@type\":\"Organization\",\"@id\":\"https:\\\/\\\/diariotextual.com\\\/inicio\\\/#organization\",\"name\":\"Diario Textual\",\"url\":\"https:\\\/\\\/diariotextual.com\\\/inicio\\\/\",\"logo\":{\"@type\":\"ImageObject\",\"inLanguage\":\"es\",\"@id\":\"https:\\\/\\\/diariotextual.com\\\/inicio\\\/#\\\/schema\\\/logo\\\/image\\\/\",\"url\":\"https:\\\/\\\/diariotextual.com\\\/inicio\\\/wp-content\\\/uploads\\\/2023\\\/05\\\/logotextual1.jpg\",\"contentUrl\":\"https:\\\/\\\/diariotextual.com\\\/inicio\\\/wp-content\\\/uploads\\\/2023\\\/05\\\/logotextual1.jpg\",\"width\":516,\"height\":76,\"caption\":\"Diario Textual\"},\"image\":{\"@id\":\"https:\\\/\\\/diariotextual.com\\\/inicio\\\/#\\\/schema\\\/logo\\\/image\\\/\"},\"sameAs\":[\"https:\\\/\\\/www.facebook.com\\\/eltextual\",\"https:\\\/\\\/x.com\\\/eltextual\",\"http:\\\/\\\/www.instagram.com\\\/eltextual\"]},{\"@type\":\"Person\",\"@id\":\"https:\\\/\\\/diariotextual.com\\\/inicio\\\/#\\\/schema\\\/person\\\/418fc4093c33e86ed41562db3508f958\",\"name\":\"Diario1 Diario1\",\"image\":{\"@type\":\"ImageObject\",\"inLanguage\":\"es\",\"@id\":\"https:\\\/\\\/secure.gravatar.com\\\/avatar\\\/9167d280179c85bc18be67aa7eda765854300033af4896dd779b608640f2ef7a?s=96&d=mm&r=g\",\"url\":\"https:\\\/\\\/secure.gravatar.com\\\/avatar\\\/9167d280179c85bc18be67aa7eda765854300033af4896dd779b608640f2ef7a?s=96&d=mm&r=g\",\"contentUrl\":\"https:\\\/\\\/secure.gravatar.com\\\/avatar\\\/9167d280179c85bc18be67aa7eda765854300033af4896dd779b608640f2ef7a?s=96&d=mm&r=g\",\"caption\":\"Diario1 Diario1\"},\"url\":\"https:\\\/\\\/diariotextual.com\\\/inicio\\\/index.php\\\/author\\\/diario1\\\/\"}]}<\/script>\n<!-- \/ Yoast SEO plugin. -->","yoast_head_json":{"title":"En La Pampa lanzan campa\u00f1a para compras de anteojos de las personas sin obra social - Diario Textual","robots":{"index":"index","follow":"follow","max-snippet":"max-snippet:-1","max-image-preview":"max-image-preview:large","max-video-preview":"max-video-preview:-1"},"canonical":"https:\/\/diariotextual.com\/inicio\/index.php\/2021\/09\/21\/en-la-pampa-lanzan-campana-para-compras-de-anteojos-de-las-personas-sin-obra-social\/","og_locale":"es_ES","og_type":"article","og_title":"En La Pampa lanzan campa\u00f1a para compras de anteojos de las personas sin obra social - Diario Textual","og_description":"La Asociaci\u00f3n de Oftalm\u00f3logos y la C\u00e1mara de \u00d3pticos de La Pampa lanzaron este martes la campa\u00f1a Juntos por tu Visi\u00f3n, que tiene como objetivo educar y prevenir en la&hellip;","og_url":"https:\/\/diariotextual.com\/inicio\/index.php\/2021\/09\/21\/en-la-pampa-lanzan-campana-para-compras-de-anteojos-de-las-personas-sin-obra-social\/","og_site_name":"Diario Textual","article_publisher":"https:\/\/www.facebook.com\/eltextual","article_published_time":"2021-09-21T15:34:49+00:00","article_modified_time":"2021-09-21T17:19:25+00:00","og_image":[{"width":1600,"height":900,"url":"https:\/\/diariotextual.com\/inicio\/wp-content\/uploads\/2021\/09\/opticoscamaraoftalmologos2021-1.jpeg","type":"image\/jpeg"}],"author":"Diario1 Diario1","twitter_card":"summary_large_image","twitter_creator":"@eltextual","twitter_site":"@eltextual","twitter_misc":{"Escrito por":"Diario1 Diario1","Tiempo de lectura":"3 minutos"},"schema":{"@context":"https:\/\/schema.org","@graph":[{"@type":"Article","@id":"https:\/\/diariotextual.com\/inicio\/index.php\/2021\/09\/21\/en-la-pampa-lanzan-campana-para-compras-de-anteojos-de-las-personas-sin-obra-social\/#article","isPartOf":{"@id":"https:\/\/diariotextual.com\/inicio\/index.php\/2021\/09\/21\/en-la-pampa-lanzan-campana-para-compras-de-anteojos-de-las-personas-sin-obra-social\/"},"author":{"name":"Diario1 Diario1","@id":"https:\/\/diariotextual.com\/inicio\/#\/schema\/person\/418fc4093c33e86ed41562db3508f958"},"headline":"En La Pampa lanzan campa\u00f1a para compras de anteojos de las personas sin obra social","datePublished":"2021-09-21T15:34:49+00:00","dateModified":"2021-09-21T17:19:25+00:00","mainEntityOfPage":{"@id":"https:\/\/diariotextual.com\/inicio\/index.php\/2021\/09\/21\/en-la-pampa-lanzan-campana-para-compras-de-anteojos-de-las-personas-sin-obra-social\/"},"wordCount":665,"publisher":{"@id":"https:\/\/diariotextual.com\/inicio\/#organization"},"image":{"@id":"https:\/\/diariotextual.com\/inicio\/index.php\/2021\/09\/21\/en-la-pampa-lanzan-campana-para-compras-de-anteojos-de-las-personas-sin-obra-social\/#primaryimage"},"thumbnailUrl":"https:\/\/diariotextual.com\/inicio\/wp-content\/uploads\/2021\/09\/opticoscamaraoftalmologos2021-1.jpeg","keywords":["oftalmologos","ojos"],"articleSection":["A - PORTADA2","SOCIEDAD"],"inLanguage":"es"},{"@type":"WebPage","@id":"https:\/\/diariotextual.com\/inicio\/index.php\/2021\/09\/21\/en-la-pampa-lanzan-campana-para-compras-de-anteojos-de-las-personas-sin-obra-social\/","url":"https:\/\/diariotextual.com\/inicio\/index.php\/2021\/09\/21\/en-la-pampa-lanzan-campana-para-compras-de-anteojos-de-las-personas-sin-obra-social\/","name":"En La Pampa lanzan campa\u00f1a para compras de anteojos de las personas sin obra social - Diario Textual","isPartOf":{"@id":"https:\/\/diariotextual.com\/inicio\/#website"},"primaryImageOfPage":{"@id":"https:\/\/diariotextual.com\/inicio\/index.php\/2021\/09\/21\/en-la-pampa-lanzan-campana-para-compras-de-anteojos-de-las-personas-sin-obra-social\/#primaryimage"},"image":{"@id":"https:\/\/diariotextual.com\/inicio\/index.php\/2021\/09\/21\/en-la-pampa-lanzan-campana-para-compras-de-anteojos-de-las-personas-sin-obra-social\/#primaryimage"},"thumbnailUrl":"https:\/\/diariotextual.com\/inicio\/wp-content\/uploads\/2021\/09\/opticoscamaraoftalmologos2021-1.jpeg","datePublished":"2021-09-21T15:34:49+00:00","dateModified":"2021-09-21T17:19:25+00:00","breadcrumb":{"@id":"https:\/\/diariotextual.com\/inicio\/index.php\/2021\/09\/21\/en-la-pampa-lanzan-campana-para-compras-de-anteojos-de-las-personas-sin-obra-social\/#breadcrumb"},"inLanguage":"es","potentialAction":[{"@type":"ReadAction","target":["https:\/\/diariotextual.com\/inicio\/index.php\/2021\/09\/21\/en-la-pampa-lanzan-campana-para-compras-de-anteojos-de-las-personas-sin-obra-social\/"]}]},{"@type":"ImageObject","inLanguage":"es","@id":"https:\/\/diariotextual.com\/inicio\/index.php\/2021\/09\/21\/en-la-pampa-lanzan-campana-para-compras-de-anteojos-de-las-personas-sin-obra-social\/#primaryimage","url":"https:\/\/diariotextual.com\/inicio\/wp-content\/uploads\/2021\/09\/opticoscamaraoftalmologos2021-1.jpeg","contentUrl":"https:\/\/diariotextual.com\/inicio\/wp-content\/uploads\/2021\/09\/opticoscamaraoftalmologos2021-1.jpeg","width":1600,"height":900},{"@type":"BreadcrumbList","@id":"https:\/\/diariotextual.com\/inicio\/index.php\/2021\/09\/21\/en-la-pampa-lanzan-campana-para-compras-de-anteojos-de-las-personas-sin-obra-social\/#breadcrumb","itemListElement":[{"@type":"ListItem","position":1,"name":"Portada","item":"https:\/\/diariotextual.com\/inicio\/"},{"@type":"ListItem","position":2,"name":"En La Pampa lanzan campa\u00f1a para compras de anteojos de las personas sin obra social"}]},{"@type":"WebSite","@id":"https:\/\/diariotextual.com\/inicio\/#website","url":"https:\/\/diariotextual.com\/inicio\/","name":"Diario Textual","description":"","publisher":{"@id":"https:\/\/diariotextual.com\/inicio\/#organization"},"potentialAction":[{"@type":"SearchAction","target":{"@type":"EntryPoint","urlTemplate":"https:\/\/diariotextual.com\/inicio\/?s={search_term_string}"},"query-input":{"@type":"PropertyValueSpecification","valueRequired":true,"valueName":"search_term_string"}}],"inLanguage":"es"},{"@type":"Organization","@id":"https:\/\/diariotextual.com\/inicio\/#organization","name":"Diario Textual","url":"https:\/\/diariotextual.com\/inicio\/","logo":{"@type":"ImageObject","inLanguage":"es","@id":"https:\/\/diariotextual.com\/inicio\/#\/schema\/logo\/image\/","url":"https:\/\/diariotextual.com\/inicio\/wp-content\/uploads\/2023\/05\/logotextual1.jpg","contentUrl":"https:\/\/diariotextual.com\/inicio\/wp-content\/uploads\/2023\/05\/logotextual1.jpg","width":516,"height":76,"caption":"Diario Textual"},"image":{"@id":"https:\/\/diariotextual.com\/inicio\/#\/schema\/logo\/image\/"},"sameAs":["https:\/\/www.facebook.com\/eltextual","https:\/\/x.com\/eltextual","http:\/\/www.instagram.com\/eltextual"]},{"@type":"Person","@id":"https:\/\/diariotextual.com\/inicio\/#\/schema\/person\/418fc4093c33e86ed41562db3508f958","name":"Diario1 Diario1","image":{"@type":"ImageObject","inLanguage":"es","@id":"https:\/\/secure.gravatar.com\/avatar\/9167d280179c85bc18be67aa7eda765854300033af4896dd779b608640f2ef7a?s=96&d=mm&r=g","url":"https:\/\/secure.gravatar.com\/avatar\/9167d280179c85bc18be67aa7eda765854300033af4896dd779b608640f2ef7a?s=96&d=mm&r=g","contentUrl":"https:\/\/secure.gravatar.com\/avatar\/9167d280179c85bc18be67aa7eda765854300033af4896dd779b608640f2ef7a?s=96&d=mm&r=g","caption":"Diario1 Diario1"},"url":"https:\/\/diariotextual.com\/inicio\/index.php\/author\/diario1\/"}]}},"_links":{"self":[{"href":"https:\/\/diariotextual.com\/inicio\/index.php\/wp-json\/wp\/v2\/posts\/162181","targetHints":{"allow":["GET"]}}],"collection":[{"href":"https:\/\/diariotextual.com\/inicio\/index.php\/wp-json\/wp\/v2\/posts"}],"about":[{"href":"https:\/\/diariotextual.com\/inicio\/index.php\/wp-json\/wp\/v2\/types\/post"}],"author":[{"embeddable":true,"href":"https:\/\/diariotextual.com\/inicio\/index.php\/wp-json\/wp\/v2\/users\/3"}],"replies":[{"embeddable":true,"href":"https:\/\/diariotextual.com\/inicio\/index.php\/wp-json\/wp\/v2\/comments?post=162181"}],"version-history":[{"count":11,"href":"https:\/\/diariotextual.com\/inicio\/index.php\/wp-json\/wp\/v2\/posts\/162181\/revisions"}],"predecessor-version":[{"id":162274,"href":"https:\/\/diariotextual.com\/inicio\/index.php\/wp-json\/wp\/v2\/posts\/162181\/revisions\/162274"}],"wp:featuredmedia":[{"embeddable":true,"href":"https:\/\/diariotextual.com\/inicio\/index.php\/wp-json\/wp\/v2\/media\/162267"}],"wp:attachment":[{"href":"https:\/\/diariotextual.com\/inicio\/index.php\/wp-json\/wp\/v2\/media?parent=162181"}],"wp:term":[{"taxonomy":"category","embeddable":true,"href":"https:\/\/diariotextual.com\/inicio\/index.php\/wp-json\/wp\/v2\/categories?post=162181"},{"taxonomy":"post_tag","embeddable":true,"href":"https:\/\/diariotextual.com\/inicio\/index.php\/wp-json\/wp\/v2\/tags?post=162181"}],"curies":[{"name":"wp","href":"https:\/\/api.w.org\/{rel}","templated":true}]}}