{"id":162185,"date":"2021-09-21T08:49:58","date_gmt":"2021-09-21T11:49:58","guid":{"rendered":"https:\/\/diariotextual.com\/inicio\/?p=162185"},"modified":"2021-09-21T18:01:08","modified_gmt":"2021-09-21T21:01:08","slug":"el-gobierno-anuncio-que-dejara-de-ser-obligatorio-el-uso-de-barbijos-al-aire-libre","status":"publish","type":"post","link":"https:\/\/diariotextual.com\/inicio\/index.php\/2021\/09\/21\/el-gobierno-anuncio-que-dejara-de-ser-obligatorio-el-uso-de-barbijos-al-aire-libre\/","title":{"rendered":"Aclaraci\u00f3n: el fin del barbijo al aire libre ser\u00e1 desde el 1 de octubre"},"content":{"rendered":"\n<p><\/p>\n\n\n\n<p>Luego de la conferencia de prensa que este martes brindaron el nuevo jefe de Gabinete, Julio Manzur, y de la ministra de Salud, Carla Vizzotti, los principales diarios del pa\u00eds \u2013hasta el sitio oficial Telam\u2013 interpretaron que la desobligaci\u00f3n del uso de barbijos en espacios abiertos reg\u00eda desde hoy. Sin embargo, <strong>un hilo de Twitter de la ministra de Salud de la Naci\u00f3n, Carla Vizzotti, dej\u00f3 claro que la medida rige a partir del 1 de octubre pr\u00f3ximo.<\/strong><\/p>\n\n\n\n<p>\u00abContin\u00faa siendo obligatoria en lugares cerrados (aula, cine, teatro, \u00e1mbitos de trabajo, transporte p\u00fablico, espect\u00e1culos y eventos masivos) y al aire libre cuando hay aglomerados de personas\u00bb, aclar\u00f3.<\/p>\n\n\n\n<p>En tanto, <strong>se autorizan las reuniones sociales sin l\u00edmites de personas<\/strong>, cumpliendo las medidas de prevenci\u00f3n, tapabocas, distancia y ventilaci\u00f3n.<\/p>\n\n\n\n<p>En tanto, <strong>se permite un aforo del 100% en actividades econ\u00f3micas, industriales, comerciales, de servicios, religiosas, culturales, deportivas, recreativas y sociales en lugares cerrados<\/strong> manteniendo las medidas de prevenci\u00f3n, tapaboca, distancia y ventilaci\u00f3n.<\/p>\n\n\n\n<p>La funcionaria hab\u00eda expresado esta ma\u00f1ana durante la conferencia de prensa junto con el jefe de Gabinete, Juan Manzur, que el DNU vigente reg\u00eda hasta esa fecha con lo cual <strong>se infiere que es hasta entonces \u20131 de octubre\u2013que la utilizaci\u00f3n de usar barbijo en la calle es obligatorio.<\/strong><\/p>\n\n\n\n<p>\u201cCon el avance del Presidente, el Jefe de Gabinete, empezamos hoy mismo a trabajar con todas las \u00e1reas de los ministerios, las 24 jurisdicciones, los expertos y juntos a legal y t\u00e9cnica, para generar un marco normativo primero con una decisi\u00f3n administrativa del Jefe de Gabinete hasta que podamos tener un marco del pr\u00f3ximo DNU y la decisi\u00f3n administrativa que vence el primero de octubre\u201d, afirm\u00f3.<\/p>\n\n\n\n<p>Sin embargo, fue general la interpretaci\u00f3n de que desde hoy mismo, en pleno d\u00eda de la Primavera, ya no era necesaria la barrera de protecci\u00f3n al aire libre, siempre y cuando, no se est\u00e9 en medio de una aglomeraci\u00f3n de gente. Pero <strong>un hilo de Twitter publicado despu\u00e9s por Vizzotti dej\u00f3 en claro la situaci\u00f3n.<\/strong><\/p>\n\n\n\n<p>\u201cPor instrucci\u00f3n del Presidente y del Jefe de gabinete de ministros, las carteras de Salud, Turismo y Deporte, Interior. Seguridad, Canciller\u00eda, junto con las 24 jurisdicciones y expertos, <strong>trabajaremos en la renovaci\u00f3n del DNU y las DA para desde el 1 de octubre avanzar en:<\/strong>\u201d, fue el primer tuit del hilo que public\u00f3 la ministra en la red social.<\/p>\n\n\n\n<p>Y a continuaci\u00f3n indic\u00f3 que desde <strong>ese 1 de octubre \u201cse levanta la obligatoriedad de tapabocas al aire libre cuando no haya aglomeraci\u00f3n de personas. Manteniendo las medidas de prevenci\u00f3n<\/strong> y siguiendo los protocolos recomendados: reuniones sociales sin l\u00edmites de personas\u201d.<\/p>\n\n\n\n<p>Tambi\u00e9n se habilitan los viajes de jubilados y jubiladas, egresados y egresadas y principales de estudiantes o similares siguiendo los protocolos recomendados.<\/p>\n\n\n\n<p>En tanto, vuelven a abrir las discotecas con aforo del 50%, con esquema completo de vacuna (14 d\u00edas previos al evento). Naci\u00f3n dijo que es la actividad de mayor riesgo, teniendo en cuenta la variante Delta.<\/p>\n\n\n\n<p>-A su vez, los salones de fiestas, bailes o actividades similares se habilitan para personas que acrediten esquema completo de vacuna (14 d\u00edas previos al evento) o una dosis m\u00e1s test diagnostico (PCR o Ant\u00edgeno) negativo dentro de las 48 horas previas al evento. Protocolo especial para las fiestas de 15 o para menores de 17 a\u00f1os mientras avance la vacunaci\u00f3n en los y las adolescentes<\/p>\n\n\n\n<p>En tanto, son permitidos los eventos masivos de m\u00e1s de mil personas. A partir del 1 de octubre se habilita con aforo del 50%, y se trabajar\u00e1 con los actores involucrados el protocolo espec\u00edfico en relaci\u00f3n a los requisitos.<\/p>\n\n\n\n<p><\/p>\n\n\n\n<p><\/p>\n","protected":false},"excerpt":{"rendered":"<p>Luego de la conferencia de prensa que este martes brindaron el nuevo jefe de Gabinete, Julio Manzur, y de la ministra de Salud, Carla Vizzotti, los principales diarios del pa\u00eds&hellip;<\/p>\n","protected":false},"author":3,"featured_media":162190,"comment_status":"closed","ping_status":"open","sticky":false,"template":"","format":"standard","meta":{"_acf_changed":false,"footnotes":""},"categories":[10,12],"tags":[3153],"class_list":["post-162185","post","type-post","status-publish","format-standard","has-post-thumbnail","hentry","category-portada-2","category-sociedad","tag-barbijo"],"acf":[],"yoast_head":"<!-- This site is optimized with the Yoast SEO plugin v27.5 - https:\/\/yoast.com\/product\/yoast-seo-wordpress\/ -->\n<title>Aclaraci\u00f3n: el fin del barbijo al aire libre ser\u00e1 desde el 1 de octubre - Diario Textual<\/title>\n<meta name=\"robots\" content=\"index, follow, max-snippet:-1, max-image-preview:large, max-video-preview:-1\" \/>\n<link rel=\"canonical\" href=\"https:\/\/diariotextual.com\/inicio\/index.php\/2021\/09\/21\/el-gobierno-anuncio-que-dejara-de-ser-obligatorio-el-uso-de-barbijos-al-aire-libre\/\" \/>\n<meta property=\"og:locale\" content=\"es_ES\" \/>\n<meta property=\"og:type\" content=\"article\" \/>\n<meta property=\"og:title\" content=\"Aclaraci\u00f3n: el fin del barbijo al aire libre ser\u00e1 desde el 1 de octubre - Diario Textual\" \/>\n<meta property=\"og:description\" content=\"Luego de la conferencia de prensa que este martes brindaron el nuevo jefe de Gabinete, Julio Manzur, y de la ministra de Salud, Carla Vizzotti, los principales diarios del pa\u00eds&hellip;\" \/>\n<meta property=\"og:url\" content=\"https:\/\/diariotextual.com\/inicio\/index.php\/2021\/09\/21\/el-gobierno-anuncio-que-dejara-de-ser-obligatorio-el-uso-de-barbijos-al-aire-libre\/\" \/>\n<meta property=\"og:site_name\" content=\"Diario Textual\" \/>\n<meta property=\"article:publisher\" content=\"https:\/\/www.facebook.com\/eltextual\" \/>\n<meta property=\"article:published_time\" content=\"2021-09-21T11:49:58+00:00\" \/>\n<meta property=\"article:modified_time\" content=\"2021-09-21T21:01:08+00:00\" \/>\n<meta property=\"og:image\" content=\"https:\/\/diariotextual.com\/inicio\/wp-content\/uploads\/2021\/09\/manzurjuanvizzotticarla2021-1.jpeg\" \/>\n\t<meta property=\"og:image:width\" content=\"1600\" \/>\n\t<meta property=\"og:image:height\" content=\"1066\" \/>\n\t<meta property=\"og:image:type\" content=\"image\/jpeg\" \/>\n<meta name=\"author\" content=\"Diario1 Diario1\" \/>\n<meta name=\"twitter:card\" content=\"summary_large_image\" \/>\n<meta name=\"twitter:creator\" content=\"@eltextual\" \/>\n<meta name=\"twitter:site\" content=\"@eltextual\" \/>\n<meta name=\"twitter:label1\" content=\"Escrito por\" \/>\n\t<meta name=\"twitter:data1\" content=\"Diario1 Diario1\" \/>\n\t<meta name=\"twitter:label2\" content=\"Tiempo de lectura\" \/>\n\t<meta name=\"twitter:data2\" content=\"3 minutos\" \/>\n<script type=\"application\/ld+json\" class=\"yoast-schema-graph\">{\"@context\":\"https:\\\/\\\/schema.org\",\"@graph\":[{\"@type\":\"Article\",\"@id\":\"https:\\\/\\\/diariotextual.com\\\/inicio\\\/index.php\\\/2021\\\/09\\\/21\\\/el-gobierno-anuncio-que-dejara-de-ser-obligatorio-el-uso-de-barbijos-al-aire-libre\\\/#article\",\"isPartOf\":{\"@id\":\"https:\\\/\\\/diariotextual.com\\\/inicio\\\/index.php\\\/2021\\\/09\\\/21\\\/el-gobierno-anuncio-que-dejara-de-ser-obligatorio-el-uso-de-barbijos-al-aire-libre\\\/\"},\"author\":{\"name\":\"Diario1 Diario1\",\"@id\":\"https:\\\/\\\/diariotextual.com\\\/inicio\\\/#\\\/schema\\\/person\\\/418fc4093c33e86ed41562db3508f958\"},\"headline\":\"Aclaraci\u00f3n: el fin del barbijo al aire libre ser\u00e1 desde el 1 de octubre\",\"datePublished\":\"2021-09-21T11:49:58+00:00\",\"dateModified\":\"2021-09-21T21:01:08+00:00\",\"mainEntityOfPage\":{\"@id\":\"https:\\\/\\\/diariotextual.com\\\/inicio\\\/index.php\\\/2021\\\/09\\\/21\\\/el-gobierno-anuncio-que-dejara-de-ser-obligatorio-el-uso-de-barbijos-al-aire-libre\\\/\"},\"wordCount\":638,\"publisher\":{\"@id\":\"https:\\\/\\\/diariotextual.com\\\/inicio\\\/#organization\"},\"image\":{\"@id\":\"https:\\\/\\\/diariotextual.com\\\/inicio\\\/index.php\\\/2021\\\/09\\\/21\\\/el-gobierno-anuncio-que-dejara-de-ser-obligatorio-el-uso-de-barbijos-al-aire-libre\\\/#primaryimage\"},\"thumbnailUrl\":\"https:\\\/\\\/diariotextual.com\\\/inicio\\\/wp-content\\\/uploads\\\/2021\\\/09\\\/manzurjuanvizzotticarla2021-1.jpeg\",\"keywords\":[\"barbijo\"],\"articleSection\":[\"A - PORTADA2\",\"SOCIEDAD\"],\"inLanguage\":\"es\"},{\"@type\":\"WebPage\",\"@id\":\"https:\\\/\\\/diariotextual.com\\\/inicio\\\/index.php\\\/2021\\\/09\\\/21\\\/el-gobierno-anuncio-que-dejara-de-ser-obligatorio-el-uso-de-barbijos-al-aire-libre\\\/\",\"url\":\"https:\\\/\\\/diariotextual.com\\\/inicio\\\/index.php\\\/2021\\\/09\\\/21\\\/el-gobierno-anuncio-que-dejara-de-ser-obligatorio-el-uso-de-barbijos-al-aire-libre\\\/\",\"name\":\"Aclaraci\u00f3n: el fin del barbijo al aire libre ser\u00e1 desde el 1 de octubre - Diario Textual\",\"isPartOf\":{\"@id\":\"https:\\\/\\\/diariotextual.com\\\/inicio\\\/#website\"},\"primaryImageOfPage\":{\"@id\":\"https:\\\/\\\/diariotextual.com\\\/inicio\\\/index.php\\\/2021\\\/09\\\/21\\\/el-gobierno-anuncio-que-dejara-de-ser-obligatorio-el-uso-de-barbijos-al-aire-libre\\\/#primaryimage\"},\"image\":{\"@id\":\"https:\\\/\\\/diariotextual.com\\\/inicio\\\/index.php\\\/2021\\\/09\\\/21\\\/el-gobierno-anuncio-que-dejara-de-ser-obligatorio-el-uso-de-barbijos-al-aire-libre\\\/#primaryimage\"},\"thumbnailUrl\":\"https:\\\/\\\/diariotextual.com\\\/inicio\\\/wp-content\\\/uploads\\\/2021\\\/09\\\/manzurjuanvizzotticarla2021-1.jpeg\",\"datePublished\":\"2021-09-21T11:49:58+00:00\",\"dateModified\":\"2021-09-21T21:01:08+00:00\",\"breadcrumb\":{\"@id\":\"https:\\\/\\\/diariotextual.com\\\/inicio\\\/index.php\\\/2021\\\/09\\\/21\\\/el-gobierno-anuncio-que-dejara-de-ser-obligatorio-el-uso-de-barbijos-al-aire-libre\\\/#breadcrumb\"},\"inLanguage\":\"es\",\"potentialAction\":[{\"@type\":\"ReadAction\",\"target\":[\"https:\\\/\\\/diariotextual.com\\\/inicio\\\/index.php\\\/2021\\\/09\\\/21\\\/el-gobierno-anuncio-que-dejara-de-ser-obligatorio-el-uso-de-barbijos-al-aire-libre\\\/\"]}]},{\"@type\":\"ImageObject\",\"inLanguage\":\"es\",\"@id\":\"https:\\\/\\\/diariotextual.com\\\/inicio\\\/index.php\\\/2021\\\/09\\\/21\\\/el-gobierno-anuncio-que-dejara-de-ser-obligatorio-el-uso-de-barbijos-al-aire-libre\\\/#primaryimage\",\"url\":\"https:\\\/\\\/diariotextual.com\\\/inicio\\\/wp-content\\\/uploads\\\/2021\\\/09\\\/manzurjuanvizzotticarla2021-1.jpeg\",\"contentUrl\":\"https:\\\/\\\/diariotextual.com\\\/inicio\\\/wp-content\\\/uploads\\\/2021\\\/09\\\/manzurjuanvizzotticarla2021-1.jpeg\",\"width\":1600,\"height\":1066},{\"@type\":\"BreadcrumbList\",\"@id\":\"https:\\\/\\\/diariotextual.com\\\/inicio\\\/index.php\\\/2021\\\/09\\\/21\\\/el-gobierno-anuncio-que-dejara-de-ser-obligatorio-el-uso-de-barbijos-al-aire-libre\\\/#breadcrumb\",\"itemListElement\":[{\"@type\":\"ListItem\",\"position\":1,\"name\":\"Portada\",\"item\":\"https:\\\/\\\/diariotextual.com\\\/inicio\\\/\"},{\"@type\":\"ListItem\",\"position\":2,\"name\":\"Aclaraci\u00f3n: el fin del barbijo al aire libre ser\u00e1 desde el 1 de octubre\"}]},{\"@type\":\"WebSite\",\"@id\":\"https:\\\/\\\/diariotextual.com\\\/inicio\\\/#website\",\"url\":\"https:\\\/\\\/diariotextual.com\\\/inicio\\\/\",\"name\":\"Diario Textual\",\"description\":\"\",\"publisher\":{\"@id\":\"https:\\\/\\\/diariotextual.com\\\/inicio\\\/#organization\"},\"potentialAction\":[{\"@type\":\"SearchAction\",\"target\":{\"@type\":\"EntryPoint\",\"urlTemplate\":\"https:\\\/\\\/diariotextual.com\\\/inicio\\\/?s={search_term_string}\"},\"query-input\":{\"@type\":\"PropertyValueSpecification\",\"valueRequired\":true,\"valueName\":\"search_term_string\"}}],\"inLanguage\":\"es\"},{\"@type\":\"Organization\",\"@id\":\"https:\\\/\\\/diariotextual.com\\\/inicio\\\/#organization\",\"name\":\"Diario Textual\",\"url\":\"https:\\\/\\\/diariotextual.com\\\/inicio\\\/\",\"logo\":{\"@type\":\"ImageObject\",\"inLanguage\":\"es\",\"@id\":\"https:\\\/\\\/diariotextual.com\\\/inicio\\\/#\\\/schema\\\/logo\\\/image\\\/\",\"url\":\"https:\\\/\\\/diariotextual.com\\\/inicio\\\/wp-content\\\/uploads\\\/2023\\\/05\\\/logotextual1.jpg\",\"contentUrl\":\"https:\\\/\\\/diariotextual.com\\\/inicio\\\/wp-content\\\/uploads\\\/2023\\\/05\\\/logotextual1.jpg\",\"width\":516,\"height\":76,\"caption\":\"Diario Textual\"},\"image\":{\"@id\":\"https:\\\/\\\/diariotextual.com\\\/inicio\\\/#\\\/schema\\\/logo\\\/image\\\/\"},\"sameAs\":[\"https:\\\/\\\/www.facebook.com\\\/eltextual\",\"https:\\\/\\\/x.com\\\/eltextual\",\"http:\\\/\\\/www.instagram.com\\\/eltextual\"]},{\"@type\":\"Person\",\"@id\":\"https:\\\/\\\/diariotextual.com\\\/inicio\\\/#\\\/schema\\\/person\\\/418fc4093c33e86ed41562db3508f958\",\"name\":\"Diario1 Diario1\",\"image\":{\"@type\":\"ImageObject\",\"inLanguage\":\"es\",\"@id\":\"https:\\\/\\\/secure.gravatar.com\\\/avatar\\\/9167d280179c85bc18be67aa7eda765854300033af4896dd779b608640f2ef7a?s=96&d=mm&r=g\",\"url\":\"https:\\\/\\\/secure.gravatar.com\\\/avatar\\\/9167d280179c85bc18be67aa7eda765854300033af4896dd779b608640f2ef7a?s=96&d=mm&r=g\",\"contentUrl\":\"https:\\\/\\\/secure.gravatar.com\\\/avatar\\\/9167d280179c85bc18be67aa7eda765854300033af4896dd779b608640f2ef7a?s=96&d=mm&r=g\",\"caption\":\"Diario1 Diario1\"},\"url\":\"https:\\\/\\\/diariotextual.com\\\/inicio\\\/index.php\\\/author\\\/diario1\\\/\"}]}<\/script>\n<!-- \/ Yoast SEO plugin. -->","yoast_head_json":{"title":"Aclaraci\u00f3n: el fin del barbijo al aire libre ser\u00e1 desde el 1 de octubre - Diario Textual","robots":{"index":"index","follow":"follow","max-snippet":"max-snippet:-1","max-image-preview":"max-image-preview:large","max-video-preview":"max-video-preview:-1"},"canonical":"https:\/\/diariotextual.com\/inicio\/index.php\/2021\/09\/21\/el-gobierno-anuncio-que-dejara-de-ser-obligatorio-el-uso-de-barbijos-al-aire-libre\/","og_locale":"es_ES","og_type":"article","og_title":"Aclaraci\u00f3n: el fin del barbijo al aire libre ser\u00e1 desde el 1 de octubre - Diario Textual","og_description":"Luego de la conferencia de prensa que este martes brindaron el nuevo jefe de Gabinete, Julio Manzur, y de la ministra de Salud, Carla Vizzotti, los principales diarios del pa\u00eds&hellip;","og_url":"https:\/\/diariotextual.com\/inicio\/index.php\/2021\/09\/21\/el-gobierno-anuncio-que-dejara-de-ser-obligatorio-el-uso-de-barbijos-al-aire-libre\/","og_site_name":"Diario Textual","article_publisher":"https:\/\/www.facebook.com\/eltextual","article_published_time":"2021-09-21T11:49:58+00:00","article_modified_time":"2021-09-21T21:01:08+00:00","og_image":[{"width":1600,"height":1066,"url":"https:\/\/diariotextual.com\/inicio\/wp-content\/uploads\/2021\/09\/manzurjuanvizzotticarla2021-1.jpeg","type":"image\/jpeg"}],"author":"Diario1 Diario1","twitter_card":"summary_large_image","twitter_creator":"@eltextual","twitter_site":"@eltextual","twitter_misc":{"Escrito por":"Diario1 Diario1","Tiempo de lectura":"3 minutos"},"schema":{"@context":"https:\/\/schema.org","@graph":[{"@type":"Article","@id":"https:\/\/diariotextual.com\/inicio\/index.php\/2021\/09\/21\/el-gobierno-anuncio-que-dejara-de-ser-obligatorio-el-uso-de-barbijos-al-aire-libre\/#article","isPartOf":{"@id":"https:\/\/diariotextual.com\/inicio\/index.php\/2021\/09\/21\/el-gobierno-anuncio-que-dejara-de-ser-obligatorio-el-uso-de-barbijos-al-aire-libre\/"},"author":{"name":"Diario1 Diario1","@id":"https:\/\/diariotextual.com\/inicio\/#\/schema\/person\/418fc4093c33e86ed41562db3508f958"},"headline":"Aclaraci\u00f3n: el fin del barbijo al aire libre ser\u00e1 desde el 1 de octubre","datePublished":"2021-09-21T11:49:58+00:00","dateModified":"2021-09-21T21:01:08+00:00","mainEntityOfPage":{"@id":"https:\/\/diariotextual.com\/inicio\/index.php\/2021\/09\/21\/el-gobierno-anuncio-que-dejara-de-ser-obligatorio-el-uso-de-barbijos-al-aire-libre\/"},"wordCount":638,"publisher":{"@id":"https:\/\/diariotextual.com\/inicio\/#organization"},"image":{"@id":"https:\/\/diariotextual.com\/inicio\/index.php\/2021\/09\/21\/el-gobierno-anuncio-que-dejara-de-ser-obligatorio-el-uso-de-barbijos-al-aire-libre\/#primaryimage"},"thumbnailUrl":"https:\/\/diariotextual.com\/inicio\/wp-content\/uploads\/2021\/09\/manzurjuanvizzotticarla2021-1.jpeg","keywords":["barbijo"],"articleSection":["A - PORTADA2","SOCIEDAD"],"inLanguage":"es"},{"@type":"WebPage","@id":"https:\/\/diariotextual.com\/inicio\/index.php\/2021\/09\/21\/el-gobierno-anuncio-que-dejara-de-ser-obligatorio-el-uso-de-barbijos-al-aire-libre\/","url":"https:\/\/diariotextual.com\/inicio\/index.php\/2021\/09\/21\/el-gobierno-anuncio-que-dejara-de-ser-obligatorio-el-uso-de-barbijos-al-aire-libre\/","name":"Aclaraci\u00f3n: el fin del barbijo al aire libre ser\u00e1 desde el 1 de octubre - Diario Textual","isPartOf":{"@id":"https:\/\/diariotextual.com\/inicio\/#website"},"primaryImageOfPage":{"@id":"https:\/\/diariotextual.com\/inicio\/index.php\/2021\/09\/21\/el-gobierno-anuncio-que-dejara-de-ser-obligatorio-el-uso-de-barbijos-al-aire-libre\/#primaryimage"},"image":{"@id":"https:\/\/diariotextual.com\/inicio\/index.php\/2021\/09\/21\/el-gobierno-anuncio-que-dejara-de-ser-obligatorio-el-uso-de-barbijos-al-aire-libre\/#primaryimage"},"thumbnailUrl":"https:\/\/diariotextual.com\/inicio\/wp-content\/uploads\/2021\/09\/manzurjuanvizzotticarla2021-1.jpeg","datePublished":"2021-09-21T11:49:58+00:00","dateModified":"2021-09-21T21:01:08+00:00","breadcrumb":{"@id":"https:\/\/diariotextual.com\/inicio\/index.php\/2021\/09\/21\/el-gobierno-anuncio-que-dejara-de-ser-obligatorio-el-uso-de-barbijos-al-aire-libre\/#breadcrumb"},"inLanguage":"es","potentialAction":[{"@type":"ReadAction","target":["https:\/\/diariotextual.com\/inicio\/index.php\/2021\/09\/21\/el-gobierno-anuncio-que-dejara-de-ser-obligatorio-el-uso-de-barbijos-al-aire-libre\/"]}]},{"@type":"ImageObject","inLanguage":"es","@id":"https:\/\/diariotextual.com\/inicio\/index.php\/2021\/09\/21\/el-gobierno-anuncio-que-dejara-de-ser-obligatorio-el-uso-de-barbijos-al-aire-libre\/#primaryimage","url":"https:\/\/diariotextual.com\/inicio\/wp-content\/uploads\/2021\/09\/manzurjuanvizzotticarla2021-1.jpeg","contentUrl":"https:\/\/diariotextual.com\/inicio\/wp-content\/uploads\/2021\/09\/manzurjuanvizzotticarla2021-1.jpeg","width":1600,"height":1066},{"@type":"BreadcrumbList","@id":"https:\/\/diariotextual.com\/inicio\/index.php\/2021\/09\/21\/el-gobierno-anuncio-que-dejara-de-ser-obligatorio-el-uso-de-barbijos-al-aire-libre\/#breadcrumb","itemListElement":[{"@type":"ListItem","position":1,"name":"Portada","item":"https:\/\/diariotextual.com\/inicio\/"},{"@type":"ListItem","position":2,"name":"Aclaraci\u00f3n: el fin del barbijo al aire libre ser\u00e1 desde el 1 de octubre"}]},{"@type":"WebSite","@id":"https:\/\/diariotextual.com\/inicio\/#website","url":"https:\/\/diariotextual.com\/inicio\/","name":"Diario Textual","description":"","publisher":{"@id":"https:\/\/diariotextual.com\/inicio\/#organization"},"potentialAction":[{"@type":"SearchAction","target":{"@type":"EntryPoint","urlTemplate":"https:\/\/diariotextual.com\/inicio\/?s={search_term_string}"},"query-input":{"@type":"PropertyValueSpecification","valueRequired":true,"valueName":"search_term_string"}}],"inLanguage":"es"},{"@type":"Organization","@id":"https:\/\/diariotextual.com\/inicio\/#organization","name":"Diario Textual","url":"https:\/\/diariotextual.com\/inicio\/","logo":{"@type":"ImageObject","inLanguage":"es","@id":"https:\/\/diariotextual.com\/inicio\/#\/schema\/logo\/image\/","url":"https:\/\/diariotextual.com\/inicio\/wp-content\/uploads\/2023\/05\/logotextual1.jpg","contentUrl":"https:\/\/diariotextual.com\/inicio\/wp-content\/uploads\/2023\/05\/logotextual1.jpg","width":516,"height":76,"caption":"Diario Textual"},"image":{"@id":"https:\/\/diariotextual.com\/inicio\/#\/schema\/logo\/image\/"},"sameAs":["https:\/\/www.facebook.com\/eltextual","https:\/\/x.com\/eltextual","http:\/\/www.instagram.com\/eltextual"]},{"@type":"Person","@id":"https:\/\/diariotextual.com\/inicio\/#\/schema\/person\/418fc4093c33e86ed41562db3508f958","name":"Diario1 Diario1","image":{"@type":"ImageObject","inLanguage":"es","@id":"https:\/\/secure.gravatar.com\/avatar\/9167d280179c85bc18be67aa7eda765854300033af4896dd779b608640f2ef7a?s=96&d=mm&r=g","url":"https:\/\/secure.gravatar.com\/avatar\/9167d280179c85bc18be67aa7eda765854300033af4896dd779b608640f2ef7a?s=96&d=mm&r=g","contentUrl":"https:\/\/secure.gravatar.com\/avatar\/9167d280179c85bc18be67aa7eda765854300033af4896dd779b608640f2ef7a?s=96&d=mm&r=g","caption":"Diario1 Diario1"},"url":"https:\/\/diariotextual.com\/inicio\/index.php\/author\/diario1\/"}]}},"_links":{"self":[{"href":"https:\/\/diariotextual.com\/inicio\/index.php\/wp-json\/wp\/v2\/posts\/162185","targetHints":{"allow":["GET"]}}],"collection":[{"href":"https:\/\/diariotextual.com\/inicio\/index.php\/wp-json\/wp\/v2\/posts"}],"about":[{"href":"https:\/\/diariotextual.com\/inicio\/index.php\/wp-json\/wp\/v2\/types\/post"}],"author":[{"embeddable":true,"href":"https:\/\/diariotextual.com\/inicio\/index.php\/wp-json\/wp\/v2\/users\/3"}],"replies":[{"embeddable":true,"href":"https:\/\/diariotextual.com\/inicio\/index.php\/wp-json\/wp\/v2\/comments?post=162185"}],"version-history":[{"count":4,"href":"https:\/\/diariotextual.com\/inicio\/index.php\/wp-json\/wp\/v2\/posts\/162185\/revisions"}],"predecessor-version":[{"id":162292,"href":"https:\/\/diariotextual.com\/inicio\/index.php\/wp-json\/wp\/v2\/posts\/162185\/revisions\/162292"}],"wp:featuredmedia":[{"embeddable":true,"href":"https:\/\/diariotextual.com\/inicio\/index.php\/wp-json\/wp\/v2\/media\/162190"}],"wp:attachment":[{"href":"https:\/\/diariotextual.com\/inicio\/index.php\/wp-json\/wp\/v2\/media?parent=162185"}],"wp:term":[{"taxonomy":"category","embeddable":true,"href":"https:\/\/diariotextual.com\/inicio\/index.php\/wp-json\/wp\/v2\/categories?post=162185"},{"taxonomy":"post_tag","embeddable":true,"href":"https:\/\/diariotextual.com\/inicio\/index.php\/wp-json\/wp\/v2\/tags?post=162185"}],"curies":[{"name":"wp","href":"https:\/\/api.w.org\/{rel}","templated":true}]}}