{"id":162846,"date":"2021-09-27T08:16:21","date_gmt":"2021-09-27T11:16:21","guid":{"rendered":"https:\/\/diariotextual.com\/inicio\/?p=162846"},"modified":"2021-09-27T12:00:44","modified_gmt":"2021-09-27T15:00:44","slug":"fallecio-un-joven-de-winifreda-en-un-vuelco-en-la-ruta-35","status":"publish","type":"post","link":"https:\/\/diariotextual.com\/inicio\/index.php\/2021\/09\/27\/fallecio-un-joven-de-winifreda-en-un-vuelco-en-la-ruta-35\/","title":{"rendered":"Falleci\u00f3 un joven de Winifreda en un vuelco en la ruta 35"},"content":{"rendered":"\n<p>Un joven de Winifreda falleci\u00f3 anoche en un vuelco en el kil\u00f3metro 361 de la ruta nacional 35. La v\u00edctima fue identificada como Emanuel Barabaschi (26 a\u00f1os).<\/p>\n\n\n\n<p>El siniestro vial sucedi\u00f3 sobre las 21.30. La v\u00edctima viajaba solo en una camioneta Chevrolet S-10, en direcci\u00f3n sur a norte.<\/p>\n\n\n\n<p>A\u00fan no se saben las causas del vuelco. Las fuentes policiales revelaron que no se constat\u00f3 participaci\u00f3n de otro veh\u00edculo y el joven no llevaba puesto el cintur\u00f3n de seguridad.<\/p>\n\n\n\n<figure class=\"wp-block-image size-large\"><img fetchpriority=\"high\" decoding=\"async\" width=\"1024\" height=\"768\" src=\"https:\/\/diariotextual.com\/inicio\/wp-content\/uploads\/2021\/09\/WhatsApp-Image-2021-09-27-at-08.18.22-1024x768.jpeg\" alt=\"\" class=\"wp-image-162849\" srcset=\"https:\/\/diariotextual.com\/inicio\/wp-content\/uploads\/2021\/09\/WhatsApp-Image-2021-09-27-at-08.18.22-1024x768.jpeg 1024w, https:\/\/diariotextual.com\/inicio\/wp-content\/uploads\/2021\/09\/WhatsApp-Image-2021-09-27-at-08.18.22-300x225.jpeg 300w, https:\/\/diariotextual.com\/inicio\/wp-content\/uploads\/2021\/09\/WhatsApp-Image-2021-09-27-at-08.18.22-768x576.jpeg 768w, https:\/\/diariotextual.com\/inicio\/wp-content\/uploads\/2021\/09\/WhatsApp-Image-2021-09-27-at-08.18.22-585x439.jpeg 585w, https:\/\/diariotextual.com\/inicio\/wp-content\/uploads\/2021\/09\/WhatsApp-Image-2021-09-27-at-08.18.22.jpeg 1156w\" sizes=\"(max-width: 1024px) 100vw, 1024px\" \/><\/figure>\n\n\n\n<p>Este siniestro vial fatal se suma a los ocurridos el pasado fin de semana: el s\u00e1bado <strong><a href=\"https:\/\/diariotextual.com\/inicio\/index.php\/2021\/09\/26\/tres-hombres-murieron-en-siniestros-viales-en-chacharramendi-y-el-sauzal\/\" target=\"_blank\" rel=\"noreferrer noopener\">tres hombres murieron en dos siniestros viales en el oeste pampeano<\/a><\/strong> en la zona de El Sauzal y en la ruta nacional 143, en cercan\u00edas de Chacharramendi; tanto que el domingo en la ruta 35, entre Jacinto Arauz y Bernasconi <strong><a href=\"https:\/\/diariotextual.com\/inicio\/index.php\/2021\/09\/26\/en-un-vuelco-murio-un-joven-de-27-anos-de-jacinto-arauz\/\" target=\"_blank\" rel=\"noreferrer noopener\">muri\u00f3 un joven de 27 a\u00f1os<\/a><\/strong> y en cercan\u00edas de Buena Esperanza, San Luis, <strong><a href=\"https:\/\/diariotextual.com\/inicio\/index.php\/2021\/09\/26\/en-un-vuelco-en-san-luis-fallecio-el-dueno-de-una-parrilla-santarrosena\/\" target=\"_blank\" rel=\"noreferrer noopener\">falleci\u00f3 un empresario gastron\u00f3mico santarrose\u00f1o.<\/a><\/strong><\/p>\n\n\n\n<p><\/p>\n","protected":false},"excerpt":{"rendered":"<p>Un joven de Winifreda falleci\u00f3 anoche en un vuelco en el kil\u00f3metro 361 de la ruta nacional 35. La v\u00edctima fue identificada como Emanuel Barabaschi (26 a\u00f1os). El siniestro vial&hellip;<\/p>\n","protected":false},"author":7,"featured_media":162848,"comment_status":"closed","ping_status":"open","sticky":false,"template":"","format":"standard","meta":{"_acf_changed":false,"footnotes":""},"categories":[10,12],"tags":[],"class_list":["post-162846","post","type-post","status-publish","format-standard","has-post-thumbnail","hentry","category-portada-2","category-sociedad"],"acf":[],"yoast_head":"<!-- This site is optimized with the Yoast SEO plugin v27.5 - https:\/\/yoast.com\/product\/yoast-seo-wordpress\/ -->\n<title>Falleci\u00f3 un joven de Winifreda en un vuelco en la ruta 35 - Diario Textual<\/title>\n<meta name=\"robots\" content=\"index, follow, max-snippet:-1, max-image-preview:large, max-video-preview:-1\" \/>\n<link rel=\"canonical\" href=\"https:\/\/diariotextual.com\/inicio\/index.php\/2021\/09\/27\/fallecio-un-joven-de-winifreda-en-un-vuelco-en-la-ruta-35\/\" \/>\n<meta property=\"og:locale\" content=\"es_ES\" \/>\n<meta property=\"og:type\" content=\"article\" \/>\n<meta property=\"og:title\" content=\"Falleci\u00f3 un joven de Winifreda en un vuelco en la ruta 35 - Diario Textual\" \/>\n<meta property=\"og:description\" content=\"Un joven de Winifreda falleci\u00f3 anoche en un vuelco en el kil\u00f3metro 361 de la ruta nacional 35. La v\u00edctima fue identificada como Emanuel Barabaschi (26 a\u00f1os). El siniestro vial&hellip;\" \/>\n<meta property=\"og:url\" content=\"https:\/\/diariotextual.com\/inicio\/index.php\/2021\/09\/27\/fallecio-un-joven-de-winifreda-en-un-vuelco-en-la-ruta-35\/\" \/>\n<meta property=\"og:site_name\" content=\"Diario Textual\" \/>\n<meta property=\"article:publisher\" content=\"https:\/\/www.facebook.com\/eltextual\" \/>\n<meta property=\"article:published_time\" content=\"2021-09-27T11:16:21+00:00\" \/>\n<meta property=\"article:modified_time\" content=\"2021-09-27T15:00:44+00:00\" \/>\n<meta property=\"og:image\" content=\"https:\/\/diariotextual.com\/inicio\/wp-content\/uploads\/2021\/09\/WhatsApp-Image-2021-09-27-at-08.18.22-1.jpeg\" \/>\n\t<meta property=\"og:image:width\" content=\"1156\" \/>\n\t<meta property=\"og:image:height\" content=\"867\" \/>\n\t<meta property=\"og:image:type\" content=\"image\/jpeg\" \/>\n<meta name=\"author\" content=\"diario5\" \/>\n<meta name=\"twitter:card\" content=\"summary_large_image\" \/>\n<meta name=\"twitter:creator\" content=\"@eltextual\" \/>\n<meta name=\"twitter:site\" content=\"@eltextual\" \/>\n<meta name=\"twitter:label1\" content=\"Escrito por\" \/>\n\t<meta name=\"twitter:data1\" content=\"diario5\" \/>\n\t<meta name=\"twitter:label2\" content=\"Tiempo de lectura\" \/>\n\t<meta name=\"twitter:data2\" content=\"1 minuto\" \/>\n<script type=\"application\/ld+json\" class=\"yoast-schema-graph\">{\"@context\":\"https:\\\/\\\/schema.org\",\"@graph\":[{\"@type\":\"Article\",\"@id\":\"https:\\\/\\\/diariotextual.com\\\/inicio\\\/index.php\\\/2021\\\/09\\\/27\\\/fallecio-un-joven-de-winifreda-en-un-vuelco-en-la-ruta-35\\\/#article\",\"isPartOf\":{\"@id\":\"https:\\\/\\\/diariotextual.com\\\/inicio\\\/index.php\\\/2021\\\/09\\\/27\\\/fallecio-un-joven-de-winifreda-en-un-vuelco-en-la-ruta-35\\\/\"},\"author\":{\"name\":\"diario5\",\"@id\":\"https:\\\/\\\/diariotextual.com\\\/inicio\\\/#\\\/schema\\\/person\\\/c7834961ad8b29b1d9cdbf4571299067\"},\"headline\":\"Falleci\u00f3 un joven de Winifreda en un vuelco en la ruta 35\",\"datePublished\":\"2021-09-27T11:16:21+00:00\",\"dateModified\":\"2021-09-27T15:00:44+00:00\",\"mainEntityOfPage\":{\"@id\":\"https:\\\/\\\/diariotextual.com\\\/inicio\\\/index.php\\\/2021\\\/09\\\/27\\\/fallecio-un-joven-de-winifreda-en-un-vuelco-en-la-ruta-35\\\/\"},\"wordCount\":172,\"publisher\":{\"@id\":\"https:\\\/\\\/diariotextual.com\\\/inicio\\\/#organization\"},\"image\":{\"@id\":\"https:\\\/\\\/diariotextual.com\\\/inicio\\\/index.php\\\/2021\\\/09\\\/27\\\/fallecio-un-joven-de-winifreda-en-un-vuelco-en-la-ruta-35\\\/#primaryimage\"},\"thumbnailUrl\":\"https:\\\/\\\/diariotextual.com\\\/inicio\\\/wp-content\\\/uploads\\\/2021\\\/09\\\/WhatsApp-Image-2021-09-27-at-08.18.22-1.jpeg\",\"articleSection\":[\"A - PORTADA2\",\"SOCIEDAD\"],\"inLanguage\":\"es\"},{\"@type\":\"WebPage\",\"@id\":\"https:\\\/\\\/diariotextual.com\\\/inicio\\\/index.php\\\/2021\\\/09\\\/27\\\/fallecio-un-joven-de-winifreda-en-un-vuelco-en-la-ruta-35\\\/\",\"url\":\"https:\\\/\\\/diariotextual.com\\\/inicio\\\/index.php\\\/2021\\\/09\\\/27\\\/fallecio-un-joven-de-winifreda-en-un-vuelco-en-la-ruta-35\\\/\",\"name\":\"Falleci\u00f3 un joven de Winifreda en un vuelco en la ruta 35 - Diario Textual\",\"isPartOf\":{\"@id\":\"https:\\\/\\\/diariotextual.com\\\/inicio\\\/#website\"},\"primaryImageOfPage\":{\"@id\":\"https:\\\/\\\/diariotextual.com\\\/inicio\\\/index.php\\\/2021\\\/09\\\/27\\\/fallecio-un-joven-de-winifreda-en-un-vuelco-en-la-ruta-35\\\/#primaryimage\"},\"image\":{\"@id\":\"https:\\\/\\\/diariotextual.com\\\/inicio\\\/index.php\\\/2021\\\/09\\\/27\\\/fallecio-un-joven-de-winifreda-en-un-vuelco-en-la-ruta-35\\\/#primaryimage\"},\"thumbnailUrl\":\"https:\\\/\\\/diariotextual.com\\\/inicio\\\/wp-content\\\/uploads\\\/2021\\\/09\\\/WhatsApp-Image-2021-09-27-at-08.18.22-1.jpeg\",\"datePublished\":\"2021-09-27T11:16:21+00:00\",\"dateModified\":\"2021-09-27T15:00:44+00:00\",\"breadcrumb\":{\"@id\":\"https:\\\/\\\/diariotextual.com\\\/inicio\\\/index.php\\\/2021\\\/09\\\/27\\\/fallecio-un-joven-de-winifreda-en-un-vuelco-en-la-ruta-35\\\/#breadcrumb\"},\"inLanguage\":\"es\",\"potentialAction\":[{\"@type\":\"ReadAction\",\"target\":[\"https:\\\/\\\/diariotextual.com\\\/inicio\\\/index.php\\\/2021\\\/09\\\/27\\\/fallecio-un-joven-de-winifreda-en-un-vuelco-en-la-ruta-35\\\/\"]}]},{\"@type\":\"ImageObject\",\"inLanguage\":\"es\",\"@id\":\"https:\\\/\\\/diariotextual.com\\\/inicio\\\/index.php\\\/2021\\\/09\\\/27\\\/fallecio-un-joven-de-winifreda-en-un-vuelco-en-la-ruta-35\\\/#primaryimage\",\"url\":\"https:\\\/\\\/diariotextual.com\\\/inicio\\\/wp-content\\\/uploads\\\/2021\\\/09\\\/WhatsApp-Image-2021-09-27-at-08.18.22-1.jpeg\",\"contentUrl\":\"https:\\\/\\\/diariotextual.com\\\/inicio\\\/wp-content\\\/uploads\\\/2021\\\/09\\\/WhatsApp-Image-2021-09-27-at-08.18.22-1.jpeg\",\"width\":1156,\"height\":867},{\"@type\":\"BreadcrumbList\",\"@id\":\"https:\\\/\\\/diariotextual.com\\\/inicio\\\/index.php\\\/2021\\\/09\\\/27\\\/fallecio-un-joven-de-winifreda-en-un-vuelco-en-la-ruta-35\\\/#breadcrumb\",\"itemListElement\":[{\"@type\":\"ListItem\",\"position\":1,\"name\":\"Portada\",\"item\":\"https:\\\/\\\/diariotextual.com\\\/inicio\\\/\"},{\"@type\":\"ListItem\",\"position\":2,\"name\":\"Falleci\u00f3 un joven de Winifreda en un vuelco en la ruta 35\"}]},{\"@type\":\"WebSite\",\"@id\":\"https:\\\/\\\/diariotextual.com\\\/inicio\\\/#website\",\"url\":\"https:\\\/\\\/diariotextual.com\\\/inicio\\\/\",\"name\":\"Diario Textual\",\"description\":\"\",\"publisher\":{\"@id\":\"https:\\\/\\\/diariotextual.com\\\/inicio\\\/#organization\"},\"potentialAction\":[{\"@type\":\"SearchAction\",\"target\":{\"@type\":\"EntryPoint\",\"urlTemplate\":\"https:\\\/\\\/diariotextual.com\\\/inicio\\\/?s={search_term_string}\"},\"query-input\":{\"@type\":\"PropertyValueSpecification\",\"valueRequired\":true,\"valueName\":\"search_term_string\"}}],\"inLanguage\":\"es\"},{\"@type\":\"Organization\",\"@id\":\"https:\\\/\\\/diariotextual.com\\\/inicio\\\/#organization\",\"name\":\"Diario Textual\",\"url\":\"https:\\\/\\\/diariotextual.com\\\/inicio\\\/\",\"logo\":{\"@type\":\"ImageObject\",\"inLanguage\":\"es\",\"@id\":\"https:\\\/\\\/diariotextual.com\\\/inicio\\\/#\\\/schema\\\/logo\\\/image\\\/\",\"url\":\"https:\\\/\\\/diariotextual.com\\\/inicio\\\/wp-content\\\/uploads\\\/2023\\\/05\\\/logotextual1.jpg\",\"contentUrl\":\"https:\\\/\\\/diariotextual.com\\\/inicio\\\/wp-content\\\/uploads\\\/2023\\\/05\\\/logotextual1.jpg\",\"width\":516,\"height\":76,\"caption\":\"Diario Textual\"},\"image\":{\"@id\":\"https:\\\/\\\/diariotextual.com\\\/inicio\\\/#\\\/schema\\\/logo\\\/image\\\/\"},\"sameAs\":[\"https:\\\/\\\/www.facebook.com\\\/eltextual\",\"https:\\\/\\\/x.com\\\/eltextual\",\"http:\\\/\\\/www.instagram.com\\\/eltextual\"]},{\"@type\":\"Person\",\"@id\":\"https:\\\/\\\/diariotextual.com\\\/inicio\\\/#\\\/schema\\\/person\\\/c7834961ad8b29b1d9cdbf4571299067\",\"name\":\"diario5\",\"image\":{\"@type\":\"ImageObject\",\"inLanguage\":\"es\",\"@id\":\"https:\\\/\\\/secure.gravatar.com\\\/avatar\\\/948c893b847ca6df68216ead81b63f363408ec9b0f600fefc0641ce78613b111?s=96&d=mm&r=g\",\"url\":\"https:\\\/\\\/secure.gravatar.com\\\/avatar\\\/948c893b847ca6df68216ead81b63f363408ec9b0f600fefc0641ce78613b111?s=96&d=mm&r=g\",\"contentUrl\":\"https:\\\/\\\/secure.gravatar.com\\\/avatar\\\/948c893b847ca6df68216ead81b63f363408ec9b0f600fefc0641ce78613b111?s=96&d=mm&r=g\",\"caption\":\"diario5\"},\"url\":\"https:\\\/\\\/diariotextual.com\\\/inicio\\\/index.php\\\/author\\\/diario5\\\/\"}]}<\/script>\n<!-- \/ Yoast SEO plugin. -->","yoast_head_json":{"title":"Falleci\u00f3 un joven de Winifreda en un vuelco en la ruta 35 - Diario Textual","robots":{"index":"index","follow":"follow","max-snippet":"max-snippet:-1","max-image-preview":"max-image-preview:large","max-video-preview":"max-video-preview:-1"},"canonical":"https:\/\/diariotextual.com\/inicio\/index.php\/2021\/09\/27\/fallecio-un-joven-de-winifreda-en-un-vuelco-en-la-ruta-35\/","og_locale":"es_ES","og_type":"article","og_title":"Falleci\u00f3 un joven de Winifreda en un vuelco en la ruta 35 - Diario Textual","og_description":"Un joven de Winifreda falleci\u00f3 anoche en un vuelco en el kil\u00f3metro 361 de la ruta nacional 35. La v\u00edctima fue identificada como Emanuel Barabaschi (26 a\u00f1os). El siniestro vial&hellip;","og_url":"https:\/\/diariotextual.com\/inicio\/index.php\/2021\/09\/27\/fallecio-un-joven-de-winifreda-en-un-vuelco-en-la-ruta-35\/","og_site_name":"Diario Textual","article_publisher":"https:\/\/www.facebook.com\/eltextual","article_published_time":"2021-09-27T11:16:21+00:00","article_modified_time":"2021-09-27T15:00:44+00:00","og_image":[{"width":1156,"height":867,"url":"https:\/\/diariotextual.com\/inicio\/wp-content\/uploads\/2021\/09\/WhatsApp-Image-2021-09-27-at-08.18.22-1.jpeg","type":"image\/jpeg"}],"author":"diario5","twitter_card":"summary_large_image","twitter_creator":"@eltextual","twitter_site":"@eltextual","twitter_misc":{"Escrito por":"diario5","Tiempo de lectura":"1 minuto"},"schema":{"@context":"https:\/\/schema.org","@graph":[{"@type":"Article","@id":"https:\/\/diariotextual.com\/inicio\/index.php\/2021\/09\/27\/fallecio-un-joven-de-winifreda-en-un-vuelco-en-la-ruta-35\/#article","isPartOf":{"@id":"https:\/\/diariotextual.com\/inicio\/index.php\/2021\/09\/27\/fallecio-un-joven-de-winifreda-en-un-vuelco-en-la-ruta-35\/"},"author":{"name":"diario5","@id":"https:\/\/diariotextual.com\/inicio\/#\/schema\/person\/c7834961ad8b29b1d9cdbf4571299067"},"headline":"Falleci\u00f3 un joven de Winifreda en un vuelco en la ruta 35","datePublished":"2021-09-27T11:16:21+00:00","dateModified":"2021-09-27T15:00:44+00:00","mainEntityOfPage":{"@id":"https:\/\/diariotextual.com\/inicio\/index.php\/2021\/09\/27\/fallecio-un-joven-de-winifreda-en-un-vuelco-en-la-ruta-35\/"},"wordCount":172,"publisher":{"@id":"https:\/\/diariotextual.com\/inicio\/#organization"},"image":{"@id":"https:\/\/diariotextual.com\/inicio\/index.php\/2021\/09\/27\/fallecio-un-joven-de-winifreda-en-un-vuelco-en-la-ruta-35\/#primaryimage"},"thumbnailUrl":"https:\/\/diariotextual.com\/inicio\/wp-content\/uploads\/2021\/09\/WhatsApp-Image-2021-09-27-at-08.18.22-1.jpeg","articleSection":["A - PORTADA2","SOCIEDAD"],"inLanguage":"es"},{"@type":"WebPage","@id":"https:\/\/diariotextual.com\/inicio\/index.php\/2021\/09\/27\/fallecio-un-joven-de-winifreda-en-un-vuelco-en-la-ruta-35\/","url":"https:\/\/diariotextual.com\/inicio\/index.php\/2021\/09\/27\/fallecio-un-joven-de-winifreda-en-un-vuelco-en-la-ruta-35\/","name":"Falleci\u00f3 un joven de Winifreda en un vuelco en la ruta 35 - Diario Textual","isPartOf":{"@id":"https:\/\/diariotextual.com\/inicio\/#website"},"primaryImageOfPage":{"@id":"https:\/\/diariotextual.com\/inicio\/index.php\/2021\/09\/27\/fallecio-un-joven-de-winifreda-en-un-vuelco-en-la-ruta-35\/#primaryimage"},"image":{"@id":"https:\/\/diariotextual.com\/inicio\/index.php\/2021\/09\/27\/fallecio-un-joven-de-winifreda-en-un-vuelco-en-la-ruta-35\/#primaryimage"},"thumbnailUrl":"https:\/\/diariotextual.com\/inicio\/wp-content\/uploads\/2021\/09\/WhatsApp-Image-2021-09-27-at-08.18.22-1.jpeg","datePublished":"2021-09-27T11:16:21+00:00","dateModified":"2021-09-27T15:00:44+00:00","breadcrumb":{"@id":"https:\/\/diariotextual.com\/inicio\/index.php\/2021\/09\/27\/fallecio-un-joven-de-winifreda-en-un-vuelco-en-la-ruta-35\/#breadcrumb"},"inLanguage":"es","potentialAction":[{"@type":"ReadAction","target":["https:\/\/diariotextual.com\/inicio\/index.php\/2021\/09\/27\/fallecio-un-joven-de-winifreda-en-un-vuelco-en-la-ruta-35\/"]}]},{"@type":"ImageObject","inLanguage":"es","@id":"https:\/\/diariotextual.com\/inicio\/index.php\/2021\/09\/27\/fallecio-un-joven-de-winifreda-en-un-vuelco-en-la-ruta-35\/#primaryimage","url":"https:\/\/diariotextual.com\/inicio\/wp-content\/uploads\/2021\/09\/WhatsApp-Image-2021-09-27-at-08.18.22-1.jpeg","contentUrl":"https:\/\/diariotextual.com\/inicio\/wp-content\/uploads\/2021\/09\/WhatsApp-Image-2021-09-27-at-08.18.22-1.jpeg","width":1156,"height":867},{"@type":"BreadcrumbList","@id":"https:\/\/diariotextual.com\/inicio\/index.php\/2021\/09\/27\/fallecio-un-joven-de-winifreda-en-un-vuelco-en-la-ruta-35\/#breadcrumb","itemListElement":[{"@type":"ListItem","position":1,"name":"Portada","item":"https:\/\/diariotextual.com\/inicio\/"},{"@type":"ListItem","position":2,"name":"Falleci\u00f3 un joven de Winifreda en un vuelco en la ruta 35"}]},{"@type":"WebSite","@id":"https:\/\/diariotextual.com\/inicio\/#website","url":"https:\/\/diariotextual.com\/inicio\/","name":"Diario Textual","description":"","publisher":{"@id":"https:\/\/diariotextual.com\/inicio\/#organization"},"potentialAction":[{"@type":"SearchAction","target":{"@type":"EntryPoint","urlTemplate":"https:\/\/diariotextual.com\/inicio\/?s={search_term_string}"},"query-input":{"@type":"PropertyValueSpecification","valueRequired":true,"valueName":"search_term_string"}}],"inLanguage":"es"},{"@type":"Organization","@id":"https:\/\/diariotextual.com\/inicio\/#organization","name":"Diario Textual","url":"https:\/\/diariotextual.com\/inicio\/","logo":{"@type":"ImageObject","inLanguage":"es","@id":"https:\/\/diariotextual.com\/inicio\/#\/schema\/logo\/image\/","url":"https:\/\/diariotextual.com\/inicio\/wp-content\/uploads\/2023\/05\/logotextual1.jpg","contentUrl":"https:\/\/diariotextual.com\/inicio\/wp-content\/uploads\/2023\/05\/logotextual1.jpg","width":516,"height":76,"caption":"Diario Textual"},"image":{"@id":"https:\/\/diariotextual.com\/inicio\/#\/schema\/logo\/image\/"},"sameAs":["https:\/\/www.facebook.com\/eltextual","https:\/\/x.com\/eltextual","http:\/\/www.instagram.com\/eltextual"]},{"@type":"Person","@id":"https:\/\/diariotextual.com\/inicio\/#\/schema\/person\/c7834961ad8b29b1d9cdbf4571299067","name":"diario5","image":{"@type":"ImageObject","inLanguage":"es","@id":"https:\/\/secure.gravatar.com\/avatar\/948c893b847ca6df68216ead81b63f363408ec9b0f600fefc0641ce78613b111?s=96&d=mm&r=g","url":"https:\/\/secure.gravatar.com\/avatar\/948c893b847ca6df68216ead81b63f363408ec9b0f600fefc0641ce78613b111?s=96&d=mm&r=g","contentUrl":"https:\/\/secure.gravatar.com\/avatar\/948c893b847ca6df68216ead81b63f363408ec9b0f600fefc0641ce78613b111?s=96&d=mm&r=g","caption":"diario5"},"url":"https:\/\/diariotextual.com\/inicio\/index.php\/author\/diario5\/"}]}},"_links":{"self":[{"href":"https:\/\/diariotextual.com\/inicio\/index.php\/wp-json\/wp\/v2\/posts\/162846","targetHints":{"allow":["GET"]}}],"collection":[{"href":"https:\/\/diariotextual.com\/inicio\/index.php\/wp-json\/wp\/v2\/posts"}],"about":[{"href":"https:\/\/diariotextual.com\/inicio\/index.php\/wp-json\/wp\/v2\/types\/post"}],"author":[{"embeddable":true,"href":"https:\/\/diariotextual.com\/inicio\/index.php\/wp-json\/wp\/v2\/users\/7"}],"replies":[{"embeddable":true,"href":"https:\/\/diariotextual.com\/inicio\/index.php\/wp-json\/wp\/v2\/comments?post=162846"}],"version-history":[{"count":9,"href":"https:\/\/diariotextual.com\/inicio\/index.php\/wp-json\/wp\/v2\/posts\/162846\/revisions"}],"predecessor-version":[{"id":162864,"href":"https:\/\/diariotextual.com\/inicio\/index.php\/wp-json\/wp\/v2\/posts\/162846\/revisions\/162864"}],"wp:featuredmedia":[{"embeddable":true,"href":"https:\/\/diariotextual.com\/inicio\/index.php\/wp-json\/wp\/v2\/media\/162848"}],"wp:attachment":[{"href":"https:\/\/diariotextual.com\/inicio\/index.php\/wp-json\/wp\/v2\/media?parent=162846"}],"wp:term":[{"taxonomy":"category","embeddable":true,"href":"https:\/\/diariotextual.com\/inicio\/index.php\/wp-json\/wp\/v2\/categories?post=162846"},{"taxonomy":"post_tag","embeddable":true,"href":"https:\/\/diariotextual.com\/inicio\/index.php\/wp-json\/wp\/v2\/tags?post=162846"}],"curies":[{"name":"wp","href":"https:\/\/api.w.org\/{rel}","templated":true}]}}