{"id":162991,"date":"2021-09-28T09:44:05","date_gmt":"2021-09-28T12:44:05","guid":{"rendered":"https:\/\/diariotextual.com\/inicio\/?p=162991"},"modified":"2021-09-28T16:51:39","modified_gmt":"2021-09-28T19:51:39","slug":"dominguez-y-ziliotto-se-reunen-con-la-mesa-de-enlace-y-se-esperan-anuncios-para-liberar-mas-cupos-de-la-carne","status":"publish","type":"post","link":"https:\/\/diariotextual.com\/inicio\/index.php\/2021\/09\/28\/dominguez-y-ziliotto-se-reunen-con-la-mesa-de-enlace-y-se-esperan-anuncios-para-liberar-mas-cupos-de-la-carne\/","title":{"rendered":"Dom\u00ednguez y Ziliotto se re\u00fanen con la Mesa de Enlace y se esperan anuncios para liberar m\u00e1s cupos de la carne"},"content":{"rendered":"\n<p>El ministro de Agricultura, Ganader\u00eda y Pesca de la Naci\u00f3n, <strong>Juli\u00e1n Dom\u00ednguez<\/strong>, el gobernador pampeano<strong> Sergio Ziliotto <\/strong>y otros mandatarios provinciales se reunir\u00e1n en la tarde de este martes con los titulares de las entidades que integran la <strong>Mesa de Enlace <\/strong>y<strong> se esperan anuncios para liberar m\u00e1s cupos a las exportaciones de carne vacuna<\/strong>, confirmaron a T\u00e9lam fuentes oficiales.<\/p>\n\n\n\n<p>El flamante titular de la cartera agropecuaria, quien asumi\u00f3 hace una semana el cargo en reemplazo de Luis Basterra, mantendr\u00e1 su primer encuentro presencial con los principales representantes de la Sociedad Rural (SRA), Federaci\u00f3n Agraria (FAA), Confederaciones Rurales (CRA) y Coninagro.<\/p>\n\n\n\n<p>Ziliotto fue invitado al encuentro y confirm\u00f3 su asistencia, pudo saber <strong>Diario Textual<\/strong>. La semana pasada, ya se reuni\u00f3 con el flamante ministro <strong>y le pidi\u00f3 que al menos se libere la exportaci\u00f3n de la llamada \u201cvaca china\u201d porque tiene poca incidencia en la formaci\u00f3n de los precios internos.<\/strong><\/p>\n\n\n\n<p>El gobernador ha expresado que, <strong>de todas las medidas dictadas a partir de la apertura parcial de las exportaciones, hay algunas en las que est\u00e1 de acuerdo, otras con las que no y otras que es necesario implementar para encontrar r\u00e1pidamente la soluci\u00f3n al problema.<\/strong><\/p>\n\n\n\n<p>En concreto, Ziliotto ha dicho que era necesaria esta medida transitoria para ponerle un freno a los aumentos de la carne en el mercado interno. Es que en un a\u00f1o subieron el 70%, muy por encima de la inflaci\u00f3n.<\/p>\n\n\n\n<p>Sin embargo, el gobernador ha pedido la liberaci\u00f3n de las exportaciones de ciertos cortes, como el kosher -medida finalmente lograda- y la \u201cvaca china\u201d, entre otras.<\/p>\n\n\n\n<p>Adem\u00e1s, ha dicho que \u201cla soluci\u00f3n\u201d pasa por incrementar la producci\u00f3n y eficacia de los productores ganaderos, respaldados con capacitaciones, ayuda y acompa\u00f1amiento del Estado. \u201cHay que seguir trabajando para terminar con la realidad actual signada por un precio elevado de la carne vacuna y un estancamiento de la producci\u00f3n de carnes de m\u00e1s de cuatro d\u00e9cadas\u201d, ha manifestado.<\/p>\n\n\n\n<p>\u00bfQu\u00e9 pasar\u00e1 hoy? Si bien no existen precisiones sobre el temario de la reuni\u00f3n de esta tarde,\u00a0<strong>se descarta que las restricciones a las exportaciones de carne ser\u00e1 uno de los ejes<\/strong>, debido a que las entidades colocan a esta cuesti\u00f3n al frente de sus reclamos y pretenden que el Gobierno levante de manera anticipada las limitaciones existentes, extendidas hasta el 31 de octubre pr\u00f3ximo.<\/p>\n","protected":false},"excerpt":{"rendered":"<p>El ministro de Agricultura, Ganader\u00eda y Pesca de la Naci\u00f3n, Juli\u00e1n Dom\u00ednguez, el gobernador pampeano Sergio Ziliotto y otros mandatarios provinciales se reunir\u00e1n en la tarde de este martes con&hellip;<\/p>\n","protected":false},"author":2,"featured_media":162500,"comment_status":"closed","ping_status":"open","sticky":false,"template":"","format":"standard","meta":{"_acf_changed":false,"footnotes":""},"categories":[10,20],"tags":[6101],"class_list":["post-162991","post","type-post","status-publish","format-standard","has-post-thumbnail","hentry","category-portada-2","category-campo","tag-ganadero"],"acf":[],"yoast_head":"<!-- This site is optimized with the Yoast SEO plugin v27.5 - https:\/\/yoast.com\/product\/yoast-seo-wordpress\/ -->\n<title>Dom\u00ednguez y Ziliotto se re\u00fanen con la Mesa de Enlace y se esperan anuncios para liberar m\u00e1s cupos de la carne - Diario Textual<\/title>\n<meta name=\"robots\" content=\"index, follow, max-snippet:-1, max-image-preview:large, max-video-preview:-1\" \/>\n<link rel=\"canonical\" href=\"https:\/\/diariotextual.com\/inicio\/index.php\/2021\/09\/28\/dominguez-y-ziliotto-se-reunen-con-la-mesa-de-enlace-y-se-esperan-anuncios-para-liberar-mas-cupos-de-la-carne\/\" \/>\n<meta property=\"og:locale\" content=\"es_ES\" \/>\n<meta property=\"og:type\" content=\"article\" \/>\n<meta property=\"og:title\" content=\"Dom\u00ednguez y Ziliotto se re\u00fanen con la Mesa de Enlace y se esperan anuncios para liberar m\u00e1s cupos de la carne - Diario Textual\" \/>\n<meta property=\"og:description\" content=\"El ministro de Agricultura, Ganader\u00eda y Pesca de la Naci\u00f3n, Juli\u00e1n Dom\u00ednguez, el gobernador pampeano Sergio Ziliotto y otros mandatarios provinciales se reunir\u00e1n en la tarde de este martes con&hellip;\" \/>\n<meta property=\"og:url\" content=\"https:\/\/diariotextual.com\/inicio\/index.php\/2021\/09\/28\/dominguez-y-ziliotto-se-reunen-con-la-mesa-de-enlace-y-se-esperan-anuncios-para-liberar-mas-cupos-de-la-carne\/\" \/>\n<meta property=\"og:site_name\" content=\"Diario Textual\" \/>\n<meta property=\"article:publisher\" content=\"https:\/\/www.facebook.com\/eltextual\" \/>\n<meta property=\"article:published_time\" content=\"2021-09-28T12:44:05+00:00\" \/>\n<meta property=\"article:modified_time\" content=\"2021-09-28T19:51:39+00:00\" \/>\n<meta property=\"og:image\" content=\"https:\/\/diariotextual.com\/inicio\/wp-content\/uploads\/2021\/09\/ziliottosergiodominguezjulian2021-1.jpeg\" \/>\n\t<meta property=\"og:image:width\" content=\"1280\" \/>\n\t<meta property=\"og:image:height\" content=\"720\" \/>\n\t<meta property=\"og:image:type\" content=\"image\/jpeg\" \/>\n<meta name=\"author\" content=\"Sergio Romano\" \/>\n<meta name=\"twitter:card\" content=\"summary_large_image\" \/>\n<meta name=\"twitter:creator\" content=\"@eltextual\" \/>\n<meta name=\"twitter:site\" content=\"@eltextual\" \/>\n<meta name=\"twitter:label1\" content=\"Escrito por\" \/>\n\t<meta name=\"twitter:data1\" content=\"Sergio Romano\" \/>\n\t<meta name=\"twitter:label2\" content=\"Tiempo de lectura\" \/>\n\t<meta name=\"twitter:data2\" content=\"2 minutos\" \/>\n<script type=\"application\/ld+json\" class=\"yoast-schema-graph\">{\"@context\":\"https:\\\/\\\/schema.org\",\"@graph\":[{\"@type\":\"Article\",\"@id\":\"https:\\\/\\\/diariotextual.com\\\/inicio\\\/index.php\\\/2021\\\/09\\\/28\\\/dominguez-y-ziliotto-se-reunen-con-la-mesa-de-enlace-y-se-esperan-anuncios-para-liberar-mas-cupos-de-la-carne\\\/#article\",\"isPartOf\":{\"@id\":\"https:\\\/\\\/diariotextual.com\\\/inicio\\\/index.php\\\/2021\\\/09\\\/28\\\/dominguez-y-ziliotto-se-reunen-con-la-mesa-de-enlace-y-se-esperan-anuncios-para-liberar-mas-cupos-de-la-carne\\\/\"},\"author\":{\"name\":\"Sergio Romano\",\"@id\":\"https:\\\/\\\/diariotextual.com\\\/inicio\\\/#\\\/schema\\\/person\\\/523499e72392084bbaa07d9918058135\"},\"headline\":\"Dom\u00ednguez y Ziliotto se re\u00fanen con la Mesa de Enlace y se esperan anuncios para liberar m\u00e1s cupos de la carne\",\"datePublished\":\"2021-09-28T12:44:05+00:00\",\"dateModified\":\"2021-09-28T19:51:39+00:00\",\"mainEntityOfPage\":{\"@id\":\"https:\\\/\\\/diariotextual.com\\\/inicio\\\/index.php\\\/2021\\\/09\\\/28\\\/dominguez-y-ziliotto-se-reunen-con-la-mesa-de-enlace-y-se-esperan-anuncios-para-liberar-mas-cupos-de-la-carne\\\/\"},\"wordCount\":431,\"publisher\":{\"@id\":\"https:\\\/\\\/diariotextual.com\\\/inicio\\\/#organization\"},\"image\":{\"@id\":\"https:\\\/\\\/diariotextual.com\\\/inicio\\\/index.php\\\/2021\\\/09\\\/28\\\/dominguez-y-ziliotto-se-reunen-con-la-mesa-de-enlace-y-se-esperan-anuncios-para-liberar-mas-cupos-de-la-carne\\\/#primaryimage\"},\"thumbnailUrl\":\"https:\\\/\\\/diariotextual.com\\\/inicio\\\/wp-content\\\/uploads\\\/2021\\\/09\\\/ziliottosergiodominguezjulian2021-1.jpeg\",\"keywords\":[\"ganadero\"],\"articleSection\":[\"A - PORTADA2\",\"CAMPO\"],\"inLanguage\":\"es\"},{\"@type\":\"WebPage\",\"@id\":\"https:\\\/\\\/diariotextual.com\\\/inicio\\\/index.php\\\/2021\\\/09\\\/28\\\/dominguez-y-ziliotto-se-reunen-con-la-mesa-de-enlace-y-se-esperan-anuncios-para-liberar-mas-cupos-de-la-carne\\\/\",\"url\":\"https:\\\/\\\/diariotextual.com\\\/inicio\\\/index.php\\\/2021\\\/09\\\/28\\\/dominguez-y-ziliotto-se-reunen-con-la-mesa-de-enlace-y-se-esperan-anuncios-para-liberar-mas-cupos-de-la-carne\\\/\",\"name\":\"Dom\u00ednguez y Ziliotto se re\u00fanen con la Mesa de Enlace y se esperan anuncios para liberar m\u00e1s cupos de la carne - Diario Textual\",\"isPartOf\":{\"@id\":\"https:\\\/\\\/diariotextual.com\\\/inicio\\\/#website\"},\"primaryImageOfPage\":{\"@id\":\"https:\\\/\\\/diariotextual.com\\\/inicio\\\/index.php\\\/2021\\\/09\\\/28\\\/dominguez-y-ziliotto-se-reunen-con-la-mesa-de-enlace-y-se-esperan-anuncios-para-liberar-mas-cupos-de-la-carne\\\/#primaryimage\"},\"image\":{\"@id\":\"https:\\\/\\\/diariotextual.com\\\/inicio\\\/index.php\\\/2021\\\/09\\\/28\\\/dominguez-y-ziliotto-se-reunen-con-la-mesa-de-enlace-y-se-esperan-anuncios-para-liberar-mas-cupos-de-la-carne\\\/#primaryimage\"},\"thumbnailUrl\":\"https:\\\/\\\/diariotextual.com\\\/inicio\\\/wp-content\\\/uploads\\\/2021\\\/09\\\/ziliottosergiodominguezjulian2021-1.jpeg\",\"datePublished\":\"2021-09-28T12:44:05+00:00\",\"dateModified\":\"2021-09-28T19:51:39+00:00\",\"breadcrumb\":{\"@id\":\"https:\\\/\\\/diariotextual.com\\\/inicio\\\/index.php\\\/2021\\\/09\\\/28\\\/dominguez-y-ziliotto-se-reunen-con-la-mesa-de-enlace-y-se-esperan-anuncios-para-liberar-mas-cupos-de-la-carne\\\/#breadcrumb\"},\"inLanguage\":\"es\",\"potentialAction\":[{\"@type\":\"ReadAction\",\"target\":[\"https:\\\/\\\/diariotextual.com\\\/inicio\\\/index.php\\\/2021\\\/09\\\/28\\\/dominguez-y-ziliotto-se-reunen-con-la-mesa-de-enlace-y-se-esperan-anuncios-para-liberar-mas-cupos-de-la-carne\\\/\"]}]},{\"@type\":\"ImageObject\",\"inLanguage\":\"es\",\"@id\":\"https:\\\/\\\/diariotextual.com\\\/inicio\\\/index.php\\\/2021\\\/09\\\/28\\\/dominguez-y-ziliotto-se-reunen-con-la-mesa-de-enlace-y-se-esperan-anuncios-para-liberar-mas-cupos-de-la-carne\\\/#primaryimage\",\"url\":\"https:\\\/\\\/diariotextual.com\\\/inicio\\\/wp-content\\\/uploads\\\/2021\\\/09\\\/ziliottosergiodominguezjulian2021-1.jpeg\",\"contentUrl\":\"https:\\\/\\\/diariotextual.com\\\/inicio\\\/wp-content\\\/uploads\\\/2021\\\/09\\\/ziliottosergiodominguezjulian2021-1.jpeg\",\"width\":1280,\"height\":720},{\"@type\":\"BreadcrumbList\",\"@id\":\"https:\\\/\\\/diariotextual.com\\\/inicio\\\/index.php\\\/2021\\\/09\\\/28\\\/dominguez-y-ziliotto-se-reunen-con-la-mesa-de-enlace-y-se-esperan-anuncios-para-liberar-mas-cupos-de-la-carne\\\/#breadcrumb\",\"itemListElement\":[{\"@type\":\"ListItem\",\"position\":1,\"name\":\"Portada\",\"item\":\"https:\\\/\\\/diariotextual.com\\\/inicio\\\/\"},{\"@type\":\"ListItem\",\"position\":2,\"name\":\"Dom\u00ednguez y Ziliotto se re\u00fanen con la Mesa de Enlace y se esperan anuncios para liberar m\u00e1s cupos de la carne\"}]},{\"@type\":\"WebSite\",\"@id\":\"https:\\\/\\\/diariotextual.com\\\/inicio\\\/#website\",\"url\":\"https:\\\/\\\/diariotextual.com\\\/inicio\\\/\",\"name\":\"Diario Textual\",\"description\":\"\",\"publisher\":{\"@id\":\"https:\\\/\\\/diariotextual.com\\\/inicio\\\/#organization\"},\"potentialAction\":[{\"@type\":\"SearchAction\",\"target\":{\"@type\":\"EntryPoint\",\"urlTemplate\":\"https:\\\/\\\/diariotextual.com\\\/inicio\\\/?s={search_term_string}\"},\"query-input\":{\"@type\":\"PropertyValueSpecification\",\"valueRequired\":true,\"valueName\":\"search_term_string\"}}],\"inLanguage\":\"es\"},{\"@type\":\"Organization\",\"@id\":\"https:\\\/\\\/diariotextual.com\\\/inicio\\\/#organization\",\"name\":\"Diario Textual\",\"url\":\"https:\\\/\\\/diariotextual.com\\\/inicio\\\/\",\"logo\":{\"@type\":\"ImageObject\",\"inLanguage\":\"es\",\"@id\":\"https:\\\/\\\/diariotextual.com\\\/inicio\\\/#\\\/schema\\\/logo\\\/image\\\/\",\"url\":\"https:\\\/\\\/diariotextual.com\\\/inicio\\\/wp-content\\\/uploads\\\/2023\\\/05\\\/logotextual1.jpg\",\"contentUrl\":\"https:\\\/\\\/diariotextual.com\\\/inicio\\\/wp-content\\\/uploads\\\/2023\\\/05\\\/logotextual1.jpg\",\"width\":516,\"height\":76,\"caption\":\"Diario Textual\"},\"image\":{\"@id\":\"https:\\\/\\\/diariotextual.com\\\/inicio\\\/#\\\/schema\\\/logo\\\/image\\\/\"},\"sameAs\":[\"https:\\\/\\\/www.facebook.com\\\/eltextual\",\"https:\\\/\\\/x.com\\\/eltextual\",\"http:\\\/\\\/www.instagram.com\\\/eltextual\"]},{\"@type\":\"Person\",\"@id\":\"https:\\\/\\\/diariotextual.com\\\/inicio\\\/#\\\/schema\\\/person\\\/523499e72392084bbaa07d9918058135\",\"name\":\"Sergio Romano\",\"image\":{\"@type\":\"ImageObject\",\"inLanguage\":\"es\",\"@id\":\"https:\\\/\\\/secure.gravatar.com\\\/avatar\\\/558f03f407fa3accd9dabd3c363c971a21b2b44ce0fe39bb24a92ac5472808b8?s=96&d=mm&r=g\",\"url\":\"https:\\\/\\\/secure.gravatar.com\\\/avatar\\\/558f03f407fa3accd9dabd3c363c971a21b2b44ce0fe39bb24a92ac5472808b8?s=96&d=mm&r=g\",\"contentUrl\":\"https:\\\/\\\/secure.gravatar.com\\\/avatar\\\/558f03f407fa3accd9dabd3c363c971a21b2b44ce0fe39bb24a92ac5472808b8?s=96&d=mm&r=g\",\"caption\":\"Sergio Romano\"},\"sameAs\":[\"http:\\\/\\\/www.diariotextual.com\"],\"url\":\"https:\\\/\\\/diariotextual.com\\\/inicio\\\/index.php\\\/author\\\/sergio\\\/\"}]}<\/script>\n<!-- \/ Yoast SEO plugin. -->","yoast_head_json":{"title":"Dom\u00ednguez y Ziliotto se re\u00fanen con la Mesa de Enlace y se esperan anuncios para liberar m\u00e1s cupos de la carne - Diario Textual","robots":{"index":"index","follow":"follow","max-snippet":"max-snippet:-1","max-image-preview":"max-image-preview:large","max-video-preview":"max-video-preview:-1"},"canonical":"https:\/\/diariotextual.com\/inicio\/index.php\/2021\/09\/28\/dominguez-y-ziliotto-se-reunen-con-la-mesa-de-enlace-y-se-esperan-anuncios-para-liberar-mas-cupos-de-la-carne\/","og_locale":"es_ES","og_type":"article","og_title":"Dom\u00ednguez y Ziliotto se re\u00fanen con la Mesa de Enlace y se esperan anuncios para liberar m\u00e1s cupos de la carne - Diario Textual","og_description":"El ministro de Agricultura, Ganader\u00eda y Pesca de la Naci\u00f3n, Juli\u00e1n Dom\u00ednguez, el gobernador pampeano Sergio Ziliotto y otros mandatarios provinciales se reunir\u00e1n en la tarde de este martes con&hellip;","og_url":"https:\/\/diariotextual.com\/inicio\/index.php\/2021\/09\/28\/dominguez-y-ziliotto-se-reunen-con-la-mesa-de-enlace-y-se-esperan-anuncios-para-liberar-mas-cupos-de-la-carne\/","og_site_name":"Diario Textual","article_publisher":"https:\/\/www.facebook.com\/eltextual","article_published_time":"2021-09-28T12:44:05+00:00","article_modified_time":"2021-09-28T19:51:39+00:00","og_image":[{"width":1280,"height":720,"url":"https:\/\/diariotextual.com\/inicio\/wp-content\/uploads\/2021\/09\/ziliottosergiodominguezjulian2021-1.jpeg","type":"image\/jpeg"}],"author":"Sergio Romano","twitter_card":"summary_large_image","twitter_creator":"@eltextual","twitter_site":"@eltextual","twitter_misc":{"Escrito por":"Sergio Romano","Tiempo de lectura":"2 minutos"},"schema":{"@context":"https:\/\/schema.org","@graph":[{"@type":"Article","@id":"https:\/\/diariotextual.com\/inicio\/index.php\/2021\/09\/28\/dominguez-y-ziliotto-se-reunen-con-la-mesa-de-enlace-y-se-esperan-anuncios-para-liberar-mas-cupos-de-la-carne\/#article","isPartOf":{"@id":"https:\/\/diariotextual.com\/inicio\/index.php\/2021\/09\/28\/dominguez-y-ziliotto-se-reunen-con-la-mesa-de-enlace-y-se-esperan-anuncios-para-liberar-mas-cupos-de-la-carne\/"},"author":{"name":"Sergio Romano","@id":"https:\/\/diariotextual.com\/inicio\/#\/schema\/person\/523499e72392084bbaa07d9918058135"},"headline":"Dom\u00ednguez y Ziliotto se re\u00fanen con la Mesa de Enlace y se esperan anuncios para liberar m\u00e1s cupos de la carne","datePublished":"2021-09-28T12:44:05+00:00","dateModified":"2021-09-28T19:51:39+00:00","mainEntityOfPage":{"@id":"https:\/\/diariotextual.com\/inicio\/index.php\/2021\/09\/28\/dominguez-y-ziliotto-se-reunen-con-la-mesa-de-enlace-y-se-esperan-anuncios-para-liberar-mas-cupos-de-la-carne\/"},"wordCount":431,"publisher":{"@id":"https:\/\/diariotextual.com\/inicio\/#organization"},"image":{"@id":"https:\/\/diariotextual.com\/inicio\/index.php\/2021\/09\/28\/dominguez-y-ziliotto-se-reunen-con-la-mesa-de-enlace-y-se-esperan-anuncios-para-liberar-mas-cupos-de-la-carne\/#primaryimage"},"thumbnailUrl":"https:\/\/diariotextual.com\/inicio\/wp-content\/uploads\/2021\/09\/ziliottosergiodominguezjulian2021-1.jpeg","keywords":["ganadero"],"articleSection":["A - PORTADA2","CAMPO"],"inLanguage":"es"},{"@type":"WebPage","@id":"https:\/\/diariotextual.com\/inicio\/index.php\/2021\/09\/28\/dominguez-y-ziliotto-se-reunen-con-la-mesa-de-enlace-y-se-esperan-anuncios-para-liberar-mas-cupos-de-la-carne\/","url":"https:\/\/diariotextual.com\/inicio\/index.php\/2021\/09\/28\/dominguez-y-ziliotto-se-reunen-con-la-mesa-de-enlace-y-se-esperan-anuncios-para-liberar-mas-cupos-de-la-carne\/","name":"Dom\u00ednguez y Ziliotto se re\u00fanen con la Mesa de Enlace y se esperan anuncios para liberar m\u00e1s cupos de la carne - Diario Textual","isPartOf":{"@id":"https:\/\/diariotextual.com\/inicio\/#website"},"primaryImageOfPage":{"@id":"https:\/\/diariotextual.com\/inicio\/index.php\/2021\/09\/28\/dominguez-y-ziliotto-se-reunen-con-la-mesa-de-enlace-y-se-esperan-anuncios-para-liberar-mas-cupos-de-la-carne\/#primaryimage"},"image":{"@id":"https:\/\/diariotextual.com\/inicio\/index.php\/2021\/09\/28\/dominguez-y-ziliotto-se-reunen-con-la-mesa-de-enlace-y-se-esperan-anuncios-para-liberar-mas-cupos-de-la-carne\/#primaryimage"},"thumbnailUrl":"https:\/\/diariotextual.com\/inicio\/wp-content\/uploads\/2021\/09\/ziliottosergiodominguezjulian2021-1.jpeg","datePublished":"2021-09-28T12:44:05+00:00","dateModified":"2021-09-28T19:51:39+00:00","breadcrumb":{"@id":"https:\/\/diariotextual.com\/inicio\/index.php\/2021\/09\/28\/dominguez-y-ziliotto-se-reunen-con-la-mesa-de-enlace-y-se-esperan-anuncios-para-liberar-mas-cupos-de-la-carne\/#breadcrumb"},"inLanguage":"es","potentialAction":[{"@type":"ReadAction","target":["https:\/\/diariotextual.com\/inicio\/index.php\/2021\/09\/28\/dominguez-y-ziliotto-se-reunen-con-la-mesa-de-enlace-y-se-esperan-anuncios-para-liberar-mas-cupos-de-la-carne\/"]}]},{"@type":"ImageObject","inLanguage":"es","@id":"https:\/\/diariotextual.com\/inicio\/index.php\/2021\/09\/28\/dominguez-y-ziliotto-se-reunen-con-la-mesa-de-enlace-y-se-esperan-anuncios-para-liberar-mas-cupos-de-la-carne\/#primaryimage","url":"https:\/\/diariotextual.com\/inicio\/wp-content\/uploads\/2021\/09\/ziliottosergiodominguezjulian2021-1.jpeg","contentUrl":"https:\/\/diariotextual.com\/inicio\/wp-content\/uploads\/2021\/09\/ziliottosergiodominguezjulian2021-1.jpeg","width":1280,"height":720},{"@type":"BreadcrumbList","@id":"https:\/\/diariotextual.com\/inicio\/index.php\/2021\/09\/28\/dominguez-y-ziliotto-se-reunen-con-la-mesa-de-enlace-y-se-esperan-anuncios-para-liberar-mas-cupos-de-la-carne\/#breadcrumb","itemListElement":[{"@type":"ListItem","position":1,"name":"Portada","item":"https:\/\/diariotextual.com\/inicio\/"},{"@type":"ListItem","position":2,"name":"Dom\u00ednguez y Ziliotto se re\u00fanen con la Mesa de Enlace y se esperan anuncios para liberar m\u00e1s cupos de la carne"}]},{"@type":"WebSite","@id":"https:\/\/diariotextual.com\/inicio\/#website","url":"https:\/\/diariotextual.com\/inicio\/","name":"Diario Textual","description":"","publisher":{"@id":"https:\/\/diariotextual.com\/inicio\/#organization"},"potentialAction":[{"@type":"SearchAction","target":{"@type":"EntryPoint","urlTemplate":"https:\/\/diariotextual.com\/inicio\/?s={search_term_string}"},"query-input":{"@type":"PropertyValueSpecification","valueRequired":true,"valueName":"search_term_string"}}],"inLanguage":"es"},{"@type":"Organization","@id":"https:\/\/diariotextual.com\/inicio\/#organization","name":"Diario Textual","url":"https:\/\/diariotextual.com\/inicio\/","logo":{"@type":"ImageObject","inLanguage":"es","@id":"https:\/\/diariotextual.com\/inicio\/#\/schema\/logo\/image\/","url":"https:\/\/diariotextual.com\/inicio\/wp-content\/uploads\/2023\/05\/logotextual1.jpg","contentUrl":"https:\/\/diariotextual.com\/inicio\/wp-content\/uploads\/2023\/05\/logotextual1.jpg","width":516,"height":76,"caption":"Diario Textual"},"image":{"@id":"https:\/\/diariotextual.com\/inicio\/#\/schema\/logo\/image\/"},"sameAs":["https:\/\/www.facebook.com\/eltextual","https:\/\/x.com\/eltextual","http:\/\/www.instagram.com\/eltextual"]},{"@type":"Person","@id":"https:\/\/diariotextual.com\/inicio\/#\/schema\/person\/523499e72392084bbaa07d9918058135","name":"Sergio Romano","image":{"@type":"ImageObject","inLanguage":"es","@id":"https:\/\/secure.gravatar.com\/avatar\/558f03f407fa3accd9dabd3c363c971a21b2b44ce0fe39bb24a92ac5472808b8?s=96&d=mm&r=g","url":"https:\/\/secure.gravatar.com\/avatar\/558f03f407fa3accd9dabd3c363c971a21b2b44ce0fe39bb24a92ac5472808b8?s=96&d=mm&r=g","contentUrl":"https:\/\/secure.gravatar.com\/avatar\/558f03f407fa3accd9dabd3c363c971a21b2b44ce0fe39bb24a92ac5472808b8?s=96&d=mm&r=g","caption":"Sergio Romano"},"sameAs":["http:\/\/www.diariotextual.com"],"url":"https:\/\/diariotextual.com\/inicio\/index.php\/author\/sergio\/"}]}},"_links":{"self":[{"href":"https:\/\/diariotextual.com\/inicio\/index.php\/wp-json\/wp\/v2\/posts\/162991","targetHints":{"allow":["GET"]}}],"collection":[{"href":"https:\/\/diariotextual.com\/inicio\/index.php\/wp-json\/wp\/v2\/posts"}],"about":[{"href":"https:\/\/diariotextual.com\/inicio\/index.php\/wp-json\/wp\/v2\/types\/post"}],"author":[{"embeddable":true,"href":"https:\/\/diariotextual.com\/inicio\/index.php\/wp-json\/wp\/v2\/users\/2"}],"replies":[{"embeddable":true,"href":"https:\/\/diariotextual.com\/inicio\/index.php\/wp-json\/wp\/v2\/comments?post=162991"}],"version-history":[{"count":4,"href":"https:\/\/diariotextual.com\/inicio\/index.php\/wp-json\/wp\/v2\/posts\/162991\/revisions"}],"predecessor-version":[{"id":162996,"href":"https:\/\/diariotextual.com\/inicio\/index.php\/wp-json\/wp\/v2\/posts\/162991\/revisions\/162996"}],"wp:featuredmedia":[{"embeddable":true,"href":"https:\/\/diariotextual.com\/inicio\/index.php\/wp-json\/wp\/v2\/media\/162500"}],"wp:attachment":[{"href":"https:\/\/diariotextual.com\/inicio\/index.php\/wp-json\/wp\/v2\/media?parent=162991"}],"wp:term":[{"taxonomy":"category","embeddable":true,"href":"https:\/\/diariotextual.com\/inicio\/index.php\/wp-json\/wp\/v2\/categories?post=162991"},{"taxonomy":"post_tag","embeddable":true,"href":"https:\/\/diariotextual.com\/inicio\/index.php\/wp-json\/wp\/v2\/tags?post=162991"}],"curies":[{"name":"wp","href":"https:\/\/api.w.org\/{rel}","templated":true}]}}