{"id":163166,"date":"2021-09-29T04:31:00","date_gmt":"2021-09-29T07:31:00","guid":{"rendered":"https:\/\/diariotextual.com\/inicio\/?p=163166"},"modified":"2021-09-30T08:15:37","modified_gmt":"2021-09-30T11:15:37","slug":"el-gobierno-anuncia-el-tramite-de-jubilacion-anticipada-para-desocupados","status":"publish","type":"post","link":"https:\/\/diariotextual.com\/inicio\/index.php\/2021\/09\/29\/el-gobierno-anuncia-el-tramite-de-jubilacion-anticipada-para-desocupados\/","title":{"rendered":"Jubilaci\u00f3n anticipada: qu\u00e9 se necesita para acceder"},"content":{"rendered":"\n<p>El jefe de Gabinete,&nbsp;<strong>Juan Manzur<\/strong>, y la directora ejecutiva de la Administraci\u00f3n Nacional de la Seguridad Social (Anses),&nbsp;<strong>Fernanda Raverta<\/strong>, anunciaron hoy la implementaci\u00f3n de un plan de jubilaciones anticipadas para personas que cuenten con los 30 a\u00f1os de aportes requeridos por ley, les faltan cinco a\u00f1os o menos para alcanzar los l\u00edmites de edad y se encontraban desocupadas al 30 de junio de 2021.<\/p>\n\n\n\n<p><strong>\u00abSe trata de un acto de justicia, de saldar una deuda que ten\u00eda la Argentina\u00bb<\/strong>, dijo Manzur al presentar la iniciativa en el Museo del Bicentenario, junto a los ministros de Trabajo, Claudio Moroni, y de Interior, Eduardo &#8216;Wado&#8217; de Pedro.<\/p>\n\n\n\n<p>La jubilaci\u00f3n anticipada alcanzar\u00e1 a hombres de entre 60 y 64 a\u00f1os y mujeres entre 55 y 59 a\u00f1os, a quienes garantizar\u00e1 la cobertura social y el 80 por ciento del haber que le corresponda, detall\u00f3 el Gobierno a trav\u00e9s de un comunicado.<\/p>\n\n\n\n<p>Una vez alcanzada la edad jubilatoria requerida (60 a\u00f1os las mujeres y 65 a\u00f1os los hombres) estas personas pasar\u00e1n a percibir el 100 por ciento del haber de forma autom\u00e1tica.<\/p>\n\n\n\n<p>Con esta medida, la Anses prev\u00e9 que entre 20.000 y 30.000 ciudadanos puedan jubilarse en 2021, con un haber promedio de 50.000 pesos.<\/p>\n\n\n\n<p>Seg\u00fan una proyecci\u00f3n realizada por el organismo, el 85 por ciento de los beneficiarios son varones que se desempe\u00f1aron, mayormente, como trabajadores industriales, sector que \u201csufri\u00f3 una gran ca\u00edda en el empleo durante el per\u00edodo 2016-2019\u2033, remarc\u00f3 el comunicado oficial.<\/p>\n\n\n\n<p>Los requisitos son los siguientes:<br>\u2022 Seg\u00fan se inform\u00f3 oficialmente, la jubilaci\u00f3n anticipada alcanzar\u00e1 a&nbsp;<strong>varones de entre 60 y 64 a\u00f1os<\/strong>&nbsp;y&nbsp;<strong>mujeres entre 55 y 59 a\u00f1os<\/strong>, a quienes garantizar\u00e1 la cobertura social y el 80 por ciento del haber que le corresponda mientras se llega a la edad dispuesta por la ley.<\/p>\n\n\n\n<p>\u2022 Una vez alcanzada la edad jubilatoria requerida -60 a\u00f1os las mujeres y 65 a\u00f1os los varones- estas personas pasar\u00e1n a percibir el 100 por ciento del haber de forma autom\u00e1tica.<\/p>\n\n\n\n<p>\u2022 Con esta medida,&nbsp;<strong>la Anses prev\u00e9 que entre 20 y 30 mil ciudadanos y ciudadanas podr\u00e1n jubilarse en 2021, con un haber promedio de 50.000 pesos.<\/strong><\/p>\n\n\n\n<p>\u2022 Seg\u00fan la proyecci\u00f3n, realizada por el organismo, el 85 por ciento de los beneficiarios son varones que se desempe\u00f1aron, mayormente, como trabajadores industriales, sector que sufri\u00f3 una gran ca\u00edda en el empleo durante el per\u00edodo 2016-2019.<\/p>\n","protected":false},"excerpt":{"rendered":"<p>El jefe de Gabinete,&nbsp;Juan Manzur, y la directora ejecutiva de la Administraci\u00f3n Nacional de la Seguridad Social (Anses),&nbsp;Fernanda Raverta, anunciaron hoy la implementaci\u00f3n de un plan de jubilaciones anticipadas para&hellip;<\/p>\n","protected":false},"author":3,"featured_media":141518,"comment_status":"closed","ping_status":"open","sticky":false,"template":"","format":"standard","meta":{"_acf_changed":false,"footnotes":""},"categories":[10,12],"tags":[6107,1729],"class_list":["post-163166","post","type-post","status-publish","format-standard","has-post-thumbnail","hentry","category-portada-2","category-sociedad","tag-anticipada","tag-jubilacion"],"acf":[],"yoast_head":"<!-- This site is optimized with the Yoast SEO plugin v27.5 - https:\/\/yoast.com\/product\/yoast-seo-wordpress\/ -->\n<title>Jubilaci\u00f3n anticipada: qu\u00e9 se necesita para acceder - Diario Textual<\/title>\n<meta name=\"robots\" content=\"index, follow, max-snippet:-1, max-image-preview:large, max-video-preview:-1\" \/>\n<link rel=\"canonical\" href=\"https:\/\/diariotextual.com\/inicio\/index.php\/2021\/09\/29\/el-gobierno-anuncia-el-tramite-de-jubilacion-anticipada-para-desocupados\/\" \/>\n<meta property=\"og:locale\" content=\"es_ES\" \/>\n<meta property=\"og:type\" content=\"article\" \/>\n<meta property=\"og:title\" content=\"Jubilaci\u00f3n anticipada: qu\u00e9 se necesita para acceder - Diario Textual\" \/>\n<meta property=\"og:description\" content=\"El jefe de Gabinete,&nbsp;Juan Manzur, y la directora ejecutiva de la Administraci\u00f3n Nacional de la Seguridad Social (Anses),&nbsp;Fernanda Raverta, anunciaron hoy la implementaci\u00f3n de un plan de jubilaciones anticipadas para&hellip;\" \/>\n<meta property=\"og:url\" content=\"https:\/\/diariotextual.com\/inicio\/index.php\/2021\/09\/29\/el-gobierno-anuncia-el-tramite-de-jubilacion-anticipada-para-desocupados\/\" \/>\n<meta property=\"og:site_name\" content=\"Diario Textual\" \/>\n<meta property=\"article:publisher\" content=\"https:\/\/www.facebook.com\/eltextual\" \/>\n<meta property=\"article:published_time\" content=\"2021-09-29T07:31:00+00:00\" \/>\n<meta property=\"article:modified_time\" content=\"2021-09-30T11:15:37+00:00\" \/>\n<meta property=\"og:image\" content=\"https:\/\/diariotextual.com\/inicio\/wp-content\/uploads\/2021\/04\/anses00009.jpg\" \/>\n\t<meta property=\"og:image:width\" content=\"900\" \/>\n\t<meta property=\"og:image:height\" content=\"506\" \/>\n\t<meta property=\"og:image:type\" content=\"image\/jpeg\" \/>\n<meta name=\"author\" content=\"Diario1 Diario1\" \/>\n<meta name=\"twitter:card\" content=\"summary_large_image\" \/>\n<meta name=\"twitter:creator\" content=\"@eltextual\" \/>\n<meta name=\"twitter:site\" content=\"@eltextual\" \/>\n<meta name=\"twitter:label1\" content=\"Escrito por\" \/>\n\t<meta name=\"twitter:data1\" content=\"Diario1 Diario1\" \/>\n\t<meta name=\"twitter:label2\" content=\"Tiempo de lectura\" \/>\n\t<meta name=\"twitter:data2\" content=\"2 minutos\" \/>\n<script type=\"application\/ld+json\" class=\"yoast-schema-graph\">{\"@context\":\"https:\\\/\\\/schema.org\",\"@graph\":[{\"@type\":\"Article\",\"@id\":\"https:\\\/\\\/diariotextual.com\\\/inicio\\\/index.php\\\/2021\\\/09\\\/29\\\/el-gobierno-anuncia-el-tramite-de-jubilacion-anticipada-para-desocupados\\\/#article\",\"isPartOf\":{\"@id\":\"https:\\\/\\\/diariotextual.com\\\/inicio\\\/index.php\\\/2021\\\/09\\\/29\\\/el-gobierno-anuncia-el-tramite-de-jubilacion-anticipada-para-desocupados\\\/\"},\"author\":{\"name\":\"Diario1 Diario1\",\"@id\":\"https:\\\/\\\/diariotextual.com\\\/inicio\\\/#\\\/schema\\\/person\\\/418fc4093c33e86ed41562db3508f958\"},\"headline\":\"Jubilaci\u00f3n anticipada: qu\u00e9 se necesita para acceder\",\"datePublished\":\"2021-09-29T07:31:00+00:00\",\"dateModified\":\"2021-09-30T11:15:37+00:00\",\"mainEntityOfPage\":{\"@id\":\"https:\\\/\\\/diariotextual.com\\\/inicio\\\/index.php\\\/2021\\\/09\\\/29\\\/el-gobierno-anuncia-el-tramite-de-jubilacion-anticipada-para-desocupados\\\/\"},\"wordCount\":408,\"publisher\":{\"@id\":\"https:\\\/\\\/diariotextual.com\\\/inicio\\\/#organization\"},\"image\":{\"@id\":\"https:\\\/\\\/diariotextual.com\\\/inicio\\\/index.php\\\/2021\\\/09\\\/29\\\/el-gobierno-anuncia-el-tramite-de-jubilacion-anticipada-para-desocupados\\\/#primaryimage\"},\"thumbnailUrl\":\"https:\\\/\\\/diariotextual.com\\\/inicio\\\/wp-content\\\/uploads\\\/2021\\\/04\\\/anses00009.jpg\",\"keywords\":[\"anticipada\",\"jubilaci\u00f3n\"],\"articleSection\":[\"A - PORTADA2\",\"SOCIEDAD\"],\"inLanguage\":\"es\"},{\"@type\":\"WebPage\",\"@id\":\"https:\\\/\\\/diariotextual.com\\\/inicio\\\/index.php\\\/2021\\\/09\\\/29\\\/el-gobierno-anuncia-el-tramite-de-jubilacion-anticipada-para-desocupados\\\/\",\"url\":\"https:\\\/\\\/diariotextual.com\\\/inicio\\\/index.php\\\/2021\\\/09\\\/29\\\/el-gobierno-anuncia-el-tramite-de-jubilacion-anticipada-para-desocupados\\\/\",\"name\":\"Jubilaci\u00f3n anticipada: qu\u00e9 se necesita para acceder - Diario Textual\",\"isPartOf\":{\"@id\":\"https:\\\/\\\/diariotextual.com\\\/inicio\\\/#website\"},\"primaryImageOfPage\":{\"@id\":\"https:\\\/\\\/diariotextual.com\\\/inicio\\\/index.php\\\/2021\\\/09\\\/29\\\/el-gobierno-anuncia-el-tramite-de-jubilacion-anticipada-para-desocupados\\\/#primaryimage\"},\"image\":{\"@id\":\"https:\\\/\\\/diariotextual.com\\\/inicio\\\/index.php\\\/2021\\\/09\\\/29\\\/el-gobierno-anuncia-el-tramite-de-jubilacion-anticipada-para-desocupados\\\/#primaryimage\"},\"thumbnailUrl\":\"https:\\\/\\\/diariotextual.com\\\/inicio\\\/wp-content\\\/uploads\\\/2021\\\/04\\\/anses00009.jpg\",\"datePublished\":\"2021-09-29T07:31:00+00:00\",\"dateModified\":\"2021-09-30T11:15:37+00:00\",\"breadcrumb\":{\"@id\":\"https:\\\/\\\/diariotextual.com\\\/inicio\\\/index.php\\\/2021\\\/09\\\/29\\\/el-gobierno-anuncia-el-tramite-de-jubilacion-anticipada-para-desocupados\\\/#breadcrumb\"},\"inLanguage\":\"es\",\"potentialAction\":[{\"@type\":\"ReadAction\",\"target\":[\"https:\\\/\\\/diariotextual.com\\\/inicio\\\/index.php\\\/2021\\\/09\\\/29\\\/el-gobierno-anuncia-el-tramite-de-jubilacion-anticipada-para-desocupados\\\/\"]}]},{\"@type\":\"ImageObject\",\"inLanguage\":\"es\",\"@id\":\"https:\\\/\\\/diariotextual.com\\\/inicio\\\/index.php\\\/2021\\\/09\\\/29\\\/el-gobierno-anuncia-el-tramite-de-jubilacion-anticipada-para-desocupados\\\/#primaryimage\",\"url\":\"https:\\\/\\\/diariotextual.com\\\/inicio\\\/wp-content\\\/uploads\\\/2021\\\/04\\\/anses00009.jpg\",\"contentUrl\":\"https:\\\/\\\/diariotextual.com\\\/inicio\\\/wp-content\\\/uploads\\\/2021\\\/04\\\/anses00009.jpg\",\"width\":900,\"height\":506},{\"@type\":\"BreadcrumbList\",\"@id\":\"https:\\\/\\\/diariotextual.com\\\/inicio\\\/index.php\\\/2021\\\/09\\\/29\\\/el-gobierno-anuncia-el-tramite-de-jubilacion-anticipada-para-desocupados\\\/#breadcrumb\",\"itemListElement\":[{\"@type\":\"ListItem\",\"position\":1,\"name\":\"Portada\",\"item\":\"https:\\\/\\\/diariotextual.com\\\/inicio\\\/\"},{\"@type\":\"ListItem\",\"position\":2,\"name\":\"Jubilaci\u00f3n anticipada: qu\u00e9 se necesita para acceder\"}]},{\"@type\":\"WebSite\",\"@id\":\"https:\\\/\\\/diariotextual.com\\\/inicio\\\/#website\",\"url\":\"https:\\\/\\\/diariotextual.com\\\/inicio\\\/\",\"name\":\"Diario Textual\",\"description\":\"\",\"publisher\":{\"@id\":\"https:\\\/\\\/diariotextual.com\\\/inicio\\\/#organization\"},\"potentialAction\":[{\"@type\":\"SearchAction\",\"target\":{\"@type\":\"EntryPoint\",\"urlTemplate\":\"https:\\\/\\\/diariotextual.com\\\/inicio\\\/?s={search_term_string}\"},\"query-input\":{\"@type\":\"PropertyValueSpecification\",\"valueRequired\":true,\"valueName\":\"search_term_string\"}}],\"inLanguage\":\"es\"},{\"@type\":\"Organization\",\"@id\":\"https:\\\/\\\/diariotextual.com\\\/inicio\\\/#organization\",\"name\":\"Diario Textual\",\"url\":\"https:\\\/\\\/diariotextual.com\\\/inicio\\\/\",\"logo\":{\"@type\":\"ImageObject\",\"inLanguage\":\"es\",\"@id\":\"https:\\\/\\\/diariotextual.com\\\/inicio\\\/#\\\/schema\\\/logo\\\/image\\\/\",\"url\":\"https:\\\/\\\/diariotextual.com\\\/inicio\\\/wp-content\\\/uploads\\\/2023\\\/05\\\/logotextual1.jpg\",\"contentUrl\":\"https:\\\/\\\/diariotextual.com\\\/inicio\\\/wp-content\\\/uploads\\\/2023\\\/05\\\/logotextual1.jpg\",\"width\":516,\"height\":76,\"caption\":\"Diario Textual\"},\"image\":{\"@id\":\"https:\\\/\\\/diariotextual.com\\\/inicio\\\/#\\\/schema\\\/logo\\\/image\\\/\"},\"sameAs\":[\"https:\\\/\\\/www.facebook.com\\\/eltextual\",\"https:\\\/\\\/x.com\\\/eltextual\",\"http:\\\/\\\/www.instagram.com\\\/eltextual\"]},{\"@type\":\"Person\",\"@id\":\"https:\\\/\\\/diariotextual.com\\\/inicio\\\/#\\\/schema\\\/person\\\/418fc4093c33e86ed41562db3508f958\",\"name\":\"Diario1 Diario1\",\"image\":{\"@type\":\"ImageObject\",\"inLanguage\":\"es\",\"@id\":\"https:\\\/\\\/secure.gravatar.com\\\/avatar\\\/9167d280179c85bc18be67aa7eda765854300033af4896dd779b608640f2ef7a?s=96&d=mm&r=g\",\"url\":\"https:\\\/\\\/secure.gravatar.com\\\/avatar\\\/9167d280179c85bc18be67aa7eda765854300033af4896dd779b608640f2ef7a?s=96&d=mm&r=g\",\"contentUrl\":\"https:\\\/\\\/secure.gravatar.com\\\/avatar\\\/9167d280179c85bc18be67aa7eda765854300033af4896dd779b608640f2ef7a?s=96&d=mm&r=g\",\"caption\":\"Diario1 Diario1\"},\"url\":\"https:\\\/\\\/diariotextual.com\\\/inicio\\\/index.php\\\/author\\\/diario1\\\/\"}]}<\/script>\n<!-- \/ Yoast SEO plugin. -->","yoast_head_json":{"title":"Jubilaci\u00f3n anticipada: qu\u00e9 se necesita para acceder - Diario Textual","robots":{"index":"index","follow":"follow","max-snippet":"max-snippet:-1","max-image-preview":"max-image-preview:large","max-video-preview":"max-video-preview:-1"},"canonical":"https:\/\/diariotextual.com\/inicio\/index.php\/2021\/09\/29\/el-gobierno-anuncia-el-tramite-de-jubilacion-anticipada-para-desocupados\/","og_locale":"es_ES","og_type":"article","og_title":"Jubilaci\u00f3n anticipada: qu\u00e9 se necesita para acceder - Diario Textual","og_description":"El jefe de Gabinete,&nbsp;Juan Manzur, y la directora ejecutiva de la Administraci\u00f3n Nacional de la Seguridad Social (Anses),&nbsp;Fernanda Raverta, anunciaron hoy la implementaci\u00f3n de un plan de jubilaciones anticipadas para&hellip;","og_url":"https:\/\/diariotextual.com\/inicio\/index.php\/2021\/09\/29\/el-gobierno-anuncia-el-tramite-de-jubilacion-anticipada-para-desocupados\/","og_site_name":"Diario Textual","article_publisher":"https:\/\/www.facebook.com\/eltextual","article_published_time":"2021-09-29T07:31:00+00:00","article_modified_time":"2021-09-30T11:15:37+00:00","og_image":[{"width":900,"height":506,"url":"https:\/\/diariotextual.com\/inicio\/wp-content\/uploads\/2021\/04\/anses00009.jpg","type":"image\/jpeg"}],"author":"Diario1 Diario1","twitter_card":"summary_large_image","twitter_creator":"@eltextual","twitter_site":"@eltextual","twitter_misc":{"Escrito por":"Diario1 Diario1","Tiempo de lectura":"2 minutos"},"schema":{"@context":"https:\/\/schema.org","@graph":[{"@type":"Article","@id":"https:\/\/diariotextual.com\/inicio\/index.php\/2021\/09\/29\/el-gobierno-anuncia-el-tramite-de-jubilacion-anticipada-para-desocupados\/#article","isPartOf":{"@id":"https:\/\/diariotextual.com\/inicio\/index.php\/2021\/09\/29\/el-gobierno-anuncia-el-tramite-de-jubilacion-anticipada-para-desocupados\/"},"author":{"name":"Diario1 Diario1","@id":"https:\/\/diariotextual.com\/inicio\/#\/schema\/person\/418fc4093c33e86ed41562db3508f958"},"headline":"Jubilaci\u00f3n anticipada: qu\u00e9 se necesita para acceder","datePublished":"2021-09-29T07:31:00+00:00","dateModified":"2021-09-30T11:15:37+00:00","mainEntityOfPage":{"@id":"https:\/\/diariotextual.com\/inicio\/index.php\/2021\/09\/29\/el-gobierno-anuncia-el-tramite-de-jubilacion-anticipada-para-desocupados\/"},"wordCount":408,"publisher":{"@id":"https:\/\/diariotextual.com\/inicio\/#organization"},"image":{"@id":"https:\/\/diariotextual.com\/inicio\/index.php\/2021\/09\/29\/el-gobierno-anuncia-el-tramite-de-jubilacion-anticipada-para-desocupados\/#primaryimage"},"thumbnailUrl":"https:\/\/diariotextual.com\/inicio\/wp-content\/uploads\/2021\/04\/anses00009.jpg","keywords":["anticipada","jubilaci\u00f3n"],"articleSection":["A - PORTADA2","SOCIEDAD"],"inLanguage":"es"},{"@type":"WebPage","@id":"https:\/\/diariotextual.com\/inicio\/index.php\/2021\/09\/29\/el-gobierno-anuncia-el-tramite-de-jubilacion-anticipada-para-desocupados\/","url":"https:\/\/diariotextual.com\/inicio\/index.php\/2021\/09\/29\/el-gobierno-anuncia-el-tramite-de-jubilacion-anticipada-para-desocupados\/","name":"Jubilaci\u00f3n anticipada: qu\u00e9 se necesita para acceder - Diario Textual","isPartOf":{"@id":"https:\/\/diariotextual.com\/inicio\/#website"},"primaryImageOfPage":{"@id":"https:\/\/diariotextual.com\/inicio\/index.php\/2021\/09\/29\/el-gobierno-anuncia-el-tramite-de-jubilacion-anticipada-para-desocupados\/#primaryimage"},"image":{"@id":"https:\/\/diariotextual.com\/inicio\/index.php\/2021\/09\/29\/el-gobierno-anuncia-el-tramite-de-jubilacion-anticipada-para-desocupados\/#primaryimage"},"thumbnailUrl":"https:\/\/diariotextual.com\/inicio\/wp-content\/uploads\/2021\/04\/anses00009.jpg","datePublished":"2021-09-29T07:31:00+00:00","dateModified":"2021-09-30T11:15:37+00:00","breadcrumb":{"@id":"https:\/\/diariotextual.com\/inicio\/index.php\/2021\/09\/29\/el-gobierno-anuncia-el-tramite-de-jubilacion-anticipada-para-desocupados\/#breadcrumb"},"inLanguage":"es","potentialAction":[{"@type":"ReadAction","target":["https:\/\/diariotextual.com\/inicio\/index.php\/2021\/09\/29\/el-gobierno-anuncia-el-tramite-de-jubilacion-anticipada-para-desocupados\/"]}]},{"@type":"ImageObject","inLanguage":"es","@id":"https:\/\/diariotextual.com\/inicio\/index.php\/2021\/09\/29\/el-gobierno-anuncia-el-tramite-de-jubilacion-anticipada-para-desocupados\/#primaryimage","url":"https:\/\/diariotextual.com\/inicio\/wp-content\/uploads\/2021\/04\/anses00009.jpg","contentUrl":"https:\/\/diariotextual.com\/inicio\/wp-content\/uploads\/2021\/04\/anses00009.jpg","width":900,"height":506},{"@type":"BreadcrumbList","@id":"https:\/\/diariotextual.com\/inicio\/index.php\/2021\/09\/29\/el-gobierno-anuncia-el-tramite-de-jubilacion-anticipada-para-desocupados\/#breadcrumb","itemListElement":[{"@type":"ListItem","position":1,"name":"Portada","item":"https:\/\/diariotextual.com\/inicio\/"},{"@type":"ListItem","position":2,"name":"Jubilaci\u00f3n anticipada: qu\u00e9 se necesita para acceder"}]},{"@type":"WebSite","@id":"https:\/\/diariotextual.com\/inicio\/#website","url":"https:\/\/diariotextual.com\/inicio\/","name":"Diario Textual","description":"","publisher":{"@id":"https:\/\/diariotextual.com\/inicio\/#organization"},"potentialAction":[{"@type":"SearchAction","target":{"@type":"EntryPoint","urlTemplate":"https:\/\/diariotextual.com\/inicio\/?s={search_term_string}"},"query-input":{"@type":"PropertyValueSpecification","valueRequired":true,"valueName":"search_term_string"}}],"inLanguage":"es"},{"@type":"Organization","@id":"https:\/\/diariotextual.com\/inicio\/#organization","name":"Diario Textual","url":"https:\/\/diariotextual.com\/inicio\/","logo":{"@type":"ImageObject","inLanguage":"es","@id":"https:\/\/diariotextual.com\/inicio\/#\/schema\/logo\/image\/","url":"https:\/\/diariotextual.com\/inicio\/wp-content\/uploads\/2023\/05\/logotextual1.jpg","contentUrl":"https:\/\/diariotextual.com\/inicio\/wp-content\/uploads\/2023\/05\/logotextual1.jpg","width":516,"height":76,"caption":"Diario Textual"},"image":{"@id":"https:\/\/diariotextual.com\/inicio\/#\/schema\/logo\/image\/"},"sameAs":["https:\/\/www.facebook.com\/eltextual","https:\/\/x.com\/eltextual","http:\/\/www.instagram.com\/eltextual"]},{"@type":"Person","@id":"https:\/\/diariotextual.com\/inicio\/#\/schema\/person\/418fc4093c33e86ed41562db3508f958","name":"Diario1 Diario1","image":{"@type":"ImageObject","inLanguage":"es","@id":"https:\/\/secure.gravatar.com\/avatar\/9167d280179c85bc18be67aa7eda765854300033af4896dd779b608640f2ef7a?s=96&d=mm&r=g","url":"https:\/\/secure.gravatar.com\/avatar\/9167d280179c85bc18be67aa7eda765854300033af4896dd779b608640f2ef7a?s=96&d=mm&r=g","contentUrl":"https:\/\/secure.gravatar.com\/avatar\/9167d280179c85bc18be67aa7eda765854300033af4896dd779b608640f2ef7a?s=96&d=mm&r=g","caption":"Diario1 Diario1"},"url":"https:\/\/diariotextual.com\/inicio\/index.php\/author\/diario1\/"}]}},"_links":{"self":[{"href":"https:\/\/diariotextual.com\/inicio\/index.php\/wp-json\/wp\/v2\/posts\/163166","targetHints":{"allow":["GET"]}}],"collection":[{"href":"https:\/\/diariotextual.com\/inicio\/index.php\/wp-json\/wp\/v2\/posts"}],"about":[{"href":"https:\/\/diariotextual.com\/inicio\/index.php\/wp-json\/wp\/v2\/types\/post"}],"author":[{"embeddable":true,"href":"https:\/\/diariotextual.com\/inicio\/index.php\/wp-json\/wp\/v2\/users\/3"}],"replies":[{"embeddable":true,"href":"https:\/\/diariotextual.com\/inicio\/index.php\/wp-json\/wp\/v2\/comments?post=163166"}],"version-history":[{"count":3,"href":"https:\/\/diariotextual.com\/inicio\/index.php\/wp-json\/wp\/v2\/posts\/163166\/revisions"}],"predecessor-version":[{"id":163327,"href":"https:\/\/diariotextual.com\/inicio\/index.php\/wp-json\/wp\/v2\/posts\/163166\/revisions\/163327"}],"wp:featuredmedia":[{"embeddable":true,"href":"https:\/\/diariotextual.com\/inicio\/index.php\/wp-json\/wp\/v2\/media\/141518"}],"wp:attachment":[{"href":"https:\/\/diariotextual.com\/inicio\/index.php\/wp-json\/wp\/v2\/media?parent=163166"}],"wp:term":[{"taxonomy":"category","embeddable":true,"href":"https:\/\/diariotextual.com\/inicio\/index.php\/wp-json\/wp\/v2\/categories?post=163166"},{"taxonomy":"post_tag","embeddable":true,"href":"https:\/\/diariotextual.com\/inicio\/index.php\/wp-json\/wp\/v2\/tags?post=163166"}],"curies":[{"name":"wp","href":"https:\/\/api.w.org\/{rel}","templated":true}]}}