{"id":163311,"date":"2021-09-30T07:59:42","date_gmt":"2021-09-30T10:59:42","guid":{"rendered":"https:\/\/diariotextual.com\/inicio\/?p=163311"},"modified":"2021-09-30T09:01:19","modified_gmt":"2021-09-30T12:01:19","slug":"choque-e-incendios-de-camiones-inician-las-tareas-para-rescatar-los-cuerpos-de-los-dos-pampeanos","status":"publish","type":"post","link":"https:\/\/diariotextual.com\/inicio\/index.php\/2021\/09\/30\/choque-e-incendios-de-camiones-inician-las-tareas-para-rescatar-los-cuerpos-de-los-dos-pampeanos\/","title":{"rendered":"Incendio de camiones: inician las tareas para rescatar los cuerpos de los dos pampeanos"},"content":{"rendered":"\n<p>Peritos iniciaron en la ma\u00f1ana de este jueves las tareas de investigaci\u00f3n para determinar<strong> las causas del choque de dos camiones<\/strong> en una ruta de la provincia de Buenos Aires, que cobr\u00f3 la vida de tres personas -entre ellos dos pampeanos-. Tambi\u00e9n deben retirar e identificar los cuerpos.<\/p>\n\n\n\n<p>La Polic\u00eda Ecol\u00f3gica de Tandil determin\u00f3 que uno de los camiones transportaba <strong>per\u00f3xido de hidr\u00f3geno<\/strong> al 30% (agua oxigenada concentrada).<\/p>\n\n\n\n<p>El choque y posterior incendio se registr\u00f3 en la <strong>ruta nacional 205<\/strong>, entre las localidades bonaerenses de Alvear y Bol\u00edvar.<\/p>\n\n\n\n<p>Chocaron dos camiones. Uno -conducido por un hombre de la ciudad santacruce\u00f1a Puerto Deseado- llevaba el per\u00f3xido de hidr\u00f3geno, en tanto que el otro -al mando de un hombre de 31 a\u00f1os de Anguil y que tambi\u00e9n llevaba un acompa\u00f1ante de Colonia Bar\u00f3n- transportaba vacunos. Ni bien se produjo el choque, se gener\u00f3 un incendio.<\/p>\n\n\n\n<p>Seg\u00fan public\u00f3 Alvear Ya, a las 7 de la ma\u00f1ana del jueves 30 ya no hay humo, de manera que el lugar est\u00e1 en condiciones de que se lleven a cabo las pericias, que estar\u00e1n a cargo de Polic\u00eda Cient\u00edfica.<\/p>\n\n\n\n<p>El cami\u00f3n pampeano, en rigor, es de una empresa de Colonia Bar\u00f3n. Su due\u00f1o es Marcelo Ortelli, quien viaj\u00f3 al lugar del siniestro y dio a conocer la identidad de los dos ocupantes de su rodado. Uno de ellos, el conductor, era Facundo Fossaceca, de 31 a\u00f1os, oriundo de Anguil y radicado en Bar\u00f3n. El otro pampeano -extraoficialmente identificado como K.M.- era de Bar\u00f3n.<\/p>\n\n\n\n<p><\/p>\n\n\n\n<p><\/p>\n","protected":false},"excerpt":{"rendered":"<p>Peritos iniciaron en la ma\u00f1ana de este jueves las tareas de investigaci\u00f3n para determinar las causas del choque de dos camiones en una ruta de la provincia de Buenos Aires,&hellip;<\/p>\n","protected":false},"author":3,"featured_media":163290,"comment_status":"closed","ping_status":"open","sticky":false,"template":"","format":"standard","meta":{"_acf_changed":false,"footnotes":""},"categories":[10,12],"tags":[],"class_list":["post-163311","post","type-post","status-publish","format-standard","has-post-thumbnail","hentry","category-portada-2","category-sociedad"],"acf":[],"yoast_head":"<!-- This site is optimized with the Yoast SEO plugin v27.5 - https:\/\/yoast.com\/product\/yoast-seo-wordpress\/ -->\n<title>Incendio de camiones: inician las tareas para rescatar los cuerpos de los dos pampeanos - Diario Textual<\/title>\n<meta name=\"robots\" content=\"index, follow, max-snippet:-1, max-image-preview:large, max-video-preview:-1\" \/>\n<link rel=\"canonical\" href=\"https:\/\/diariotextual.com\/inicio\/index.php\/2021\/09\/30\/choque-e-incendios-de-camiones-inician-las-tareas-para-rescatar-los-cuerpos-de-los-dos-pampeanos\/\" \/>\n<meta property=\"og:locale\" content=\"es_ES\" \/>\n<meta property=\"og:type\" content=\"article\" \/>\n<meta property=\"og:title\" content=\"Incendio de camiones: inician las tareas para rescatar los cuerpos de los dos pampeanos - Diario Textual\" \/>\n<meta property=\"og:description\" content=\"Peritos iniciaron en la ma\u00f1ana de este jueves las tareas de investigaci\u00f3n para determinar las causas del choque de dos camiones en una ruta de la provincia de Buenos Aires,&hellip;\" \/>\n<meta property=\"og:url\" content=\"https:\/\/diariotextual.com\/inicio\/index.php\/2021\/09\/30\/choque-e-incendios-de-camiones-inician-las-tareas-para-rescatar-los-cuerpos-de-los-dos-pampeanos\/\" \/>\n<meta property=\"og:site_name\" content=\"Diario Textual\" \/>\n<meta property=\"article:publisher\" content=\"https:\/\/www.facebook.com\/eltextual\" \/>\n<meta property=\"article:published_time\" content=\"2021-09-30T10:59:42+00:00\" \/>\n<meta property=\"article:modified_time\" content=\"2021-09-30T12:01:19+00:00\" \/>\n<meta property=\"og:image\" content=\"https:\/\/diariotextual.com\/inicio\/wp-content\/uploads\/2021\/09\/choqueincendiocamionesruta205alvearya2021-2.jpg\" \/>\n\t<meta property=\"og:image:width\" content=\"1600\" \/>\n\t<meta property=\"og:image:height\" content=\"1072\" \/>\n\t<meta property=\"og:image:type\" content=\"image\/jpeg\" \/>\n<meta name=\"author\" content=\"Diario1 Diario1\" \/>\n<meta name=\"twitter:card\" content=\"summary_large_image\" \/>\n<meta name=\"twitter:creator\" content=\"@eltextual\" \/>\n<meta name=\"twitter:site\" content=\"@eltextual\" \/>\n<meta name=\"twitter:label1\" content=\"Escrito por\" \/>\n\t<meta name=\"twitter:data1\" content=\"Diario1 Diario1\" \/>\n\t<meta name=\"twitter:label2\" content=\"Tiempo de lectura\" \/>\n\t<meta name=\"twitter:data2\" content=\"2 minutos\" \/>\n<script type=\"application\/ld+json\" class=\"yoast-schema-graph\">{\"@context\":\"https:\\\/\\\/schema.org\",\"@graph\":[{\"@type\":\"Article\",\"@id\":\"https:\\\/\\\/diariotextual.com\\\/inicio\\\/index.php\\\/2021\\\/09\\\/30\\\/choque-e-incendios-de-camiones-inician-las-tareas-para-rescatar-los-cuerpos-de-los-dos-pampeanos\\\/#article\",\"isPartOf\":{\"@id\":\"https:\\\/\\\/diariotextual.com\\\/inicio\\\/index.php\\\/2021\\\/09\\\/30\\\/choque-e-incendios-de-camiones-inician-las-tareas-para-rescatar-los-cuerpos-de-los-dos-pampeanos\\\/\"},\"author\":{\"name\":\"Diario1 Diario1\",\"@id\":\"https:\\\/\\\/diariotextual.com\\\/inicio\\\/#\\\/schema\\\/person\\\/418fc4093c33e86ed41562db3508f958\"},\"headline\":\"Incendio de camiones: inician las tareas para rescatar los cuerpos de los dos pampeanos\",\"datePublished\":\"2021-09-30T10:59:42+00:00\",\"dateModified\":\"2021-09-30T12:01:19+00:00\",\"mainEntityOfPage\":{\"@id\":\"https:\\\/\\\/diariotextual.com\\\/inicio\\\/index.php\\\/2021\\\/09\\\/30\\\/choque-e-incendios-de-camiones-inician-las-tareas-para-rescatar-los-cuerpos-de-los-dos-pampeanos\\\/\"},\"wordCount\":283,\"publisher\":{\"@id\":\"https:\\\/\\\/diariotextual.com\\\/inicio\\\/#organization\"},\"image\":{\"@id\":\"https:\\\/\\\/diariotextual.com\\\/inicio\\\/index.php\\\/2021\\\/09\\\/30\\\/choque-e-incendios-de-camiones-inician-las-tareas-para-rescatar-los-cuerpos-de-los-dos-pampeanos\\\/#primaryimage\"},\"thumbnailUrl\":\"https:\\\/\\\/diariotextual.com\\\/inicio\\\/wp-content\\\/uploads\\\/2021\\\/09\\\/choqueincendiocamionesruta205alvearya2021-2.jpg\",\"articleSection\":[\"A - PORTADA2\",\"SOCIEDAD\"],\"inLanguage\":\"es\"},{\"@type\":\"WebPage\",\"@id\":\"https:\\\/\\\/diariotextual.com\\\/inicio\\\/index.php\\\/2021\\\/09\\\/30\\\/choque-e-incendios-de-camiones-inician-las-tareas-para-rescatar-los-cuerpos-de-los-dos-pampeanos\\\/\",\"url\":\"https:\\\/\\\/diariotextual.com\\\/inicio\\\/index.php\\\/2021\\\/09\\\/30\\\/choque-e-incendios-de-camiones-inician-las-tareas-para-rescatar-los-cuerpos-de-los-dos-pampeanos\\\/\",\"name\":\"Incendio de camiones: inician las tareas para rescatar los cuerpos de los dos pampeanos - Diario Textual\",\"isPartOf\":{\"@id\":\"https:\\\/\\\/diariotextual.com\\\/inicio\\\/#website\"},\"primaryImageOfPage\":{\"@id\":\"https:\\\/\\\/diariotextual.com\\\/inicio\\\/index.php\\\/2021\\\/09\\\/30\\\/choque-e-incendios-de-camiones-inician-las-tareas-para-rescatar-los-cuerpos-de-los-dos-pampeanos\\\/#primaryimage\"},\"image\":{\"@id\":\"https:\\\/\\\/diariotextual.com\\\/inicio\\\/index.php\\\/2021\\\/09\\\/30\\\/choque-e-incendios-de-camiones-inician-las-tareas-para-rescatar-los-cuerpos-de-los-dos-pampeanos\\\/#primaryimage\"},\"thumbnailUrl\":\"https:\\\/\\\/diariotextual.com\\\/inicio\\\/wp-content\\\/uploads\\\/2021\\\/09\\\/choqueincendiocamionesruta205alvearya2021-2.jpg\",\"datePublished\":\"2021-09-30T10:59:42+00:00\",\"dateModified\":\"2021-09-30T12:01:19+00:00\",\"breadcrumb\":{\"@id\":\"https:\\\/\\\/diariotextual.com\\\/inicio\\\/index.php\\\/2021\\\/09\\\/30\\\/choque-e-incendios-de-camiones-inician-las-tareas-para-rescatar-los-cuerpos-de-los-dos-pampeanos\\\/#breadcrumb\"},\"inLanguage\":\"es\",\"potentialAction\":[{\"@type\":\"ReadAction\",\"target\":[\"https:\\\/\\\/diariotextual.com\\\/inicio\\\/index.php\\\/2021\\\/09\\\/30\\\/choque-e-incendios-de-camiones-inician-las-tareas-para-rescatar-los-cuerpos-de-los-dos-pampeanos\\\/\"]}]},{\"@type\":\"ImageObject\",\"inLanguage\":\"es\",\"@id\":\"https:\\\/\\\/diariotextual.com\\\/inicio\\\/index.php\\\/2021\\\/09\\\/30\\\/choque-e-incendios-de-camiones-inician-las-tareas-para-rescatar-los-cuerpos-de-los-dos-pampeanos\\\/#primaryimage\",\"url\":\"https:\\\/\\\/diariotextual.com\\\/inicio\\\/wp-content\\\/uploads\\\/2021\\\/09\\\/choqueincendiocamionesruta205alvearya2021-2.jpg\",\"contentUrl\":\"https:\\\/\\\/diariotextual.com\\\/inicio\\\/wp-content\\\/uploads\\\/2021\\\/09\\\/choqueincendiocamionesruta205alvearya2021-2.jpg\",\"width\":1600,\"height\":1072},{\"@type\":\"BreadcrumbList\",\"@id\":\"https:\\\/\\\/diariotextual.com\\\/inicio\\\/index.php\\\/2021\\\/09\\\/30\\\/choque-e-incendios-de-camiones-inician-las-tareas-para-rescatar-los-cuerpos-de-los-dos-pampeanos\\\/#breadcrumb\",\"itemListElement\":[{\"@type\":\"ListItem\",\"position\":1,\"name\":\"Portada\",\"item\":\"https:\\\/\\\/diariotextual.com\\\/inicio\\\/\"},{\"@type\":\"ListItem\",\"position\":2,\"name\":\"Incendio de camiones: inician las tareas para rescatar los cuerpos de los dos pampeanos\"}]},{\"@type\":\"WebSite\",\"@id\":\"https:\\\/\\\/diariotextual.com\\\/inicio\\\/#website\",\"url\":\"https:\\\/\\\/diariotextual.com\\\/inicio\\\/\",\"name\":\"Diario Textual\",\"description\":\"\",\"publisher\":{\"@id\":\"https:\\\/\\\/diariotextual.com\\\/inicio\\\/#organization\"},\"potentialAction\":[{\"@type\":\"SearchAction\",\"target\":{\"@type\":\"EntryPoint\",\"urlTemplate\":\"https:\\\/\\\/diariotextual.com\\\/inicio\\\/?s={search_term_string}\"},\"query-input\":{\"@type\":\"PropertyValueSpecification\",\"valueRequired\":true,\"valueName\":\"search_term_string\"}}],\"inLanguage\":\"es\"},{\"@type\":\"Organization\",\"@id\":\"https:\\\/\\\/diariotextual.com\\\/inicio\\\/#organization\",\"name\":\"Diario Textual\",\"url\":\"https:\\\/\\\/diariotextual.com\\\/inicio\\\/\",\"logo\":{\"@type\":\"ImageObject\",\"inLanguage\":\"es\",\"@id\":\"https:\\\/\\\/diariotextual.com\\\/inicio\\\/#\\\/schema\\\/logo\\\/image\\\/\",\"url\":\"https:\\\/\\\/diariotextual.com\\\/inicio\\\/wp-content\\\/uploads\\\/2023\\\/05\\\/logotextual1.jpg\",\"contentUrl\":\"https:\\\/\\\/diariotextual.com\\\/inicio\\\/wp-content\\\/uploads\\\/2023\\\/05\\\/logotextual1.jpg\",\"width\":516,\"height\":76,\"caption\":\"Diario Textual\"},\"image\":{\"@id\":\"https:\\\/\\\/diariotextual.com\\\/inicio\\\/#\\\/schema\\\/logo\\\/image\\\/\"},\"sameAs\":[\"https:\\\/\\\/www.facebook.com\\\/eltextual\",\"https:\\\/\\\/x.com\\\/eltextual\",\"http:\\\/\\\/www.instagram.com\\\/eltextual\"]},{\"@type\":\"Person\",\"@id\":\"https:\\\/\\\/diariotextual.com\\\/inicio\\\/#\\\/schema\\\/person\\\/418fc4093c33e86ed41562db3508f958\",\"name\":\"Diario1 Diario1\",\"image\":{\"@type\":\"ImageObject\",\"inLanguage\":\"es\",\"@id\":\"https:\\\/\\\/secure.gravatar.com\\\/avatar\\\/9167d280179c85bc18be67aa7eda765854300033af4896dd779b608640f2ef7a?s=96&d=mm&r=g\",\"url\":\"https:\\\/\\\/secure.gravatar.com\\\/avatar\\\/9167d280179c85bc18be67aa7eda765854300033af4896dd779b608640f2ef7a?s=96&d=mm&r=g\",\"contentUrl\":\"https:\\\/\\\/secure.gravatar.com\\\/avatar\\\/9167d280179c85bc18be67aa7eda765854300033af4896dd779b608640f2ef7a?s=96&d=mm&r=g\",\"caption\":\"Diario1 Diario1\"},\"url\":\"https:\\\/\\\/diariotextual.com\\\/inicio\\\/index.php\\\/author\\\/diario1\\\/\"}]}<\/script>\n<!-- \/ Yoast SEO plugin. -->","yoast_head_json":{"title":"Incendio de camiones: inician las tareas para rescatar los cuerpos de los dos pampeanos - Diario Textual","robots":{"index":"index","follow":"follow","max-snippet":"max-snippet:-1","max-image-preview":"max-image-preview:large","max-video-preview":"max-video-preview:-1"},"canonical":"https:\/\/diariotextual.com\/inicio\/index.php\/2021\/09\/30\/choque-e-incendios-de-camiones-inician-las-tareas-para-rescatar-los-cuerpos-de-los-dos-pampeanos\/","og_locale":"es_ES","og_type":"article","og_title":"Incendio de camiones: inician las tareas para rescatar los cuerpos de los dos pampeanos - Diario Textual","og_description":"Peritos iniciaron en la ma\u00f1ana de este jueves las tareas de investigaci\u00f3n para determinar las causas del choque de dos camiones en una ruta de la provincia de Buenos Aires,&hellip;","og_url":"https:\/\/diariotextual.com\/inicio\/index.php\/2021\/09\/30\/choque-e-incendios-de-camiones-inician-las-tareas-para-rescatar-los-cuerpos-de-los-dos-pampeanos\/","og_site_name":"Diario Textual","article_publisher":"https:\/\/www.facebook.com\/eltextual","article_published_time":"2021-09-30T10:59:42+00:00","article_modified_time":"2021-09-30T12:01:19+00:00","og_image":[{"width":1600,"height":1072,"url":"https:\/\/diariotextual.com\/inicio\/wp-content\/uploads\/2021\/09\/choqueincendiocamionesruta205alvearya2021-2.jpg","type":"image\/jpeg"}],"author":"Diario1 Diario1","twitter_card":"summary_large_image","twitter_creator":"@eltextual","twitter_site":"@eltextual","twitter_misc":{"Escrito por":"Diario1 Diario1","Tiempo de lectura":"2 minutos"},"schema":{"@context":"https:\/\/schema.org","@graph":[{"@type":"Article","@id":"https:\/\/diariotextual.com\/inicio\/index.php\/2021\/09\/30\/choque-e-incendios-de-camiones-inician-las-tareas-para-rescatar-los-cuerpos-de-los-dos-pampeanos\/#article","isPartOf":{"@id":"https:\/\/diariotextual.com\/inicio\/index.php\/2021\/09\/30\/choque-e-incendios-de-camiones-inician-las-tareas-para-rescatar-los-cuerpos-de-los-dos-pampeanos\/"},"author":{"name":"Diario1 Diario1","@id":"https:\/\/diariotextual.com\/inicio\/#\/schema\/person\/418fc4093c33e86ed41562db3508f958"},"headline":"Incendio de camiones: inician las tareas para rescatar los cuerpos de los dos pampeanos","datePublished":"2021-09-30T10:59:42+00:00","dateModified":"2021-09-30T12:01:19+00:00","mainEntityOfPage":{"@id":"https:\/\/diariotextual.com\/inicio\/index.php\/2021\/09\/30\/choque-e-incendios-de-camiones-inician-las-tareas-para-rescatar-los-cuerpos-de-los-dos-pampeanos\/"},"wordCount":283,"publisher":{"@id":"https:\/\/diariotextual.com\/inicio\/#organization"},"image":{"@id":"https:\/\/diariotextual.com\/inicio\/index.php\/2021\/09\/30\/choque-e-incendios-de-camiones-inician-las-tareas-para-rescatar-los-cuerpos-de-los-dos-pampeanos\/#primaryimage"},"thumbnailUrl":"https:\/\/diariotextual.com\/inicio\/wp-content\/uploads\/2021\/09\/choqueincendiocamionesruta205alvearya2021-2.jpg","articleSection":["A - PORTADA2","SOCIEDAD"],"inLanguage":"es"},{"@type":"WebPage","@id":"https:\/\/diariotextual.com\/inicio\/index.php\/2021\/09\/30\/choque-e-incendios-de-camiones-inician-las-tareas-para-rescatar-los-cuerpos-de-los-dos-pampeanos\/","url":"https:\/\/diariotextual.com\/inicio\/index.php\/2021\/09\/30\/choque-e-incendios-de-camiones-inician-las-tareas-para-rescatar-los-cuerpos-de-los-dos-pampeanos\/","name":"Incendio de camiones: inician las tareas para rescatar los cuerpos de los dos pampeanos - Diario Textual","isPartOf":{"@id":"https:\/\/diariotextual.com\/inicio\/#website"},"primaryImageOfPage":{"@id":"https:\/\/diariotextual.com\/inicio\/index.php\/2021\/09\/30\/choque-e-incendios-de-camiones-inician-las-tareas-para-rescatar-los-cuerpos-de-los-dos-pampeanos\/#primaryimage"},"image":{"@id":"https:\/\/diariotextual.com\/inicio\/index.php\/2021\/09\/30\/choque-e-incendios-de-camiones-inician-las-tareas-para-rescatar-los-cuerpos-de-los-dos-pampeanos\/#primaryimage"},"thumbnailUrl":"https:\/\/diariotextual.com\/inicio\/wp-content\/uploads\/2021\/09\/choqueincendiocamionesruta205alvearya2021-2.jpg","datePublished":"2021-09-30T10:59:42+00:00","dateModified":"2021-09-30T12:01:19+00:00","breadcrumb":{"@id":"https:\/\/diariotextual.com\/inicio\/index.php\/2021\/09\/30\/choque-e-incendios-de-camiones-inician-las-tareas-para-rescatar-los-cuerpos-de-los-dos-pampeanos\/#breadcrumb"},"inLanguage":"es","potentialAction":[{"@type":"ReadAction","target":["https:\/\/diariotextual.com\/inicio\/index.php\/2021\/09\/30\/choque-e-incendios-de-camiones-inician-las-tareas-para-rescatar-los-cuerpos-de-los-dos-pampeanos\/"]}]},{"@type":"ImageObject","inLanguage":"es","@id":"https:\/\/diariotextual.com\/inicio\/index.php\/2021\/09\/30\/choque-e-incendios-de-camiones-inician-las-tareas-para-rescatar-los-cuerpos-de-los-dos-pampeanos\/#primaryimage","url":"https:\/\/diariotextual.com\/inicio\/wp-content\/uploads\/2021\/09\/choqueincendiocamionesruta205alvearya2021-2.jpg","contentUrl":"https:\/\/diariotextual.com\/inicio\/wp-content\/uploads\/2021\/09\/choqueincendiocamionesruta205alvearya2021-2.jpg","width":1600,"height":1072},{"@type":"BreadcrumbList","@id":"https:\/\/diariotextual.com\/inicio\/index.php\/2021\/09\/30\/choque-e-incendios-de-camiones-inician-las-tareas-para-rescatar-los-cuerpos-de-los-dos-pampeanos\/#breadcrumb","itemListElement":[{"@type":"ListItem","position":1,"name":"Portada","item":"https:\/\/diariotextual.com\/inicio\/"},{"@type":"ListItem","position":2,"name":"Incendio de camiones: inician las tareas para rescatar los cuerpos de los dos pampeanos"}]},{"@type":"WebSite","@id":"https:\/\/diariotextual.com\/inicio\/#website","url":"https:\/\/diariotextual.com\/inicio\/","name":"Diario Textual","description":"","publisher":{"@id":"https:\/\/diariotextual.com\/inicio\/#organization"},"potentialAction":[{"@type":"SearchAction","target":{"@type":"EntryPoint","urlTemplate":"https:\/\/diariotextual.com\/inicio\/?s={search_term_string}"},"query-input":{"@type":"PropertyValueSpecification","valueRequired":true,"valueName":"search_term_string"}}],"inLanguage":"es"},{"@type":"Organization","@id":"https:\/\/diariotextual.com\/inicio\/#organization","name":"Diario Textual","url":"https:\/\/diariotextual.com\/inicio\/","logo":{"@type":"ImageObject","inLanguage":"es","@id":"https:\/\/diariotextual.com\/inicio\/#\/schema\/logo\/image\/","url":"https:\/\/diariotextual.com\/inicio\/wp-content\/uploads\/2023\/05\/logotextual1.jpg","contentUrl":"https:\/\/diariotextual.com\/inicio\/wp-content\/uploads\/2023\/05\/logotextual1.jpg","width":516,"height":76,"caption":"Diario Textual"},"image":{"@id":"https:\/\/diariotextual.com\/inicio\/#\/schema\/logo\/image\/"},"sameAs":["https:\/\/www.facebook.com\/eltextual","https:\/\/x.com\/eltextual","http:\/\/www.instagram.com\/eltextual"]},{"@type":"Person","@id":"https:\/\/diariotextual.com\/inicio\/#\/schema\/person\/418fc4093c33e86ed41562db3508f958","name":"Diario1 Diario1","image":{"@type":"ImageObject","inLanguage":"es","@id":"https:\/\/secure.gravatar.com\/avatar\/9167d280179c85bc18be67aa7eda765854300033af4896dd779b608640f2ef7a?s=96&d=mm&r=g","url":"https:\/\/secure.gravatar.com\/avatar\/9167d280179c85bc18be67aa7eda765854300033af4896dd779b608640f2ef7a?s=96&d=mm&r=g","contentUrl":"https:\/\/secure.gravatar.com\/avatar\/9167d280179c85bc18be67aa7eda765854300033af4896dd779b608640f2ef7a?s=96&d=mm&r=g","caption":"Diario1 Diario1"},"url":"https:\/\/diariotextual.com\/inicio\/index.php\/author\/diario1\/"}]}},"_links":{"self":[{"href":"https:\/\/diariotextual.com\/inicio\/index.php\/wp-json\/wp\/v2\/posts\/163311","targetHints":{"allow":["GET"]}}],"collection":[{"href":"https:\/\/diariotextual.com\/inicio\/index.php\/wp-json\/wp\/v2\/posts"}],"about":[{"href":"https:\/\/diariotextual.com\/inicio\/index.php\/wp-json\/wp\/v2\/types\/post"}],"author":[{"embeddable":true,"href":"https:\/\/diariotextual.com\/inicio\/index.php\/wp-json\/wp\/v2\/users\/3"}],"replies":[{"embeddable":true,"href":"https:\/\/diariotextual.com\/inicio\/index.php\/wp-json\/wp\/v2\/comments?post=163311"}],"version-history":[{"count":7,"href":"https:\/\/diariotextual.com\/inicio\/index.php\/wp-json\/wp\/v2\/posts\/163311\/revisions"}],"predecessor-version":[{"id":163337,"href":"https:\/\/diariotextual.com\/inicio\/index.php\/wp-json\/wp\/v2\/posts\/163311\/revisions\/163337"}],"wp:featuredmedia":[{"embeddable":true,"href":"https:\/\/diariotextual.com\/inicio\/index.php\/wp-json\/wp\/v2\/media\/163290"}],"wp:attachment":[{"href":"https:\/\/diariotextual.com\/inicio\/index.php\/wp-json\/wp\/v2\/media?parent=163311"}],"wp:term":[{"taxonomy":"category","embeddable":true,"href":"https:\/\/diariotextual.com\/inicio\/index.php\/wp-json\/wp\/v2\/categories?post=163311"},{"taxonomy":"post_tag","embeddable":true,"href":"https:\/\/diariotextual.com\/inicio\/index.php\/wp-json\/wp\/v2\/tags?post=163311"}],"curies":[{"name":"wp","href":"https:\/\/api.w.org\/{rel}","templated":true}]}}