{"id":163368,"date":"2021-10-12T08:18:00","date_gmt":"2021-10-12T11:18:00","guid":{"rendered":"https:\/\/diariotextual.com\/inicio\/?p=163368"},"modified":"2021-10-12T18:29:32","modified_gmt":"2021-10-12T21:29:32","slug":"el-12-de-octubre-arranca-el-juicio-por-el-femicidio-de-maria-guadalupe-puebla","status":"publish","type":"post","link":"https:\/\/diariotextual.com\/inicio\/index.php\/2021\/10\/12\/el-12-de-octubre-arranca-el-juicio-por-el-femicidio-de-maria-guadalupe-puebla\/","title":{"rendered":"Nuevo juicio por el caso Puebla: el int\u00e9rprete de Lescano dijo que \u201cno tiene capacidad de mentir\u201d"},"content":{"rendered":"\n<p>Este martes comenz\u00f3 en el <strong>Centro Judicial de Santa Rosa<\/strong> un nuevo juicio por el <strong>femicidio<\/strong> de <strong>Mar\u00eda Guadalupe Puebla<\/strong>, ocurrido el 22 de agosto de 2014 en cercan\u00edas del Parque Don Tom\u00e1s, de Santa Rosa. El imputado es <strong>Roberto Fabi\u00e1n Lescano.<\/strong> Su int\u00e9rprete (NdeR: Lescano es sordomudo), Eduardo Ra\u00fal Hansen dijo al tribunal que el acusado <strong>\u201cno tiene capacidad de mentir\u201d.<\/strong><\/p>\n\n\n\n<p>El alegato de apertura estuvo a cargo del fiscal M\u00e1ximo Paulucci. Describi\u00f3 a Puebla como \u201cuna mujer vulnerable, discapacitada, esquizofr\u00e9nica y de muy peque\u00f1a contextura f\u00edsica, que no estaba en condiciones de defenderse\u201d. Por eso calific\u00f3 lo sucedido como\u00a0<strong>\u201cun hecho claramente de violencia de g\u00e9nero,<\/strong>\u00a0f\u00edsica, psicol\u00f3gica y sexual, por m\u00e1s que no existiera una relaci\u00f3n con Lescano. Se llama femicidio no \u00edntimo\u201d.<\/p>\n\n\n\n<p>El defensor oficial Pablo De Biasi afirm\u00f3 que, con el reenv\u00edo del legajo para un nuevo juicio, se viol\u00f3 el derecho al debido proceso aduciendo que no se puede juzgar a una persona dos veces por el mismo hecho. Tambi\u00e9n se quej\u00f3 porque se avanz\u00f3 con la audiencia a pesar de que no est\u00e1 resuelto otro recurso por insubsistencia de la acci\u00f3n penal. Y subray\u00f3 que el imputado \u201cno tiene capacidad para entender\u201d lo que es un homicidio criminis causa o un femicidio.<\/p>\n\n\n\n<p><strong>No tiene capacidad de mentir<\/strong><\/p>\n\n\n\n<p>El primer testigo fue el int\u00e9rprete de Lescano, Edgardo Ra\u00fal Hansen, quien fue docente suyo por una d\u00e9cada y media. Defini\u00f3 al acusado como\u00a0<strong>\u201cuna persona tranquila y obediente\u201d.<\/strong>\u00a0Dijo que es analfabeto porque lleg\u00f3 \u201ctarde a la escuela\u201d y que\u00a0 \u201cno tiene lengua de se\u00f1as, sino lengua gestual\u201d. Ante preguntas de la defensa, afirm\u00f3 que \u201cno tiene capacidad de abstracci\u00f3n ni de mentir\u201d y que \u201cno se le puede explicar qu\u00e9 es violencia de g\u00e9nero\u201d. A modo de ejemplo, explic\u00f3 que no sabe qu\u00e9 es una panader\u00eda, pero s\u00ed que all\u00ed se puede comprar pan.<\/p>\n\n\n\n<p>\u2013&nbsp;<strong>\u00bfPuede asegurar que no puede mentir?<\/strong>, le pregunt\u00f3 Paulucci.<\/p>\n\n\n\n<p>\u2013 Para m\u00ed no miente, respondi\u00f3 Hansen.<\/p>\n\n\n\n<p><strong>La declaraci\u00f3n del entonces jefe de la Brigada<\/strong><\/p>\n\n\n\n<p>Luego fue el turno de Enrique Marcelo Calder\u00f3n, quien en 2014 estaba a cargo de la Brigada de Investigaciones. Asegur\u00f3 que primero encontraron prendas de vestir y un ticket de supermercado, entre otros objetos, y que luego obtuvieron una filmaci\u00f3n de Puebla y su novio, Walter Baigorria (tambi\u00e9n sordomudo), en ese comercio. A partir de all\u00ed intentaron localizar a la mujer para saber si las ropas eran suyas.<\/p>\n\n\n\n<p>Cont\u00f3 adem\u00e1s que supieron que el cu\u00f1ado de Baigorria fue la \u00faltima persona en ver a Puebla y que en ese momento estaba con Lescano. Justamente el acusado fue quien encontr\u00f3 las prendas de la v\u00edctima. Por eso fue que Paulucci expres\u00f3 que el imputado \u201cpretendi\u00f3 mostrarse como testigo, cuando no lo fue\u201d.<\/p>\n\n\n\n<p><strong>El jefe de la Segunda<\/strong><\/p>\n\n\n\n<p>El tercer testigo fue otro polic\u00eda, Germ\u00e1n Andr\u00e9s Schamber, por entonces segundo jefe de la Seccional Segunda. Record\u00f3 que rastrillaron en las inmediaciones de la laguna Don Tom\u00e1s y que encontraron el cuerpo de Puebla parcialmente enterrado. Adem\u00e1s supieron que el viernes 15 o el s\u00e1bado 16 hab\u00edan estado juntos Puebla, Lescano y Baigorria.<\/p>\n\n\n\n<p><strong>Un despensero<\/strong><\/p>\n\n\n\n<p>Eduardo N\u00e9stor Su\u00e1rez es el despensero que le vendi\u00f3 cervezas a Lescano y Baigorria la noche anterior a que la polic\u00eda fuera a su negocio. Asegur\u00f3 que ambos \u2013a quienes conoc\u00eda del barrio\u2013\u201cse daban a entender por se\u00f1as o escribiendo en un papel\u201d las cosas que quer\u00edan comprar, como \u201ccomida, cigarros o bebidas\u201d. Su comercio est\u00e1 enfrente del descampado de Ni\u00f1as de Ayohuma. \u201cEsa noche no escuchamos nada\u201d, asever\u00f3.<\/p>\n\n\n\n<p>Mat\u00edas Eduardo Merino es el cu\u00f1ado de Baigorria y la \u00faltima persona en ver con vida a Puebla. Seg\u00fan declar\u00f3, Baigorria y Puebla llegaron a su casa, aquel se acost\u00f3 y ella se qued\u00f3 con Lescano en la puerta<strong>. \u201cLos vi un ratito, desde la ventana de la cocina, y despu\u00e9s me volv\u00ed a acostar\u201d.<\/strong>\u00a0Tambi\u00e9n dio un par de detalles: que el acusado andaba en una moto y que Mar\u00eda ten\u00eda puesto un gorro de lana rojo.<\/p>\n\n\n\n<p><strong>La cu\u00f1ada<\/strong><\/p>\n\n\n\n<p>Mar\u00eda Julia Cetini es la excu\u00f1ada de Lescano y quien avis\u00f3 a la polic\u00eda sobre el hallazgo de las ropas con sangre seca. Lleg\u00f3 al juicio como testigo de la defensa. \u201cMe dijo Ram\u00f3n (Omar Lescano), mi expareja, que Fabi\u00e1n (Lescano) le hab\u00eda dicho que la ropa estaba ah\u00ed (en el descampado). Eso fue el 18 de agosto. Fabi\u00e1n lleg\u00f3 a las 14. Los tres nos quedamos afuera esperando a la polic\u00eda, mientras tomamos una cerveza y jugamos a las cartas.\u00a0 \u00bfLa noche anterior? Yo llegu\u00e9 con mis hijos a mi casa a las 22. Estaban Ram\u00f3n, Fabi\u00e1n y Walter (Baigorria), pero Fabi\u00e1n y Walter se pusieron inc\u00f3modos al verme y se fueron ah\u00ed nom\u00e1s (sic)\u2026 Fabi\u00e1n estaba raro, como nervioso, y Walter miraba en todo momento hacia el frente\u201d, en direcci\u00f3n al descampado.<\/p>\n\n\n\n<p>Al final, y a partir del testimonio de la mujer, se plante\u00f3 una controversia entre la fiscal\u00eda y la defensa y se pidi\u00f3 la incorporaci\u00f3n de nueva prueba en el expediente.\u00a0<\/p>\n\n\n\n<p><strong>Condenado por abuso, no por femicidio<\/strong><\/p>\n\n\n\n<p>Lescano ya hab\u00eda sido condenado en 2016 a 12 a\u00f1os de prisi\u00f3n por el delito de abuso sexual mediando violencia f\u00edsica, agravado por haber existido acceso carnal, en perjuicio de Puebla, pero lo absolvieron por el beneficio de la duda por el delito de homicidio doblemente calificado por haber sido cometido criminis causae y femicidio.&nbsp; <\/p>\n\n\n\n<p>Luego, el Tribunal de Impugnaci\u00f3n Penal hizo lugar a recursos de impugnaci\u00f3n interpuestos por el querellante -padre de la v\u00edctima- y la fiscal\u00eda y declar\u00f3 la invalidez de la sentencia condenatoria en lo que hace a la fundamentaci\u00f3n del homicidio criminis causae y femicidio.<\/p>\n\n\n\n<p>Por tal motivo, se orden\u00f3 un nuevo juicio teniendo en cuenta, particularmente, la doble circunstancia agravante, que no solo radic\u00f3 en la relaci\u00f3n del homicidio de medio a fin con el abuso \u2013para ocultarlo y lograr su impunidad\u2013, sino tambi\u00e9n el contexto de g\u00e9nero que implica el crimen por odio a la mujer. Ahora, el tribunal deber\u00e1 dictar una resoluci\u00f3n definitiva sobre la situaci\u00f3n procesal de Lescano.<\/p>\n\n\n\n<figure class=\"wp-block-image size-large\"><img fetchpriority=\"high\" decoding=\"async\" width=\"1024\" height=\"768\" src=\"https:\/\/diariotextual.com\/inicio\/wp-content\/uploads\/2021\/10\/pueblajuicio1-1024x768.jpeg\" alt=\"\" class=\"wp-image-164776\" srcset=\"https:\/\/diariotextual.com\/inicio\/wp-content\/uploads\/2021\/10\/pueblajuicio1-1024x768.jpeg 1024w, https:\/\/diariotextual.com\/inicio\/wp-content\/uploads\/2021\/10\/pueblajuicio1-300x225.jpeg 300w, https:\/\/diariotextual.com\/inicio\/wp-content\/uploads\/2021\/10\/pueblajuicio1-768x576.jpeg 768w, https:\/\/diariotextual.com\/inicio\/wp-content\/uploads\/2021\/10\/pueblajuicio1-1536x1152.jpeg 1536w, https:\/\/diariotextual.com\/inicio\/wp-content\/uploads\/2021\/10\/pueblajuicio1-1170x878.jpeg 1170w, https:\/\/diariotextual.com\/inicio\/wp-content\/uploads\/2021\/10\/pueblajuicio1-585x439.jpeg 585w, https:\/\/diariotextual.com\/inicio\/wp-content\/uploads\/2021\/10\/pueblajuicio1.jpeg 1600w\" sizes=\"(max-width: 1024px) 100vw, 1024px\" \/><\/figure>\n\n\n\n<p>De acuerdo a la acusaci\u00f3n que formul\u00f3 el fiscal M\u00e1ximo Paulucci en el primer juicio, qued\u00f3 comprobado que Lescano -que es sordomudo- atac\u00f3 a Mar\u00eda Guadalupe Puebla; posteriormente la accedi\u00f3 carnalmente, aplic\u00e1ndole golpes en la cabeza con un ladrillo, caus\u00e1ndole la muerte no de manera inmediata, sino con agon\u00eda. <\/p>\n\n\n\n<p>Todo ello ocurri\u00f3 en un descampado ubicado en cercan\u00edas de la calle Ni\u00f1as de Ayohuma, entre Reconquista y Caseros de esta ciudad. Posteriormente condujo el cuerpo de Mar\u00eda Puebla unos trescientos metros dentro del mismo terreno, una zona aleda\u00f1a a la laguna Don Tom\u00e1s, donde lo ocult\u00f3 con tierra, pastos y ramas. Este hecho ocurri\u00f3 entre la noche del viernes 15 y la madrugada del d\u00eda lunes 18 de agosto de 2014. El cad\u00e1ver fue hallado el 19 de ese mes, alrededor de las 18:30 horas, precis\u00f3 la fiscal\u00eda.<\/p>\n\n\n\n<p><\/p>\n","protected":false},"excerpt":{"rendered":"<p>Este martes comenz\u00f3 en el Centro Judicial de Santa Rosa un nuevo juicio por el femicidio de Mar\u00eda Guadalupe Puebla, ocurrido el 22 de agosto de 2014 en cercan\u00edas del&hellip;<\/p>\n","protected":false},"author":7,"featured_media":164775,"comment_status":"closed","ping_status":"open","sticky":false,"template":"","format":"standard","meta":{"_acf_changed":false,"footnotes":""},"categories":[10,12],"tags":[6111],"class_list":["post-163368","post","type-post","status-publish","format-standard","has-post-thumbnail","hentry","category-portada-2","category-sociedad","tag-maria-puebla"],"acf":[],"yoast_head":"<!-- This site is optimized with the Yoast SEO plugin v27.5 - https:\/\/yoast.com\/product\/yoast-seo-wordpress\/ -->\n<title>Nuevo juicio por el caso Puebla: el int\u00e9rprete de Lescano dijo que \u201cno tiene capacidad de mentir\u201d - Diario Textual<\/title>\n<meta name=\"robots\" content=\"index, follow, max-snippet:-1, max-image-preview:large, max-video-preview:-1\" \/>\n<link rel=\"canonical\" href=\"https:\/\/diariotextual.com\/inicio\/index.php\/2021\/10\/12\/el-12-de-octubre-arranca-el-juicio-por-el-femicidio-de-maria-guadalupe-puebla\/\" \/>\n<meta property=\"og:locale\" content=\"es_ES\" \/>\n<meta property=\"og:type\" content=\"article\" \/>\n<meta property=\"og:title\" content=\"Nuevo juicio por el caso Puebla: el int\u00e9rprete de Lescano dijo que \u201cno tiene capacidad de mentir\u201d - Diario Textual\" \/>\n<meta property=\"og:description\" content=\"Este martes comenz\u00f3 en el Centro Judicial de Santa Rosa un nuevo juicio por el femicidio de Mar\u00eda Guadalupe Puebla, ocurrido el 22 de agosto de 2014 en cercan\u00edas del&hellip;\" \/>\n<meta property=\"og:url\" content=\"https:\/\/diariotextual.com\/inicio\/index.php\/2021\/10\/12\/el-12-de-octubre-arranca-el-juicio-por-el-femicidio-de-maria-guadalupe-puebla\/\" \/>\n<meta property=\"og:site_name\" content=\"Diario Textual\" \/>\n<meta property=\"article:publisher\" content=\"https:\/\/www.facebook.com\/eltextual\" \/>\n<meta property=\"article:published_time\" content=\"2021-10-12T11:18:00+00:00\" \/>\n<meta property=\"article:modified_time\" content=\"2021-10-12T21:29:32+00:00\" \/>\n<meta property=\"og:image\" content=\"https:\/\/diariotextual.com\/inicio\/wp-content\/uploads\/2021\/10\/pueblajuicio.jpeg\" \/>\n\t<meta property=\"og:image:width\" content=\"1280\" \/>\n\t<meta property=\"og:image:height\" content=\"960\" \/>\n\t<meta property=\"og:image:type\" content=\"image\/jpeg\" \/>\n<meta name=\"author\" content=\"diario5\" \/>\n<meta name=\"twitter:card\" content=\"summary_large_image\" \/>\n<meta name=\"twitter:creator\" content=\"@eltextual\" \/>\n<meta name=\"twitter:site\" content=\"@eltextual\" \/>\n<meta name=\"twitter:label1\" content=\"Escrito por\" \/>\n\t<meta name=\"twitter:data1\" content=\"diario5\" \/>\n\t<meta name=\"twitter:label2\" content=\"Tiempo de lectura\" \/>\n\t<meta name=\"twitter:data2\" content=\"6 minutos\" \/>\n<script type=\"application\/ld+json\" class=\"yoast-schema-graph\">{\"@context\":\"https:\\\/\\\/schema.org\",\"@graph\":[{\"@type\":\"Article\",\"@id\":\"https:\\\/\\\/diariotextual.com\\\/inicio\\\/index.php\\\/2021\\\/10\\\/12\\\/el-12-de-octubre-arranca-el-juicio-por-el-femicidio-de-maria-guadalupe-puebla\\\/#article\",\"isPartOf\":{\"@id\":\"https:\\\/\\\/diariotextual.com\\\/inicio\\\/index.php\\\/2021\\\/10\\\/12\\\/el-12-de-octubre-arranca-el-juicio-por-el-femicidio-de-maria-guadalupe-puebla\\\/\"},\"author\":{\"name\":\"diario5\",\"@id\":\"https:\\\/\\\/diariotextual.com\\\/inicio\\\/#\\\/schema\\\/person\\\/c7834961ad8b29b1d9cdbf4571299067\"},\"headline\":\"Nuevo juicio por el caso Puebla: el int\u00e9rprete de Lescano dijo que \u201cno tiene capacidad de mentir\u201d\",\"datePublished\":\"2021-10-12T11:18:00+00:00\",\"dateModified\":\"2021-10-12T21:29:32+00:00\",\"mainEntityOfPage\":{\"@id\":\"https:\\\/\\\/diariotextual.com\\\/inicio\\\/index.php\\\/2021\\\/10\\\/12\\\/el-12-de-octubre-arranca-el-juicio-por-el-femicidio-de-maria-guadalupe-puebla\\\/\"},\"wordCount\":1244,\"publisher\":{\"@id\":\"https:\\\/\\\/diariotextual.com\\\/inicio\\\/#organization\"},\"image\":{\"@id\":\"https:\\\/\\\/diariotextual.com\\\/inicio\\\/index.php\\\/2021\\\/10\\\/12\\\/el-12-de-octubre-arranca-el-juicio-por-el-femicidio-de-maria-guadalupe-puebla\\\/#primaryimage\"},\"thumbnailUrl\":\"https:\\\/\\\/diariotextual.com\\\/inicio\\\/wp-content\\\/uploads\\\/2021\\\/10\\\/pueblajuicio.jpeg\",\"keywords\":[\"Mar\u00eda Puebla\"],\"articleSection\":[\"A - PORTADA2\",\"SOCIEDAD\"],\"inLanguage\":\"es\"},{\"@type\":\"WebPage\",\"@id\":\"https:\\\/\\\/diariotextual.com\\\/inicio\\\/index.php\\\/2021\\\/10\\\/12\\\/el-12-de-octubre-arranca-el-juicio-por-el-femicidio-de-maria-guadalupe-puebla\\\/\",\"url\":\"https:\\\/\\\/diariotextual.com\\\/inicio\\\/index.php\\\/2021\\\/10\\\/12\\\/el-12-de-octubre-arranca-el-juicio-por-el-femicidio-de-maria-guadalupe-puebla\\\/\",\"name\":\"Nuevo juicio por el caso Puebla: el int\u00e9rprete de Lescano dijo que \u201cno tiene capacidad de mentir\u201d - Diario Textual\",\"isPartOf\":{\"@id\":\"https:\\\/\\\/diariotextual.com\\\/inicio\\\/#website\"},\"primaryImageOfPage\":{\"@id\":\"https:\\\/\\\/diariotextual.com\\\/inicio\\\/index.php\\\/2021\\\/10\\\/12\\\/el-12-de-octubre-arranca-el-juicio-por-el-femicidio-de-maria-guadalupe-puebla\\\/#primaryimage\"},\"image\":{\"@id\":\"https:\\\/\\\/diariotextual.com\\\/inicio\\\/index.php\\\/2021\\\/10\\\/12\\\/el-12-de-octubre-arranca-el-juicio-por-el-femicidio-de-maria-guadalupe-puebla\\\/#primaryimage\"},\"thumbnailUrl\":\"https:\\\/\\\/diariotextual.com\\\/inicio\\\/wp-content\\\/uploads\\\/2021\\\/10\\\/pueblajuicio.jpeg\",\"datePublished\":\"2021-10-12T11:18:00+00:00\",\"dateModified\":\"2021-10-12T21:29:32+00:00\",\"breadcrumb\":{\"@id\":\"https:\\\/\\\/diariotextual.com\\\/inicio\\\/index.php\\\/2021\\\/10\\\/12\\\/el-12-de-octubre-arranca-el-juicio-por-el-femicidio-de-maria-guadalupe-puebla\\\/#breadcrumb\"},\"inLanguage\":\"es\",\"potentialAction\":[{\"@type\":\"ReadAction\",\"target\":[\"https:\\\/\\\/diariotextual.com\\\/inicio\\\/index.php\\\/2021\\\/10\\\/12\\\/el-12-de-octubre-arranca-el-juicio-por-el-femicidio-de-maria-guadalupe-puebla\\\/\"]}]},{\"@type\":\"ImageObject\",\"inLanguage\":\"es\",\"@id\":\"https:\\\/\\\/diariotextual.com\\\/inicio\\\/index.php\\\/2021\\\/10\\\/12\\\/el-12-de-octubre-arranca-el-juicio-por-el-femicidio-de-maria-guadalupe-puebla\\\/#primaryimage\",\"url\":\"https:\\\/\\\/diariotextual.com\\\/inicio\\\/wp-content\\\/uploads\\\/2021\\\/10\\\/pueblajuicio.jpeg\",\"contentUrl\":\"https:\\\/\\\/diariotextual.com\\\/inicio\\\/wp-content\\\/uploads\\\/2021\\\/10\\\/pueblajuicio.jpeg\",\"width\":1280,\"height\":960},{\"@type\":\"BreadcrumbList\",\"@id\":\"https:\\\/\\\/diariotextual.com\\\/inicio\\\/index.php\\\/2021\\\/10\\\/12\\\/el-12-de-octubre-arranca-el-juicio-por-el-femicidio-de-maria-guadalupe-puebla\\\/#breadcrumb\",\"itemListElement\":[{\"@type\":\"ListItem\",\"position\":1,\"name\":\"Portada\",\"item\":\"https:\\\/\\\/diariotextual.com\\\/inicio\\\/\"},{\"@type\":\"ListItem\",\"position\":2,\"name\":\"Nuevo juicio por el caso Puebla: el int\u00e9rprete de Lescano dijo que \u201cno tiene capacidad de mentir\u201d\"}]},{\"@type\":\"WebSite\",\"@id\":\"https:\\\/\\\/diariotextual.com\\\/inicio\\\/#website\",\"url\":\"https:\\\/\\\/diariotextual.com\\\/inicio\\\/\",\"name\":\"Diario Textual\",\"description\":\"\",\"publisher\":{\"@id\":\"https:\\\/\\\/diariotextual.com\\\/inicio\\\/#organization\"},\"potentialAction\":[{\"@type\":\"SearchAction\",\"target\":{\"@type\":\"EntryPoint\",\"urlTemplate\":\"https:\\\/\\\/diariotextual.com\\\/inicio\\\/?s={search_term_string}\"},\"query-input\":{\"@type\":\"PropertyValueSpecification\",\"valueRequired\":true,\"valueName\":\"search_term_string\"}}],\"inLanguage\":\"es\"},{\"@type\":\"Organization\",\"@id\":\"https:\\\/\\\/diariotextual.com\\\/inicio\\\/#organization\",\"name\":\"Diario Textual\",\"url\":\"https:\\\/\\\/diariotextual.com\\\/inicio\\\/\",\"logo\":{\"@type\":\"ImageObject\",\"inLanguage\":\"es\",\"@id\":\"https:\\\/\\\/diariotextual.com\\\/inicio\\\/#\\\/schema\\\/logo\\\/image\\\/\",\"url\":\"https:\\\/\\\/diariotextual.com\\\/inicio\\\/wp-content\\\/uploads\\\/2023\\\/05\\\/logotextual1.jpg\",\"contentUrl\":\"https:\\\/\\\/diariotextual.com\\\/inicio\\\/wp-content\\\/uploads\\\/2023\\\/05\\\/logotextual1.jpg\",\"width\":516,\"height\":76,\"caption\":\"Diario Textual\"},\"image\":{\"@id\":\"https:\\\/\\\/diariotextual.com\\\/inicio\\\/#\\\/schema\\\/logo\\\/image\\\/\"},\"sameAs\":[\"https:\\\/\\\/www.facebook.com\\\/eltextual\",\"https:\\\/\\\/x.com\\\/eltextual\",\"http:\\\/\\\/www.instagram.com\\\/eltextual\"]},{\"@type\":\"Person\",\"@id\":\"https:\\\/\\\/diariotextual.com\\\/inicio\\\/#\\\/schema\\\/person\\\/c7834961ad8b29b1d9cdbf4571299067\",\"name\":\"diario5\",\"image\":{\"@type\":\"ImageObject\",\"inLanguage\":\"es\",\"@id\":\"https:\\\/\\\/secure.gravatar.com\\\/avatar\\\/948c893b847ca6df68216ead81b63f363408ec9b0f600fefc0641ce78613b111?s=96&d=mm&r=g\",\"url\":\"https:\\\/\\\/secure.gravatar.com\\\/avatar\\\/948c893b847ca6df68216ead81b63f363408ec9b0f600fefc0641ce78613b111?s=96&d=mm&r=g\",\"contentUrl\":\"https:\\\/\\\/secure.gravatar.com\\\/avatar\\\/948c893b847ca6df68216ead81b63f363408ec9b0f600fefc0641ce78613b111?s=96&d=mm&r=g\",\"caption\":\"diario5\"},\"url\":\"https:\\\/\\\/diariotextual.com\\\/inicio\\\/index.php\\\/author\\\/diario5\\\/\"}]}<\/script>\n<!-- \/ Yoast SEO plugin. -->","yoast_head_json":{"title":"Nuevo juicio por el caso Puebla: el int\u00e9rprete de Lescano dijo que \u201cno tiene capacidad de mentir\u201d - Diario Textual","robots":{"index":"index","follow":"follow","max-snippet":"max-snippet:-1","max-image-preview":"max-image-preview:large","max-video-preview":"max-video-preview:-1"},"canonical":"https:\/\/diariotextual.com\/inicio\/index.php\/2021\/10\/12\/el-12-de-octubre-arranca-el-juicio-por-el-femicidio-de-maria-guadalupe-puebla\/","og_locale":"es_ES","og_type":"article","og_title":"Nuevo juicio por el caso Puebla: el int\u00e9rprete de Lescano dijo que \u201cno tiene capacidad de mentir\u201d - Diario Textual","og_description":"Este martes comenz\u00f3 en el Centro Judicial de Santa Rosa un nuevo juicio por el femicidio de Mar\u00eda Guadalupe Puebla, ocurrido el 22 de agosto de 2014 en cercan\u00edas del&hellip;","og_url":"https:\/\/diariotextual.com\/inicio\/index.php\/2021\/10\/12\/el-12-de-octubre-arranca-el-juicio-por-el-femicidio-de-maria-guadalupe-puebla\/","og_site_name":"Diario Textual","article_publisher":"https:\/\/www.facebook.com\/eltextual","article_published_time":"2021-10-12T11:18:00+00:00","article_modified_time":"2021-10-12T21:29:32+00:00","og_image":[{"width":1280,"height":960,"url":"https:\/\/diariotextual.com\/inicio\/wp-content\/uploads\/2021\/10\/pueblajuicio.jpeg","type":"image\/jpeg"}],"author":"diario5","twitter_card":"summary_large_image","twitter_creator":"@eltextual","twitter_site":"@eltextual","twitter_misc":{"Escrito por":"diario5","Tiempo de lectura":"6 minutos"},"schema":{"@context":"https:\/\/schema.org","@graph":[{"@type":"Article","@id":"https:\/\/diariotextual.com\/inicio\/index.php\/2021\/10\/12\/el-12-de-octubre-arranca-el-juicio-por-el-femicidio-de-maria-guadalupe-puebla\/#article","isPartOf":{"@id":"https:\/\/diariotextual.com\/inicio\/index.php\/2021\/10\/12\/el-12-de-octubre-arranca-el-juicio-por-el-femicidio-de-maria-guadalupe-puebla\/"},"author":{"name":"diario5","@id":"https:\/\/diariotextual.com\/inicio\/#\/schema\/person\/c7834961ad8b29b1d9cdbf4571299067"},"headline":"Nuevo juicio por el caso Puebla: el int\u00e9rprete de Lescano dijo que \u201cno tiene capacidad de mentir\u201d","datePublished":"2021-10-12T11:18:00+00:00","dateModified":"2021-10-12T21:29:32+00:00","mainEntityOfPage":{"@id":"https:\/\/diariotextual.com\/inicio\/index.php\/2021\/10\/12\/el-12-de-octubre-arranca-el-juicio-por-el-femicidio-de-maria-guadalupe-puebla\/"},"wordCount":1244,"publisher":{"@id":"https:\/\/diariotextual.com\/inicio\/#organization"},"image":{"@id":"https:\/\/diariotextual.com\/inicio\/index.php\/2021\/10\/12\/el-12-de-octubre-arranca-el-juicio-por-el-femicidio-de-maria-guadalupe-puebla\/#primaryimage"},"thumbnailUrl":"https:\/\/diariotextual.com\/inicio\/wp-content\/uploads\/2021\/10\/pueblajuicio.jpeg","keywords":["Mar\u00eda Puebla"],"articleSection":["A - PORTADA2","SOCIEDAD"],"inLanguage":"es"},{"@type":"WebPage","@id":"https:\/\/diariotextual.com\/inicio\/index.php\/2021\/10\/12\/el-12-de-octubre-arranca-el-juicio-por-el-femicidio-de-maria-guadalupe-puebla\/","url":"https:\/\/diariotextual.com\/inicio\/index.php\/2021\/10\/12\/el-12-de-octubre-arranca-el-juicio-por-el-femicidio-de-maria-guadalupe-puebla\/","name":"Nuevo juicio por el caso Puebla: el int\u00e9rprete de Lescano dijo que \u201cno tiene capacidad de mentir\u201d - Diario Textual","isPartOf":{"@id":"https:\/\/diariotextual.com\/inicio\/#website"},"primaryImageOfPage":{"@id":"https:\/\/diariotextual.com\/inicio\/index.php\/2021\/10\/12\/el-12-de-octubre-arranca-el-juicio-por-el-femicidio-de-maria-guadalupe-puebla\/#primaryimage"},"image":{"@id":"https:\/\/diariotextual.com\/inicio\/index.php\/2021\/10\/12\/el-12-de-octubre-arranca-el-juicio-por-el-femicidio-de-maria-guadalupe-puebla\/#primaryimage"},"thumbnailUrl":"https:\/\/diariotextual.com\/inicio\/wp-content\/uploads\/2021\/10\/pueblajuicio.jpeg","datePublished":"2021-10-12T11:18:00+00:00","dateModified":"2021-10-12T21:29:32+00:00","breadcrumb":{"@id":"https:\/\/diariotextual.com\/inicio\/index.php\/2021\/10\/12\/el-12-de-octubre-arranca-el-juicio-por-el-femicidio-de-maria-guadalupe-puebla\/#breadcrumb"},"inLanguage":"es","potentialAction":[{"@type":"ReadAction","target":["https:\/\/diariotextual.com\/inicio\/index.php\/2021\/10\/12\/el-12-de-octubre-arranca-el-juicio-por-el-femicidio-de-maria-guadalupe-puebla\/"]}]},{"@type":"ImageObject","inLanguage":"es","@id":"https:\/\/diariotextual.com\/inicio\/index.php\/2021\/10\/12\/el-12-de-octubre-arranca-el-juicio-por-el-femicidio-de-maria-guadalupe-puebla\/#primaryimage","url":"https:\/\/diariotextual.com\/inicio\/wp-content\/uploads\/2021\/10\/pueblajuicio.jpeg","contentUrl":"https:\/\/diariotextual.com\/inicio\/wp-content\/uploads\/2021\/10\/pueblajuicio.jpeg","width":1280,"height":960},{"@type":"BreadcrumbList","@id":"https:\/\/diariotextual.com\/inicio\/index.php\/2021\/10\/12\/el-12-de-octubre-arranca-el-juicio-por-el-femicidio-de-maria-guadalupe-puebla\/#breadcrumb","itemListElement":[{"@type":"ListItem","position":1,"name":"Portada","item":"https:\/\/diariotextual.com\/inicio\/"},{"@type":"ListItem","position":2,"name":"Nuevo juicio por el caso Puebla: el int\u00e9rprete de Lescano dijo que \u201cno tiene capacidad de mentir\u201d"}]},{"@type":"WebSite","@id":"https:\/\/diariotextual.com\/inicio\/#website","url":"https:\/\/diariotextual.com\/inicio\/","name":"Diario Textual","description":"","publisher":{"@id":"https:\/\/diariotextual.com\/inicio\/#organization"},"potentialAction":[{"@type":"SearchAction","target":{"@type":"EntryPoint","urlTemplate":"https:\/\/diariotextual.com\/inicio\/?s={search_term_string}"},"query-input":{"@type":"PropertyValueSpecification","valueRequired":true,"valueName":"search_term_string"}}],"inLanguage":"es"},{"@type":"Organization","@id":"https:\/\/diariotextual.com\/inicio\/#organization","name":"Diario Textual","url":"https:\/\/diariotextual.com\/inicio\/","logo":{"@type":"ImageObject","inLanguage":"es","@id":"https:\/\/diariotextual.com\/inicio\/#\/schema\/logo\/image\/","url":"https:\/\/diariotextual.com\/inicio\/wp-content\/uploads\/2023\/05\/logotextual1.jpg","contentUrl":"https:\/\/diariotextual.com\/inicio\/wp-content\/uploads\/2023\/05\/logotextual1.jpg","width":516,"height":76,"caption":"Diario Textual"},"image":{"@id":"https:\/\/diariotextual.com\/inicio\/#\/schema\/logo\/image\/"},"sameAs":["https:\/\/www.facebook.com\/eltextual","https:\/\/x.com\/eltextual","http:\/\/www.instagram.com\/eltextual"]},{"@type":"Person","@id":"https:\/\/diariotextual.com\/inicio\/#\/schema\/person\/c7834961ad8b29b1d9cdbf4571299067","name":"diario5","image":{"@type":"ImageObject","inLanguage":"es","@id":"https:\/\/secure.gravatar.com\/avatar\/948c893b847ca6df68216ead81b63f363408ec9b0f600fefc0641ce78613b111?s=96&d=mm&r=g","url":"https:\/\/secure.gravatar.com\/avatar\/948c893b847ca6df68216ead81b63f363408ec9b0f600fefc0641ce78613b111?s=96&d=mm&r=g","contentUrl":"https:\/\/secure.gravatar.com\/avatar\/948c893b847ca6df68216ead81b63f363408ec9b0f600fefc0641ce78613b111?s=96&d=mm&r=g","caption":"diario5"},"url":"https:\/\/diariotextual.com\/inicio\/index.php\/author\/diario5\/"}]}},"_links":{"self":[{"href":"https:\/\/diariotextual.com\/inicio\/index.php\/wp-json\/wp\/v2\/posts\/163368","targetHints":{"allow":["GET"]}}],"collection":[{"href":"https:\/\/diariotextual.com\/inicio\/index.php\/wp-json\/wp\/v2\/posts"}],"about":[{"href":"https:\/\/diariotextual.com\/inicio\/index.php\/wp-json\/wp\/v2\/types\/post"}],"author":[{"embeddable":true,"href":"https:\/\/diariotextual.com\/inicio\/index.php\/wp-json\/wp\/v2\/users\/7"}],"replies":[{"embeddable":true,"href":"https:\/\/diariotextual.com\/inicio\/index.php\/wp-json\/wp\/v2\/comments?post=163368"}],"version-history":[{"count":13,"href":"https:\/\/diariotextual.com\/inicio\/index.php\/wp-json\/wp\/v2\/posts\/163368\/revisions"}],"predecessor-version":[{"id":164811,"href":"https:\/\/diariotextual.com\/inicio\/index.php\/wp-json\/wp\/v2\/posts\/163368\/revisions\/164811"}],"wp:featuredmedia":[{"embeddable":true,"href":"https:\/\/diariotextual.com\/inicio\/index.php\/wp-json\/wp\/v2\/media\/164775"}],"wp:attachment":[{"href":"https:\/\/diariotextual.com\/inicio\/index.php\/wp-json\/wp\/v2\/media?parent=163368"}],"wp:term":[{"taxonomy":"category","embeddable":true,"href":"https:\/\/diariotextual.com\/inicio\/index.php\/wp-json\/wp\/v2\/categories?post=163368"},{"taxonomy":"post_tag","embeddable":true,"href":"https:\/\/diariotextual.com\/inicio\/index.php\/wp-json\/wp\/v2\/tags?post=163368"}],"curies":[{"name":"wp","href":"https:\/\/api.w.org\/{rel}","templated":true}]}}