{"id":163894,"date":"2021-10-04T07:19:45","date_gmt":"2021-10-04T10:19:45","guid":{"rendered":"https:\/\/diariotextual.com\/inicio\/?p=163894"},"modified":"2021-10-04T10:35:07","modified_gmt":"2021-10-04T13:35:07","slug":"querian-a-bullrich-en-acha-pero-recordaron-cuando-quiso-sacar-gendarmeria","status":"publish","type":"post","link":"https:\/\/diariotextual.com\/inicio\/index.php\/2021\/10\/04\/querian-a-bullrich-en-acha-pero-recordaron-cuando-quiso-sacar-gendarmeria\/","title":{"rendered":"Quer\u00edan a Bullrich en Acha, pero recordaron cuando quiso sacar Gendarmer\u00eda"},"content":{"rendered":"\n<p>El <strong>PRO<\/strong> quiso llevar a <strong>Patricia Bullrich <\/strong>de<strong> campa\u00f1a <\/strong>para<strong> Juntos por el Cambio<\/strong> a <strong>General Acha<\/strong>, pero <strong>desde el oficialismo la \u201cbajaron\u201d porque le recordaron que cuando fue ministra de Seguridad anunciaron el traslado el Destacamento M\u00f3vil de Gendarmer\u00eda al sur del pa\u00eds, lo que iba a ser un golpe para la ciudad.<\/strong><\/p>\n\n\n\n<p>Seg\u00fan revelaron fuentes de Juntos por el Cambio, la exprecandidata <strong>Adriana Leher<\/strong> se hab\u00eda contactado con Bullrich cuando se anunci\u00f3 que vendr\u00eda a La Pampa a apoyar a Daniel Kroneberger y Mart\u00edn Maquieyra para que fuera a hacer campa\u00f1a a General Acha.<br><\/p>\n\n\n\n<p>Sin embargo, desde Juntos por Acha, la alianza entre radicales y macristas que gobierna la ciudad, <strong>le dijeron que no porque no ser\u00eda bien recibida.<\/strong><br><\/p>\n\n\n\n<p>Bullrich fue quien en 2018 como ministra de Seguridad de Mauricio Macri quiso trasladar el Destacamento M\u00f3vil 4 hacia el sur. La idea surgi\u00f3 en marzo y primero se baraj\u00f3 Plottier en Neuqu\u00e9n y luego Comodoro Rivadavia.<br><\/p>\n\n\n\n<p>La noticia produjo <strong>conmoci\u00f3n en el vecindario y cre\u00f3 un fuerte rechazo en General Acha<\/strong> porque hubiera sido un golpe econ\u00f3mico para la ciudad por lo que significa el destacamento en el movimiento cotidiano de la ciudad. Desde la intendencia y el Concejo Deliberante hubo manifestaciones en contra. Tambi\u00e9n de los diputados achenses.<br><\/p>\n\n\n\n<p>El viceintendente de entonces, Jos\u00e9 Luis Dom\u00ednguez, cuestion\u00f3 el anuncio. \u00abSi los gendarmes se van ser\u00e1 otro cachetazo para Acha\u00bb, lleg\u00f3 a decir.<br><\/p>\n\n\n\n<p>Frente a la presi\u00f3n, a mitad de a\u00f1o el secretario de Gesti\u00f3n Federal de Seguridad de la Naci\u00f3n, Enrique Thomas, anunci\u00f3 que solo trasladar\u00edan una parte de los gendarmes y que har\u00edan cambios en las funciones. Hasta anunciaron una escuela de formaci\u00f3n que nunca se hizo.<\/p>\n\n\n\n<p>Leher, en ese momento, hizo gestiones en Buenos Aires ante la propia Bullrich. Seg\u00fan su versi\u00f3n, quien pretend\u00eda trasladar Gendarmer\u00eda era el jefe de Gabinete, Marcos Pe\u00f1a.<\/p>\n\n\n\n<p>Finalmente, el 18 de septiembre de ese a\u00f1o la intendenta Mar\u00eda Julia Arrar\u00e1s inform\u00f3 que Bullrich le hab\u00eda anunciado que no se har\u00eda finalmente el traslado al sur del pa\u00eds.<\/p>\n\n\n\n<p><\/p>\n","protected":false},"excerpt":{"rendered":"<p>El PRO quiso llevar a Patricia Bullrich de campa\u00f1a para Juntos por el Cambio a General Acha, pero desde el oficialismo la \u201cbajaron\u201d porque le recordaron que cuando fue ministra&hellip;<\/p>\n","protected":false},"author":3,"featured_media":163897,"comment_status":"closed","ping_status":"open","sticky":false,"template":"","format":"standard","meta":{"_acf_changed":false,"footnotes":""},"categories":[10,8],"tags":[45,174],"class_list":["post-163894","post","type-post","status-publish","format-standard","has-post-thumbnail","hentry","category-portada-2","category-politica","tag-acha","tag-bullrich"],"acf":[],"yoast_head":"<!-- This site is optimized with the Yoast SEO plugin v27.5 - https:\/\/yoast.com\/product\/yoast-seo-wordpress\/ -->\n<title>Quer\u00edan a Bullrich en Acha, pero recordaron cuando quiso sacar Gendarmer\u00eda - Diario Textual<\/title>\n<meta name=\"robots\" content=\"index, follow, max-snippet:-1, max-image-preview:large, max-video-preview:-1\" \/>\n<link rel=\"canonical\" href=\"https:\/\/diariotextual.com\/inicio\/index.php\/2021\/10\/04\/querian-a-bullrich-en-acha-pero-recordaron-cuando-quiso-sacar-gendarmeria\/\" \/>\n<meta property=\"og:locale\" content=\"es_ES\" \/>\n<meta property=\"og:type\" content=\"article\" \/>\n<meta property=\"og:title\" content=\"Quer\u00edan a Bullrich en Acha, pero recordaron cuando quiso sacar Gendarmer\u00eda - Diario Textual\" \/>\n<meta property=\"og:description\" content=\"El PRO quiso llevar a Patricia Bullrich de campa\u00f1a para Juntos por el Cambio a General Acha, pero desde el oficialismo la \u201cbajaron\u201d porque le recordaron que cuando fue ministra&hellip;\" \/>\n<meta property=\"og:url\" content=\"https:\/\/diariotextual.com\/inicio\/index.php\/2021\/10\/04\/querian-a-bullrich-en-acha-pero-recordaron-cuando-quiso-sacar-gendarmeria\/\" \/>\n<meta property=\"og:site_name\" content=\"Diario Textual\" \/>\n<meta property=\"article:publisher\" content=\"https:\/\/www.facebook.com\/eltextual\" \/>\n<meta property=\"article:published_time\" content=\"2021-10-04T10:19:45+00:00\" \/>\n<meta property=\"article:modified_time\" content=\"2021-10-04T13:35:07+00:00\" \/>\n<meta property=\"og:image\" content=\"https:\/\/diariotextual.com\/inicio\/wp-content\/uploads\/2021\/10\/bullrichpatriciagendarmeria29.jpg\" \/>\n\t<meta property=\"og:image:width\" content=\"750\" \/>\n\t<meta property=\"og:image:height\" content=\"500\" \/>\n\t<meta property=\"og:image:type\" content=\"image\/jpeg\" \/>\n<meta name=\"author\" content=\"Diario1 Diario1\" \/>\n<meta name=\"twitter:card\" content=\"summary_large_image\" \/>\n<meta name=\"twitter:creator\" content=\"@eltextual\" \/>\n<meta name=\"twitter:site\" content=\"@eltextual\" \/>\n<meta name=\"twitter:label1\" content=\"Escrito por\" \/>\n\t<meta name=\"twitter:data1\" content=\"Diario1 Diario1\" \/>\n\t<meta name=\"twitter:label2\" content=\"Tiempo de lectura\" \/>\n\t<meta name=\"twitter:data2\" content=\"2 minutos\" \/>\n<script type=\"application\/ld+json\" class=\"yoast-schema-graph\">{\"@context\":\"https:\\\/\\\/schema.org\",\"@graph\":[{\"@type\":\"Article\",\"@id\":\"https:\\\/\\\/diariotextual.com\\\/inicio\\\/index.php\\\/2021\\\/10\\\/04\\\/querian-a-bullrich-en-acha-pero-recordaron-cuando-quiso-sacar-gendarmeria\\\/#article\",\"isPartOf\":{\"@id\":\"https:\\\/\\\/diariotextual.com\\\/inicio\\\/index.php\\\/2021\\\/10\\\/04\\\/querian-a-bullrich-en-acha-pero-recordaron-cuando-quiso-sacar-gendarmeria\\\/\"},\"author\":{\"name\":\"Diario1 Diario1\",\"@id\":\"https:\\\/\\\/diariotextual.com\\\/inicio\\\/#\\\/schema\\\/person\\\/418fc4093c33e86ed41562db3508f958\"},\"headline\":\"Quer\u00edan a Bullrich en Acha, pero recordaron cuando quiso sacar Gendarmer\u00eda\",\"datePublished\":\"2021-10-04T10:19:45+00:00\",\"dateModified\":\"2021-10-04T13:35:07+00:00\",\"mainEntityOfPage\":{\"@id\":\"https:\\\/\\\/diariotextual.com\\\/inicio\\\/index.php\\\/2021\\\/10\\\/04\\\/querian-a-bullrich-en-acha-pero-recordaron-cuando-quiso-sacar-gendarmeria\\\/\"},\"wordCount\":381,\"publisher\":{\"@id\":\"https:\\\/\\\/diariotextual.com\\\/inicio\\\/#organization\"},\"image\":{\"@id\":\"https:\\\/\\\/diariotextual.com\\\/inicio\\\/index.php\\\/2021\\\/10\\\/04\\\/querian-a-bullrich-en-acha-pero-recordaron-cuando-quiso-sacar-gendarmeria\\\/#primaryimage\"},\"thumbnailUrl\":\"https:\\\/\\\/diariotextual.com\\\/inicio\\\/wp-content\\\/uploads\\\/2021\\\/10\\\/bullrichpatriciagendarmeria29.jpg\",\"keywords\":[\"acha\",\"bullrich\"],\"articleSection\":[\"A - PORTADA2\",\"POLITICA\"],\"inLanguage\":\"es\"},{\"@type\":\"WebPage\",\"@id\":\"https:\\\/\\\/diariotextual.com\\\/inicio\\\/index.php\\\/2021\\\/10\\\/04\\\/querian-a-bullrich-en-acha-pero-recordaron-cuando-quiso-sacar-gendarmeria\\\/\",\"url\":\"https:\\\/\\\/diariotextual.com\\\/inicio\\\/index.php\\\/2021\\\/10\\\/04\\\/querian-a-bullrich-en-acha-pero-recordaron-cuando-quiso-sacar-gendarmeria\\\/\",\"name\":\"Quer\u00edan a Bullrich en Acha, pero recordaron cuando quiso sacar Gendarmer\u00eda - Diario Textual\",\"isPartOf\":{\"@id\":\"https:\\\/\\\/diariotextual.com\\\/inicio\\\/#website\"},\"primaryImageOfPage\":{\"@id\":\"https:\\\/\\\/diariotextual.com\\\/inicio\\\/index.php\\\/2021\\\/10\\\/04\\\/querian-a-bullrich-en-acha-pero-recordaron-cuando-quiso-sacar-gendarmeria\\\/#primaryimage\"},\"image\":{\"@id\":\"https:\\\/\\\/diariotextual.com\\\/inicio\\\/index.php\\\/2021\\\/10\\\/04\\\/querian-a-bullrich-en-acha-pero-recordaron-cuando-quiso-sacar-gendarmeria\\\/#primaryimage\"},\"thumbnailUrl\":\"https:\\\/\\\/diariotextual.com\\\/inicio\\\/wp-content\\\/uploads\\\/2021\\\/10\\\/bullrichpatriciagendarmeria29.jpg\",\"datePublished\":\"2021-10-04T10:19:45+00:00\",\"dateModified\":\"2021-10-04T13:35:07+00:00\",\"breadcrumb\":{\"@id\":\"https:\\\/\\\/diariotextual.com\\\/inicio\\\/index.php\\\/2021\\\/10\\\/04\\\/querian-a-bullrich-en-acha-pero-recordaron-cuando-quiso-sacar-gendarmeria\\\/#breadcrumb\"},\"inLanguage\":\"es\",\"potentialAction\":[{\"@type\":\"ReadAction\",\"target\":[\"https:\\\/\\\/diariotextual.com\\\/inicio\\\/index.php\\\/2021\\\/10\\\/04\\\/querian-a-bullrich-en-acha-pero-recordaron-cuando-quiso-sacar-gendarmeria\\\/\"]}]},{\"@type\":\"ImageObject\",\"inLanguage\":\"es\",\"@id\":\"https:\\\/\\\/diariotextual.com\\\/inicio\\\/index.php\\\/2021\\\/10\\\/04\\\/querian-a-bullrich-en-acha-pero-recordaron-cuando-quiso-sacar-gendarmeria\\\/#primaryimage\",\"url\":\"https:\\\/\\\/diariotextual.com\\\/inicio\\\/wp-content\\\/uploads\\\/2021\\\/10\\\/bullrichpatriciagendarmeria29.jpg\",\"contentUrl\":\"https:\\\/\\\/diariotextual.com\\\/inicio\\\/wp-content\\\/uploads\\\/2021\\\/10\\\/bullrichpatriciagendarmeria29.jpg\",\"width\":750,\"height\":500},{\"@type\":\"BreadcrumbList\",\"@id\":\"https:\\\/\\\/diariotextual.com\\\/inicio\\\/index.php\\\/2021\\\/10\\\/04\\\/querian-a-bullrich-en-acha-pero-recordaron-cuando-quiso-sacar-gendarmeria\\\/#breadcrumb\",\"itemListElement\":[{\"@type\":\"ListItem\",\"position\":1,\"name\":\"Portada\",\"item\":\"https:\\\/\\\/diariotextual.com\\\/inicio\\\/\"},{\"@type\":\"ListItem\",\"position\":2,\"name\":\"Quer\u00edan a Bullrich en Acha, pero recordaron cuando quiso sacar Gendarmer\u00eda\"}]},{\"@type\":\"WebSite\",\"@id\":\"https:\\\/\\\/diariotextual.com\\\/inicio\\\/#website\",\"url\":\"https:\\\/\\\/diariotextual.com\\\/inicio\\\/\",\"name\":\"Diario Textual\",\"description\":\"\",\"publisher\":{\"@id\":\"https:\\\/\\\/diariotextual.com\\\/inicio\\\/#organization\"},\"potentialAction\":[{\"@type\":\"SearchAction\",\"target\":{\"@type\":\"EntryPoint\",\"urlTemplate\":\"https:\\\/\\\/diariotextual.com\\\/inicio\\\/?s={search_term_string}\"},\"query-input\":{\"@type\":\"PropertyValueSpecification\",\"valueRequired\":true,\"valueName\":\"search_term_string\"}}],\"inLanguage\":\"es\"},{\"@type\":\"Organization\",\"@id\":\"https:\\\/\\\/diariotextual.com\\\/inicio\\\/#organization\",\"name\":\"Diario Textual\",\"url\":\"https:\\\/\\\/diariotextual.com\\\/inicio\\\/\",\"logo\":{\"@type\":\"ImageObject\",\"inLanguage\":\"es\",\"@id\":\"https:\\\/\\\/diariotextual.com\\\/inicio\\\/#\\\/schema\\\/logo\\\/image\\\/\",\"url\":\"https:\\\/\\\/diariotextual.com\\\/inicio\\\/wp-content\\\/uploads\\\/2023\\\/05\\\/logotextual1.jpg\",\"contentUrl\":\"https:\\\/\\\/diariotextual.com\\\/inicio\\\/wp-content\\\/uploads\\\/2023\\\/05\\\/logotextual1.jpg\",\"width\":516,\"height\":76,\"caption\":\"Diario Textual\"},\"image\":{\"@id\":\"https:\\\/\\\/diariotextual.com\\\/inicio\\\/#\\\/schema\\\/logo\\\/image\\\/\"},\"sameAs\":[\"https:\\\/\\\/www.facebook.com\\\/eltextual\",\"https:\\\/\\\/x.com\\\/eltextual\",\"http:\\\/\\\/www.instagram.com\\\/eltextual\"]},{\"@type\":\"Person\",\"@id\":\"https:\\\/\\\/diariotextual.com\\\/inicio\\\/#\\\/schema\\\/person\\\/418fc4093c33e86ed41562db3508f958\",\"name\":\"Diario1 Diario1\",\"image\":{\"@type\":\"ImageObject\",\"inLanguage\":\"es\",\"@id\":\"https:\\\/\\\/secure.gravatar.com\\\/avatar\\\/9167d280179c85bc18be67aa7eda765854300033af4896dd779b608640f2ef7a?s=96&d=mm&r=g\",\"url\":\"https:\\\/\\\/secure.gravatar.com\\\/avatar\\\/9167d280179c85bc18be67aa7eda765854300033af4896dd779b608640f2ef7a?s=96&d=mm&r=g\",\"contentUrl\":\"https:\\\/\\\/secure.gravatar.com\\\/avatar\\\/9167d280179c85bc18be67aa7eda765854300033af4896dd779b608640f2ef7a?s=96&d=mm&r=g\",\"caption\":\"Diario1 Diario1\"},\"url\":\"https:\\\/\\\/diariotextual.com\\\/inicio\\\/index.php\\\/author\\\/diario1\\\/\"}]}<\/script>\n<!-- \/ Yoast SEO plugin. -->","yoast_head_json":{"title":"Quer\u00edan a Bullrich en Acha, pero recordaron cuando quiso sacar Gendarmer\u00eda - Diario Textual","robots":{"index":"index","follow":"follow","max-snippet":"max-snippet:-1","max-image-preview":"max-image-preview:large","max-video-preview":"max-video-preview:-1"},"canonical":"https:\/\/diariotextual.com\/inicio\/index.php\/2021\/10\/04\/querian-a-bullrich-en-acha-pero-recordaron-cuando-quiso-sacar-gendarmeria\/","og_locale":"es_ES","og_type":"article","og_title":"Quer\u00edan a Bullrich en Acha, pero recordaron cuando quiso sacar Gendarmer\u00eda - Diario Textual","og_description":"El PRO quiso llevar a Patricia Bullrich de campa\u00f1a para Juntos por el Cambio a General Acha, pero desde el oficialismo la \u201cbajaron\u201d porque le recordaron que cuando fue ministra&hellip;","og_url":"https:\/\/diariotextual.com\/inicio\/index.php\/2021\/10\/04\/querian-a-bullrich-en-acha-pero-recordaron-cuando-quiso-sacar-gendarmeria\/","og_site_name":"Diario Textual","article_publisher":"https:\/\/www.facebook.com\/eltextual","article_published_time":"2021-10-04T10:19:45+00:00","article_modified_time":"2021-10-04T13:35:07+00:00","og_image":[{"width":750,"height":500,"url":"https:\/\/diariotextual.com\/inicio\/wp-content\/uploads\/2021\/10\/bullrichpatriciagendarmeria29.jpg","type":"image\/jpeg"}],"author":"Diario1 Diario1","twitter_card":"summary_large_image","twitter_creator":"@eltextual","twitter_site":"@eltextual","twitter_misc":{"Escrito por":"Diario1 Diario1","Tiempo de lectura":"2 minutos"},"schema":{"@context":"https:\/\/schema.org","@graph":[{"@type":"Article","@id":"https:\/\/diariotextual.com\/inicio\/index.php\/2021\/10\/04\/querian-a-bullrich-en-acha-pero-recordaron-cuando-quiso-sacar-gendarmeria\/#article","isPartOf":{"@id":"https:\/\/diariotextual.com\/inicio\/index.php\/2021\/10\/04\/querian-a-bullrich-en-acha-pero-recordaron-cuando-quiso-sacar-gendarmeria\/"},"author":{"name":"Diario1 Diario1","@id":"https:\/\/diariotextual.com\/inicio\/#\/schema\/person\/418fc4093c33e86ed41562db3508f958"},"headline":"Quer\u00edan a Bullrich en Acha, pero recordaron cuando quiso sacar Gendarmer\u00eda","datePublished":"2021-10-04T10:19:45+00:00","dateModified":"2021-10-04T13:35:07+00:00","mainEntityOfPage":{"@id":"https:\/\/diariotextual.com\/inicio\/index.php\/2021\/10\/04\/querian-a-bullrich-en-acha-pero-recordaron-cuando-quiso-sacar-gendarmeria\/"},"wordCount":381,"publisher":{"@id":"https:\/\/diariotextual.com\/inicio\/#organization"},"image":{"@id":"https:\/\/diariotextual.com\/inicio\/index.php\/2021\/10\/04\/querian-a-bullrich-en-acha-pero-recordaron-cuando-quiso-sacar-gendarmeria\/#primaryimage"},"thumbnailUrl":"https:\/\/diariotextual.com\/inicio\/wp-content\/uploads\/2021\/10\/bullrichpatriciagendarmeria29.jpg","keywords":["acha","bullrich"],"articleSection":["A - PORTADA2","POLITICA"],"inLanguage":"es"},{"@type":"WebPage","@id":"https:\/\/diariotextual.com\/inicio\/index.php\/2021\/10\/04\/querian-a-bullrich-en-acha-pero-recordaron-cuando-quiso-sacar-gendarmeria\/","url":"https:\/\/diariotextual.com\/inicio\/index.php\/2021\/10\/04\/querian-a-bullrich-en-acha-pero-recordaron-cuando-quiso-sacar-gendarmeria\/","name":"Quer\u00edan a Bullrich en Acha, pero recordaron cuando quiso sacar Gendarmer\u00eda - Diario Textual","isPartOf":{"@id":"https:\/\/diariotextual.com\/inicio\/#website"},"primaryImageOfPage":{"@id":"https:\/\/diariotextual.com\/inicio\/index.php\/2021\/10\/04\/querian-a-bullrich-en-acha-pero-recordaron-cuando-quiso-sacar-gendarmeria\/#primaryimage"},"image":{"@id":"https:\/\/diariotextual.com\/inicio\/index.php\/2021\/10\/04\/querian-a-bullrich-en-acha-pero-recordaron-cuando-quiso-sacar-gendarmeria\/#primaryimage"},"thumbnailUrl":"https:\/\/diariotextual.com\/inicio\/wp-content\/uploads\/2021\/10\/bullrichpatriciagendarmeria29.jpg","datePublished":"2021-10-04T10:19:45+00:00","dateModified":"2021-10-04T13:35:07+00:00","breadcrumb":{"@id":"https:\/\/diariotextual.com\/inicio\/index.php\/2021\/10\/04\/querian-a-bullrich-en-acha-pero-recordaron-cuando-quiso-sacar-gendarmeria\/#breadcrumb"},"inLanguage":"es","potentialAction":[{"@type":"ReadAction","target":["https:\/\/diariotextual.com\/inicio\/index.php\/2021\/10\/04\/querian-a-bullrich-en-acha-pero-recordaron-cuando-quiso-sacar-gendarmeria\/"]}]},{"@type":"ImageObject","inLanguage":"es","@id":"https:\/\/diariotextual.com\/inicio\/index.php\/2021\/10\/04\/querian-a-bullrich-en-acha-pero-recordaron-cuando-quiso-sacar-gendarmeria\/#primaryimage","url":"https:\/\/diariotextual.com\/inicio\/wp-content\/uploads\/2021\/10\/bullrichpatriciagendarmeria29.jpg","contentUrl":"https:\/\/diariotextual.com\/inicio\/wp-content\/uploads\/2021\/10\/bullrichpatriciagendarmeria29.jpg","width":750,"height":500},{"@type":"BreadcrumbList","@id":"https:\/\/diariotextual.com\/inicio\/index.php\/2021\/10\/04\/querian-a-bullrich-en-acha-pero-recordaron-cuando-quiso-sacar-gendarmeria\/#breadcrumb","itemListElement":[{"@type":"ListItem","position":1,"name":"Portada","item":"https:\/\/diariotextual.com\/inicio\/"},{"@type":"ListItem","position":2,"name":"Quer\u00edan a Bullrich en Acha, pero recordaron cuando quiso sacar Gendarmer\u00eda"}]},{"@type":"WebSite","@id":"https:\/\/diariotextual.com\/inicio\/#website","url":"https:\/\/diariotextual.com\/inicio\/","name":"Diario Textual","description":"","publisher":{"@id":"https:\/\/diariotextual.com\/inicio\/#organization"},"potentialAction":[{"@type":"SearchAction","target":{"@type":"EntryPoint","urlTemplate":"https:\/\/diariotextual.com\/inicio\/?s={search_term_string}"},"query-input":{"@type":"PropertyValueSpecification","valueRequired":true,"valueName":"search_term_string"}}],"inLanguage":"es"},{"@type":"Organization","@id":"https:\/\/diariotextual.com\/inicio\/#organization","name":"Diario Textual","url":"https:\/\/diariotextual.com\/inicio\/","logo":{"@type":"ImageObject","inLanguage":"es","@id":"https:\/\/diariotextual.com\/inicio\/#\/schema\/logo\/image\/","url":"https:\/\/diariotextual.com\/inicio\/wp-content\/uploads\/2023\/05\/logotextual1.jpg","contentUrl":"https:\/\/diariotextual.com\/inicio\/wp-content\/uploads\/2023\/05\/logotextual1.jpg","width":516,"height":76,"caption":"Diario Textual"},"image":{"@id":"https:\/\/diariotextual.com\/inicio\/#\/schema\/logo\/image\/"},"sameAs":["https:\/\/www.facebook.com\/eltextual","https:\/\/x.com\/eltextual","http:\/\/www.instagram.com\/eltextual"]},{"@type":"Person","@id":"https:\/\/diariotextual.com\/inicio\/#\/schema\/person\/418fc4093c33e86ed41562db3508f958","name":"Diario1 Diario1","image":{"@type":"ImageObject","inLanguage":"es","@id":"https:\/\/secure.gravatar.com\/avatar\/9167d280179c85bc18be67aa7eda765854300033af4896dd779b608640f2ef7a?s=96&d=mm&r=g","url":"https:\/\/secure.gravatar.com\/avatar\/9167d280179c85bc18be67aa7eda765854300033af4896dd779b608640f2ef7a?s=96&d=mm&r=g","contentUrl":"https:\/\/secure.gravatar.com\/avatar\/9167d280179c85bc18be67aa7eda765854300033af4896dd779b608640f2ef7a?s=96&d=mm&r=g","caption":"Diario1 Diario1"},"url":"https:\/\/diariotextual.com\/inicio\/index.php\/author\/diario1\/"}]}},"_links":{"self":[{"href":"https:\/\/diariotextual.com\/inicio\/index.php\/wp-json\/wp\/v2\/posts\/163894","targetHints":{"allow":["GET"]}}],"collection":[{"href":"https:\/\/diariotextual.com\/inicio\/index.php\/wp-json\/wp\/v2\/posts"}],"about":[{"href":"https:\/\/diariotextual.com\/inicio\/index.php\/wp-json\/wp\/v2\/types\/post"}],"author":[{"embeddable":true,"href":"https:\/\/diariotextual.com\/inicio\/index.php\/wp-json\/wp\/v2\/users\/3"}],"replies":[{"embeddable":true,"href":"https:\/\/diariotextual.com\/inicio\/index.php\/wp-json\/wp\/v2\/comments?post=163894"}],"version-history":[{"count":6,"href":"https:\/\/diariotextual.com\/inicio\/index.php\/wp-json\/wp\/v2\/posts\/163894\/revisions"}],"predecessor-version":[{"id":163912,"href":"https:\/\/diariotextual.com\/inicio\/index.php\/wp-json\/wp\/v2\/posts\/163894\/revisions\/163912"}],"wp:featuredmedia":[{"embeddable":true,"href":"https:\/\/diariotextual.com\/inicio\/index.php\/wp-json\/wp\/v2\/media\/163897"}],"wp:attachment":[{"href":"https:\/\/diariotextual.com\/inicio\/index.php\/wp-json\/wp\/v2\/media?parent=163894"}],"wp:term":[{"taxonomy":"category","embeddable":true,"href":"https:\/\/diariotextual.com\/inicio\/index.php\/wp-json\/wp\/v2\/categories?post=163894"},{"taxonomy":"post_tag","embeddable":true,"href":"https:\/\/diariotextual.com\/inicio\/index.php\/wp-json\/wp\/v2\/tags?post=163894"}],"curies":[{"name":"wp","href":"https:\/\/api.w.org\/{rel}","templated":true}]}}