{"id":163919,"date":"2021-10-05T11:34:00","date_gmt":"2021-10-05T14:34:00","guid":{"rendered":"https:\/\/diariotextual.com\/inicio\/?p=163919"},"modified":"2021-10-05T17:54:23","modified_gmt":"2021-10-05T20:54:23","slug":"el-etiquetado-frontal-de-alimentos-a-un-paso-de-ser-ley","status":"publish","type":"post","link":"https:\/\/diariotextual.com\/inicio\/index.php\/2021\/10\/05\/el-etiquetado-frontal-de-alimentos-a-un-paso-de-ser-ley\/","title":{"rendered":"JxC no dio qu\u00f3rum y no se trat\u00f3 la ley de etiquetado frontal"},"content":{"rendered":"\n<p>El bloque de diputados de<strong> Juntos por el Cambio no dio qu\u00f3rum<\/strong> a la sesi\u00f3n convocada por el Frente de Todos para este martes que ten\u00eda como principal tema<strong> la ley de etiquetado frontal<\/strong>, el proyecto que obliga a las empresas alimenticias a informar los nutrientes cr\u00edticos en los envases.<\/p>\n\n\n\n<p>Como hab\u00edan anticipado las autoridades del interbloque,<strong> el radical Mario Negri y Cristian Ritondo del PRO, sus dirigidos no se acercaron al recinto a las 11 de la ma\u00f1ana, aunque hubo excepciones: los mendocinos Claudia Najul y Facundo Zamarbide, de la UCR, se acercaron a colaborar, pero no alcanz\u00f3. <\/strong>Tampoco fue suficiente el respaldo de los dos diputados de izquierda.<\/p>\n\n\n\n<p>De este modo,\u00a0<strong>fracas\u00f3 la primera sesi\u00f3n presencial convocada en la C\u00e1mara baja luego de un a\u00f1o y medio de funcionamiento virtual por la pandemia de coronavirus.<\/strong><\/p>\n\n\n\n<figure class=\"wp-block-embed is-type-wp-embed is-provider-diario-textual wp-block-embed-diario-textual\"><div class=\"wp-block-embed__wrapper\">\n<blockquote class=\"wp-embedded-content\" data-secret=\"fGg9YGq8ln\"><a href=\"https:\/\/diariotextual.com\/inicio\/index.php\/2021\/10\/05\/rauschenberger-y-la-ley-de-etiquetado-frontal-a-jxc-no-le-importa-la-salud-de-los-ninos\/\">Rauschenberger y la ley de etiquetado frontal: &#8220;A JxC no le importa la salud de los ni\u00f1os&#8221;<\/a><\/blockquote><iframe class=\"wp-embedded-content\" sandbox=\"allow-scripts\" security=\"restricted\" style=\"position: absolute; clip: rect(1px, 1px, 1px, 1px);\" title=\"\u00abRauschenberger y la ley de etiquetado frontal: &#8220;A JxC no le importa la salud de los ni\u00f1os&#8221;\u00bb \u2014 Diario Textual\" src=\"https:\/\/diariotextual.com\/inicio\/index.php\/2021\/10\/05\/rauschenberger-y-la-ley-de-etiquetado-frontal-a-jxc-no-le-importa-la-salud-de-los-ninos\/embed\/#?secret=fGg9YGq8ln\" data-secret=\"fGg9YGq8ln\" width=\"600\" height=\"338\" frameborder=\"0\" marginwidth=\"0\" marginheight=\"0\" scrolling=\"no\"><\/iframe>\n<\/div><\/figure>\n\n\n\n<p>La sesi\u00f3n fue solicitada por la bancada del Frente de Todos, que encabeza M\u00e1ximo Kirchner, para debatir un conjunto de iniciativas consensuadas con la mayor\u00eda de los bloques despu\u00e9s de tres meses sin deliberar, debido a la campa\u00f1a electoral y a la falta de acuerdo entre los distintos espacios parlamentarios.<\/p>\n\n\n\n<p><strong>La sesi\u00f3n fue convocada para las 11 del martes, con el objeto de debatir un amplio temario que ten\u00eda como tema central el etiquetado frontal de alimentos,<\/strong>&nbsp;un proyecto que busca advertir a la sociedad sobre los productos que tienen un alto contenido de grasas, sodios y az\u00facares, con el fin de ayudar a combatir la obesidad, la hipertensi\u00f3n y los riesgos card\u00edacos.<\/p>\n\n\n\n<p>Adem\u00e1s de este proyecto estrat\u00e9gico para la salud, que es resistido por algunas empresas de la alimentaci\u00f3n,&nbsp;<strong>se pretend\u00edan debatir proyectos como el que propone pol\u00edticas transversales para las personas en situaci\u00f3n de calle y otro referido a medidas vinculadas con la actividad de la vitivinicultura.<\/strong><\/p>\n\n\n\n<p>El proyecto que busca aprobar el FdT propicia advertir a la sociedad sobre los productos que tienen un alto contenido de grasas, sodios y az\u00facares, con el fin de ayudar a combatir la obesidad, la hipertensi\u00f3n y los riesgos card\u00edacos.<\/p>\n\n\n\n<p>La iniciativa es rechazada por algunas empresas de la alimentaci\u00f3n y genera resistencias entre legisladores de las provincias del norte, sin distinci\u00f3n de alineamientos pol\u00edticos, ya que desde esa regi\u00f3n del pa\u00eds sostienen que el etiquetado frontal perjudicar\u00e1 a la producci\u00f3n azucarera, por lo que promueven introducir modificaciones en el texto que se aprob\u00f3 en el Senado.<\/p>\n\n\n\n<p>A fines de septiembre pasado, organizaciones de la sociedad civil enviaron cartas a los presidentes de todos los bloques de la C\u00e1mara de Diputados para reclamar el tratamiento urgente, antes el riesgo de que pierda estado parlamentario.<\/p>\n\n\n\n<p>\u00abNo hay motivos v\u00e1lidos para retrasar m\u00e1s la aprobaci\u00f3n de la ley. El proyecto cuenta con amplio apoyo de la sociedad civil y acad\u00e9mica, tanto de Argentina como de la regi\u00f3n; con el respaldo de la mejor evidencia cient\u00edfica libre de conflicto de inter\u00e9s y con el aval de la C\u00e1mara de Senadores. Es hora de que los y las diputadas pongan fecha para sesionar y aprueben el proyecto sin m\u00e1s demoras\u00bb, reclam\u00f3 en aquel momento Victoria Tiscornia, investigadora de la Fundaci\u00f3n Interamericana del Coraz\u00f3n (FIC).<\/p>\n\n\n\n<p>Adem\u00e1s de FIC Argentina, las cartas fueron firmadas por Federaci\u00f3n Argentina de Graduados en Nutrici\u00f3n (Fagran), Consumidores Argentinos, Fundeps, Sanar y Consciente Colectivo.<\/p>\n\n\n\n<p><\/p>\n","protected":false},"excerpt":{"rendered":"<p>El bloque de diputados de Juntos por el Cambio no dio qu\u00f3rum a la sesi\u00f3n convocada por el Frente de Todos para este martes que ten\u00eda como principal tema la&hellip;<\/p>\n","protected":false},"author":3,"featured_media":149869,"comment_status":"closed","ping_status":"open","sticky":false,"template":"","format":"standard","meta":{"_acf_changed":false,"footnotes":""},"categories":[11,12],"tags":[446],"class_list":["post-163919","post","type-post","status-publish","format-standard","has-post-thumbnail","hentry","category-que-pasa","category-sociedad","tag-diputados"],"acf":[],"yoast_head":"<!-- This site is optimized with the Yoast SEO plugin v27.5 - https:\/\/yoast.com\/product\/yoast-seo-wordpress\/ -->\n<title>JxC no dio qu\u00f3rum y no se trat\u00f3 la ley de etiquetado frontal - Diario Textual<\/title>\n<meta name=\"robots\" content=\"index, follow, max-snippet:-1, max-image-preview:large, max-video-preview:-1\" \/>\n<link rel=\"canonical\" href=\"https:\/\/diariotextual.com\/inicio\/index.php\/2021\/10\/05\/el-etiquetado-frontal-de-alimentos-a-un-paso-de-ser-ley\/\" \/>\n<meta property=\"og:locale\" content=\"es_ES\" \/>\n<meta property=\"og:type\" content=\"article\" \/>\n<meta property=\"og:title\" content=\"JxC no dio qu\u00f3rum y no se trat\u00f3 la ley de etiquetado frontal - Diario Textual\" \/>\n<meta property=\"og:description\" content=\"El bloque de diputados de Juntos por el Cambio no dio qu\u00f3rum a la sesi\u00f3n convocada por el Frente de Todos para este martes que ten\u00eda como principal tema la&hellip;\" \/>\n<meta property=\"og:url\" content=\"https:\/\/diariotextual.com\/inicio\/index.php\/2021\/10\/05\/el-etiquetado-frontal-de-alimentos-a-un-paso-de-ser-ley\/\" \/>\n<meta property=\"og:site_name\" content=\"Diario Textual\" \/>\n<meta property=\"article:publisher\" content=\"https:\/\/www.facebook.com\/eltextual\" \/>\n<meta property=\"article:published_time\" content=\"2021-10-05T14:34:00+00:00\" \/>\n<meta property=\"article:modified_time\" content=\"2021-10-05T20:54:23+00:00\" \/>\n<meta property=\"og:image\" content=\"https:\/\/diariotextual.com\/inicio\/wp-content\/uploads\/2021\/06\/massasergiodiputados2021-1.jpg\" \/>\n\t<meta property=\"og:image:width\" content=\"912\" \/>\n\t<meta property=\"og:image:height\" content=\"603\" \/>\n\t<meta property=\"og:image:type\" content=\"image\/jpeg\" \/>\n<meta name=\"author\" content=\"Diario1 Diario1\" \/>\n<meta name=\"twitter:card\" content=\"summary_large_image\" \/>\n<meta name=\"twitter:creator\" content=\"@eltextual\" \/>\n<meta name=\"twitter:site\" content=\"@eltextual\" \/>\n<meta name=\"twitter:label1\" content=\"Escrito por\" \/>\n\t<meta name=\"twitter:data1\" content=\"Diario1 Diario1\" \/>\n\t<meta name=\"twitter:label2\" content=\"Tiempo de lectura\" \/>\n\t<meta name=\"twitter:data2\" content=\"3 minutos\" \/>\n<script type=\"application\/ld+json\" class=\"yoast-schema-graph\">{\"@context\":\"https:\\\/\\\/schema.org\",\"@graph\":[{\"@type\":\"Article\",\"@id\":\"https:\\\/\\\/diariotextual.com\\\/inicio\\\/index.php\\\/2021\\\/10\\\/05\\\/el-etiquetado-frontal-de-alimentos-a-un-paso-de-ser-ley\\\/#article\",\"isPartOf\":{\"@id\":\"https:\\\/\\\/diariotextual.com\\\/inicio\\\/index.php\\\/2021\\\/10\\\/05\\\/el-etiquetado-frontal-de-alimentos-a-un-paso-de-ser-ley\\\/\"},\"author\":{\"name\":\"Diario1 Diario1\",\"@id\":\"https:\\\/\\\/diariotextual.com\\\/inicio\\\/#\\\/schema\\\/person\\\/418fc4093c33e86ed41562db3508f958\"},\"headline\":\"JxC no dio qu\u00f3rum y no se trat\u00f3 la ley de etiquetado frontal\",\"datePublished\":\"2021-10-05T14:34:00+00:00\",\"dateModified\":\"2021-10-05T20:54:23+00:00\",\"mainEntityOfPage\":{\"@id\":\"https:\\\/\\\/diariotextual.com\\\/inicio\\\/index.php\\\/2021\\\/10\\\/05\\\/el-etiquetado-frontal-de-alimentos-a-un-paso-de-ser-ley\\\/\"},\"wordCount\":609,\"publisher\":{\"@id\":\"https:\\\/\\\/diariotextual.com\\\/inicio\\\/#organization\"},\"image\":{\"@id\":\"https:\\\/\\\/diariotextual.com\\\/inicio\\\/index.php\\\/2021\\\/10\\\/05\\\/el-etiquetado-frontal-de-alimentos-a-un-paso-de-ser-ley\\\/#primaryimage\"},\"thumbnailUrl\":\"https:\\\/\\\/diariotextual.com\\\/inicio\\\/wp-content\\\/uploads\\\/2021\\\/06\\\/massasergiodiputados2021-1.jpg\",\"keywords\":[\"diputados\"],\"articleSection\":[\"A - QUE PASA (al costado)\",\"SOCIEDAD\"],\"inLanguage\":\"es\"},{\"@type\":\"WebPage\",\"@id\":\"https:\\\/\\\/diariotextual.com\\\/inicio\\\/index.php\\\/2021\\\/10\\\/05\\\/el-etiquetado-frontal-de-alimentos-a-un-paso-de-ser-ley\\\/\",\"url\":\"https:\\\/\\\/diariotextual.com\\\/inicio\\\/index.php\\\/2021\\\/10\\\/05\\\/el-etiquetado-frontal-de-alimentos-a-un-paso-de-ser-ley\\\/\",\"name\":\"JxC no dio qu\u00f3rum y no se trat\u00f3 la ley de etiquetado frontal - Diario Textual\",\"isPartOf\":{\"@id\":\"https:\\\/\\\/diariotextual.com\\\/inicio\\\/#website\"},\"primaryImageOfPage\":{\"@id\":\"https:\\\/\\\/diariotextual.com\\\/inicio\\\/index.php\\\/2021\\\/10\\\/05\\\/el-etiquetado-frontal-de-alimentos-a-un-paso-de-ser-ley\\\/#primaryimage\"},\"image\":{\"@id\":\"https:\\\/\\\/diariotextual.com\\\/inicio\\\/index.php\\\/2021\\\/10\\\/05\\\/el-etiquetado-frontal-de-alimentos-a-un-paso-de-ser-ley\\\/#primaryimage\"},\"thumbnailUrl\":\"https:\\\/\\\/diariotextual.com\\\/inicio\\\/wp-content\\\/uploads\\\/2021\\\/06\\\/massasergiodiputados2021-1.jpg\",\"datePublished\":\"2021-10-05T14:34:00+00:00\",\"dateModified\":\"2021-10-05T20:54:23+00:00\",\"breadcrumb\":{\"@id\":\"https:\\\/\\\/diariotextual.com\\\/inicio\\\/index.php\\\/2021\\\/10\\\/05\\\/el-etiquetado-frontal-de-alimentos-a-un-paso-de-ser-ley\\\/#breadcrumb\"},\"inLanguage\":\"es\",\"potentialAction\":[{\"@type\":\"ReadAction\",\"target\":[\"https:\\\/\\\/diariotextual.com\\\/inicio\\\/index.php\\\/2021\\\/10\\\/05\\\/el-etiquetado-frontal-de-alimentos-a-un-paso-de-ser-ley\\\/\"]}]},{\"@type\":\"ImageObject\",\"inLanguage\":\"es\",\"@id\":\"https:\\\/\\\/diariotextual.com\\\/inicio\\\/index.php\\\/2021\\\/10\\\/05\\\/el-etiquetado-frontal-de-alimentos-a-un-paso-de-ser-ley\\\/#primaryimage\",\"url\":\"https:\\\/\\\/diariotextual.com\\\/inicio\\\/wp-content\\\/uploads\\\/2021\\\/06\\\/massasergiodiputados2021-1.jpg\",\"contentUrl\":\"https:\\\/\\\/diariotextual.com\\\/inicio\\\/wp-content\\\/uploads\\\/2021\\\/06\\\/massasergiodiputados2021-1.jpg\",\"width\":912,\"height\":603},{\"@type\":\"BreadcrumbList\",\"@id\":\"https:\\\/\\\/diariotextual.com\\\/inicio\\\/index.php\\\/2021\\\/10\\\/05\\\/el-etiquetado-frontal-de-alimentos-a-un-paso-de-ser-ley\\\/#breadcrumb\",\"itemListElement\":[{\"@type\":\"ListItem\",\"position\":1,\"name\":\"Portada\",\"item\":\"https:\\\/\\\/diariotextual.com\\\/inicio\\\/\"},{\"@type\":\"ListItem\",\"position\":2,\"name\":\"JxC no dio qu\u00f3rum y no se trat\u00f3 la ley de etiquetado frontal\"}]},{\"@type\":\"WebSite\",\"@id\":\"https:\\\/\\\/diariotextual.com\\\/inicio\\\/#website\",\"url\":\"https:\\\/\\\/diariotextual.com\\\/inicio\\\/\",\"name\":\"Diario Textual\",\"description\":\"\",\"publisher\":{\"@id\":\"https:\\\/\\\/diariotextual.com\\\/inicio\\\/#organization\"},\"potentialAction\":[{\"@type\":\"SearchAction\",\"target\":{\"@type\":\"EntryPoint\",\"urlTemplate\":\"https:\\\/\\\/diariotextual.com\\\/inicio\\\/?s={search_term_string}\"},\"query-input\":{\"@type\":\"PropertyValueSpecification\",\"valueRequired\":true,\"valueName\":\"search_term_string\"}}],\"inLanguage\":\"es\"},{\"@type\":\"Organization\",\"@id\":\"https:\\\/\\\/diariotextual.com\\\/inicio\\\/#organization\",\"name\":\"Diario Textual\",\"url\":\"https:\\\/\\\/diariotextual.com\\\/inicio\\\/\",\"logo\":{\"@type\":\"ImageObject\",\"inLanguage\":\"es\",\"@id\":\"https:\\\/\\\/diariotextual.com\\\/inicio\\\/#\\\/schema\\\/logo\\\/image\\\/\",\"url\":\"https:\\\/\\\/diariotextual.com\\\/inicio\\\/wp-content\\\/uploads\\\/2023\\\/05\\\/logotextual1.jpg\",\"contentUrl\":\"https:\\\/\\\/diariotextual.com\\\/inicio\\\/wp-content\\\/uploads\\\/2023\\\/05\\\/logotextual1.jpg\",\"width\":516,\"height\":76,\"caption\":\"Diario Textual\"},\"image\":{\"@id\":\"https:\\\/\\\/diariotextual.com\\\/inicio\\\/#\\\/schema\\\/logo\\\/image\\\/\"},\"sameAs\":[\"https:\\\/\\\/www.facebook.com\\\/eltextual\",\"https:\\\/\\\/x.com\\\/eltextual\",\"http:\\\/\\\/www.instagram.com\\\/eltextual\"]},{\"@type\":\"Person\",\"@id\":\"https:\\\/\\\/diariotextual.com\\\/inicio\\\/#\\\/schema\\\/person\\\/418fc4093c33e86ed41562db3508f958\",\"name\":\"Diario1 Diario1\",\"image\":{\"@type\":\"ImageObject\",\"inLanguage\":\"es\",\"@id\":\"https:\\\/\\\/secure.gravatar.com\\\/avatar\\\/9167d280179c85bc18be67aa7eda765854300033af4896dd779b608640f2ef7a?s=96&d=mm&r=g\",\"url\":\"https:\\\/\\\/secure.gravatar.com\\\/avatar\\\/9167d280179c85bc18be67aa7eda765854300033af4896dd779b608640f2ef7a?s=96&d=mm&r=g\",\"contentUrl\":\"https:\\\/\\\/secure.gravatar.com\\\/avatar\\\/9167d280179c85bc18be67aa7eda765854300033af4896dd779b608640f2ef7a?s=96&d=mm&r=g\",\"caption\":\"Diario1 Diario1\"},\"url\":\"https:\\\/\\\/diariotextual.com\\\/inicio\\\/index.php\\\/author\\\/diario1\\\/\"}]}<\/script>\n<!-- \/ Yoast SEO plugin. -->","yoast_head_json":{"title":"JxC no dio qu\u00f3rum y no se trat\u00f3 la ley de etiquetado frontal - Diario Textual","robots":{"index":"index","follow":"follow","max-snippet":"max-snippet:-1","max-image-preview":"max-image-preview:large","max-video-preview":"max-video-preview:-1"},"canonical":"https:\/\/diariotextual.com\/inicio\/index.php\/2021\/10\/05\/el-etiquetado-frontal-de-alimentos-a-un-paso-de-ser-ley\/","og_locale":"es_ES","og_type":"article","og_title":"JxC no dio qu\u00f3rum y no se trat\u00f3 la ley de etiquetado frontal - Diario Textual","og_description":"El bloque de diputados de Juntos por el Cambio no dio qu\u00f3rum a la sesi\u00f3n convocada por el Frente de Todos para este martes que ten\u00eda como principal tema la&hellip;","og_url":"https:\/\/diariotextual.com\/inicio\/index.php\/2021\/10\/05\/el-etiquetado-frontal-de-alimentos-a-un-paso-de-ser-ley\/","og_site_name":"Diario Textual","article_publisher":"https:\/\/www.facebook.com\/eltextual","article_published_time":"2021-10-05T14:34:00+00:00","article_modified_time":"2021-10-05T20:54:23+00:00","og_image":[{"width":912,"height":603,"url":"https:\/\/diariotextual.com\/inicio\/wp-content\/uploads\/2021\/06\/massasergiodiputados2021-1.jpg","type":"image\/jpeg"}],"author":"Diario1 Diario1","twitter_card":"summary_large_image","twitter_creator":"@eltextual","twitter_site":"@eltextual","twitter_misc":{"Escrito por":"Diario1 Diario1","Tiempo de lectura":"3 minutos"},"schema":{"@context":"https:\/\/schema.org","@graph":[{"@type":"Article","@id":"https:\/\/diariotextual.com\/inicio\/index.php\/2021\/10\/05\/el-etiquetado-frontal-de-alimentos-a-un-paso-de-ser-ley\/#article","isPartOf":{"@id":"https:\/\/diariotextual.com\/inicio\/index.php\/2021\/10\/05\/el-etiquetado-frontal-de-alimentos-a-un-paso-de-ser-ley\/"},"author":{"name":"Diario1 Diario1","@id":"https:\/\/diariotextual.com\/inicio\/#\/schema\/person\/418fc4093c33e86ed41562db3508f958"},"headline":"JxC no dio qu\u00f3rum y no se trat\u00f3 la ley de etiquetado frontal","datePublished":"2021-10-05T14:34:00+00:00","dateModified":"2021-10-05T20:54:23+00:00","mainEntityOfPage":{"@id":"https:\/\/diariotextual.com\/inicio\/index.php\/2021\/10\/05\/el-etiquetado-frontal-de-alimentos-a-un-paso-de-ser-ley\/"},"wordCount":609,"publisher":{"@id":"https:\/\/diariotextual.com\/inicio\/#organization"},"image":{"@id":"https:\/\/diariotextual.com\/inicio\/index.php\/2021\/10\/05\/el-etiquetado-frontal-de-alimentos-a-un-paso-de-ser-ley\/#primaryimage"},"thumbnailUrl":"https:\/\/diariotextual.com\/inicio\/wp-content\/uploads\/2021\/06\/massasergiodiputados2021-1.jpg","keywords":["diputados"],"articleSection":["A - QUE PASA (al costado)","SOCIEDAD"],"inLanguage":"es"},{"@type":"WebPage","@id":"https:\/\/diariotextual.com\/inicio\/index.php\/2021\/10\/05\/el-etiquetado-frontal-de-alimentos-a-un-paso-de-ser-ley\/","url":"https:\/\/diariotextual.com\/inicio\/index.php\/2021\/10\/05\/el-etiquetado-frontal-de-alimentos-a-un-paso-de-ser-ley\/","name":"JxC no dio qu\u00f3rum y no se trat\u00f3 la ley de etiquetado frontal - Diario Textual","isPartOf":{"@id":"https:\/\/diariotextual.com\/inicio\/#website"},"primaryImageOfPage":{"@id":"https:\/\/diariotextual.com\/inicio\/index.php\/2021\/10\/05\/el-etiquetado-frontal-de-alimentos-a-un-paso-de-ser-ley\/#primaryimage"},"image":{"@id":"https:\/\/diariotextual.com\/inicio\/index.php\/2021\/10\/05\/el-etiquetado-frontal-de-alimentos-a-un-paso-de-ser-ley\/#primaryimage"},"thumbnailUrl":"https:\/\/diariotextual.com\/inicio\/wp-content\/uploads\/2021\/06\/massasergiodiputados2021-1.jpg","datePublished":"2021-10-05T14:34:00+00:00","dateModified":"2021-10-05T20:54:23+00:00","breadcrumb":{"@id":"https:\/\/diariotextual.com\/inicio\/index.php\/2021\/10\/05\/el-etiquetado-frontal-de-alimentos-a-un-paso-de-ser-ley\/#breadcrumb"},"inLanguage":"es","potentialAction":[{"@type":"ReadAction","target":["https:\/\/diariotextual.com\/inicio\/index.php\/2021\/10\/05\/el-etiquetado-frontal-de-alimentos-a-un-paso-de-ser-ley\/"]}]},{"@type":"ImageObject","inLanguage":"es","@id":"https:\/\/diariotextual.com\/inicio\/index.php\/2021\/10\/05\/el-etiquetado-frontal-de-alimentos-a-un-paso-de-ser-ley\/#primaryimage","url":"https:\/\/diariotextual.com\/inicio\/wp-content\/uploads\/2021\/06\/massasergiodiputados2021-1.jpg","contentUrl":"https:\/\/diariotextual.com\/inicio\/wp-content\/uploads\/2021\/06\/massasergiodiputados2021-1.jpg","width":912,"height":603},{"@type":"BreadcrumbList","@id":"https:\/\/diariotextual.com\/inicio\/index.php\/2021\/10\/05\/el-etiquetado-frontal-de-alimentos-a-un-paso-de-ser-ley\/#breadcrumb","itemListElement":[{"@type":"ListItem","position":1,"name":"Portada","item":"https:\/\/diariotextual.com\/inicio\/"},{"@type":"ListItem","position":2,"name":"JxC no dio qu\u00f3rum y no se trat\u00f3 la ley de etiquetado frontal"}]},{"@type":"WebSite","@id":"https:\/\/diariotextual.com\/inicio\/#website","url":"https:\/\/diariotextual.com\/inicio\/","name":"Diario Textual","description":"","publisher":{"@id":"https:\/\/diariotextual.com\/inicio\/#organization"},"potentialAction":[{"@type":"SearchAction","target":{"@type":"EntryPoint","urlTemplate":"https:\/\/diariotextual.com\/inicio\/?s={search_term_string}"},"query-input":{"@type":"PropertyValueSpecification","valueRequired":true,"valueName":"search_term_string"}}],"inLanguage":"es"},{"@type":"Organization","@id":"https:\/\/diariotextual.com\/inicio\/#organization","name":"Diario Textual","url":"https:\/\/diariotextual.com\/inicio\/","logo":{"@type":"ImageObject","inLanguage":"es","@id":"https:\/\/diariotextual.com\/inicio\/#\/schema\/logo\/image\/","url":"https:\/\/diariotextual.com\/inicio\/wp-content\/uploads\/2023\/05\/logotextual1.jpg","contentUrl":"https:\/\/diariotextual.com\/inicio\/wp-content\/uploads\/2023\/05\/logotextual1.jpg","width":516,"height":76,"caption":"Diario Textual"},"image":{"@id":"https:\/\/diariotextual.com\/inicio\/#\/schema\/logo\/image\/"},"sameAs":["https:\/\/www.facebook.com\/eltextual","https:\/\/x.com\/eltextual","http:\/\/www.instagram.com\/eltextual"]},{"@type":"Person","@id":"https:\/\/diariotextual.com\/inicio\/#\/schema\/person\/418fc4093c33e86ed41562db3508f958","name":"Diario1 Diario1","image":{"@type":"ImageObject","inLanguage":"es","@id":"https:\/\/secure.gravatar.com\/avatar\/9167d280179c85bc18be67aa7eda765854300033af4896dd779b608640f2ef7a?s=96&d=mm&r=g","url":"https:\/\/secure.gravatar.com\/avatar\/9167d280179c85bc18be67aa7eda765854300033af4896dd779b608640f2ef7a?s=96&d=mm&r=g","contentUrl":"https:\/\/secure.gravatar.com\/avatar\/9167d280179c85bc18be67aa7eda765854300033af4896dd779b608640f2ef7a?s=96&d=mm&r=g","caption":"Diario1 Diario1"},"url":"https:\/\/diariotextual.com\/inicio\/index.php\/author\/diario1\/"}]}},"_links":{"self":[{"href":"https:\/\/diariotextual.com\/inicio\/index.php\/wp-json\/wp\/v2\/posts\/163919","targetHints":{"allow":["GET"]}}],"collection":[{"href":"https:\/\/diariotextual.com\/inicio\/index.php\/wp-json\/wp\/v2\/posts"}],"about":[{"href":"https:\/\/diariotextual.com\/inicio\/index.php\/wp-json\/wp\/v2\/types\/post"}],"author":[{"embeddable":true,"href":"https:\/\/diariotextual.com\/inicio\/index.php\/wp-json\/wp\/v2\/users\/3"}],"replies":[{"embeddable":true,"href":"https:\/\/diariotextual.com\/inicio\/index.php\/wp-json\/wp\/v2\/comments?post=163919"}],"version-history":[{"count":9,"href":"https:\/\/diariotextual.com\/inicio\/index.php\/wp-json\/wp\/v2\/posts\/163919\/revisions"}],"predecessor-version":[{"id":164082,"href":"https:\/\/diariotextual.com\/inicio\/index.php\/wp-json\/wp\/v2\/posts\/163919\/revisions\/164082"}],"wp:featuredmedia":[{"embeddable":true,"href":"https:\/\/diariotextual.com\/inicio\/index.php\/wp-json\/wp\/v2\/media\/149869"}],"wp:attachment":[{"href":"https:\/\/diariotextual.com\/inicio\/index.php\/wp-json\/wp\/v2\/media?parent=163919"}],"wp:term":[{"taxonomy":"category","embeddable":true,"href":"https:\/\/diariotextual.com\/inicio\/index.php\/wp-json\/wp\/v2\/categories?post=163919"},{"taxonomy":"post_tag","embeddable":true,"href":"https:\/\/diariotextual.com\/inicio\/index.php\/wp-json\/wp\/v2\/tags?post=163919"}],"curies":[{"name":"wp","href":"https:\/\/api.w.org\/{rel}","templated":true}]}}