{"id":163936,"date":"2021-10-04T12:28:21","date_gmt":"2021-10-04T15:28:21","guid":{"rendered":"https:\/\/diariotextual.com\/inicio\/?p=163936"},"modified":"2021-10-04T21:47:35","modified_gmt":"2021-10-05T00:47:35","slug":"la-presencialidad-plena-en-la-unlpam-volvera-en-2022","status":"publish","type":"post","link":"https:\/\/diariotextual.com\/inicio\/index.php\/2021\/10\/04\/la-presencialidad-plena-en-la-unlpam-volvera-en-2022\/","title":{"rendered":"La presencialidad plena en la UNLPam volver\u00e1 en 2022"},"content":{"rendered":"\n<p>La presencialidad plena en las<strong> seis facultades de la Universidad Nacional de La Pampa (UNLPam) <\/strong>volver\u00e1 reci\u00e9n en el <strong>primer cuatrimestre de 2022<\/strong>. As\u00ed lo acordaron las autoridades, en base a recomendaciones de autoridades del Gobierno nacional y de todas las casas de altos estudios del pa\u00eds.<\/p>\n\n\n\n<p><strong>La intenci\u00f3n, por eso, es terminar este \u00faltimo cuatrimestre como ya estaba proyectado: clases virtuales y presenciales.<\/strong><\/p>\n\n\n\n<p>En tanto, los otros niveles educativos de La Pampa -desde el inicial hasta el secundario- ya volvieron a las clases presenciales plenas.<\/p>\n\n\n\n<p>La medida de la UNLPam, entre otros puntos, <strong>busca fundamentalmente respetar el acuerdo con los estudiantes: hay decenas de alumnos y alumnas que han dejado de alquilar, por ejemplo, en Pico y Santa Rosa y se encuentran estudiando desde sus pueblos.<\/strong> Ser\u00eda <strong>todo un trastorno<\/strong> que salgan a alquilar departamentos o casas, cuando resta solo un mes y medio de  de cursada.<\/p>\n\n\n\n<p>El Rectorado de la Universidad Nacional de La Pampa, a cargo de Ver\u00f3nica Moreno, particip\u00f3 de una reuni\u00f3n con decanas y decanas de todas las facultades y manifestaron su adhesi\u00f3n a la declaraci\u00f3n conjunta del Ministerio de Educaci\u00f3n de la Naci\u00f3n, la Secretar\u00eda de Pol\u00edticas Universitarias, el Consejo Interuniversitario Nacional y el Consejo de Rectores de Universidades Privadas. En esa declaraci\u00f3n<strong> se recomend\u00f3 el retorno a la \u201cpresencialidad cuidada\u201d de las instituciones universitarias del pa\u00eds.<\/strong><\/p>\n\n\n\n<figure class=\"wp-block-embed is-type-rich is-provider-twitter wp-block-embed-twitter\"><div class=\"wp-block-embed__wrapper\">\nhttps:\/\/twitter.com\/CINoficial\/status\/1443359700028989446?ref_src=twsrc%5Etfw%7Ctwcamp%5Etweetembed%7Ctwterm%5E1443359700028989446%7Ctwgr%5E%7Ctwcon%5Es1_&#038;ref_url=https%3A%2F%2Fwww.telam.com.ar%2Fnotas%2F202109%2F570163-presencialidad-protocolo-universidades-pandemia-coronavirus-clases.html\n<\/div><\/figure>\n\n\n\n<p>\u201cLa Universidad Nacional de La Pampa, desde el inicio de la pandemia, viene trabajando para garantizar el cumplimiento del calendario acad\u00e9mico de manera paulatina; en atenci\u00f3n a la realidad de cada Unidad Acad\u00e9mica, se fueron desarrollando diferentes actividades de manera presencial, en base a la situaci\u00f3n sanitaria de nuestra provincia y los diferentes protocolos aprobados desde nuestra universidad. Es por ello que, a partir de esta definici\u00f3n, se refuerza el compromiso de seguir trabajando en la misma l\u00ednea, atendiendo a la diversidad de situaciones actuales de quienes integran nuestra comunidad educativa, y en miras a un 2022 con retorno a la plena presencialidad de las diferentes actividades en nuestra universidad\u201d, informaron.<\/p>\n\n\n\n<p>\u201cLas Unidades Acad\u00e9micas garantizar\u00e1n que el estudiantado pueda finalizar el cuatrimestre del modo que se viene desarrollando, mediante las actividades virtuales o presenciales previstas, respetando el contrato acad\u00e9mico que exista, con los cuidados de la salud que sean necesarios y en conformidad a las normas sanitarias que se encuentren vigentes\u201d, finalizaron.<\/p>\n","protected":false},"excerpt":{"rendered":"<p>La presencialidad plena en las seis facultades de la Universidad Nacional de La Pampa (UNLPam) volver\u00e1 reci\u00e9n en el primer cuatrimestre de 2022. As\u00ed lo acordaron las autoridades, en base&hellip;<\/p>\n","protected":false},"author":3,"featured_media":116312,"comment_status":"closed","ping_status":"open","sticky":false,"template":"","format":"standard","meta":{"_acf_changed":false,"footnotes":""},"categories":[10,8],"tags":[24],"class_list":["post-163936","post","type-post","status-publish","format-standard","has-post-thumbnail","hentry","category-portada-2","category-politica","tag-universidad"],"acf":[],"yoast_head":"<!-- This site is optimized with the Yoast SEO plugin v27.5 - https:\/\/yoast.com\/product\/yoast-seo-wordpress\/ -->\n<title>La presencialidad plena en la UNLPam volver\u00e1 en 2022 - Diario Textual<\/title>\n<meta name=\"robots\" content=\"index, follow, max-snippet:-1, max-image-preview:large, max-video-preview:-1\" \/>\n<link rel=\"canonical\" href=\"https:\/\/diariotextual.com\/inicio\/index.php\/2021\/10\/04\/la-presencialidad-plena-en-la-unlpam-volvera-en-2022\/\" \/>\n<meta property=\"og:locale\" content=\"es_ES\" \/>\n<meta property=\"og:type\" content=\"article\" \/>\n<meta property=\"og:title\" content=\"La presencialidad plena en la UNLPam volver\u00e1 en 2022 - Diario Textual\" \/>\n<meta property=\"og:description\" content=\"La presencialidad plena en las seis facultades de la Universidad Nacional de La Pampa (UNLPam) volver\u00e1 reci\u00e9n en el primer cuatrimestre de 2022. As\u00ed lo acordaron las autoridades, en base&hellip;\" \/>\n<meta property=\"og:url\" content=\"https:\/\/diariotextual.com\/inicio\/index.php\/2021\/10\/04\/la-presencialidad-plena-en-la-unlpam-volvera-en-2022\/\" \/>\n<meta property=\"og:site_name\" content=\"Diario Textual\" \/>\n<meta property=\"article:publisher\" content=\"https:\/\/www.facebook.com\/eltextual\" \/>\n<meta property=\"article:published_time\" content=\"2021-10-04T15:28:21+00:00\" \/>\n<meta property=\"article:modified_time\" content=\"2021-10-05T00:47:35+00:00\" \/>\n<meta property=\"og:image\" content=\"https:\/\/diariotextual.com\/inicio\/wp-content\/uploads\/2020\/10\/unlpamsede2020-1.jpg\" \/>\n\t<meta property=\"og:image:width\" content=\"1920\" \/>\n\t<meta property=\"og:image:height\" content=\"1080\" \/>\n\t<meta property=\"og:image:type\" content=\"image\/jpeg\" \/>\n<meta name=\"author\" content=\"Diario1 Diario1\" \/>\n<meta name=\"twitter:card\" content=\"summary_large_image\" \/>\n<meta name=\"twitter:creator\" content=\"@eltextual\" \/>\n<meta name=\"twitter:site\" content=\"@eltextual\" \/>\n<meta name=\"twitter:label1\" content=\"Escrito por\" \/>\n\t<meta name=\"twitter:data1\" content=\"Diario1 Diario1\" \/>\n\t<meta name=\"twitter:label2\" content=\"Tiempo de lectura\" \/>\n\t<meta name=\"twitter:data2\" content=\"2 minutos\" \/>\n<script type=\"application\/ld+json\" class=\"yoast-schema-graph\">{\"@context\":\"https:\\\/\\\/schema.org\",\"@graph\":[{\"@type\":\"Article\",\"@id\":\"https:\\\/\\\/diariotextual.com\\\/inicio\\\/index.php\\\/2021\\\/10\\\/04\\\/la-presencialidad-plena-en-la-unlpam-volvera-en-2022\\\/#article\",\"isPartOf\":{\"@id\":\"https:\\\/\\\/diariotextual.com\\\/inicio\\\/index.php\\\/2021\\\/10\\\/04\\\/la-presencialidad-plena-en-la-unlpam-volvera-en-2022\\\/\"},\"author\":{\"name\":\"Diario1 Diario1\",\"@id\":\"https:\\\/\\\/diariotextual.com\\\/inicio\\\/#\\\/schema\\\/person\\\/418fc4093c33e86ed41562db3508f958\"},\"headline\":\"La presencialidad plena en la UNLPam volver\u00e1 en 2022\",\"datePublished\":\"2021-10-04T15:28:21+00:00\",\"dateModified\":\"2021-10-05T00:47:35+00:00\",\"mainEntityOfPage\":{\"@id\":\"https:\\\/\\\/diariotextual.com\\\/inicio\\\/index.php\\\/2021\\\/10\\\/04\\\/la-presencialidad-plena-en-la-unlpam-volvera-en-2022\\\/\"},\"wordCount\":446,\"publisher\":{\"@id\":\"https:\\\/\\\/diariotextual.com\\\/inicio\\\/#organization\"},\"image\":{\"@id\":\"https:\\\/\\\/diariotextual.com\\\/inicio\\\/index.php\\\/2021\\\/10\\\/04\\\/la-presencialidad-plena-en-la-unlpam-volvera-en-2022\\\/#primaryimage\"},\"thumbnailUrl\":\"https:\\\/\\\/diariotextual.com\\\/inicio\\\/wp-content\\\/uploads\\\/2020\\\/10\\\/unlpamsede2020-1.jpg\",\"keywords\":[\"universidad\"],\"articleSection\":[\"A - PORTADA2\",\"POLITICA\"],\"inLanguage\":\"es\"},{\"@type\":\"WebPage\",\"@id\":\"https:\\\/\\\/diariotextual.com\\\/inicio\\\/index.php\\\/2021\\\/10\\\/04\\\/la-presencialidad-plena-en-la-unlpam-volvera-en-2022\\\/\",\"url\":\"https:\\\/\\\/diariotextual.com\\\/inicio\\\/index.php\\\/2021\\\/10\\\/04\\\/la-presencialidad-plena-en-la-unlpam-volvera-en-2022\\\/\",\"name\":\"La presencialidad plena en la UNLPam volver\u00e1 en 2022 - Diario Textual\",\"isPartOf\":{\"@id\":\"https:\\\/\\\/diariotextual.com\\\/inicio\\\/#website\"},\"primaryImageOfPage\":{\"@id\":\"https:\\\/\\\/diariotextual.com\\\/inicio\\\/index.php\\\/2021\\\/10\\\/04\\\/la-presencialidad-plena-en-la-unlpam-volvera-en-2022\\\/#primaryimage\"},\"image\":{\"@id\":\"https:\\\/\\\/diariotextual.com\\\/inicio\\\/index.php\\\/2021\\\/10\\\/04\\\/la-presencialidad-plena-en-la-unlpam-volvera-en-2022\\\/#primaryimage\"},\"thumbnailUrl\":\"https:\\\/\\\/diariotextual.com\\\/inicio\\\/wp-content\\\/uploads\\\/2020\\\/10\\\/unlpamsede2020-1.jpg\",\"datePublished\":\"2021-10-04T15:28:21+00:00\",\"dateModified\":\"2021-10-05T00:47:35+00:00\",\"breadcrumb\":{\"@id\":\"https:\\\/\\\/diariotextual.com\\\/inicio\\\/index.php\\\/2021\\\/10\\\/04\\\/la-presencialidad-plena-en-la-unlpam-volvera-en-2022\\\/#breadcrumb\"},\"inLanguage\":\"es\",\"potentialAction\":[{\"@type\":\"ReadAction\",\"target\":[\"https:\\\/\\\/diariotextual.com\\\/inicio\\\/index.php\\\/2021\\\/10\\\/04\\\/la-presencialidad-plena-en-la-unlpam-volvera-en-2022\\\/\"]}]},{\"@type\":\"ImageObject\",\"inLanguage\":\"es\",\"@id\":\"https:\\\/\\\/diariotextual.com\\\/inicio\\\/index.php\\\/2021\\\/10\\\/04\\\/la-presencialidad-plena-en-la-unlpam-volvera-en-2022\\\/#primaryimage\",\"url\":\"https:\\\/\\\/diariotextual.com\\\/inicio\\\/wp-content\\\/uploads\\\/2020\\\/10\\\/unlpamsede2020-1.jpg\",\"contentUrl\":\"https:\\\/\\\/diariotextual.com\\\/inicio\\\/wp-content\\\/uploads\\\/2020\\\/10\\\/unlpamsede2020-1.jpg\",\"width\":1920,\"height\":1080},{\"@type\":\"BreadcrumbList\",\"@id\":\"https:\\\/\\\/diariotextual.com\\\/inicio\\\/index.php\\\/2021\\\/10\\\/04\\\/la-presencialidad-plena-en-la-unlpam-volvera-en-2022\\\/#breadcrumb\",\"itemListElement\":[{\"@type\":\"ListItem\",\"position\":1,\"name\":\"Portada\",\"item\":\"https:\\\/\\\/diariotextual.com\\\/inicio\\\/\"},{\"@type\":\"ListItem\",\"position\":2,\"name\":\"La presencialidad plena en la UNLPam volver\u00e1 en 2022\"}]},{\"@type\":\"WebSite\",\"@id\":\"https:\\\/\\\/diariotextual.com\\\/inicio\\\/#website\",\"url\":\"https:\\\/\\\/diariotextual.com\\\/inicio\\\/\",\"name\":\"Diario Textual\",\"description\":\"\",\"publisher\":{\"@id\":\"https:\\\/\\\/diariotextual.com\\\/inicio\\\/#organization\"},\"potentialAction\":[{\"@type\":\"SearchAction\",\"target\":{\"@type\":\"EntryPoint\",\"urlTemplate\":\"https:\\\/\\\/diariotextual.com\\\/inicio\\\/?s={search_term_string}\"},\"query-input\":{\"@type\":\"PropertyValueSpecification\",\"valueRequired\":true,\"valueName\":\"search_term_string\"}}],\"inLanguage\":\"es\"},{\"@type\":\"Organization\",\"@id\":\"https:\\\/\\\/diariotextual.com\\\/inicio\\\/#organization\",\"name\":\"Diario Textual\",\"url\":\"https:\\\/\\\/diariotextual.com\\\/inicio\\\/\",\"logo\":{\"@type\":\"ImageObject\",\"inLanguage\":\"es\",\"@id\":\"https:\\\/\\\/diariotextual.com\\\/inicio\\\/#\\\/schema\\\/logo\\\/image\\\/\",\"url\":\"https:\\\/\\\/diariotextual.com\\\/inicio\\\/wp-content\\\/uploads\\\/2023\\\/05\\\/logotextual1.jpg\",\"contentUrl\":\"https:\\\/\\\/diariotextual.com\\\/inicio\\\/wp-content\\\/uploads\\\/2023\\\/05\\\/logotextual1.jpg\",\"width\":516,\"height\":76,\"caption\":\"Diario Textual\"},\"image\":{\"@id\":\"https:\\\/\\\/diariotextual.com\\\/inicio\\\/#\\\/schema\\\/logo\\\/image\\\/\"},\"sameAs\":[\"https:\\\/\\\/www.facebook.com\\\/eltextual\",\"https:\\\/\\\/x.com\\\/eltextual\",\"http:\\\/\\\/www.instagram.com\\\/eltextual\"]},{\"@type\":\"Person\",\"@id\":\"https:\\\/\\\/diariotextual.com\\\/inicio\\\/#\\\/schema\\\/person\\\/418fc4093c33e86ed41562db3508f958\",\"name\":\"Diario1 Diario1\",\"image\":{\"@type\":\"ImageObject\",\"inLanguage\":\"es\",\"@id\":\"https:\\\/\\\/secure.gravatar.com\\\/avatar\\\/9167d280179c85bc18be67aa7eda765854300033af4896dd779b608640f2ef7a?s=96&d=mm&r=g\",\"url\":\"https:\\\/\\\/secure.gravatar.com\\\/avatar\\\/9167d280179c85bc18be67aa7eda765854300033af4896dd779b608640f2ef7a?s=96&d=mm&r=g\",\"contentUrl\":\"https:\\\/\\\/secure.gravatar.com\\\/avatar\\\/9167d280179c85bc18be67aa7eda765854300033af4896dd779b608640f2ef7a?s=96&d=mm&r=g\",\"caption\":\"Diario1 Diario1\"},\"url\":\"https:\\\/\\\/diariotextual.com\\\/inicio\\\/index.php\\\/author\\\/diario1\\\/\"}]}<\/script>\n<!-- \/ Yoast SEO plugin. -->","yoast_head_json":{"title":"La presencialidad plena en la UNLPam volver\u00e1 en 2022 - Diario Textual","robots":{"index":"index","follow":"follow","max-snippet":"max-snippet:-1","max-image-preview":"max-image-preview:large","max-video-preview":"max-video-preview:-1"},"canonical":"https:\/\/diariotextual.com\/inicio\/index.php\/2021\/10\/04\/la-presencialidad-plena-en-la-unlpam-volvera-en-2022\/","og_locale":"es_ES","og_type":"article","og_title":"La presencialidad plena en la UNLPam volver\u00e1 en 2022 - Diario Textual","og_description":"La presencialidad plena en las seis facultades de la Universidad Nacional de La Pampa (UNLPam) volver\u00e1 reci\u00e9n en el primer cuatrimestre de 2022. As\u00ed lo acordaron las autoridades, en base&hellip;","og_url":"https:\/\/diariotextual.com\/inicio\/index.php\/2021\/10\/04\/la-presencialidad-plena-en-la-unlpam-volvera-en-2022\/","og_site_name":"Diario Textual","article_publisher":"https:\/\/www.facebook.com\/eltextual","article_published_time":"2021-10-04T15:28:21+00:00","article_modified_time":"2021-10-05T00:47:35+00:00","og_image":[{"width":1920,"height":1080,"url":"https:\/\/diariotextual.com\/inicio\/wp-content\/uploads\/2020\/10\/unlpamsede2020-1.jpg","type":"image\/jpeg"}],"author":"Diario1 Diario1","twitter_card":"summary_large_image","twitter_creator":"@eltextual","twitter_site":"@eltextual","twitter_misc":{"Escrito por":"Diario1 Diario1","Tiempo de lectura":"2 minutos"},"schema":{"@context":"https:\/\/schema.org","@graph":[{"@type":"Article","@id":"https:\/\/diariotextual.com\/inicio\/index.php\/2021\/10\/04\/la-presencialidad-plena-en-la-unlpam-volvera-en-2022\/#article","isPartOf":{"@id":"https:\/\/diariotextual.com\/inicio\/index.php\/2021\/10\/04\/la-presencialidad-plena-en-la-unlpam-volvera-en-2022\/"},"author":{"name":"Diario1 Diario1","@id":"https:\/\/diariotextual.com\/inicio\/#\/schema\/person\/418fc4093c33e86ed41562db3508f958"},"headline":"La presencialidad plena en la UNLPam volver\u00e1 en 2022","datePublished":"2021-10-04T15:28:21+00:00","dateModified":"2021-10-05T00:47:35+00:00","mainEntityOfPage":{"@id":"https:\/\/diariotextual.com\/inicio\/index.php\/2021\/10\/04\/la-presencialidad-plena-en-la-unlpam-volvera-en-2022\/"},"wordCount":446,"publisher":{"@id":"https:\/\/diariotextual.com\/inicio\/#organization"},"image":{"@id":"https:\/\/diariotextual.com\/inicio\/index.php\/2021\/10\/04\/la-presencialidad-plena-en-la-unlpam-volvera-en-2022\/#primaryimage"},"thumbnailUrl":"https:\/\/diariotextual.com\/inicio\/wp-content\/uploads\/2020\/10\/unlpamsede2020-1.jpg","keywords":["universidad"],"articleSection":["A - PORTADA2","POLITICA"],"inLanguage":"es"},{"@type":"WebPage","@id":"https:\/\/diariotextual.com\/inicio\/index.php\/2021\/10\/04\/la-presencialidad-plena-en-la-unlpam-volvera-en-2022\/","url":"https:\/\/diariotextual.com\/inicio\/index.php\/2021\/10\/04\/la-presencialidad-plena-en-la-unlpam-volvera-en-2022\/","name":"La presencialidad plena en la UNLPam volver\u00e1 en 2022 - Diario Textual","isPartOf":{"@id":"https:\/\/diariotextual.com\/inicio\/#website"},"primaryImageOfPage":{"@id":"https:\/\/diariotextual.com\/inicio\/index.php\/2021\/10\/04\/la-presencialidad-plena-en-la-unlpam-volvera-en-2022\/#primaryimage"},"image":{"@id":"https:\/\/diariotextual.com\/inicio\/index.php\/2021\/10\/04\/la-presencialidad-plena-en-la-unlpam-volvera-en-2022\/#primaryimage"},"thumbnailUrl":"https:\/\/diariotextual.com\/inicio\/wp-content\/uploads\/2020\/10\/unlpamsede2020-1.jpg","datePublished":"2021-10-04T15:28:21+00:00","dateModified":"2021-10-05T00:47:35+00:00","breadcrumb":{"@id":"https:\/\/diariotextual.com\/inicio\/index.php\/2021\/10\/04\/la-presencialidad-plena-en-la-unlpam-volvera-en-2022\/#breadcrumb"},"inLanguage":"es","potentialAction":[{"@type":"ReadAction","target":["https:\/\/diariotextual.com\/inicio\/index.php\/2021\/10\/04\/la-presencialidad-plena-en-la-unlpam-volvera-en-2022\/"]}]},{"@type":"ImageObject","inLanguage":"es","@id":"https:\/\/diariotextual.com\/inicio\/index.php\/2021\/10\/04\/la-presencialidad-plena-en-la-unlpam-volvera-en-2022\/#primaryimage","url":"https:\/\/diariotextual.com\/inicio\/wp-content\/uploads\/2020\/10\/unlpamsede2020-1.jpg","contentUrl":"https:\/\/diariotextual.com\/inicio\/wp-content\/uploads\/2020\/10\/unlpamsede2020-1.jpg","width":1920,"height":1080},{"@type":"BreadcrumbList","@id":"https:\/\/diariotextual.com\/inicio\/index.php\/2021\/10\/04\/la-presencialidad-plena-en-la-unlpam-volvera-en-2022\/#breadcrumb","itemListElement":[{"@type":"ListItem","position":1,"name":"Portada","item":"https:\/\/diariotextual.com\/inicio\/"},{"@type":"ListItem","position":2,"name":"La presencialidad plena en la UNLPam volver\u00e1 en 2022"}]},{"@type":"WebSite","@id":"https:\/\/diariotextual.com\/inicio\/#website","url":"https:\/\/diariotextual.com\/inicio\/","name":"Diario Textual","description":"","publisher":{"@id":"https:\/\/diariotextual.com\/inicio\/#organization"},"potentialAction":[{"@type":"SearchAction","target":{"@type":"EntryPoint","urlTemplate":"https:\/\/diariotextual.com\/inicio\/?s={search_term_string}"},"query-input":{"@type":"PropertyValueSpecification","valueRequired":true,"valueName":"search_term_string"}}],"inLanguage":"es"},{"@type":"Organization","@id":"https:\/\/diariotextual.com\/inicio\/#organization","name":"Diario Textual","url":"https:\/\/diariotextual.com\/inicio\/","logo":{"@type":"ImageObject","inLanguage":"es","@id":"https:\/\/diariotextual.com\/inicio\/#\/schema\/logo\/image\/","url":"https:\/\/diariotextual.com\/inicio\/wp-content\/uploads\/2023\/05\/logotextual1.jpg","contentUrl":"https:\/\/diariotextual.com\/inicio\/wp-content\/uploads\/2023\/05\/logotextual1.jpg","width":516,"height":76,"caption":"Diario Textual"},"image":{"@id":"https:\/\/diariotextual.com\/inicio\/#\/schema\/logo\/image\/"},"sameAs":["https:\/\/www.facebook.com\/eltextual","https:\/\/x.com\/eltextual","http:\/\/www.instagram.com\/eltextual"]},{"@type":"Person","@id":"https:\/\/diariotextual.com\/inicio\/#\/schema\/person\/418fc4093c33e86ed41562db3508f958","name":"Diario1 Diario1","image":{"@type":"ImageObject","inLanguage":"es","@id":"https:\/\/secure.gravatar.com\/avatar\/9167d280179c85bc18be67aa7eda765854300033af4896dd779b608640f2ef7a?s=96&d=mm&r=g","url":"https:\/\/secure.gravatar.com\/avatar\/9167d280179c85bc18be67aa7eda765854300033af4896dd779b608640f2ef7a?s=96&d=mm&r=g","contentUrl":"https:\/\/secure.gravatar.com\/avatar\/9167d280179c85bc18be67aa7eda765854300033af4896dd779b608640f2ef7a?s=96&d=mm&r=g","caption":"Diario1 Diario1"},"url":"https:\/\/diariotextual.com\/inicio\/index.php\/author\/diario1\/"}]}},"_links":{"self":[{"href":"https:\/\/diariotextual.com\/inicio\/index.php\/wp-json\/wp\/v2\/posts\/163936","targetHints":{"allow":["GET"]}}],"collection":[{"href":"https:\/\/diariotextual.com\/inicio\/index.php\/wp-json\/wp\/v2\/posts"}],"about":[{"href":"https:\/\/diariotextual.com\/inicio\/index.php\/wp-json\/wp\/v2\/types\/post"}],"author":[{"embeddable":true,"href":"https:\/\/diariotextual.com\/inicio\/index.php\/wp-json\/wp\/v2\/users\/3"}],"replies":[{"embeddable":true,"href":"https:\/\/diariotextual.com\/inicio\/index.php\/wp-json\/wp\/v2\/comments?post=163936"}],"version-history":[{"count":4,"href":"https:\/\/diariotextual.com\/inicio\/index.php\/wp-json\/wp\/v2\/posts\/163936\/revisions"}],"predecessor-version":[{"id":163942,"href":"https:\/\/diariotextual.com\/inicio\/index.php\/wp-json\/wp\/v2\/posts\/163936\/revisions\/163942"}],"wp:featuredmedia":[{"embeddable":true,"href":"https:\/\/diariotextual.com\/inicio\/index.php\/wp-json\/wp\/v2\/media\/116312"}],"wp:attachment":[{"href":"https:\/\/diariotextual.com\/inicio\/index.php\/wp-json\/wp\/v2\/media?parent=163936"}],"wp:term":[{"taxonomy":"category","embeddable":true,"href":"https:\/\/diariotextual.com\/inicio\/index.php\/wp-json\/wp\/v2\/categories?post=163936"},{"taxonomy":"post_tag","embeddable":true,"href":"https:\/\/diariotextual.com\/inicio\/index.php\/wp-json\/wp\/v2\/tags?post=163936"}],"curies":[{"name":"wp","href":"https:\/\/api.w.org\/{rel}","templated":true}]}}