{"id":164076,"date":"2021-10-05T12:53:09","date_gmt":"2021-10-05T15:53:09","guid":{"rendered":"https:\/\/diariotextual.com\/inicio\/?p=164076"},"modified":"2021-10-05T15:45:49","modified_gmt":"2021-10-05T18:45:49","slug":"rauschenberger-y-la-ley-de-etiquetado-frontal-a-jxc-no-le-importa-la-salud-de-los-ninos","status":"publish","type":"post","link":"https:\/\/diariotextual.com\/inicio\/index.php\/2021\/10\/05\/rauschenberger-y-la-ley-de-etiquetado-frontal-a-jxc-no-le-importa-la-salud-de-los-ninos\/","title":{"rendered":"Rauschenberger y la ley de etiquetado frontal: \u00abA JxC no le importa la salud de los ni\u00f1os\u00bb"},"content":{"rendered":"\n<p>El bloque de diputados de\u00a0<strong>Juntos por el Cambio no dio qu\u00f3rum<\/strong>\u00a0a la sesi\u00f3n convocada por el <strong>Frente de Todos <\/strong>para este martes que ten\u00eda como tema principal\u00a0<strong>la ley de etiquetado frontal<\/strong>, el proyecto que obliga a las empresas alimenticias a informar los nutrientes cr\u00edticos en los envases. La decisi\u00f3n fue duramente cuestionada por el oficialismo, entre ellos el pampeano Ariel Rauschenberger. \u201cPor un lado no vienen a trabajar y por el otro no les importa la salud de los ni\u00f1os y j\u00f3venes que es a lo que apunta lo de alimentaci\u00f3n saludable\u201d, lanz\u00f3 el legislador. \u201cTampoco les interesa tratar el proyecto sobre la jubilaci\u00f3n a los vi\u00f1ateros\u201d.<\/p>\n\n\n\n<p>Como anticipado las autoridades del interbloque,&nbsp;<strong>el radical Mario Negri y Cristian Ritondo del PRO, sus dirigidos no se acercaron al recinto a las 11 de la ma\u00f1ana, aunque hubo excepciones: los mendocinos Claudia Najul y Facundo Zamarbide, de la UCR, se acercaron a colaborar, pero no alcanz\u00f3.&nbsp;<\/strong>Tampoco fue suficiente el respaldo de los dos diputados de izquierda.<\/p>\n\n\n\n<figure class=\"wp-block-embed is-type-wp-embed is-provider-diario-textual wp-block-embed-diario-textual\"><div class=\"wp-block-embed__wrapper\">\n<blockquote class=\"wp-embedded-content\" data-secret=\"culUo97gux\"><a href=\"https:\/\/diariotextual.com\/inicio\/index.php\/2021\/10\/05\/el-etiquetado-frontal-de-alimentos-a-un-paso-de-ser-ley\/\">JxC no dio qu\u00f3rum y no se trat\u00f3 la ley de etiquetado frontal<\/a><\/blockquote><iframe class=\"wp-embedded-content\" sandbox=\"allow-scripts\" security=\"restricted\" style=\"position: absolute; clip: rect(1px, 1px, 1px, 1px);\" title=\"\u00abJxC no dio qu\u00f3rum y no se trat\u00f3 la ley de etiquetado frontal\u00bb \u2014 Diario Textual\" src=\"https:\/\/diariotextual.com\/inicio\/index.php\/2021\/10\/05\/el-etiquetado-frontal-de-alimentos-a-un-paso-de-ser-ley\/embed\/#?secret=culUo97gux\" data-secret=\"culUo97gux\" width=\"600\" height=\"338\" frameborder=\"0\" marginwidth=\"0\" marginheight=\"0\" scrolling=\"no\"><\/iframe>\n<\/div><\/figure>\n\n\n\n<p>De este modo,\u00a0\u00a0<strong>fracas\u00f3 la primera sesi\u00f3n presencial convocada en la C\u00e1mara baja luego de un a\u00f1o y medio de funcionamiento virtual por la pandemia de coronavirus.<\/strong><\/p>\n\n\n\n<p>La sesi\u00f3n fue solicitada por la bancada del Frente de Todos, que encabeza M\u00e1ximo Kirchner, para debatir un conjunto de iniciativas consensuadas con la mayor\u00eda de los bloques despu\u00e9s de tres meses sin deliberar, debido a la campa\u00f1a electoral y a la falta de acuerdo entre los distintos espacios parlamentarios.<\/p>\n\n\n\n<p><strong>La sesi\u00f3n fue convocada para las 11 del martes, con el objeto de debatir un amplio temario que ten\u00eda como tema central el etiquetado frontal de alimentos,<\/strong>\u00a0\u00a0un proyecto que busca advertir a la sociedad sobre los productos que tienen un alto contenido de grasas, sodios y az\u00facares, con el fin de ayudar a combatir la obesidad, la hipertensi\u00f3n y los riesgos card\u00edacos.<\/p>\n\n\n\n<p>Adem\u00e1s de este proyecto estrat\u00e9gico para la salud, que es resistido por algunas empresas de la alimentaci\u00f3n,&nbsp;&nbsp;<strong>se pretend\u00edan debatir proyectos como el que propone pol\u00edticas transversales para las personas en situaci\u00f3n de calle y otro referido a medidas vinculadas con la actividad de la vitivinicultura.<\/strong><\/p>\n\n\n\n<p>El proyecto que busca aprobar el FdT propicia advertir a la sociedad sobre los productos que tienen un alto contenido de grasas, sodios y az\u00facares, con el fin de ayudar a combatir la obesidad, la hipertensi\u00f3n y los riesgos card\u00edacos.<\/p>\n\n\n\n<p>La iniciativa es rechazada por algunas empresas de la alimentaci\u00f3n y genera resistencias entre legisladores de las provincias del norte, sin distinci\u00f3n de alineamientos pol\u00edticos, ya que desde esa regi\u00f3n del pa\u00eds sostienen que el etiquetado frontal perjudicar\u00e1 a la producci\u00f3n azucarera, por lo que promueven introducir modificaciones en el texto que se aprob\u00f3 en el Senado.<\/p>\n\n\n\n<p>A multas de septiembre pasado, organizaciones de la sociedad civil enviaron cartas a los presidentes de todos los bloques de la C\u00e1mara de Diputados para reclamar el tratamiento urgente, antes el riesgo de que pierda estado parlamentario.<\/p>\n\n\n\n<p>\u201cNo hay motivos v\u00e1lidos para retrasar m\u00e1s la aprobaci\u00f3n de la ley.&nbsp;El proyecto cuenta con amplio apoyo de la sociedad civil y acad\u00e9mica, tanto de Argentina como de la regi\u00f3n;&nbsp;con el respaldo de la mejor evidencia cient\u00edfica libre de conflicto de inter\u00e9s y con el aval de la C\u00e1mara de Senadores.&nbsp;Es hora de que los y las diputadas pongan fecha para sesionar y aprueben el proyecto sin m\u00e1s demoras \u201d, reclam\u00f3 en aquel momento Victoria Tiscornia, investigadora de la Fundaci\u00f3n Interamericana del Coraz\u00f3n (FIC).<\/p>\n","protected":false},"excerpt":{"rendered":"<p>El bloque de diputados de\u00a0Juntos por el Cambio no dio qu\u00f3rum\u00a0a la sesi\u00f3n convocada por el Frente de Todos para este martes que ten\u00eda como tema principal\u00a0la ley de etiquetado&hellip;<\/p>\n","protected":false},"author":3,"featured_media":9386,"comment_status":"closed","ping_status":"open","sticky":false,"template":"","format":"standard","meta":{"_acf_changed":false,"footnotes":""},"categories":[10,8],"tags":[434],"class_list":["post-164076","post","type-post","status-publish","format-standard","has-post-thumbnail","hentry","category-portada-2","category-politica","tag-rauschenberger"],"acf":[],"yoast_head":"<!-- This site is optimized with the Yoast SEO plugin v27.5 - https:\/\/yoast.com\/product\/yoast-seo-wordpress\/ -->\n<title>Rauschenberger y la ley de etiquetado frontal: &quot;A JxC no le importa la salud de los ni\u00f1os&quot; - Diario Textual<\/title>\n<meta name=\"robots\" content=\"index, follow, max-snippet:-1, max-image-preview:large, max-video-preview:-1\" \/>\n<link rel=\"canonical\" href=\"https:\/\/diariotextual.com\/inicio\/index.php\/2021\/10\/05\/rauschenberger-y-la-ley-de-etiquetado-frontal-a-jxc-no-le-importa-la-salud-de-los-ninos\/\" \/>\n<meta property=\"og:locale\" content=\"es_ES\" \/>\n<meta property=\"og:type\" content=\"article\" \/>\n<meta property=\"og:title\" content=\"Rauschenberger y la ley de etiquetado frontal: &quot;A JxC no le importa la salud de los ni\u00f1os&quot; - Diario Textual\" \/>\n<meta property=\"og:description\" content=\"El bloque de diputados de\u00a0Juntos por el Cambio no dio qu\u00f3rum\u00a0a la sesi\u00f3n convocada por el Frente de Todos para este martes que ten\u00eda como tema principal\u00a0la ley de etiquetado&hellip;\" \/>\n<meta property=\"og:url\" content=\"https:\/\/diariotextual.com\/inicio\/index.php\/2021\/10\/05\/rauschenberger-y-la-ley-de-etiquetado-frontal-a-jxc-no-le-importa-la-salud-de-los-ninos\/\" \/>\n<meta property=\"og:site_name\" content=\"Diario Textual\" \/>\n<meta property=\"article:publisher\" content=\"https:\/\/www.facebook.com\/eltextual\" \/>\n<meta property=\"article:published_time\" content=\"2021-10-05T15:53:09+00:00\" \/>\n<meta property=\"article:modified_time\" content=\"2021-10-05T18:45:49+00:00\" \/>\n<meta property=\"og:image\" content=\"https:\/\/diariotextual.com\/inicio\/wp-content\/uploads\/2018\/06\/rauschenbergerariel.jpg\" \/>\n\t<meta property=\"og:image:width\" content=\"804\" \/>\n\t<meta property=\"og:image:height\" content=\"610\" \/>\n\t<meta property=\"og:image:type\" content=\"image\/jpeg\" \/>\n<meta name=\"author\" content=\"Diario1 Diario1\" \/>\n<meta name=\"twitter:card\" content=\"summary_large_image\" \/>\n<meta name=\"twitter:creator\" content=\"@eltextual\" \/>\n<meta name=\"twitter:site\" content=\"@eltextual\" \/>\n<meta name=\"twitter:label1\" content=\"Escrito por\" \/>\n\t<meta name=\"twitter:data1\" content=\"Diario1 Diario1\" \/>\n\t<meta name=\"twitter:label2\" content=\"Tiempo de lectura\" \/>\n\t<meta name=\"twitter:data2\" content=\"3 minutos\" \/>\n<script type=\"application\/ld+json\" class=\"yoast-schema-graph\">{\"@context\":\"https:\\\/\\\/schema.org\",\"@graph\":[{\"@type\":\"Article\",\"@id\":\"https:\\\/\\\/diariotextual.com\\\/inicio\\\/index.php\\\/2021\\\/10\\\/05\\\/rauschenberger-y-la-ley-de-etiquetado-frontal-a-jxc-no-le-importa-la-salud-de-los-ninos\\\/#article\",\"isPartOf\":{\"@id\":\"https:\\\/\\\/diariotextual.com\\\/inicio\\\/index.php\\\/2021\\\/10\\\/05\\\/rauschenberger-y-la-ley-de-etiquetado-frontal-a-jxc-no-le-importa-la-salud-de-los-ninos\\\/\"},\"author\":{\"name\":\"Diario1 Diario1\",\"@id\":\"https:\\\/\\\/diariotextual.com\\\/inicio\\\/#\\\/schema\\\/person\\\/418fc4093c33e86ed41562db3508f958\"},\"headline\":\"Rauschenberger y la ley de etiquetado frontal: \u00abA JxC no le importa la salud de los ni\u00f1os\u00bb\",\"datePublished\":\"2021-10-05T15:53:09+00:00\",\"dateModified\":\"2021-10-05T18:45:49+00:00\",\"mainEntityOfPage\":{\"@id\":\"https:\\\/\\\/diariotextual.com\\\/inicio\\\/index.php\\\/2021\\\/10\\\/05\\\/rauschenberger-y-la-ley-de-etiquetado-frontal-a-jxc-no-le-importa-la-salud-de-los-ninos\\\/\"},\"wordCount\":656,\"publisher\":{\"@id\":\"https:\\\/\\\/diariotextual.com\\\/inicio\\\/#organization\"},\"image\":{\"@id\":\"https:\\\/\\\/diariotextual.com\\\/inicio\\\/index.php\\\/2021\\\/10\\\/05\\\/rauschenberger-y-la-ley-de-etiquetado-frontal-a-jxc-no-le-importa-la-salud-de-los-ninos\\\/#primaryimage\"},\"thumbnailUrl\":\"https:\\\/\\\/diariotextual.com\\\/inicio\\\/wp-content\\\/uploads\\\/2018\\\/06\\\/rauschenbergerariel.jpg\",\"keywords\":[\"rauschenberger\"],\"articleSection\":[\"A - PORTADA2\",\"POLITICA\"],\"inLanguage\":\"es\"},{\"@type\":\"WebPage\",\"@id\":\"https:\\\/\\\/diariotextual.com\\\/inicio\\\/index.php\\\/2021\\\/10\\\/05\\\/rauschenberger-y-la-ley-de-etiquetado-frontal-a-jxc-no-le-importa-la-salud-de-los-ninos\\\/\",\"url\":\"https:\\\/\\\/diariotextual.com\\\/inicio\\\/index.php\\\/2021\\\/10\\\/05\\\/rauschenberger-y-la-ley-de-etiquetado-frontal-a-jxc-no-le-importa-la-salud-de-los-ninos\\\/\",\"name\":\"Rauschenberger y la ley de etiquetado frontal: \\\"A JxC no le importa la salud de los ni\u00f1os\\\" - Diario Textual\",\"isPartOf\":{\"@id\":\"https:\\\/\\\/diariotextual.com\\\/inicio\\\/#website\"},\"primaryImageOfPage\":{\"@id\":\"https:\\\/\\\/diariotextual.com\\\/inicio\\\/index.php\\\/2021\\\/10\\\/05\\\/rauschenberger-y-la-ley-de-etiquetado-frontal-a-jxc-no-le-importa-la-salud-de-los-ninos\\\/#primaryimage\"},\"image\":{\"@id\":\"https:\\\/\\\/diariotextual.com\\\/inicio\\\/index.php\\\/2021\\\/10\\\/05\\\/rauschenberger-y-la-ley-de-etiquetado-frontal-a-jxc-no-le-importa-la-salud-de-los-ninos\\\/#primaryimage\"},\"thumbnailUrl\":\"https:\\\/\\\/diariotextual.com\\\/inicio\\\/wp-content\\\/uploads\\\/2018\\\/06\\\/rauschenbergerariel.jpg\",\"datePublished\":\"2021-10-05T15:53:09+00:00\",\"dateModified\":\"2021-10-05T18:45:49+00:00\",\"breadcrumb\":{\"@id\":\"https:\\\/\\\/diariotextual.com\\\/inicio\\\/index.php\\\/2021\\\/10\\\/05\\\/rauschenberger-y-la-ley-de-etiquetado-frontal-a-jxc-no-le-importa-la-salud-de-los-ninos\\\/#breadcrumb\"},\"inLanguage\":\"es\",\"potentialAction\":[{\"@type\":\"ReadAction\",\"target\":[\"https:\\\/\\\/diariotextual.com\\\/inicio\\\/index.php\\\/2021\\\/10\\\/05\\\/rauschenberger-y-la-ley-de-etiquetado-frontal-a-jxc-no-le-importa-la-salud-de-los-ninos\\\/\"]}]},{\"@type\":\"ImageObject\",\"inLanguage\":\"es\",\"@id\":\"https:\\\/\\\/diariotextual.com\\\/inicio\\\/index.php\\\/2021\\\/10\\\/05\\\/rauschenberger-y-la-ley-de-etiquetado-frontal-a-jxc-no-le-importa-la-salud-de-los-ninos\\\/#primaryimage\",\"url\":\"https:\\\/\\\/diariotextual.com\\\/inicio\\\/wp-content\\\/uploads\\\/2018\\\/06\\\/rauschenbergerariel.jpg\",\"contentUrl\":\"https:\\\/\\\/diariotextual.com\\\/inicio\\\/wp-content\\\/uploads\\\/2018\\\/06\\\/rauschenbergerariel.jpg\",\"width\":804,\"height\":610},{\"@type\":\"BreadcrumbList\",\"@id\":\"https:\\\/\\\/diariotextual.com\\\/inicio\\\/index.php\\\/2021\\\/10\\\/05\\\/rauschenberger-y-la-ley-de-etiquetado-frontal-a-jxc-no-le-importa-la-salud-de-los-ninos\\\/#breadcrumb\",\"itemListElement\":[{\"@type\":\"ListItem\",\"position\":1,\"name\":\"Portada\",\"item\":\"https:\\\/\\\/diariotextual.com\\\/inicio\\\/\"},{\"@type\":\"ListItem\",\"position\":2,\"name\":\"Rauschenberger y la ley de etiquetado frontal: \u00abA JxC no le importa la salud de los ni\u00f1os\u00bb\"}]},{\"@type\":\"WebSite\",\"@id\":\"https:\\\/\\\/diariotextual.com\\\/inicio\\\/#website\",\"url\":\"https:\\\/\\\/diariotextual.com\\\/inicio\\\/\",\"name\":\"Diario Textual\",\"description\":\"\",\"publisher\":{\"@id\":\"https:\\\/\\\/diariotextual.com\\\/inicio\\\/#organization\"},\"potentialAction\":[{\"@type\":\"SearchAction\",\"target\":{\"@type\":\"EntryPoint\",\"urlTemplate\":\"https:\\\/\\\/diariotextual.com\\\/inicio\\\/?s={search_term_string}\"},\"query-input\":{\"@type\":\"PropertyValueSpecification\",\"valueRequired\":true,\"valueName\":\"search_term_string\"}}],\"inLanguage\":\"es\"},{\"@type\":\"Organization\",\"@id\":\"https:\\\/\\\/diariotextual.com\\\/inicio\\\/#organization\",\"name\":\"Diario Textual\",\"url\":\"https:\\\/\\\/diariotextual.com\\\/inicio\\\/\",\"logo\":{\"@type\":\"ImageObject\",\"inLanguage\":\"es\",\"@id\":\"https:\\\/\\\/diariotextual.com\\\/inicio\\\/#\\\/schema\\\/logo\\\/image\\\/\",\"url\":\"https:\\\/\\\/diariotextual.com\\\/inicio\\\/wp-content\\\/uploads\\\/2023\\\/05\\\/logotextual1.jpg\",\"contentUrl\":\"https:\\\/\\\/diariotextual.com\\\/inicio\\\/wp-content\\\/uploads\\\/2023\\\/05\\\/logotextual1.jpg\",\"width\":516,\"height\":76,\"caption\":\"Diario Textual\"},\"image\":{\"@id\":\"https:\\\/\\\/diariotextual.com\\\/inicio\\\/#\\\/schema\\\/logo\\\/image\\\/\"},\"sameAs\":[\"https:\\\/\\\/www.facebook.com\\\/eltextual\",\"https:\\\/\\\/x.com\\\/eltextual\",\"http:\\\/\\\/www.instagram.com\\\/eltextual\"]},{\"@type\":\"Person\",\"@id\":\"https:\\\/\\\/diariotextual.com\\\/inicio\\\/#\\\/schema\\\/person\\\/418fc4093c33e86ed41562db3508f958\",\"name\":\"Diario1 Diario1\",\"image\":{\"@type\":\"ImageObject\",\"inLanguage\":\"es\",\"@id\":\"https:\\\/\\\/secure.gravatar.com\\\/avatar\\\/9167d280179c85bc18be67aa7eda765854300033af4896dd779b608640f2ef7a?s=96&d=mm&r=g\",\"url\":\"https:\\\/\\\/secure.gravatar.com\\\/avatar\\\/9167d280179c85bc18be67aa7eda765854300033af4896dd779b608640f2ef7a?s=96&d=mm&r=g\",\"contentUrl\":\"https:\\\/\\\/secure.gravatar.com\\\/avatar\\\/9167d280179c85bc18be67aa7eda765854300033af4896dd779b608640f2ef7a?s=96&d=mm&r=g\",\"caption\":\"Diario1 Diario1\"},\"url\":\"https:\\\/\\\/diariotextual.com\\\/inicio\\\/index.php\\\/author\\\/diario1\\\/\"}]}<\/script>\n<!-- \/ Yoast SEO plugin. -->","yoast_head_json":{"title":"Rauschenberger y la ley de etiquetado frontal: \"A JxC no le importa la salud de los ni\u00f1os\" - Diario Textual","robots":{"index":"index","follow":"follow","max-snippet":"max-snippet:-1","max-image-preview":"max-image-preview:large","max-video-preview":"max-video-preview:-1"},"canonical":"https:\/\/diariotextual.com\/inicio\/index.php\/2021\/10\/05\/rauschenberger-y-la-ley-de-etiquetado-frontal-a-jxc-no-le-importa-la-salud-de-los-ninos\/","og_locale":"es_ES","og_type":"article","og_title":"Rauschenberger y la ley de etiquetado frontal: \"A JxC no le importa la salud de los ni\u00f1os\" - Diario Textual","og_description":"El bloque de diputados de\u00a0Juntos por el Cambio no dio qu\u00f3rum\u00a0a la sesi\u00f3n convocada por el Frente de Todos para este martes que ten\u00eda como tema principal\u00a0la ley de etiquetado&hellip;","og_url":"https:\/\/diariotextual.com\/inicio\/index.php\/2021\/10\/05\/rauschenberger-y-la-ley-de-etiquetado-frontal-a-jxc-no-le-importa-la-salud-de-los-ninos\/","og_site_name":"Diario Textual","article_publisher":"https:\/\/www.facebook.com\/eltextual","article_published_time":"2021-10-05T15:53:09+00:00","article_modified_time":"2021-10-05T18:45:49+00:00","og_image":[{"width":804,"height":610,"url":"https:\/\/diariotextual.com\/inicio\/wp-content\/uploads\/2018\/06\/rauschenbergerariel.jpg","type":"image\/jpeg"}],"author":"Diario1 Diario1","twitter_card":"summary_large_image","twitter_creator":"@eltextual","twitter_site":"@eltextual","twitter_misc":{"Escrito por":"Diario1 Diario1","Tiempo de lectura":"3 minutos"},"schema":{"@context":"https:\/\/schema.org","@graph":[{"@type":"Article","@id":"https:\/\/diariotextual.com\/inicio\/index.php\/2021\/10\/05\/rauschenberger-y-la-ley-de-etiquetado-frontal-a-jxc-no-le-importa-la-salud-de-los-ninos\/#article","isPartOf":{"@id":"https:\/\/diariotextual.com\/inicio\/index.php\/2021\/10\/05\/rauschenberger-y-la-ley-de-etiquetado-frontal-a-jxc-no-le-importa-la-salud-de-los-ninos\/"},"author":{"name":"Diario1 Diario1","@id":"https:\/\/diariotextual.com\/inicio\/#\/schema\/person\/418fc4093c33e86ed41562db3508f958"},"headline":"Rauschenberger y la ley de etiquetado frontal: \u00abA JxC no le importa la salud de los ni\u00f1os\u00bb","datePublished":"2021-10-05T15:53:09+00:00","dateModified":"2021-10-05T18:45:49+00:00","mainEntityOfPage":{"@id":"https:\/\/diariotextual.com\/inicio\/index.php\/2021\/10\/05\/rauschenberger-y-la-ley-de-etiquetado-frontal-a-jxc-no-le-importa-la-salud-de-los-ninos\/"},"wordCount":656,"publisher":{"@id":"https:\/\/diariotextual.com\/inicio\/#organization"},"image":{"@id":"https:\/\/diariotextual.com\/inicio\/index.php\/2021\/10\/05\/rauschenberger-y-la-ley-de-etiquetado-frontal-a-jxc-no-le-importa-la-salud-de-los-ninos\/#primaryimage"},"thumbnailUrl":"https:\/\/diariotextual.com\/inicio\/wp-content\/uploads\/2018\/06\/rauschenbergerariel.jpg","keywords":["rauschenberger"],"articleSection":["A - PORTADA2","POLITICA"],"inLanguage":"es"},{"@type":"WebPage","@id":"https:\/\/diariotextual.com\/inicio\/index.php\/2021\/10\/05\/rauschenberger-y-la-ley-de-etiquetado-frontal-a-jxc-no-le-importa-la-salud-de-los-ninos\/","url":"https:\/\/diariotextual.com\/inicio\/index.php\/2021\/10\/05\/rauschenberger-y-la-ley-de-etiquetado-frontal-a-jxc-no-le-importa-la-salud-de-los-ninos\/","name":"Rauschenberger y la ley de etiquetado frontal: \"A JxC no le importa la salud de los ni\u00f1os\" - Diario Textual","isPartOf":{"@id":"https:\/\/diariotextual.com\/inicio\/#website"},"primaryImageOfPage":{"@id":"https:\/\/diariotextual.com\/inicio\/index.php\/2021\/10\/05\/rauschenberger-y-la-ley-de-etiquetado-frontal-a-jxc-no-le-importa-la-salud-de-los-ninos\/#primaryimage"},"image":{"@id":"https:\/\/diariotextual.com\/inicio\/index.php\/2021\/10\/05\/rauschenberger-y-la-ley-de-etiquetado-frontal-a-jxc-no-le-importa-la-salud-de-los-ninos\/#primaryimage"},"thumbnailUrl":"https:\/\/diariotextual.com\/inicio\/wp-content\/uploads\/2018\/06\/rauschenbergerariel.jpg","datePublished":"2021-10-05T15:53:09+00:00","dateModified":"2021-10-05T18:45:49+00:00","breadcrumb":{"@id":"https:\/\/diariotextual.com\/inicio\/index.php\/2021\/10\/05\/rauschenberger-y-la-ley-de-etiquetado-frontal-a-jxc-no-le-importa-la-salud-de-los-ninos\/#breadcrumb"},"inLanguage":"es","potentialAction":[{"@type":"ReadAction","target":["https:\/\/diariotextual.com\/inicio\/index.php\/2021\/10\/05\/rauschenberger-y-la-ley-de-etiquetado-frontal-a-jxc-no-le-importa-la-salud-de-los-ninos\/"]}]},{"@type":"ImageObject","inLanguage":"es","@id":"https:\/\/diariotextual.com\/inicio\/index.php\/2021\/10\/05\/rauschenberger-y-la-ley-de-etiquetado-frontal-a-jxc-no-le-importa-la-salud-de-los-ninos\/#primaryimage","url":"https:\/\/diariotextual.com\/inicio\/wp-content\/uploads\/2018\/06\/rauschenbergerariel.jpg","contentUrl":"https:\/\/diariotextual.com\/inicio\/wp-content\/uploads\/2018\/06\/rauschenbergerariel.jpg","width":804,"height":610},{"@type":"BreadcrumbList","@id":"https:\/\/diariotextual.com\/inicio\/index.php\/2021\/10\/05\/rauschenberger-y-la-ley-de-etiquetado-frontal-a-jxc-no-le-importa-la-salud-de-los-ninos\/#breadcrumb","itemListElement":[{"@type":"ListItem","position":1,"name":"Portada","item":"https:\/\/diariotextual.com\/inicio\/"},{"@type":"ListItem","position":2,"name":"Rauschenberger y la ley de etiquetado frontal: \u00abA JxC no le importa la salud de los ni\u00f1os\u00bb"}]},{"@type":"WebSite","@id":"https:\/\/diariotextual.com\/inicio\/#website","url":"https:\/\/diariotextual.com\/inicio\/","name":"Diario Textual","description":"","publisher":{"@id":"https:\/\/diariotextual.com\/inicio\/#organization"},"potentialAction":[{"@type":"SearchAction","target":{"@type":"EntryPoint","urlTemplate":"https:\/\/diariotextual.com\/inicio\/?s={search_term_string}"},"query-input":{"@type":"PropertyValueSpecification","valueRequired":true,"valueName":"search_term_string"}}],"inLanguage":"es"},{"@type":"Organization","@id":"https:\/\/diariotextual.com\/inicio\/#organization","name":"Diario Textual","url":"https:\/\/diariotextual.com\/inicio\/","logo":{"@type":"ImageObject","inLanguage":"es","@id":"https:\/\/diariotextual.com\/inicio\/#\/schema\/logo\/image\/","url":"https:\/\/diariotextual.com\/inicio\/wp-content\/uploads\/2023\/05\/logotextual1.jpg","contentUrl":"https:\/\/diariotextual.com\/inicio\/wp-content\/uploads\/2023\/05\/logotextual1.jpg","width":516,"height":76,"caption":"Diario Textual"},"image":{"@id":"https:\/\/diariotextual.com\/inicio\/#\/schema\/logo\/image\/"},"sameAs":["https:\/\/www.facebook.com\/eltextual","https:\/\/x.com\/eltextual","http:\/\/www.instagram.com\/eltextual"]},{"@type":"Person","@id":"https:\/\/diariotextual.com\/inicio\/#\/schema\/person\/418fc4093c33e86ed41562db3508f958","name":"Diario1 Diario1","image":{"@type":"ImageObject","inLanguage":"es","@id":"https:\/\/secure.gravatar.com\/avatar\/9167d280179c85bc18be67aa7eda765854300033af4896dd779b608640f2ef7a?s=96&d=mm&r=g","url":"https:\/\/secure.gravatar.com\/avatar\/9167d280179c85bc18be67aa7eda765854300033af4896dd779b608640f2ef7a?s=96&d=mm&r=g","contentUrl":"https:\/\/secure.gravatar.com\/avatar\/9167d280179c85bc18be67aa7eda765854300033af4896dd779b608640f2ef7a?s=96&d=mm&r=g","caption":"Diario1 Diario1"},"url":"https:\/\/diariotextual.com\/inicio\/index.php\/author\/diario1\/"}]}},"_links":{"self":[{"href":"https:\/\/diariotextual.com\/inicio\/index.php\/wp-json\/wp\/v2\/posts\/164076","targetHints":{"allow":["GET"]}}],"collection":[{"href":"https:\/\/diariotextual.com\/inicio\/index.php\/wp-json\/wp\/v2\/posts"}],"about":[{"href":"https:\/\/diariotextual.com\/inicio\/index.php\/wp-json\/wp\/v2\/types\/post"}],"author":[{"embeddable":true,"href":"https:\/\/diariotextual.com\/inicio\/index.php\/wp-json\/wp\/v2\/users\/3"}],"replies":[{"embeddable":true,"href":"https:\/\/diariotextual.com\/inicio\/index.php\/wp-json\/wp\/v2\/comments?post=164076"}],"version-history":[{"count":4,"href":"https:\/\/diariotextual.com\/inicio\/index.php\/wp-json\/wp\/v2\/posts\/164076\/revisions"}],"predecessor-version":[{"id":164081,"href":"https:\/\/diariotextual.com\/inicio\/index.php\/wp-json\/wp\/v2\/posts\/164076\/revisions\/164081"}],"wp:featuredmedia":[{"embeddable":true,"href":"https:\/\/diariotextual.com\/inicio\/index.php\/wp-json\/wp\/v2\/media\/9386"}],"wp:attachment":[{"href":"https:\/\/diariotextual.com\/inicio\/index.php\/wp-json\/wp\/v2\/media?parent=164076"}],"wp:term":[{"taxonomy":"category","embeddable":true,"href":"https:\/\/diariotextual.com\/inicio\/index.php\/wp-json\/wp\/v2\/categories?post=164076"},{"taxonomy":"post_tag","embeddable":true,"href":"https:\/\/diariotextual.com\/inicio\/index.php\/wp-json\/wp\/v2\/tags?post=164076"}],"curies":[{"name":"wp","href":"https:\/\/api.w.org\/{rel}","templated":true}]}}