{"id":164382,"date":"2021-10-07T17:28:53","date_gmt":"2021-10-07T20:28:53","guid":{"rendered":"https:\/\/diariotextual.com\/inicio\/?p=164382"},"modified":"2021-10-07T20:31:51","modified_gmt":"2021-10-07T23:31:51","slug":"el-gobierno-anuncio-un-aumento-para-las-asignaciones-familiares-que-cobran-2-millones-de-trabajadores","status":"publish","type":"post","link":"https:\/\/diariotextual.com\/inicio\/index.php\/2021\/10\/07\/el-gobierno-anuncio-un-aumento-para-las-asignaciones-familiares-que-cobran-2-millones-de-trabajadores\/","title":{"rendered":"El Gobierno anunci\u00f3 un aumento para las asignaciones familiares que cobran 2 millones de trabajadores"},"content":{"rendered":"\n<p>El Gobierno&nbsp;<strong>anunci\u00f3 un aumento en el salario familiar en octubre que alcanzar\u00e1 a los ingresos de 2 millones de personas y que cubrir\u00e1 a unos 3 millones de chicos y adolescentes<\/strong>. \u201cSabemos que las familias de las trabajadoras y trabajadores registrados de Argentina deben mejorar sus ingresos. Por eso, hemos decretado un complemento mensual para el salario familiar a partir de octubre\u201d, anticip\u00f3 el presidente&nbsp;<strong>Alberto Fern\u00e1ndez<\/strong>.<\/p>\n\n\n\n<p>En el caso de los trabajadores con ingresos familiares de<strong>\u00a0hasta 78.454 pesos y monotributistas de las categor\u00edas A, B o C, el complemento ser\u00e1 de 5.063 pesos<\/strong>\u00a0que se sumar\u00e1 a lo que recibe ese hogar por cada ni\u00f1o, ni\u00f1a y adolescente. En tanto,\u00a0<strong>para los trabajadores con ingresos familiares de entre 78.454,01 y 115.062 pesos y monotributistas de la categor\u00eda D, el complemento ser\u00e1 de 3.415 pesos<\/strong>.<\/p>\n\n\n\n<p>Seg\u00fan las estimaciones de la Anses, la medida va a cubrir 3,2 millones de ni\u00f1os, ni\u00f1as y adolescentes,\u00a0<strong>es decir al 89 por ciento de los que reciben salario familiar<\/strong>. Con el nuevo complemento,\u00a0<strong>una familia (o un titular) con dos hijos que actualmente recibe 10.126 pesos de salario familiar obtendr\u00e1 en octubre 20.252 pesos, mientras que en el caso de los que reciben 6.830 pesos en concepto de salario familiar pasar\u00e1n a percibir 13.660 pesos<\/strong>.<\/p>\n\n\n\n<p>\u201cEsta medida tiene que ver con el compromiso que tomamos con las y los argentinos de reconstruir y recuperar el poder adquisitivo de sus salarios. Con esta decisi\u00f3n, a partir de octubre, vamos a beneficiar a m\u00e1s de 2 millones de trabajadoras y trabajadores argentinos y m\u00e1s de 3 millones de ni\u00f1os, ni\u00f1as y adolescentes\u201d, mencion\u00f3 el mandatario en su cuenta de Twitter.<\/p>\n\n\n\n<p>\u201cTenemos en claro cu\u00e1les son los problemas y las urgencias. Este complemento se trata de una medida progresiva, que\u00a0<strong>se pagar\u00e1 mes a mes y que ir\u00e1 siendo superada hasta que los ingresos de los trabajadores y las trabajadoras recuperen su poder adquisitivo<\/strong>. Gobernar es escuchar\u201d, concluy\u00f3.<\/p>\n\n\n\n<p><\/p>\n","protected":false},"excerpt":{"rendered":"<p>El Gobierno&nbsp;anunci\u00f3 un aumento en el salario familiar en octubre que alcanzar\u00e1 a los ingresos de 2 millones de personas y que cubrir\u00e1 a unos 3 millones de chicos y&hellip;<\/p>\n","protected":false},"author":3,"featured_media":119808,"comment_status":"closed","ping_status":"open","sticky":false,"template":"","format":"standard","meta":{"_acf_changed":false,"footnotes":""},"categories":[10,12],"tags":[6143],"class_list":["post-164382","post","type-post","status-publish","format-standard","has-post-thumbnail","hentry","category-portada-2","category-sociedad","tag-asignaciones"],"acf":[],"yoast_head":"<!-- This site is optimized with the Yoast SEO plugin v27.5 - https:\/\/yoast.com\/product\/yoast-seo-wordpress\/ -->\n<title>El Gobierno anunci\u00f3 un aumento para las asignaciones familiares que cobran 2 millones de trabajadores - Diario Textual<\/title>\n<meta name=\"robots\" content=\"index, follow, max-snippet:-1, max-image-preview:large, max-video-preview:-1\" \/>\n<link rel=\"canonical\" href=\"https:\/\/diariotextual.com\/inicio\/index.php\/2021\/10\/07\/el-gobierno-anuncio-un-aumento-para-las-asignaciones-familiares-que-cobran-2-millones-de-trabajadores\/\" \/>\n<meta property=\"og:locale\" content=\"es_ES\" \/>\n<meta property=\"og:type\" content=\"article\" \/>\n<meta property=\"og:title\" content=\"El Gobierno anunci\u00f3 un aumento para las asignaciones familiares que cobran 2 millones de trabajadores - Diario Textual\" \/>\n<meta property=\"og:description\" content=\"El Gobierno&nbsp;anunci\u00f3 un aumento en el salario familiar en octubre que alcanzar\u00e1 a los ingresos de 2 millones de personas y que cubrir\u00e1 a unos 3 millones de chicos y&hellip;\" \/>\n<meta property=\"og:url\" content=\"https:\/\/diariotextual.com\/inicio\/index.php\/2021\/10\/07\/el-gobierno-anuncio-un-aumento-para-las-asignaciones-familiares-que-cobran-2-millones-de-trabajadores\/\" \/>\n<meta property=\"og:site_name\" content=\"Diario Textual\" \/>\n<meta property=\"article:publisher\" content=\"https:\/\/www.facebook.com\/eltextual\" \/>\n<meta property=\"article:published_time\" content=\"2021-10-07T20:28:53+00:00\" \/>\n<meta property=\"article:modified_time\" content=\"2021-10-07T23:31:51+00:00\" \/>\n<meta property=\"og:image\" content=\"https:\/\/diariotextual.com\/inicio\/wp-content\/uploads\/2020\/11\/fernandezalbertoraverta2020-1.jpg\" \/>\n\t<meta property=\"og:image:width\" content=\"768\" \/>\n\t<meta property=\"og:image:height\" content=\"432\" \/>\n\t<meta property=\"og:image:type\" content=\"image\/jpeg\" \/>\n<meta name=\"author\" content=\"Diario1 Diario1\" \/>\n<meta name=\"twitter:card\" content=\"summary_large_image\" \/>\n<meta name=\"twitter:creator\" content=\"@eltextual\" \/>\n<meta name=\"twitter:site\" content=\"@eltextual\" \/>\n<meta name=\"twitter:label1\" content=\"Escrito por\" \/>\n\t<meta name=\"twitter:data1\" content=\"Diario1 Diario1\" \/>\n\t<meta name=\"twitter:label2\" content=\"Tiempo de lectura\" \/>\n\t<meta name=\"twitter:data2\" content=\"2 minutos\" \/>\n<script type=\"application\/ld+json\" class=\"yoast-schema-graph\">{\"@context\":\"https:\\\/\\\/schema.org\",\"@graph\":[{\"@type\":\"Article\",\"@id\":\"https:\\\/\\\/diariotextual.com\\\/inicio\\\/index.php\\\/2021\\\/10\\\/07\\\/el-gobierno-anuncio-un-aumento-para-las-asignaciones-familiares-que-cobran-2-millones-de-trabajadores\\\/#article\",\"isPartOf\":{\"@id\":\"https:\\\/\\\/diariotextual.com\\\/inicio\\\/index.php\\\/2021\\\/10\\\/07\\\/el-gobierno-anuncio-un-aumento-para-las-asignaciones-familiares-que-cobran-2-millones-de-trabajadores\\\/\"},\"author\":{\"name\":\"Diario1 Diario1\",\"@id\":\"https:\\\/\\\/diariotextual.com\\\/inicio\\\/#\\\/schema\\\/person\\\/418fc4093c33e86ed41562db3508f958\"},\"headline\":\"El Gobierno anunci\u00f3 un aumento para las asignaciones familiares que cobran 2 millones de trabajadores\",\"datePublished\":\"2021-10-07T20:28:53+00:00\",\"dateModified\":\"2021-10-07T23:31:51+00:00\",\"mainEntityOfPage\":{\"@id\":\"https:\\\/\\\/diariotextual.com\\\/inicio\\\/index.php\\\/2021\\\/10\\\/07\\\/el-gobierno-anuncio-un-aumento-para-las-asignaciones-familiares-que-cobran-2-millones-de-trabajadores\\\/\"},\"wordCount\":339,\"publisher\":{\"@id\":\"https:\\\/\\\/diariotextual.com\\\/inicio\\\/#organization\"},\"image\":{\"@id\":\"https:\\\/\\\/diariotextual.com\\\/inicio\\\/index.php\\\/2021\\\/10\\\/07\\\/el-gobierno-anuncio-un-aumento-para-las-asignaciones-familiares-que-cobran-2-millones-de-trabajadores\\\/#primaryimage\"},\"thumbnailUrl\":\"https:\\\/\\\/diariotextual.com\\\/inicio\\\/wp-content\\\/uploads\\\/2020\\\/11\\\/fernandezalbertoraverta2020-1.jpg\",\"keywords\":[\"asignaciones\"],\"articleSection\":[\"A - PORTADA2\",\"SOCIEDAD\"],\"inLanguage\":\"es\"},{\"@type\":\"WebPage\",\"@id\":\"https:\\\/\\\/diariotextual.com\\\/inicio\\\/index.php\\\/2021\\\/10\\\/07\\\/el-gobierno-anuncio-un-aumento-para-las-asignaciones-familiares-que-cobran-2-millones-de-trabajadores\\\/\",\"url\":\"https:\\\/\\\/diariotextual.com\\\/inicio\\\/index.php\\\/2021\\\/10\\\/07\\\/el-gobierno-anuncio-un-aumento-para-las-asignaciones-familiares-que-cobran-2-millones-de-trabajadores\\\/\",\"name\":\"El Gobierno anunci\u00f3 un aumento para las asignaciones familiares que cobran 2 millones de trabajadores - Diario Textual\",\"isPartOf\":{\"@id\":\"https:\\\/\\\/diariotextual.com\\\/inicio\\\/#website\"},\"primaryImageOfPage\":{\"@id\":\"https:\\\/\\\/diariotextual.com\\\/inicio\\\/index.php\\\/2021\\\/10\\\/07\\\/el-gobierno-anuncio-un-aumento-para-las-asignaciones-familiares-que-cobran-2-millones-de-trabajadores\\\/#primaryimage\"},\"image\":{\"@id\":\"https:\\\/\\\/diariotextual.com\\\/inicio\\\/index.php\\\/2021\\\/10\\\/07\\\/el-gobierno-anuncio-un-aumento-para-las-asignaciones-familiares-que-cobran-2-millones-de-trabajadores\\\/#primaryimage\"},\"thumbnailUrl\":\"https:\\\/\\\/diariotextual.com\\\/inicio\\\/wp-content\\\/uploads\\\/2020\\\/11\\\/fernandezalbertoraverta2020-1.jpg\",\"datePublished\":\"2021-10-07T20:28:53+00:00\",\"dateModified\":\"2021-10-07T23:31:51+00:00\",\"breadcrumb\":{\"@id\":\"https:\\\/\\\/diariotextual.com\\\/inicio\\\/index.php\\\/2021\\\/10\\\/07\\\/el-gobierno-anuncio-un-aumento-para-las-asignaciones-familiares-que-cobran-2-millones-de-trabajadores\\\/#breadcrumb\"},\"inLanguage\":\"es\",\"potentialAction\":[{\"@type\":\"ReadAction\",\"target\":[\"https:\\\/\\\/diariotextual.com\\\/inicio\\\/index.php\\\/2021\\\/10\\\/07\\\/el-gobierno-anuncio-un-aumento-para-las-asignaciones-familiares-que-cobran-2-millones-de-trabajadores\\\/\"]}]},{\"@type\":\"ImageObject\",\"inLanguage\":\"es\",\"@id\":\"https:\\\/\\\/diariotextual.com\\\/inicio\\\/index.php\\\/2021\\\/10\\\/07\\\/el-gobierno-anuncio-un-aumento-para-las-asignaciones-familiares-que-cobran-2-millones-de-trabajadores\\\/#primaryimage\",\"url\":\"https:\\\/\\\/diariotextual.com\\\/inicio\\\/wp-content\\\/uploads\\\/2020\\\/11\\\/fernandezalbertoraverta2020-1.jpg\",\"contentUrl\":\"https:\\\/\\\/diariotextual.com\\\/inicio\\\/wp-content\\\/uploads\\\/2020\\\/11\\\/fernandezalbertoraverta2020-1.jpg\",\"width\":768,\"height\":432},{\"@type\":\"BreadcrumbList\",\"@id\":\"https:\\\/\\\/diariotextual.com\\\/inicio\\\/index.php\\\/2021\\\/10\\\/07\\\/el-gobierno-anuncio-un-aumento-para-las-asignaciones-familiares-que-cobran-2-millones-de-trabajadores\\\/#breadcrumb\",\"itemListElement\":[{\"@type\":\"ListItem\",\"position\":1,\"name\":\"Portada\",\"item\":\"https:\\\/\\\/diariotextual.com\\\/inicio\\\/\"},{\"@type\":\"ListItem\",\"position\":2,\"name\":\"El Gobierno anunci\u00f3 un aumento para las asignaciones familiares que cobran 2 millones de trabajadores\"}]},{\"@type\":\"WebSite\",\"@id\":\"https:\\\/\\\/diariotextual.com\\\/inicio\\\/#website\",\"url\":\"https:\\\/\\\/diariotextual.com\\\/inicio\\\/\",\"name\":\"Diario Textual\",\"description\":\"\",\"publisher\":{\"@id\":\"https:\\\/\\\/diariotextual.com\\\/inicio\\\/#organization\"},\"potentialAction\":[{\"@type\":\"SearchAction\",\"target\":{\"@type\":\"EntryPoint\",\"urlTemplate\":\"https:\\\/\\\/diariotextual.com\\\/inicio\\\/?s={search_term_string}\"},\"query-input\":{\"@type\":\"PropertyValueSpecification\",\"valueRequired\":true,\"valueName\":\"search_term_string\"}}],\"inLanguage\":\"es\"},{\"@type\":\"Organization\",\"@id\":\"https:\\\/\\\/diariotextual.com\\\/inicio\\\/#organization\",\"name\":\"Diario Textual\",\"url\":\"https:\\\/\\\/diariotextual.com\\\/inicio\\\/\",\"logo\":{\"@type\":\"ImageObject\",\"inLanguage\":\"es\",\"@id\":\"https:\\\/\\\/diariotextual.com\\\/inicio\\\/#\\\/schema\\\/logo\\\/image\\\/\",\"url\":\"https:\\\/\\\/diariotextual.com\\\/inicio\\\/wp-content\\\/uploads\\\/2023\\\/05\\\/logotextual1.jpg\",\"contentUrl\":\"https:\\\/\\\/diariotextual.com\\\/inicio\\\/wp-content\\\/uploads\\\/2023\\\/05\\\/logotextual1.jpg\",\"width\":516,\"height\":76,\"caption\":\"Diario Textual\"},\"image\":{\"@id\":\"https:\\\/\\\/diariotextual.com\\\/inicio\\\/#\\\/schema\\\/logo\\\/image\\\/\"},\"sameAs\":[\"https:\\\/\\\/www.facebook.com\\\/eltextual\",\"https:\\\/\\\/x.com\\\/eltextual\",\"http:\\\/\\\/www.instagram.com\\\/eltextual\"]},{\"@type\":\"Person\",\"@id\":\"https:\\\/\\\/diariotextual.com\\\/inicio\\\/#\\\/schema\\\/person\\\/418fc4093c33e86ed41562db3508f958\",\"name\":\"Diario1 Diario1\",\"image\":{\"@type\":\"ImageObject\",\"inLanguage\":\"es\",\"@id\":\"https:\\\/\\\/secure.gravatar.com\\\/avatar\\\/9167d280179c85bc18be67aa7eda765854300033af4896dd779b608640f2ef7a?s=96&d=mm&r=g\",\"url\":\"https:\\\/\\\/secure.gravatar.com\\\/avatar\\\/9167d280179c85bc18be67aa7eda765854300033af4896dd779b608640f2ef7a?s=96&d=mm&r=g\",\"contentUrl\":\"https:\\\/\\\/secure.gravatar.com\\\/avatar\\\/9167d280179c85bc18be67aa7eda765854300033af4896dd779b608640f2ef7a?s=96&d=mm&r=g\",\"caption\":\"Diario1 Diario1\"},\"url\":\"https:\\\/\\\/diariotextual.com\\\/inicio\\\/index.php\\\/author\\\/diario1\\\/\"}]}<\/script>\n<!-- \/ Yoast SEO plugin. -->","yoast_head_json":{"title":"El Gobierno anunci\u00f3 un aumento para las asignaciones familiares que cobran 2 millones de trabajadores - Diario Textual","robots":{"index":"index","follow":"follow","max-snippet":"max-snippet:-1","max-image-preview":"max-image-preview:large","max-video-preview":"max-video-preview:-1"},"canonical":"https:\/\/diariotextual.com\/inicio\/index.php\/2021\/10\/07\/el-gobierno-anuncio-un-aumento-para-las-asignaciones-familiares-que-cobran-2-millones-de-trabajadores\/","og_locale":"es_ES","og_type":"article","og_title":"El Gobierno anunci\u00f3 un aumento para las asignaciones familiares que cobran 2 millones de trabajadores - Diario Textual","og_description":"El Gobierno&nbsp;anunci\u00f3 un aumento en el salario familiar en octubre que alcanzar\u00e1 a los ingresos de 2 millones de personas y que cubrir\u00e1 a unos 3 millones de chicos y&hellip;","og_url":"https:\/\/diariotextual.com\/inicio\/index.php\/2021\/10\/07\/el-gobierno-anuncio-un-aumento-para-las-asignaciones-familiares-que-cobran-2-millones-de-trabajadores\/","og_site_name":"Diario Textual","article_publisher":"https:\/\/www.facebook.com\/eltextual","article_published_time":"2021-10-07T20:28:53+00:00","article_modified_time":"2021-10-07T23:31:51+00:00","og_image":[{"width":768,"height":432,"url":"https:\/\/diariotextual.com\/inicio\/wp-content\/uploads\/2020\/11\/fernandezalbertoraverta2020-1.jpg","type":"image\/jpeg"}],"author":"Diario1 Diario1","twitter_card":"summary_large_image","twitter_creator":"@eltextual","twitter_site":"@eltextual","twitter_misc":{"Escrito por":"Diario1 Diario1","Tiempo de lectura":"2 minutos"},"schema":{"@context":"https:\/\/schema.org","@graph":[{"@type":"Article","@id":"https:\/\/diariotextual.com\/inicio\/index.php\/2021\/10\/07\/el-gobierno-anuncio-un-aumento-para-las-asignaciones-familiares-que-cobran-2-millones-de-trabajadores\/#article","isPartOf":{"@id":"https:\/\/diariotextual.com\/inicio\/index.php\/2021\/10\/07\/el-gobierno-anuncio-un-aumento-para-las-asignaciones-familiares-que-cobran-2-millones-de-trabajadores\/"},"author":{"name":"Diario1 Diario1","@id":"https:\/\/diariotextual.com\/inicio\/#\/schema\/person\/418fc4093c33e86ed41562db3508f958"},"headline":"El Gobierno anunci\u00f3 un aumento para las asignaciones familiares que cobran 2 millones de trabajadores","datePublished":"2021-10-07T20:28:53+00:00","dateModified":"2021-10-07T23:31:51+00:00","mainEntityOfPage":{"@id":"https:\/\/diariotextual.com\/inicio\/index.php\/2021\/10\/07\/el-gobierno-anuncio-un-aumento-para-las-asignaciones-familiares-que-cobran-2-millones-de-trabajadores\/"},"wordCount":339,"publisher":{"@id":"https:\/\/diariotextual.com\/inicio\/#organization"},"image":{"@id":"https:\/\/diariotextual.com\/inicio\/index.php\/2021\/10\/07\/el-gobierno-anuncio-un-aumento-para-las-asignaciones-familiares-que-cobran-2-millones-de-trabajadores\/#primaryimage"},"thumbnailUrl":"https:\/\/diariotextual.com\/inicio\/wp-content\/uploads\/2020\/11\/fernandezalbertoraverta2020-1.jpg","keywords":["asignaciones"],"articleSection":["A - PORTADA2","SOCIEDAD"],"inLanguage":"es"},{"@type":"WebPage","@id":"https:\/\/diariotextual.com\/inicio\/index.php\/2021\/10\/07\/el-gobierno-anuncio-un-aumento-para-las-asignaciones-familiares-que-cobran-2-millones-de-trabajadores\/","url":"https:\/\/diariotextual.com\/inicio\/index.php\/2021\/10\/07\/el-gobierno-anuncio-un-aumento-para-las-asignaciones-familiares-que-cobran-2-millones-de-trabajadores\/","name":"El Gobierno anunci\u00f3 un aumento para las asignaciones familiares que cobran 2 millones de trabajadores - Diario Textual","isPartOf":{"@id":"https:\/\/diariotextual.com\/inicio\/#website"},"primaryImageOfPage":{"@id":"https:\/\/diariotextual.com\/inicio\/index.php\/2021\/10\/07\/el-gobierno-anuncio-un-aumento-para-las-asignaciones-familiares-que-cobran-2-millones-de-trabajadores\/#primaryimage"},"image":{"@id":"https:\/\/diariotextual.com\/inicio\/index.php\/2021\/10\/07\/el-gobierno-anuncio-un-aumento-para-las-asignaciones-familiares-que-cobran-2-millones-de-trabajadores\/#primaryimage"},"thumbnailUrl":"https:\/\/diariotextual.com\/inicio\/wp-content\/uploads\/2020\/11\/fernandezalbertoraverta2020-1.jpg","datePublished":"2021-10-07T20:28:53+00:00","dateModified":"2021-10-07T23:31:51+00:00","breadcrumb":{"@id":"https:\/\/diariotextual.com\/inicio\/index.php\/2021\/10\/07\/el-gobierno-anuncio-un-aumento-para-las-asignaciones-familiares-que-cobran-2-millones-de-trabajadores\/#breadcrumb"},"inLanguage":"es","potentialAction":[{"@type":"ReadAction","target":["https:\/\/diariotextual.com\/inicio\/index.php\/2021\/10\/07\/el-gobierno-anuncio-un-aumento-para-las-asignaciones-familiares-que-cobran-2-millones-de-trabajadores\/"]}]},{"@type":"ImageObject","inLanguage":"es","@id":"https:\/\/diariotextual.com\/inicio\/index.php\/2021\/10\/07\/el-gobierno-anuncio-un-aumento-para-las-asignaciones-familiares-que-cobran-2-millones-de-trabajadores\/#primaryimage","url":"https:\/\/diariotextual.com\/inicio\/wp-content\/uploads\/2020\/11\/fernandezalbertoraverta2020-1.jpg","contentUrl":"https:\/\/diariotextual.com\/inicio\/wp-content\/uploads\/2020\/11\/fernandezalbertoraverta2020-1.jpg","width":768,"height":432},{"@type":"BreadcrumbList","@id":"https:\/\/diariotextual.com\/inicio\/index.php\/2021\/10\/07\/el-gobierno-anuncio-un-aumento-para-las-asignaciones-familiares-que-cobran-2-millones-de-trabajadores\/#breadcrumb","itemListElement":[{"@type":"ListItem","position":1,"name":"Portada","item":"https:\/\/diariotextual.com\/inicio\/"},{"@type":"ListItem","position":2,"name":"El Gobierno anunci\u00f3 un aumento para las asignaciones familiares que cobran 2 millones de trabajadores"}]},{"@type":"WebSite","@id":"https:\/\/diariotextual.com\/inicio\/#website","url":"https:\/\/diariotextual.com\/inicio\/","name":"Diario Textual","description":"","publisher":{"@id":"https:\/\/diariotextual.com\/inicio\/#organization"},"potentialAction":[{"@type":"SearchAction","target":{"@type":"EntryPoint","urlTemplate":"https:\/\/diariotextual.com\/inicio\/?s={search_term_string}"},"query-input":{"@type":"PropertyValueSpecification","valueRequired":true,"valueName":"search_term_string"}}],"inLanguage":"es"},{"@type":"Organization","@id":"https:\/\/diariotextual.com\/inicio\/#organization","name":"Diario Textual","url":"https:\/\/diariotextual.com\/inicio\/","logo":{"@type":"ImageObject","inLanguage":"es","@id":"https:\/\/diariotextual.com\/inicio\/#\/schema\/logo\/image\/","url":"https:\/\/diariotextual.com\/inicio\/wp-content\/uploads\/2023\/05\/logotextual1.jpg","contentUrl":"https:\/\/diariotextual.com\/inicio\/wp-content\/uploads\/2023\/05\/logotextual1.jpg","width":516,"height":76,"caption":"Diario Textual"},"image":{"@id":"https:\/\/diariotextual.com\/inicio\/#\/schema\/logo\/image\/"},"sameAs":["https:\/\/www.facebook.com\/eltextual","https:\/\/x.com\/eltextual","http:\/\/www.instagram.com\/eltextual"]},{"@type":"Person","@id":"https:\/\/diariotextual.com\/inicio\/#\/schema\/person\/418fc4093c33e86ed41562db3508f958","name":"Diario1 Diario1","image":{"@type":"ImageObject","inLanguage":"es","@id":"https:\/\/secure.gravatar.com\/avatar\/9167d280179c85bc18be67aa7eda765854300033af4896dd779b608640f2ef7a?s=96&d=mm&r=g","url":"https:\/\/secure.gravatar.com\/avatar\/9167d280179c85bc18be67aa7eda765854300033af4896dd779b608640f2ef7a?s=96&d=mm&r=g","contentUrl":"https:\/\/secure.gravatar.com\/avatar\/9167d280179c85bc18be67aa7eda765854300033af4896dd779b608640f2ef7a?s=96&d=mm&r=g","caption":"Diario1 Diario1"},"url":"https:\/\/diariotextual.com\/inicio\/index.php\/author\/diario1\/"}]}},"_links":{"self":[{"href":"https:\/\/diariotextual.com\/inicio\/index.php\/wp-json\/wp\/v2\/posts\/164382","targetHints":{"allow":["GET"]}}],"collection":[{"href":"https:\/\/diariotextual.com\/inicio\/index.php\/wp-json\/wp\/v2\/posts"}],"about":[{"href":"https:\/\/diariotextual.com\/inicio\/index.php\/wp-json\/wp\/v2\/types\/post"}],"author":[{"embeddable":true,"href":"https:\/\/diariotextual.com\/inicio\/index.php\/wp-json\/wp\/v2\/users\/3"}],"replies":[{"embeddable":true,"href":"https:\/\/diariotextual.com\/inicio\/index.php\/wp-json\/wp\/v2\/comments?post=164382"}],"version-history":[{"count":3,"href":"https:\/\/diariotextual.com\/inicio\/index.php\/wp-json\/wp\/v2\/posts\/164382\/revisions"}],"predecessor-version":[{"id":164385,"href":"https:\/\/diariotextual.com\/inicio\/index.php\/wp-json\/wp\/v2\/posts\/164382\/revisions\/164385"}],"wp:featuredmedia":[{"embeddable":true,"href":"https:\/\/diariotextual.com\/inicio\/index.php\/wp-json\/wp\/v2\/media\/119808"}],"wp:attachment":[{"href":"https:\/\/diariotextual.com\/inicio\/index.php\/wp-json\/wp\/v2\/media?parent=164382"}],"wp:term":[{"taxonomy":"category","embeddable":true,"href":"https:\/\/diariotextual.com\/inicio\/index.php\/wp-json\/wp\/v2\/categories?post=164382"},{"taxonomy":"post_tag","embeddable":true,"href":"https:\/\/diariotextual.com\/inicio\/index.php\/wp-json\/wp\/v2\/tags?post=164382"}],"curies":[{"name":"wp","href":"https:\/\/api.w.org\/{rel}","templated":true}]}}