{"id":16465,"date":"2018-08-09T17:06:02","date_gmt":"2018-08-09T20:06:02","guid":{"rendered":"http:\/\/diariotextual.com\/inicio\/?p=16465"},"modified":"2018-08-09T23:53:17","modified_gmt":"2018-08-10T02:53:17","slug":"paro-universitario-manana-se-definen-las-medidas-seguir","status":"publish","type":"post","link":"https:\/\/diariotextual.com\/inicio\/index.php\/2018\/08\/09\/paro-universitario-manana-se-definen-las-medidas-seguir\/","title":{"rendered":"Paro universitario: este viernes se definen las medidas a seguir"},"content":{"rendered":"<p>Santiago Audisio, titular de la Asociaci\u00f3n de Docentes Universitarios (ADU), afirm\u00f3 que <strong>este viernes se realizar\u00e1 un Congreso de la Conadu Hist\u00f3rica para analizar el paro universitario <\/strong>que se mantuvo en todas las casas de estudio nacionales<strong> y decidir los pasos a seguir.<\/strong><\/p>\n<p><!--more--><\/p>\n<p>Audisio fue invitado a la reuni\u00f3n ordinaria del Consejo Superior de la Universidad Nacional de La Pampa, por la vicerrectora Ver\u00f3nica Moreno y brind\u00f3 un informe a consejeras y consejeros superiores ante la situaci\u00f3n gremial docente en todo el sistema universitario nacional. La medida de fuerza comenz\u00f3 el lunes 6 y se mantuvo durante toda la semana. No hubo inicio de clases universitarias, luego del receso invernal.<\/p>\n<p>El titular de la ADU confirm\u00f3 que<strong> hubo un nuevo llamado a paritarias para la pr\u00f3xima semana sin fecha definida, aunque remarc\u00f3 estar preocupado por los recortes presupuestarios impulsados por el Gobierno Nacional<\/strong> y c\u00f3mo estos afectan el normal funcionamiento de las universidades, entre ellas la UNLPam, y que terminar\u00e1 perjudicando a la educaci\u00f3n p\u00fablica.<\/p>\n<p>En cuanto a la situaci\u00f3n salarial, Audisio inform\u00f3 al \u00f3rgano m\u00e1ximo de gobierno universitario que <strong>la oferta del Gobierno Nacional en los \u00faltimas mesas paritarias fue del 15% sin cl\u00e1usula gatillo y en cuotas, propuesta que no se modific\u00f3<\/strong> con el correr de los meses.<\/p>\n<p>Y expres\u00f3 la preocupaci\u00f3n que existe en la docencia universitaria y preuniversitaria a la <strong>p\u00e9rdida del poder adquisitivo del salario ante la escalada inflacionaria. En ese sentido, se refiri\u00f3 al reclamo de un aumento salarial del 30%<\/strong> impulsado por las seis federaciones de docentes.<\/p>\n<p>Con respecto a las medidas de fuerza del sector, <strong>habl\u00f3 del alto acatamiento en todas las facultades, inclusive aquellas en las cuales no exist\u00eda una tradici\u00f3n de adhesi\u00f3n a este tipo de medidas<\/strong>. Indic\u00f3 que el elevado nivel de acatamiento es concordante con la situaci\u00f3n en otras universidades.<\/p>\n<p>Por otra parte, denunci\u00f3 que desde <strong>el Ministerio de Trabajo de Naci\u00f3n han llamado a las distintas unidades acad\u00e9micas para obtener datos sobre los alcances del paro, accionar que puede interpretarse como inapropiado<\/strong> dado que ejercer medidas de fuerza es un leg\u00edtimo derecho constitucional.<\/p>\n","protected":false},"excerpt":{"rendered":"<p>Santiago Audisio, titular de la Asociaci\u00f3n de Docentes Universitarios (ADU), afirm\u00f3 que este viernes se realizar\u00e1 un Congreso de la Conadu Hist\u00f3rica para analizar el paro universitario que se mantuvo&hellip;<\/p>\n","protected":false},"author":5,"featured_media":16466,"comment_status":"closed","ping_status":"open","sticky":false,"template":"","format":"standard","meta":{"_acf_changed":false,"footnotes":""},"categories":[4,12],"tags":[],"class_list":["post-16465","post","type-post","status-publish","format-standard","has-post-thumbnail","hentry","category-destacadas","category-sociedad"],"acf":[],"yoast_head":"<!-- This site is optimized with the Yoast SEO plugin v27.5 - https:\/\/yoast.com\/product\/yoast-seo-wordpress\/ -->\n<title>Paro universitario: este viernes se definen las medidas a seguir - Diario Textual<\/title>\n<meta name=\"robots\" content=\"index, follow, max-snippet:-1, max-image-preview:large, max-video-preview:-1\" \/>\n<link rel=\"canonical\" href=\"https:\/\/diariotextual.com\/inicio\/index.php\/2018\/08\/09\/paro-universitario-manana-se-definen-las-medidas-seguir\/\" \/>\n<meta property=\"og:locale\" content=\"es_ES\" \/>\n<meta property=\"og:type\" content=\"article\" \/>\n<meta property=\"og:title\" content=\"Paro universitario: este viernes se definen las medidas a seguir - Diario Textual\" \/>\n<meta property=\"og:description\" content=\"Santiago Audisio, titular de la Asociaci\u00f3n de Docentes Universitarios (ADU), afirm\u00f3 que este viernes se realizar\u00e1 un Congreso de la Conadu Hist\u00f3rica para analizar el paro universitario que se mantuvo&hellip;\" \/>\n<meta property=\"og:url\" content=\"https:\/\/diariotextual.com\/inicio\/index.php\/2018\/08\/09\/paro-universitario-manana-se-definen-las-medidas-seguir\/\" \/>\n<meta property=\"og:site_name\" content=\"Diario Textual\" \/>\n<meta property=\"article:publisher\" content=\"https:\/\/www.facebook.com\/eltextual\" \/>\n<meta property=\"article:published_time\" content=\"2018-08-09T20:06:02+00:00\" \/>\n<meta property=\"article:modified_time\" content=\"2018-08-10T02:53:17+00:00\" \/>\n<meta property=\"og:image\" content=\"https:\/\/diariotextual.com\/inicio\/wp-content\/uploads\/2018\/08\/audisiounlpam.jpg\" \/>\n\t<meta property=\"og:image:width\" content=\"700\" \/>\n\t<meta property=\"og:image:height\" content=\"461\" \/>\n\t<meta property=\"og:image:type\" content=\"image\/jpeg\" \/>\n<meta name=\"author\" content=\"diario3\" \/>\n<meta name=\"twitter:card\" content=\"summary_large_image\" \/>\n<meta name=\"twitter:creator\" content=\"@eltextual\" \/>\n<meta name=\"twitter:site\" content=\"@eltextual\" \/>\n<meta name=\"twitter:label1\" content=\"Escrito por\" \/>\n\t<meta name=\"twitter:data1\" content=\"diario3\" \/>\n\t<meta name=\"twitter:label2\" content=\"Tiempo de lectura\" \/>\n\t<meta name=\"twitter:data2\" content=\"2 minutos\" \/>\n<script type=\"application\/ld+json\" class=\"yoast-schema-graph\">{\"@context\":\"https:\\\/\\\/schema.org\",\"@graph\":[{\"@type\":\"Article\",\"@id\":\"https:\\\/\\\/diariotextual.com\\\/inicio\\\/index.php\\\/2018\\\/08\\\/09\\\/paro-universitario-manana-se-definen-las-medidas-seguir\\\/#article\",\"isPartOf\":{\"@id\":\"https:\\\/\\\/diariotextual.com\\\/inicio\\\/index.php\\\/2018\\\/08\\\/09\\\/paro-universitario-manana-se-definen-las-medidas-seguir\\\/\"},\"author\":{\"name\":\"diario3\",\"@id\":\"https:\\\/\\\/diariotextual.com\\\/inicio\\\/#\\\/schema\\\/person\\\/a1b6f563e0ee944c60f98119389a4d9f\"},\"headline\":\"Paro universitario: este viernes se definen las medidas a seguir\",\"datePublished\":\"2018-08-09T20:06:02+00:00\",\"dateModified\":\"2018-08-10T02:53:17+00:00\",\"mainEntityOfPage\":{\"@id\":\"https:\\\/\\\/diariotextual.com\\\/inicio\\\/index.php\\\/2018\\\/08\\\/09\\\/paro-universitario-manana-se-definen-las-medidas-seguir\\\/\"},\"wordCount\":374,\"publisher\":{\"@id\":\"https:\\\/\\\/diariotextual.com\\\/inicio\\\/#organization\"},\"image\":{\"@id\":\"https:\\\/\\\/diariotextual.com\\\/inicio\\\/index.php\\\/2018\\\/08\\\/09\\\/paro-universitario-manana-se-definen-las-medidas-seguir\\\/#primaryimage\"},\"thumbnailUrl\":\"https:\\\/\\\/diariotextual.com\\\/inicio\\\/wp-content\\\/uploads\\\/2018\\\/08\\\/audisiounlpam.jpg\",\"articleSection\":[\"A - DESTACADAS (mod 16)\",\"SOCIEDAD\"],\"inLanguage\":\"es\"},{\"@type\":\"WebPage\",\"@id\":\"https:\\\/\\\/diariotextual.com\\\/inicio\\\/index.php\\\/2018\\\/08\\\/09\\\/paro-universitario-manana-se-definen-las-medidas-seguir\\\/\",\"url\":\"https:\\\/\\\/diariotextual.com\\\/inicio\\\/index.php\\\/2018\\\/08\\\/09\\\/paro-universitario-manana-se-definen-las-medidas-seguir\\\/\",\"name\":\"Paro universitario: este viernes se definen las medidas a seguir - Diario Textual\",\"isPartOf\":{\"@id\":\"https:\\\/\\\/diariotextual.com\\\/inicio\\\/#website\"},\"primaryImageOfPage\":{\"@id\":\"https:\\\/\\\/diariotextual.com\\\/inicio\\\/index.php\\\/2018\\\/08\\\/09\\\/paro-universitario-manana-se-definen-las-medidas-seguir\\\/#primaryimage\"},\"image\":{\"@id\":\"https:\\\/\\\/diariotextual.com\\\/inicio\\\/index.php\\\/2018\\\/08\\\/09\\\/paro-universitario-manana-se-definen-las-medidas-seguir\\\/#primaryimage\"},\"thumbnailUrl\":\"https:\\\/\\\/diariotextual.com\\\/inicio\\\/wp-content\\\/uploads\\\/2018\\\/08\\\/audisiounlpam.jpg\",\"datePublished\":\"2018-08-09T20:06:02+00:00\",\"dateModified\":\"2018-08-10T02:53:17+00:00\",\"breadcrumb\":{\"@id\":\"https:\\\/\\\/diariotextual.com\\\/inicio\\\/index.php\\\/2018\\\/08\\\/09\\\/paro-universitario-manana-se-definen-las-medidas-seguir\\\/#breadcrumb\"},\"inLanguage\":\"es\",\"potentialAction\":[{\"@type\":\"ReadAction\",\"target\":[\"https:\\\/\\\/diariotextual.com\\\/inicio\\\/index.php\\\/2018\\\/08\\\/09\\\/paro-universitario-manana-se-definen-las-medidas-seguir\\\/\"]}]},{\"@type\":\"ImageObject\",\"inLanguage\":\"es\",\"@id\":\"https:\\\/\\\/diariotextual.com\\\/inicio\\\/index.php\\\/2018\\\/08\\\/09\\\/paro-universitario-manana-se-definen-las-medidas-seguir\\\/#primaryimage\",\"url\":\"https:\\\/\\\/diariotextual.com\\\/inicio\\\/wp-content\\\/uploads\\\/2018\\\/08\\\/audisiounlpam.jpg\",\"contentUrl\":\"https:\\\/\\\/diariotextual.com\\\/inicio\\\/wp-content\\\/uploads\\\/2018\\\/08\\\/audisiounlpam.jpg\",\"width\":700,\"height\":461},{\"@type\":\"BreadcrumbList\",\"@id\":\"https:\\\/\\\/diariotextual.com\\\/inicio\\\/index.php\\\/2018\\\/08\\\/09\\\/paro-universitario-manana-se-definen-las-medidas-seguir\\\/#breadcrumb\",\"itemListElement\":[{\"@type\":\"ListItem\",\"position\":1,\"name\":\"Portada\",\"item\":\"https:\\\/\\\/diariotextual.com\\\/inicio\\\/\"},{\"@type\":\"ListItem\",\"position\":2,\"name\":\"Paro universitario: este viernes se definen las medidas a seguir\"}]},{\"@type\":\"WebSite\",\"@id\":\"https:\\\/\\\/diariotextual.com\\\/inicio\\\/#website\",\"url\":\"https:\\\/\\\/diariotextual.com\\\/inicio\\\/\",\"name\":\"Diario Textual\",\"description\":\"\",\"publisher\":{\"@id\":\"https:\\\/\\\/diariotextual.com\\\/inicio\\\/#organization\"},\"potentialAction\":[{\"@type\":\"SearchAction\",\"target\":{\"@type\":\"EntryPoint\",\"urlTemplate\":\"https:\\\/\\\/diariotextual.com\\\/inicio\\\/?s={search_term_string}\"},\"query-input\":{\"@type\":\"PropertyValueSpecification\",\"valueRequired\":true,\"valueName\":\"search_term_string\"}}],\"inLanguage\":\"es\"},{\"@type\":\"Organization\",\"@id\":\"https:\\\/\\\/diariotextual.com\\\/inicio\\\/#organization\",\"name\":\"Diario Textual\",\"url\":\"https:\\\/\\\/diariotextual.com\\\/inicio\\\/\",\"logo\":{\"@type\":\"ImageObject\",\"inLanguage\":\"es\",\"@id\":\"https:\\\/\\\/diariotextual.com\\\/inicio\\\/#\\\/schema\\\/logo\\\/image\\\/\",\"url\":\"https:\\\/\\\/diariotextual.com\\\/inicio\\\/wp-content\\\/uploads\\\/2023\\\/05\\\/logotextual1.jpg\",\"contentUrl\":\"https:\\\/\\\/diariotextual.com\\\/inicio\\\/wp-content\\\/uploads\\\/2023\\\/05\\\/logotextual1.jpg\",\"width\":516,\"height\":76,\"caption\":\"Diario Textual\"},\"image\":{\"@id\":\"https:\\\/\\\/diariotextual.com\\\/inicio\\\/#\\\/schema\\\/logo\\\/image\\\/\"},\"sameAs\":[\"https:\\\/\\\/www.facebook.com\\\/eltextual\",\"https:\\\/\\\/x.com\\\/eltextual\",\"http:\\\/\\\/www.instagram.com\\\/eltextual\"]},{\"@type\":\"Person\",\"@id\":\"https:\\\/\\\/diariotextual.com\\\/inicio\\\/#\\\/schema\\\/person\\\/a1b6f563e0ee944c60f98119389a4d9f\",\"name\":\"diario3\",\"image\":{\"@type\":\"ImageObject\",\"inLanguage\":\"es\",\"@id\":\"https:\\\/\\\/secure.gravatar.com\\\/avatar\\\/5e7ee62c82fc04d9dd79d746a390d93c69c43223e5faeeb3ea9461ef752bfc5d?s=96&d=mm&r=g\",\"url\":\"https:\\\/\\\/secure.gravatar.com\\\/avatar\\\/5e7ee62c82fc04d9dd79d746a390d93c69c43223e5faeeb3ea9461ef752bfc5d?s=96&d=mm&r=g\",\"contentUrl\":\"https:\\\/\\\/secure.gravatar.com\\\/avatar\\\/5e7ee62c82fc04d9dd79d746a390d93c69c43223e5faeeb3ea9461ef752bfc5d?s=96&d=mm&r=g\",\"caption\":\"diario3\"},\"url\":\"https:\\\/\\\/diariotextual.com\\\/inicio\\\/index.php\\\/author\\\/diario3\\\/\"}]}<\/script>\n<!-- \/ Yoast SEO plugin. -->","yoast_head_json":{"title":"Paro universitario: este viernes se definen las medidas a seguir - Diario Textual","robots":{"index":"index","follow":"follow","max-snippet":"max-snippet:-1","max-image-preview":"max-image-preview:large","max-video-preview":"max-video-preview:-1"},"canonical":"https:\/\/diariotextual.com\/inicio\/index.php\/2018\/08\/09\/paro-universitario-manana-se-definen-las-medidas-seguir\/","og_locale":"es_ES","og_type":"article","og_title":"Paro universitario: este viernes se definen las medidas a seguir - Diario Textual","og_description":"Santiago Audisio, titular de la Asociaci\u00f3n de Docentes Universitarios (ADU), afirm\u00f3 que este viernes se realizar\u00e1 un Congreso de la Conadu Hist\u00f3rica para analizar el paro universitario que se mantuvo&hellip;","og_url":"https:\/\/diariotextual.com\/inicio\/index.php\/2018\/08\/09\/paro-universitario-manana-se-definen-las-medidas-seguir\/","og_site_name":"Diario Textual","article_publisher":"https:\/\/www.facebook.com\/eltextual","article_published_time":"2018-08-09T20:06:02+00:00","article_modified_time":"2018-08-10T02:53:17+00:00","og_image":[{"width":700,"height":461,"url":"https:\/\/diariotextual.com\/inicio\/wp-content\/uploads\/2018\/08\/audisiounlpam.jpg","type":"image\/jpeg"}],"author":"diario3","twitter_card":"summary_large_image","twitter_creator":"@eltextual","twitter_site":"@eltextual","twitter_misc":{"Escrito por":"diario3","Tiempo de lectura":"2 minutos"},"schema":{"@context":"https:\/\/schema.org","@graph":[{"@type":"Article","@id":"https:\/\/diariotextual.com\/inicio\/index.php\/2018\/08\/09\/paro-universitario-manana-se-definen-las-medidas-seguir\/#article","isPartOf":{"@id":"https:\/\/diariotextual.com\/inicio\/index.php\/2018\/08\/09\/paro-universitario-manana-se-definen-las-medidas-seguir\/"},"author":{"name":"diario3","@id":"https:\/\/diariotextual.com\/inicio\/#\/schema\/person\/a1b6f563e0ee944c60f98119389a4d9f"},"headline":"Paro universitario: este viernes se definen las medidas a seguir","datePublished":"2018-08-09T20:06:02+00:00","dateModified":"2018-08-10T02:53:17+00:00","mainEntityOfPage":{"@id":"https:\/\/diariotextual.com\/inicio\/index.php\/2018\/08\/09\/paro-universitario-manana-se-definen-las-medidas-seguir\/"},"wordCount":374,"publisher":{"@id":"https:\/\/diariotextual.com\/inicio\/#organization"},"image":{"@id":"https:\/\/diariotextual.com\/inicio\/index.php\/2018\/08\/09\/paro-universitario-manana-se-definen-las-medidas-seguir\/#primaryimage"},"thumbnailUrl":"https:\/\/diariotextual.com\/inicio\/wp-content\/uploads\/2018\/08\/audisiounlpam.jpg","articleSection":["A - DESTACADAS (mod 16)","SOCIEDAD"],"inLanguage":"es"},{"@type":"WebPage","@id":"https:\/\/diariotextual.com\/inicio\/index.php\/2018\/08\/09\/paro-universitario-manana-se-definen-las-medidas-seguir\/","url":"https:\/\/diariotextual.com\/inicio\/index.php\/2018\/08\/09\/paro-universitario-manana-se-definen-las-medidas-seguir\/","name":"Paro universitario: este viernes se definen las medidas a seguir - Diario Textual","isPartOf":{"@id":"https:\/\/diariotextual.com\/inicio\/#website"},"primaryImageOfPage":{"@id":"https:\/\/diariotextual.com\/inicio\/index.php\/2018\/08\/09\/paro-universitario-manana-se-definen-las-medidas-seguir\/#primaryimage"},"image":{"@id":"https:\/\/diariotextual.com\/inicio\/index.php\/2018\/08\/09\/paro-universitario-manana-se-definen-las-medidas-seguir\/#primaryimage"},"thumbnailUrl":"https:\/\/diariotextual.com\/inicio\/wp-content\/uploads\/2018\/08\/audisiounlpam.jpg","datePublished":"2018-08-09T20:06:02+00:00","dateModified":"2018-08-10T02:53:17+00:00","breadcrumb":{"@id":"https:\/\/diariotextual.com\/inicio\/index.php\/2018\/08\/09\/paro-universitario-manana-se-definen-las-medidas-seguir\/#breadcrumb"},"inLanguage":"es","potentialAction":[{"@type":"ReadAction","target":["https:\/\/diariotextual.com\/inicio\/index.php\/2018\/08\/09\/paro-universitario-manana-se-definen-las-medidas-seguir\/"]}]},{"@type":"ImageObject","inLanguage":"es","@id":"https:\/\/diariotextual.com\/inicio\/index.php\/2018\/08\/09\/paro-universitario-manana-se-definen-las-medidas-seguir\/#primaryimage","url":"https:\/\/diariotextual.com\/inicio\/wp-content\/uploads\/2018\/08\/audisiounlpam.jpg","contentUrl":"https:\/\/diariotextual.com\/inicio\/wp-content\/uploads\/2018\/08\/audisiounlpam.jpg","width":700,"height":461},{"@type":"BreadcrumbList","@id":"https:\/\/diariotextual.com\/inicio\/index.php\/2018\/08\/09\/paro-universitario-manana-se-definen-las-medidas-seguir\/#breadcrumb","itemListElement":[{"@type":"ListItem","position":1,"name":"Portada","item":"https:\/\/diariotextual.com\/inicio\/"},{"@type":"ListItem","position":2,"name":"Paro universitario: este viernes se definen las medidas a seguir"}]},{"@type":"WebSite","@id":"https:\/\/diariotextual.com\/inicio\/#website","url":"https:\/\/diariotextual.com\/inicio\/","name":"Diario Textual","description":"","publisher":{"@id":"https:\/\/diariotextual.com\/inicio\/#organization"},"potentialAction":[{"@type":"SearchAction","target":{"@type":"EntryPoint","urlTemplate":"https:\/\/diariotextual.com\/inicio\/?s={search_term_string}"},"query-input":{"@type":"PropertyValueSpecification","valueRequired":true,"valueName":"search_term_string"}}],"inLanguage":"es"},{"@type":"Organization","@id":"https:\/\/diariotextual.com\/inicio\/#organization","name":"Diario Textual","url":"https:\/\/diariotextual.com\/inicio\/","logo":{"@type":"ImageObject","inLanguage":"es","@id":"https:\/\/diariotextual.com\/inicio\/#\/schema\/logo\/image\/","url":"https:\/\/diariotextual.com\/inicio\/wp-content\/uploads\/2023\/05\/logotextual1.jpg","contentUrl":"https:\/\/diariotextual.com\/inicio\/wp-content\/uploads\/2023\/05\/logotextual1.jpg","width":516,"height":76,"caption":"Diario Textual"},"image":{"@id":"https:\/\/diariotextual.com\/inicio\/#\/schema\/logo\/image\/"},"sameAs":["https:\/\/www.facebook.com\/eltextual","https:\/\/x.com\/eltextual","http:\/\/www.instagram.com\/eltextual"]},{"@type":"Person","@id":"https:\/\/diariotextual.com\/inicio\/#\/schema\/person\/a1b6f563e0ee944c60f98119389a4d9f","name":"diario3","image":{"@type":"ImageObject","inLanguage":"es","@id":"https:\/\/secure.gravatar.com\/avatar\/5e7ee62c82fc04d9dd79d746a390d93c69c43223e5faeeb3ea9461ef752bfc5d?s=96&d=mm&r=g","url":"https:\/\/secure.gravatar.com\/avatar\/5e7ee62c82fc04d9dd79d746a390d93c69c43223e5faeeb3ea9461ef752bfc5d?s=96&d=mm&r=g","contentUrl":"https:\/\/secure.gravatar.com\/avatar\/5e7ee62c82fc04d9dd79d746a390d93c69c43223e5faeeb3ea9461ef752bfc5d?s=96&d=mm&r=g","caption":"diario3"},"url":"https:\/\/diariotextual.com\/inicio\/index.php\/author\/diario3\/"}]}},"_links":{"self":[{"href":"https:\/\/diariotextual.com\/inicio\/index.php\/wp-json\/wp\/v2\/posts\/16465","targetHints":{"allow":["GET"]}}],"collection":[{"href":"https:\/\/diariotextual.com\/inicio\/index.php\/wp-json\/wp\/v2\/posts"}],"about":[{"href":"https:\/\/diariotextual.com\/inicio\/index.php\/wp-json\/wp\/v2\/types\/post"}],"author":[{"embeddable":true,"href":"https:\/\/diariotextual.com\/inicio\/index.php\/wp-json\/wp\/v2\/users\/5"}],"replies":[{"embeddable":true,"href":"https:\/\/diariotextual.com\/inicio\/index.php\/wp-json\/wp\/v2\/comments?post=16465"}],"version-history":[{"count":5,"href":"https:\/\/diariotextual.com\/inicio\/index.php\/wp-json\/wp\/v2\/posts\/16465\/revisions"}],"predecessor-version":[{"id":16474,"href":"https:\/\/diariotextual.com\/inicio\/index.php\/wp-json\/wp\/v2\/posts\/16465\/revisions\/16474"}],"wp:featuredmedia":[{"embeddable":true,"href":"https:\/\/diariotextual.com\/inicio\/index.php\/wp-json\/wp\/v2\/media\/16466"}],"wp:attachment":[{"href":"https:\/\/diariotextual.com\/inicio\/index.php\/wp-json\/wp\/v2\/media?parent=16465"}],"wp:term":[{"taxonomy":"category","embeddable":true,"href":"https:\/\/diariotextual.com\/inicio\/index.php\/wp-json\/wp\/v2\/categories?post=16465"},{"taxonomy":"post_tag","embeddable":true,"href":"https:\/\/diariotextual.com\/inicio\/index.php\/wp-json\/wp\/v2\/tags?post=16465"}],"curies":[{"name":"wp","href":"https:\/\/api.w.org\/{rel}","templated":true}]}}