{"id":164865,"date":"2021-10-13T08:26:01","date_gmt":"2021-10-13T11:26:01","guid":{"rendered":"https:\/\/diariotextual.com\/inicio\/?p=164865"},"modified":"2021-10-13T17:48:44","modified_gmt":"2021-10-13T20:48:44","slug":"fiesta-del-teatro-piden-autorizacion-para-contrataciones-directas-de-alojamiento-y-traslado","status":"publish","type":"post","link":"https:\/\/diariotextual.com\/inicio\/index.php\/2021\/10\/13\/fiesta-del-teatro-piden-autorizacion-para-contrataciones-directas-de-alojamiento-y-traslado\/","title":{"rendered":"Fiesta del Teatro: piden autorizaci\u00f3n para contrataciones directas de alojamiento y traslado"},"content":{"rendered":"\n<p>La comisi\u00f3n de Hacienda, Presupuesto y Cuentas de Santa Rosa sac\u00f3 despacho de mayor\u00eda de los proyectos que autorizan al intendente Luciano di N\u00e1poli a contratar de forma directa los servicios de alojamiento para los elencos y personal de diversas \u00e1reas que participar\u00e1n de la 35\u00ba Fiesta Nacional del Teatro a realizarse entre los d\u00edas 23 y 30 de octubre. Tambi\u00e9n se autoriza a contratar de la misma forma los servicios de transporte, dentro del ejido de la ciudad, para los elencos y grupos de talleristas, t\u00e9cnicos periodistas o embajadores culturales que participar\u00e1n de dicho evento.&nbsp;<\/p>\n\n\n\n<p>Para conversar sobre estas iniciativas estuvieron presentes el secretario de Cultura y Educaci\u00f3n municipal, Pablo Ferrero; el secretario de Hacienda y Abastecimiento, Pablo Echeveste, y el representante provincial del Instituto Nacional del Teatro, Jos\u00e9 Jer\u00f3nimo.&nbsp;<\/p>\n\n\n\n<p>Ferrero destac\u00f3 la importancia de que el evento sea realizado en la ciudad: \u201cEsta fiesta no se realiza en La Pampa desde hace 26 a\u00f1os. Para Santa Rosa es una cuesti\u00f3n hist\u00f3rica por un lado, y por otro lado se va a convertir en el faro cultural del pa\u00eds. La importancia cultural de la Fiesta Nacional del Teatro es para destacar, ya que son alrededor de 400 participantes, entre elencos, t\u00e9cnicos y dem\u00e1s que entran a la ciudad\u201d,&nbsp; dijo.&nbsp;<\/p>\n\n\n\n<p>Sobre la iniciativa referida a la contrataci\u00f3n de alojamientos, explic\u00f3 que desde la municipalidad establecieron reuniones constantes con la asociaci\u00f3n de hoteleros, y que hubo algunos retrasos para saber con qu\u00e9 cantidad de plazas se contaban para la fecha del evento. \u201cMuchos hoteles estaban contratados por la cuesti\u00f3n del covid-19 y otros no nos daban plazas. Por eso tuvimos una espera bastante larga para saber qu\u00e9 cantidad de plaza ten\u00edamos y si pod\u00edamos cumplir con lo que el Instituto nos ped\u00eda\u201d, sostuvo.&nbsp;<\/p>\n\n\n\n<p>Adem\u00e1s, destac\u00f3 que la realizaci\u00f3n de la fiesta significa un \u201cderrame econ\u00f3mico\u201d para la ciudad. \u201cEn el convenio tenemos compromiso de alojamientos, provisi\u00f3n de comida, dise\u00f1o de identidad de la gr\u00e1fica, portales virtuales, traslados internos, toda la parte el\u00e9ctrica y el predio de las v\u00edas con arte callejero, informe de seguridad e higiene, escenograf\u00eda, sonido, streaming. Todas estas cuestiones son mano de obra local\u201d, afirm\u00f3.&nbsp;<\/p>\n\n\n\n<p>Por su parte, Echeveste explic\u00f3 que respecto a la contrataci\u00f3n de servicios de alojamiento y traslado interno \u201clos tiempos y la situaci\u00f3n daban cierta incertidumbre en cuanto a los plazos para cumplir con procesos licitatorios. Por eso entendimos que la mejor manera era venir al Concejo Deliberante, de acuerdo a los valores que con la Asociaci\u00f3n de Hoteleros se hab\u00eda trabajado y con las plazas disponibles que ellos informaron, para la semana donde se desarrolle el evento\u201d.&nbsp;<\/p>\n\n\n\n<p>El caso de los hoteles tienen que ver con valores de referencia que quedan fijos para esa semana y luego se har\u00e1 la certificaci\u00f3n de cada uno de los hoteles y se pagar\u00e1 de acuerdo a la cantidad de personas y d\u00edas que estuvieron en ese determinado hotel con los valores que figuran en el anexo del proyecto de ordenanza. Entendemos que esto nos da un precio base con bastante anticipaci\u00f3n y nos permite cumplir con la log\u00edstica del evento\u201d, explic\u00f3 el secretario municipal.<\/p>\n\n\n\n<p>Respecto a la contrataci\u00f3n de traslado asegur\u00f3 que la contrataci\u00f3n de combis se da de la misma manera, aunque en menores valores. \u201cEntendemos que no va a superar los 550 mil pesos y en el caso de sus hoteles 4 millones y medio es la estimaci\u00f3n\u201d, prosigui\u00f3 Echeveste.<\/p>\n\n\n\n<p>Adem\u00e1s, aclar\u00f3 que no todas las contrataciones de los servicios se har\u00e1n de manera directa, sino que existen licitaciones que ya est\u00e1n en curso. \u201cEstos eran m\u00e1s sencillos de hacer, estaba claro el sistema de contrataci\u00f3n y por eso fuimos con los expedientes de acuerdo a montos y reglamentos establecidos\u201d.<\/p>\n\n\n\n<p>Por \u00faltimo, explic\u00f3 que los fondos son provenientes de diferentes auspiciantes, con el apoyo del Banco de La Pampa, as\u00ed como tambi\u00e9n hay un aporte de la secretar\u00eda de Asuntos municipales del gobierno provincial para financiar el costo de la fiesta.&nbsp;<\/p>\n\n\n\n<p>\u201cEntendemos que es una forma de dinamizar la econom\u00eda en sectores que han sido tan golpeados en esta pandemia y remarcar que todos los gastos que se hacen van al mercado local. Todos quedan en la ciudad de Santa Rosa\u201d, culmin\u00f3.&nbsp;<\/p>\n\n\n\n<p>Por su parte, Jos\u00e9 Jer\u00f3nimo sostuvo que \u201ces la fiesta del reencuentro y es la primera fiesta con perspectiva de g\u00e9nero. Se van a dar 140 funciones en 8 d\u00edas, cuando habitualmente se realizan 50. Hay un derrame de acciones teatrales para toda la provincia y toda la gente participante, desde malabaristas, de telas, han sido convocados para trabajar. Por eso significa un derrame econ\u00f3mico muy grande para la ciudad\u201d.<\/p>\n","protected":false},"excerpt":{"rendered":"<p>La comisi\u00f3n de Hacienda, Presupuesto y Cuentas de Santa Rosa sac\u00f3 despacho de mayor\u00eda de los proyectos que autorizan al intendente Luciano di N\u00e1poli a contratar de forma directa los&hellip;<\/p>\n","protected":false},"author":7,"featured_media":154608,"comment_status":"closed","ping_status":"open","sticky":false,"template":"","format":"standard","meta":{"_acf_changed":false,"footnotes":""},"categories":[8,5928],"tags":[],"class_list":["post-164865","post","type-post","status-publish","format-standard","has-post-thumbnail","hentry","category-politica","category-posicion-4"],"acf":[],"yoast_head":"<!-- This site is optimized with the Yoast SEO plugin v27.5 - https:\/\/yoast.com\/product\/yoast-seo-wordpress\/ -->\n<title>Fiesta del Teatro: piden autorizaci\u00f3n para contrataciones directas de alojamiento y traslado - Diario Textual<\/title>\n<meta name=\"robots\" content=\"index, follow, max-snippet:-1, max-image-preview:large, max-video-preview:-1\" \/>\n<link rel=\"canonical\" href=\"https:\/\/diariotextual.com\/inicio\/index.php\/2021\/10\/13\/fiesta-del-teatro-piden-autorizacion-para-contrataciones-directas-de-alojamiento-y-traslado\/\" \/>\n<meta property=\"og:locale\" content=\"es_ES\" \/>\n<meta property=\"og:type\" content=\"article\" \/>\n<meta property=\"og:title\" content=\"Fiesta del Teatro: piden autorizaci\u00f3n para contrataciones directas de alojamiento y traslado - Diario Textual\" \/>\n<meta property=\"og:description\" content=\"La comisi\u00f3n de Hacienda, Presupuesto y Cuentas de Santa Rosa sac\u00f3 despacho de mayor\u00eda de los proyectos que autorizan al intendente Luciano di N\u00e1poli a contratar de forma directa los&hellip;\" \/>\n<meta property=\"og:url\" content=\"https:\/\/diariotextual.com\/inicio\/index.php\/2021\/10\/13\/fiesta-del-teatro-piden-autorizacion-para-contrataciones-directas-de-alojamiento-y-traslado\/\" \/>\n<meta property=\"og:site_name\" content=\"Diario Textual\" \/>\n<meta property=\"article:publisher\" content=\"https:\/\/www.facebook.com\/eltextual\" \/>\n<meta property=\"article:published_time\" content=\"2021-10-13T11:26:01+00:00\" \/>\n<meta property=\"article:modified_time\" content=\"2021-10-13T20:48:44+00:00\" \/>\n<meta property=\"og:image\" content=\"https:\/\/diariotextual.com\/inicio\/wp-content\/uploads\/2021\/07\/teatroespanolreabertura2021elenco.jpg\" \/>\n\t<meta property=\"og:image:width\" content=\"911\" \/>\n\t<meta property=\"og:image:height\" content=\"531\" \/>\n\t<meta property=\"og:image:type\" content=\"image\/jpeg\" \/>\n<meta name=\"author\" content=\"diario5\" \/>\n<meta name=\"twitter:card\" content=\"summary_large_image\" \/>\n<meta name=\"twitter:creator\" content=\"@eltextual\" \/>\n<meta name=\"twitter:site\" content=\"@eltextual\" \/>\n<meta name=\"twitter:label1\" content=\"Escrito por\" \/>\n\t<meta name=\"twitter:data1\" content=\"diario5\" \/>\n\t<meta name=\"twitter:label2\" content=\"Tiempo de lectura\" \/>\n\t<meta name=\"twitter:data2\" content=\"4 minutos\" \/>\n<script type=\"application\/ld+json\" class=\"yoast-schema-graph\">{\"@context\":\"https:\\\/\\\/schema.org\",\"@graph\":[{\"@type\":\"Article\",\"@id\":\"https:\\\/\\\/diariotextual.com\\\/inicio\\\/index.php\\\/2021\\\/10\\\/13\\\/fiesta-del-teatro-piden-autorizacion-para-contrataciones-directas-de-alojamiento-y-traslado\\\/#article\",\"isPartOf\":{\"@id\":\"https:\\\/\\\/diariotextual.com\\\/inicio\\\/index.php\\\/2021\\\/10\\\/13\\\/fiesta-del-teatro-piden-autorizacion-para-contrataciones-directas-de-alojamiento-y-traslado\\\/\"},\"author\":{\"name\":\"diario5\",\"@id\":\"https:\\\/\\\/diariotextual.com\\\/inicio\\\/#\\\/schema\\\/person\\\/c7834961ad8b29b1d9cdbf4571299067\"},\"headline\":\"Fiesta del Teatro: piden autorizaci\u00f3n para contrataciones directas de alojamiento y traslado\",\"datePublished\":\"2021-10-13T11:26:01+00:00\",\"dateModified\":\"2021-10-13T20:48:44+00:00\",\"mainEntityOfPage\":{\"@id\":\"https:\\\/\\\/diariotextual.com\\\/inicio\\\/index.php\\\/2021\\\/10\\\/13\\\/fiesta-del-teatro-piden-autorizacion-para-contrataciones-directas-de-alojamiento-y-traslado\\\/\"},\"wordCount\":834,\"publisher\":{\"@id\":\"https:\\\/\\\/diariotextual.com\\\/inicio\\\/#organization\"},\"image\":{\"@id\":\"https:\\\/\\\/diariotextual.com\\\/inicio\\\/index.php\\\/2021\\\/10\\\/13\\\/fiesta-del-teatro-piden-autorizacion-para-contrataciones-directas-de-alojamiento-y-traslado\\\/#primaryimage\"},\"thumbnailUrl\":\"https:\\\/\\\/diariotextual.com\\\/inicio\\\/wp-content\\\/uploads\\\/2021\\\/07\\\/teatroespanolreabertura2021elenco.jpg\",\"articleSection\":[\"POLITICA\",\"Posici\u00f3n 4\"],\"inLanguage\":\"es\"},{\"@type\":\"WebPage\",\"@id\":\"https:\\\/\\\/diariotextual.com\\\/inicio\\\/index.php\\\/2021\\\/10\\\/13\\\/fiesta-del-teatro-piden-autorizacion-para-contrataciones-directas-de-alojamiento-y-traslado\\\/\",\"url\":\"https:\\\/\\\/diariotextual.com\\\/inicio\\\/index.php\\\/2021\\\/10\\\/13\\\/fiesta-del-teatro-piden-autorizacion-para-contrataciones-directas-de-alojamiento-y-traslado\\\/\",\"name\":\"Fiesta del Teatro: piden autorizaci\u00f3n para contrataciones directas de alojamiento y traslado - Diario Textual\",\"isPartOf\":{\"@id\":\"https:\\\/\\\/diariotextual.com\\\/inicio\\\/#website\"},\"primaryImageOfPage\":{\"@id\":\"https:\\\/\\\/diariotextual.com\\\/inicio\\\/index.php\\\/2021\\\/10\\\/13\\\/fiesta-del-teatro-piden-autorizacion-para-contrataciones-directas-de-alojamiento-y-traslado\\\/#primaryimage\"},\"image\":{\"@id\":\"https:\\\/\\\/diariotextual.com\\\/inicio\\\/index.php\\\/2021\\\/10\\\/13\\\/fiesta-del-teatro-piden-autorizacion-para-contrataciones-directas-de-alojamiento-y-traslado\\\/#primaryimage\"},\"thumbnailUrl\":\"https:\\\/\\\/diariotextual.com\\\/inicio\\\/wp-content\\\/uploads\\\/2021\\\/07\\\/teatroespanolreabertura2021elenco.jpg\",\"datePublished\":\"2021-10-13T11:26:01+00:00\",\"dateModified\":\"2021-10-13T20:48:44+00:00\",\"breadcrumb\":{\"@id\":\"https:\\\/\\\/diariotextual.com\\\/inicio\\\/index.php\\\/2021\\\/10\\\/13\\\/fiesta-del-teatro-piden-autorizacion-para-contrataciones-directas-de-alojamiento-y-traslado\\\/#breadcrumb\"},\"inLanguage\":\"es\",\"potentialAction\":[{\"@type\":\"ReadAction\",\"target\":[\"https:\\\/\\\/diariotextual.com\\\/inicio\\\/index.php\\\/2021\\\/10\\\/13\\\/fiesta-del-teatro-piden-autorizacion-para-contrataciones-directas-de-alojamiento-y-traslado\\\/\"]}]},{\"@type\":\"ImageObject\",\"inLanguage\":\"es\",\"@id\":\"https:\\\/\\\/diariotextual.com\\\/inicio\\\/index.php\\\/2021\\\/10\\\/13\\\/fiesta-del-teatro-piden-autorizacion-para-contrataciones-directas-de-alojamiento-y-traslado\\\/#primaryimage\",\"url\":\"https:\\\/\\\/diariotextual.com\\\/inicio\\\/wp-content\\\/uploads\\\/2021\\\/07\\\/teatroespanolreabertura2021elenco.jpg\",\"contentUrl\":\"https:\\\/\\\/diariotextual.com\\\/inicio\\\/wp-content\\\/uploads\\\/2021\\\/07\\\/teatroespanolreabertura2021elenco.jpg\",\"width\":911,\"height\":531},{\"@type\":\"BreadcrumbList\",\"@id\":\"https:\\\/\\\/diariotextual.com\\\/inicio\\\/index.php\\\/2021\\\/10\\\/13\\\/fiesta-del-teatro-piden-autorizacion-para-contrataciones-directas-de-alojamiento-y-traslado\\\/#breadcrumb\",\"itemListElement\":[{\"@type\":\"ListItem\",\"position\":1,\"name\":\"Portada\",\"item\":\"https:\\\/\\\/diariotextual.com\\\/inicio\\\/\"},{\"@type\":\"ListItem\",\"position\":2,\"name\":\"Fiesta del Teatro: piden autorizaci\u00f3n para contrataciones directas de alojamiento y traslado\"}]},{\"@type\":\"WebSite\",\"@id\":\"https:\\\/\\\/diariotextual.com\\\/inicio\\\/#website\",\"url\":\"https:\\\/\\\/diariotextual.com\\\/inicio\\\/\",\"name\":\"Diario Textual\",\"description\":\"\",\"publisher\":{\"@id\":\"https:\\\/\\\/diariotextual.com\\\/inicio\\\/#organization\"},\"potentialAction\":[{\"@type\":\"SearchAction\",\"target\":{\"@type\":\"EntryPoint\",\"urlTemplate\":\"https:\\\/\\\/diariotextual.com\\\/inicio\\\/?s={search_term_string}\"},\"query-input\":{\"@type\":\"PropertyValueSpecification\",\"valueRequired\":true,\"valueName\":\"search_term_string\"}}],\"inLanguage\":\"es\"},{\"@type\":\"Organization\",\"@id\":\"https:\\\/\\\/diariotextual.com\\\/inicio\\\/#organization\",\"name\":\"Diario Textual\",\"url\":\"https:\\\/\\\/diariotextual.com\\\/inicio\\\/\",\"logo\":{\"@type\":\"ImageObject\",\"inLanguage\":\"es\",\"@id\":\"https:\\\/\\\/diariotextual.com\\\/inicio\\\/#\\\/schema\\\/logo\\\/image\\\/\",\"url\":\"https:\\\/\\\/diariotextual.com\\\/inicio\\\/wp-content\\\/uploads\\\/2023\\\/05\\\/logotextual1.jpg\",\"contentUrl\":\"https:\\\/\\\/diariotextual.com\\\/inicio\\\/wp-content\\\/uploads\\\/2023\\\/05\\\/logotextual1.jpg\",\"width\":516,\"height\":76,\"caption\":\"Diario Textual\"},\"image\":{\"@id\":\"https:\\\/\\\/diariotextual.com\\\/inicio\\\/#\\\/schema\\\/logo\\\/image\\\/\"},\"sameAs\":[\"https:\\\/\\\/www.facebook.com\\\/eltextual\",\"https:\\\/\\\/x.com\\\/eltextual\",\"http:\\\/\\\/www.instagram.com\\\/eltextual\"]},{\"@type\":\"Person\",\"@id\":\"https:\\\/\\\/diariotextual.com\\\/inicio\\\/#\\\/schema\\\/person\\\/c7834961ad8b29b1d9cdbf4571299067\",\"name\":\"diario5\",\"image\":{\"@type\":\"ImageObject\",\"inLanguage\":\"es\",\"@id\":\"https:\\\/\\\/secure.gravatar.com\\\/avatar\\\/948c893b847ca6df68216ead81b63f363408ec9b0f600fefc0641ce78613b111?s=96&d=mm&r=g\",\"url\":\"https:\\\/\\\/secure.gravatar.com\\\/avatar\\\/948c893b847ca6df68216ead81b63f363408ec9b0f600fefc0641ce78613b111?s=96&d=mm&r=g\",\"contentUrl\":\"https:\\\/\\\/secure.gravatar.com\\\/avatar\\\/948c893b847ca6df68216ead81b63f363408ec9b0f600fefc0641ce78613b111?s=96&d=mm&r=g\",\"caption\":\"diario5\"},\"url\":\"https:\\\/\\\/diariotextual.com\\\/inicio\\\/index.php\\\/author\\\/diario5\\\/\"}]}<\/script>\n<!-- \/ Yoast SEO plugin. -->","yoast_head_json":{"title":"Fiesta del Teatro: piden autorizaci\u00f3n para contrataciones directas de alojamiento y traslado - Diario Textual","robots":{"index":"index","follow":"follow","max-snippet":"max-snippet:-1","max-image-preview":"max-image-preview:large","max-video-preview":"max-video-preview:-1"},"canonical":"https:\/\/diariotextual.com\/inicio\/index.php\/2021\/10\/13\/fiesta-del-teatro-piden-autorizacion-para-contrataciones-directas-de-alojamiento-y-traslado\/","og_locale":"es_ES","og_type":"article","og_title":"Fiesta del Teatro: piden autorizaci\u00f3n para contrataciones directas de alojamiento y traslado - Diario Textual","og_description":"La comisi\u00f3n de Hacienda, Presupuesto y Cuentas de Santa Rosa sac\u00f3 despacho de mayor\u00eda de los proyectos que autorizan al intendente Luciano di N\u00e1poli a contratar de forma directa los&hellip;","og_url":"https:\/\/diariotextual.com\/inicio\/index.php\/2021\/10\/13\/fiesta-del-teatro-piden-autorizacion-para-contrataciones-directas-de-alojamiento-y-traslado\/","og_site_name":"Diario Textual","article_publisher":"https:\/\/www.facebook.com\/eltextual","article_published_time":"2021-10-13T11:26:01+00:00","article_modified_time":"2021-10-13T20:48:44+00:00","og_image":[{"width":911,"height":531,"url":"https:\/\/diariotextual.com\/inicio\/wp-content\/uploads\/2021\/07\/teatroespanolreabertura2021elenco.jpg","type":"image\/jpeg"}],"author":"diario5","twitter_card":"summary_large_image","twitter_creator":"@eltextual","twitter_site":"@eltextual","twitter_misc":{"Escrito por":"diario5","Tiempo de lectura":"4 minutos"},"schema":{"@context":"https:\/\/schema.org","@graph":[{"@type":"Article","@id":"https:\/\/diariotextual.com\/inicio\/index.php\/2021\/10\/13\/fiesta-del-teatro-piden-autorizacion-para-contrataciones-directas-de-alojamiento-y-traslado\/#article","isPartOf":{"@id":"https:\/\/diariotextual.com\/inicio\/index.php\/2021\/10\/13\/fiesta-del-teatro-piden-autorizacion-para-contrataciones-directas-de-alojamiento-y-traslado\/"},"author":{"name":"diario5","@id":"https:\/\/diariotextual.com\/inicio\/#\/schema\/person\/c7834961ad8b29b1d9cdbf4571299067"},"headline":"Fiesta del Teatro: piden autorizaci\u00f3n para contrataciones directas de alojamiento y traslado","datePublished":"2021-10-13T11:26:01+00:00","dateModified":"2021-10-13T20:48:44+00:00","mainEntityOfPage":{"@id":"https:\/\/diariotextual.com\/inicio\/index.php\/2021\/10\/13\/fiesta-del-teatro-piden-autorizacion-para-contrataciones-directas-de-alojamiento-y-traslado\/"},"wordCount":834,"publisher":{"@id":"https:\/\/diariotextual.com\/inicio\/#organization"},"image":{"@id":"https:\/\/diariotextual.com\/inicio\/index.php\/2021\/10\/13\/fiesta-del-teatro-piden-autorizacion-para-contrataciones-directas-de-alojamiento-y-traslado\/#primaryimage"},"thumbnailUrl":"https:\/\/diariotextual.com\/inicio\/wp-content\/uploads\/2021\/07\/teatroespanolreabertura2021elenco.jpg","articleSection":["POLITICA","Posici\u00f3n 4"],"inLanguage":"es"},{"@type":"WebPage","@id":"https:\/\/diariotextual.com\/inicio\/index.php\/2021\/10\/13\/fiesta-del-teatro-piden-autorizacion-para-contrataciones-directas-de-alojamiento-y-traslado\/","url":"https:\/\/diariotextual.com\/inicio\/index.php\/2021\/10\/13\/fiesta-del-teatro-piden-autorizacion-para-contrataciones-directas-de-alojamiento-y-traslado\/","name":"Fiesta del Teatro: piden autorizaci\u00f3n para contrataciones directas de alojamiento y traslado - Diario Textual","isPartOf":{"@id":"https:\/\/diariotextual.com\/inicio\/#website"},"primaryImageOfPage":{"@id":"https:\/\/diariotextual.com\/inicio\/index.php\/2021\/10\/13\/fiesta-del-teatro-piden-autorizacion-para-contrataciones-directas-de-alojamiento-y-traslado\/#primaryimage"},"image":{"@id":"https:\/\/diariotextual.com\/inicio\/index.php\/2021\/10\/13\/fiesta-del-teatro-piden-autorizacion-para-contrataciones-directas-de-alojamiento-y-traslado\/#primaryimage"},"thumbnailUrl":"https:\/\/diariotextual.com\/inicio\/wp-content\/uploads\/2021\/07\/teatroespanolreabertura2021elenco.jpg","datePublished":"2021-10-13T11:26:01+00:00","dateModified":"2021-10-13T20:48:44+00:00","breadcrumb":{"@id":"https:\/\/diariotextual.com\/inicio\/index.php\/2021\/10\/13\/fiesta-del-teatro-piden-autorizacion-para-contrataciones-directas-de-alojamiento-y-traslado\/#breadcrumb"},"inLanguage":"es","potentialAction":[{"@type":"ReadAction","target":["https:\/\/diariotextual.com\/inicio\/index.php\/2021\/10\/13\/fiesta-del-teatro-piden-autorizacion-para-contrataciones-directas-de-alojamiento-y-traslado\/"]}]},{"@type":"ImageObject","inLanguage":"es","@id":"https:\/\/diariotextual.com\/inicio\/index.php\/2021\/10\/13\/fiesta-del-teatro-piden-autorizacion-para-contrataciones-directas-de-alojamiento-y-traslado\/#primaryimage","url":"https:\/\/diariotextual.com\/inicio\/wp-content\/uploads\/2021\/07\/teatroespanolreabertura2021elenco.jpg","contentUrl":"https:\/\/diariotextual.com\/inicio\/wp-content\/uploads\/2021\/07\/teatroespanolreabertura2021elenco.jpg","width":911,"height":531},{"@type":"BreadcrumbList","@id":"https:\/\/diariotextual.com\/inicio\/index.php\/2021\/10\/13\/fiesta-del-teatro-piden-autorizacion-para-contrataciones-directas-de-alojamiento-y-traslado\/#breadcrumb","itemListElement":[{"@type":"ListItem","position":1,"name":"Portada","item":"https:\/\/diariotextual.com\/inicio\/"},{"@type":"ListItem","position":2,"name":"Fiesta del Teatro: piden autorizaci\u00f3n para contrataciones directas de alojamiento y traslado"}]},{"@type":"WebSite","@id":"https:\/\/diariotextual.com\/inicio\/#website","url":"https:\/\/diariotextual.com\/inicio\/","name":"Diario Textual","description":"","publisher":{"@id":"https:\/\/diariotextual.com\/inicio\/#organization"},"potentialAction":[{"@type":"SearchAction","target":{"@type":"EntryPoint","urlTemplate":"https:\/\/diariotextual.com\/inicio\/?s={search_term_string}"},"query-input":{"@type":"PropertyValueSpecification","valueRequired":true,"valueName":"search_term_string"}}],"inLanguage":"es"},{"@type":"Organization","@id":"https:\/\/diariotextual.com\/inicio\/#organization","name":"Diario Textual","url":"https:\/\/diariotextual.com\/inicio\/","logo":{"@type":"ImageObject","inLanguage":"es","@id":"https:\/\/diariotextual.com\/inicio\/#\/schema\/logo\/image\/","url":"https:\/\/diariotextual.com\/inicio\/wp-content\/uploads\/2023\/05\/logotextual1.jpg","contentUrl":"https:\/\/diariotextual.com\/inicio\/wp-content\/uploads\/2023\/05\/logotextual1.jpg","width":516,"height":76,"caption":"Diario Textual"},"image":{"@id":"https:\/\/diariotextual.com\/inicio\/#\/schema\/logo\/image\/"},"sameAs":["https:\/\/www.facebook.com\/eltextual","https:\/\/x.com\/eltextual","http:\/\/www.instagram.com\/eltextual"]},{"@type":"Person","@id":"https:\/\/diariotextual.com\/inicio\/#\/schema\/person\/c7834961ad8b29b1d9cdbf4571299067","name":"diario5","image":{"@type":"ImageObject","inLanguage":"es","@id":"https:\/\/secure.gravatar.com\/avatar\/948c893b847ca6df68216ead81b63f363408ec9b0f600fefc0641ce78613b111?s=96&d=mm&r=g","url":"https:\/\/secure.gravatar.com\/avatar\/948c893b847ca6df68216ead81b63f363408ec9b0f600fefc0641ce78613b111?s=96&d=mm&r=g","contentUrl":"https:\/\/secure.gravatar.com\/avatar\/948c893b847ca6df68216ead81b63f363408ec9b0f600fefc0641ce78613b111?s=96&d=mm&r=g","caption":"diario5"},"url":"https:\/\/diariotextual.com\/inicio\/index.php\/author\/diario5\/"}]}},"_links":{"self":[{"href":"https:\/\/diariotextual.com\/inicio\/index.php\/wp-json\/wp\/v2\/posts\/164865","targetHints":{"allow":["GET"]}}],"collection":[{"href":"https:\/\/diariotextual.com\/inicio\/index.php\/wp-json\/wp\/v2\/posts"}],"about":[{"href":"https:\/\/diariotextual.com\/inicio\/index.php\/wp-json\/wp\/v2\/types\/post"}],"author":[{"embeddable":true,"href":"https:\/\/diariotextual.com\/inicio\/index.php\/wp-json\/wp\/v2\/users\/7"}],"replies":[{"embeddable":true,"href":"https:\/\/diariotextual.com\/inicio\/index.php\/wp-json\/wp\/v2\/comments?post=164865"}],"version-history":[{"count":2,"href":"https:\/\/diariotextual.com\/inicio\/index.php\/wp-json\/wp\/v2\/posts\/164865\/revisions"}],"predecessor-version":[{"id":164897,"href":"https:\/\/diariotextual.com\/inicio\/index.php\/wp-json\/wp\/v2\/posts\/164865\/revisions\/164897"}],"wp:featuredmedia":[{"embeddable":true,"href":"https:\/\/diariotextual.com\/inicio\/index.php\/wp-json\/wp\/v2\/media\/154608"}],"wp:attachment":[{"href":"https:\/\/diariotextual.com\/inicio\/index.php\/wp-json\/wp\/v2\/media?parent=164865"}],"wp:term":[{"taxonomy":"category","embeddable":true,"href":"https:\/\/diariotextual.com\/inicio\/index.php\/wp-json\/wp\/v2\/categories?post=164865"},{"taxonomy":"post_tag","embeddable":true,"href":"https:\/\/diariotextual.com\/inicio\/index.php\/wp-json\/wp\/v2\/tags?post=164865"}],"curies":[{"name":"wp","href":"https:\/\/api.w.org\/{rel}","templated":true}]}}