{"id":164967,"date":"2021-10-13T19:37:08","date_gmt":"2021-10-13T22:37:08","guid":{"rendered":"https:\/\/diariotextual.com\/inicio\/?p=164967"},"modified":"2021-10-14T07:50:03","modified_gmt":"2021-10-14T10:50:03","slug":"la-nueva-terminal-de-omnibus-de-santa-rosa-costara-1957-millones","status":"publish","type":"post","link":"https:\/\/diariotextual.com\/inicio\/index.php\/2021\/10\/13\/la-nueva-terminal-de-omnibus-de-santa-rosa-costara-1957-millones\/","title":{"rendered":"La nueva terminal de \u00f3mnibus de Santa Rosa costar\u00e1 $1957 millones"},"content":{"rendered":"\n<p>El gobernador <strong>Sergio Ziliotto <\/strong>y el intendente<strong> Luciano di N\u00e1poli <\/strong>dieron a conocer este mi\u00e9rcoles el convenio de financiamiento para la obra de la nueva terminal de \u00f3mnibus, que se har\u00e1 en<strong> Santa Rosa<\/strong>. Tendr\u00e1<strong> un costo de 1.957 millones de pesos.<\/strong><\/p>\n\n\n\n<p>La obra se har\u00e1 en terrenos que anteriormente pertenec\u00edan al Servicio Penitenciario Federal, frente al barrio Procrear. Ser\u00e1 financiada por el Consejo Federal de Inversiones (CFI).<\/p>\n\n\n\n<p><strong>El proyecto contempla una superficie cubierta de 4.904 m2 y alrededor de 2.500 m2 semicubiertos. Es decir, totaliza una cantidad cercana a los 7.000 m2 de construcci\u00f3n, a los que se suman casi 26.000 m2 de \u00e1reas exteriores.<\/strong><\/p>\n\n\n\n<p>Seg\u00fan las autoridades<strong>, la ubicaci\u00f3n es estrat\u00e9gica para posibilitar un r\u00e1pido ingreso y egreso de colectivos. Tendr\u00e1 accesos por la ruta nacional 35 -es decir, la circunvalaci\u00f3n Santiago Marzo- y tambi\u00e9n por la nacional 5.<\/strong><\/p>\n\n\n\n<p>La actual terminal de \u00f3mnibus de la capital pampeana data de la d\u00e9cada del \u201960. Por aquellos a\u00f1os Santa Rosa ten\u00eda poco m\u00e1s de 25 mil habitantes y la ubicaci\u00f3n del edificio no implicaba un obst\u00e1culo en el desarrollo urban\u00edstico de la ciudad. Sesenta a\u00f1os despu\u00e9s, el crecimiento demogr\u00e1fico y la inexorable ampliaci\u00f3n del radio c\u00e9ntrico, requieren imperiosamente la reubicaci\u00f3n de la terminal para descongestionar y optimizar la seguridad en lo que a tr\u00e1nsito vehicular se refiere y, adem\u00e1s el necesario desarrollo urban\u00edstico que los tiempos actuales demandan.<\/p>\n\n\n\n<figure class=\"wp-block-image size-large\"><img fetchpriority=\"high\" decoding=\"async\" width=\"893\" height=\"570\" src=\"https:\/\/diariotextual.com\/inicio\/wp-content\/uploads\/2021\/10\/ziliottosergiodinapolilucianoterminalomnibus2021-12.jpg\" alt=\"\" class=\"wp-image-164999\" srcset=\"https:\/\/diariotextual.com\/inicio\/wp-content\/uploads\/2021\/10\/ziliottosergiodinapolilucianoterminalomnibus2021-12.jpg 893w, https:\/\/diariotextual.com\/inicio\/wp-content\/uploads\/2021\/10\/ziliottosergiodinapolilucianoterminalomnibus2021-12-300x191.jpg 300w, https:\/\/diariotextual.com\/inicio\/wp-content\/uploads\/2021\/10\/ziliottosergiodinapolilucianoterminalomnibus2021-12-768x490.jpg 768w, https:\/\/diariotextual.com\/inicio\/wp-content\/uploads\/2021\/10\/ziliottosergiodinapolilucianoterminalomnibus2021-12-585x373.jpg 585w\" sizes=\"(max-width: 893px) 100vw, 893px\" \/><\/figure>\n\n\n\n<p>Ziliotto dijo que el Ministerio de Transporte de Naci\u00f3n ya cuenta con el proyecto ejecutivo de la obra. \u201cEste es un paso important\u00edsimo que estamos dando, para saldar una deuda que tenemos con la ciudad capital. Para que tenga una terminal de \u00f3mnibus de acuerdo a su historia y con lo que se merece cada pampeano\u201d, sostuvo.<\/p>\n\n\n\n<p>\u201cEn 2019, yo present\u00e9 nuestro proyecto de Gobierno. En ese momento, lo dije claramente: Santa Rosa, a partir de la falta de acompa\u00f1amiento de ese Gobierno nacional (NdeR: por el de Mauricio Macri), ten\u00eda un gran d\u00e9ficit de su infraestructura. Y yo dije que iba a estar al lado de Luciano para empezar a resolver todos los problemas estructurales de Santa Rosa. Falta mucho, pero ya se mensura que hay una importante inversi\u00f3n. Lo que es la realidad, lo que se puede cotejar permanentemente. Hay ya una inversi\u00f3n p\u00fablica de 9 mil millones de pesos. Y eso se ve cotidianamente cada vez que salen a recorrer la ciudad\u201d, dijo.<\/p>\n\n\n\n<p>Defendi\u00f3 la ubicaci\u00f3n, frente a las cr\u00edticas de vecinos del Procrear. \u00abEsto no se reduce a un emprendimiento de 2 mil millones de pesos. Esto tiene una planificaci\u00f3n detr\u00e1s: un edificio que tiene que estar a la altura de la din\u00e1mica de la ciudad\u00bb, manifest\u00f3. <strong>\u00abPor eso el punto es estrat\u00e9gico para garantizar la accesibilidad de los veh\u00edculos\u00bb<\/strong>, manifest\u00f3.<\/p>\n\n\n\n<p>Di Napoli, a su turno, tambi\u00e9n defendi\u00f3 la obra. \u00abEs una gran obra, muy esperada por todos los santarrose\u00f1os y las santarrose\u00f1as\u00bb, sostuvo.  <strong>\u201cEstamos ante una obra de una magnitud so\u00f1ada\u201d<\/strong>, agreg\u00f3.<\/p>\n\n\n\n<p><\/p>\n\n\n\n<p><\/p>\n\n\n\n<p><\/p>\n","protected":false},"excerpt":{"rendered":"<p>El gobernador Sergio Ziliotto y el intendente Luciano di N\u00e1poli dieron a conocer este mi\u00e9rcoles el convenio de financiamiento para la obra de la nueva terminal de \u00f3mnibus, que se&hellip;<\/p>\n","protected":false},"author":3,"featured_media":164997,"comment_status":"closed","ping_status":"open","sticky":false,"template":"","format":"standard","meta":{"_acf_changed":false,"footnotes":""},"categories":[10,8],"tags":[929],"class_list":["post-164967","post","type-post","status-publish","format-standard","has-post-thumbnail","hentry","category-portada-2","category-politica","tag-terminal"],"acf":[],"yoast_head":"<!-- This site is optimized with the Yoast SEO plugin v27.5 - https:\/\/yoast.com\/product\/yoast-seo-wordpress\/ -->\n<title>La nueva terminal de \u00f3mnibus de Santa Rosa costar\u00e1 $1957 millones - Diario Textual<\/title>\n<meta name=\"robots\" content=\"index, follow, max-snippet:-1, max-image-preview:large, max-video-preview:-1\" \/>\n<link rel=\"canonical\" href=\"https:\/\/diariotextual.com\/inicio\/index.php\/2021\/10\/13\/la-nueva-terminal-de-omnibus-de-santa-rosa-costara-1957-millones\/\" \/>\n<meta property=\"og:locale\" content=\"es_ES\" \/>\n<meta property=\"og:type\" content=\"article\" \/>\n<meta property=\"og:title\" content=\"La nueva terminal de \u00f3mnibus de Santa Rosa costar\u00e1 $1957 millones - Diario Textual\" \/>\n<meta property=\"og:description\" content=\"El gobernador Sergio Ziliotto y el intendente Luciano di N\u00e1poli dieron a conocer este mi\u00e9rcoles el convenio de financiamiento para la obra de la nueva terminal de \u00f3mnibus, que se&hellip;\" \/>\n<meta property=\"og:url\" content=\"https:\/\/diariotextual.com\/inicio\/index.php\/2021\/10\/13\/la-nueva-terminal-de-omnibus-de-santa-rosa-costara-1957-millones\/\" \/>\n<meta property=\"og:site_name\" content=\"Diario Textual\" \/>\n<meta property=\"article:publisher\" content=\"https:\/\/www.facebook.com\/eltextual\" \/>\n<meta property=\"article:published_time\" content=\"2021-10-13T22:37:08+00:00\" \/>\n<meta property=\"article:modified_time\" content=\"2021-10-14T10:50:03+00:00\" \/>\n<meta property=\"og:image\" content=\"https:\/\/diariotextual.com\/inicio\/wp-content\/uploads\/2021\/10\/terminaldeomnibussantarosaziliottosergio2021-2.jpg\" \/>\n\t<meta property=\"og:image:width\" content=\"915\" \/>\n\t<meta property=\"og:image:height\" content=\"604\" \/>\n\t<meta property=\"og:image:type\" content=\"image\/jpeg\" \/>\n<meta name=\"author\" content=\"Diario1 Diario1\" \/>\n<meta name=\"twitter:card\" content=\"summary_large_image\" \/>\n<meta name=\"twitter:creator\" content=\"@eltextual\" \/>\n<meta name=\"twitter:site\" content=\"@eltextual\" \/>\n<meta name=\"twitter:label1\" content=\"Escrito por\" \/>\n\t<meta name=\"twitter:data1\" content=\"Diario1 Diario1\" \/>\n\t<meta name=\"twitter:label2\" content=\"Tiempo de lectura\" \/>\n\t<meta name=\"twitter:data2\" content=\"3 minutos\" \/>\n<script type=\"application\/ld+json\" class=\"yoast-schema-graph\">{\"@context\":\"https:\\\/\\\/schema.org\",\"@graph\":[{\"@type\":\"Article\",\"@id\":\"https:\\\/\\\/diariotextual.com\\\/inicio\\\/index.php\\\/2021\\\/10\\\/13\\\/la-nueva-terminal-de-omnibus-de-santa-rosa-costara-1957-millones\\\/#article\",\"isPartOf\":{\"@id\":\"https:\\\/\\\/diariotextual.com\\\/inicio\\\/index.php\\\/2021\\\/10\\\/13\\\/la-nueva-terminal-de-omnibus-de-santa-rosa-costara-1957-millones\\\/\"},\"author\":{\"name\":\"Diario1 Diario1\",\"@id\":\"https:\\\/\\\/diariotextual.com\\\/inicio\\\/#\\\/schema\\\/person\\\/418fc4093c33e86ed41562db3508f958\"},\"headline\":\"La nueva terminal de \u00f3mnibus de Santa Rosa costar\u00e1 $1957 millones\",\"datePublished\":\"2021-10-13T22:37:08+00:00\",\"dateModified\":\"2021-10-14T10:50:03+00:00\",\"mainEntityOfPage\":{\"@id\":\"https:\\\/\\\/diariotextual.com\\\/inicio\\\/index.php\\\/2021\\\/10\\\/13\\\/la-nueva-terminal-de-omnibus-de-santa-rosa-costara-1957-millones\\\/\"},\"wordCount\":529,\"publisher\":{\"@id\":\"https:\\\/\\\/diariotextual.com\\\/inicio\\\/#organization\"},\"image\":{\"@id\":\"https:\\\/\\\/diariotextual.com\\\/inicio\\\/index.php\\\/2021\\\/10\\\/13\\\/la-nueva-terminal-de-omnibus-de-santa-rosa-costara-1957-millones\\\/#primaryimage\"},\"thumbnailUrl\":\"https:\\\/\\\/diariotextual.com\\\/inicio\\\/wp-content\\\/uploads\\\/2021\\\/10\\\/terminaldeomnibussantarosaziliottosergio2021-2.jpg\",\"keywords\":[\"terminal\"],\"articleSection\":[\"A - PORTADA2\",\"POLITICA\"],\"inLanguage\":\"es\"},{\"@type\":\"WebPage\",\"@id\":\"https:\\\/\\\/diariotextual.com\\\/inicio\\\/index.php\\\/2021\\\/10\\\/13\\\/la-nueva-terminal-de-omnibus-de-santa-rosa-costara-1957-millones\\\/\",\"url\":\"https:\\\/\\\/diariotextual.com\\\/inicio\\\/index.php\\\/2021\\\/10\\\/13\\\/la-nueva-terminal-de-omnibus-de-santa-rosa-costara-1957-millones\\\/\",\"name\":\"La nueva terminal de \u00f3mnibus de Santa Rosa costar\u00e1 $1957 millones - Diario Textual\",\"isPartOf\":{\"@id\":\"https:\\\/\\\/diariotextual.com\\\/inicio\\\/#website\"},\"primaryImageOfPage\":{\"@id\":\"https:\\\/\\\/diariotextual.com\\\/inicio\\\/index.php\\\/2021\\\/10\\\/13\\\/la-nueva-terminal-de-omnibus-de-santa-rosa-costara-1957-millones\\\/#primaryimage\"},\"image\":{\"@id\":\"https:\\\/\\\/diariotextual.com\\\/inicio\\\/index.php\\\/2021\\\/10\\\/13\\\/la-nueva-terminal-de-omnibus-de-santa-rosa-costara-1957-millones\\\/#primaryimage\"},\"thumbnailUrl\":\"https:\\\/\\\/diariotextual.com\\\/inicio\\\/wp-content\\\/uploads\\\/2021\\\/10\\\/terminaldeomnibussantarosaziliottosergio2021-2.jpg\",\"datePublished\":\"2021-10-13T22:37:08+00:00\",\"dateModified\":\"2021-10-14T10:50:03+00:00\",\"breadcrumb\":{\"@id\":\"https:\\\/\\\/diariotextual.com\\\/inicio\\\/index.php\\\/2021\\\/10\\\/13\\\/la-nueva-terminal-de-omnibus-de-santa-rosa-costara-1957-millones\\\/#breadcrumb\"},\"inLanguage\":\"es\",\"potentialAction\":[{\"@type\":\"ReadAction\",\"target\":[\"https:\\\/\\\/diariotextual.com\\\/inicio\\\/index.php\\\/2021\\\/10\\\/13\\\/la-nueva-terminal-de-omnibus-de-santa-rosa-costara-1957-millones\\\/\"]}]},{\"@type\":\"ImageObject\",\"inLanguage\":\"es\",\"@id\":\"https:\\\/\\\/diariotextual.com\\\/inicio\\\/index.php\\\/2021\\\/10\\\/13\\\/la-nueva-terminal-de-omnibus-de-santa-rosa-costara-1957-millones\\\/#primaryimage\",\"url\":\"https:\\\/\\\/diariotextual.com\\\/inicio\\\/wp-content\\\/uploads\\\/2021\\\/10\\\/terminaldeomnibussantarosaziliottosergio2021-2.jpg\",\"contentUrl\":\"https:\\\/\\\/diariotextual.com\\\/inicio\\\/wp-content\\\/uploads\\\/2021\\\/10\\\/terminaldeomnibussantarosaziliottosergio2021-2.jpg\",\"width\":915,\"height\":604},{\"@type\":\"BreadcrumbList\",\"@id\":\"https:\\\/\\\/diariotextual.com\\\/inicio\\\/index.php\\\/2021\\\/10\\\/13\\\/la-nueva-terminal-de-omnibus-de-santa-rosa-costara-1957-millones\\\/#breadcrumb\",\"itemListElement\":[{\"@type\":\"ListItem\",\"position\":1,\"name\":\"Portada\",\"item\":\"https:\\\/\\\/diariotextual.com\\\/inicio\\\/\"},{\"@type\":\"ListItem\",\"position\":2,\"name\":\"La nueva terminal de \u00f3mnibus de Santa Rosa costar\u00e1 $1957 millones\"}]},{\"@type\":\"WebSite\",\"@id\":\"https:\\\/\\\/diariotextual.com\\\/inicio\\\/#website\",\"url\":\"https:\\\/\\\/diariotextual.com\\\/inicio\\\/\",\"name\":\"Diario Textual\",\"description\":\"\",\"publisher\":{\"@id\":\"https:\\\/\\\/diariotextual.com\\\/inicio\\\/#organization\"},\"potentialAction\":[{\"@type\":\"SearchAction\",\"target\":{\"@type\":\"EntryPoint\",\"urlTemplate\":\"https:\\\/\\\/diariotextual.com\\\/inicio\\\/?s={search_term_string}\"},\"query-input\":{\"@type\":\"PropertyValueSpecification\",\"valueRequired\":true,\"valueName\":\"search_term_string\"}}],\"inLanguage\":\"es\"},{\"@type\":\"Organization\",\"@id\":\"https:\\\/\\\/diariotextual.com\\\/inicio\\\/#organization\",\"name\":\"Diario Textual\",\"url\":\"https:\\\/\\\/diariotextual.com\\\/inicio\\\/\",\"logo\":{\"@type\":\"ImageObject\",\"inLanguage\":\"es\",\"@id\":\"https:\\\/\\\/diariotextual.com\\\/inicio\\\/#\\\/schema\\\/logo\\\/image\\\/\",\"url\":\"https:\\\/\\\/diariotextual.com\\\/inicio\\\/wp-content\\\/uploads\\\/2023\\\/05\\\/logotextual1.jpg\",\"contentUrl\":\"https:\\\/\\\/diariotextual.com\\\/inicio\\\/wp-content\\\/uploads\\\/2023\\\/05\\\/logotextual1.jpg\",\"width\":516,\"height\":76,\"caption\":\"Diario Textual\"},\"image\":{\"@id\":\"https:\\\/\\\/diariotextual.com\\\/inicio\\\/#\\\/schema\\\/logo\\\/image\\\/\"},\"sameAs\":[\"https:\\\/\\\/www.facebook.com\\\/eltextual\",\"https:\\\/\\\/x.com\\\/eltextual\",\"http:\\\/\\\/www.instagram.com\\\/eltextual\"]},{\"@type\":\"Person\",\"@id\":\"https:\\\/\\\/diariotextual.com\\\/inicio\\\/#\\\/schema\\\/person\\\/418fc4093c33e86ed41562db3508f958\",\"name\":\"Diario1 Diario1\",\"image\":{\"@type\":\"ImageObject\",\"inLanguage\":\"es\",\"@id\":\"https:\\\/\\\/secure.gravatar.com\\\/avatar\\\/9167d280179c85bc18be67aa7eda765854300033af4896dd779b608640f2ef7a?s=96&d=mm&r=g\",\"url\":\"https:\\\/\\\/secure.gravatar.com\\\/avatar\\\/9167d280179c85bc18be67aa7eda765854300033af4896dd779b608640f2ef7a?s=96&d=mm&r=g\",\"contentUrl\":\"https:\\\/\\\/secure.gravatar.com\\\/avatar\\\/9167d280179c85bc18be67aa7eda765854300033af4896dd779b608640f2ef7a?s=96&d=mm&r=g\",\"caption\":\"Diario1 Diario1\"},\"url\":\"https:\\\/\\\/diariotextual.com\\\/inicio\\\/index.php\\\/author\\\/diario1\\\/\"}]}<\/script>\n<!-- \/ Yoast SEO plugin. -->","yoast_head_json":{"title":"La nueva terminal de \u00f3mnibus de Santa Rosa costar\u00e1 $1957 millones - Diario Textual","robots":{"index":"index","follow":"follow","max-snippet":"max-snippet:-1","max-image-preview":"max-image-preview:large","max-video-preview":"max-video-preview:-1"},"canonical":"https:\/\/diariotextual.com\/inicio\/index.php\/2021\/10\/13\/la-nueva-terminal-de-omnibus-de-santa-rosa-costara-1957-millones\/","og_locale":"es_ES","og_type":"article","og_title":"La nueva terminal de \u00f3mnibus de Santa Rosa costar\u00e1 $1957 millones - Diario Textual","og_description":"El gobernador Sergio Ziliotto y el intendente Luciano di N\u00e1poli dieron a conocer este mi\u00e9rcoles el convenio de financiamiento para la obra de la nueva terminal de \u00f3mnibus, que se&hellip;","og_url":"https:\/\/diariotextual.com\/inicio\/index.php\/2021\/10\/13\/la-nueva-terminal-de-omnibus-de-santa-rosa-costara-1957-millones\/","og_site_name":"Diario Textual","article_publisher":"https:\/\/www.facebook.com\/eltextual","article_published_time":"2021-10-13T22:37:08+00:00","article_modified_time":"2021-10-14T10:50:03+00:00","og_image":[{"width":915,"height":604,"url":"https:\/\/diariotextual.com\/inicio\/wp-content\/uploads\/2021\/10\/terminaldeomnibussantarosaziliottosergio2021-2.jpg","type":"image\/jpeg"}],"author":"Diario1 Diario1","twitter_card":"summary_large_image","twitter_creator":"@eltextual","twitter_site":"@eltextual","twitter_misc":{"Escrito por":"Diario1 Diario1","Tiempo de lectura":"3 minutos"},"schema":{"@context":"https:\/\/schema.org","@graph":[{"@type":"Article","@id":"https:\/\/diariotextual.com\/inicio\/index.php\/2021\/10\/13\/la-nueva-terminal-de-omnibus-de-santa-rosa-costara-1957-millones\/#article","isPartOf":{"@id":"https:\/\/diariotextual.com\/inicio\/index.php\/2021\/10\/13\/la-nueva-terminal-de-omnibus-de-santa-rosa-costara-1957-millones\/"},"author":{"name":"Diario1 Diario1","@id":"https:\/\/diariotextual.com\/inicio\/#\/schema\/person\/418fc4093c33e86ed41562db3508f958"},"headline":"La nueva terminal de \u00f3mnibus de Santa Rosa costar\u00e1 $1957 millones","datePublished":"2021-10-13T22:37:08+00:00","dateModified":"2021-10-14T10:50:03+00:00","mainEntityOfPage":{"@id":"https:\/\/diariotextual.com\/inicio\/index.php\/2021\/10\/13\/la-nueva-terminal-de-omnibus-de-santa-rosa-costara-1957-millones\/"},"wordCount":529,"publisher":{"@id":"https:\/\/diariotextual.com\/inicio\/#organization"},"image":{"@id":"https:\/\/diariotextual.com\/inicio\/index.php\/2021\/10\/13\/la-nueva-terminal-de-omnibus-de-santa-rosa-costara-1957-millones\/#primaryimage"},"thumbnailUrl":"https:\/\/diariotextual.com\/inicio\/wp-content\/uploads\/2021\/10\/terminaldeomnibussantarosaziliottosergio2021-2.jpg","keywords":["terminal"],"articleSection":["A - PORTADA2","POLITICA"],"inLanguage":"es"},{"@type":"WebPage","@id":"https:\/\/diariotextual.com\/inicio\/index.php\/2021\/10\/13\/la-nueva-terminal-de-omnibus-de-santa-rosa-costara-1957-millones\/","url":"https:\/\/diariotextual.com\/inicio\/index.php\/2021\/10\/13\/la-nueva-terminal-de-omnibus-de-santa-rosa-costara-1957-millones\/","name":"La nueva terminal de \u00f3mnibus de Santa Rosa costar\u00e1 $1957 millones - Diario Textual","isPartOf":{"@id":"https:\/\/diariotextual.com\/inicio\/#website"},"primaryImageOfPage":{"@id":"https:\/\/diariotextual.com\/inicio\/index.php\/2021\/10\/13\/la-nueva-terminal-de-omnibus-de-santa-rosa-costara-1957-millones\/#primaryimage"},"image":{"@id":"https:\/\/diariotextual.com\/inicio\/index.php\/2021\/10\/13\/la-nueva-terminal-de-omnibus-de-santa-rosa-costara-1957-millones\/#primaryimage"},"thumbnailUrl":"https:\/\/diariotextual.com\/inicio\/wp-content\/uploads\/2021\/10\/terminaldeomnibussantarosaziliottosergio2021-2.jpg","datePublished":"2021-10-13T22:37:08+00:00","dateModified":"2021-10-14T10:50:03+00:00","breadcrumb":{"@id":"https:\/\/diariotextual.com\/inicio\/index.php\/2021\/10\/13\/la-nueva-terminal-de-omnibus-de-santa-rosa-costara-1957-millones\/#breadcrumb"},"inLanguage":"es","potentialAction":[{"@type":"ReadAction","target":["https:\/\/diariotextual.com\/inicio\/index.php\/2021\/10\/13\/la-nueva-terminal-de-omnibus-de-santa-rosa-costara-1957-millones\/"]}]},{"@type":"ImageObject","inLanguage":"es","@id":"https:\/\/diariotextual.com\/inicio\/index.php\/2021\/10\/13\/la-nueva-terminal-de-omnibus-de-santa-rosa-costara-1957-millones\/#primaryimage","url":"https:\/\/diariotextual.com\/inicio\/wp-content\/uploads\/2021\/10\/terminaldeomnibussantarosaziliottosergio2021-2.jpg","contentUrl":"https:\/\/diariotextual.com\/inicio\/wp-content\/uploads\/2021\/10\/terminaldeomnibussantarosaziliottosergio2021-2.jpg","width":915,"height":604},{"@type":"BreadcrumbList","@id":"https:\/\/diariotextual.com\/inicio\/index.php\/2021\/10\/13\/la-nueva-terminal-de-omnibus-de-santa-rosa-costara-1957-millones\/#breadcrumb","itemListElement":[{"@type":"ListItem","position":1,"name":"Portada","item":"https:\/\/diariotextual.com\/inicio\/"},{"@type":"ListItem","position":2,"name":"La nueva terminal de \u00f3mnibus de Santa Rosa costar\u00e1 $1957 millones"}]},{"@type":"WebSite","@id":"https:\/\/diariotextual.com\/inicio\/#website","url":"https:\/\/diariotextual.com\/inicio\/","name":"Diario Textual","description":"","publisher":{"@id":"https:\/\/diariotextual.com\/inicio\/#organization"},"potentialAction":[{"@type":"SearchAction","target":{"@type":"EntryPoint","urlTemplate":"https:\/\/diariotextual.com\/inicio\/?s={search_term_string}"},"query-input":{"@type":"PropertyValueSpecification","valueRequired":true,"valueName":"search_term_string"}}],"inLanguage":"es"},{"@type":"Organization","@id":"https:\/\/diariotextual.com\/inicio\/#organization","name":"Diario Textual","url":"https:\/\/diariotextual.com\/inicio\/","logo":{"@type":"ImageObject","inLanguage":"es","@id":"https:\/\/diariotextual.com\/inicio\/#\/schema\/logo\/image\/","url":"https:\/\/diariotextual.com\/inicio\/wp-content\/uploads\/2023\/05\/logotextual1.jpg","contentUrl":"https:\/\/diariotextual.com\/inicio\/wp-content\/uploads\/2023\/05\/logotextual1.jpg","width":516,"height":76,"caption":"Diario Textual"},"image":{"@id":"https:\/\/diariotextual.com\/inicio\/#\/schema\/logo\/image\/"},"sameAs":["https:\/\/www.facebook.com\/eltextual","https:\/\/x.com\/eltextual","http:\/\/www.instagram.com\/eltextual"]},{"@type":"Person","@id":"https:\/\/diariotextual.com\/inicio\/#\/schema\/person\/418fc4093c33e86ed41562db3508f958","name":"Diario1 Diario1","image":{"@type":"ImageObject","inLanguage":"es","@id":"https:\/\/secure.gravatar.com\/avatar\/9167d280179c85bc18be67aa7eda765854300033af4896dd779b608640f2ef7a?s=96&d=mm&r=g","url":"https:\/\/secure.gravatar.com\/avatar\/9167d280179c85bc18be67aa7eda765854300033af4896dd779b608640f2ef7a?s=96&d=mm&r=g","contentUrl":"https:\/\/secure.gravatar.com\/avatar\/9167d280179c85bc18be67aa7eda765854300033af4896dd779b608640f2ef7a?s=96&d=mm&r=g","caption":"Diario1 Diario1"},"url":"https:\/\/diariotextual.com\/inicio\/index.php\/author\/diario1\/"}]}},"_links":{"self":[{"href":"https:\/\/diariotextual.com\/inicio\/index.php\/wp-json\/wp\/v2\/posts\/164967","targetHints":{"allow":["GET"]}}],"collection":[{"href":"https:\/\/diariotextual.com\/inicio\/index.php\/wp-json\/wp\/v2\/posts"}],"about":[{"href":"https:\/\/diariotextual.com\/inicio\/index.php\/wp-json\/wp\/v2\/types\/post"}],"author":[{"embeddable":true,"href":"https:\/\/diariotextual.com\/inicio\/index.php\/wp-json\/wp\/v2\/users\/3"}],"replies":[{"embeddable":true,"href":"https:\/\/diariotextual.com\/inicio\/index.php\/wp-json\/wp\/v2\/comments?post=164967"}],"version-history":[{"count":10,"href":"https:\/\/diariotextual.com\/inicio\/index.php\/wp-json\/wp\/v2\/posts\/164967\/revisions"}],"predecessor-version":[{"id":165003,"href":"https:\/\/diariotextual.com\/inicio\/index.php\/wp-json\/wp\/v2\/posts\/164967\/revisions\/165003"}],"wp:featuredmedia":[{"embeddable":true,"href":"https:\/\/diariotextual.com\/inicio\/index.php\/wp-json\/wp\/v2\/media\/164997"}],"wp:attachment":[{"href":"https:\/\/diariotextual.com\/inicio\/index.php\/wp-json\/wp\/v2\/media?parent=164967"}],"wp:term":[{"taxonomy":"category","embeddable":true,"href":"https:\/\/diariotextual.com\/inicio\/index.php\/wp-json\/wp\/v2\/categories?post=164967"},{"taxonomy":"post_tag","embeddable":true,"href":"https:\/\/diariotextual.com\/inicio\/index.php\/wp-json\/wp\/v2\/tags?post=164967"}],"curies":[{"name":"wp","href":"https:\/\/api.w.org\/{rel}","templated":true}]}}