{"id":165044,"date":"2021-10-14T09:06:24","date_gmt":"2021-10-14T12:06:24","guid":{"rendered":"https:\/\/diariotextual.com\/inicio\/?p=165044"},"modified":"2021-10-14T17:10:44","modified_gmt":"2021-10-14T20:10:44","slug":"la-oposicion-rechaza-las-contrataciones-directas-para-la-fiesta-nacional-del-teatro-y-hay-incertidumbre-por-el-evento","status":"publish","type":"post","link":"https:\/\/diariotextual.com\/inicio\/index.php\/2021\/10\/14\/la-oposicion-rechaza-las-contrataciones-directas-para-la-fiesta-nacional-del-teatro-y-hay-incertidumbre-por-el-evento\/","title":{"rendered":"La oposici\u00f3n rechaz\u00f3 las contrataciones directas para la Fiesta Nacional del Teatro"},"content":{"rendered":"\n<p>El concejo deliberante de Santa Rosa rechaz\u00f3 este jueves dos proyectos de ordenanza enviados por el Ejecutivo en los que pidi\u00f3 autorizaci\u00f3n para la <strong><a href=\"https:\/\/diariotextual.com\/inicio\/index.php\/2021\/10\/13\/fiesta-del-teatro-piden-autorizacion-para-contrataciones-directas-de-alojamiento-y-traslado\/\" target=\"_blank\" rel=\"noreferrer noopener\">contrataci\u00f3n directa de los servicios de transporte y hoteler\u00eda para la 35\u00ba Fiesta Nacional del Teatro.<\/a><\/strong> <strong>La oposici\u00f3n se opuso <\/strong>y le pidi\u00f3 al oficialismo que \u201csalga de la comodidad\u201d de las contrataciones directas. <\/p>\n\n\n\n<p><strong>Trabajadores del teatro pampeano y hoteleros fueron a la sesi\u00f3n y pidieron por la aprobaci\u00f3n.<\/strong> \u201cEstamos sobre la fiesta y hay que resolverlo\u201d, pidi\u00f3 la actriz Carolina Vergara.<\/p>\n\n\n\n<figure class=\"wp-block-embed is-type-wp-embed is-provider-diario-textual wp-block-embed-diario-textual\"><div class=\"wp-block-embed__wrapper\">\n<blockquote class=\"wp-embedded-content\" data-secret=\"jcLf7smvKE\"><a href=\"https:\/\/diariotextual.com\/inicio\/index.php\/2021\/10\/14\/por-ahora-esta-suspendida-la-fiesta-nacional-del-teatro\/\">&#8220;Por ahora est\u00e1 suspendida la Fiesta Nacional del Teatro&#8221;<\/a><\/blockquote><iframe class=\"wp-embedded-content\" sandbox=\"allow-scripts\" security=\"restricted\" style=\"position: absolute; clip: rect(1px, 1px, 1px, 1px);\" title=\"\u00ab&#8220;Por ahora est\u00e1 suspendida la Fiesta Nacional del Teatro&#8221;\u00bb \u2014 Diario Textual\" src=\"https:\/\/diariotextual.com\/inicio\/index.php\/2021\/10\/14\/por-ahora-esta-suspendida-la-fiesta-nacional-del-teatro\/embed\/#?secret=jcLf7smvKE\" data-secret=\"jcLf7smvKE\" width=\"600\" height=\"338\" frameborder=\"0\" marginwidth=\"0\" marginheight=\"0\" scrolling=\"no\"><\/iframe>\n<\/div><\/figure>\n\n\n\n<p>Para la aprobaci\u00f3n de las contrataciones directas se requer\u00eda de ocho votos, es decir una mayor\u00eda especial. La totalidad de la oposici\u00f3n vot\u00f3 en contra, por lo que no le alcanz\u00f3 al oficialismo para darle luz verde a la solicitud del Ejecutivo. <\/p>\n\n\n\n<div style=\"height:100px\" aria-hidden=\"true\" class=\"wp-block-spacer\"><\/div>\n\n\n\n<p><strong>\u201cComodidad\u201d<\/strong><\/p>\n\n\n\n<p>El concejal <strong>Pablo Pera (Frepam)<\/strong>, como parte informante de la oposici\u00f3n, le pidi\u00f3 al oficialismo que <strong>\u201csalga de la comodidad de las contrataciones directas\u201d<\/strong> para lograr una mayor transparencia en la gesti\u00f3n municipal.<strong> \u201cLas licitaciones p\u00fablicas garantizan transparencia y pluralidad de oferentes\u201d<\/strong>, dijo.<\/p>\n\n\n\n<p><strong>Gustavo Estavilla<\/strong>, tambi\u00e9n del Frepam, dijo que no est\u00e1n en contra del evento. <strong>\u201cNo estamos en contra de la fiesta, solo cuestionamos el manejo discrecional del Ejecutivo con las contrataciones directas<\/strong>\u00ab, sostuvo.<\/p>\n\n\n\n<div style=\"height:100px\" aria-hidden=\"true\" class=\"wp-block-spacer\"><\/div>\n\n\n\n<p><strong>4,5 millones para transporte y hoteles<\/strong><\/p>\n\n\n\n<p>Seg\u00fan inform\u00f3 el secretario de Hacienda, Pablo Echeveste, <strong>el pedido de autorizaci\u00f3n era para contratar de manera directa servicios de traslado y hospedaje por 4,5 millones de pesos.<\/strong> Los aportes provienen de diersos auspiciantes, del Banco de La Pampa y de la Secretar\u00eda de Asuntos Municipales de La Pampa.<\/p>\n\n\n\n<p>La fiesta se realizar\u00e1 del 23 al 30 de octubre en Santa Rosa y contar\u00e1 con 130 funciones. Ser\u00e1n protagonistas de la programaci\u00f3n 32 espect\u00e1culos de todas las provincias y la ciudad de Buenos Aires, ganadores de las Fiestas Provinciales que organiza el Instituto Nacional de Teatro (INT). Adem\u00e1s, completar\u00e1n la grilla m\u00e1s de\u00a010 espect\u00e1culos invitados provenientes de distintas regiones del pa\u00eds.<\/p>\n\n\n\n<div style=\"height:100px\" aria-hidden=\"true\" class=\"wp-block-spacer\"><\/div>\n\n\n\n<p><strong>\u201cAtenta contra la transparencia\u201d<\/strong><\/p>\n\n\n\n<p>Antes de la sesi\u00f3n, los bloques opositores distribuyeron un documento en la prensa en la que explicaron el motivo del rechazo a los proyectos.  <\/p>\n\n\n\n<p>\u201cEl intendente pretende evadir los procedimientos de licitaci\u00f3n previstos legalmente para este tipo de casos.&nbsp;La contrataci\u00f3n directa de bienes y servicios atenta contra la transparencia y lamentablemente no es un hecho aislado en esta gesti\u00f3n. M\u00e1s bien es una pr\u00e1ctica impuesta en estos dos a\u00f1os de gobierno\u201d, dijeron los opositores en un comunicado.<\/p>\n\n\n\n<p>Sostuvieron que \u201cestas maniobras y la injustificada demora en la presentaci\u00f3n de rendiciones de cuentas impiden avalar los proyectos de ordenanza en discusi\u00f3n\u201d.\u00a0<\/p>\n\n\n\n<div style=\"height:100px\" aria-hidden=\"true\" class=\"wp-block-spacer\"><\/div>\n\n\n\n<p><strong>\u201cFalaz campa\u00f1a\u201d<\/strong><\/p>\n\n\n\n<p>\u201cNo estamos dispuestos a autorizar a este gobierno a apartarse de la ley de contrataciones, y le exigimos al intendente la realizaci\u00f3n de una licitaci\u00f3n para la contrataci\u00f3n del hospedaje y transporte de elencos para la Fiesta Nacional del Teatro a celebrarse en nuestra ciudad\u201d, reclamaron.<\/p>\n\n\n\n<p>\u201cNos vemos en la necesidad de aclarar nuestra postura a ra\u00edz de la falaz campa\u00f1a iniciada por funcionarios del gobierno municipal, donde se nos acusa de estar en contra de la realizaci\u00f3n del citado evento. Pretendemos que se haga la Fiesta Nacional del Teatro, pero en el marco de la ley vigente. Esta fiesta est\u00e1 siendo anunciada y promocionada desde noviembre de 2020, tiempo m\u00e1s que suficiente para realizar las contrataciones de manera transparente. A\u00fan hay tiempo de realizarlas. Los dineros de la ciudad son de todos. No es funci\u00f3n del concejo deliberante autorizar a los funcionarios a hacer un manejo discrecional de los fondos p\u00fablicos, sino controlar su adecuada inversi\u00f3n\u201d, agregaron.<\/p>\n\n\n\n<figure class=\"wp-block-image size-large\"><img fetchpriority=\"high\" decoding=\"async\" width=\"766\" height=\"523\" src=\"https:\/\/diariotextual.com\/inicio\/wp-content\/uploads\/2021\/10\/teatrerosCD4389.jpg\" alt=\"\" class=\"wp-image-165062\" srcset=\"https:\/\/diariotextual.com\/inicio\/wp-content\/uploads\/2021\/10\/teatrerosCD4389.jpg 766w, https:\/\/diariotextual.com\/inicio\/wp-content\/uploads\/2021\/10\/teatrerosCD4389-300x205.jpg 300w, https:\/\/diariotextual.com\/inicio\/wp-content\/uploads\/2021\/10\/teatrerosCD4389-585x399.jpg 585w\" sizes=\"(max-width: 766px) 100vw, 766px\" \/><figcaption>Teatreros fueron al CD <\/figcaption><\/figure>\n\n\n\n<p><\/p>\n","protected":false},"excerpt":{"rendered":"<p>El concejo deliberante de Santa Rosa rechaz\u00f3 este jueves dos proyectos de ordenanza enviados por el Ejecutivo en los que pidi\u00f3 autorizaci\u00f3n para la contrataci\u00f3n directa de los servicios de&hellip;<\/p>\n","protected":false},"author":7,"featured_media":165065,"comment_status":"closed","ping_status":"open","sticky":false,"template":"","format":"standard","meta":{"_acf_changed":false,"footnotes":""},"categories":[1,8],"tags":[6158,6157],"class_list":["post-165044","post","type-post","status-publish","format-standard","has-post-thumbnail","hentry","category-es-noticia","category-politica","tag-contrataciones-directas","tag-fiesta-del-teatro"],"acf":[],"yoast_head":"<!-- This site is optimized with the Yoast SEO plugin v27.5 - https:\/\/yoast.com\/product\/yoast-seo-wordpress\/ -->\n<title>La oposici\u00f3n rechaz\u00f3 las contrataciones directas para la Fiesta Nacional del Teatro - Diario Textual<\/title>\n<meta name=\"robots\" content=\"index, follow, max-snippet:-1, max-image-preview:large, max-video-preview:-1\" \/>\n<link rel=\"canonical\" href=\"https:\/\/diariotextual.com\/inicio\/index.php\/2021\/10\/14\/la-oposicion-rechaza-las-contrataciones-directas-para-la-fiesta-nacional-del-teatro-y-hay-incertidumbre-por-el-evento\/\" \/>\n<meta property=\"og:locale\" content=\"es_ES\" \/>\n<meta property=\"og:type\" content=\"article\" \/>\n<meta property=\"og:title\" content=\"La oposici\u00f3n rechaz\u00f3 las contrataciones directas para la Fiesta Nacional del Teatro - Diario Textual\" \/>\n<meta property=\"og:description\" content=\"El concejo deliberante de Santa Rosa rechaz\u00f3 este jueves dos proyectos de ordenanza enviados por el Ejecutivo en los que pidi\u00f3 autorizaci\u00f3n para la contrataci\u00f3n directa de los servicios de&hellip;\" \/>\n<meta property=\"og:url\" content=\"https:\/\/diariotextual.com\/inicio\/index.php\/2021\/10\/14\/la-oposicion-rechaza-las-contrataciones-directas-para-la-fiesta-nacional-del-teatro-y-hay-incertidumbre-por-el-evento\/\" \/>\n<meta property=\"og:site_name\" content=\"Diario Textual\" \/>\n<meta property=\"article:publisher\" content=\"https:\/\/www.facebook.com\/eltextual\" \/>\n<meta property=\"article:published_time\" content=\"2021-10-14T12:06:24+00:00\" \/>\n<meta property=\"article:modified_time\" content=\"2021-10-14T20:10:44+00:00\" \/>\n<meta property=\"og:image\" content=\"https:\/\/diariotextual.com\/inicio\/wp-content\/uploads\/2021\/10\/CDsantarosateatro45.jpg\" \/>\n\t<meta property=\"og:image:width\" content=\"826\" \/>\n\t<meta property=\"og:image:height\" content=\"507\" \/>\n\t<meta property=\"og:image:type\" content=\"image\/jpeg\" \/>\n<meta name=\"author\" content=\"diario5\" \/>\n<meta name=\"twitter:card\" content=\"summary_large_image\" \/>\n<meta name=\"twitter:creator\" content=\"@eltextual\" \/>\n<meta name=\"twitter:site\" content=\"@eltextual\" \/>\n<meta name=\"twitter:label1\" content=\"Escrito por\" \/>\n\t<meta name=\"twitter:data1\" content=\"diario5\" \/>\n\t<meta name=\"twitter:label2\" content=\"Tiempo de lectura\" \/>\n\t<meta name=\"twitter:data2\" content=\"3 minutos\" \/>\n<script type=\"application\/ld+json\" class=\"yoast-schema-graph\">{\"@context\":\"https:\\\/\\\/schema.org\",\"@graph\":[{\"@type\":\"Article\",\"@id\":\"https:\\\/\\\/diariotextual.com\\\/inicio\\\/index.php\\\/2021\\\/10\\\/14\\\/la-oposicion-rechaza-las-contrataciones-directas-para-la-fiesta-nacional-del-teatro-y-hay-incertidumbre-por-el-evento\\\/#article\",\"isPartOf\":{\"@id\":\"https:\\\/\\\/diariotextual.com\\\/inicio\\\/index.php\\\/2021\\\/10\\\/14\\\/la-oposicion-rechaza-las-contrataciones-directas-para-la-fiesta-nacional-del-teatro-y-hay-incertidumbre-por-el-evento\\\/\"},\"author\":{\"name\":\"diario5\",\"@id\":\"https:\\\/\\\/diariotextual.com\\\/inicio\\\/#\\\/schema\\\/person\\\/c7834961ad8b29b1d9cdbf4571299067\"},\"headline\":\"La oposici\u00f3n rechaz\u00f3 las contrataciones directas para la Fiesta Nacional del Teatro\",\"datePublished\":\"2021-10-14T12:06:24+00:00\",\"dateModified\":\"2021-10-14T20:10:44+00:00\",\"mainEntityOfPage\":{\"@id\":\"https:\\\/\\\/diariotextual.com\\\/inicio\\\/index.php\\\/2021\\\/10\\\/14\\\/la-oposicion-rechaza-las-contrataciones-directas-para-la-fiesta-nacional-del-teatro-y-hay-incertidumbre-por-el-evento\\\/\"},\"wordCount\":650,\"publisher\":{\"@id\":\"https:\\\/\\\/diariotextual.com\\\/inicio\\\/#organization\"},\"image\":{\"@id\":\"https:\\\/\\\/diariotextual.com\\\/inicio\\\/index.php\\\/2021\\\/10\\\/14\\\/la-oposicion-rechaza-las-contrataciones-directas-para-la-fiesta-nacional-del-teatro-y-hay-incertidumbre-por-el-evento\\\/#primaryimage\"},\"thumbnailUrl\":\"https:\\\/\\\/diariotextual.com\\\/inicio\\\/wp-content\\\/uploads\\\/2021\\\/10\\\/CDsantarosateatro45.jpg\",\"keywords\":[\"contrataciones directas\",\"fiesta del teatro\"],\"articleSection\":[\"A - ES NOTICIA (van abajo)\",\"POLITICA\"],\"inLanguage\":\"es\"},{\"@type\":\"WebPage\",\"@id\":\"https:\\\/\\\/diariotextual.com\\\/inicio\\\/index.php\\\/2021\\\/10\\\/14\\\/la-oposicion-rechaza-las-contrataciones-directas-para-la-fiesta-nacional-del-teatro-y-hay-incertidumbre-por-el-evento\\\/\",\"url\":\"https:\\\/\\\/diariotextual.com\\\/inicio\\\/index.php\\\/2021\\\/10\\\/14\\\/la-oposicion-rechaza-las-contrataciones-directas-para-la-fiesta-nacional-del-teatro-y-hay-incertidumbre-por-el-evento\\\/\",\"name\":\"La oposici\u00f3n rechaz\u00f3 las contrataciones directas para la Fiesta Nacional del Teatro - Diario Textual\",\"isPartOf\":{\"@id\":\"https:\\\/\\\/diariotextual.com\\\/inicio\\\/#website\"},\"primaryImageOfPage\":{\"@id\":\"https:\\\/\\\/diariotextual.com\\\/inicio\\\/index.php\\\/2021\\\/10\\\/14\\\/la-oposicion-rechaza-las-contrataciones-directas-para-la-fiesta-nacional-del-teatro-y-hay-incertidumbre-por-el-evento\\\/#primaryimage\"},\"image\":{\"@id\":\"https:\\\/\\\/diariotextual.com\\\/inicio\\\/index.php\\\/2021\\\/10\\\/14\\\/la-oposicion-rechaza-las-contrataciones-directas-para-la-fiesta-nacional-del-teatro-y-hay-incertidumbre-por-el-evento\\\/#primaryimage\"},\"thumbnailUrl\":\"https:\\\/\\\/diariotextual.com\\\/inicio\\\/wp-content\\\/uploads\\\/2021\\\/10\\\/CDsantarosateatro45.jpg\",\"datePublished\":\"2021-10-14T12:06:24+00:00\",\"dateModified\":\"2021-10-14T20:10:44+00:00\",\"breadcrumb\":{\"@id\":\"https:\\\/\\\/diariotextual.com\\\/inicio\\\/index.php\\\/2021\\\/10\\\/14\\\/la-oposicion-rechaza-las-contrataciones-directas-para-la-fiesta-nacional-del-teatro-y-hay-incertidumbre-por-el-evento\\\/#breadcrumb\"},\"inLanguage\":\"es\",\"potentialAction\":[{\"@type\":\"ReadAction\",\"target\":[\"https:\\\/\\\/diariotextual.com\\\/inicio\\\/index.php\\\/2021\\\/10\\\/14\\\/la-oposicion-rechaza-las-contrataciones-directas-para-la-fiesta-nacional-del-teatro-y-hay-incertidumbre-por-el-evento\\\/\"]}]},{\"@type\":\"ImageObject\",\"inLanguage\":\"es\",\"@id\":\"https:\\\/\\\/diariotextual.com\\\/inicio\\\/index.php\\\/2021\\\/10\\\/14\\\/la-oposicion-rechaza-las-contrataciones-directas-para-la-fiesta-nacional-del-teatro-y-hay-incertidumbre-por-el-evento\\\/#primaryimage\",\"url\":\"https:\\\/\\\/diariotextual.com\\\/inicio\\\/wp-content\\\/uploads\\\/2021\\\/10\\\/CDsantarosateatro45.jpg\",\"contentUrl\":\"https:\\\/\\\/diariotextual.com\\\/inicio\\\/wp-content\\\/uploads\\\/2021\\\/10\\\/CDsantarosateatro45.jpg\",\"width\":826,\"height\":507},{\"@type\":\"BreadcrumbList\",\"@id\":\"https:\\\/\\\/diariotextual.com\\\/inicio\\\/index.php\\\/2021\\\/10\\\/14\\\/la-oposicion-rechaza-las-contrataciones-directas-para-la-fiesta-nacional-del-teatro-y-hay-incertidumbre-por-el-evento\\\/#breadcrumb\",\"itemListElement\":[{\"@type\":\"ListItem\",\"position\":1,\"name\":\"Portada\",\"item\":\"https:\\\/\\\/diariotextual.com\\\/inicio\\\/\"},{\"@type\":\"ListItem\",\"position\":2,\"name\":\"La oposici\u00f3n rechaz\u00f3 las contrataciones directas para la Fiesta Nacional del Teatro\"}]},{\"@type\":\"WebSite\",\"@id\":\"https:\\\/\\\/diariotextual.com\\\/inicio\\\/#website\",\"url\":\"https:\\\/\\\/diariotextual.com\\\/inicio\\\/\",\"name\":\"Diario Textual\",\"description\":\"\",\"publisher\":{\"@id\":\"https:\\\/\\\/diariotextual.com\\\/inicio\\\/#organization\"},\"potentialAction\":[{\"@type\":\"SearchAction\",\"target\":{\"@type\":\"EntryPoint\",\"urlTemplate\":\"https:\\\/\\\/diariotextual.com\\\/inicio\\\/?s={search_term_string}\"},\"query-input\":{\"@type\":\"PropertyValueSpecification\",\"valueRequired\":true,\"valueName\":\"search_term_string\"}}],\"inLanguage\":\"es\"},{\"@type\":\"Organization\",\"@id\":\"https:\\\/\\\/diariotextual.com\\\/inicio\\\/#organization\",\"name\":\"Diario Textual\",\"url\":\"https:\\\/\\\/diariotextual.com\\\/inicio\\\/\",\"logo\":{\"@type\":\"ImageObject\",\"inLanguage\":\"es\",\"@id\":\"https:\\\/\\\/diariotextual.com\\\/inicio\\\/#\\\/schema\\\/logo\\\/image\\\/\",\"url\":\"https:\\\/\\\/diariotextual.com\\\/inicio\\\/wp-content\\\/uploads\\\/2023\\\/05\\\/logotextual1.jpg\",\"contentUrl\":\"https:\\\/\\\/diariotextual.com\\\/inicio\\\/wp-content\\\/uploads\\\/2023\\\/05\\\/logotextual1.jpg\",\"width\":516,\"height\":76,\"caption\":\"Diario Textual\"},\"image\":{\"@id\":\"https:\\\/\\\/diariotextual.com\\\/inicio\\\/#\\\/schema\\\/logo\\\/image\\\/\"},\"sameAs\":[\"https:\\\/\\\/www.facebook.com\\\/eltextual\",\"https:\\\/\\\/x.com\\\/eltextual\",\"http:\\\/\\\/www.instagram.com\\\/eltextual\"]},{\"@type\":\"Person\",\"@id\":\"https:\\\/\\\/diariotextual.com\\\/inicio\\\/#\\\/schema\\\/person\\\/c7834961ad8b29b1d9cdbf4571299067\",\"name\":\"diario5\",\"image\":{\"@type\":\"ImageObject\",\"inLanguage\":\"es\",\"@id\":\"https:\\\/\\\/secure.gravatar.com\\\/avatar\\\/948c893b847ca6df68216ead81b63f363408ec9b0f600fefc0641ce78613b111?s=96&d=mm&r=g\",\"url\":\"https:\\\/\\\/secure.gravatar.com\\\/avatar\\\/948c893b847ca6df68216ead81b63f363408ec9b0f600fefc0641ce78613b111?s=96&d=mm&r=g\",\"contentUrl\":\"https:\\\/\\\/secure.gravatar.com\\\/avatar\\\/948c893b847ca6df68216ead81b63f363408ec9b0f600fefc0641ce78613b111?s=96&d=mm&r=g\",\"caption\":\"diario5\"},\"url\":\"https:\\\/\\\/diariotextual.com\\\/inicio\\\/index.php\\\/author\\\/diario5\\\/\"}]}<\/script>\n<!-- \/ Yoast SEO plugin. -->","yoast_head_json":{"title":"La oposici\u00f3n rechaz\u00f3 las contrataciones directas para la Fiesta Nacional del Teatro - Diario Textual","robots":{"index":"index","follow":"follow","max-snippet":"max-snippet:-1","max-image-preview":"max-image-preview:large","max-video-preview":"max-video-preview:-1"},"canonical":"https:\/\/diariotextual.com\/inicio\/index.php\/2021\/10\/14\/la-oposicion-rechaza-las-contrataciones-directas-para-la-fiesta-nacional-del-teatro-y-hay-incertidumbre-por-el-evento\/","og_locale":"es_ES","og_type":"article","og_title":"La oposici\u00f3n rechaz\u00f3 las contrataciones directas para la Fiesta Nacional del Teatro - Diario Textual","og_description":"El concejo deliberante de Santa Rosa rechaz\u00f3 este jueves dos proyectos de ordenanza enviados por el Ejecutivo en los que pidi\u00f3 autorizaci\u00f3n para la contrataci\u00f3n directa de los servicios de&hellip;","og_url":"https:\/\/diariotextual.com\/inicio\/index.php\/2021\/10\/14\/la-oposicion-rechaza-las-contrataciones-directas-para-la-fiesta-nacional-del-teatro-y-hay-incertidumbre-por-el-evento\/","og_site_name":"Diario Textual","article_publisher":"https:\/\/www.facebook.com\/eltextual","article_published_time":"2021-10-14T12:06:24+00:00","article_modified_time":"2021-10-14T20:10:44+00:00","og_image":[{"width":826,"height":507,"url":"https:\/\/diariotextual.com\/inicio\/wp-content\/uploads\/2021\/10\/CDsantarosateatro45.jpg","type":"image\/jpeg"}],"author":"diario5","twitter_card":"summary_large_image","twitter_creator":"@eltextual","twitter_site":"@eltextual","twitter_misc":{"Escrito por":"diario5","Tiempo de lectura":"3 minutos"},"schema":{"@context":"https:\/\/schema.org","@graph":[{"@type":"Article","@id":"https:\/\/diariotextual.com\/inicio\/index.php\/2021\/10\/14\/la-oposicion-rechaza-las-contrataciones-directas-para-la-fiesta-nacional-del-teatro-y-hay-incertidumbre-por-el-evento\/#article","isPartOf":{"@id":"https:\/\/diariotextual.com\/inicio\/index.php\/2021\/10\/14\/la-oposicion-rechaza-las-contrataciones-directas-para-la-fiesta-nacional-del-teatro-y-hay-incertidumbre-por-el-evento\/"},"author":{"name":"diario5","@id":"https:\/\/diariotextual.com\/inicio\/#\/schema\/person\/c7834961ad8b29b1d9cdbf4571299067"},"headline":"La oposici\u00f3n rechaz\u00f3 las contrataciones directas para la Fiesta Nacional del Teatro","datePublished":"2021-10-14T12:06:24+00:00","dateModified":"2021-10-14T20:10:44+00:00","mainEntityOfPage":{"@id":"https:\/\/diariotextual.com\/inicio\/index.php\/2021\/10\/14\/la-oposicion-rechaza-las-contrataciones-directas-para-la-fiesta-nacional-del-teatro-y-hay-incertidumbre-por-el-evento\/"},"wordCount":650,"publisher":{"@id":"https:\/\/diariotextual.com\/inicio\/#organization"},"image":{"@id":"https:\/\/diariotextual.com\/inicio\/index.php\/2021\/10\/14\/la-oposicion-rechaza-las-contrataciones-directas-para-la-fiesta-nacional-del-teatro-y-hay-incertidumbre-por-el-evento\/#primaryimage"},"thumbnailUrl":"https:\/\/diariotextual.com\/inicio\/wp-content\/uploads\/2021\/10\/CDsantarosateatro45.jpg","keywords":["contrataciones directas","fiesta del teatro"],"articleSection":["A - ES NOTICIA (van abajo)","POLITICA"],"inLanguage":"es"},{"@type":"WebPage","@id":"https:\/\/diariotextual.com\/inicio\/index.php\/2021\/10\/14\/la-oposicion-rechaza-las-contrataciones-directas-para-la-fiesta-nacional-del-teatro-y-hay-incertidumbre-por-el-evento\/","url":"https:\/\/diariotextual.com\/inicio\/index.php\/2021\/10\/14\/la-oposicion-rechaza-las-contrataciones-directas-para-la-fiesta-nacional-del-teatro-y-hay-incertidumbre-por-el-evento\/","name":"La oposici\u00f3n rechaz\u00f3 las contrataciones directas para la Fiesta Nacional del Teatro - Diario Textual","isPartOf":{"@id":"https:\/\/diariotextual.com\/inicio\/#website"},"primaryImageOfPage":{"@id":"https:\/\/diariotextual.com\/inicio\/index.php\/2021\/10\/14\/la-oposicion-rechaza-las-contrataciones-directas-para-la-fiesta-nacional-del-teatro-y-hay-incertidumbre-por-el-evento\/#primaryimage"},"image":{"@id":"https:\/\/diariotextual.com\/inicio\/index.php\/2021\/10\/14\/la-oposicion-rechaza-las-contrataciones-directas-para-la-fiesta-nacional-del-teatro-y-hay-incertidumbre-por-el-evento\/#primaryimage"},"thumbnailUrl":"https:\/\/diariotextual.com\/inicio\/wp-content\/uploads\/2021\/10\/CDsantarosateatro45.jpg","datePublished":"2021-10-14T12:06:24+00:00","dateModified":"2021-10-14T20:10:44+00:00","breadcrumb":{"@id":"https:\/\/diariotextual.com\/inicio\/index.php\/2021\/10\/14\/la-oposicion-rechaza-las-contrataciones-directas-para-la-fiesta-nacional-del-teatro-y-hay-incertidumbre-por-el-evento\/#breadcrumb"},"inLanguage":"es","potentialAction":[{"@type":"ReadAction","target":["https:\/\/diariotextual.com\/inicio\/index.php\/2021\/10\/14\/la-oposicion-rechaza-las-contrataciones-directas-para-la-fiesta-nacional-del-teatro-y-hay-incertidumbre-por-el-evento\/"]}]},{"@type":"ImageObject","inLanguage":"es","@id":"https:\/\/diariotextual.com\/inicio\/index.php\/2021\/10\/14\/la-oposicion-rechaza-las-contrataciones-directas-para-la-fiesta-nacional-del-teatro-y-hay-incertidumbre-por-el-evento\/#primaryimage","url":"https:\/\/diariotextual.com\/inicio\/wp-content\/uploads\/2021\/10\/CDsantarosateatro45.jpg","contentUrl":"https:\/\/diariotextual.com\/inicio\/wp-content\/uploads\/2021\/10\/CDsantarosateatro45.jpg","width":826,"height":507},{"@type":"BreadcrumbList","@id":"https:\/\/diariotextual.com\/inicio\/index.php\/2021\/10\/14\/la-oposicion-rechaza-las-contrataciones-directas-para-la-fiesta-nacional-del-teatro-y-hay-incertidumbre-por-el-evento\/#breadcrumb","itemListElement":[{"@type":"ListItem","position":1,"name":"Portada","item":"https:\/\/diariotextual.com\/inicio\/"},{"@type":"ListItem","position":2,"name":"La oposici\u00f3n rechaz\u00f3 las contrataciones directas para la Fiesta Nacional del Teatro"}]},{"@type":"WebSite","@id":"https:\/\/diariotextual.com\/inicio\/#website","url":"https:\/\/diariotextual.com\/inicio\/","name":"Diario Textual","description":"","publisher":{"@id":"https:\/\/diariotextual.com\/inicio\/#organization"},"potentialAction":[{"@type":"SearchAction","target":{"@type":"EntryPoint","urlTemplate":"https:\/\/diariotextual.com\/inicio\/?s={search_term_string}"},"query-input":{"@type":"PropertyValueSpecification","valueRequired":true,"valueName":"search_term_string"}}],"inLanguage":"es"},{"@type":"Organization","@id":"https:\/\/diariotextual.com\/inicio\/#organization","name":"Diario Textual","url":"https:\/\/diariotextual.com\/inicio\/","logo":{"@type":"ImageObject","inLanguage":"es","@id":"https:\/\/diariotextual.com\/inicio\/#\/schema\/logo\/image\/","url":"https:\/\/diariotextual.com\/inicio\/wp-content\/uploads\/2023\/05\/logotextual1.jpg","contentUrl":"https:\/\/diariotextual.com\/inicio\/wp-content\/uploads\/2023\/05\/logotextual1.jpg","width":516,"height":76,"caption":"Diario Textual"},"image":{"@id":"https:\/\/diariotextual.com\/inicio\/#\/schema\/logo\/image\/"},"sameAs":["https:\/\/www.facebook.com\/eltextual","https:\/\/x.com\/eltextual","http:\/\/www.instagram.com\/eltextual"]},{"@type":"Person","@id":"https:\/\/diariotextual.com\/inicio\/#\/schema\/person\/c7834961ad8b29b1d9cdbf4571299067","name":"diario5","image":{"@type":"ImageObject","inLanguage":"es","@id":"https:\/\/secure.gravatar.com\/avatar\/948c893b847ca6df68216ead81b63f363408ec9b0f600fefc0641ce78613b111?s=96&d=mm&r=g","url":"https:\/\/secure.gravatar.com\/avatar\/948c893b847ca6df68216ead81b63f363408ec9b0f600fefc0641ce78613b111?s=96&d=mm&r=g","contentUrl":"https:\/\/secure.gravatar.com\/avatar\/948c893b847ca6df68216ead81b63f363408ec9b0f600fefc0641ce78613b111?s=96&d=mm&r=g","caption":"diario5"},"url":"https:\/\/diariotextual.com\/inicio\/index.php\/author\/diario5\/"}]}},"_links":{"self":[{"href":"https:\/\/diariotextual.com\/inicio\/index.php\/wp-json\/wp\/v2\/posts\/165044","targetHints":{"allow":["GET"]}}],"collection":[{"href":"https:\/\/diariotextual.com\/inicio\/index.php\/wp-json\/wp\/v2\/posts"}],"about":[{"href":"https:\/\/diariotextual.com\/inicio\/index.php\/wp-json\/wp\/v2\/types\/post"}],"author":[{"embeddable":true,"href":"https:\/\/diariotextual.com\/inicio\/index.php\/wp-json\/wp\/v2\/users\/7"}],"replies":[{"embeddable":true,"href":"https:\/\/diariotextual.com\/inicio\/index.php\/wp-json\/wp\/v2\/comments?post=165044"}],"version-history":[{"count":12,"href":"https:\/\/diariotextual.com\/inicio\/index.php\/wp-json\/wp\/v2\/posts\/165044\/revisions"}],"predecessor-version":[{"id":165150,"href":"https:\/\/diariotextual.com\/inicio\/index.php\/wp-json\/wp\/v2\/posts\/165044\/revisions\/165150"}],"wp:featuredmedia":[{"embeddable":true,"href":"https:\/\/diariotextual.com\/inicio\/index.php\/wp-json\/wp\/v2\/media\/165065"}],"wp:attachment":[{"href":"https:\/\/diariotextual.com\/inicio\/index.php\/wp-json\/wp\/v2\/media?parent=165044"}],"wp:term":[{"taxonomy":"category","embeddable":true,"href":"https:\/\/diariotextual.com\/inicio\/index.php\/wp-json\/wp\/v2\/categories?post=165044"},{"taxonomy":"post_tag","embeddable":true,"href":"https:\/\/diariotextual.com\/inicio\/index.php\/wp-json\/wp\/v2\/tags?post=165044"}],"curies":[{"name":"wp","href":"https:\/\/api.w.org\/{rel}","templated":true}]}}